{"id":23055,"date":"2025-04-24T01:49:50","date_gmt":"2025-04-23T23:49:50","guid":{"rendered":"https:\/\/footdavant.fr\/actualites\/manchester-united-na-plus-de-patience-avec-dan-gore-de-lacademie-malchanceuse-qui-pourrait-etre-vendu-en-ete-man-united-news-and-transfer-news\/"},"modified":"2025-04-24T01:49:52","modified_gmt":"2025-04-23T23:49:52","slug":"manchester-united-na-plus-de-patience-avec-dan-gore-de-lacademie-malchanceuse-qui-pourrait-etre-vendu-en-ete-man-united-news-and-transfer-news","status":"publish","type":"post","link":"https:\/\/footdavant.fr\/actualites\/manchester-united-na-plus-de-patience-avec-dan-gore-de-lacademie-malchanceuse-qui-pourrait-etre-vendu-en-ete-man-united-news-and-transfer-news\/","title":{"rendered":"Manchester United n&#39;a plus de patience avec Dan Gore de l&#39;Acad\u00e9mie malchanceuse qui pourrait \u00eatre vendu en \u00e9t\u00e9 &#8211; Man United News and Transfer News"},"content":{"rendered":"<div id=\"penci-post-entry-inner\">\n<p>\t\t\t<i class=\"penci-post-countview-number-check\" style=\"display:none\">2<\/i><\/p>\n<p><!--Article Start--><br \/>Manchester United est le prochain dans l&#39;action en Premier League contre Bournemouth dimanche et Ruben Amorim devrait tourner fortement \u00e0 l&#39;esprit la prochaine demi-finale de la Ligue Europa.<\/p>\n<p>Tout comme Tyler Fredricson a obtenu ses d\u00e9buts seniors et Harry Amass a remport\u00e9 des d\u00e9parts cons\u00e9cutifs de la ligue, plus d&#39;opportunit\u00e9s sont attendues pour les dipl\u00f4m\u00e9s de l&#39;Acad\u00e9mie.<\/p>\n<p>Mercredi, l&#39;entra\u00eeneur-chef a appel\u00e9 cinq jeunes dont deux \u00e9taient de nouveaux noms &#8211; Zach Baumann et Dan Gore. Le dernier est toujours en pr\u00eat techniquement \u00e0 Rotherham United, qu&#39;il a rejoint en janvier.<\/p>\n<p>Le joueur de 20 ans a \u00e9t\u00e9 d\u00e9sesp\u00e9r\u00e9ment malchanceux avec des blessures, ayant \u00e0 raccourcir son pr\u00eat avec les Millers apr\u00e8s un seul match de la ligue un.<\/p>\n<h5>Le mauvais dossier de blessure de Gore<\/h5>\n<p>Soit dit en passant, son pr\u00e9c\u00e9dent pr\u00eat \u00e0 Port Vale s&#39;est termin\u00e9 dans des circonstances similaires avec le dipl\u00f4m\u00e9 de Carrington qui g\u00e8re une comparution solitaire avant de retourner \u00e0 Manchester apr\u00e8s avoir fait une blessure.<\/p>\n<p>L&#39;Angleterre U20 International devrait retourner \u00e0 Rotherham pour leurs deux derniers matchs, mais avant cela, Amorim l&#39;a appel\u00e9 pour une formation en \u00e9quipe senior.<\/p>\n<blockquote class=\"twitter-tweet\" data-width=\"550\" data-dnt=\"true\">\n<p lang=\"en\" dir=\"ltr\">C&#39;\u00e9tait super de revoir Dan Gore \u00e0 l&#39;entra\u00eenement ce matin \ud83d\ude4c<a rel=\"nofollow\" href=\"https:\/\/twitter.com\/hashtag\/MUFC?src=hash&amp;ref_src=twsrc%5Etfw\">#Mufc<\/a> <a rel=\"nofollow\" href=\"https:\/\/t.co\/klbo2hcQC7\">pic.twitter.com\/klbo2hcqc7<\/a><\/p>\n<p>&#8211; Manchester United (@manutd) <a rel=\"nofollow\" href=\"https:\/\/twitter.com\/ManUtd\/status\/1915088216526401606?ref_src=twsrc%5Etfw\">23 avril 2025<\/a><\/p>\n<\/blockquote>\n<p>Gore a d\u00e9j\u00e0 jou\u00e9 deux fois pour l&#39;\u00e9quipe senior unie l&#39;ann\u00e9e derni\u00e8re, devenant la 247e star de l&#39;Acad\u00e9mie \u00e0 faire son arc senior, \u00e0 l&#39;\u00e9poque o\u00f9 Erik Ten Hag \u00e9tait patron.<\/p>\n<p>Il a fait une apparition en Premier League et un en Coupe Carabao. Cependant, \u00e9tant donn\u00e9 sa terrible chance avec les blessures, Fourfourtwo a affirm\u00e9 que les Red Devils cherchaient \u00e0 le d\u00e9placer en permanence en \u00e9t\u00e9.<\/p>\n<p>\u00abDan Gore, qui a rejoint Rotherham United en pr\u00eat plus t\u00f4t cette saison, a \u00e9t\u00e9 rep\u00e9r\u00e9 en participant \u00e0 l&#39;entra\u00eenement et a rejoint de grands noms tels que Rasmus Hojlund, Mason Mount et Bruno Fernandes lors de la session.<\/p>\n<h5>United n&#39;a plus de patience<\/h5>\n<p>\u00abLe joueur de 20 ans est revenu de son pr\u00eat avec les Millers apr\u00e8s avoir fait une blessure au pied. Fourfourtwo comprend que les Red Devils cherchent \u00e0 pr\u00eater, voire \u00e0 vendre Gore, pendant la fen\u00eatre de transfert d&#39;\u00e9t\u00e9.\u00bb<\/p>\n<p>L&#39;accord actuel de Mancunian est valable jusqu&#39;en 2026 et il a une valeur marchande de pr\u00e8s de 1 million d&#39;euros et cela comptera comme un b\u00e9n\u00e9fice pur en raison de son statut local.<\/p>\n<p>Une autre sortie de pr\u00eat n&#39;a pas de sens \u00e9tant donn\u00e9 les ant\u00e9c\u00e9dents de Gore. Les clubs Lower League EFL devraient \u00eatre pr\u00eats \u00e0 prendre un bott\u00e9 de d\u00e9gagement sur le \u00abbrillant\u00bb Wonderkid tandis que l\u00e0, il y avait de mani\u00e8re surprenante, il y avait un int\u00e9r\u00eat du Borussia Dortmund dans le pass\u00e9.<\/p>\n<p>Peut-\u00eatre que INEOS comprendra une clause de rachat ou de vente dans ce cas pour maximiser les b\u00e9n\u00e9fices comme ils l&#39;ont fait avec de nombreux d\u00e9penses r\u00e9centes.<\/p>\n<hr>\n<p>Suivez-nous sur bluesky: @ PeopleSerson.bsky.social<br \/><!--Article End--><\/p>\n<p><!-- CONTENT END 3 --><\/p><\/div>\n<p><script async src=\"https:\/\/platform.twitter.com\/widgets.js\" charset=\"utf-8\"><\/script><\/p>\n","protected":false},"excerpt":{"rendered":"<p>2 Manchester United est le prochain dans l&#39;action en Premier League contre Bournemouth dimanche et Ruben Amorim devrait tourner fortement \u00e0 l&#39;esprit la prochaine demi-finale<\/p>\n","protected":false},"author":1,"featured_media":23056,"comment_status":"closed","ping_status":"","sticky":false,"template":"","format":"standard","meta":{"footnotes":""},"categories":[3],"tags":[91,3283,776,270,3176,4386,8987,24,11,4238,409,6672,269,243,2732,13,6381],"yoast_head":"<!-- This site is optimized with the Yoast SEO plugin v21.0 - https:\/\/yoast.com\/wordpress\/plugins\/seo\/ -->\n<title>Manchester United n&#039;a plus de patience avec Dan Gore de l&#039;Acad\u00e9mie malchanceuse qui pourrait \u00eatre vendu en \u00e9t\u00e9 - Man United News and Transfer News<\/title>\n<meta name=\"robots\" content=\"index, follow, max-snippet:-1, max-image-preview:large, max-video-preview:-1\" \/>\n<link rel=\"canonical\" href=\"https:\/\/footdavant.fr\/actualites\/manchester-united-na-plus-de-patience-avec-dan-gore-de-lacademie-malchanceuse-qui-pourrait-etre-vendu-en-ete-man-united-news-and-transfer-news\/\" \/>\n<meta property=\"og:locale\" content=\"fr_FR\" \/>\n<meta property=\"og:type\" content=\"article\" \/>\n<meta property=\"og:title\" content=\"Manchester United n&#039;a plus de patience avec Dan Gore de l&#039;Acad\u00e9mie malchanceuse qui pourrait \u00eatre vendu en \u00e9t\u00e9 - Man United News and Transfer News\" \/>\n<meta property=\"og:description\" content=\"2 Manchester United est le prochain dans l&#039;action en Premier League contre Bournemouth dimanche et Ruben Amorim devrait tourner fortement \u00e0 l&#039;esprit la prochaine demi-finale\" \/>\n<meta property=\"og:url\" content=\"https:\/\/footdavant.fr\/actualites\/manchester-united-na-plus-de-patience-avec-dan-gore-de-lacademie-malchanceuse-qui-pourrait-etre-vendu-en-ete-man-united-news-and-transfer-news\/\" \/>\n<meta property=\"og:site_name\" content=\"Foot d&#039;avant\" \/>\n<meta property=\"article:publisher\" content=\"https:\/\/www.facebook.com\/Footdavant\/\" \/>\n<meta property=\"article:published_time\" content=\"2025-04-23T23:49:50+00:00\" \/>\n<meta property=\"article:modified_time\" content=\"2025-04-23T23:49:52+00:00\" \/>\n<meta property=\"og:image\" content=\"https:\/\/footdavant.fr\/actualites\/wp-content\/uploads\/2025\/04\/Manchester-United-n39a-plus-de-patience-avec-Dan-Gore-de.jpg\" \/>\n\t<meta property=\"og:image:width\" content=\"1600\" \/>\n\t<meta property=\"og:image:height\" content=\"701\" \/>\n\t<meta property=\"og:image:type\" content=\"image\/jpeg\" \/>\n<meta name=\"author\" content=\"Cl\u00e9ment\" \/>\n<meta name=\"twitter:card\" content=\"summary_large_image\" \/>\n<meta name=\"twitter:creator\" content=\"@FootdavantFr\" \/>\n<meta name=\"twitter:site\" content=\"@FootdavantFr\" \/>\n<meta name=\"twitter:label1\" content=\"\u00c9crit par\" \/>\n\t<meta name=\"twitter:data1\" content=\"Cl\u00e9ment\" \/>\n\t<meta name=\"twitter:label2\" content=\"Dur\u00e9e de lecture estim\u00e9e\" \/>\n\t<meta name=\"twitter:data2\" content=\"3 minutes\" \/>\n<script type=\"application\/ld+json\" class=\"yoast-schema-graph\">{\"@context\":\"https:\/\/schema.org\",\"@graph\":[{\"@type\":\"Article\",\"@id\":\"https:\/\/footdavant.fr\/actualites\/manchester-united-na-plus-de-patience-avec-dan-gore-de-lacademie-malchanceuse-qui-pourrait-etre-vendu-en-ete-man-united-news-and-transfer-news\/#article\",\"isPartOf\":{\"@id\":\"https:\/\/footdavant.fr\/actualites\/manchester-united-na-plus-de-patience-avec-dan-gore-de-lacademie-malchanceuse-qui-pourrait-etre-vendu-en-ete-man-united-news-and-transfer-news\/\"},\"author\":{\"name\":\"Cl\u00e9ment\",\"@id\":\"https:\/\/footdavant.fr\/actualites\/#\/schema\/person\/bc222566d95871b37e597b3ed3ba5e1d\"},\"headline\":\"Manchester United n&#39;a plus de patience avec Dan Gore de l&#39;Acad\u00e9mie malchanceuse qui pourrait \u00eatre vendu en \u00e9t\u00e9 &#8211; Man United News and Transfer News\",\"datePublished\":\"2025-04-23T23:49:50+00:00\",\"dateModified\":\"2025-04-23T23:49:52+00:00\",\"mainEntityOfPage\":{\"@id\":\"https:\/\/footdavant.fr\/actualites\/manchester-united-na-plus-de-patience-avec-dan-gore-de-lacademie-malchanceuse-qui-pourrait-etre-vendu-en-ete-man-united-news-and-transfer-news\/\"},\"wordCount\":559,\"publisher\":{\"@id\":\"https:\/\/footdavant.fr\/actualites\/#organization\"},\"keywords\":[\"avec\",\"Dan\",\"\u00e9t\u00e9\",\"\u00eatre\",\"Gore\",\"l39acad\u00e9mie\",\"malchanceuse\",\"Man\",\"Manchester\",\"n39a\",\"News\",\"patience\",\"pourrait\",\"qui\",\"Transfer\",\"United\",\"vendu\"],\"articleSection\":[\"Football\"],\"inLanguage\":\"fr-FR\"},{\"@type\":\"WebPage\",\"@id\":\"https:\/\/footdavant.fr\/actualites\/manchester-united-na-plus-de-patience-avec-dan-gore-de-lacademie-malchanceuse-qui-pourrait-etre-vendu-en-ete-man-united-news-and-transfer-news\/\",\"url\":\"https:\/\/footdavant.fr\/actualites\/manchester-united-na-plus-de-patience-avec-dan-gore-de-lacademie-malchanceuse-qui-pourrait-etre-vendu-en-ete-man-united-news-and-transfer-news\/\",\"name\":\"Manchester United n&#39;a plus de patience avec Dan Gore de l&#39;Acad\u00e9mie malchanceuse qui pourrait \u00eatre vendu en \u00e9t\u00e9 - Man United News and Transfer News\",\"isPartOf\":{\"@id\":\"https:\/\/footdavant.fr\/actualites\/#website\"},\"datePublished\":\"2025-04-23T23:49:50+00:00\",\"dateModified\":\"2025-04-23T23:49:52+00:00\",\"breadcrumb\":{\"@id\":\"https:\/\/footdavant.fr\/actualites\/manchester-united-na-plus-de-patience-avec-dan-gore-de-lacademie-malchanceuse-qui-pourrait-etre-vendu-en-ete-man-united-news-and-transfer-news\/#breadcrumb\"},\"inLanguage\":\"fr-FR\",\"potentialAction\":[{\"@type\":\"ReadAction\",\"target\":[\"https:\/\/footdavant.fr\/actualites\/manchester-united-na-plus-de-patience-avec-dan-gore-de-lacademie-malchanceuse-qui-pourrait-etre-vendu-en-ete-man-united-news-and-transfer-news\/\"]}]},{\"@type\":\"BreadcrumbList\",\"@id\":\"https:\/\/footdavant.fr\/actualites\/manchester-united-na-plus-de-patience-avec-dan-gore-de-lacademie-malchanceuse-qui-pourrait-etre-vendu-en-ete-man-united-news-and-transfer-news\/#breadcrumb\",\"itemListElement\":[{\"@type\":\"ListItem\",\"position\":1,\"name\":\"Accueil\",\"item\":\"https:\/\/footdavant.fr\/actualites\/\"},{\"@type\":\"ListItem\",\"position\":2,\"name\":\"Manchester United n&#39;a plus de patience avec Dan Gore de l&#39;Acad\u00e9mie malchanceuse qui pourrait \u00eatre vendu en \u00e9t\u00e9 &#8211; Man United News and Transfer News\"}]},{\"@type\":\"WebSite\",\"@id\":\"https:\/\/footdavant.fr\/actualites\/#website\",\"url\":\"https:\/\/footdavant.fr\/actualites\/\",\"name\":\"Foot d'avant\",\"description\":\"\",\"publisher\":{\"@id\":\"https:\/\/footdavant.fr\/actualites\/#organization\"},\"potentialAction\":[{\"@type\":\"SearchAction\",\"target\":{\"@type\":\"EntryPoint\",\"urlTemplate\":\"https:\/\/footdavant.fr\/actualites\/?s={search_term_string}\"},\"query-input\":\"required name=search_term_string\"}],\"inLanguage\":\"fr-FR\"},{\"@type\":\"Organization\",\"@id\":\"https:\/\/footdavant.fr\/actualites\/#organization\",\"name\":\"Foot d'avant\",\"url\":\"https:\/\/footdavant.fr\/actualites\/\",\"logo\":{\"@type\":\"ImageObject\",\"inLanguage\":\"fr-FR\",\"@id\":\"https:\/\/footdavant.fr\/actualites\/#\/schema\/logo\/image\/\",\"url\":\"https:\/\/footdavant.fr\/actualites\/wp-content\/uploads\/2023\/09\/Copy-of-FootDavant-Logo.png\",\"contentUrl\":\"https:\/\/footdavant.fr\/actualites\/wp-content\/uploads\/2023\/09\/Copy-of-FootDavant-Logo.png\",\"width\":936,\"height\":549,\"caption\":\"Foot d'avant\"},\"image\":{\"@id\":\"https:\/\/footdavant.fr\/actualites\/#\/schema\/logo\/image\/\"},\"sameAs\":[\"https:\/\/www.facebook.com\/Footdavant\/\",\"https:\/\/twitter.com\/FootdavantFr\",\"https:\/\/www.instagram.com\/footdavant.fr\/\"]},{\"@type\":\"Person\",\"@id\":\"https:\/\/footdavant.fr\/actualites\/#\/schema\/person\/bc222566d95871b37e597b3ed3ba5e1d\",\"name\":\"Cl\u00e9ment\",\"image\":{\"@type\":\"ImageObject\",\"inLanguage\":\"fr-FR\",\"@id\":\"https:\/\/footdavant.fr\/actualites\/#\/schema\/person\/image\/\",\"url\":\"https:\/\/secure.gravatar.com\/avatar\/7728b29aac2719421e1a9159b2254c44?s=96&d=mm&r=g\",\"contentUrl\":\"https:\/\/secure.gravatar.com\/avatar\/7728b29aac2719421e1a9159b2254c44?s=96&d=mm&r=g\",\"caption\":\"Cl\u00e9ment\"},\"sameAs\":[\"https:\/\/footdavant.fr\/\"]}]}<\/script>\n<!-- \/ Yoast SEO plugin. -->","yoast_head_json":{"title":"Manchester United n&#39;a plus de patience avec Dan Gore de l&#39;Acad\u00e9mie malchanceuse qui pourrait \u00eatre vendu en \u00e9t\u00e9 - Man United News and Transfer News","robots":{"index":"index","follow":"follow","max-snippet":"max-snippet:-1","max-image-preview":"max-image-preview:large","max-video-preview":"max-video-preview:-1"},"canonical":"https:\/\/footdavant.fr\/actualites\/manchester-united-na-plus-de-patience-avec-dan-gore-de-lacademie-malchanceuse-qui-pourrait-etre-vendu-en-ete-man-united-news-and-transfer-news\/","og_locale":"fr_FR","og_type":"article","og_title":"Manchester United n&#39;a plus de patience avec Dan Gore de l&#39;Acad\u00e9mie malchanceuse qui pourrait \u00eatre vendu en \u00e9t\u00e9 - Man United News and Transfer News","og_description":"2 Manchester United est le prochain dans l&#39;action en Premier League contre Bournemouth dimanche et Ruben Amorim devrait tourner fortement \u00e0 l&#39;esprit la prochaine demi-finale","og_url":"https:\/\/footdavant.fr\/actualites\/manchester-united-na-plus-de-patience-avec-dan-gore-de-lacademie-malchanceuse-qui-pourrait-etre-vendu-en-ete-man-united-news-and-transfer-news\/","og_site_name":"Foot d&#039;avant","article_publisher":"https:\/\/www.facebook.com\/Footdavant\/","article_published_time":"2025-04-23T23:49:50+00:00","article_modified_time":"2025-04-23T23:49:52+00:00","og_image":[{"width":1600,"height":701,"url":"https:\/\/footdavant.fr\/actualites\/wp-content\/uploads\/2025\/04\/Manchester-United-n39a-plus-de-patience-avec-Dan-Gore-de.jpg","type":"image\/jpeg"}],"author":"Cl\u00e9ment","twitter_card":"summary_large_image","twitter_creator":"@FootdavantFr","twitter_site":"@FootdavantFr","twitter_misc":{"\u00c9crit par":"Cl\u00e9ment","Dur\u00e9e de lecture estim\u00e9e":"3 minutes"},"schema":{"@context":"https:\/\/schema.org","@graph":[{"@type":"Article","@id":"https:\/\/footdavant.fr\/actualites\/manchester-united-na-plus-de-patience-avec-dan-gore-de-lacademie-malchanceuse-qui-pourrait-etre-vendu-en-ete-man-united-news-and-transfer-news\/#article","isPartOf":{"@id":"https:\/\/footdavant.fr\/actualites\/manchester-united-na-plus-de-patience-avec-dan-gore-de-lacademie-malchanceuse-qui-pourrait-etre-vendu-en-ete-man-united-news-and-transfer-news\/"},"author":{"name":"Cl\u00e9ment","@id":"https:\/\/footdavant.fr\/actualites\/#\/schema\/person\/bc222566d95871b37e597b3ed3ba5e1d"},"headline":"Manchester United n&#39;a plus de patience avec Dan Gore de l&#39;Acad\u00e9mie malchanceuse qui pourrait \u00eatre vendu en \u00e9t\u00e9 &#8211; Man United News and Transfer News","datePublished":"2025-04-23T23:49:50+00:00","dateModified":"2025-04-23T23:49:52+00:00","mainEntityOfPage":{"@id":"https:\/\/footdavant.fr\/actualites\/manchester-united-na-plus-de-patience-avec-dan-gore-de-lacademie-malchanceuse-qui-pourrait-etre-vendu-en-ete-man-united-news-and-transfer-news\/"},"wordCount":559,"publisher":{"@id":"https:\/\/footdavant.fr\/actualites\/#organization"},"keywords":["avec","Dan","\u00e9t\u00e9","\u00eatre","Gore","l39acad\u00e9mie","malchanceuse","Man","Manchester","n39a","News","patience","pourrait","qui","Transfer","United","vendu"],"articleSection":["Football"],"inLanguage":"fr-FR"},{"@type":"WebPage","@id":"https:\/\/footdavant.fr\/actualites\/manchester-united-na-plus-de-patience-avec-dan-gore-de-lacademie-malchanceuse-qui-pourrait-etre-vendu-en-ete-man-united-news-and-transfer-news\/","url":"https:\/\/footdavant.fr\/actualites\/manchester-united-na-plus-de-patience-avec-dan-gore-de-lacademie-malchanceuse-qui-pourrait-etre-vendu-en-ete-man-united-news-and-transfer-news\/","name":"Manchester United n&#39;a plus de patience avec Dan Gore de l&#39;Acad\u00e9mie malchanceuse qui pourrait \u00eatre vendu en \u00e9t\u00e9 - Man United News and Transfer News","isPartOf":{"@id":"https:\/\/footdavant.fr\/actualites\/#website"},"datePublished":"2025-04-23T23:49:50+00:00","dateModified":"2025-04-23T23:49:52+00:00","breadcrumb":{"@id":"https:\/\/footdavant.fr\/actualites\/manchester-united-na-plus-de-patience-avec-dan-gore-de-lacademie-malchanceuse-qui-pourrait-etre-vendu-en-ete-man-united-news-and-transfer-news\/#breadcrumb"},"inLanguage":"fr-FR","potentialAction":[{"@type":"ReadAction","target":["https:\/\/footdavant.fr\/actualites\/manchester-united-na-plus-de-patience-avec-dan-gore-de-lacademie-malchanceuse-qui-pourrait-etre-vendu-en-ete-man-united-news-and-transfer-news\/"]}]},{"@type":"BreadcrumbList","@id":"https:\/\/footdavant.fr\/actualites\/manchester-united-na-plus-de-patience-avec-dan-gore-de-lacademie-malchanceuse-qui-pourrait-etre-vendu-en-ete-man-united-news-and-transfer-news\/#breadcrumb","itemListElement":[{"@type":"ListItem","position":1,"name":"Accueil","item":"https:\/\/footdavant.fr\/actualites\/"},{"@type":"ListItem","position":2,"name":"Manchester United n&#39;a plus de patience avec Dan Gore de l&#39;Acad\u00e9mie malchanceuse qui pourrait \u00eatre vendu en \u00e9t\u00e9 &#8211; Man United News and Transfer News"}]},{"@type":"WebSite","@id":"https:\/\/footdavant.fr\/actualites\/#website","url":"https:\/\/footdavant.fr\/actualites\/","name":"Foot d'avant","description":"","publisher":{"@id":"https:\/\/footdavant.fr\/actualites\/#organization"},"potentialAction":[{"@type":"SearchAction","target":{"@type":"EntryPoint","urlTemplate":"https:\/\/footdavant.fr\/actualites\/?s={search_term_string}"},"query-input":"required name=search_term_string"}],"inLanguage":"fr-FR"},{"@type":"Organization","@id":"https:\/\/footdavant.fr\/actualites\/#organization","name":"Foot d'avant","url":"https:\/\/footdavant.fr\/actualites\/","logo":{"@type":"ImageObject","inLanguage":"fr-FR","@id":"https:\/\/footdavant.fr\/actualites\/#\/schema\/logo\/image\/","url":"https:\/\/footdavant.fr\/actualites\/wp-content\/uploads\/2023\/09\/Copy-of-FootDavant-Logo.png","contentUrl":"https:\/\/footdavant.fr\/actualites\/wp-content\/uploads\/2023\/09\/Copy-of-FootDavant-Logo.png","width":936,"height":549,"caption":"Foot d'avant"},"image":{"@id":"https:\/\/footdavant.fr\/actualites\/#\/schema\/logo\/image\/"},"sameAs":["https:\/\/www.facebook.com\/Footdavant\/","https:\/\/twitter.com\/FootdavantFr","https:\/\/www.instagram.com\/footdavant.fr\/"]},{"@type":"Person","@id":"https:\/\/footdavant.fr\/actualites\/#\/schema\/person\/bc222566d95871b37e597b3ed3ba5e1d","name":"Cl\u00e9ment","image":{"@type":"ImageObject","inLanguage":"fr-FR","@id":"https:\/\/footdavant.fr\/actualites\/#\/schema\/person\/image\/","url":"https:\/\/secure.gravatar.com\/avatar\/7728b29aac2719421e1a9159b2254c44?s=96&d=mm&r=g","contentUrl":"https:\/\/secure.gravatar.com\/avatar\/7728b29aac2719421e1a9159b2254c44?s=96&d=mm&r=g","caption":"Cl\u00e9ment"},"sameAs":["https:\/\/footdavant.fr\/"]}]}},"_links":{"self":[{"href":"https:\/\/footdavant.fr\/actualites\/wp-json\/wp\/v2\/posts\/23055"}],"collection":[{"href":"https:\/\/footdavant.fr\/actualites\/wp-json\/wp\/v2\/posts"}],"about":[{"href":"https:\/\/footdavant.fr\/actualites\/wp-json\/wp\/v2\/types\/post"}],"author":[{"embeddable":true,"href":"https:\/\/footdavant.fr\/actualites\/wp-json\/wp\/v2\/users\/1"}],"replies":[{"embeddable":true,"href":"https:\/\/footdavant.fr\/actualites\/wp-json\/wp\/v2\/comments?post=23055"}],"version-history":[{"count":1,"href":"https:\/\/footdavant.fr\/actualites\/wp-json\/wp\/v2\/posts\/23055\/revisions"}],"predecessor-version":[{"id":23057,"href":"https:\/\/footdavant.fr\/actualites\/wp-json\/wp\/v2\/posts\/23055\/revisions\/23057"}],"wp:featuredmedia":[{"embeddable":true,"href":"https:\/\/footdavant.fr\/actualites\/wp-json\/wp\/v2\/media\/23056"}],"wp:attachment":[{"href":"https:\/\/footdavant.fr\/actualites\/wp-json\/wp\/v2\/media?parent=23055"}],"wp:term":[{"taxonomy":"category","embeddable":true,"href":"https:\/\/footdavant.fr\/actualites\/wp-json\/wp\/v2\/categories?post=23055"},{"taxonomy":"post_tag","embeddable":true,"href":"https:\/\/footdavant.fr\/actualites\/wp-json\/wp\/v2\/tags?post=23055"}],"curies":[{"name":"wp","href":"https:\/\/api.w.org\/{rel}","templated":true}]}}