{"id":23058,"date":"2025-04-24T03:48:19","date_gmt":"2025-04-24T01:48:19","guid":{"rendered":"https:\/\/footdavant.fr\/actualites\/chelsea-blessure-liste-de-suspension-et-dates-de-retour-pour-fulham-romeo-lavia-marc-guiu-mises-a-jour\/"},"modified":"2025-04-24T03:48:20","modified_gmt":"2025-04-24T01:48:20","slug":"chelsea-blessure-liste-de-suspension-et-dates-de-retour-pour-fulham-romeo-lavia-marc-guiu-mises-a-jour","status":"publish","type":"post","link":"https:\/\/footdavant.fr\/actualites\/chelsea-blessure-liste-de-suspension-et-dates-de-retour-pour-fulham-romeo-lavia-marc-guiu-mises-a-jour\/","title":{"rendered":"Chelsea blessure, liste de suspension et dates de retour pour Fulham: Rom\u00e9o Lavia, Marc Guiu Mises \u00e0 jour"},"content":{"rendered":"<p>Sports Mole rassemble toutes les derni\u00e8res nouvelles de Chelsea pour les blessures et les suspensions avant le match de Premier League de dimanche aux voisins de l&#39;ouest de Londres Fulham.<\/p>\n<div id=\"article_body\" itemprop=\"articleBody\">\n<p class=\"firstPara\"><strong class=\"autotag\">Ch\u00e9lat<\/strong> sont de retour en action dimanche apr\u00e8s-midi lorsqu&#39;ils s&#39;affrontent contre <strong class=\"autotag\">Fulham<\/strong> en Premier League.<\/p>\n<p>Les Blues chercheront \u00e0 rebondir \u00e0 partir de deux r\u00e9sultats lugubres \u00e0 Stamford Bridge, en train de tirer 2-2 avec la ville d&#39;Ipswich menac\u00e9e par la rel\u00e9gation avant <strong>perdre 2-1 contre Legia Varsovie<\/strong> dans la ligue de la conf\u00e9rence jeudi.<\/p>\n<p>Bien que <strong class=\"autotag\">Enzo Maresca<\/strong>Le c\u00f4t\u00e9 \u00e9tait toujours en mesure de progresser vers les demi-finales, l&#39;italien subit une pression croissante avant la visite de Craven Cottage.<\/p>\n<p>Ici, <strong>Taupe de sport<\/strong> Arrondit les informations sur les blessures et les suspensions de Chelsea avant le court voyage sur la route du roi.<\/p>\n<hr>\n<p class=\"imgI\">\n<p><strong>Statut:<\/strong> Dehors<br \/><strong>Type de blessure:<\/strong> Cuisse<br \/><strong>Date de retour possible:<\/strong> La saison suivante<\/p>\n<p>Enzo Maresca a confirm\u00e9 que Wesley Fofana sera mis \u00e0 l&#39;\u00e9cart pour le reste de la saison en raison de son dernier probl\u00e8me de fitness, cette fois une autre blessure aux ischio-jambiers.<\/p>\n<hr>\n<p class=\"imgI\"><img decoding=\"async\" loading=\"lazy\" class=\"l\" src=\"https:\/\/footdavant.fr\/actualites\/wp-content\/uploads\/2025\/04\/1745459299_253_Chelsea-blessure-liste-de-suspension-et-dates-de-retour-pour.jpg\" title=\"Le milieu de terrain de Chelsea Romeo Lavia en ao\u00fbt 2024.\" alt=\"Le milieu de terrain de Chelsea Romeo Lavia en ao\u00fbt 2024.\" width=\"640\" height=\"480\"><\/p>\n<p><strong>Statut:<\/strong> Doute mineur<br \/><strong>Type de blessure:<\/strong> Muscle<br \/><strong>Date de retour possible:<\/strong> 20 avril (contre Fulham)<\/p>\n<p>Alors que Romeo Lavia n&#39;a fait qu&#39;une seule apparition depuis la mi-janvier, il a depuis fait son retour \u00e0 la formation compl\u00e8te cette semaine. \u00c0 condition qu&#39;il n&#39;y ait pas d&#39;autres probl\u00e8mes, l&#39;international belge pourrait figurer sur le banc des rempla\u00e7ants.<\/p>\n<hr>\n<p class=\"imgI\"><img decoding=\"async\" loading=\"lazy\" class=\"l\" src=\"https:\/\/footdavant.fr\/actualites\/wp-content\/uploads\/2025\/04\/1745459299_991_Chelsea-blessure-liste-de-suspension-et-dates-de-retour-pour.jpg\" title=\"L&#39;ailier de Chelsea Omari Kellyman en ao\u00fbt 2024.\" alt=\"L&#39;ailier de Chelsea Omari Kellyman en ao\u00fbt 2024.\" width=\"640\" height=\"480\"><\/p>\n<p><strong>Statut:<\/strong> Dehors<br \/><strong>Type de blessure:<\/strong> Tendon<br \/><strong>Date de retour possible:<\/strong> La saison suivante<\/p>\n<p>Omari Kellyman s&#39;est pr\u00e9sent\u00e9e sur ses comptes de m\u00e9dias sociaux le 18 mars pour confirmer qu&#39;il a subi une blessure aux ischio-jambiers de fin de saison, Chelsea cherchant \u00e0 r\u00e9introduire le jeune dans la prochaine campagne de r\u00e9flexion.<\/p>\n<hr>\n<p class=\"imgI\"><img decoding=\"async\" loading=\"lazy\" class=\"l\" src=\"https:\/\/footdavant.fr\/actualites\/wp-content\/uploads\/2025\/04\/1745459299_622_Chelsea-blessure-liste-de-suspension-et-dates-de-retour-pour.jpg\" title=\"Marc Guiu de Chelsea illustr\u00e9 le 11 janvier 2025\" alt=\"Marc Guiu de Chelsea illustr\u00e9 le 11 janvier 2025\" width=\"640\" height=\"480\"><\/p>\n<p><strong>Statut:<\/strong> Doute majeur<br \/><strong>Type de blessure:<\/strong> Tendon<br \/><strong>Date de retour possible:<\/strong> Inconnu<\/p>\n<p>Derni\u00e8re met en vedette pour Chelsea le 3 f\u00e9vrier, Marc Guiu aurait \u00e9t\u00e9 autoris\u00e9 \u00e0 retourner \u00e0 l&#39;entra\u00eenement, Marsca se disant que l&#39;Espagnol reviendra avant la fin de la saison. En l&#39;\u00e9tat, cependant, il n&#39;est pas clair quand le jeune fera une autre apparition dans l&#39;\u00e9quipe.<\/p>\n<hr>\n<p><strong><\/p>\n<h2>Liste de suspension de Chelsea<\/h2>\n<p><\/strong><\/p>\n<p class=\"imgI\"><img decoding=\"async\" loading=\"lazy\" class=\"l\" src=\"https:\/\/footdavant.fr\/actualites\/wp-content\/uploads\/2025\/04\/1745459299_488_Chelsea-blessure-liste-de-suspension-et-dates-de-retour-pour.jpg\" title=\"Winger de Chelsea Mykhaylo Mudryk en septembre 2024.\" alt=\"Winger de Chelsea Mykhaylo Mudryk en septembre 2024.\" width=\"640\" height=\"480\"><\/p>\n<p>Mykhaylo Mudryk reste suspendu apr\u00e8s qu&#39;un test d&#39;urine de routine de l&#39;attaquant contenait des traces de substances interdites.<\/p>\n<hr>\n<div class=\"author_box\">\n<div class=\"author_box_banner\">\n<img decoding=\"async\" class=\"author_img\" src=\"https:\/\/footdavant.fr\/actualites\/wp-content\/uploads\/2025\/04\/1745459299_45_Chelsea-blessure-liste-de-suspension-et-dates-de-retour-pour.jpg\"><\/p>\n<\/div>\n<\/div>\n<\/div>\n","protected":false},"excerpt":{"rendered":"<p>Sports Mole rassemble toutes les derni\u00e8res nouvelles de Chelsea pour les blessures et les suspensions avant le match de Premier League de dimanche aux voisins<\/p>\n","protected":false},"author":1,"featured_media":23059,"comment_status":"closed","ping_status":"","sticky":false,"template":"","format":"standard","meta":{"footnotes":""},"categories":[5],"tags":[15,171,2867,348,5498,328,1814,17,1678,2836,51,393,7076,18],"yoast_head":"<!-- This site is optimized with the Yoast SEO plugin v21.0 - https:\/\/yoast.com\/wordpress\/plugins\/seo\/ -->\n<title>Chelsea blessure, liste de suspension et dates de retour pour Fulham: Rom\u00e9o Lavia, Marc Guiu Mises \u00e0 jour<\/title>\n<meta name=\"robots\" content=\"index, follow, max-snippet:-1, max-image-preview:large, max-video-preview:-1\" \/>\n<link rel=\"canonical\" href=\"https:\/\/footdavant.fr\/actualites\/chelsea-blessure-liste-de-suspension-et-dates-de-retour-pour-fulham-romeo-lavia-marc-guiu-mises-a-jour\/\" \/>\n<meta property=\"og:locale\" content=\"fr_FR\" \/>\n<meta property=\"og:type\" content=\"article\" \/>\n<meta property=\"og:title\" content=\"Chelsea blessure, liste de suspension et dates de retour pour Fulham: Rom\u00e9o Lavia, Marc Guiu Mises \u00e0 jour\" \/>\n<meta property=\"og:description\" content=\"Sports Mole rassemble toutes les derni\u00e8res nouvelles de Chelsea pour les blessures et les suspensions avant le match de Premier League de dimanche aux voisins\" \/>\n<meta property=\"og:url\" content=\"https:\/\/footdavant.fr\/actualites\/chelsea-blessure-liste-de-suspension-et-dates-de-retour-pour-fulham-romeo-lavia-marc-guiu-mises-a-jour\/\" \/>\n<meta property=\"og:site_name\" content=\"Foot d&#039;avant\" \/>\n<meta property=\"article:publisher\" content=\"https:\/\/www.facebook.com\/Footdavant\/\" \/>\n<meta property=\"article:published_time\" content=\"2025-04-24T01:48:19+00:00\" \/>\n<meta property=\"article:modified_time\" content=\"2025-04-24T01:48:20+00:00\" \/>\n<meta property=\"og:image\" content=\"https:\/\/footdavant.fr\/actualites\/wp-content\/uploads\/2025\/04\/Chelsea-blessure-liste-de-suspension-et-dates-de-retour-pour.jpg\" \/>\n\t<meta property=\"og:image:width\" content=\"640\" \/>\n\t<meta property=\"og:image:height\" content=\"480\" \/>\n\t<meta property=\"og:image:type\" content=\"image\/jpeg\" \/>\n<meta name=\"author\" content=\"Cl\u00e9ment\" \/>\n<meta name=\"twitter:card\" content=\"summary_large_image\" \/>\n<meta name=\"twitter:creator\" content=\"@FootdavantFr\" \/>\n<meta name=\"twitter:site\" content=\"@FootdavantFr\" \/>\n<meta name=\"twitter:label1\" content=\"\u00c9crit par\" \/>\n\t<meta name=\"twitter:data1\" content=\"Cl\u00e9ment\" \/>\n\t<meta name=\"twitter:label2\" content=\"Dur\u00e9e de lecture estim\u00e9e\" \/>\n\t<meta name=\"twitter:data2\" content=\"2 minutes\" \/>\n<script type=\"application\/ld+json\" class=\"yoast-schema-graph\">{\"@context\":\"https:\/\/schema.org\",\"@graph\":[{\"@type\":\"Article\",\"@id\":\"https:\/\/footdavant.fr\/actualites\/chelsea-blessure-liste-de-suspension-et-dates-de-retour-pour-fulham-romeo-lavia-marc-guiu-mises-a-jour\/#article\",\"isPartOf\":{\"@id\":\"https:\/\/footdavant.fr\/actualites\/chelsea-blessure-liste-de-suspension-et-dates-de-retour-pour-fulham-romeo-lavia-marc-guiu-mises-a-jour\/\"},\"author\":{\"name\":\"Cl\u00e9ment\",\"@id\":\"https:\/\/footdavant.fr\/actualites\/#\/schema\/person\/bc222566d95871b37e597b3ed3ba5e1d\"},\"headline\":\"Chelsea blessure, liste de suspension et dates de retour pour Fulham: Rom\u00e9o Lavia, Marc Guiu Mises \u00e0 jour\",\"datePublished\":\"2025-04-24T01:48:19+00:00\",\"dateModified\":\"2025-04-24T01:48:20+00:00\",\"mainEntityOfPage\":{\"@id\":\"https:\/\/footdavant.fr\/actualites\/chelsea-blessure-liste-de-suspension-et-dates-de-retour-pour-fulham-romeo-lavia-marc-guiu-mises-a-jour\/\"},\"wordCount\":416,\"publisher\":{\"@id\":\"https:\/\/footdavant.fr\/actualites\/#organization\"},\"keywords\":[\"Blessure\",\"Chelsea\",\"Dates\",\"Fulham\",\"Guiu\",\"jour\",\"Lavia\",\"liste\",\"Marc\",\"Mises\",\"pour\",\"retour\",\"Romeo\",\"suspension\"],\"articleSection\":[\"Premier League\"],\"inLanguage\":\"fr-FR\"},{\"@type\":\"WebPage\",\"@id\":\"https:\/\/footdavant.fr\/actualites\/chelsea-blessure-liste-de-suspension-et-dates-de-retour-pour-fulham-romeo-lavia-marc-guiu-mises-a-jour\/\",\"url\":\"https:\/\/footdavant.fr\/actualites\/chelsea-blessure-liste-de-suspension-et-dates-de-retour-pour-fulham-romeo-lavia-marc-guiu-mises-a-jour\/\",\"name\":\"Chelsea blessure, liste de suspension et dates de retour pour Fulham: Rom\u00e9o Lavia, Marc Guiu Mises \u00e0 jour\",\"isPartOf\":{\"@id\":\"https:\/\/footdavant.fr\/actualites\/#website\"},\"datePublished\":\"2025-04-24T01:48:19+00:00\",\"dateModified\":\"2025-04-24T01:48:20+00:00\",\"breadcrumb\":{\"@id\":\"https:\/\/footdavant.fr\/actualites\/chelsea-blessure-liste-de-suspension-et-dates-de-retour-pour-fulham-romeo-lavia-marc-guiu-mises-a-jour\/#breadcrumb\"},\"inLanguage\":\"fr-FR\",\"potentialAction\":[{\"@type\":\"ReadAction\",\"target\":[\"https:\/\/footdavant.fr\/actualites\/chelsea-blessure-liste-de-suspension-et-dates-de-retour-pour-fulham-romeo-lavia-marc-guiu-mises-a-jour\/\"]}]},{\"@type\":\"BreadcrumbList\",\"@id\":\"https:\/\/footdavant.fr\/actualites\/chelsea-blessure-liste-de-suspension-et-dates-de-retour-pour-fulham-romeo-lavia-marc-guiu-mises-a-jour\/#breadcrumb\",\"itemListElement\":[{\"@type\":\"ListItem\",\"position\":1,\"name\":\"Accueil\",\"item\":\"https:\/\/footdavant.fr\/actualites\/\"},{\"@type\":\"ListItem\",\"position\":2,\"name\":\"Chelsea blessure, liste de suspension et dates de retour pour Fulham: Rom\u00e9o Lavia, Marc Guiu Mises \u00e0 jour\"}]},{\"@type\":\"WebSite\",\"@id\":\"https:\/\/footdavant.fr\/actualites\/#website\",\"url\":\"https:\/\/footdavant.fr\/actualites\/\",\"name\":\"Foot d'avant\",\"description\":\"\",\"publisher\":{\"@id\":\"https:\/\/footdavant.fr\/actualites\/#organization\"},\"potentialAction\":[{\"@type\":\"SearchAction\",\"target\":{\"@type\":\"EntryPoint\",\"urlTemplate\":\"https:\/\/footdavant.fr\/actualites\/?s={search_term_string}\"},\"query-input\":\"required name=search_term_string\"}],\"inLanguage\":\"fr-FR\"},{\"@type\":\"Organization\",\"@id\":\"https:\/\/footdavant.fr\/actualites\/#organization\",\"name\":\"Foot d'avant\",\"url\":\"https:\/\/footdavant.fr\/actualites\/\",\"logo\":{\"@type\":\"ImageObject\",\"inLanguage\":\"fr-FR\",\"@id\":\"https:\/\/footdavant.fr\/actualites\/#\/schema\/logo\/image\/\",\"url\":\"https:\/\/footdavant.fr\/actualites\/wp-content\/uploads\/2023\/09\/Copy-of-FootDavant-Logo.png\",\"contentUrl\":\"https:\/\/footdavant.fr\/actualites\/wp-content\/uploads\/2023\/09\/Copy-of-FootDavant-Logo.png\",\"width\":936,\"height\":549,\"caption\":\"Foot d'avant\"},\"image\":{\"@id\":\"https:\/\/footdavant.fr\/actualites\/#\/schema\/logo\/image\/\"},\"sameAs\":[\"https:\/\/www.facebook.com\/Footdavant\/\",\"https:\/\/twitter.com\/FootdavantFr\",\"https:\/\/www.instagram.com\/footdavant.fr\/\"]},{\"@type\":\"Person\",\"@id\":\"https:\/\/footdavant.fr\/actualites\/#\/schema\/person\/bc222566d95871b37e597b3ed3ba5e1d\",\"name\":\"Cl\u00e9ment\",\"image\":{\"@type\":\"ImageObject\",\"inLanguage\":\"fr-FR\",\"@id\":\"https:\/\/footdavant.fr\/actualites\/#\/schema\/person\/image\/\",\"url\":\"https:\/\/secure.gravatar.com\/avatar\/7728b29aac2719421e1a9159b2254c44?s=96&d=mm&r=g\",\"contentUrl\":\"https:\/\/secure.gravatar.com\/avatar\/7728b29aac2719421e1a9159b2254c44?s=96&d=mm&r=g\",\"caption\":\"Cl\u00e9ment\"},\"sameAs\":[\"https:\/\/footdavant.fr\/\"]}]}<\/script>\n<!-- \/ Yoast SEO plugin. -->","yoast_head_json":{"title":"Chelsea blessure, liste de suspension et dates de retour pour Fulham: Rom\u00e9o Lavia, Marc Guiu Mises \u00e0 jour","robots":{"index":"index","follow":"follow","max-snippet":"max-snippet:-1","max-image-preview":"max-image-preview:large","max-video-preview":"max-video-preview:-1"},"canonical":"https:\/\/footdavant.fr\/actualites\/chelsea-blessure-liste-de-suspension-et-dates-de-retour-pour-fulham-romeo-lavia-marc-guiu-mises-a-jour\/","og_locale":"fr_FR","og_type":"article","og_title":"Chelsea blessure, liste de suspension et dates de retour pour Fulham: Rom\u00e9o Lavia, Marc Guiu Mises \u00e0 jour","og_description":"Sports Mole rassemble toutes les derni\u00e8res nouvelles de Chelsea pour les blessures et les suspensions avant le match de Premier League de dimanche aux voisins","og_url":"https:\/\/footdavant.fr\/actualites\/chelsea-blessure-liste-de-suspension-et-dates-de-retour-pour-fulham-romeo-lavia-marc-guiu-mises-a-jour\/","og_site_name":"Foot d&#039;avant","article_publisher":"https:\/\/www.facebook.com\/Footdavant\/","article_published_time":"2025-04-24T01:48:19+00:00","article_modified_time":"2025-04-24T01:48:20+00:00","og_image":[{"width":640,"height":480,"url":"https:\/\/footdavant.fr\/actualites\/wp-content\/uploads\/2025\/04\/Chelsea-blessure-liste-de-suspension-et-dates-de-retour-pour.jpg","type":"image\/jpeg"}],"author":"Cl\u00e9ment","twitter_card":"summary_large_image","twitter_creator":"@FootdavantFr","twitter_site":"@FootdavantFr","twitter_misc":{"\u00c9crit par":"Cl\u00e9ment","Dur\u00e9e de lecture estim\u00e9e":"2 minutes"},"schema":{"@context":"https:\/\/schema.org","@graph":[{"@type":"Article","@id":"https:\/\/footdavant.fr\/actualites\/chelsea-blessure-liste-de-suspension-et-dates-de-retour-pour-fulham-romeo-lavia-marc-guiu-mises-a-jour\/#article","isPartOf":{"@id":"https:\/\/footdavant.fr\/actualites\/chelsea-blessure-liste-de-suspension-et-dates-de-retour-pour-fulham-romeo-lavia-marc-guiu-mises-a-jour\/"},"author":{"name":"Cl\u00e9ment","@id":"https:\/\/footdavant.fr\/actualites\/#\/schema\/person\/bc222566d95871b37e597b3ed3ba5e1d"},"headline":"Chelsea blessure, liste de suspension et dates de retour pour Fulham: Rom\u00e9o Lavia, Marc Guiu Mises \u00e0 jour","datePublished":"2025-04-24T01:48:19+00:00","dateModified":"2025-04-24T01:48:20+00:00","mainEntityOfPage":{"@id":"https:\/\/footdavant.fr\/actualites\/chelsea-blessure-liste-de-suspension-et-dates-de-retour-pour-fulham-romeo-lavia-marc-guiu-mises-a-jour\/"},"wordCount":416,"publisher":{"@id":"https:\/\/footdavant.fr\/actualites\/#organization"},"keywords":["Blessure","Chelsea","Dates","Fulham","Guiu","jour","Lavia","liste","Marc","Mises","pour","retour","Romeo","suspension"],"articleSection":["Premier League"],"inLanguage":"fr-FR"},{"@type":"WebPage","@id":"https:\/\/footdavant.fr\/actualites\/chelsea-blessure-liste-de-suspension-et-dates-de-retour-pour-fulham-romeo-lavia-marc-guiu-mises-a-jour\/","url":"https:\/\/footdavant.fr\/actualites\/chelsea-blessure-liste-de-suspension-et-dates-de-retour-pour-fulham-romeo-lavia-marc-guiu-mises-a-jour\/","name":"Chelsea blessure, liste de suspension et dates de retour pour Fulham: Rom\u00e9o Lavia, Marc Guiu Mises \u00e0 jour","isPartOf":{"@id":"https:\/\/footdavant.fr\/actualites\/#website"},"datePublished":"2025-04-24T01:48:19+00:00","dateModified":"2025-04-24T01:48:20+00:00","breadcrumb":{"@id":"https:\/\/footdavant.fr\/actualites\/chelsea-blessure-liste-de-suspension-et-dates-de-retour-pour-fulham-romeo-lavia-marc-guiu-mises-a-jour\/#breadcrumb"},"inLanguage":"fr-FR","potentialAction":[{"@type":"ReadAction","target":["https:\/\/footdavant.fr\/actualites\/chelsea-blessure-liste-de-suspension-et-dates-de-retour-pour-fulham-romeo-lavia-marc-guiu-mises-a-jour\/"]}]},{"@type":"BreadcrumbList","@id":"https:\/\/footdavant.fr\/actualites\/chelsea-blessure-liste-de-suspension-et-dates-de-retour-pour-fulham-romeo-lavia-marc-guiu-mises-a-jour\/#breadcrumb","itemListElement":[{"@type":"ListItem","position":1,"name":"Accueil","item":"https:\/\/footdavant.fr\/actualites\/"},{"@type":"ListItem","position":2,"name":"Chelsea blessure, liste de suspension et dates de retour pour Fulham: Rom\u00e9o Lavia, Marc Guiu Mises \u00e0 jour"}]},{"@type":"WebSite","@id":"https:\/\/footdavant.fr\/actualites\/#website","url":"https:\/\/footdavant.fr\/actualites\/","name":"Foot d'avant","description":"","publisher":{"@id":"https:\/\/footdavant.fr\/actualites\/#organization"},"potentialAction":[{"@type":"SearchAction","target":{"@type":"EntryPoint","urlTemplate":"https:\/\/footdavant.fr\/actualites\/?s={search_term_string}"},"query-input":"required name=search_term_string"}],"inLanguage":"fr-FR"},{"@type":"Organization","@id":"https:\/\/footdavant.fr\/actualites\/#organization","name":"Foot d'avant","url":"https:\/\/footdavant.fr\/actualites\/","logo":{"@type":"ImageObject","inLanguage":"fr-FR","@id":"https:\/\/footdavant.fr\/actualites\/#\/schema\/logo\/image\/","url":"https:\/\/footdavant.fr\/actualites\/wp-content\/uploads\/2023\/09\/Copy-of-FootDavant-Logo.png","contentUrl":"https:\/\/footdavant.fr\/actualites\/wp-content\/uploads\/2023\/09\/Copy-of-FootDavant-Logo.png","width":936,"height":549,"caption":"Foot d'avant"},"image":{"@id":"https:\/\/footdavant.fr\/actualites\/#\/schema\/logo\/image\/"},"sameAs":["https:\/\/www.facebook.com\/Footdavant\/","https:\/\/twitter.com\/FootdavantFr","https:\/\/www.instagram.com\/footdavant.fr\/"]},{"@type":"Person","@id":"https:\/\/footdavant.fr\/actualites\/#\/schema\/person\/bc222566d95871b37e597b3ed3ba5e1d","name":"Cl\u00e9ment","image":{"@type":"ImageObject","inLanguage":"fr-FR","@id":"https:\/\/footdavant.fr\/actualites\/#\/schema\/person\/image\/","url":"https:\/\/secure.gravatar.com\/avatar\/7728b29aac2719421e1a9159b2254c44?s=96&d=mm&r=g","contentUrl":"https:\/\/secure.gravatar.com\/avatar\/7728b29aac2719421e1a9159b2254c44?s=96&d=mm&r=g","caption":"Cl\u00e9ment"},"sameAs":["https:\/\/footdavant.fr\/"]}]}},"_links":{"self":[{"href":"https:\/\/footdavant.fr\/actualites\/wp-json\/wp\/v2\/posts\/23058"}],"collection":[{"href":"https:\/\/footdavant.fr\/actualites\/wp-json\/wp\/v2\/posts"}],"about":[{"href":"https:\/\/footdavant.fr\/actualites\/wp-json\/wp\/v2\/types\/post"}],"author":[{"embeddable":true,"href":"https:\/\/footdavant.fr\/actualites\/wp-json\/wp\/v2\/users\/1"}],"replies":[{"embeddable":true,"href":"https:\/\/footdavant.fr\/actualites\/wp-json\/wp\/v2\/comments?post=23058"}],"version-history":[{"count":1,"href":"https:\/\/footdavant.fr\/actualites\/wp-json\/wp\/v2\/posts\/23058\/revisions"}],"predecessor-version":[{"id":23060,"href":"https:\/\/footdavant.fr\/actualites\/wp-json\/wp\/v2\/posts\/23058\/revisions\/23060"}],"wp:featuredmedia":[{"embeddable":true,"href":"https:\/\/footdavant.fr\/actualites\/wp-json\/wp\/v2\/media\/23059"}],"wp:attachment":[{"href":"https:\/\/footdavant.fr\/actualites\/wp-json\/wp\/v2\/media?parent=23058"}],"wp:term":[{"taxonomy":"category","embeddable":true,"href":"https:\/\/footdavant.fr\/actualites\/wp-json\/wp\/v2\/categories?post=23058"},{"taxonomy":"post_tag","embeddable":true,"href":"https:\/\/footdavant.fr\/actualites\/wp-json\/wp\/v2\/tags?post=23058"}],"curies":[{"name":"wp","href":"https:\/\/api.w.org\/{rel}","templated":true}]}}