{"id":23061,"date":"2025-04-24T05:48:10","date_gmt":"2025-04-24T03:48:10","guid":{"rendered":"https:\/\/footdavant.fr\/actualites\/le-manager-de-la-saison-de-wayne-rooney-alertera-les-fans-de-liverpool\/"},"modified":"2025-04-24T05:48:12","modified_gmt":"2025-04-24T03:48:12","slug":"le-manager-de-la-saison-de-wayne-rooney-alertera-les-fans-de-liverpool","status":"publish","type":"post","link":"https:\/\/footdavant.fr\/actualites\/le-manager-de-la-saison-de-wayne-rooney-alertera-les-fans-de-liverpool\/","title":{"rendered":"Le manager de la saison de Wayne Rooney alertera les fans de Liverpool"},"content":{"rendered":"<div id=\"article-body\">\n<!-- Article Start --><\/p>\n<p>Liverpool a \u00e9t\u00e9 incroyable cette saison, mais le discours sur notre campagne a \u00e9t\u00e9 que nous sommes juste dans une ligue pauvre, Wayne Rooney ayant son mot \u00e0 dire.<\/p>\n<p>A demand\u00e9 de s\u00e9lectionner ses trois principaux managers de la saison, le Scouser a d\u00e9clar\u00e9: <\/p>\n<\/p>\n<\/p>\n<p>Peu de persuasion rouge se disputeront avec ces commentaires et c&#39;est agr\u00e9able de voir notre patron obtenir la reconnaissance qu&#39;il m\u00e9rite pour ce qui a \u00e9t\u00e9 une campagne incroyable.<\/p>\n<h2>Arne Slot a \u00e9t\u00e9 le meilleur entra\u00eeneur de la Premier League cette saison<\/h2>\n<figure class=\"wp-caption alignnone\"><picture><source type=\"image\/webp\" data- data-><\/source><\/picture><\/figure>\n<p>Peu de supporters de Liverpool, peu importe quelqu&#39;un d&#39;autre, pensaient que nous serions difficiles pour le titre de la ligue cette saison et \u00e0 la place &#8211; nous avons plut\u00f4t remport\u00e9 le titre.<\/p>\n<p>Cela a \u00e9t\u00e9 une procession depuis des semaines maintenant et c&#39;est d\u00fb \u00e0 une \u00e9quipe incroyable et \u00e0 un entra\u00eeneur fantastique qui ouvre la voie.<\/p>\n<p>Nous ne pouvons pas sous-estimer le travail que Jurgen Klopp a fait pour pr\u00e9parer le club \u00e0 aller remporter un titre, avec un nouveau boss en fournissant peut-\u00eatre la touche d&#39;arriv\u00e9e pour surmonter la ligne.<\/p>\n<p>Gary Neville \u00e9tait \u00e9galement plein de cr\u00e9dit pour l&#39;homme de 46 ans et il est agr\u00e9able d&#39;entendre d&#39;anciens employ\u00e9s de Manchester United \u00eatre contraints de cr\u00e9diter l&#39;\u00e9quipe la plus r\u00e9ussie du pays.<\/p>\n<p>Avec 13 joueurs d\u00e9j\u00e0 d\u00e9crits comme des cibles potentielles pour l&#39;\u00e9t\u00e9, il sera int\u00e9ressant de voir ce que l&#39;ancien homme Feyenoord fait avec l&#39;\u00e9quipe pour essayer de faire des titres cons\u00e9cutifs.<\/p>\n<\/p>\n<blockquote class=\"twitter-lazy tweet-img lazyload\" data-width=\"500\" data-dnt=\"true\">\n<p lang=\"en\" dir=\"ltr\">\ud83d\udcad <a rel=\"nofollow\" href=\"https:\/\/twitter.com\/WayneRooney?ref_src=twsrc%5Etfw\">@Waynerooney<\/a> Nomme ses managers de la saison de Premier League de la saison\u2026 <a rel=\"nofollow\" href=\"https:\/\/t.co\/OyDVS11ZRg\">pic.twitter.com\/oydvs11zrg<\/a><\/p>\n<p>&#8211; Amazon Prime Video Sport (@primevideosport) <a rel=\"nofollow\" href=\"https:\/\/twitter.com\/primevideosport\/status\/1915046907862245809?ref_src=twsrc%5Etfw\">23 avril 2025<\/a><\/p>\n<\/blockquote>\n<p><!-- Article End -->\t\t\t\t<\/div>\n<p><script async src=\"https:\/\/platform.twitter.com\/widgets.js\" charset=\"utf-8\"><\/script><\/p>\n","protected":false},"excerpt":{"rendered":"<p>Liverpool a \u00e9t\u00e9 incroyable cette saison, mais le discours sur notre campagne a \u00e9t\u00e9 que nous sommes juste dans une ligue pauvre, Wayne Rooney ayant<\/p>\n","protected":false},"author":1,"featured_media":23062,"comment_status":"closed","ping_status":"","sticky":false,"template":"","format":"standard","meta":{"footnotes":""},"categories":[3],"tags":[8988,512,93,53,504,2965,482,2964],"yoast_head":"<!-- This site is optimized with the Yoast SEO plugin v21.0 - https:\/\/yoast.com\/wordpress\/plugins\/seo\/ -->\n<title>Le manager de la saison de Wayne Rooney alertera les fans de Liverpool<\/title>\n<meta name=\"robots\" content=\"index, follow, max-snippet:-1, max-image-preview:large, max-video-preview:-1\" \/>\n<link rel=\"canonical\" href=\"https:\/\/footdavant.fr\/actualites\/le-manager-de-la-saison-de-wayne-rooney-alertera-les-fans-de-liverpool\/\" \/>\n<meta property=\"og:locale\" content=\"fr_FR\" \/>\n<meta property=\"og:type\" content=\"article\" \/>\n<meta property=\"og:title\" content=\"Le manager de la saison de Wayne Rooney alertera les fans de Liverpool\" \/>\n<meta property=\"og:description\" content=\"Liverpool a \u00e9t\u00e9 incroyable cette saison, mais le discours sur notre campagne a \u00e9t\u00e9 que nous sommes juste dans une ligue pauvre, Wayne Rooney ayant\" \/>\n<meta property=\"og:url\" content=\"https:\/\/footdavant.fr\/actualites\/le-manager-de-la-saison-de-wayne-rooney-alertera-les-fans-de-liverpool\/\" \/>\n<meta property=\"og:site_name\" content=\"Foot d&#039;avant\" \/>\n<meta property=\"article:publisher\" content=\"https:\/\/www.facebook.com\/Footdavant\/\" \/>\n<meta property=\"article:published_time\" content=\"2025-04-24T03:48:10+00:00\" \/>\n<meta property=\"article:modified_time\" content=\"2025-04-24T03:48:12+00:00\" \/>\n<meta property=\"og:image\" content=\"https:\/\/footdavant.fr\/actualites\/wp-content\/uploads\/2025\/04\/1745466490_Le-manager-de-la-saison-de-Wayne-Rooney-alertera-les.jpg\" \/>\n\t<meta property=\"og:image:width\" content=\"1920\" \/>\n\t<meta property=\"og:image:height\" content=\"960\" \/>\n\t<meta property=\"og:image:type\" content=\"image\/jpeg\" \/>\n<meta name=\"author\" content=\"Cl\u00e9ment\" \/>\n<meta name=\"twitter:card\" content=\"summary_large_image\" \/>\n<meta name=\"twitter:creator\" content=\"@FootdavantFr\" \/>\n<meta name=\"twitter:site\" content=\"@FootdavantFr\" \/>\n<meta name=\"twitter:label1\" content=\"\u00c9crit par\" \/>\n\t<meta name=\"twitter:data1\" content=\"Cl\u00e9ment\" \/>\n\t<meta name=\"twitter:label2\" content=\"Dur\u00e9e de lecture estim\u00e9e\" \/>\n\t<meta name=\"twitter:data2\" content=\"1 minute\" \/>\n<script type=\"application\/ld+json\" class=\"yoast-schema-graph\">{\"@context\":\"https:\/\/schema.org\",\"@graph\":[{\"@type\":\"Article\",\"@id\":\"https:\/\/footdavant.fr\/actualites\/le-manager-de-la-saison-de-wayne-rooney-alertera-les-fans-de-liverpool\/#article\",\"isPartOf\":{\"@id\":\"https:\/\/footdavant.fr\/actualites\/le-manager-de-la-saison-de-wayne-rooney-alertera-les-fans-de-liverpool\/\"},\"author\":{\"name\":\"Cl\u00e9ment\",\"@id\":\"https:\/\/footdavant.fr\/actualites\/#\/schema\/person\/bc222566d95871b37e597b3ed3ba5e1d\"},\"headline\":\"Le manager de la saison de Wayne Rooney alertera les fans de Liverpool\",\"datePublished\":\"2025-04-24T03:48:10+00:00\",\"dateModified\":\"2025-04-24T03:48:12+00:00\",\"mainEntityOfPage\":{\"@id\":\"https:\/\/footdavant.fr\/actualites\/le-manager-de-la-saison-de-wayne-rooney-alertera-les-fans-de-liverpool\/\"},\"wordCount\":305,\"publisher\":{\"@id\":\"https:\/\/footdavant.fr\/actualites\/#organization\"},\"keywords\":[\"alertera\",\"fans\",\"les\",\"Liverpool\",\"manager\",\"Rooney\",\"saison\",\"Wayne\"],\"articleSection\":[\"Football\"],\"inLanguage\":\"fr-FR\"},{\"@type\":\"WebPage\",\"@id\":\"https:\/\/footdavant.fr\/actualites\/le-manager-de-la-saison-de-wayne-rooney-alertera-les-fans-de-liverpool\/\",\"url\":\"https:\/\/footdavant.fr\/actualites\/le-manager-de-la-saison-de-wayne-rooney-alertera-les-fans-de-liverpool\/\",\"name\":\"Le manager de la saison de Wayne Rooney alertera les fans de Liverpool\",\"isPartOf\":{\"@id\":\"https:\/\/footdavant.fr\/actualites\/#website\"},\"datePublished\":\"2025-04-24T03:48:10+00:00\",\"dateModified\":\"2025-04-24T03:48:12+00:00\",\"breadcrumb\":{\"@id\":\"https:\/\/footdavant.fr\/actualites\/le-manager-de-la-saison-de-wayne-rooney-alertera-les-fans-de-liverpool\/#breadcrumb\"},\"inLanguage\":\"fr-FR\",\"potentialAction\":[{\"@type\":\"ReadAction\",\"target\":[\"https:\/\/footdavant.fr\/actualites\/le-manager-de-la-saison-de-wayne-rooney-alertera-les-fans-de-liverpool\/\"]}]},{\"@type\":\"BreadcrumbList\",\"@id\":\"https:\/\/footdavant.fr\/actualites\/le-manager-de-la-saison-de-wayne-rooney-alertera-les-fans-de-liverpool\/#breadcrumb\",\"itemListElement\":[{\"@type\":\"ListItem\",\"position\":1,\"name\":\"Accueil\",\"item\":\"https:\/\/footdavant.fr\/actualites\/\"},{\"@type\":\"ListItem\",\"position\":2,\"name\":\"Le manager de la saison de Wayne Rooney alertera les fans de Liverpool\"}]},{\"@type\":\"WebSite\",\"@id\":\"https:\/\/footdavant.fr\/actualites\/#website\",\"url\":\"https:\/\/footdavant.fr\/actualites\/\",\"name\":\"Foot d'avant\",\"description\":\"\",\"publisher\":{\"@id\":\"https:\/\/footdavant.fr\/actualites\/#organization\"},\"potentialAction\":[{\"@type\":\"SearchAction\",\"target\":{\"@type\":\"EntryPoint\",\"urlTemplate\":\"https:\/\/footdavant.fr\/actualites\/?s={search_term_string}\"},\"query-input\":\"required name=search_term_string\"}],\"inLanguage\":\"fr-FR\"},{\"@type\":\"Organization\",\"@id\":\"https:\/\/footdavant.fr\/actualites\/#organization\",\"name\":\"Foot d'avant\",\"url\":\"https:\/\/footdavant.fr\/actualites\/\",\"logo\":{\"@type\":\"ImageObject\",\"inLanguage\":\"fr-FR\",\"@id\":\"https:\/\/footdavant.fr\/actualites\/#\/schema\/logo\/image\/\",\"url\":\"https:\/\/footdavant.fr\/actualites\/wp-content\/uploads\/2023\/09\/Copy-of-FootDavant-Logo.png\",\"contentUrl\":\"https:\/\/footdavant.fr\/actualites\/wp-content\/uploads\/2023\/09\/Copy-of-FootDavant-Logo.png\",\"width\":936,\"height\":549,\"caption\":\"Foot d'avant\"},\"image\":{\"@id\":\"https:\/\/footdavant.fr\/actualites\/#\/schema\/logo\/image\/\"},\"sameAs\":[\"https:\/\/www.facebook.com\/Footdavant\/\",\"https:\/\/twitter.com\/FootdavantFr\",\"https:\/\/www.instagram.com\/footdavant.fr\/\"]},{\"@type\":\"Person\",\"@id\":\"https:\/\/footdavant.fr\/actualites\/#\/schema\/person\/bc222566d95871b37e597b3ed3ba5e1d\",\"name\":\"Cl\u00e9ment\",\"image\":{\"@type\":\"ImageObject\",\"inLanguage\":\"fr-FR\",\"@id\":\"https:\/\/footdavant.fr\/actualites\/#\/schema\/person\/image\/\",\"url\":\"https:\/\/secure.gravatar.com\/avatar\/7728b29aac2719421e1a9159b2254c44?s=96&d=mm&r=g\",\"contentUrl\":\"https:\/\/secure.gravatar.com\/avatar\/7728b29aac2719421e1a9159b2254c44?s=96&d=mm&r=g\",\"caption\":\"Cl\u00e9ment\"},\"sameAs\":[\"https:\/\/footdavant.fr\/\"]}]}<\/script>\n<!-- \/ Yoast SEO plugin. -->","yoast_head_json":{"title":"Le manager de la saison de Wayne Rooney alertera les fans de Liverpool","robots":{"index":"index","follow":"follow","max-snippet":"max-snippet:-1","max-image-preview":"max-image-preview:large","max-video-preview":"max-video-preview:-1"},"canonical":"https:\/\/footdavant.fr\/actualites\/le-manager-de-la-saison-de-wayne-rooney-alertera-les-fans-de-liverpool\/","og_locale":"fr_FR","og_type":"article","og_title":"Le manager de la saison de Wayne Rooney alertera les fans de Liverpool","og_description":"Liverpool a \u00e9t\u00e9 incroyable cette saison, mais le discours sur notre campagne a \u00e9t\u00e9 que nous sommes juste dans une ligue pauvre, Wayne Rooney ayant","og_url":"https:\/\/footdavant.fr\/actualites\/le-manager-de-la-saison-de-wayne-rooney-alertera-les-fans-de-liverpool\/","og_site_name":"Foot d&#039;avant","article_publisher":"https:\/\/www.facebook.com\/Footdavant\/","article_published_time":"2025-04-24T03:48:10+00:00","article_modified_time":"2025-04-24T03:48:12+00:00","og_image":[{"width":1920,"height":960,"url":"https:\/\/footdavant.fr\/actualites\/wp-content\/uploads\/2025\/04\/1745466490_Le-manager-de-la-saison-de-Wayne-Rooney-alertera-les.jpg","type":"image\/jpeg"}],"author":"Cl\u00e9ment","twitter_card":"summary_large_image","twitter_creator":"@FootdavantFr","twitter_site":"@FootdavantFr","twitter_misc":{"\u00c9crit par":"Cl\u00e9ment","Dur\u00e9e de lecture estim\u00e9e":"1 minute"},"schema":{"@context":"https:\/\/schema.org","@graph":[{"@type":"Article","@id":"https:\/\/footdavant.fr\/actualites\/le-manager-de-la-saison-de-wayne-rooney-alertera-les-fans-de-liverpool\/#article","isPartOf":{"@id":"https:\/\/footdavant.fr\/actualites\/le-manager-de-la-saison-de-wayne-rooney-alertera-les-fans-de-liverpool\/"},"author":{"name":"Cl\u00e9ment","@id":"https:\/\/footdavant.fr\/actualites\/#\/schema\/person\/bc222566d95871b37e597b3ed3ba5e1d"},"headline":"Le manager de la saison de Wayne Rooney alertera les fans de Liverpool","datePublished":"2025-04-24T03:48:10+00:00","dateModified":"2025-04-24T03:48:12+00:00","mainEntityOfPage":{"@id":"https:\/\/footdavant.fr\/actualites\/le-manager-de-la-saison-de-wayne-rooney-alertera-les-fans-de-liverpool\/"},"wordCount":305,"publisher":{"@id":"https:\/\/footdavant.fr\/actualites\/#organization"},"keywords":["alertera","fans","les","Liverpool","manager","Rooney","saison","Wayne"],"articleSection":["Football"],"inLanguage":"fr-FR"},{"@type":"WebPage","@id":"https:\/\/footdavant.fr\/actualites\/le-manager-de-la-saison-de-wayne-rooney-alertera-les-fans-de-liverpool\/","url":"https:\/\/footdavant.fr\/actualites\/le-manager-de-la-saison-de-wayne-rooney-alertera-les-fans-de-liverpool\/","name":"Le manager de la saison de Wayne Rooney alertera les fans de Liverpool","isPartOf":{"@id":"https:\/\/footdavant.fr\/actualites\/#website"},"datePublished":"2025-04-24T03:48:10+00:00","dateModified":"2025-04-24T03:48:12+00:00","breadcrumb":{"@id":"https:\/\/footdavant.fr\/actualites\/le-manager-de-la-saison-de-wayne-rooney-alertera-les-fans-de-liverpool\/#breadcrumb"},"inLanguage":"fr-FR","potentialAction":[{"@type":"ReadAction","target":["https:\/\/footdavant.fr\/actualites\/le-manager-de-la-saison-de-wayne-rooney-alertera-les-fans-de-liverpool\/"]}]},{"@type":"BreadcrumbList","@id":"https:\/\/footdavant.fr\/actualites\/le-manager-de-la-saison-de-wayne-rooney-alertera-les-fans-de-liverpool\/#breadcrumb","itemListElement":[{"@type":"ListItem","position":1,"name":"Accueil","item":"https:\/\/footdavant.fr\/actualites\/"},{"@type":"ListItem","position":2,"name":"Le manager de la saison de Wayne Rooney alertera les fans de Liverpool"}]},{"@type":"WebSite","@id":"https:\/\/footdavant.fr\/actualites\/#website","url":"https:\/\/footdavant.fr\/actualites\/","name":"Foot d'avant","description":"","publisher":{"@id":"https:\/\/footdavant.fr\/actualites\/#organization"},"potentialAction":[{"@type":"SearchAction","target":{"@type":"EntryPoint","urlTemplate":"https:\/\/footdavant.fr\/actualites\/?s={search_term_string}"},"query-input":"required name=search_term_string"}],"inLanguage":"fr-FR"},{"@type":"Organization","@id":"https:\/\/footdavant.fr\/actualites\/#organization","name":"Foot d'avant","url":"https:\/\/footdavant.fr\/actualites\/","logo":{"@type":"ImageObject","inLanguage":"fr-FR","@id":"https:\/\/footdavant.fr\/actualites\/#\/schema\/logo\/image\/","url":"https:\/\/footdavant.fr\/actualites\/wp-content\/uploads\/2023\/09\/Copy-of-FootDavant-Logo.png","contentUrl":"https:\/\/footdavant.fr\/actualites\/wp-content\/uploads\/2023\/09\/Copy-of-FootDavant-Logo.png","width":936,"height":549,"caption":"Foot d'avant"},"image":{"@id":"https:\/\/footdavant.fr\/actualites\/#\/schema\/logo\/image\/"},"sameAs":["https:\/\/www.facebook.com\/Footdavant\/","https:\/\/twitter.com\/FootdavantFr","https:\/\/www.instagram.com\/footdavant.fr\/"]},{"@type":"Person","@id":"https:\/\/footdavant.fr\/actualites\/#\/schema\/person\/bc222566d95871b37e597b3ed3ba5e1d","name":"Cl\u00e9ment","image":{"@type":"ImageObject","inLanguage":"fr-FR","@id":"https:\/\/footdavant.fr\/actualites\/#\/schema\/person\/image\/","url":"https:\/\/secure.gravatar.com\/avatar\/7728b29aac2719421e1a9159b2254c44?s=96&d=mm&r=g","contentUrl":"https:\/\/secure.gravatar.com\/avatar\/7728b29aac2719421e1a9159b2254c44?s=96&d=mm&r=g","caption":"Cl\u00e9ment"},"sameAs":["https:\/\/footdavant.fr\/"]}]}},"_links":{"self":[{"href":"https:\/\/footdavant.fr\/actualites\/wp-json\/wp\/v2\/posts\/23061"}],"collection":[{"href":"https:\/\/footdavant.fr\/actualites\/wp-json\/wp\/v2\/posts"}],"about":[{"href":"https:\/\/footdavant.fr\/actualites\/wp-json\/wp\/v2\/types\/post"}],"author":[{"embeddable":true,"href":"https:\/\/footdavant.fr\/actualites\/wp-json\/wp\/v2\/users\/1"}],"replies":[{"embeddable":true,"href":"https:\/\/footdavant.fr\/actualites\/wp-json\/wp\/v2\/comments?post=23061"}],"version-history":[{"count":1,"href":"https:\/\/footdavant.fr\/actualites\/wp-json\/wp\/v2\/posts\/23061\/revisions"}],"predecessor-version":[{"id":23063,"href":"https:\/\/footdavant.fr\/actualites\/wp-json\/wp\/v2\/posts\/23061\/revisions\/23063"}],"wp:featuredmedia":[{"embeddable":true,"href":"https:\/\/footdavant.fr\/actualites\/wp-json\/wp\/v2\/media\/23062"}],"wp:attachment":[{"href":"https:\/\/footdavant.fr\/actualites\/wp-json\/wp\/v2\/media?parent=23061"}],"wp:term":[{"taxonomy":"category","embeddable":true,"href":"https:\/\/footdavant.fr\/actualites\/wp-json\/wp\/v2\/categories?post=23061"},{"taxonomy":"post_tag","embeddable":true,"href":"https:\/\/footdavant.fr\/actualites\/wp-json\/wp\/v2\/tags?post=23061"}],"curies":[{"name":"wp","href":"https:\/\/api.w.org\/{rel}","templated":true}]}}