{"id":2330,"date":"2023-12-12T08:48:16","date_gmt":"2023-12-12T07:48:16","guid":{"rendered":"https:\/\/footdavant.fr\/actualites\/un-journaliste-identifie-ce-que-liverpool-doit-faire-lors-du-mercato-de-janvier\/"},"modified":"2023-12-12T08:48:19","modified_gmt":"2023-12-12T07:48:19","slug":"un-journaliste-identifie-ce-que-liverpool-doit-faire-lors-du-mercato-de-janvier","status":"publish","type":"post","link":"https:\/\/footdavant.fr\/actualites\/un-journaliste-identifie-ce-que-liverpool-doit-faire-lors-du-mercato-de-janvier\/","title":{"rendered":"Un journaliste identifie ce que Liverpool \u00ab doit \u00bb faire lors du mercato de janvier"},"content":{"rendered":"<p><\/p>\n<div id=\"article-body\">\n<!-- Article Start --><\/p>\n<p>Neil Jones a d\u00e9clar\u00e9 qu&rsquo;il pensait que Liverpool devait \u00ab \u00e0 100 % \u00bb recruter un nouveau d\u00e9fenseur central lors du mercato de janvier.<\/p>\n<p>La blessure du ligament crois\u00e9 ant\u00e9rieur de Joel Matip, qui a mis fin \u00e0 la saison, a laiss\u00e9 \u00e0 Jurgen Klopp quatre options seniors dans ce r\u00f4le, dont Ibrahima Konate (dont le bilan de forme physique peut \u00eatre pr\u00e9occupant), Joe Gomez (principalement utilis\u00e9 \u00e0 l&rsquo;arri\u00e8re droit ce trimestre) et Jarell Quansah. (20 ans et naviguant dans sa premi\u00e8re campagne \u00e0 ce niveau).<\/p>\n<p>Bien que l&rsquo;entra\u00eeneur semble minimiser la n\u00e9cessit\u00e9 de renforcer cette partie de l&rsquo;\u00e9quipe le mois prochain, le journaliste insiste sur le fait que les Reds ne peuvent pas jouer avec le feu en ce qui concerne la profondeur de leurs options d\u00e9fensives centrales.<\/p>\n<p>Jones a d\u00e9clar\u00e9 \u00e0 EOTK Insider\u00a0: <\/p>\n<\/p>\n<p>Il ajouta: <\/p>\n<p>Jones a poursuivi : <\/p>\n<\/p>\n<\/p>\n<p>Les supporters de Liverpool se rappelleront comment une crise de blessures il y a trois ans a conduit Klopp \u00e0 devoir bri\u00e8vement aligner un axe de milieu de terrain compos\u00e9 de Fabinho et Jordan Henderson comme partenaire central des Reds, avant de se tourner (avec plus de succ\u00e8s) vers deux joueurs inexp\u00e9riment\u00e9s en Nat Phillips et Rhys Williams.<\/p>\n<p>La hi\u00e9rarchie d&rsquo;Anfield envisagerait de rappeler ce dernier de son pr\u00eat \u00e0 Aberdeen, mais il serait toujours imprudent si le club laissait passer la fen\u00eatre de transfert de janvier sans au moins faire une tentative soutenue de nouvelle signature dans ce domaine du pas.<\/p>\n<p>Dans les quelques jours qui ont suivi l&rsquo;annonce de la blessure du LCA de Matip, Ronald Araujo, Marc Guehi, Maxence Lacroix et Jonathan Tah ont tous \u00e9t\u00e9 pr\u00e9sent\u00e9s comme des options potentielles \u00e0 explorer sur le march\u00e9 le mois prochain.<\/p>\n<p>Klopp a soulign\u00e9 que la th\u00e9orie de l&rsquo;achat d&rsquo;un joueur diff\u00e8re grandement de la r\u00e9alit\u00e9 pratique, mais Liverpool devrait \u00eatre dans une position suffisamment solide financi\u00e8rement et en termes de performances sur le terrain pour pouvoir attirer un d\u00e9fenseur central de qualit\u00e9 suffisante. \u00eatre plus qu&rsquo;un simple espace r\u00e9serv\u00e9 dans l&rsquo;\u00e9quipe des Reds.<\/p>\n<p>Le seul c\u00f4t\u00e9 positif du revers majeur des blessures de la semaine derni\u00e8re est qu&rsquo;il s&rsquo;est produit \u00e0 l&rsquo;aube du mois de la saison au cours duquel le club peut agir pour renforcer son \u00e9quipe.<\/p>\n<p>C\u2019est quelque chose que les puissants d\u2019Anfield doivent simplement exploiter s\u2019ils veulent \u00e9viter de laisser le manager au risque de la m\u00eame loterie de mix-and-match d\u00e9fensive centrale qui a caract\u00e9ris\u00e9 la campagne 2020\/21.<\/p>\n<\/p>\n<p><span class=\"embed-youtube\" style=\"text-align:center; display: block;\"><\/span><\/p>\n<p><!-- Article End -->\t\t\t\t<\/div>\n","protected":false},"excerpt":{"rendered":"<p>Neil Jones a d\u00e9clar\u00e9 qu&rsquo;il pensait que Liverpool devait \u00ab \u00e0 100 % \u00bb recruter un nouveau d\u00e9fenseur central lors du mercato de janvier. La<\/p>\n","protected":false},"author":1,"featured_media":2331,"comment_status":"closed","ping_status":"","sticky":false,"template":"","format":"standard","meta":{"footnotes":""},"categories":[3],"tags":[578,1423,1349,166,1372,53,64,603],"yoast_head":"<!-- This site is optimized with the Yoast SEO plugin v21.0 - https:\/\/yoast.com\/wordpress\/plugins\/seo\/ -->\n<title>Un journaliste identifie ce que Liverpool \u00ab doit \u00bb faire lors du mercato de janvier<\/title>\n<meta name=\"robots\" content=\"index, follow, max-snippet:-1, max-image-preview:large, max-video-preview:-1\" \/>\n<link rel=\"canonical\" href=\"https:\/\/footdavant.fr\/actualites\/un-journaliste-identifie-ce-que-liverpool-doit-faire-lors-du-mercato-de-janvier\/\" \/>\n<meta property=\"og:locale\" content=\"fr_FR\" \/>\n<meta property=\"og:type\" content=\"article\" \/>\n<meta property=\"og:title\" content=\"Un journaliste identifie ce que Liverpool \u00ab doit \u00bb faire lors du mercato de janvier\" \/>\n<meta property=\"og:description\" content=\"Neil Jones a d\u00e9clar\u00e9 qu&rsquo;il pensait que Liverpool devait \u00ab \u00e0 100 % \u00bb recruter un nouveau d\u00e9fenseur central lors du mercato de janvier. La\" \/>\n<meta property=\"og:url\" content=\"https:\/\/footdavant.fr\/actualites\/un-journaliste-identifie-ce-que-liverpool-doit-faire-lors-du-mercato-de-janvier\/\" \/>\n<meta property=\"og:site_name\" content=\"Foot d&#039;avant\" \/>\n<meta property=\"article:publisher\" content=\"https:\/\/www.facebook.com\/Footdavant\/\" \/>\n<meta property=\"article:published_time\" content=\"2023-12-12T07:48:16+00:00\" \/>\n<meta property=\"article:modified_time\" content=\"2023-12-12T07:48:19+00:00\" \/>\n<meta property=\"og:image\" content=\"https:\/\/footdavant.fr\/actualites\/wp-content\/uploads\/2023\/12\/Un-journaliste-identifie-ce-que-Liverpool-doit-faire.jpeg\" \/>\n\t<meta property=\"og:image:width\" content=\"1900\" \/>\n\t<meta property=\"og:image:height\" content=\"948\" \/>\n\t<meta property=\"og:image:type\" content=\"image\/jpeg\" \/>\n<meta name=\"author\" content=\"Cl\u00e9ment\" \/>\n<meta name=\"twitter:card\" content=\"summary_large_image\" \/>\n<meta name=\"twitter:creator\" content=\"@FootdavantFr\" \/>\n<meta name=\"twitter:site\" content=\"@FootdavantFr\" \/>\n<meta name=\"twitter:label1\" content=\"\u00c9crit par\" \/>\n\t<meta name=\"twitter:data1\" content=\"Cl\u00e9ment\" \/>\n\t<meta name=\"twitter:label2\" content=\"Dur\u00e9e de lecture estim\u00e9e\" \/>\n\t<meta name=\"twitter:data2\" content=\"2 minutes\" \/>\n<script type=\"application\/ld+json\" class=\"yoast-schema-graph\">{\"@context\":\"https:\/\/schema.org\",\"@graph\":[{\"@type\":\"Article\",\"@id\":\"https:\/\/footdavant.fr\/actualites\/un-journaliste-identifie-ce-que-liverpool-doit-faire-lors-du-mercato-de-janvier\/#article\",\"isPartOf\":{\"@id\":\"https:\/\/footdavant.fr\/actualites\/un-journaliste-identifie-ce-que-liverpool-doit-faire-lors-du-mercato-de-janvier\/\"},\"author\":{\"name\":\"Cl\u00e9ment\",\"@id\":\"https:\/\/footdavant.fr\/actualites\/#\/schema\/person\/bc222566d95871b37e597b3ed3ba5e1d\"},\"headline\":\"Un journaliste identifie ce que Liverpool \u00ab doit \u00bb faire lors du mercato de janvier\",\"datePublished\":\"2023-12-12T07:48:16+00:00\",\"dateModified\":\"2023-12-12T07:48:19+00:00\",\"mainEntityOfPage\":{\"@id\":\"https:\/\/footdavant.fr\/actualites\/un-journaliste-identifie-ce-que-liverpool-doit-faire-lors-du-mercato-de-janvier\/\"},\"wordCount\":436,\"publisher\":{\"@id\":\"https:\/\/footdavant.fr\/actualites\/#organization\"},\"keywords\":[\"doit\",\"faire\",\"identifie\",\"janvier\",\"journaliste\",\"Liverpool\",\"lors\",\"mercato\"],\"articleSection\":[\"Football\"],\"inLanguage\":\"fr-FR\"},{\"@type\":\"WebPage\",\"@id\":\"https:\/\/footdavant.fr\/actualites\/un-journaliste-identifie-ce-que-liverpool-doit-faire-lors-du-mercato-de-janvier\/\",\"url\":\"https:\/\/footdavant.fr\/actualites\/un-journaliste-identifie-ce-que-liverpool-doit-faire-lors-du-mercato-de-janvier\/\",\"name\":\"Un journaliste identifie ce que Liverpool \u00ab doit \u00bb faire lors du mercato de janvier\",\"isPartOf\":{\"@id\":\"https:\/\/footdavant.fr\/actualites\/#website\"},\"datePublished\":\"2023-12-12T07:48:16+00:00\",\"dateModified\":\"2023-12-12T07:48:19+00:00\",\"breadcrumb\":{\"@id\":\"https:\/\/footdavant.fr\/actualites\/un-journaliste-identifie-ce-que-liverpool-doit-faire-lors-du-mercato-de-janvier\/#breadcrumb\"},\"inLanguage\":\"fr-FR\",\"potentialAction\":[{\"@type\":\"ReadAction\",\"target\":[\"https:\/\/footdavant.fr\/actualites\/un-journaliste-identifie-ce-que-liverpool-doit-faire-lors-du-mercato-de-janvier\/\"]}]},{\"@type\":\"BreadcrumbList\",\"@id\":\"https:\/\/footdavant.fr\/actualites\/un-journaliste-identifie-ce-que-liverpool-doit-faire-lors-du-mercato-de-janvier\/#breadcrumb\",\"itemListElement\":[{\"@type\":\"ListItem\",\"position\":1,\"name\":\"Accueil\",\"item\":\"https:\/\/footdavant.fr\/actualites\/\"},{\"@type\":\"ListItem\",\"position\":2,\"name\":\"Un journaliste identifie ce que Liverpool \u00ab doit \u00bb faire lors du mercato de janvier\"}]},{\"@type\":\"WebSite\",\"@id\":\"https:\/\/footdavant.fr\/actualites\/#website\",\"url\":\"https:\/\/footdavant.fr\/actualites\/\",\"name\":\"Foot d'avant\",\"description\":\"\",\"publisher\":{\"@id\":\"https:\/\/footdavant.fr\/actualites\/#organization\"},\"potentialAction\":[{\"@type\":\"SearchAction\",\"target\":{\"@type\":\"EntryPoint\",\"urlTemplate\":\"https:\/\/footdavant.fr\/actualites\/?s={search_term_string}\"},\"query-input\":\"required name=search_term_string\"}],\"inLanguage\":\"fr-FR\"},{\"@type\":\"Organization\",\"@id\":\"https:\/\/footdavant.fr\/actualites\/#organization\",\"name\":\"Foot d'avant\",\"url\":\"https:\/\/footdavant.fr\/actualites\/\",\"logo\":{\"@type\":\"ImageObject\",\"inLanguage\":\"fr-FR\",\"@id\":\"https:\/\/footdavant.fr\/actualites\/#\/schema\/logo\/image\/\",\"url\":\"https:\/\/footdavant.fr\/actualites\/wp-content\/uploads\/2023\/09\/Copy-of-FootDavant-Logo.png\",\"contentUrl\":\"https:\/\/footdavant.fr\/actualites\/wp-content\/uploads\/2023\/09\/Copy-of-FootDavant-Logo.png\",\"width\":936,\"height\":549,\"caption\":\"Foot d'avant\"},\"image\":{\"@id\":\"https:\/\/footdavant.fr\/actualites\/#\/schema\/logo\/image\/\"},\"sameAs\":[\"https:\/\/www.facebook.com\/Footdavant\/\",\"https:\/\/twitter.com\/FootdavantFr\",\"https:\/\/www.instagram.com\/footdavant.fr\/\"]},{\"@type\":\"Person\",\"@id\":\"https:\/\/footdavant.fr\/actualites\/#\/schema\/person\/bc222566d95871b37e597b3ed3ba5e1d\",\"name\":\"Cl\u00e9ment\",\"image\":{\"@type\":\"ImageObject\",\"inLanguage\":\"fr-FR\",\"@id\":\"https:\/\/footdavant.fr\/actualites\/#\/schema\/person\/image\/\",\"url\":\"https:\/\/secure.gravatar.com\/avatar\/7728b29aac2719421e1a9159b2254c44?s=96&d=mm&r=g\",\"contentUrl\":\"https:\/\/secure.gravatar.com\/avatar\/7728b29aac2719421e1a9159b2254c44?s=96&d=mm&r=g\",\"caption\":\"Cl\u00e9ment\"},\"sameAs\":[\"https:\/\/footdavant.fr\/\"]}]}<\/script>\n<!-- \/ Yoast SEO plugin. -->","yoast_head_json":{"title":"Un journaliste identifie ce que Liverpool \u00ab doit \u00bb faire lors du mercato de janvier","robots":{"index":"index","follow":"follow","max-snippet":"max-snippet:-1","max-image-preview":"max-image-preview:large","max-video-preview":"max-video-preview:-1"},"canonical":"https:\/\/footdavant.fr\/actualites\/un-journaliste-identifie-ce-que-liverpool-doit-faire-lors-du-mercato-de-janvier\/","og_locale":"fr_FR","og_type":"article","og_title":"Un journaliste identifie ce que Liverpool \u00ab doit \u00bb faire lors du mercato de janvier","og_description":"Neil Jones a d\u00e9clar\u00e9 qu&rsquo;il pensait que Liverpool devait \u00ab \u00e0 100 % \u00bb recruter un nouveau d\u00e9fenseur central lors du mercato de janvier. La","og_url":"https:\/\/footdavant.fr\/actualites\/un-journaliste-identifie-ce-que-liverpool-doit-faire-lors-du-mercato-de-janvier\/","og_site_name":"Foot d&#039;avant","article_publisher":"https:\/\/www.facebook.com\/Footdavant\/","article_published_time":"2023-12-12T07:48:16+00:00","article_modified_time":"2023-12-12T07:48:19+00:00","og_image":[{"width":1900,"height":948,"url":"https:\/\/footdavant.fr\/actualites\/wp-content\/uploads\/2023\/12\/Un-journaliste-identifie-ce-que-Liverpool-doit-faire.jpeg","type":"image\/jpeg"}],"author":"Cl\u00e9ment","twitter_card":"summary_large_image","twitter_creator":"@FootdavantFr","twitter_site":"@FootdavantFr","twitter_misc":{"\u00c9crit par":"Cl\u00e9ment","Dur\u00e9e de lecture estim\u00e9e":"2 minutes"},"schema":{"@context":"https:\/\/schema.org","@graph":[{"@type":"Article","@id":"https:\/\/footdavant.fr\/actualites\/un-journaliste-identifie-ce-que-liverpool-doit-faire-lors-du-mercato-de-janvier\/#article","isPartOf":{"@id":"https:\/\/footdavant.fr\/actualites\/un-journaliste-identifie-ce-que-liverpool-doit-faire-lors-du-mercato-de-janvier\/"},"author":{"name":"Cl\u00e9ment","@id":"https:\/\/footdavant.fr\/actualites\/#\/schema\/person\/bc222566d95871b37e597b3ed3ba5e1d"},"headline":"Un journaliste identifie ce que Liverpool \u00ab doit \u00bb faire lors du mercato de janvier","datePublished":"2023-12-12T07:48:16+00:00","dateModified":"2023-12-12T07:48:19+00:00","mainEntityOfPage":{"@id":"https:\/\/footdavant.fr\/actualites\/un-journaliste-identifie-ce-que-liverpool-doit-faire-lors-du-mercato-de-janvier\/"},"wordCount":436,"publisher":{"@id":"https:\/\/footdavant.fr\/actualites\/#organization"},"keywords":["doit","faire","identifie","janvier","journaliste","Liverpool","lors","mercato"],"articleSection":["Football"],"inLanguage":"fr-FR"},{"@type":"WebPage","@id":"https:\/\/footdavant.fr\/actualites\/un-journaliste-identifie-ce-que-liverpool-doit-faire-lors-du-mercato-de-janvier\/","url":"https:\/\/footdavant.fr\/actualites\/un-journaliste-identifie-ce-que-liverpool-doit-faire-lors-du-mercato-de-janvier\/","name":"Un journaliste identifie ce que Liverpool \u00ab doit \u00bb faire lors du mercato de janvier","isPartOf":{"@id":"https:\/\/footdavant.fr\/actualites\/#website"},"datePublished":"2023-12-12T07:48:16+00:00","dateModified":"2023-12-12T07:48:19+00:00","breadcrumb":{"@id":"https:\/\/footdavant.fr\/actualites\/un-journaliste-identifie-ce-que-liverpool-doit-faire-lors-du-mercato-de-janvier\/#breadcrumb"},"inLanguage":"fr-FR","potentialAction":[{"@type":"ReadAction","target":["https:\/\/footdavant.fr\/actualites\/un-journaliste-identifie-ce-que-liverpool-doit-faire-lors-du-mercato-de-janvier\/"]}]},{"@type":"BreadcrumbList","@id":"https:\/\/footdavant.fr\/actualites\/un-journaliste-identifie-ce-que-liverpool-doit-faire-lors-du-mercato-de-janvier\/#breadcrumb","itemListElement":[{"@type":"ListItem","position":1,"name":"Accueil","item":"https:\/\/footdavant.fr\/actualites\/"},{"@type":"ListItem","position":2,"name":"Un journaliste identifie ce que Liverpool \u00ab doit \u00bb faire lors du mercato de janvier"}]},{"@type":"WebSite","@id":"https:\/\/footdavant.fr\/actualites\/#website","url":"https:\/\/footdavant.fr\/actualites\/","name":"Foot d'avant","description":"","publisher":{"@id":"https:\/\/footdavant.fr\/actualites\/#organization"},"potentialAction":[{"@type":"SearchAction","target":{"@type":"EntryPoint","urlTemplate":"https:\/\/footdavant.fr\/actualites\/?s={search_term_string}"},"query-input":"required name=search_term_string"}],"inLanguage":"fr-FR"},{"@type":"Organization","@id":"https:\/\/footdavant.fr\/actualites\/#organization","name":"Foot d'avant","url":"https:\/\/footdavant.fr\/actualites\/","logo":{"@type":"ImageObject","inLanguage":"fr-FR","@id":"https:\/\/footdavant.fr\/actualites\/#\/schema\/logo\/image\/","url":"https:\/\/footdavant.fr\/actualites\/wp-content\/uploads\/2023\/09\/Copy-of-FootDavant-Logo.png","contentUrl":"https:\/\/footdavant.fr\/actualites\/wp-content\/uploads\/2023\/09\/Copy-of-FootDavant-Logo.png","width":936,"height":549,"caption":"Foot d'avant"},"image":{"@id":"https:\/\/footdavant.fr\/actualites\/#\/schema\/logo\/image\/"},"sameAs":["https:\/\/www.facebook.com\/Footdavant\/","https:\/\/twitter.com\/FootdavantFr","https:\/\/www.instagram.com\/footdavant.fr\/"]},{"@type":"Person","@id":"https:\/\/footdavant.fr\/actualites\/#\/schema\/person\/bc222566d95871b37e597b3ed3ba5e1d","name":"Cl\u00e9ment","image":{"@type":"ImageObject","inLanguage":"fr-FR","@id":"https:\/\/footdavant.fr\/actualites\/#\/schema\/person\/image\/","url":"https:\/\/secure.gravatar.com\/avatar\/7728b29aac2719421e1a9159b2254c44?s=96&d=mm&r=g","contentUrl":"https:\/\/secure.gravatar.com\/avatar\/7728b29aac2719421e1a9159b2254c44?s=96&d=mm&r=g","caption":"Cl\u00e9ment"},"sameAs":["https:\/\/footdavant.fr\/"]}]}},"_links":{"self":[{"href":"https:\/\/footdavant.fr\/actualites\/wp-json\/wp\/v2\/posts\/2330"}],"collection":[{"href":"https:\/\/footdavant.fr\/actualites\/wp-json\/wp\/v2\/posts"}],"about":[{"href":"https:\/\/footdavant.fr\/actualites\/wp-json\/wp\/v2\/types\/post"}],"author":[{"embeddable":true,"href":"https:\/\/footdavant.fr\/actualites\/wp-json\/wp\/v2\/users\/1"}],"replies":[{"embeddable":true,"href":"https:\/\/footdavant.fr\/actualites\/wp-json\/wp\/v2\/comments?post=2330"}],"version-history":[{"count":1,"href":"https:\/\/footdavant.fr\/actualites\/wp-json\/wp\/v2\/posts\/2330\/revisions"}],"predecessor-version":[{"id":2332,"href":"https:\/\/footdavant.fr\/actualites\/wp-json\/wp\/v2\/posts\/2330\/revisions\/2332"}],"wp:featuredmedia":[{"embeddable":true,"href":"https:\/\/footdavant.fr\/actualites\/wp-json\/wp\/v2\/media\/2331"}],"wp:attachment":[{"href":"https:\/\/footdavant.fr\/actualites\/wp-json\/wp\/v2\/media?parent=2330"}],"wp:term":[{"taxonomy":"category","embeddable":true,"href":"https:\/\/footdavant.fr\/actualites\/wp-json\/wp\/v2\/categories?post=2330"},{"taxonomy":"post_tag","embeddable":true,"href":"https:\/\/footdavant.fr\/actualites\/wp-json\/wp\/v2\/tags?post=2330"}],"curies":[{"name":"wp","href":"https:\/\/api.w.org\/{rel}","templated":true}]}}