{"id":2339,"date":"2023-12-12T12:55:42","date_gmt":"2023-12-12T11:55:42","guid":{"rendered":"https:\/\/footdavant.fr\/actualites\/le-bayern-munich-nomme-une-equipe-solide-pour-le-match-contre-manchester-united\/"},"modified":"2023-12-12T12:55:42","modified_gmt":"2023-12-12T11:55:42","slug":"le-bayern-munich-nomme-une-equipe-solide-pour-le-match-contre-manchester-united","status":"publish","type":"post","link":"https:\/\/footdavant.fr\/actualites\/le-bayern-munich-nomme-une-equipe-solide-pour-le-match-contre-manchester-united\/","title":{"rendered":"Le Bayern Munich nomme une \u00e9quipe solide pour le match contre Manchester United"},"content":{"rendered":"<p>L&rsquo;entra\u00eeneur-chef du Bayern Munich, Thomas Tuchel, nomme une \u00e9quipe de 19 joueurs pour la comp\u00e9tition de Ligue des champions de mardi avec Manchester United, dont le capitaine anglais Harry Kane.<\/p>\n<div id=\"article_body\" itemprop=\"articleBody\">\n<h3 class=\"firstPara\">\n<strong class=\"autotag\">Bayern Munich<\/strong> l&rsquo;entra\u00eeneur-chef <strong class=\"autotag\">Thomas Tuchel<\/strong> a convoqu\u00e9 une \u00e9quipe de 19 joueurs pour le match de mardi <strong class=\"autotag\">Ligue des champions<\/strong> concours avec <strong class=\"autotag\">Manchester United<\/strong> \u00e0 Old Trafford.<\/h3>\n<p>Les champions de Bundesliga sont d\u00e9j\u00e0 qualifi\u00e9s pour les huiti\u00e8mes de finale en tant que vainqueurs du Groupe A. Ce sera donc une comp\u00e9tition sans pression pour les visiteurs.<\/p>\n<p>Man United, cependant, doit battre le Bayern et ensuite esp\u00e9rer que l&rsquo;autre match de la section entre Copenhague et Galatasaray se termine \u00e0 \u00e9galit\u00e9, afin de se qualifier pour les huiti\u00e8mes de finale.<\/p>\n<p>Le Bayern entrera dans ce match apr\u00e8s une d\u00e9faite choc 5-1 contre l&rsquo;Eintracht Francfort en Bundesliga samedi, et Tuchel a nomm\u00e9 une \u00e9quipe solide pour la comp\u00e9tition europ\u00e9enne, dont le capitaine anglais. <strong class=\"autotag\">Harry Kane<\/strong>qui a marqu\u00e9 22 fois au cours d&rsquo;une excellente saison \u00e0 ce jour.<\/p>\n<p class=\"imgI\">\n<p><strong class=\"autotag\">Serge Gnabry<\/strong> est un absent notable, l&rsquo;ancien jeune d&rsquo;Arsenal ayant contract\u00e9 un probl\u00e8me de tendon lors de la d\u00e9faite contre Francfort en championnat.<\/p>\n<p><strong class=\"autotag\">Sven Ulreich<\/strong>, <strong class=\"autotag\">Matthijs de Ligt<\/strong>, <strong class=\"autotag\">Bouna Sarr<\/strong>, <strong class=\"autotag\">Tarek Buchmann<\/strong> et <strong class=\"autotag\">Gabriel Marusic<\/strong> ne sont pas non plus disponibles pour la s\u00e9lection en raison d&rsquo;une blessure et n&rsquo;ont donc pas fait le d\u00e9placement en Angleterre.<\/p>\n<p>\u00ab\u00a0C&rsquo;est toujours une \u00e9quipe dangereuse\u00a0\u00bb, a d\u00e9clar\u00e9 Tuchel aux journalistes lors de sa conf\u00e9rence de presse d&rsquo;avant-match.  \u00ab\u00a0Mon exp\u00e9rience est qu&rsquo;il est toujours dangereux de jouer contre Manchester United. Ils ont une certaine aura et une certaine mentalit\u00e9 qui les rendent difficiles \u00e0 vaincre.<\/p>\n<p>\u00ab\u00a0Je pense que cela fait partie de l&rsquo;ADN du club qu&rsquo;ils puissent surmonter des minutes et des moments difficiles. Vous voyez dans leurs moments forts \u00e0 quel point ils sont forts et le stade [Old Trafford] joue un grand r\u00f4le.  Les spectateurs sont \u00e9mus et le stade cr\u00e9e des moments privil\u00e9gi\u00e9s.<\/p>\n<p class=\"imgI\"><img decoding=\"async\" loading=\"lazy\" class=\"l\" src=\"https:\/\/footdavant.fr\/actualites\/wp-content\/uploads\/2023\/12\/Le-Bayern-Munich-nomme-une-equipe-solide-pour-le-match.JPG\" title=\"Leroy San\u00e9 du Bayern Munich c\u00e9l\u00e8bre son but contre Manchester United le 20 septembre 2023\" alt=\"Leroy San\u00e9 du Bayern Munich c\u00e9l\u00e8bre son but contre Manchester United le 20 septembre 2023\" width=\"640\" height=\"480\"><\/p>\n<p>\u00ab\u00a0C&rsquo;est un endroit difficile pour venir jouer, mais c&rsquo;est un bon d\u00e9fi pour nous. Pour moi personnellement, un match \u00e0 Manchester United est toujours un grand match. Il ne peut \u00eatre d\u00e9crit autrement.<\/p>\n<p>\u00ab\u00a0Il [Old Trafford] est l&rsquo;une des plus grandes sc\u00e8nes du football.  Il y a une certaine aura et \u00e9lectricit\u00e9 autour de lui.  Quand ils sont bons, ils sont vraiment tr\u00e8s bons et tr\u00e8s dangereux \u00e0 toutes les positions.\u00a0\u00bb<\/p>\n<p>Le Bayern a enregistr\u00e9 une victoire 4-3 sur Man United lors du match aller dans le groupe \u00e0 l&rsquo;Allianz Arena, alors qu&rsquo;il a \u00e9galement battu Copenhague et Galatasaray (deux fois) dans le groupe.<\/p>\n<p>Les champions d&rsquo;Allemagne ont cependant \u00e9t\u00e9 tenus en \u00e9chec par Copenhague lors de leur dernier match du groupe, ce qui signifie qu&rsquo;ils n&rsquo;ont pas remport\u00e9 la victoire depuis leur victoire sur le FC Cologne en championnat le 24 novembre.<\/p>\n<p><strong>L\u2019\u00e9quipe du Bayern contre Man United :<\/strong><\/p>\n<p>Neuer, Peretz ;  Davies, Guerreiro, Kratzig, Mazraoui, Min-jae, Upamecano ;  Goretzka, Kimmich, Laimer, Pavlovic\u00a0;  Choupo-Moting, Coman, Kane, Muller, Musiala, Sane, T\u00e9l.<\/p>\n<\/div>\n","protected":false},"excerpt":{"rendered":"<p>L&rsquo;entra\u00eeneur-chef du Bayern Munich, Thomas Tuchel, nomme une \u00e9quipe de 19 joueurs pour la comp\u00e9tition de Ligue des champions de mardi avec Manchester United, dont<\/p>\n","protected":false},"author":1,"featured_media":2340,"comment_status":"closed","ping_status":"","sticky":false,"template":"","format":"standard","meta":{"footnotes":""},"categories":[4],"tags":[340,20,28,11,257,341,1220,51,2134,92,13],"yoast_head":"<!-- This site is optimized with the Yoast SEO plugin v21.0 - https:\/\/yoast.com\/wordpress\/plugins\/seo\/ -->\n<title>Le Bayern Munich nomme une \u00e9quipe solide pour le match contre Manchester United<\/title>\n<meta name=\"robots\" content=\"index, follow, max-snippet:-1, max-image-preview:large, max-video-preview:-1\" \/>\n<link rel=\"canonical\" href=\"https:\/\/footdavant.fr\/actualites\/le-bayern-munich-nomme-une-equipe-solide-pour-le-match-contre-manchester-united\/\" \/>\n<meta property=\"og:locale\" content=\"fr_FR\" \/>\n<meta property=\"og:type\" content=\"article\" \/>\n<meta property=\"og:title\" content=\"Le Bayern Munich nomme une \u00e9quipe solide pour le match contre Manchester United\" \/>\n<meta property=\"og:description\" content=\"L&rsquo;entra\u00eeneur-chef du Bayern Munich, Thomas Tuchel, nomme une \u00e9quipe de 19 joueurs pour la comp\u00e9tition de Ligue des champions de mardi avec Manchester United, dont\" \/>\n<meta property=\"og:url\" content=\"https:\/\/footdavant.fr\/actualites\/le-bayern-munich-nomme-une-equipe-solide-pour-le-match-contre-manchester-united\/\" \/>\n<meta property=\"og:site_name\" content=\"Foot d&#039;avant\" \/>\n<meta property=\"article:publisher\" content=\"https:\/\/www.facebook.com\/Footdavant\/\" \/>\n<meta property=\"article:published_time\" content=\"2023-12-12T11:55:42+00:00\" \/>\n<meta property=\"og:image\" content=\"https:\/\/footdavant.fr\/actualites\/wp-content\/uploads\/2023\/12\/Le-Bayern-Munich-nomme-une-equipe-solide-pour-le-match.jpg\" \/>\n\t<meta property=\"og:image:width\" content=\"640\" \/>\n\t<meta property=\"og:image:height\" content=\"480\" \/>\n\t<meta property=\"og:image:type\" content=\"image\/jpeg\" \/>\n<meta name=\"author\" content=\"Cl\u00e9ment\" \/>\n<meta name=\"twitter:card\" content=\"summary_large_image\" \/>\n<meta name=\"twitter:creator\" content=\"@FootdavantFr\" \/>\n<meta name=\"twitter:site\" content=\"@FootdavantFr\" \/>\n<meta name=\"twitter:label1\" content=\"\u00c9crit par\" \/>\n\t<meta name=\"twitter:data1\" content=\"Cl\u00e9ment\" \/>\n\t<meta name=\"twitter:label2\" content=\"Dur\u00e9e de lecture estim\u00e9e\" \/>\n\t<meta name=\"twitter:data2\" content=\"3 minutes\" \/>\n<script type=\"application\/ld+json\" class=\"yoast-schema-graph\">{\"@context\":\"https:\/\/schema.org\",\"@graph\":[{\"@type\":\"Article\",\"@id\":\"https:\/\/footdavant.fr\/actualites\/le-bayern-munich-nomme-une-equipe-solide-pour-le-match-contre-manchester-united\/#article\",\"isPartOf\":{\"@id\":\"https:\/\/footdavant.fr\/actualites\/le-bayern-munich-nomme-une-equipe-solide-pour-le-match-contre-manchester-united\/\"},\"author\":{\"name\":\"Cl\u00e9ment\",\"@id\":\"https:\/\/footdavant.fr\/actualites\/#\/schema\/person\/bc222566d95871b37e597b3ed3ba5e1d\"},\"headline\":\"Le Bayern Munich nomme une \u00e9quipe solide pour le match contre Manchester United\",\"datePublished\":\"2023-12-12T11:55:42+00:00\",\"dateModified\":\"2023-12-12T11:55:42+00:00\",\"mainEntityOfPage\":{\"@id\":\"https:\/\/footdavant.fr\/actualites\/le-bayern-munich-nomme-une-equipe-solide-pour-le-match-contre-manchester-united\/\"},\"wordCount\":517,\"publisher\":{\"@id\":\"https:\/\/footdavant.fr\/actualites\/#organization\"},\"keywords\":[\"Bayern\",\"contre\",\"\u00c9quipe\",\"Manchester\",\"match\",\"Munich\",\"nomme\",\"pour\",\"solide\",\"une\",\"United\"],\"articleSection\":[\"Champions League\"],\"inLanguage\":\"fr-FR\"},{\"@type\":\"WebPage\",\"@id\":\"https:\/\/footdavant.fr\/actualites\/le-bayern-munich-nomme-une-equipe-solide-pour-le-match-contre-manchester-united\/\",\"url\":\"https:\/\/footdavant.fr\/actualites\/le-bayern-munich-nomme-une-equipe-solide-pour-le-match-contre-manchester-united\/\",\"name\":\"Le Bayern Munich nomme une \u00e9quipe solide pour le match contre Manchester United\",\"isPartOf\":{\"@id\":\"https:\/\/footdavant.fr\/actualites\/#website\"},\"datePublished\":\"2023-12-12T11:55:42+00:00\",\"dateModified\":\"2023-12-12T11:55:42+00:00\",\"breadcrumb\":{\"@id\":\"https:\/\/footdavant.fr\/actualites\/le-bayern-munich-nomme-une-equipe-solide-pour-le-match-contre-manchester-united\/#breadcrumb\"},\"inLanguage\":\"fr-FR\",\"potentialAction\":[{\"@type\":\"ReadAction\",\"target\":[\"https:\/\/footdavant.fr\/actualites\/le-bayern-munich-nomme-une-equipe-solide-pour-le-match-contre-manchester-united\/\"]}]},{\"@type\":\"BreadcrumbList\",\"@id\":\"https:\/\/footdavant.fr\/actualites\/le-bayern-munich-nomme-une-equipe-solide-pour-le-match-contre-manchester-united\/#breadcrumb\",\"itemListElement\":[{\"@type\":\"ListItem\",\"position\":1,\"name\":\"Accueil\",\"item\":\"https:\/\/footdavant.fr\/actualites\/\"},{\"@type\":\"ListItem\",\"position\":2,\"name\":\"Le Bayern Munich nomme une \u00e9quipe solide pour le match contre Manchester United\"}]},{\"@type\":\"WebSite\",\"@id\":\"https:\/\/footdavant.fr\/actualites\/#website\",\"url\":\"https:\/\/footdavant.fr\/actualites\/\",\"name\":\"Foot d'avant\",\"description\":\"\",\"publisher\":{\"@id\":\"https:\/\/footdavant.fr\/actualites\/#organization\"},\"potentialAction\":[{\"@type\":\"SearchAction\",\"target\":{\"@type\":\"EntryPoint\",\"urlTemplate\":\"https:\/\/footdavant.fr\/actualites\/?s={search_term_string}\"},\"query-input\":\"required name=search_term_string\"}],\"inLanguage\":\"fr-FR\"},{\"@type\":\"Organization\",\"@id\":\"https:\/\/footdavant.fr\/actualites\/#organization\",\"name\":\"Foot d'avant\",\"url\":\"https:\/\/footdavant.fr\/actualites\/\",\"logo\":{\"@type\":\"ImageObject\",\"inLanguage\":\"fr-FR\",\"@id\":\"https:\/\/footdavant.fr\/actualites\/#\/schema\/logo\/image\/\",\"url\":\"https:\/\/footdavant.fr\/actualites\/wp-content\/uploads\/2023\/09\/Copy-of-FootDavant-Logo.png\",\"contentUrl\":\"https:\/\/footdavant.fr\/actualites\/wp-content\/uploads\/2023\/09\/Copy-of-FootDavant-Logo.png\",\"width\":936,\"height\":549,\"caption\":\"Foot d'avant\"},\"image\":{\"@id\":\"https:\/\/footdavant.fr\/actualites\/#\/schema\/logo\/image\/\"},\"sameAs\":[\"https:\/\/www.facebook.com\/Footdavant\/\",\"https:\/\/twitter.com\/FootdavantFr\",\"https:\/\/www.instagram.com\/footdavant.fr\/\"]},{\"@type\":\"Person\",\"@id\":\"https:\/\/footdavant.fr\/actualites\/#\/schema\/person\/bc222566d95871b37e597b3ed3ba5e1d\",\"name\":\"Cl\u00e9ment\",\"image\":{\"@type\":\"ImageObject\",\"inLanguage\":\"fr-FR\",\"@id\":\"https:\/\/footdavant.fr\/actualites\/#\/schema\/person\/image\/\",\"url\":\"https:\/\/secure.gravatar.com\/avatar\/7728b29aac2719421e1a9159b2254c44?s=96&d=mm&r=g\",\"contentUrl\":\"https:\/\/secure.gravatar.com\/avatar\/7728b29aac2719421e1a9159b2254c44?s=96&d=mm&r=g\",\"caption\":\"Cl\u00e9ment\"},\"sameAs\":[\"https:\/\/footdavant.fr\/\"]}]}<\/script>\n<!-- \/ Yoast SEO plugin. -->","yoast_head_json":{"title":"Le Bayern Munich nomme une \u00e9quipe solide pour le match contre Manchester United","robots":{"index":"index","follow":"follow","max-snippet":"max-snippet:-1","max-image-preview":"max-image-preview:large","max-video-preview":"max-video-preview:-1"},"canonical":"https:\/\/footdavant.fr\/actualites\/le-bayern-munich-nomme-une-equipe-solide-pour-le-match-contre-manchester-united\/","og_locale":"fr_FR","og_type":"article","og_title":"Le Bayern Munich nomme une \u00e9quipe solide pour le match contre Manchester United","og_description":"L&rsquo;entra\u00eeneur-chef du Bayern Munich, Thomas Tuchel, nomme une \u00e9quipe de 19 joueurs pour la comp\u00e9tition de Ligue des champions de mardi avec Manchester United, dont","og_url":"https:\/\/footdavant.fr\/actualites\/le-bayern-munich-nomme-une-equipe-solide-pour-le-match-contre-manchester-united\/","og_site_name":"Foot d&#039;avant","article_publisher":"https:\/\/www.facebook.com\/Footdavant\/","article_published_time":"2023-12-12T11:55:42+00:00","og_image":[{"width":640,"height":480,"url":"https:\/\/footdavant.fr\/actualites\/wp-content\/uploads\/2023\/12\/Le-Bayern-Munich-nomme-une-equipe-solide-pour-le-match.jpg","type":"image\/jpeg"}],"author":"Cl\u00e9ment","twitter_card":"summary_large_image","twitter_creator":"@FootdavantFr","twitter_site":"@FootdavantFr","twitter_misc":{"\u00c9crit par":"Cl\u00e9ment","Dur\u00e9e de lecture estim\u00e9e":"3 minutes"},"schema":{"@context":"https:\/\/schema.org","@graph":[{"@type":"Article","@id":"https:\/\/footdavant.fr\/actualites\/le-bayern-munich-nomme-une-equipe-solide-pour-le-match-contre-manchester-united\/#article","isPartOf":{"@id":"https:\/\/footdavant.fr\/actualites\/le-bayern-munich-nomme-une-equipe-solide-pour-le-match-contre-manchester-united\/"},"author":{"name":"Cl\u00e9ment","@id":"https:\/\/footdavant.fr\/actualites\/#\/schema\/person\/bc222566d95871b37e597b3ed3ba5e1d"},"headline":"Le Bayern Munich nomme une \u00e9quipe solide pour le match contre Manchester United","datePublished":"2023-12-12T11:55:42+00:00","dateModified":"2023-12-12T11:55:42+00:00","mainEntityOfPage":{"@id":"https:\/\/footdavant.fr\/actualites\/le-bayern-munich-nomme-une-equipe-solide-pour-le-match-contre-manchester-united\/"},"wordCount":517,"publisher":{"@id":"https:\/\/footdavant.fr\/actualites\/#organization"},"keywords":["Bayern","contre","\u00c9quipe","Manchester","match","Munich","nomme","pour","solide","une","United"],"articleSection":["Champions League"],"inLanguage":"fr-FR"},{"@type":"WebPage","@id":"https:\/\/footdavant.fr\/actualites\/le-bayern-munich-nomme-une-equipe-solide-pour-le-match-contre-manchester-united\/","url":"https:\/\/footdavant.fr\/actualites\/le-bayern-munich-nomme-une-equipe-solide-pour-le-match-contre-manchester-united\/","name":"Le Bayern Munich nomme une \u00e9quipe solide pour le match contre Manchester United","isPartOf":{"@id":"https:\/\/footdavant.fr\/actualites\/#website"},"datePublished":"2023-12-12T11:55:42+00:00","dateModified":"2023-12-12T11:55:42+00:00","breadcrumb":{"@id":"https:\/\/footdavant.fr\/actualites\/le-bayern-munich-nomme-une-equipe-solide-pour-le-match-contre-manchester-united\/#breadcrumb"},"inLanguage":"fr-FR","potentialAction":[{"@type":"ReadAction","target":["https:\/\/footdavant.fr\/actualites\/le-bayern-munich-nomme-une-equipe-solide-pour-le-match-contre-manchester-united\/"]}]},{"@type":"BreadcrumbList","@id":"https:\/\/footdavant.fr\/actualites\/le-bayern-munich-nomme-une-equipe-solide-pour-le-match-contre-manchester-united\/#breadcrumb","itemListElement":[{"@type":"ListItem","position":1,"name":"Accueil","item":"https:\/\/footdavant.fr\/actualites\/"},{"@type":"ListItem","position":2,"name":"Le Bayern Munich nomme une \u00e9quipe solide pour le match contre Manchester United"}]},{"@type":"WebSite","@id":"https:\/\/footdavant.fr\/actualites\/#website","url":"https:\/\/footdavant.fr\/actualites\/","name":"Foot d'avant","description":"","publisher":{"@id":"https:\/\/footdavant.fr\/actualites\/#organization"},"potentialAction":[{"@type":"SearchAction","target":{"@type":"EntryPoint","urlTemplate":"https:\/\/footdavant.fr\/actualites\/?s={search_term_string}"},"query-input":"required name=search_term_string"}],"inLanguage":"fr-FR"},{"@type":"Organization","@id":"https:\/\/footdavant.fr\/actualites\/#organization","name":"Foot d'avant","url":"https:\/\/footdavant.fr\/actualites\/","logo":{"@type":"ImageObject","inLanguage":"fr-FR","@id":"https:\/\/footdavant.fr\/actualites\/#\/schema\/logo\/image\/","url":"https:\/\/footdavant.fr\/actualites\/wp-content\/uploads\/2023\/09\/Copy-of-FootDavant-Logo.png","contentUrl":"https:\/\/footdavant.fr\/actualites\/wp-content\/uploads\/2023\/09\/Copy-of-FootDavant-Logo.png","width":936,"height":549,"caption":"Foot d'avant"},"image":{"@id":"https:\/\/footdavant.fr\/actualites\/#\/schema\/logo\/image\/"},"sameAs":["https:\/\/www.facebook.com\/Footdavant\/","https:\/\/twitter.com\/FootdavantFr","https:\/\/www.instagram.com\/footdavant.fr\/"]},{"@type":"Person","@id":"https:\/\/footdavant.fr\/actualites\/#\/schema\/person\/bc222566d95871b37e597b3ed3ba5e1d","name":"Cl\u00e9ment","image":{"@type":"ImageObject","inLanguage":"fr-FR","@id":"https:\/\/footdavant.fr\/actualites\/#\/schema\/person\/image\/","url":"https:\/\/secure.gravatar.com\/avatar\/7728b29aac2719421e1a9159b2254c44?s=96&d=mm&r=g","contentUrl":"https:\/\/secure.gravatar.com\/avatar\/7728b29aac2719421e1a9159b2254c44?s=96&d=mm&r=g","caption":"Cl\u00e9ment"},"sameAs":["https:\/\/footdavant.fr\/"]}]}},"_links":{"self":[{"href":"https:\/\/footdavant.fr\/actualites\/wp-json\/wp\/v2\/posts\/2339"}],"collection":[{"href":"https:\/\/footdavant.fr\/actualites\/wp-json\/wp\/v2\/posts"}],"about":[{"href":"https:\/\/footdavant.fr\/actualites\/wp-json\/wp\/v2\/types\/post"}],"author":[{"embeddable":true,"href":"https:\/\/footdavant.fr\/actualites\/wp-json\/wp\/v2\/users\/1"}],"replies":[{"embeddable":true,"href":"https:\/\/footdavant.fr\/actualites\/wp-json\/wp\/v2\/comments?post=2339"}],"version-history":[{"count":1,"href":"https:\/\/footdavant.fr\/actualites\/wp-json\/wp\/v2\/posts\/2339\/revisions"}],"predecessor-version":[{"id":2341,"href":"https:\/\/footdavant.fr\/actualites\/wp-json\/wp\/v2\/posts\/2339\/revisions\/2341"}],"wp:featuredmedia":[{"embeddable":true,"href":"https:\/\/footdavant.fr\/actualites\/wp-json\/wp\/v2\/media\/2340"}],"wp:attachment":[{"href":"https:\/\/footdavant.fr\/actualites\/wp-json\/wp\/v2\/media?parent=2339"}],"wp:term":[{"taxonomy":"category","embeddable":true,"href":"https:\/\/footdavant.fr\/actualites\/wp-json\/wp\/v2\/categories?post=2339"},{"taxonomy":"post_tag","embeddable":true,"href":"https:\/\/footdavant.fr\/actualites\/wp-json\/wp\/v2\/tags?post=2339"}],"curies":[{"name":"wp","href":"https:\/\/api.w.org\/{rel}","templated":true}]}}