{"id":236,"date":"2023-11-03T16:49:56","date_gmt":"2023-11-03T15:49:56","guid":{"rendered":"https:\/\/footdavant.fr\/actualites\/apercu-feyenoord-contre-lazio-pronostics-actualites-de-lequipe-compositions\/"},"modified":"2023-11-03T16:49:57","modified_gmt":"2023-11-03T15:49:57","slug":"apercu-feyenoord-contre-lazio-pronostics-actualites-de-lequipe-compositions","status":"publish","type":"post","link":"https:\/\/footdavant.fr\/actualites\/apercu-feyenoord-contre-lazio-pronostics-actualites-de-lequipe-compositions\/","title":{"rendered":"Aper\u00e7u : Feyenoord contre Lazio \u2013 pronostics, actualit\u00e9s de l&rsquo;\u00e9quipe, compositions"},"content":{"rendered":"<p>Sports Mole pr\u00e9sente un aper\u00e7u du choc de la Ligue des champions de mercredi entre Feyenoord et la Lazio, y compris les pronostics, les nouvelles de l&rsquo;\u00e9quipe et les compositions possibles.<\/p>\n<div id=\"article_body\" itemprop=\"articleBody\">\n<p class=\"firstPara\"><strong class=\"autotag\">Feyenoord<\/strong> accueillir <strong class=\"autotag\">Latium<\/strong> \u00e0 De Kuip mercredi dans le <strong class=\"autotag\">Ligue des champions<\/strong> dans ce qui s&rsquo;annonce comme une rencontre \u00e2prement disput\u00e9e, car les deux \u00e9quipes ont de r\u00e9elles ambitions de se qualifier pour les huiti\u00e8mes de finale.<\/p>\n<p>La Lazio a un l\u00e9ger avantage apr\u00e8s deux matches gr\u00e2ce \u00e0 son match nul tardif contre l&rsquo;Atletico Madrid, alors que les deux ont d\u00e9j\u00e0 enregistr\u00e9 des victoires contre le Celtic dans le groupe E.<\/p>\n<hr class=\"divide\">\n<h2>Aper\u00e7u du match<\/h2>\n<p class=\"imgI\">\n<p>Faisant sa premi\u00e8re apparition dans la comp\u00e9tition depuis 2017, Feyenoord y verra sans doute sa meilleure chance de d\u00e9passer les groupes.<\/p>\n<p>Les vainqueurs de 1970 n&rsquo;ont jamais d\u00e9pass\u00e9 la phase de groupes, mais ils ont montr\u00e9 suffisamment de signes pour croire qu&rsquo;ils peuvent terminer parmi les deux premiers.<\/p>\n<p>Feyenoord \u00e9tait bien meilleur que le Celtic lors de la premi\u00e8re journ\u00e9e, et l&rsquo;\u00e9quipe n\u00e9erlandaise a \u00e9t\u00e9 malheureuse \u00e0 Madrid, s&rsquo;inclinant 3-2 contre l&rsquo;Atletico malgr\u00e9 deux avances au Metropolitano.<\/p>\n<p>Avec la Lazio en t\u00eate, affronter les deux clubs de la capitale italienne est une chose \u00e0 laquelle Feyenoord est d\u00e9sormais habitu\u00e9.<\/p>\n<p>Les rivaux de la Lazio, la Roma, ont \u00e9t\u00e9 le fl\u00e9au de Feyenoord en Europe, les battant lors de la finale de la Ligue Europa Conf\u00e9rence 2022, ainsi que les \u00e9liminant de la Ligue Europa la saison derni\u00e8re.<\/p>\n<p>La derni\u00e8re fois avant cela o\u00f9 Feyenoord a d\u00e9pass\u00e9 les groupes, c&rsquo;\u00e9tait lors de la Ligue Europa 2014-15, et la Roma \u00e9tait \u00e9galement sur place pour les \u00e9liminer cette saison-l\u00e0.<\/p>\n<p>Les champions d&rsquo;Eredivisie ont connu un peu plus de succ\u00e8s lorsqu&rsquo;ils ont affront\u00e9 la Lazio en phase de groupes de la saison de Ligue Europa, les battant 1-0 ici \u00e0 De Kuip.<\/p>\n<p>Dans un groupe remarquable o\u00f9 les quatre \u00e9quipes ont termin\u00e9 avec huit points, c&rsquo;est l&rsquo;\u00e9quipe n\u00e9erlandaise qui s&rsquo;est impos\u00e9e en tant que vainqueur du groupe gr\u00e2ce aux buts marqu\u00e9s.<\/p>\n<p>Cette victoire contre la Lazio a permis de maintenir un solide bilan contre des \u00e9quipes de Serie A, puisque Feyenoord n&rsquo;a perdu qu&rsquo;un de ses neuf derniers matchs contre des clubs italiens \u00e0 domicile.<\/p>\n<p><strong class=\"autotag\">Machine \u00e0 sous Arne<\/strong>L&rsquo;\u00e9quipe de Milan devrait \u00e9galement aborder ce match en pleine confiance apr\u00e8s une nouvelle grande victoire nationale ce week-end.<\/p>\n<p>Une victoire 4-0 contre Vitesse signifie que Feyenoord a remport\u00e9 sept matches de championnat d&rsquo;affil\u00e9e et a pris 23 points sur 27 possibles pour commencer la saison, avec une moyenne de plus de 3,5 buts par match.<\/p>\n<p class=\"imgI\"><img decoding=\"async\" loading=\"lazy\" class=\"l\" src=\"https:\/\/footdavant.fr\/actualites\/wp-content\/uploads\/2023\/11\/1699026596_859_Apercu-Feyenoord-contre-Lazio-\u2013-pronostics-actualites-de-lequipe.jpg\" title=\"L'entra\u00eeneur de la Lazio Maurizio Sarri le 4 octobre 2023\" alt=\"L'entra\u00eeneur de la Lazio Maurizio Sarri le 4 octobre 2023\" width=\"640\" height=\"480\"><\/p>\n<p>Alors que Feyenoord esp\u00e8re progresser, la Lazio aussi, et elle est en forme au moment id\u00e9al alors qu&rsquo;elle cherche un deuxi\u00e8me passage cons\u00e9cutif en phase de groupes, apr\u00e8s l&rsquo;avoir fait lors de sa derni\u00e8re apparition en 2020-21.<\/p>\n<p>La Lazio compte quatre points lors de ses deux premiers matches de Ligue des champions, mais elle les a gagn\u00e9s \u00e0 la dure dans ce qui a \u00e9t\u00e9 un d\u00e9but incroyablement dramatique.<\/p>\n<p><strong class=\"autotag\">Maurizio Sarri<\/strong> a vu son \u00e9quipe marquer des buts \u00e0 la 95e minute pour d\u00e9crocher un point contre l&rsquo;Atletico et vaincre le Celtic \u00e0 Glasgow.<\/p>\n<p><strong class=\"autotag\">Ivan Prov\u00e9del<\/strong>Le remarquable but tardif de au Stadio Olimpico lors de la premi\u00e8re journ\u00e9e sera un moment difficile comme le moment de la saison dans cette comp\u00e9tition, mais il y a eu aussi des sc\u00e8nes d\u00e9lirantes lorsque <strong class=\"autotag\">Pierre<\/strong> a d\u00e9croch\u00e9 les trois points au Celtic Park.<\/p>\n<p>Cette victoire au Celtic a mis fin \u00e0 une s\u00e9quence de 10 matchs sans victoire \u00e0 l&rsquo;ext\u00e9rieur dans cette comp\u00e9tition, donc mettre fin \u00e0 cette s\u00e9quence st\u00e9rile devrait donner plus de confiance \u00e0 la Lazio avant un autre voyage \u00e0 l&rsquo;ext\u00e9rieur.<\/p>\n<p>La Lazio a \u00e9galement franchi un cap apr\u00e8s un d\u00e9but lamentable, puisqu&rsquo;une victoire de routine 2-0 \u00e0 Sassuolo samedi signifie qu&rsquo;elle a d\u00e9sormais remport\u00e9 quatre de ses cinq derniers matchs toutes comp\u00e9titions confondues.<\/p>\n<p>Cela s&rsquo;est produit apr\u00e8s avoir remport\u00e9 un seul de leurs six premiers, ce qui les a fait chuter pr\u00e8s du bas, mais la r\u00e9cente reprise signifie que l&rsquo;\u00e9quipe de Sarri occupe actuellement la neuvi\u00e8me place de la Serie A.<\/p>\n<p>Forme de la Ligue des Champions de Feyenoord :<\/p>\n<p>Forme Feyenoord (toutes comp\u00e9titions) :<\/p>\n<p>Forme de la Ligue des Champions de la Lazio :<\/p>\n<p>Forme Lazio (toutes comp\u00e9titions) :<\/p>\n<p>Annonce &#8211; contenu ci-dessous\u00a0:<\/p>\n<hr class=\"divide\">\n<h2>Nouvelles de l&rsquo;\u00e9quipe<\/h2>\n<p class=\"imgI\"><img decoding=\"async\" loading=\"lazy\" class=\"l\" src=\"https:\/\/footdavant.fr\/actualites\/wp-content\/uploads\/2023\/11\/Apercu-Feyenoord-contre-Lazio-\u2013-pronostics-actualites-de-lequipe.jpeg\" title=\"Santiago Gimenez c\u00e9l\u00e8bre son but pour Feyenoord le 15 septembre 2022\" alt=\"Santiago Gimenez c\u00e9l\u00e8bre son but pour Feyenoord le 15 septembre 2022\" width=\"640\" height=\"480\"><\/p>\n<p>Malgr\u00e9 une victoire positive 4-0 ce week-end pour Feyenoord, cela a eu un co\u00fbt, car les deux <strong class=\"autotag\">Santiago Gim\u00e9nez<\/strong> et <strong class=\"autotag\">Yankuba Minteh<\/strong> a subi des blessures qui pourraient les faire rater ici.<\/p>\n<p>Gimenez a marqu\u00e9 le seul but lors de sa victoire 1-0 contre la Lazio la saison derni\u00e8re, et ses 13 buts en neuf apparitions jusqu&rsquo;\u00e0 pr\u00e9sent seront un \u00e9norme rat\u00e9.<\/p>\n<p>Joueur croate <strong class=\"autotag\">Luka Ivanusec<\/strong> est incertain pour celui-ci car il se remet d&rsquo;une blessure mineure \u00e0 la cheville, tandis que le d\u00e9fenseur <strong class=\"autotag\">Gernot Trauner<\/strong> sera mis \u00e0 l&rsquo;\u00e9cart en raison d&rsquo;une blessure au genou.<\/p>\n<p><strong class=\"autotag\">Ciro Immobile<\/strong> sera en lice pour d\u00e9buter pour la Lazio apr\u00e8s son retour de la blessure qui l&rsquo;a emp\u00each\u00e9 de faire partie de l&rsquo;\u00e9quipe d&rsquo;Italie la semaine derni\u00e8re.<\/p>\n<p>Mais en son absence, <strong class=\"autotag\">Taty Castellanos<\/strong> est revenu en forme, marquant un but et en aidant deux autres dans les deux matches depuis le revers mineur d&rsquo;Immobile.<\/p>\n<p><strong class=\"autotag\">Mattia Zaccagni<\/strong> est sur le point de revenir dans l&rsquo;\u00e9quipe apr\u00e8s s&rsquo;\u00eatre repos\u00e9 ce week-end, et il remplacera probablement Pedro, qui est devenu le plus vieux buteur de la Lazio en Ligue des champions apr\u00e8s avoir marqu\u00e9 le but vainqueur au Celtic.<\/p>\n<p><strong class=\"autotag\">Mat\u00edas Vecino<\/strong> et <strong class=\"autotag\">Elseid Hysaj<\/strong> sont en lice pour commencer avec Sarri susceptible de m\u00e9langer un peu le peloton de l&rsquo;\u00e9quipe qui a gagn\u00e9 \u00e0 Reggio Emilia ce week-end.<\/p>\n<p><strong>Composition de d\u00e9part possible de Feyenoord :<\/strong><br \/>Bijlow\u00a0;  Nieuwkoop, Geertruida, Hancko, Hartman\u00a0;  Wieffer, Zerrouki, Bois\u00a0;  Stengs, Ueda, Igor Paixao<\/p>\n<p><strong>Composition de d\u00e9part possible de la Lazio :<\/strong><br \/>Prov\u00e9del\u00a0;  Lazzari, Casale, Romagnoli, Hysaj;  Guendouzi, Vecino, Luis Alberto;  Felipe Anderson, Castellanos, Zaccagni<\/p>\n<hr class=\"divide\">\n<p class=\"sm_center\"><img decoding=\"async\" loading=\"lazy\" class=\"l\" src=\"https:\/\/footdavant.fr\/actualites\/wp-content\/uploads\/2023\/11\/Apercu-Feyenoord-contre-Lazio-\u2013-pronostics-actualites-de-lequipe.png\" title=\"Mots SM fond vert\" alt=\"Mots SM fond vert\" width=\"210\" height=\"53\"><\/p>\n<h2 class=\"sm_center\">Nous disons : Feyenoord 1-1 Lazio<\/h2>\n<p>Dans ce qui est une rencontre tr\u00e8s serr\u00e9e sur le papier, de fines marges seront probablement d\u00e9cisives dans ce qui pourrait bien \u00eatre une fusillade directe pour la deuxi\u00e8me place du Groupe E.<\/p>\n<p>Feyenoord sera fortement affaibli si Gimenez manque en raison d&rsquo;une blessure, car son meilleur buteur a fait la diff\u00e9rence entre les \u00e9quipes lors de cet affrontement la saison derni\u00e8re.<\/p>\n<p>Pour l\u2019analyse des donn\u00e9es des r\u00e9sultats les plus probables, des scores et plus encore pour ce match, veuillez cliquer ici.<\/p>\n<hr class=\"divide\">\n<div id=\"advert46\" class=\"spXcQ\">\n<h2>Astuce<\/h2>\n<div>\n<p>Nos partenaires experts pronostiqueurs sur Sporita.com pr\u00e9disent moins de 3,5 buts dans ce match.  Cliquez ici pour d\u00e9couvrir ce qu\u2019ils pr\u00e9disent d\u2019autre pour ce match et pour en savoir plus sur leurs conseils de football \u00e9prouv\u00e9s.\n<\/p><\/div>\n<\/div>\n<hr class=\"divide\">\n<h2>Aper\u00e7us par email<\/h2>\n<div>Cliquez ici pour obtenir <strong>Taupe de sport<\/strong>L&rsquo;e-mail quotidien d&rsquo;avant-premi\u00e8res et de pronostics pour chaque jeu majeur\u00a0!<\/div>\n<p><\/p>\n<hr class=\"divide\"><\/div>\n","protected":false},"excerpt":{"rendered":"<p>Sports Mole pr\u00e9sente un aper\u00e7u du choc de la Ligue des champions de mercredi entre Feyenoord et la Lazio, y compris les pronostics, les nouvelles<\/p>\n","protected":false},"author":1,"featured_media":237,"comment_status":"closed","ping_status":"","sticky":false,"template":"","format":"standard","meta":{"footnotes":""},"categories":[4],"tags":[7,284,383,20,406,407,9,382],"yoast_head":"<!-- This site is optimized with the Yoast SEO plugin v21.0 - https:\/\/yoast.com\/wordpress\/plugins\/seo\/ -->\n<title>Aper\u00e7u : Feyenoord contre Lazio \u2013 pronostics, actualit\u00e9s de l&#039;\u00e9quipe, compositions<\/title>\n<meta name=\"robots\" content=\"index, follow, max-snippet:-1, max-image-preview:large, max-video-preview:-1\" \/>\n<link rel=\"canonical\" href=\"https:\/\/footdavant.fr\/actualites\/apercu-feyenoord-contre-lazio-pronostics-actualites-de-lequipe-compositions\/\" \/>\n<meta property=\"og:locale\" content=\"fr_FR\" \/>\n<meta property=\"og:type\" content=\"article\" \/>\n<meta property=\"og:title\" content=\"Aper\u00e7u : Feyenoord contre Lazio \u2013 pronostics, actualit\u00e9s de l&#039;\u00e9quipe, compositions\" \/>\n<meta property=\"og:description\" content=\"Sports Mole pr\u00e9sente un aper\u00e7u du choc de la Ligue des champions de mercredi entre Feyenoord et la Lazio, y compris les pronostics, les nouvelles\" \/>\n<meta property=\"og:url\" content=\"https:\/\/footdavant.fr\/actualites\/apercu-feyenoord-contre-lazio-pronostics-actualites-de-lequipe-compositions\/\" \/>\n<meta property=\"og:site_name\" content=\"Foot d&#039;avant\" \/>\n<meta property=\"article:publisher\" content=\"https:\/\/www.facebook.com\/Footdavant\/\" \/>\n<meta property=\"article:published_time\" content=\"2023-11-03T15:49:56+00:00\" \/>\n<meta property=\"article:modified_time\" content=\"2023-11-03T15:49:57+00:00\" \/>\n<meta property=\"og:image\" content=\"https:\/\/footdavant.fr\/actualites\/wp-content\/uploads\/2023\/11\/Apercu-Feyenoord-contre-Lazio-\u2013-pronostics-actualites-de-lequipe.jpg\" \/>\n\t<meta property=\"og:image:width\" content=\"640\" \/>\n\t<meta property=\"og:image:height\" content=\"480\" \/>\n\t<meta property=\"og:image:type\" content=\"image\/jpeg\" \/>\n<meta name=\"author\" content=\"Cl\u00e9ment\" \/>\n<meta name=\"twitter:card\" content=\"summary_large_image\" \/>\n<meta name=\"twitter:creator\" content=\"@FootdavantFr\" \/>\n<meta name=\"twitter:site\" content=\"@FootdavantFr\" \/>\n<meta name=\"twitter:label1\" content=\"\u00c9crit par\" \/>\n\t<meta name=\"twitter:data1\" content=\"Cl\u00e9ment\" \/>\n\t<meta name=\"twitter:label2\" content=\"Dur\u00e9e de lecture estim\u00e9e\" \/>\n\t<meta name=\"twitter:data2\" content=\"6 minutes\" \/>\n<script type=\"application\/ld+json\" class=\"yoast-schema-graph\">{\"@context\":\"https:\/\/schema.org\",\"@graph\":[{\"@type\":\"Article\",\"@id\":\"https:\/\/footdavant.fr\/actualites\/apercu-feyenoord-contre-lazio-pronostics-actualites-de-lequipe-compositions\/#article\",\"isPartOf\":{\"@id\":\"https:\/\/footdavant.fr\/actualites\/apercu-feyenoord-contre-lazio-pronostics-actualites-de-lequipe-compositions\/\"},\"author\":{\"name\":\"Cl\u00e9ment\",\"@id\":\"https:\/\/footdavant.fr\/actualites\/#\/schema\/person\/bc222566d95871b37e597b3ed3ba5e1d\"},\"headline\":\"Aper\u00e7u : Feyenoord contre Lazio \u2013 pronostics, actualit\u00e9s de l&rsquo;\u00e9quipe, compositions\",\"datePublished\":\"2023-11-03T15:49:56+00:00\",\"dateModified\":\"2023-11-03T15:49:57+00:00\",\"mainEntityOfPage\":{\"@id\":\"https:\/\/footdavant.fr\/actualites\/apercu-feyenoord-contre-lazio-pronostics-actualites-de-lequipe-compositions\/\"},\"wordCount\":1207,\"publisher\":{\"@id\":\"https:\/\/footdavant.fr\/actualites\/#organization\"},\"keywords\":[\"Actualit\u00e9s\",\"Aper\u00e7u\",\"compositions\",\"contre\",\"Feyenoord\",\"Lazio\",\"l\u00e9quipe\",\"pronostics\"],\"articleSection\":[\"Champions League\"],\"inLanguage\":\"fr-FR\"},{\"@type\":\"WebPage\",\"@id\":\"https:\/\/footdavant.fr\/actualites\/apercu-feyenoord-contre-lazio-pronostics-actualites-de-lequipe-compositions\/\",\"url\":\"https:\/\/footdavant.fr\/actualites\/apercu-feyenoord-contre-lazio-pronostics-actualites-de-lequipe-compositions\/\",\"name\":\"Aper\u00e7u : Feyenoord contre Lazio \u2013 pronostics, actualit\u00e9s de l'\u00e9quipe, compositions\",\"isPartOf\":{\"@id\":\"https:\/\/footdavant.fr\/actualites\/#website\"},\"datePublished\":\"2023-11-03T15:49:56+00:00\",\"dateModified\":\"2023-11-03T15:49:57+00:00\",\"breadcrumb\":{\"@id\":\"https:\/\/footdavant.fr\/actualites\/apercu-feyenoord-contre-lazio-pronostics-actualites-de-lequipe-compositions\/#breadcrumb\"},\"inLanguage\":\"fr-FR\",\"potentialAction\":[{\"@type\":\"ReadAction\",\"target\":[\"https:\/\/footdavant.fr\/actualites\/apercu-feyenoord-contre-lazio-pronostics-actualites-de-lequipe-compositions\/\"]}]},{\"@type\":\"BreadcrumbList\",\"@id\":\"https:\/\/footdavant.fr\/actualites\/apercu-feyenoord-contre-lazio-pronostics-actualites-de-lequipe-compositions\/#breadcrumb\",\"itemListElement\":[{\"@type\":\"ListItem\",\"position\":1,\"name\":\"Accueil\",\"item\":\"https:\/\/footdavant.fr\/actualites\/\"},{\"@type\":\"ListItem\",\"position\":2,\"name\":\"Aper\u00e7u : Feyenoord contre Lazio \u2013 pronostics, actualit\u00e9s de l&rsquo;\u00e9quipe, compositions\"}]},{\"@type\":\"WebSite\",\"@id\":\"https:\/\/footdavant.fr\/actualites\/#website\",\"url\":\"https:\/\/footdavant.fr\/actualites\/\",\"name\":\"Foot d'avant\",\"description\":\"\",\"publisher\":{\"@id\":\"https:\/\/footdavant.fr\/actualites\/#organization\"},\"potentialAction\":[{\"@type\":\"SearchAction\",\"target\":{\"@type\":\"EntryPoint\",\"urlTemplate\":\"https:\/\/footdavant.fr\/actualites\/?s={search_term_string}\"},\"query-input\":\"required name=search_term_string\"}],\"inLanguage\":\"fr-FR\"},{\"@type\":\"Organization\",\"@id\":\"https:\/\/footdavant.fr\/actualites\/#organization\",\"name\":\"Foot d'avant\",\"url\":\"https:\/\/footdavant.fr\/actualites\/\",\"logo\":{\"@type\":\"ImageObject\",\"inLanguage\":\"fr-FR\",\"@id\":\"https:\/\/footdavant.fr\/actualites\/#\/schema\/logo\/image\/\",\"url\":\"https:\/\/footdavant.fr\/actualites\/wp-content\/uploads\/2023\/09\/Copy-of-FootDavant-Logo.png\",\"contentUrl\":\"https:\/\/footdavant.fr\/actualites\/wp-content\/uploads\/2023\/09\/Copy-of-FootDavant-Logo.png\",\"width\":936,\"height\":549,\"caption\":\"Foot d'avant\"},\"image\":{\"@id\":\"https:\/\/footdavant.fr\/actualites\/#\/schema\/logo\/image\/\"},\"sameAs\":[\"https:\/\/www.facebook.com\/Footdavant\/\",\"https:\/\/twitter.com\/FootdavantFr\",\"https:\/\/www.instagram.com\/footdavant.fr\/\"]},{\"@type\":\"Person\",\"@id\":\"https:\/\/footdavant.fr\/actualites\/#\/schema\/person\/bc222566d95871b37e597b3ed3ba5e1d\",\"name\":\"Cl\u00e9ment\",\"image\":{\"@type\":\"ImageObject\",\"inLanguage\":\"fr-FR\",\"@id\":\"https:\/\/footdavant.fr\/actualites\/#\/schema\/person\/image\/\",\"url\":\"https:\/\/secure.gravatar.com\/avatar\/7728b29aac2719421e1a9159b2254c44?s=96&d=mm&r=g\",\"contentUrl\":\"https:\/\/secure.gravatar.com\/avatar\/7728b29aac2719421e1a9159b2254c44?s=96&d=mm&r=g\",\"caption\":\"Cl\u00e9ment\"},\"sameAs\":[\"https:\/\/footdavant.fr\/\"]}]}<\/script>\n<!-- \/ Yoast SEO plugin. -->","yoast_head_json":{"title":"Aper\u00e7u : Feyenoord contre Lazio \u2013 pronostics, actualit\u00e9s de l'\u00e9quipe, compositions","robots":{"index":"index","follow":"follow","max-snippet":"max-snippet:-1","max-image-preview":"max-image-preview:large","max-video-preview":"max-video-preview:-1"},"canonical":"https:\/\/footdavant.fr\/actualites\/apercu-feyenoord-contre-lazio-pronostics-actualites-de-lequipe-compositions\/","og_locale":"fr_FR","og_type":"article","og_title":"Aper\u00e7u : Feyenoord contre Lazio \u2013 pronostics, actualit\u00e9s de l'\u00e9quipe, compositions","og_description":"Sports Mole pr\u00e9sente un aper\u00e7u du choc de la Ligue des champions de mercredi entre Feyenoord et la Lazio, y compris les pronostics, les nouvelles","og_url":"https:\/\/footdavant.fr\/actualites\/apercu-feyenoord-contre-lazio-pronostics-actualites-de-lequipe-compositions\/","og_site_name":"Foot d&#039;avant","article_publisher":"https:\/\/www.facebook.com\/Footdavant\/","article_published_time":"2023-11-03T15:49:56+00:00","article_modified_time":"2023-11-03T15:49:57+00:00","og_image":[{"width":640,"height":480,"url":"https:\/\/footdavant.fr\/actualites\/wp-content\/uploads\/2023\/11\/Apercu-Feyenoord-contre-Lazio-\u2013-pronostics-actualites-de-lequipe.jpg","type":"image\/jpeg"}],"author":"Cl\u00e9ment","twitter_card":"summary_large_image","twitter_creator":"@FootdavantFr","twitter_site":"@FootdavantFr","twitter_misc":{"\u00c9crit par":"Cl\u00e9ment","Dur\u00e9e de lecture estim\u00e9e":"6 minutes"},"schema":{"@context":"https:\/\/schema.org","@graph":[{"@type":"Article","@id":"https:\/\/footdavant.fr\/actualites\/apercu-feyenoord-contre-lazio-pronostics-actualites-de-lequipe-compositions\/#article","isPartOf":{"@id":"https:\/\/footdavant.fr\/actualites\/apercu-feyenoord-contre-lazio-pronostics-actualites-de-lequipe-compositions\/"},"author":{"name":"Cl\u00e9ment","@id":"https:\/\/footdavant.fr\/actualites\/#\/schema\/person\/bc222566d95871b37e597b3ed3ba5e1d"},"headline":"Aper\u00e7u : Feyenoord contre Lazio \u2013 pronostics, actualit\u00e9s de l&rsquo;\u00e9quipe, compositions","datePublished":"2023-11-03T15:49:56+00:00","dateModified":"2023-11-03T15:49:57+00:00","mainEntityOfPage":{"@id":"https:\/\/footdavant.fr\/actualites\/apercu-feyenoord-contre-lazio-pronostics-actualites-de-lequipe-compositions\/"},"wordCount":1207,"publisher":{"@id":"https:\/\/footdavant.fr\/actualites\/#organization"},"keywords":["Actualit\u00e9s","Aper\u00e7u","compositions","contre","Feyenoord","Lazio","l\u00e9quipe","pronostics"],"articleSection":["Champions League"],"inLanguage":"fr-FR"},{"@type":"WebPage","@id":"https:\/\/footdavant.fr\/actualites\/apercu-feyenoord-contre-lazio-pronostics-actualites-de-lequipe-compositions\/","url":"https:\/\/footdavant.fr\/actualites\/apercu-feyenoord-contre-lazio-pronostics-actualites-de-lequipe-compositions\/","name":"Aper\u00e7u : Feyenoord contre Lazio \u2013 pronostics, actualit\u00e9s de l'\u00e9quipe, compositions","isPartOf":{"@id":"https:\/\/footdavant.fr\/actualites\/#website"},"datePublished":"2023-11-03T15:49:56+00:00","dateModified":"2023-11-03T15:49:57+00:00","breadcrumb":{"@id":"https:\/\/footdavant.fr\/actualites\/apercu-feyenoord-contre-lazio-pronostics-actualites-de-lequipe-compositions\/#breadcrumb"},"inLanguage":"fr-FR","potentialAction":[{"@type":"ReadAction","target":["https:\/\/footdavant.fr\/actualites\/apercu-feyenoord-contre-lazio-pronostics-actualites-de-lequipe-compositions\/"]}]},{"@type":"BreadcrumbList","@id":"https:\/\/footdavant.fr\/actualites\/apercu-feyenoord-contre-lazio-pronostics-actualites-de-lequipe-compositions\/#breadcrumb","itemListElement":[{"@type":"ListItem","position":1,"name":"Accueil","item":"https:\/\/footdavant.fr\/actualites\/"},{"@type":"ListItem","position":2,"name":"Aper\u00e7u : Feyenoord contre Lazio \u2013 pronostics, actualit\u00e9s de l&rsquo;\u00e9quipe, compositions"}]},{"@type":"WebSite","@id":"https:\/\/footdavant.fr\/actualites\/#website","url":"https:\/\/footdavant.fr\/actualites\/","name":"Foot d'avant","description":"","publisher":{"@id":"https:\/\/footdavant.fr\/actualites\/#organization"},"potentialAction":[{"@type":"SearchAction","target":{"@type":"EntryPoint","urlTemplate":"https:\/\/footdavant.fr\/actualites\/?s={search_term_string}"},"query-input":"required name=search_term_string"}],"inLanguage":"fr-FR"},{"@type":"Organization","@id":"https:\/\/footdavant.fr\/actualites\/#organization","name":"Foot d'avant","url":"https:\/\/footdavant.fr\/actualites\/","logo":{"@type":"ImageObject","inLanguage":"fr-FR","@id":"https:\/\/footdavant.fr\/actualites\/#\/schema\/logo\/image\/","url":"https:\/\/footdavant.fr\/actualites\/wp-content\/uploads\/2023\/09\/Copy-of-FootDavant-Logo.png","contentUrl":"https:\/\/footdavant.fr\/actualites\/wp-content\/uploads\/2023\/09\/Copy-of-FootDavant-Logo.png","width":936,"height":549,"caption":"Foot d'avant"},"image":{"@id":"https:\/\/footdavant.fr\/actualites\/#\/schema\/logo\/image\/"},"sameAs":["https:\/\/www.facebook.com\/Footdavant\/","https:\/\/twitter.com\/FootdavantFr","https:\/\/www.instagram.com\/footdavant.fr\/"]},{"@type":"Person","@id":"https:\/\/footdavant.fr\/actualites\/#\/schema\/person\/bc222566d95871b37e597b3ed3ba5e1d","name":"Cl\u00e9ment","image":{"@type":"ImageObject","inLanguage":"fr-FR","@id":"https:\/\/footdavant.fr\/actualites\/#\/schema\/person\/image\/","url":"https:\/\/secure.gravatar.com\/avatar\/7728b29aac2719421e1a9159b2254c44?s=96&d=mm&r=g","contentUrl":"https:\/\/secure.gravatar.com\/avatar\/7728b29aac2719421e1a9159b2254c44?s=96&d=mm&r=g","caption":"Cl\u00e9ment"},"sameAs":["https:\/\/footdavant.fr\/"]}]}},"_links":{"self":[{"href":"https:\/\/footdavant.fr\/actualites\/wp-json\/wp\/v2\/posts\/236"}],"collection":[{"href":"https:\/\/footdavant.fr\/actualites\/wp-json\/wp\/v2\/posts"}],"about":[{"href":"https:\/\/footdavant.fr\/actualites\/wp-json\/wp\/v2\/types\/post"}],"author":[{"embeddable":true,"href":"https:\/\/footdavant.fr\/actualites\/wp-json\/wp\/v2\/users\/1"}],"replies":[{"embeddable":true,"href":"https:\/\/footdavant.fr\/actualites\/wp-json\/wp\/v2\/comments?post=236"}],"version-history":[{"count":1,"href":"https:\/\/footdavant.fr\/actualites\/wp-json\/wp\/v2\/posts\/236\/revisions"}],"predecessor-version":[{"id":238,"href":"https:\/\/footdavant.fr\/actualites\/wp-json\/wp\/v2\/posts\/236\/revisions\/238"}],"wp:featuredmedia":[{"embeddable":true,"href":"https:\/\/footdavant.fr\/actualites\/wp-json\/wp\/v2\/media\/237"}],"wp:attachment":[{"href":"https:\/\/footdavant.fr\/actualites\/wp-json\/wp\/v2\/media?parent=236"}],"wp:term":[{"taxonomy":"category","embeddable":true,"href":"https:\/\/footdavant.fr\/actualites\/wp-json\/wp\/v2\/categories?post=236"},{"taxonomy":"post_tag","embeddable":true,"href":"https:\/\/footdavant.fr\/actualites\/wp-json\/wp\/v2\/tags?post=236"}],"curies":[{"name":"wp","href":"https:\/\/api.w.org\/{rel}","templated":true}]}}