{"id":2362,"date":"2023-12-12T21:49:13","date_gmt":"2023-12-12T20:49:13","guid":{"rendered":"https:\/\/footdavant.fr\/actualites\/apercu-celtic-contre-feyenoord-pronostics-actualites-de-lequipe-compositions\/"},"modified":"2023-12-12T21:49:14","modified_gmt":"2023-12-12T20:49:14","slug":"apercu-celtic-contre-feyenoord-pronostics-actualites-de-lequipe-compositions","status":"publish","type":"post","link":"https:\/\/footdavant.fr\/actualites\/apercu-celtic-contre-feyenoord-pronostics-actualites-de-lequipe-compositions\/","title":{"rendered":"Aper\u00e7u : Celtic contre Feyenoord \u2013 pronostics, actualit\u00e9s de l&rsquo;\u00e9quipe, compositions"},"content":{"rendered":"<p>Sports Mole pr\u00e9sente un aper\u00e7u du choc de la Ligue des champions de mercredi entre le Celtic et Feyenoord, y compris les pronostics, les nouvelles de l&rsquo;\u00e9quipe et les compositions possibles.<\/p>\n<div id=\"article_body\" itemprop=\"articleBody\">\n<p class=\"firstPara\">Deux \u00e9quipes qui n&rsquo;ont pas r\u00e9ussi \u00e0 se qualifier pour les huiti\u00e8mes de finale <strong class=\"autotag\">Ligue des champions<\/strong> s&rsquo;affronteront lors de leur dernier match du Groupe E mercredi soir alors que <strong class=\"autotag\">celtique<\/strong> accueillir <strong class=\"autotag\">Feyenoord<\/strong> \u00e0 Parkhead.<\/p>\n<p>Les Hoops chercheront \u00e0 se venger de leurs homologues n\u00e9erlandais apr\u00e8s avoir subi une d\u00e9faite 2-0 lors du match inverse lors de la premi\u00e8re journ\u00e9e en septembre.<\/p>\n<hr class=\"divide\">\n<h2>Aper\u00e7u du match<\/h2>\n<p class=\"imgI\">\n<p>L&rsquo;attente douloureuse du Celtic pour atteindre les huiti\u00e8mes de finale de la Ligue des Champions pour la premi\u00e8re fois depuis 2012-13 se poursuit, puisqu&rsquo;ils ont perdu quatre et ont fait match nul lors de l&rsquo;un de leurs cinq matchs du Groupe E cette saison pour s&rsquo;\u00e9craser en phase de groupes avec un match \u00e0 jouer.<\/p>\n<p><strong class=\"autotag\">Brendan Rodgers<\/strong>L&rsquo;\u00e9quipe a \u00e9t\u00e9 compl\u00e8tement \u00e9limin\u00e9e de l&rsquo;Europe apr\u00e8s une d\u00e9faite 2-0 contre la Lazio lors de la cinqui\u00e8me journ\u00e9e il y a quinze jours. <strong class=\"autotag\">Ciro Immobile<\/strong> est sorti du banc des rempla\u00e7ants pour marquer deux fois pour les h\u00f4tes dans les huit derni\u00e8res minutes contre les Hoops, qui sont devenus le premier club britannique de l&rsquo;histoire de la Ligue des champions \u00e0 encha\u00eener une s\u00e9rie de 15 matches sans victoire.<\/p>\n<p>Le Celtic, qui est assur\u00e9 de terminer dernier du Groupe E, a r\u00e9pondu avec des victoires cons\u00e9cutives en Premiership \u00e9cossaise contre St Johnstone et Hibernian, mais n&rsquo;a pas r\u00e9ussi \u00e0 remporter trois victoires sur trois apr\u00e8s avoir subi une d\u00e9faite surprise 2-1 \u00e0 l&rsquo;ext\u00e9rieur. \u00e0 Kilmarnock le week-end dernier.<\/p>\n<p>Un but contre son camp \u00e0 la 75e minute de <strong class=\"autotag\">Nat Phillips<\/strong> a r\u00e9tabli la parit\u00e9 pour Killie avant une frappe \u00e0 la 87e minute de <strong class=\"autotag\">Matty Kennedy<\/strong> a renvers\u00e9 le match de mani\u00e8re dramatique et a condamn\u00e9 le Celtic \u00e0 sa premi\u00e8re d\u00e9faite en championnat de la saison;  les Hoops ont d\u00e9sormais cinq points d&rsquo;avance en t\u00eate du classement, mais les Rangers, deuxi\u00e8mes, ont un match en main.<\/p>\n<p>Le Celtic cherche maintenant \u00e0 r\u00e9cup\u00e9rer quelque chose de positif d&rsquo;une autre mis\u00e9rable campagne de phase de groupes de la Ligue des champions et s&rsquo;efforcera de mettre fin \u00e0 un home run sans victoire de 12 matchs dans la comp\u00e9tition en accueillant mercredi Feyenoord \u00e0 Glasgow \u2013 seulement le FCSB (13 entre 1996 et 2013). et Lille (13 entre 2006 et 2021) ont connu de plus longues s\u00e9quences sans victoire \u00e0 domicile.<\/p>\n<p class=\"imgI\"><img decoding=\"async\" loading=\"lazy\" class=\"l\" src=\"https:\/\/footdavant.fr\/actualites\/wp-content\/uploads\/2023\/12\/1702414153_881_Apercu-Celtic-contre-Feyenoord-\u2013-pronostics-actualites-de-lequipe.jpg\" title=\"Santiago Gimenez de Feyenoord c\u00e9l\u00e8bre son premier but avec ses co\u00e9quipiers le 25 octobre 2023\" alt=\"Santiago Gimenez de Feyenoord c\u00e9l\u00e8bre son premier but avec ses co\u00e9quipiers le 25 octobre 2023\" width=\"640\" height=\"480\"><\/p>\n<p>Les espoirs de Feyenoord d&rsquo;atteindre les huiti\u00e8mes de finale de la Ligue des Champions pour la premi\u00e8re fois de son histoire ont pris fin lors de la cinqui\u00e8me journ\u00e9e, alors que leur d\u00e9faite 3-1 \u00e0 domicile contre l&rsquo;Atletico Madrid coupl\u00e9e \u00e0 la victoire 2-0 de la Lazio sur le Celtic signifie que l&rsquo;\u00e9quipe n\u00e9erlandaise est assur\u00e9e de termine troisi\u00e8me du groupe E et participera aux \u00e9liminatoires de la Ligue Europa.<\/p>\n<p><strong class=\"autotag\">Machine \u00e0 sous Arne<\/strong>L&rsquo;\u00e9quipe de \u00e9tait men\u00e9e par deux buts d&rsquo;avance avant la finale 15 minutes avant <strong class=\"autotag\">Mats Wieffer<\/strong> en a retir\u00e9 un pour mettre en place une finition intrigante, mais l&rsquo;Atletico a restaur\u00e9 son avance de deux buts cinq minutes plus tard gr\u00e2ce \u00e0 un <strong class=\"autotag\">Santiago Gim\u00e9nez<\/strong> contre son camp, condamnant Feyenoord \u00e0 sa troisi\u00e8me d\u00e9faite dans le groupe E.<\/p>\n<p>La Pride of Rotterdam a r\u00e9pondu par une d\u00e9faite 2-1 \u00e0 domicile contre le PSV Eindhoven en Eredivisie quelques jours plus tard, mais elle a renou\u00e9 avec la victoire le week-end dernier en battant le FC Volendam 3-1 \u00e0 domicile, avec Gimenez et <strong class=\"autotag\">Igor Paix\u00e3o<\/strong> marquant respectivement aux 94e et 96e minutes pour assurer les trois points de mani\u00e8re spectaculaire.<\/p>\n<p>Feyenoord, champion en titre de l&rsquo;Eredivisie, occupe actuellement la deuxi\u00e8me place du classement et \u00e0 10 points du leader en fuite, le PSV, et m\u00eame si les hommes de Slot seront d\u00e9sireux de mettre en place une bonne forme pour tenter de r\u00e9duire l&rsquo;\u00e9cart, ils doivent d&rsquo;abord modifier leur position. attention \u00e0 l&rsquo;affrontement de mercredi en Ligue des Champions contre le Celtic.<\/p>\n<p>Bien qu&rsquo;il y ait peu d&rsquo;enjeu dans ce match avec les Hoops, Feyenoord aura \u00e0 c\u0153ur de mettre fin \u00e0 sa s\u00e9rie de sept matchs sans victoire \u00e0 l&rsquo;ext\u00e9rieur en Ligue des champions.  Aucune \u00e9quipe n\u00e9erlandaise n&rsquo;a jamais perdu huit fois de suite dans la premi\u00e8re comp\u00e9tition de clubs d&rsquo;Europe, mais Feyenoord a des raisons d&rsquo;\u00eatre optimiste quant \u00e0 sa victoire sur le Celtic puisqu&rsquo;il a remport\u00e9 sept de ses 11 pr\u00e9c\u00e9dentes rencontres europ\u00e9ennes contre un adversaire \u00e9cossais.<\/p>\n<p>Forme de la Ligue des champions celtique\u00a0:<\/p>\n<p>Forme celtique (toutes comp\u00e9titions) :<\/p>\n<p>Forme de la Ligue des Champions de Feyenoord :<\/p>\n<p>Forme Feyenoord (toutes comp\u00e9titions) :<\/p>\n<p>Annonce &#8211; contenu ci-dessous\u00a0:<\/p>\n<hr class=\"divide\">\n<h2>Nouvelles de l&rsquo;\u00e9quipe<\/h2>\n<p class=\"imgI\"><img decoding=\"async\" loading=\"lazy\" class=\"l\" src=\"https:\/\/footdavant.fr\/actualites\/wp-content\/uploads\/2023\/12\/1702414153_451_Apercu-Celtic-contre-Feyenoord-\u2013-pronostics-actualites-de-lequipe.jpg\" title=\"Kyogo Furuhashi du Celtic c\u00e9l\u00e8bre son premier but avec ses co\u00e9quipiers Matt O'Riley et Daizen Maeda le 4 octobre 2023\" alt=\"Kyogo Furuhashi du Celtic c\u00e9l\u00e8bre son premier but avec ses co\u00e9quipiers Matt O'Riley et Daizen Maeda le 4 octobre 2023\" width=\"640\" height=\"480\"><\/p>\n<p>Le Celtic doit encore se d\u00e9brouiller sans <strong class=\"autotag\">Liel Abada<\/strong> (cuisse), <strong class=\"autotag\">Daizen Maeda<\/strong> (genou), <strong class=\"autotag\">R\u00e9o Hatate<\/strong> et <strong class=\"autotag\">James McCarthy<\/strong> (tous deux aux ischio-jambiers) en raison d&rsquo;une blessure, bien que ces deux derniers pourraient revenir \u00e0 l&rsquo;action \u00e0 un moment donn\u00e9 plus tard ce mois-ci.<\/p>\n<p>Milieu de terrain en forme <strong class=\"autotag\">Matt O&rsquo;Riley<\/strong>qui a marqu\u00e9 lors de chacun de ses trois derniers matchs, pourrait \u00eatre rejoint dans la salle des machines aux c\u00f4t\u00e9s du capitaine <strong class=\"autotag\">Callum McGregor<\/strong> et l&rsquo;un des <strong class=\"autotag\">David Turnbull<\/strong>, <strong class=\"autotag\">Paul Bernardo<\/strong> ou <strong class=\"autotag\">Odin Thiago Holm<\/strong>.<\/p>\n<p><strong class=\"autotag\">Cameron Carter-Vickers<\/strong> a rat\u00e9 la d\u00e9faite \u00e0 Kilmarnock en raison d&rsquo;une blessure aux ischio-jambiers, mais l&rsquo;Am\u00e9ricain pourrait revenir dans l&rsquo;\u00e9quipe de la journ\u00e9e mercredi, m\u00eame s&rsquo;il reste \u00e0 voir s&rsquo;il sera apte \u00e0 commencer, donc Phillips pourrait continuer en d\u00e9fense centrale aux c\u00f4t\u00e9s de <strong class=\"autotag\">Liam \u00c9chelles<\/strong>.<\/p>\n<p><strong class=\"autotag\">Kyogo Furuhashi<\/strong> je ferai tout mon possible pour commencer avant <strong class=\"autotag\">Oh Hyeon-gyu<\/strong>alors que <strong class=\"autotag\">Yang Hyun-Jun<\/strong> et <strong class=\"autotag\">James Forrest<\/strong> sont pr\u00eats \u00e0 se battre avec <strong class=\"autotag\">Luis Palma<\/strong> et <strong class=\"autotag\">Mike Johnston<\/strong> pour commencer sur les flancs.<\/p>\n<p>Quant \u00e0 Feyenoord, <strong class=\"autotag\">Bart Nieuwkoop<\/strong> (muscle) et <strong class=\"autotag\">Quilindschy Hartman<\/strong> (commotion c\u00e9r\u00e9brale) ne sont pas tous deux disponibles pour la s\u00e9lection, tandis que <strong class=\"autotag\">Alireza Jahanbakhsh<\/strong> est douteux en raison d&rsquo;un probl\u00e8me non pr\u00e9cis\u00e9 et sera \u00e9valu\u00e9 avant le coup d&rsquo;envoi.<\/p>\n<p>L&rsquo;absence de Hartman entra\u00eenera probablement <strong class=\"autotag\">Marcos L\u00f3pez<\/strong> continuer \u00e0 l&rsquo;arri\u00e8re gauche, rejoignant <strong class=\"autotag\">David Hancko<\/strong>, <strong class=\"autotag\">Gernot Trauner<\/strong> et <strong class=\"autotag\">Lutsharel Geertruida<\/strong> dans les quatre derniers, tandis que Wieffer et <strong class=\"autotag\">Bois Quinten<\/strong> devrait \u00e0 nouveau lier les bras au milieu de terrain central.<\/p>\n<p>L&rsquo;attaquant tr\u00e8s demand\u00e9 Gimenez, qui a marqu\u00e9 20 buts en seulement 19 matches toutes comp\u00e9titions confondues jusqu&rsquo;\u00e0 pr\u00e9sent cette saison, est sur le point de mener la ligne, et le Mexicain pourrait \u00eatre soutenu dans le dernier tiers par <strong class=\"autotag\">Yankuba Minteh<\/strong>, <strong class=\"autotag\">Calvin Stengs<\/strong> et Igor Paixao.<\/p>\n<p><strong>Onze de d\u00e9part possible du Celtic :<\/strong><br \/>Cerf;  A. Johnston, Phillips, Scales, Taylor\u00a0;  O&rsquo;Riley, McGregor, Turnbull\u00a0;  Yang, Furuhashi, Palma<\/p>\n<p><strong>Composition de d\u00e9part possible de Feyenoord :<\/strong><br \/>Bijlow\u00a0;  Geertruida, Trauner, Hancko, Lopez;  Wieffer, Bois;  Minteh, Stengs, Paixao\u00a0;  Gim\u00e9nez<\/p>\n<hr class=\"divide\">\n<p class=\"sm_center\"><img decoding=\"async\" loading=\"lazy\" class=\"l\" src=\"https:\/\/footdavant.fr\/actualites\/wp-content\/uploads\/2023\/12\/Apercu-Celtic-contre-Feyenoord-\u2013-pronostics-actualites-de-lequipe.png\" title=\"Mots SM fond vert\" alt=\"Mots SM fond vert\" width=\"210\" height=\"53\"><\/p>\n<h2 class=\"sm_center\">Nous disons : Celtic 1-2 Feyenoord<\/h2>\n<p>Non seulement le Celtic souhaite rapidement mettre de c\u00f4t\u00e9 sa d\u00e9cevante d\u00e9faite contre Kilmarnock le week-end dernier, mais les supporters des Hoops sont d\u00e9sesp\u00e9r\u00e9s de voir leur club remporter sa premi\u00e8re victoire \u00e0 domicile en Ligue des champions depuis une d\u00e9cennie pour terminer la phase de groupes en beaut\u00e9.<\/p>\n<p>Le Celtic a impressionn\u00e9 \u00e0 domicile contre la Lazio et l&rsquo;Atletico Madrid, m\u00eame s&rsquo;il n&rsquo;a pas r\u00e9ussi \u00e0 gagner l&rsquo;un ou l&rsquo;autre match, et le mauvais bilan de Feyenoord \u00e0 l&rsquo;ext\u00e9rieur en Ligue des champions est de bon augure pour les h\u00f4tes, mais nous pensons que la forme de la machine \u00e0 buts de Gimenez inspirera les visiteurs vers la victoire. \u00e0 Glasgow.<\/p>\n<p>Pour l\u2019analyse des donn\u00e9es des r\u00e9sultats les plus probables, des scores et plus encore pour ce match, veuillez cliquer ici.<\/p>\n<hr class=\"divide\">\n<div id=\"advert46\" class=\"spXcQ\">\n<h2>Astuce<\/h2>\n<div>\n<p>Nos partenaires experts pronostiqueurs sur Sporita.com pr\u00e9disent moins de 3,5 buts dans ce match.  Cliquez ici pour d\u00e9couvrir ce qu\u2019ils pr\u00e9disent d\u2019autre pour ce match et pour en savoir plus sur leurs conseils de football \u00e9prouv\u00e9s.\n<\/p><\/div>\n<\/div>\n<hr class=\"divide\">\n<h2>Aper\u00e7us par email<\/h2>\n<div>Cliquez ici pour obtenir <strong>Taupe de sport<\/strong>L&rsquo;e-mail quotidien d&rsquo;avant-premi\u00e8res et de pronostics pour chaque jeu majeur\u00a0!<\/div>\n<p><\/p>\n<hr class=\"divide\"><\/div>\n","protected":false},"excerpt":{"rendered":"<p>Sports Mole pr\u00e9sente un aper\u00e7u du choc de la Ligue des champions de mercredi entre le Celtic et Feyenoord, y compris les pronostics, les nouvelles<\/p>\n","protected":false},"author":1,"featured_media":2363,"comment_status":"closed","ping_status":"","sticky":false,"template":"","format":"standard","meta":{"footnotes":""},"categories":[4],"tags":[7,284,413,383,20,406,9,382],"yoast_head":"<!-- This site is optimized with the Yoast SEO plugin v21.0 - https:\/\/yoast.com\/wordpress\/plugins\/seo\/ -->\n<title>Aper\u00e7u : Celtic contre Feyenoord \u2013 pronostics, actualit\u00e9s de l&#039;\u00e9quipe, compositions<\/title>\n<meta name=\"robots\" content=\"index, follow, max-snippet:-1, max-image-preview:large, max-video-preview:-1\" \/>\n<link rel=\"canonical\" href=\"https:\/\/footdavant.fr\/actualites\/apercu-celtic-contre-feyenoord-pronostics-actualites-de-lequipe-compositions\/\" \/>\n<meta property=\"og:locale\" content=\"fr_FR\" \/>\n<meta property=\"og:type\" content=\"article\" \/>\n<meta property=\"og:title\" content=\"Aper\u00e7u : Celtic contre Feyenoord \u2013 pronostics, actualit\u00e9s de l&#039;\u00e9quipe, compositions\" \/>\n<meta property=\"og:description\" content=\"Sports Mole pr\u00e9sente un aper\u00e7u du choc de la Ligue des champions de mercredi entre le Celtic et Feyenoord, y compris les pronostics, les nouvelles\" \/>\n<meta property=\"og:url\" content=\"https:\/\/footdavant.fr\/actualites\/apercu-celtic-contre-feyenoord-pronostics-actualites-de-lequipe-compositions\/\" \/>\n<meta property=\"og:site_name\" content=\"Foot d&#039;avant\" \/>\n<meta property=\"article:publisher\" content=\"https:\/\/www.facebook.com\/Footdavant\/\" \/>\n<meta property=\"article:published_time\" content=\"2023-12-12T20:49:13+00:00\" \/>\n<meta property=\"article:modified_time\" content=\"2023-12-12T20:49:14+00:00\" \/>\n<meta property=\"og:image\" content=\"https:\/\/footdavant.fr\/actualites\/wp-content\/uploads\/2023\/12\/Apercu-Celtic-contre-Feyenoord-\u2013-pronostics-actualites-de-lequipe.jpg\" \/>\n\t<meta property=\"og:image:width\" content=\"640\" \/>\n\t<meta property=\"og:image:height\" content=\"480\" \/>\n\t<meta property=\"og:image:type\" content=\"image\/jpeg\" \/>\n<meta name=\"author\" content=\"Cl\u00e9ment\" \/>\n<meta name=\"twitter:card\" content=\"summary_large_image\" \/>\n<meta name=\"twitter:creator\" content=\"@FootdavantFr\" \/>\n<meta name=\"twitter:site\" content=\"@FootdavantFr\" \/>\n<meta name=\"twitter:label1\" content=\"\u00c9crit par\" \/>\n\t<meta name=\"twitter:data1\" content=\"Cl\u00e9ment\" \/>\n\t<meta name=\"twitter:label2\" content=\"Dur\u00e9e de lecture estim\u00e9e\" \/>\n\t<meta name=\"twitter:data2\" content=\"7 minutes\" \/>\n<script type=\"application\/ld+json\" class=\"yoast-schema-graph\">{\"@context\":\"https:\/\/schema.org\",\"@graph\":[{\"@type\":\"Article\",\"@id\":\"https:\/\/footdavant.fr\/actualites\/apercu-celtic-contre-feyenoord-pronostics-actualites-de-lequipe-compositions\/#article\",\"isPartOf\":{\"@id\":\"https:\/\/footdavant.fr\/actualites\/apercu-celtic-contre-feyenoord-pronostics-actualites-de-lequipe-compositions\/\"},\"author\":{\"name\":\"Cl\u00e9ment\",\"@id\":\"https:\/\/footdavant.fr\/actualites\/#\/schema\/person\/bc222566d95871b37e597b3ed3ba5e1d\"},\"headline\":\"Aper\u00e7u : Celtic contre Feyenoord \u2013 pronostics, actualit\u00e9s de l&rsquo;\u00e9quipe, compositions\",\"datePublished\":\"2023-12-12T20:49:13+00:00\",\"dateModified\":\"2023-12-12T20:49:14+00:00\",\"mainEntityOfPage\":{\"@id\":\"https:\/\/footdavant.fr\/actualites\/apercu-celtic-contre-feyenoord-pronostics-actualites-de-lequipe-compositions\/\"},\"wordCount\":1378,\"publisher\":{\"@id\":\"https:\/\/footdavant.fr\/actualites\/#organization\"},\"keywords\":[\"Actualit\u00e9s\",\"Aper\u00e7u\",\"Celtic\",\"compositions\",\"contre\",\"Feyenoord\",\"l\u00e9quipe\",\"pronostics\"],\"articleSection\":[\"Champions League\"],\"inLanguage\":\"fr-FR\"},{\"@type\":\"WebPage\",\"@id\":\"https:\/\/footdavant.fr\/actualites\/apercu-celtic-contre-feyenoord-pronostics-actualites-de-lequipe-compositions\/\",\"url\":\"https:\/\/footdavant.fr\/actualites\/apercu-celtic-contre-feyenoord-pronostics-actualites-de-lequipe-compositions\/\",\"name\":\"Aper\u00e7u : Celtic contre Feyenoord \u2013 pronostics, actualit\u00e9s de l'\u00e9quipe, compositions\",\"isPartOf\":{\"@id\":\"https:\/\/footdavant.fr\/actualites\/#website\"},\"datePublished\":\"2023-12-12T20:49:13+00:00\",\"dateModified\":\"2023-12-12T20:49:14+00:00\",\"breadcrumb\":{\"@id\":\"https:\/\/footdavant.fr\/actualites\/apercu-celtic-contre-feyenoord-pronostics-actualites-de-lequipe-compositions\/#breadcrumb\"},\"inLanguage\":\"fr-FR\",\"potentialAction\":[{\"@type\":\"ReadAction\",\"target\":[\"https:\/\/footdavant.fr\/actualites\/apercu-celtic-contre-feyenoord-pronostics-actualites-de-lequipe-compositions\/\"]}]},{\"@type\":\"BreadcrumbList\",\"@id\":\"https:\/\/footdavant.fr\/actualites\/apercu-celtic-contre-feyenoord-pronostics-actualites-de-lequipe-compositions\/#breadcrumb\",\"itemListElement\":[{\"@type\":\"ListItem\",\"position\":1,\"name\":\"Accueil\",\"item\":\"https:\/\/footdavant.fr\/actualites\/\"},{\"@type\":\"ListItem\",\"position\":2,\"name\":\"Aper\u00e7u : Celtic contre Feyenoord \u2013 pronostics, actualit\u00e9s de l&rsquo;\u00e9quipe, compositions\"}]},{\"@type\":\"WebSite\",\"@id\":\"https:\/\/footdavant.fr\/actualites\/#website\",\"url\":\"https:\/\/footdavant.fr\/actualites\/\",\"name\":\"Foot d'avant\",\"description\":\"\",\"publisher\":{\"@id\":\"https:\/\/footdavant.fr\/actualites\/#organization\"},\"potentialAction\":[{\"@type\":\"SearchAction\",\"target\":{\"@type\":\"EntryPoint\",\"urlTemplate\":\"https:\/\/footdavant.fr\/actualites\/?s={search_term_string}\"},\"query-input\":\"required name=search_term_string\"}],\"inLanguage\":\"fr-FR\"},{\"@type\":\"Organization\",\"@id\":\"https:\/\/footdavant.fr\/actualites\/#organization\",\"name\":\"Foot d'avant\",\"url\":\"https:\/\/footdavant.fr\/actualites\/\",\"logo\":{\"@type\":\"ImageObject\",\"inLanguage\":\"fr-FR\",\"@id\":\"https:\/\/footdavant.fr\/actualites\/#\/schema\/logo\/image\/\",\"url\":\"https:\/\/footdavant.fr\/actualites\/wp-content\/uploads\/2023\/09\/Copy-of-FootDavant-Logo.png\",\"contentUrl\":\"https:\/\/footdavant.fr\/actualites\/wp-content\/uploads\/2023\/09\/Copy-of-FootDavant-Logo.png\",\"width\":936,\"height\":549,\"caption\":\"Foot d'avant\"},\"image\":{\"@id\":\"https:\/\/footdavant.fr\/actualites\/#\/schema\/logo\/image\/\"},\"sameAs\":[\"https:\/\/www.facebook.com\/Footdavant\/\",\"https:\/\/twitter.com\/FootdavantFr\",\"https:\/\/www.instagram.com\/footdavant.fr\/\"]},{\"@type\":\"Person\",\"@id\":\"https:\/\/footdavant.fr\/actualites\/#\/schema\/person\/bc222566d95871b37e597b3ed3ba5e1d\",\"name\":\"Cl\u00e9ment\",\"image\":{\"@type\":\"ImageObject\",\"inLanguage\":\"fr-FR\",\"@id\":\"https:\/\/footdavant.fr\/actualites\/#\/schema\/person\/image\/\",\"url\":\"https:\/\/secure.gravatar.com\/avatar\/7728b29aac2719421e1a9159b2254c44?s=96&d=mm&r=g\",\"contentUrl\":\"https:\/\/secure.gravatar.com\/avatar\/7728b29aac2719421e1a9159b2254c44?s=96&d=mm&r=g\",\"caption\":\"Cl\u00e9ment\"},\"sameAs\":[\"https:\/\/footdavant.fr\/\"]}]}<\/script>\n<!-- \/ Yoast SEO plugin. -->","yoast_head_json":{"title":"Aper\u00e7u : Celtic contre Feyenoord \u2013 pronostics, actualit\u00e9s de l'\u00e9quipe, compositions","robots":{"index":"index","follow":"follow","max-snippet":"max-snippet:-1","max-image-preview":"max-image-preview:large","max-video-preview":"max-video-preview:-1"},"canonical":"https:\/\/footdavant.fr\/actualites\/apercu-celtic-contre-feyenoord-pronostics-actualites-de-lequipe-compositions\/","og_locale":"fr_FR","og_type":"article","og_title":"Aper\u00e7u : Celtic contre Feyenoord \u2013 pronostics, actualit\u00e9s de l'\u00e9quipe, compositions","og_description":"Sports Mole pr\u00e9sente un aper\u00e7u du choc de la Ligue des champions de mercredi entre le Celtic et Feyenoord, y compris les pronostics, les nouvelles","og_url":"https:\/\/footdavant.fr\/actualites\/apercu-celtic-contre-feyenoord-pronostics-actualites-de-lequipe-compositions\/","og_site_name":"Foot d&#039;avant","article_publisher":"https:\/\/www.facebook.com\/Footdavant\/","article_published_time":"2023-12-12T20:49:13+00:00","article_modified_time":"2023-12-12T20:49:14+00:00","og_image":[{"width":640,"height":480,"url":"https:\/\/footdavant.fr\/actualites\/wp-content\/uploads\/2023\/12\/Apercu-Celtic-contre-Feyenoord-\u2013-pronostics-actualites-de-lequipe.jpg","type":"image\/jpeg"}],"author":"Cl\u00e9ment","twitter_card":"summary_large_image","twitter_creator":"@FootdavantFr","twitter_site":"@FootdavantFr","twitter_misc":{"\u00c9crit par":"Cl\u00e9ment","Dur\u00e9e de lecture estim\u00e9e":"7 minutes"},"schema":{"@context":"https:\/\/schema.org","@graph":[{"@type":"Article","@id":"https:\/\/footdavant.fr\/actualites\/apercu-celtic-contre-feyenoord-pronostics-actualites-de-lequipe-compositions\/#article","isPartOf":{"@id":"https:\/\/footdavant.fr\/actualites\/apercu-celtic-contre-feyenoord-pronostics-actualites-de-lequipe-compositions\/"},"author":{"name":"Cl\u00e9ment","@id":"https:\/\/footdavant.fr\/actualites\/#\/schema\/person\/bc222566d95871b37e597b3ed3ba5e1d"},"headline":"Aper\u00e7u : Celtic contre Feyenoord \u2013 pronostics, actualit\u00e9s de l&rsquo;\u00e9quipe, compositions","datePublished":"2023-12-12T20:49:13+00:00","dateModified":"2023-12-12T20:49:14+00:00","mainEntityOfPage":{"@id":"https:\/\/footdavant.fr\/actualites\/apercu-celtic-contre-feyenoord-pronostics-actualites-de-lequipe-compositions\/"},"wordCount":1378,"publisher":{"@id":"https:\/\/footdavant.fr\/actualites\/#organization"},"keywords":["Actualit\u00e9s","Aper\u00e7u","Celtic","compositions","contre","Feyenoord","l\u00e9quipe","pronostics"],"articleSection":["Champions League"],"inLanguage":"fr-FR"},{"@type":"WebPage","@id":"https:\/\/footdavant.fr\/actualites\/apercu-celtic-contre-feyenoord-pronostics-actualites-de-lequipe-compositions\/","url":"https:\/\/footdavant.fr\/actualites\/apercu-celtic-contre-feyenoord-pronostics-actualites-de-lequipe-compositions\/","name":"Aper\u00e7u : Celtic contre Feyenoord \u2013 pronostics, actualit\u00e9s de l'\u00e9quipe, compositions","isPartOf":{"@id":"https:\/\/footdavant.fr\/actualites\/#website"},"datePublished":"2023-12-12T20:49:13+00:00","dateModified":"2023-12-12T20:49:14+00:00","breadcrumb":{"@id":"https:\/\/footdavant.fr\/actualites\/apercu-celtic-contre-feyenoord-pronostics-actualites-de-lequipe-compositions\/#breadcrumb"},"inLanguage":"fr-FR","potentialAction":[{"@type":"ReadAction","target":["https:\/\/footdavant.fr\/actualites\/apercu-celtic-contre-feyenoord-pronostics-actualites-de-lequipe-compositions\/"]}]},{"@type":"BreadcrumbList","@id":"https:\/\/footdavant.fr\/actualites\/apercu-celtic-contre-feyenoord-pronostics-actualites-de-lequipe-compositions\/#breadcrumb","itemListElement":[{"@type":"ListItem","position":1,"name":"Accueil","item":"https:\/\/footdavant.fr\/actualites\/"},{"@type":"ListItem","position":2,"name":"Aper\u00e7u : Celtic contre Feyenoord \u2013 pronostics, actualit\u00e9s de l&rsquo;\u00e9quipe, compositions"}]},{"@type":"WebSite","@id":"https:\/\/footdavant.fr\/actualites\/#website","url":"https:\/\/footdavant.fr\/actualites\/","name":"Foot d'avant","description":"","publisher":{"@id":"https:\/\/footdavant.fr\/actualites\/#organization"},"potentialAction":[{"@type":"SearchAction","target":{"@type":"EntryPoint","urlTemplate":"https:\/\/footdavant.fr\/actualites\/?s={search_term_string}"},"query-input":"required name=search_term_string"}],"inLanguage":"fr-FR"},{"@type":"Organization","@id":"https:\/\/footdavant.fr\/actualites\/#organization","name":"Foot d'avant","url":"https:\/\/footdavant.fr\/actualites\/","logo":{"@type":"ImageObject","inLanguage":"fr-FR","@id":"https:\/\/footdavant.fr\/actualites\/#\/schema\/logo\/image\/","url":"https:\/\/footdavant.fr\/actualites\/wp-content\/uploads\/2023\/09\/Copy-of-FootDavant-Logo.png","contentUrl":"https:\/\/footdavant.fr\/actualites\/wp-content\/uploads\/2023\/09\/Copy-of-FootDavant-Logo.png","width":936,"height":549,"caption":"Foot d'avant"},"image":{"@id":"https:\/\/footdavant.fr\/actualites\/#\/schema\/logo\/image\/"},"sameAs":["https:\/\/www.facebook.com\/Footdavant\/","https:\/\/twitter.com\/FootdavantFr","https:\/\/www.instagram.com\/footdavant.fr\/"]},{"@type":"Person","@id":"https:\/\/footdavant.fr\/actualites\/#\/schema\/person\/bc222566d95871b37e597b3ed3ba5e1d","name":"Cl\u00e9ment","image":{"@type":"ImageObject","inLanguage":"fr-FR","@id":"https:\/\/footdavant.fr\/actualites\/#\/schema\/person\/image\/","url":"https:\/\/secure.gravatar.com\/avatar\/7728b29aac2719421e1a9159b2254c44?s=96&d=mm&r=g","contentUrl":"https:\/\/secure.gravatar.com\/avatar\/7728b29aac2719421e1a9159b2254c44?s=96&d=mm&r=g","caption":"Cl\u00e9ment"},"sameAs":["https:\/\/footdavant.fr\/"]}]}},"_links":{"self":[{"href":"https:\/\/footdavant.fr\/actualites\/wp-json\/wp\/v2\/posts\/2362"}],"collection":[{"href":"https:\/\/footdavant.fr\/actualites\/wp-json\/wp\/v2\/posts"}],"about":[{"href":"https:\/\/footdavant.fr\/actualites\/wp-json\/wp\/v2\/types\/post"}],"author":[{"embeddable":true,"href":"https:\/\/footdavant.fr\/actualites\/wp-json\/wp\/v2\/users\/1"}],"replies":[{"embeddable":true,"href":"https:\/\/footdavant.fr\/actualites\/wp-json\/wp\/v2\/comments?post=2362"}],"version-history":[{"count":1,"href":"https:\/\/footdavant.fr\/actualites\/wp-json\/wp\/v2\/posts\/2362\/revisions"}],"predecessor-version":[{"id":2364,"href":"https:\/\/footdavant.fr\/actualites\/wp-json\/wp\/v2\/posts\/2362\/revisions\/2364"}],"wp:featuredmedia":[{"embeddable":true,"href":"https:\/\/footdavant.fr\/actualites\/wp-json\/wp\/v2\/media\/2363"}],"wp:attachment":[{"href":"https:\/\/footdavant.fr\/actualites\/wp-json\/wp\/v2\/media?parent=2362"}],"wp:term":[{"taxonomy":"category","embeddable":true,"href":"https:\/\/footdavant.fr\/actualites\/wp-json\/wp\/v2\/categories?post=2362"},{"taxonomy":"post_tag","embeddable":true,"href":"https:\/\/footdavant.fr\/actualites\/wp-json\/wp\/v2\/tags?post=2362"}],"curies":[{"name":"wp","href":"https:\/\/api.w.org\/{rel}","templated":true}]}}