{"id":2365,"date":"2023-12-12T22:50:38","date_gmt":"2023-12-12T21:50:38","guid":{"rendered":"https:\/\/footdavant.fr\/actualites\/jurgen-klopp-minimise-les-discussions-sur-la-signature-par-liverpool-du-remplacement-de-joel-matip-en-janvier\/"},"modified":"2023-12-12T22:50:39","modified_gmt":"2023-12-12T21:50:39","slug":"jurgen-klopp-minimise-les-discussions-sur-la-signature-par-liverpool-du-remplacement-de-joel-matip-en-janvier","status":"publish","type":"post","link":"https:\/\/footdavant.fr\/actualites\/jurgen-klopp-minimise-les-discussions-sur-la-signature-par-liverpool-du-remplacement-de-joel-matip-en-janvier\/","title":{"rendered":"Jurgen Klopp minimise les discussions sur la signature par Liverpool du remplacement de Joel Matip en janvier"},"content":{"rendered":"<p>Le patron de Liverpool, Jurgen Klopp, minimise les sp\u00e9culations sugg\u00e9rant que le club chercherait \u00e0 recruter un nouveau d\u00e9fenseur central pour remplacer Joel Matip, bless\u00e9.<\/p>\n<div id=\"article_body\" itemprop=\"articleBody\">\n<h3 class=\"firstPara\">\n<strong class=\"autotag\">Liverpool<\/strong> chef <strong class=\"autotag\">J\u00fcrgen Klopp<\/strong> a minimis\u00e9 les sp\u00e9culations selon lesquelles le club remplacerait les bless\u00e9s <strong class=\"autotag\">Jo\u00ebl Matip<\/strong> lors du mercato de janvier.<\/h3>\n<p>Klopp a confirm\u00e9 au cours de la semaine que Matip avait subi une blessure au ligament crois\u00e9 ant\u00e9rieur lors de la victoire 4-3 de dimanche dernier. <strong class=\"autotag\">Fulham<\/strong>. <\/p>\n<p>Matip devrait d\u00e9sormais rater le reste de la saison, laissant Klopp avec <strong class=\"autotag\">Virgile van Dijk<\/strong>, <strong class=\"autotag\">Ibrahima Konat\u00e9<\/strong>, <strong class=\"autotag\">Joe Gomez<\/strong> et les inexp\u00e9riment\u00e9s <strong class=\"autotag\">Jarell Quansah<\/strong> comme ses quatre options d\u00e9fensives centrales.<\/p>\n<p>Alors que Liverpool participe toujours \u00e0 quatre comp\u00e9titions, il a \u00e9t\u00e9 sugg\u00e9r\u00e9 que le club se penche sur le march\u00e9 des transferts pour recruter un nouveau d\u00e9fenseur central.<\/p>\n<p>Un rapport r\u00e9cent affirmait que Liverpool envisageait de d\u00e9m\u00e9nager pour <strong class=\"autotag\">Wolfsbourg<\/strong> d\u00e9fenseur <strong class=\"autotag\">Maxence Lacroix<\/strong>qui a \u00e9t\u00e9 \u00e9valu\u00e9 \u00e0 30 millions de livres sterling.<\/p>\n<p class=\"imgI\">\n<p><strong class=\"autotag\">Palais de Cristal<\/strong>c&rsquo;est <strong class=\"autotag\">Marc Gu\u00e9hi<\/strong> a \u00e9galement \u00e9t\u00e9 li\u00e9 \u00e0 un d\u00e9m\u00e9nagement \u00e0 Anfield suite \u00e0 l&rsquo;annonce de la grave blessure au genou de Matip.<\/p>\n<p>Cependant, Klopp a jet\u00e9 de l&rsquo;eau froide sur les r\u00e9centes sp\u00e9culations sur les transferts, soulignant la difficult\u00e9 de trouver le \u00ab\u00a0bon joueur\u00a0\u00bb.<\/p>\n<p>\u00ab\u00a0Vous parlez toujours de transferts comme si c&rsquo;\u00e9tait la chose la plus simple au monde\u00a0\u00bb, a d\u00e9clar\u00e9 Klopp aux journalistes avant le choc de samedi en Premier League contre Crystal Palace.<\/p>\n<p>\u00ab\u00a0Ils co\u00fbtent tous de l&rsquo;argent, il faut que ce soit le bon joueur. Nous avons encore quatre d\u00e9fenseurs centraux. Dites-moi un club qui veut vendre un d\u00e9fenseur central de haut niveau. Dites-m&rsquo;en un.\u00a0\u00bb<\/p>\n<p class=\"imgI\"><img decoding=\"async\" loading=\"lazy\" class=\"l\" src=\"https:\/\/footdavant.fr\/actualites\/wp-content\/uploads\/2023\/12\/1702417838_774_Jurgen-Klopp-minimise-les-discussions-sur-la-signature-par-Liverpool.jpg\" title=\"Le manager de Liverpool, Jurgen Klopp, r\u00e9agit le 25 novembre 2023\" alt=\"Le manager de Liverpool, Jurgen Klopp, r\u00e9agit le 25 novembre 2023\" width=\"640\" height=\"480\"><\/p>\n<p>\u00ab\u00a0Est-ce que c&rsquo;est parfait maintenant ? Tant que nous pouvons y aller avec ces quatre [centre-backs].  Sinon, ce sera un peu plus d\u00e9licat avec le nombre de jeux \u00e0 venir.  Ce n\u2019\u00e9tait jamais le pays des merveilles lorsque vous ameniez un d\u00e9fenseur central de classe mondiale jusqu\u2019\u00e0 ce que l\u2019autre soit \u00e0 nouveau en forme.<\/p>\n<p>\u00ab\u00a0Tant que d&rsquo;autres clubs ne les mettent pas sous le sapin de No\u00ebl pour nous et disent : &lsquo;Prenez-le et utilisez-le aussi longtemps que vous en avez besoin&rsquo;&#8230; Je n&rsquo;y ai pas encore vraiment r\u00e9fl\u00e9chi parce que c&rsquo;\u00e9tait seulement cinq jours depuis que nous avons eu ce probl\u00e8me. Je ne pense pas, pour \u00eatre honn\u00eate.<\/p>\n<p>L&rsquo;entra\u00eeneur de Liverpool a \u00e9galement d\u00e9clar\u00e9 qu&rsquo;il s&rsquo;attend \u00e0 ce que le club \u00ab\u00a0montre sa classe\u00a0\u00bb concernant l&rsquo;avenir de Matip, le contrat du joueur devant expirer \u00e0 la fin de la saison.<\/p>\n<p>Matip a \u00e9t\u00e9 ajout\u00e9 \u00e0 une liste de blessures qui comprend <strong class=\"autotag\">Andrew Robertson<\/strong>, <strong class=\"autotag\">Stefan Bajcetic<\/strong>, <strong class=\"autotag\">Thiago Alc\u00e1ntara<\/strong> et <strong class=\"autotag\">Diogo Jota<\/strong>.<\/p>\n<p>Apr\u00e8s avoir r\u00e9colt\u00e9 34 points lors de leurs 15 matches de championnat, les Reds abordent le week-end en deuxi\u00e8me position et \u00e0 seulement deux points du leader Arsenal.<\/p>\n<\/div>\n","protected":false},"excerpt":{"rendered":"<p>Le patron de Liverpool, Jurgen Klopp, minimise les sp\u00e9culations sugg\u00e9rant que le club chercherait \u00e0 recruter un nouveau d\u00e9fenseur central pour remplacer Joel Matip, bless\u00e9.<\/p>\n","protected":false},"author":1,"featured_media":2366,"comment_status":"closed","ping_status":"","sticky":false,"template":"","format":"standard","meta":{"footnotes":""},"categories":[5],"tags":[713,166,2148,237,238,93,53,2149,1400,75,2147,449,103],"yoast_head":"<!-- This site is optimized with the Yoast SEO plugin v21.0 - https:\/\/yoast.com\/wordpress\/plugins\/seo\/ -->\n<title>Jurgen Klopp minimise les discussions sur la signature par Liverpool du remplacement de Joel Matip en janvier<\/title>\n<meta name=\"robots\" content=\"index, follow, max-snippet:-1, max-image-preview:large, max-video-preview:-1\" \/>\n<link rel=\"canonical\" href=\"https:\/\/footdavant.fr\/actualites\/jurgen-klopp-minimise-les-discussions-sur-la-signature-par-liverpool-du-remplacement-de-joel-matip-en-janvier\/\" \/>\n<meta property=\"og:locale\" content=\"fr_FR\" \/>\n<meta property=\"og:type\" content=\"article\" \/>\n<meta property=\"og:title\" content=\"Jurgen Klopp minimise les discussions sur la signature par Liverpool du remplacement de Joel Matip en janvier\" \/>\n<meta property=\"og:description\" content=\"Le patron de Liverpool, Jurgen Klopp, minimise les sp\u00e9culations sugg\u00e9rant que le club chercherait \u00e0 recruter un nouveau d\u00e9fenseur central pour remplacer Joel Matip, bless\u00e9.\" \/>\n<meta property=\"og:url\" content=\"https:\/\/footdavant.fr\/actualites\/jurgen-klopp-minimise-les-discussions-sur-la-signature-par-liverpool-du-remplacement-de-joel-matip-en-janvier\/\" \/>\n<meta property=\"og:site_name\" content=\"Foot d&#039;avant\" \/>\n<meta property=\"article:publisher\" content=\"https:\/\/www.facebook.com\/Footdavant\/\" \/>\n<meta property=\"article:published_time\" content=\"2023-12-12T21:50:38+00:00\" \/>\n<meta property=\"article:modified_time\" content=\"2023-12-12T21:50:39+00:00\" \/>\n<meta property=\"og:image\" content=\"https:\/\/footdavant.fr\/actualites\/wp-content\/uploads\/2023\/12\/Jurgen-Klopp-minimise-les-discussions-sur-la-signature-par-Liverpool.jpg\" \/>\n\t<meta property=\"og:image:width\" content=\"640\" \/>\n\t<meta property=\"og:image:height\" content=\"480\" \/>\n\t<meta property=\"og:image:type\" content=\"image\/jpeg\" \/>\n<meta name=\"author\" content=\"Cl\u00e9ment\" \/>\n<meta name=\"twitter:card\" content=\"summary_large_image\" \/>\n<meta name=\"twitter:creator\" content=\"@FootdavantFr\" \/>\n<meta name=\"twitter:site\" content=\"@FootdavantFr\" \/>\n<meta name=\"twitter:label1\" content=\"\u00c9crit par\" \/>\n\t<meta name=\"twitter:data1\" content=\"Cl\u00e9ment\" \/>\n\t<meta name=\"twitter:label2\" content=\"Dur\u00e9e de lecture estim\u00e9e\" \/>\n\t<meta name=\"twitter:data2\" content=\"2 minutes\" \/>\n<script type=\"application\/ld+json\" class=\"yoast-schema-graph\">{\"@context\":\"https:\/\/schema.org\",\"@graph\":[{\"@type\":\"Article\",\"@id\":\"https:\/\/footdavant.fr\/actualites\/jurgen-klopp-minimise-les-discussions-sur-la-signature-par-liverpool-du-remplacement-de-joel-matip-en-janvier\/#article\",\"isPartOf\":{\"@id\":\"https:\/\/footdavant.fr\/actualites\/jurgen-klopp-minimise-les-discussions-sur-la-signature-par-liverpool-du-remplacement-de-joel-matip-en-janvier\/\"},\"author\":{\"name\":\"Cl\u00e9ment\",\"@id\":\"https:\/\/footdavant.fr\/actualites\/#\/schema\/person\/bc222566d95871b37e597b3ed3ba5e1d\"},\"headline\":\"Jurgen Klopp minimise les discussions sur la signature par Liverpool du remplacement de Joel Matip en janvier\",\"datePublished\":\"2023-12-12T21:50:38+00:00\",\"dateModified\":\"2023-12-12T21:50:39+00:00\",\"mainEntityOfPage\":{\"@id\":\"https:\/\/footdavant.fr\/actualites\/jurgen-klopp-minimise-les-discussions-sur-la-signature-par-liverpool-du-remplacement-de-joel-matip-en-janvier\/\"},\"wordCount\":501,\"publisher\":{\"@id\":\"https:\/\/footdavant.fr\/actualites\/#organization\"},\"keywords\":[\"discussions\",\"janvier\",\"Joel\",\"Jurgen\",\"Klopp\",\"les\",\"Liverpool\",\"Matip\",\"minimise\",\"par\",\"remplacement\",\"signature\",\"sur\"],\"articleSection\":[\"Premier League\"],\"inLanguage\":\"fr-FR\"},{\"@type\":\"WebPage\",\"@id\":\"https:\/\/footdavant.fr\/actualites\/jurgen-klopp-minimise-les-discussions-sur-la-signature-par-liverpool-du-remplacement-de-joel-matip-en-janvier\/\",\"url\":\"https:\/\/footdavant.fr\/actualites\/jurgen-klopp-minimise-les-discussions-sur-la-signature-par-liverpool-du-remplacement-de-joel-matip-en-janvier\/\",\"name\":\"Jurgen Klopp minimise les discussions sur la signature par Liverpool du remplacement de Joel Matip en janvier\",\"isPartOf\":{\"@id\":\"https:\/\/footdavant.fr\/actualites\/#website\"},\"datePublished\":\"2023-12-12T21:50:38+00:00\",\"dateModified\":\"2023-12-12T21:50:39+00:00\",\"breadcrumb\":{\"@id\":\"https:\/\/footdavant.fr\/actualites\/jurgen-klopp-minimise-les-discussions-sur-la-signature-par-liverpool-du-remplacement-de-joel-matip-en-janvier\/#breadcrumb\"},\"inLanguage\":\"fr-FR\",\"potentialAction\":[{\"@type\":\"ReadAction\",\"target\":[\"https:\/\/footdavant.fr\/actualites\/jurgen-klopp-minimise-les-discussions-sur-la-signature-par-liverpool-du-remplacement-de-joel-matip-en-janvier\/\"]}]},{\"@type\":\"BreadcrumbList\",\"@id\":\"https:\/\/footdavant.fr\/actualites\/jurgen-klopp-minimise-les-discussions-sur-la-signature-par-liverpool-du-remplacement-de-joel-matip-en-janvier\/#breadcrumb\",\"itemListElement\":[{\"@type\":\"ListItem\",\"position\":1,\"name\":\"Accueil\",\"item\":\"https:\/\/footdavant.fr\/actualites\/\"},{\"@type\":\"ListItem\",\"position\":2,\"name\":\"Jurgen Klopp minimise les discussions sur la signature par Liverpool du remplacement de Joel Matip en janvier\"}]},{\"@type\":\"WebSite\",\"@id\":\"https:\/\/footdavant.fr\/actualites\/#website\",\"url\":\"https:\/\/footdavant.fr\/actualites\/\",\"name\":\"Foot d'avant\",\"description\":\"\",\"publisher\":{\"@id\":\"https:\/\/footdavant.fr\/actualites\/#organization\"},\"potentialAction\":[{\"@type\":\"SearchAction\",\"target\":{\"@type\":\"EntryPoint\",\"urlTemplate\":\"https:\/\/footdavant.fr\/actualites\/?s={search_term_string}\"},\"query-input\":\"required name=search_term_string\"}],\"inLanguage\":\"fr-FR\"},{\"@type\":\"Organization\",\"@id\":\"https:\/\/footdavant.fr\/actualites\/#organization\",\"name\":\"Foot d'avant\",\"url\":\"https:\/\/footdavant.fr\/actualites\/\",\"logo\":{\"@type\":\"ImageObject\",\"inLanguage\":\"fr-FR\",\"@id\":\"https:\/\/footdavant.fr\/actualites\/#\/schema\/logo\/image\/\",\"url\":\"https:\/\/footdavant.fr\/actualites\/wp-content\/uploads\/2023\/09\/Copy-of-FootDavant-Logo.png\",\"contentUrl\":\"https:\/\/footdavant.fr\/actualites\/wp-content\/uploads\/2023\/09\/Copy-of-FootDavant-Logo.png\",\"width\":936,\"height\":549,\"caption\":\"Foot d'avant\"},\"image\":{\"@id\":\"https:\/\/footdavant.fr\/actualites\/#\/schema\/logo\/image\/\"},\"sameAs\":[\"https:\/\/www.facebook.com\/Footdavant\/\",\"https:\/\/twitter.com\/FootdavantFr\",\"https:\/\/www.instagram.com\/footdavant.fr\/\"]},{\"@type\":\"Person\",\"@id\":\"https:\/\/footdavant.fr\/actualites\/#\/schema\/person\/bc222566d95871b37e597b3ed3ba5e1d\",\"name\":\"Cl\u00e9ment\",\"image\":{\"@type\":\"ImageObject\",\"inLanguage\":\"fr-FR\",\"@id\":\"https:\/\/footdavant.fr\/actualites\/#\/schema\/person\/image\/\",\"url\":\"https:\/\/secure.gravatar.com\/avatar\/7728b29aac2719421e1a9159b2254c44?s=96&d=mm&r=g\",\"contentUrl\":\"https:\/\/secure.gravatar.com\/avatar\/7728b29aac2719421e1a9159b2254c44?s=96&d=mm&r=g\",\"caption\":\"Cl\u00e9ment\"},\"sameAs\":[\"https:\/\/footdavant.fr\/\"]}]}<\/script>\n<!-- \/ Yoast SEO plugin. -->","yoast_head_json":{"title":"Jurgen Klopp minimise les discussions sur la signature par Liverpool du remplacement de Joel Matip en janvier","robots":{"index":"index","follow":"follow","max-snippet":"max-snippet:-1","max-image-preview":"max-image-preview:large","max-video-preview":"max-video-preview:-1"},"canonical":"https:\/\/footdavant.fr\/actualites\/jurgen-klopp-minimise-les-discussions-sur-la-signature-par-liverpool-du-remplacement-de-joel-matip-en-janvier\/","og_locale":"fr_FR","og_type":"article","og_title":"Jurgen Klopp minimise les discussions sur la signature par Liverpool du remplacement de Joel Matip en janvier","og_description":"Le patron de Liverpool, Jurgen Klopp, minimise les sp\u00e9culations sugg\u00e9rant que le club chercherait \u00e0 recruter un nouveau d\u00e9fenseur central pour remplacer Joel Matip, bless\u00e9.","og_url":"https:\/\/footdavant.fr\/actualites\/jurgen-klopp-minimise-les-discussions-sur-la-signature-par-liverpool-du-remplacement-de-joel-matip-en-janvier\/","og_site_name":"Foot d&#039;avant","article_publisher":"https:\/\/www.facebook.com\/Footdavant\/","article_published_time":"2023-12-12T21:50:38+00:00","article_modified_time":"2023-12-12T21:50:39+00:00","og_image":[{"width":640,"height":480,"url":"https:\/\/footdavant.fr\/actualites\/wp-content\/uploads\/2023\/12\/Jurgen-Klopp-minimise-les-discussions-sur-la-signature-par-Liverpool.jpg","type":"image\/jpeg"}],"author":"Cl\u00e9ment","twitter_card":"summary_large_image","twitter_creator":"@FootdavantFr","twitter_site":"@FootdavantFr","twitter_misc":{"\u00c9crit par":"Cl\u00e9ment","Dur\u00e9e de lecture estim\u00e9e":"2 minutes"},"schema":{"@context":"https:\/\/schema.org","@graph":[{"@type":"Article","@id":"https:\/\/footdavant.fr\/actualites\/jurgen-klopp-minimise-les-discussions-sur-la-signature-par-liverpool-du-remplacement-de-joel-matip-en-janvier\/#article","isPartOf":{"@id":"https:\/\/footdavant.fr\/actualites\/jurgen-klopp-minimise-les-discussions-sur-la-signature-par-liverpool-du-remplacement-de-joel-matip-en-janvier\/"},"author":{"name":"Cl\u00e9ment","@id":"https:\/\/footdavant.fr\/actualites\/#\/schema\/person\/bc222566d95871b37e597b3ed3ba5e1d"},"headline":"Jurgen Klopp minimise les discussions sur la signature par Liverpool du remplacement de Joel Matip en janvier","datePublished":"2023-12-12T21:50:38+00:00","dateModified":"2023-12-12T21:50:39+00:00","mainEntityOfPage":{"@id":"https:\/\/footdavant.fr\/actualites\/jurgen-klopp-minimise-les-discussions-sur-la-signature-par-liverpool-du-remplacement-de-joel-matip-en-janvier\/"},"wordCount":501,"publisher":{"@id":"https:\/\/footdavant.fr\/actualites\/#organization"},"keywords":["discussions","janvier","Joel","Jurgen","Klopp","les","Liverpool","Matip","minimise","par","remplacement","signature","sur"],"articleSection":["Premier League"],"inLanguage":"fr-FR"},{"@type":"WebPage","@id":"https:\/\/footdavant.fr\/actualites\/jurgen-klopp-minimise-les-discussions-sur-la-signature-par-liverpool-du-remplacement-de-joel-matip-en-janvier\/","url":"https:\/\/footdavant.fr\/actualites\/jurgen-klopp-minimise-les-discussions-sur-la-signature-par-liverpool-du-remplacement-de-joel-matip-en-janvier\/","name":"Jurgen Klopp minimise les discussions sur la signature par Liverpool du remplacement de Joel Matip en janvier","isPartOf":{"@id":"https:\/\/footdavant.fr\/actualites\/#website"},"datePublished":"2023-12-12T21:50:38+00:00","dateModified":"2023-12-12T21:50:39+00:00","breadcrumb":{"@id":"https:\/\/footdavant.fr\/actualites\/jurgen-klopp-minimise-les-discussions-sur-la-signature-par-liverpool-du-remplacement-de-joel-matip-en-janvier\/#breadcrumb"},"inLanguage":"fr-FR","potentialAction":[{"@type":"ReadAction","target":["https:\/\/footdavant.fr\/actualites\/jurgen-klopp-minimise-les-discussions-sur-la-signature-par-liverpool-du-remplacement-de-joel-matip-en-janvier\/"]}]},{"@type":"BreadcrumbList","@id":"https:\/\/footdavant.fr\/actualites\/jurgen-klopp-minimise-les-discussions-sur-la-signature-par-liverpool-du-remplacement-de-joel-matip-en-janvier\/#breadcrumb","itemListElement":[{"@type":"ListItem","position":1,"name":"Accueil","item":"https:\/\/footdavant.fr\/actualites\/"},{"@type":"ListItem","position":2,"name":"Jurgen Klopp minimise les discussions sur la signature par Liverpool du remplacement de Joel Matip en janvier"}]},{"@type":"WebSite","@id":"https:\/\/footdavant.fr\/actualites\/#website","url":"https:\/\/footdavant.fr\/actualites\/","name":"Foot d'avant","description":"","publisher":{"@id":"https:\/\/footdavant.fr\/actualites\/#organization"},"potentialAction":[{"@type":"SearchAction","target":{"@type":"EntryPoint","urlTemplate":"https:\/\/footdavant.fr\/actualites\/?s={search_term_string}"},"query-input":"required name=search_term_string"}],"inLanguage":"fr-FR"},{"@type":"Organization","@id":"https:\/\/footdavant.fr\/actualites\/#organization","name":"Foot d'avant","url":"https:\/\/footdavant.fr\/actualites\/","logo":{"@type":"ImageObject","inLanguage":"fr-FR","@id":"https:\/\/footdavant.fr\/actualites\/#\/schema\/logo\/image\/","url":"https:\/\/footdavant.fr\/actualites\/wp-content\/uploads\/2023\/09\/Copy-of-FootDavant-Logo.png","contentUrl":"https:\/\/footdavant.fr\/actualites\/wp-content\/uploads\/2023\/09\/Copy-of-FootDavant-Logo.png","width":936,"height":549,"caption":"Foot d'avant"},"image":{"@id":"https:\/\/footdavant.fr\/actualites\/#\/schema\/logo\/image\/"},"sameAs":["https:\/\/www.facebook.com\/Footdavant\/","https:\/\/twitter.com\/FootdavantFr","https:\/\/www.instagram.com\/footdavant.fr\/"]},{"@type":"Person","@id":"https:\/\/footdavant.fr\/actualites\/#\/schema\/person\/bc222566d95871b37e597b3ed3ba5e1d","name":"Cl\u00e9ment","image":{"@type":"ImageObject","inLanguage":"fr-FR","@id":"https:\/\/footdavant.fr\/actualites\/#\/schema\/person\/image\/","url":"https:\/\/secure.gravatar.com\/avatar\/7728b29aac2719421e1a9159b2254c44?s=96&d=mm&r=g","contentUrl":"https:\/\/secure.gravatar.com\/avatar\/7728b29aac2719421e1a9159b2254c44?s=96&d=mm&r=g","caption":"Cl\u00e9ment"},"sameAs":["https:\/\/footdavant.fr\/"]}]}},"_links":{"self":[{"href":"https:\/\/footdavant.fr\/actualites\/wp-json\/wp\/v2\/posts\/2365"}],"collection":[{"href":"https:\/\/footdavant.fr\/actualites\/wp-json\/wp\/v2\/posts"}],"about":[{"href":"https:\/\/footdavant.fr\/actualites\/wp-json\/wp\/v2\/types\/post"}],"author":[{"embeddable":true,"href":"https:\/\/footdavant.fr\/actualites\/wp-json\/wp\/v2\/users\/1"}],"replies":[{"embeddable":true,"href":"https:\/\/footdavant.fr\/actualites\/wp-json\/wp\/v2\/comments?post=2365"}],"version-history":[{"count":1,"href":"https:\/\/footdavant.fr\/actualites\/wp-json\/wp\/v2\/posts\/2365\/revisions"}],"predecessor-version":[{"id":2367,"href":"https:\/\/footdavant.fr\/actualites\/wp-json\/wp\/v2\/posts\/2365\/revisions\/2367"}],"wp:featuredmedia":[{"embeddable":true,"href":"https:\/\/footdavant.fr\/actualites\/wp-json\/wp\/v2\/media\/2366"}],"wp:attachment":[{"href":"https:\/\/footdavant.fr\/actualites\/wp-json\/wp\/v2\/media?parent=2365"}],"wp:term":[{"taxonomy":"category","embeddable":true,"href":"https:\/\/footdavant.fr\/actualites\/wp-json\/wp\/v2\/categories?post=2365"},{"taxonomy":"post_tag","embeddable":true,"href":"https:\/\/footdavant.fr\/actualites\/wp-json\/wp\/v2\/tags?post=2365"}],"curies":[{"name":"wp","href":"https:\/\/api.w.org\/{rel}","templated":true}]}}