{"id":23677,"date":"2025-05-08T06:48:08","date_gmt":"2025-05-08T04:48:08","guid":{"rendered":"https:\/\/footdavant.fr\/actualites\/nouvelles-des-dejeurs-psg-ousmane-dembele-disponibilite-confirmee-par-luis-enrique-avant-le-deuxieme-etage-de-la-ligue-des-champions-darsenal\/"},"modified":"2025-05-08T06:48:10","modified_gmt":"2025-05-08T04:48:10","slug":"nouvelles-des-dejeurs-psg-ousmane-dembele-disponibilite-confirmee-par-luis-enrique-avant-le-deuxieme-etage-de-la-ligue-des-champions-darsenal","status":"publish","type":"post","link":"https:\/\/footdavant.fr\/actualites\/nouvelles-des-dejeurs-psg-ousmane-dembele-disponibilite-confirmee-par-luis-enrique-avant-le-deuxieme-etage-de-la-ligue-des-champions-darsenal\/","title":{"rendered":"NOUVELLES DES D\u00c9JEURS PSG: Ousmane Dembele Disponibilit\u00e9 confirm\u00e9e par Luis Enrique avant le deuxi\u00e8me \u00e9tage de la Ligue des champions d&#39;Arsenal"},"content":{"rendered":"<p>Luis Enrique fournit la derni\u00e8re mise \u00e0 jour sur la disponibilit\u00e9 de l&#39;attaquant vedette Ousmane Dembele avant la confrontation en demi-finale de la Ligue des champions de mercredi avec Arsenal.<\/p>\n<div id=\"article_body\" itemprop=\"articleBody\">\n<h3 class=\"firstPara\">\n<strong class=\"autotag\">Luis Enrique<\/strong> a fourni la derni\u00e8re mise \u00e0 jour sur la disponibilit\u00e9 de Star Attack <strong class=\"autotag\">Ousmane Dembele<\/strong> avant mercredi <strong class=\"autotag\">Ligue des champions<\/strong> Rencontre en demi-finale \u00e0 la deuxi\u00e8me \u00e9tape avec <strong class=\"autotag\">Arsenal<\/strong> \u00e0 Parc des Princes.<\/h3>\n<p>Dembele a marqu\u00e9 le seul but du match \u00e0 la quatri\u00e8me minute alors que les champions de la Ligue 1 ont remport\u00e9 une victoire 1-0 \u00e9troite sur les Gunners lors du match aller de la semaine derni\u00e8re au Emirates Stadium.<\/p>\n<p>Cependant, le joueur de 27 ans a \u00e9t\u00e9 retir\u00e9 avec 20 minutes \u00e0 jouer apr\u00e8s avoir subi une tension aux ischio-jambiers, Enrique r\u00e9v\u00e9lant apr\u00e8s le match que \u00ab\u00a0il est probablement un doute pour la deuxi\u00e8me \u00e9tape\u00a0\u00bb.<\/p>\n<p>Dembele a ensuite \u00e9t\u00e9 exclu de l&#39;\u00e9quipe de match car une tenue PSG tr\u00e8s chang\u00e9e a \u00e9t\u00e9 battue \u00e0 2-1 contre Strasbourg \u00e0 Ligue 1 le week-end dernier.<\/p>\n<p>Cependant, le PSG a depuis re\u00e7u une augmentation majeure des blessures car Enrique a confirm\u00e9 que Dembele \u00e9tait apte \u00e0 figurer contre Arsenal mercredi apr\u00e8s <strong>Participer \u00e0 la formation en \u00e9quipe<\/strong>. <\/p>\n<p>S&#39;exprimant lors d&#39;une conf\u00e9rence de presse d&#39;avant-match mardi, Enrique a d\u00e9clar\u00e9: \u00ab\u00a0(Dembele a) s&#39;entra\u00eene avec le groupe depuis deux jours. Je l&#39;ai \u00e0 ma disposition demain.\u00a0\u00bb<\/p>\n<p class=\"imgI\">\n<h2 class=\"k3\">Dembele \u00e0 la disposition d&#39;Enrique pour Arsenal Clash alors que Lee revient \u00e9galement \u00e0 la formation<\/h2>\n<p>Le PSG a \u00e9galement \u00e9t\u00e9 stimul\u00e9 par la nouvelle que le milieu de terrain <strong class=\"autotag\">Lee Kang-in<\/strong> retourn\u00e9 \u00e0 l&#39;entra\u00eenement mardi et devrait \u00eatre impliqu\u00e9 dans l&#39;\u00e9quipe de match apr\u00e8s avoir r\u00e9cup\u00e9r\u00e9 d&#39;un coup repris dans la d\u00e9faite contre Strasbourg la derni\u00e8re fois.<\/p>\n<p>Bien que Lee ne devrait pas commencer, Dembele dirigera probablement la ligne s&#39;il est apte \u00e0 revenir, et le PSG esp\u00e8re que le Fran\u00e7ais pourra continuer sa forme sensationnelle dans le dernier tiers.<\/p>\n<p>Aucun joueur dans les cinq premi\u00e8res ligues d&#39;Europe n&#39;a contribu\u00e9 \u00e0 plus de buts en 2025 que Dembele, qui a enregistr\u00e9 26 buts et quatre passes d\u00e9cisives en 25 matchs toutes les comp\u00e9titions, contribuant \u00e0 deux buts et deux passes d\u00e9cisives lors de ses quatre derni\u00e8res sorties de la Ligue des champions.<\/p>\n<p>Enrique a \u00e9t\u00e9 interrog\u00e9 sur les forces de son \u00e9quipe avant la bataille avec Arsenal, et il a d\u00e9clar\u00e9 aux journalistes: \u00ab\u00a0Je ne pense pas qu&#39;il y ait une seule ligne dans l&#39;\u00e9quipe qui est sup\u00e9rieure \u00e0 l&#39;autre, je pense que c&#39;est le grand succ\u00e8s de ce PSG. <\/p>\n<p>\u00ab\u00a0Nous ne sommes pas une \u00e9quipe calculatrice. Nous essayons de r\u00e9p\u00e9ter le m\u00eame m\u00e9canisme de match. Ce n&#39;est pas facile \u00e0 faire, cela n\u00e9cessite un \u00e9tat d&#39;esprit et des principes tr\u00e8s clairs. <\/p>\n<p>\u00ab\u00a0Le match sera difficile demain. C&#39;est compliqu\u00e9 sur le papier, mais nous essaierons de r\u00e9p\u00e9ter ce que nous avons fait depuis le premier jour. Avec la qualit\u00e9 que j&#39;ai, je vois cela comme un avantage.\u00a0\u00bb<\/p>\n<p>Entre-temps, <strong>Arsenal a \u00e9galement re\u00e7u un coup de pouce<\/strong> avant leur voyage \u00e0 Paris, en tant que capitaine <strong class=\"autotag\">Martin Odegaard<\/strong>, <strong class=\"autotag\">Jurrien Timber<\/strong> et <strong class=\"autotag\">Riccardo Calafiori<\/strong> Tous ont particip\u00e9 \u00e0 la formation en \u00e9quipe mardi.<\/p>\n<div class=\"author_box\">\n<div class=\"author_box_banner\">\n<\/div>\n<\/div>\n<\/div>\n","protected":false},"excerpt":{"rendered":"<p>Luis Enrique fournit la derni\u00e8re mise \u00e0 jour sur la disponibilit\u00e9 de l&#39;attaquant vedette Ousmane Dembele avant la confrontation en demi-finale de la Ligue des<\/p>\n","protected":false},"author":1,"featured_media":23433,"comment_status":"closed","ping_status":"","sticky":false,"template":"","format":"standard","meta":{"footnotes":""},"categories":[4],"tags":[491,31,4148,4221,9142,7923,12,1801,1658,1244,8439,30,240,461,2900,75,1656],"yoast_head":"<!-- This site is optimized with the Yoast SEO plugin v21.0 - https:\/\/yoast.com\/wordpress\/plugins\/seo\/ -->\n<title>NOUVELLES DES D\u00c9JEURS PSG: Ousmane Dembele Disponibilit\u00e9 confirm\u00e9e par Luis Enrique avant le deuxi\u00e8me \u00e9tage de la Ligue des champions d&#039;Arsenal<\/title>\n<meta name=\"robots\" content=\"index, follow, max-snippet:-1, max-image-preview:large, max-video-preview:-1\" \/>\n<link rel=\"canonical\" href=\"https:\/\/footdavant.fr\/actualites\/nouvelles-des-dejeurs-psg-ousmane-dembele-disponibilite-confirmee-par-luis-enrique-avant-le-deuxieme-etage-de-la-ligue-des-champions-darsenal\/\" \/>\n<meta property=\"og:locale\" content=\"fr_FR\" \/>\n<meta property=\"og:type\" content=\"article\" \/>\n<meta property=\"og:title\" content=\"NOUVELLES DES D\u00c9JEURS PSG: Ousmane Dembele Disponibilit\u00e9 confirm\u00e9e par Luis Enrique avant le deuxi\u00e8me \u00e9tage de la Ligue des champions d&#039;Arsenal\" \/>\n<meta property=\"og:description\" content=\"Luis Enrique fournit la derni\u00e8re mise \u00e0 jour sur la disponibilit\u00e9 de l&#039;attaquant vedette Ousmane Dembele avant la confrontation en demi-finale de la Ligue des\" \/>\n<meta property=\"og:url\" content=\"https:\/\/footdavant.fr\/actualites\/nouvelles-des-dejeurs-psg-ousmane-dembele-disponibilite-confirmee-par-luis-enrique-avant-le-deuxieme-etage-de-la-ligue-des-champions-darsenal\/\" \/>\n<meta property=\"og:site_name\" content=\"Foot d&#039;avant\" \/>\n<meta property=\"article:publisher\" content=\"https:\/\/www.facebook.com\/Footdavant\/\" \/>\n<meta property=\"article:published_time\" content=\"2025-05-08T04:48:08+00:00\" \/>\n<meta property=\"article:modified_time\" content=\"2025-05-08T04:48:10+00:00\" \/>\n<meta property=\"og:image\" content=\"https:\/\/footdavant.fr\/actualites\/wp-content\/uploads\/2025\/05\/1746204484_Arsenal-a-recu-l39espoir-de-la-Ligue-des-champions-du.jpg\" \/>\n\t<meta property=\"og:image:width\" content=\"1280\" \/>\n\t<meta property=\"og:image:height\" content=\"960\" \/>\n\t<meta property=\"og:image:type\" content=\"image\/jpeg\" \/>\n<meta name=\"author\" content=\"Cl\u00e9ment\" \/>\n<meta name=\"twitter:card\" content=\"summary_large_image\" \/>\n<meta name=\"twitter:creator\" content=\"@FootdavantFr\" \/>\n<meta name=\"twitter:site\" content=\"@FootdavantFr\" \/>\n<meta name=\"twitter:label1\" content=\"\u00c9crit par\" \/>\n\t<meta name=\"twitter:data1\" content=\"Cl\u00e9ment\" \/>\n\t<meta name=\"twitter:label2\" content=\"Dur\u00e9e de lecture estim\u00e9e\" \/>\n\t<meta name=\"twitter:data2\" content=\"3 minutes\" \/>\n<script type=\"application\/ld+json\" class=\"yoast-schema-graph\">{\"@context\":\"https:\/\/schema.org\",\"@graph\":[{\"@type\":\"Article\",\"@id\":\"https:\/\/footdavant.fr\/actualites\/nouvelles-des-dejeurs-psg-ousmane-dembele-disponibilite-confirmee-par-luis-enrique-avant-le-deuxieme-etage-de-la-ligue-des-champions-darsenal\/#article\",\"isPartOf\":{\"@id\":\"https:\/\/footdavant.fr\/actualites\/nouvelles-des-dejeurs-psg-ousmane-dembele-disponibilite-confirmee-par-luis-enrique-avant-le-deuxieme-etage-de-la-ligue-des-champions-darsenal\/\"},\"author\":{\"name\":\"Cl\u00e9ment\",\"@id\":\"https:\/\/footdavant.fr\/actualites\/#\/schema\/person\/bc222566d95871b37e597b3ed3ba5e1d\"},\"headline\":\"NOUVELLES DES D\u00c9JEURS PSG: Ousmane Dembele Disponibilit\u00e9 confirm\u00e9e par Luis Enrique avant le deuxi\u00e8me \u00e9tage de la Ligue des champions d&#39;Arsenal\",\"datePublished\":\"2025-05-08T04:48:08+00:00\",\"dateModified\":\"2025-05-08T04:48:10+00:00\",\"mainEntityOfPage\":{\"@id\":\"https:\/\/footdavant.fr\/actualites\/nouvelles-des-dejeurs-psg-ousmane-dembele-disponibilite-confirmee-par-luis-enrique-avant-le-deuxieme-etage-de-la-ligue-des-champions-darsenal\/\"},\"wordCount\":579,\"publisher\":{\"@id\":\"https:\/\/footdavant.fr\/actualites\/#organization\"},\"keywords\":[\"avant\",\"champions\",\"confirm\u00e9e\",\"d39Arsenal\",\"D\u00c9JEURS\",\"Dembele\",\"des\",\"deuxi\u00e8me\",\"disponibilit\u00e9\",\"Enrique\",\"\u00e9tage\",\"Ligue\",\"Luis\",\"Nouvelles\",\"Ousmane\",\"par\",\"PSG\"],\"articleSection\":[\"Champions League\"],\"inLanguage\":\"fr-FR\"},{\"@type\":\"WebPage\",\"@id\":\"https:\/\/footdavant.fr\/actualites\/nouvelles-des-dejeurs-psg-ousmane-dembele-disponibilite-confirmee-par-luis-enrique-avant-le-deuxieme-etage-de-la-ligue-des-champions-darsenal\/\",\"url\":\"https:\/\/footdavant.fr\/actualites\/nouvelles-des-dejeurs-psg-ousmane-dembele-disponibilite-confirmee-par-luis-enrique-avant-le-deuxieme-etage-de-la-ligue-des-champions-darsenal\/\",\"name\":\"NOUVELLES DES D\u00c9JEURS PSG: Ousmane Dembele Disponibilit\u00e9 confirm\u00e9e par Luis Enrique avant le deuxi\u00e8me \u00e9tage de la Ligue des champions d&#39;Arsenal\",\"isPartOf\":{\"@id\":\"https:\/\/footdavant.fr\/actualites\/#website\"},\"datePublished\":\"2025-05-08T04:48:08+00:00\",\"dateModified\":\"2025-05-08T04:48:10+00:00\",\"breadcrumb\":{\"@id\":\"https:\/\/footdavant.fr\/actualites\/nouvelles-des-dejeurs-psg-ousmane-dembele-disponibilite-confirmee-par-luis-enrique-avant-le-deuxieme-etage-de-la-ligue-des-champions-darsenal\/#breadcrumb\"},\"inLanguage\":\"fr-FR\",\"potentialAction\":[{\"@type\":\"ReadAction\",\"target\":[\"https:\/\/footdavant.fr\/actualites\/nouvelles-des-dejeurs-psg-ousmane-dembele-disponibilite-confirmee-par-luis-enrique-avant-le-deuxieme-etage-de-la-ligue-des-champions-darsenal\/\"]}]},{\"@type\":\"BreadcrumbList\",\"@id\":\"https:\/\/footdavant.fr\/actualites\/nouvelles-des-dejeurs-psg-ousmane-dembele-disponibilite-confirmee-par-luis-enrique-avant-le-deuxieme-etage-de-la-ligue-des-champions-darsenal\/#breadcrumb\",\"itemListElement\":[{\"@type\":\"ListItem\",\"position\":1,\"name\":\"Accueil\",\"item\":\"https:\/\/footdavant.fr\/actualites\/\"},{\"@type\":\"ListItem\",\"position\":2,\"name\":\"NOUVELLES DES D\u00c9JEURS PSG: Ousmane Dembele Disponibilit\u00e9 confirm\u00e9e par Luis Enrique avant le deuxi\u00e8me \u00e9tage de la Ligue des champions d&#39;Arsenal\"}]},{\"@type\":\"WebSite\",\"@id\":\"https:\/\/footdavant.fr\/actualites\/#website\",\"url\":\"https:\/\/footdavant.fr\/actualites\/\",\"name\":\"Foot d'avant\",\"description\":\"\",\"publisher\":{\"@id\":\"https:\/\/footdavant.fr\/actualites\/#organization\"},\"potentialAction\":[{\"@type\":\"SearchAction\",\"target\":{\"@type\":\"EntryPoint\",\"urlTemplate\":\"https:\/\/footdavant.fr\/actualites\/?s={search_term_string}\"},\"query-input\":\"required name=search_term_string\"}],\"inLanguage\":\"fr-FR\"},{\"@type\":\"Organization\",\"@id\":\"https:\/\/footdavant.fr\/actualites\/#organization\",\"name\":\"Foot d'avant\",\"url\":\"https:\/\/footdavant.fr\/actualites\/\",\"logo\":{\"@type\":\"ImageObject\",\"inLanguage\":\"fr-FR\",\"@id\":\"https:\/\/footdavant.fr\/actualites\/#\/schema\/logo\/image\/\",\"url\":\"https:\/\/footdavant.fr\/actualites\/wp-content\/uploads\/2023\/09\/Copy-of-FootDavant-Logo.png\",\"contentUrl\":\"https:\/\/footdavant.fr\/actualites\/wp-content\/uploads\/2023\/09\/Copy-of-FootDavant-Logo.png\",\"width\":936,\"height\":549,\"caption\":\"Foot d'avant\"},\"image\":{\"@id\":\"https:\/\/footdavant.fr\/actualites\/#\/schema\/logo\/image\/\"},\"sameAs\":[\"https:\/\/www.facebook.com\/Footdavant\/\",\"https:\/\/twitter.com\/FootdavantFr\",\"https:\/\/www.instagram.com\/footdavant.fr\/\"]},{\"@type\":\"Person\",\"@id\":\"https:\/\/footdavant.fr\/actualites\/#\/schema\/person\/bc222566d95871b37e597b3ed3ba5e1d\",\"name\":\"Cl\u00e9ment\",\"image\":{\"@type\":\"ImageObject\",\"inLanguage\":\"fr-FR\",\"@id\":\"https:\/\/footdavant.fr\/actualites\/#\/schema\/person\/image\/\",\"url\":\"https:\/\/secure.gravatar.com\/avatar\/7728b29aac2719421e1a9159b2254c44?s=96&d=mm&r=g\",\"contentUrl\":\"https:\/\/secure.gravatar.com\/avatar\/7728b29aac2719421e1a9159b2254c44?s=96&d=mm&r=g\",\"caption\":\"Cl\u00e9ment\"},\"sameAs\":[\"https:\/\/footdavant.fr\/\"]}]}<\/script>\n<!-- \/ Yoast SEO plugin. -->","yoast_head_json":{"title":"NOUVELLES DES D\u00c9JEURS PSG: Ousmane Dembele Disponibilit\u00e9 confirm\u00e9e par Luis Enrique avant le deuxi\u00e8me \u00e9tage de la Ligue des champions d&#39;Arsenal","robots":{"index":"index","follow":"follow","max-snippet":"max-snippet:-1","max-image-preview":"max-image-preview:large","max-video-preview":"max-video-preview:-1"},"canonical":"https:\/\/footdavant.fr\/actualites\/nouvelles-des-dejeurs-psg-ousmane-dembele-disponibilite-confirmee-par-luis-enrique-avant-le-deuxieme-etage-de-la-ligue-des-champions-darsenal\/","og_locale":"fr_FR","og_type":"article","og_title":"NOUVELLES DES D\u00c9JEURS PSG: Ousmane Dembele Disponibilit\u00e9 confirm\u00e9e par Luis Enrique avant le deuxi\u00e8me \u00e9tage de la Ligue des champions d&#39;Arsenal","og_description":"Luis Enrique fournit la derni\u00e8re mise \u00e0 jour sur la disponibilit\u00e9 de l&#39;attaquant vedette Ousmane Dembele avant la confrontation en demi-finale de la Ligue des","og_url":"https:\/\/footdavant.fr\/actualites\/nouvelles-des-dejeurs-psg-ousmane-dembele-disponibilite-confirmee-par-luis-enrique-avant-le-deuxieme-etage-de-la-ligue-des-champions-darsenal\/","og_site_name":"Foot d&#039;avant","article_publisher":"https:\/\/www.facebook.com\/Footdavant\/","article_published_time":"2025-05-08T04:48:08+00:00","article_modified_time":"2025-05-08T04:48:10+00:00","og_image":[{"width":1280,"height":960,"url":"https:\/\/footdavant.fr\/actualites\/wp-content\/uploads\/2025\/05\/1746204484_Arsenal-a-recu-l39espoir-de-la-Ligue-des-champions-du.jpg","type":"image\/jpeg"}],"author":"Cl\u00e9ment","twitter_card":"summary_large_image","twitter_creator":"@FootdavantFr","twitter_site":"@FootdavantFr","twitter_misc":{"\u00c9crit par":"Cl\u00e9ment","Dur\u00e9e de lecture estim\u00e9e":"3 minutes"},"schema":{"@context":"https:\/\/schema.org","@graph":[{"@type":"Article","@id":"https:\/\/footdavant.fr\/actualites\/nouvelles-des-dejeurs-psg-ousmane-dembele-disponibilite-confirmee-par-luis-enrique-avant-le-deuxieme-etage-de-la-ligue-des-champions-darsenal\/#article","isPartOf":{"@id":"https:\/\/footdavant.fr\/actualites\/nouvelles-des-dejeurs-psg-ousmane-dembele-disponibilite-confirmee-par-luis-enrique-avant-le-deuxieme-etage-de-la-ligue-des-champions-darsenal\/"},"author":{"name":"Cl\u00e9ment","@id":"https:\/\/footdavant.fr\/actualites\/#\/schema\/person\/bc222566d95871b37e597b3ed3ba5e1d"},"headline":"NOUVELLES DES D\u00c9JEURS PSG: Ousmane Dembele Disponibilit\u00e9 confirm\u00e9e par Luis Enrique avant le deuxi\u00e8me \u00e9tage de la Ligue des champions d&#39;Arsenal","datePublished":"2025-05-08T04:48:08+00:00","dateModified":"2025-05-08T04:48:10+00:00","mainEntityOfPage":{"@id":"https:\/\/footdavant.fr\/actualites\/nouvelles-des-dejeurs-psg-ousmane-dembele-disponibilite-confirmee-par-luis-enrique-avant-le-deuxieme-etage-de-la-ligue-des-champions-darsenal\/"},"wordCount":579,"publisher":{"@id":"https:\/\/footdavant.fr\/actualites\/#organization"},"keywords":["avant","champions","confirm\u00e9e","d39Arsenal","D\u00c9JEURS","Dembele","des","deuxi\u00e8me","disponibilit\u00e9","Enrique","\u00e9tage","Ligue","Luis","Nouvelles","Ousmane","par","PSG"],"articleSection":["Champions League"],"inLanguage":"fr-FR"},{"@type":"WebPage","@id":"https:\/\/footdavant.fr\/actualites\/nouvelles-des-dejeurs-psg-ousmane-dembele-disponibilite-confirmee-par-luis-enrique-avant-le-deuxieme-etage-de-la-ligue-des-champions-darsenal\/","url":"https:\/\/footdavant.fr\/actualites\/nouvelles-des-dejeurs-psg-ousmane-dembele-disponibilite-confirmee-par-luis-enrique-avant-le-deuxieme-etage-de-la-ligue-des-champions-darsenal\/","name":"NOUVELLES DES D\u00c9JEURS PSG: Ousmane Dembele Disponibilit\u00e9 confirm\u00e9e par Luis Enrique avant le deuxi\u00e8me \u00e9tage de la Ligue des champions d&#39;Arsenal","isPartOf":{"@id":"https:\/\/footdavant.fr\/actualites\/#website"},"datePublished":"2025-05-08T04:48:08+00:00","dateModified":"2025-05-08T04:48:10+00:00","breadcrumb":{"@id":"https:\/\/footdavant.fr\/actualites\/nouvelles-des-dejeurs-psg-ousmane-dembele-disponibilite-confirmee-par-luis-enrique-avant-le-deuxieme-etage-de-la-ligue-des-champions-darsenal\/#breadcrumb"},"inLanguage":"fr-FR","potentialAction":[{"@type":"ReadAction","target":["https:\/\/footdavant.fr\/actualites\/nouvelles-des-dejeurs-psg-ousmane-dembele-disponibilite-confirmee-par-luis-enrique-avant-le-deuxieme-etage-de-la-ligue-des-champions-darsenal\/"]}]},{"@type":"BreadcrumbList","@id":"https:\/\/footdavant.fr\/actualites\/nouvelles-des-dejeurs-psg-ousmane-dembele-disponibilite-confirmee-par-luis-enrique-avant-le-deuxieme-etage-de-la-ligue-des-champions-darsenal\/#breadcrumb","itemListElement":[{"@type":"ListItem","position":1,"name":"Accueil","item":"https:\/\/footdavant.fr\/actualites\/"},{"@type":"ListItem","position":2,"name":"NOUVELLES DES D\u00c9JEURS PSG: Ousmane Dembele Disponibilit\u00e9 confirm\u00e9e par Luis Enrique avant le deuxi\u00e8me \u00e9tage de la Ligue des champions d&#39;Arsenal"}]},{"@type":"WebSite","@id":"https:\/\/footdavant.fr\/actualites\/#website","url":"https:\/\/footdavant.fr\/actualites\/","name":"Foot d'avant","description":"","publisher":{"@id":"https:\/\/footdavant.fr\/actualites\/#organization"},"potentialAction":[{"@type":"SearchAction","target":{"@type":"EntryPoint","urlTemplate":"https:\/\/footdavant.fr\/actualites\/?s={search_term_string}"},"query-input":"required name=search_term_string"}],"inLanguage":"fr-FR"},{"@type":"Organization","@id":"https:\/\/footdavant.fr\/actualites\/#organization","name":"Foot d'avant","url":"https:\/\/footdavant.fr\/actualites\/","logo":{"@type":"ImageObject","inLanguage":"fr-FR","@id":"https:\/\/footdavant.fr\/actualites\/#\/schema\/logo\/image\/","url":"https:\/\/footdavant.fr\/actualites\/wp-content\/uploads\/2023\/09\/Copy-of-FootDavant-Logo.png","contentUrl":"https:\/\/footdavant.fr\/actualites\/wp-content\/uploads\/2023\/09\/Copy-of-FootDavant-Logo.png","width":936,"height":549,"caption":"Foot d'avant"},"image":{"@id":"https:\/\/footdavant.fr\/actualites\/#\/schema\/logo\/image\/"},"sameAs":["https:\/\/www.facebook.com\/Footdavant\/","https:\/\/twitter.com\/FootdavantFr","https:\/\/www.instagram.com\/footdavant.fr\/"]},{"@type":"Person","@id":"https:\/\/footdavant.fr\/actualites\/#\/schema\/person\/bc222566d95871b37e597b3ed3ba5e1d","name":"Cl\u00e9ment","image":{"@type":"ImageObject","inLanguage":"fr-FR","@id":"https:\/\/footdavant.fr\/actualites\/#\/schema\/person\/image\/","url":"https:\/\/secure.gravatar.com\/avatar\/7728b29aac2719421e1a9159b2254c44?s=96&d=mm&r=g","contentUrl":"https:\/\/secure.gravatar.com\/avatar\/7728b29aac2719421e1a9159b2254c44?s=96&d=mm&r=g","caption":"Cl\u00e9ment"},"sameAs":["https:\/\/footdavant.fr\/"]}]}},"_links":{"self":[{"href":"https:\/\/footdavant.fr\/actualites\/wp-json\/wp\/v2\/posts\/23677"}],"collection":[{"href":"https:\/\/footdavant.fr\/actualites\/wp-json\/wp\/v2\/posts"}],"about":[{"href":"https:\/\/footdavant.fr\/actualites\/wp-json\/wp\/v2\/types\/post"}],"author":[{"embeddable":true,"href":"https:\/\/footdavant.fr\/actualites\/wp-json\/wp\/v2\/users\/1"}],"replies":[{"embeddable":true,"href":"https:\/\/footdavant.fr\/actualites\/wp-json\/wp\/v2\/comments?post=23677"}],"version-history":[{"count":1,"href":"https:\/\/footdavant.fr\/actualites\/wp-json\/wp\/v2\/posts\/23677\/revisions"}],"predecessor-version":[{"id":23678,"href":"https:\/\/footdavant.fr\/actualites\/wp-json\/wp\/v2\/posts\/23677\/revisions\/23678"}],"wp:featuredmedia":[{"embeddable":true,"href":"https:\/\/footdavant.fr\/actualites\/wp-json\/wp\/v2\/media\/23433"}],"wp:attachment":[{"href":"https:\/\/footdavant.fr\/actualites\/wp-json\/wp\/v2\/media?parent=23677"}],"wp:term":[{"taxonomy":"category","embeddable":true,"href":"https:\/\/footdavant.fr\/actualites\/wp-json\/wp\/v2\/categories?post=23677"},{"taxonomy":"post_tag","embeddable":true,"href":"https:\/\/footdavant.fr\/actualites\/wp-json\/wp\/v2\/tags?post=23677"}],"curies":[{"name":"wp","href":"https:\/\/api.w.org\/{rel}","templated":true}]}}