{"id":23682,"date":"2025-05-08T09:48:17","date_gmt":"2025-05-08T07:48:17","guid":{"rendered":"https:\/\/footdavant.fr\/actualites\/encourager-a-voir-chelsea-enfin-lie-a-un-dos-central-experimente\/"},"modified":"2025-05-08T09:48:21","modified_gmt":"2025-05-08T07:48:21","slug":"encourager-a-voir-chelsea-enfin-lie-a-un-dos-central-experimente","status":"publish","type":"post","link":"https:\/\/footdavant.fr\/actualites\/encourager-a-voir-chelsea-enfin-lie-a-un-dos-central-experimente\/","title":{"rendered":"Encourager \u00e0 voir Chelsea enfin li\u00e9 \u00e0 un dos central exp\u00e9riment\u00e9"},"content":{"rendered":"<div>\n<p>Les m\u00e9dias locaux ont confirm\u00e9 notre rapport via que Chelsea est dans la course pour signer Feyenoord Center Back, David Hancko.<\/p>\n<p>Hancko n&#39;est que l&#39;un des nombreux noms de notre liste restreinte centrale, mais il est certainement un qui est consid\u00e9r\u00e9.<\/p>\n<p>Comme je l&#39;ai rapport\u00e9, Chelsea Chiefs savait que nous devons ajouter plus d&#39;exp\u00e9rience aux rangs, et m\u00eame Enzo Maresca l&#39;a demand\u00e9.<\/p>\n<p>Hancko est un excellent exemple du type d&#39;exp\u00e9rience que Chelsea envisagera d&#39;ajouter, un joueur qui n&#39;est pas trop vieux, ne co\u00fbtera pas trop cher et sera un achat intelligent.<\/p>\n<p>Hancko aura 28 ans en hiver, et il arriverait \u00e9galement avec 50 plafonds internationaux pour la Slovaquie, et pr\u00e8s de 350 apparitions en carri\u00e8re seniors. C&#39;est la d\u00e9finition de l&#39;exp\u00e9rience.<\/p>\n<p>Est-ce une exp\u00e9rience de qualit\u00e9? Personnellement, je n&#39;ai pas regard\u00e9 assez de lui pour passer cet appel, mais je peux faire des recherches\u2026<\/p>\n<p>Comme l&#39;IA, il recherche un certain nombre d&#39;articles r\u00e9cents pour recueillir des informations concluantes, et c&#39;est ce qu&#39;elle a\u2026.<\/p>\n<p>D\u00e1vid Hancko est connu pour ses capacit\u00e9s de jeu de balle, en particulier lorsqu&#39;elle fonctionne \u00e0 l&#39;arri\u00e8re gauche. Il est un passeur fort, aime dribbler et est une menace indirecte. Bien qu&#39;il ne plonge pas dans les plaqu\u00e9s, il est plus actif dans la moiti\u00e9 de l&#39;opposition que dans le sien, en moyenne plus de touches dans le tiers du milieu.<\/p>\n<p>Voici un regard plus d\u00e9taill\u00e9 sur son style:<\/p>\n<\/p>\n<ul>\n<li>Hancko est \u00e0 l&#39;aise pour jouer \u00e0 courtes passes et est impliqu\u00e9 dans le jeu de construction de son \u00e9quipe.<\/li>\n<li>Il n&#39;a pas peur de dribble le ballon, surtout en jouant \u00e0 l&#39;arri\u00e8re gauche.<\/li>\n<li>Hancko peut \u00eatre un danger des d\u00e9cors, soit par son d\u00e9c\u00e8s, soit sa propre capacit\u00e9 \u00e0 attaquer la bo\u00eete.<\/li>\n<li>Il est plus actif dans la moiti\u00e9 de l&#39;opposition, cherche \u00e0 avancer et \u00e0 contribuer \u00e0 l&#39;attaque.<\/li>\n<li>Hancko pr\u00e9f\u00e8re utiliser ses capacit\u00e9s de jeu de balle pour gagner le ballon plut\u00f4t que de s&#39;engager dans des plaqu\u00e9s physiques.<\/li>\n<\/ul>\n<ul>\n<li>Avec Feyenoord, qui priorise la possession, Hancko est en mesure de pr\u00e9senter ses comp\u00e9tences en balle et de contribuer au jeu de constitution de l&#39;\u00e9quipe.<\/li>\n<li>Au niveau international, jouant \u00e0 l&#39;arri\u00e8re gauche pour la Slovaquie, il reste un d\u00e9fenseur proactif, faisant souvent avancer le ballon et contribuant \u00e0 l&#39;attaque.<\/li>\n<\/ul>\n<p>D&#39;apr\u00e8s ce que j&#39;ai recherch\u00e9 et regard\u00e9 sur des clips, c&#39;est assez pr\u00e9cis. Si quelqu&#39;un a autre chose \u00e0 ajouter, veuillez d\u00e9poser les commentaires.<\/p>\n<p>Une belle vid\u00e9o r\u00e9cente ici\u2026<\/p>\n<p><a href=\"https:\/\/www.youtube.com\/watch?v=VELYJPUMKDE\">https:\/\/www.youtube.com\/watch?v=VELYJPUMKDE<\/a><\/p>\n<p>Il a l&#39;air tr\u00e8s bien et il peut \u00e9galement jouer comme arri\u00e8re gauche. La meilleure chose est bien s\u00fbr, c&#39;est qu&#39;il apporterait une exp\u00e9rience solide et un bon leadership aussi \u00e9tant apparemment capitaine de Feyenoord depuis 2022.<\/p>\n<\/p><\/div>\n","protected":false},"excerpt":{"rendered":"<p>Les m\u00e9dias locaux ont confirm\u00e9 notre rapport via que Chelsea est dans la course pour signer Feyenoord Center Back, David Hancko. Hancko n&#39;est que l&#39;un<\/p>\n","protected":false},"author":1,"featured_media":23683,"comment_status":"closed","ping_status":"","sticky":false,"template":"","format":"standard","meta":{"footnotes":""},"categories":[3],"tags":[1118,171,2023,9144,1558,9145,301,308],"yoast_head":"<!-- This site is optimized with the Yoast SEO plugin v21.0 - https:\/\/yoast.com\/wordpress\/plugins\/seo\/ -->\n<title>Encourager \u00e0 voir Chelsea enfin li\u00e9 \u00e0 un dos central exp\u00e9riment\u00e9<\/title>\n<meta name=\"robots\" content=\"index, follow, max-snippet:-1, max-image-preview:large, max-video-preview:-1\" \/>\n<link rel=\"canonical\" href=\"https:\/\/footdavant.fr\/actualites\/encourager-a-voir-chelsea-enfin-lie-a-un-dos-central-experimente\/\" \/>\n<meta property=\"og:locale\" content=\"fr_FR\" \/>\n<meta property=\"og:type\" content=\"article\" \/>\n<meta property=\"og:title\" content=\"Encourager \u00e0 voir Chelsea enfin li\u00e9 \u00e0 un dos central exp\u00e9riment\u00e9\" \/>\n<meta property=\"og:description\" content=\"Les m\u00e9dias locaux ont confirm\u00e9 notre rapport via que Chelsea est dans la course pour signer Feyenoord Center Back, David Hancko. Hancko n&#039;est que l&#039;un\" \/>\n<meta property=\"og:url\" content=\"https:\/\/footdavant.fr\/actualites\/encourager-a-voir-chelsea-enfin-lie-a-un-dos-central-experimente\/\" \/>\n<meta property=\"og:site_name\" content=\"Foot d&#039;avant\" \/>\n<meta property=\"article:publisher\" content=\"https:\/\/www.facebook.com\/Footdavant\/\" \/>\n<meta property=\"article:published_time\" content=\"2025-05-08T07:48:17+00:00\" \/>\n<meta property=\"article:modified_time\" content=\"2025-05-08T07:48:21+00:00\" \/>\n<meta property=\"og:image\" content=\"https:\/\/footdavant.fr\/actualites\/wp-content\/uploads\/2025\/05\/Encourager-a-voir-Chelsea-enfin-lie-a-un-dos-central.jpg\" \/>\n\t<meta property=\"og:image:width\" content=\"2560\" \/>\n\t<meta property=\"og:image:height\" content=\"1704\" \/>\n\t<meta property=\"og:image:type\" content=\"image\/jpeg\" \/>\n<meta name=\"author\" content=\"Cl\u00e9ment\" \/>\n<meta name=\"twitter:card\" content=\"summary_large_image\" \/>\n<meta name=\"twitter:creator\" content=\"@FootdavantFr\" \/>\n<meta name=\"twitter:site\" content=\"@FootdavantFr\" \/>\n<meta name=\"twitter:label1\" content=\"\u00c9crit par\" \/>\n\t<meta name=\"twitter:data1\" content=\"Cl\u00e9ment\" \/>\n\t<meta name=\"twitter:label2\" content=\"Dur\u00e9e de lecture estim\u00e9e\" \/>\n\t<meta name=\"twitter:data2\" content=\"3 minutes\" \/>\n<script type=\"application\/ld+json\" class=\"yoast-schema-graph\">{\"@context\":\"https:\/\/schema.org\",\"@graph\":[{\"@type\":\"Article\",\"@id\":\"https:\/\/footdavant.fr\/actualites\/encourager-a-voir-chelsea-enfin-lie-a-un-dos-central-experimente\/#article\",\"isPartOf\":{\"@id\":\"https:\/\/footdavant.fr\/actualites\/encourager-a-voir-chelsea-enfin-lie-a-un-dos-central-experimente\/\"},\"author\":{\"name\":\"Cl\u00e9ment\",\"@id\":\"https:\/\/footdavant.fr\/actualites\/#\/schema\/person\/bc222566d95871b37e597b3ed3ba5e1d\"},\"headline\":\"Encourager \u00e0 voir Chelsea enfin li\u00e9 \u00e0 un dos central exp\u00e9riment\u00e9\",\"datePublished\":\"2025-05-08T07:48:17+00:00\",\"dateModified\":\"2025-05-08T07:48:21+00:00\",\"mainEntityOfPage\":{\"@id\":\"https:\/\/footdavant.fr\/actualites\/encourager-a-voir-chelsea-enfin-lie-a-un-dos-central-experimente\/\"},\"wordCount\":517,\"publisher\":{\"@id\":\"https:\/\/footdavant.fr\/actualites\/#organization\"},\"keywords\":[\"central\",\"Chelsea\",\"dos\",\"Encourager\",\"enfin\",\"exp\u00e9riment\u00e9\",\"li\u00e9\",\"voir\"],\"articleSection\":[\"Football\"],\"inLanguage\":\"fr-FR\"},{\"@type\":\"WebPage\",\"@id\":\"https:\/\/footdavant.fr\/actualites\/encourager-a-voir-chelsea-enfin-lie-a-un-dos-central-experimente\/\",\"url\":\"https:\/\/footdavant.fr\/actualites\/encourager-a-voir-chelsea-enfin-lie-a-un-dos-central-experimente\/\",\"name\":\"Encourager \u00e0 voir Chelsea enfin li\u00e9 \u00e0 un dos central exp\u00e9riment\u00e9\",\"isPartOf\":{\"@id\":\"https:\/\/footdavant.fr\/actualites\/#website\"},\"datePublished\":\"2025-05-08T07:48:17+00:00\",\"dateModified\":\"2025-05-08T07:48:21+00:00\",\"breadcrumb\":{\"@id\":\"https:\/\/footdavant.fr\/actualites\/encourager-a-voir-chelsea-enfin-lie-a-un-dos-central-experimente\/#breadcrumb\"},\"inLanguage\":\"fr-FR\",\"potentialAction\":[{\"@type\":\"ReadAction\",\"target\":[\"https:\/\/footdavant.fr\/actualites\/encourager-a-voir-chelsea-enfin-lie-a-un-dos-central-experimente\/\"]}]},{\"@type\":\"BreadcrumbList\",\"@id\":\"https:\/\/footdavant.fr\/actualites\/encourager-a-voir-chelsea-enfin-lie-a-un-dos-central-experimente\/#breadcrumb\",\"itemListElement\":[{\"@type\":\"ListItem\",\"position\":1,\"name\":\"Accueil\",\"item\":\"https:\/\/footdavant.fr\/actualites\/\"},{\"@type\":\"ListItem\",\"position\":2,\"name\":\"Encourager \u00e0 voir Chelsea enfin li\u00e9 \u00e0 un dos central exp\u00e9riment\u00e9\"}]},{\"@type\":\"WebSite\",\"@id\":\"https:\/\/footdavant.fr\/actualites\/#website\",\"url\":\"https:\/\/footdavant.fr\/actualites\/\",\"name\":\"Foot d'avant\",\"description\":\"\",\"publisher\":{\"@id\":\"https:\/\/footdavant.fr\/actualites\/#organization\"},\"potentialAction\":[{\"@type\":\"SearchAction\",\"target\":{\"@type\":\"EntryPoint\",\"urlTemplate\":\"https:\/\/footdavant.fr\/actualites\/?s={search_term_string}\"},\"query-input\":\"required name=search_term_string\"}],\"inLanguage\":\"fr-FR\"},{\"@type\":\"Organization\",\"@id\":\"https:\/\/footdavant.fr\/actualites\/#organization\",\"name\":\"Foot d'avant\",\"url\":\"https:\/\/footdavant.fr\/actualites\/\",\"logo\":{\"@type\":\"ImageObject\",\"inLanguage\":\"fr-FR\",\"@id\":\"https:\/\/footdavant.fr\/actualites\/#\/schema\/logo\/image\/\",\"url\":\"https:\/\/footdavant.fr\/actualites\/wp-content\/uploads\/2023\/09\/Copy-of-FootDavant-Logo.png\",\"contentUrl\":\"https:\/\/footdavant.fr\/actualites\/wp-content\/uploads\/2023\/09\/Copy-of-FootDavant-Logo.png\",\"width\":936,\"height\":549,\"caption\":\"Foot d'avant\"},\"image\":{\"@id\":\"https:\/\/footdavant.fr\/actualites\/#\/schema\/logo\/image\/\"},\"sameAs\":[\"https:\/\/www.facebook.com\/Footdavant\/\",\"https:\/\/twitter.com\/FootdavantFr\",\"https:\/\/www.instagram.com\/footdavant.fr\/\"]},{\"@type\":\"Person\",\"@id\":\"https:\/\/footdavant.fr\/actualites\/#\/schema\/person\/bc222566d95871b37e597b3ed3ba5e1d\",\"name\":\"Cl\u00e9ment\",\"image\":{\"@type\":\"ImageObject\",\"inLanguage\":\"fr-FR\",\"@id\":\"https:\/\/footdavant.fr\/actualites\/#\/schema\/person\/image\/\",\"url\":\"https:\/\/secure.gravatar.com\/avatar\/7728b29aac2719421e1a9159b2254c44?s=96&d=mm&r=g\",\"contentUrl\":\"https:\/\/secure.gravatar.com\/avatar\/7728b29aac2719421e1a9159b2254c44?s=96&d=mm&r=g\",\"caption\":\"Cl\u00e9ment\"},\"sameAs\":[\"https:\/\/footdavant.fr\/\"]}]}<\/script>\n<!-- \/ Yoast SEO plugin. -->","yoast_head_json":{"title":"Encourager \u00e0 voir Chelsea enfin li\u00e9 \u00e0 un dos central exp\u00e9riment\u00e9","robots":{"index":"index","follow":"follow","max-snippet":"max-snippet:-1","max-image-preview":"max-image-preview:large","max-video-preview":"max-video-preview:-1"},"canonical":"https:\/\/footdavant.fr\/actualites\/encourager-a-voir-chelsea-enfin-lie-a-un-dos-central-experimente\/","og_locale":"fr_FR","og_type":"article","og_title":"Encourager \u00e0 voir Chelsea enfin li\u00e9 \u00e0 un dos central exp\u00e9riment\u00e9","og_description":"Les m\u00e9dias locaux ont confirm\u00e9 notre rapport via que Chelsea est dans la course pour signer Feyenoord Center Back, David Hancko. Hancko n&#39;est que l&#39;un","og_url":"https:\/\/footdavant.fr\/actualites\/encourager-a-voir-chelsea-enfin-lie-a-un-dos-central-experimente\/","og_site_name":"Foot d&#039;avant","article_publisher":"https:\/\/www.facebook.com\/Footdavant\/","article_published_time":"2025-05-08T07:48:17+00:00","article_modified_time":"2025-05-08T07:48:21+00:00","og_image":[{"width":2560,"height":1704,"url":"https:\/\/footdavant.fr\/actualites\/wp-content\/uploads\/2025\/05\/Encourager-a-voir-Chelsea-enfin-lie-a-un-dos-central.jpg","type":"image\/jpeg"}],"author":"Cl\u00e9ment","twitter_card":"summary_large_image","twitter_creator":"@FootdavantFr","twitter_site":"@FootdavantFr","twitter_misc":{"\u00c9crit par":"Cl\u00e9ment","Dur\u00e9e de lecture estim\u00e9e":"3 minutes"},"schema":{"@context":"https:\/\/schema.org","@graph":[{"@type":"Article","@id":"https:\/\/footdavant.fr\/actualites\/encourager-a-voir-chelsea-enfin-lie-a-un-dos-central-experimente\/#article","isPartOf":{"@id":"https:\/\/footdavant.fr\/actualites\/encourager-a-voir-chelsea-enfin-lie-a-un-dos-central-experimente\/"},"author":{"name":"Cl\u00e9ment","@id":"https:\/\/footdavant.fr\/actualites\/#\/schema\/person\/bc222566d95871b37e597b3ed3ba5e1d"},"headline":"Encourager \u00e0 voir Chelsea enfin li\u00e9 \u00e0 un dos central exp\u00e9riment\u00e9","datePublished":"2025-05-08T07:48:17+00:00","dateModified":"2025-05-08T07:48:21+00:00","mainEntityOfPage":{"@id":"https:\/\/footdavant.fr\/actualites\/encourager-a-voir-chelsea-enfin-lie-a-un-dos-central-experimente\/"},"wordCount":517,"publisher":{"@id":"https:\/\/footdavant.fr\/actualites\/#organization"},"keywords":["central","Chelsea","dos","Encourager","enfin","exp\u00e9riment\u00e9","li\u00e9","voir"],"articleSection":["Football"],"inLanguage":"fr-FR"},{"@type":"WebPage","@id":"https:\/\/footdavant.fr\/actualites\/encourager-a-voir-chelsea-enfin-lie-a-un-dos-central-experimente\/","url":"https:\/\/footdavant.fr\/actualites\/encourager-a-voir-chelsea-enfin-lie-a-un-dos-central-experimente\/","name":"Encourager \u00e0 voir Chelsea enfin li\u00e9 \u00e0 un dos central exp\u00e9riment\u00e9","isPartOf":{"@id":"https:\/\/footdavant.fr\/actualites\/#website"},"datePublished":"2025-05-08T07:48:17+00:00","dateModified":"2025-05-08T07:48:21+00:00","breadcrumb":{"@id":"https:\/\/footdavant.fr\/actualites\/encourager-a-voir-chelsea-enfin-lie-a-un-dos-central-experimente\/#breadcrumb"},"inLanguage":"fr-FR","potentialAction":[{"@type":"ReadAction","target":["https:\/\/footdavant.fr\/actualites\/encourager-a-voir-chelsea-enfin-lie-a-un-dos-central-experimente\/"]}]},{"@type":"BreadcrumbList","@id":"https:\/\/footdavant.fr\/actualites\/encourager-a-voir-chelsea-enfin-lie-a-un-dos-central-experimente\/#breadcrumb","itemListElement":[{"@type":"ListItem","position":1,"name":"Accueil","item":"https:\/\/footdavant.fr\/actualites\/"},{"@type":"ListItem","position":2,"name":"Encourager \u00e0 voir Chelsea enfin li\u00e9 \u00e0 un dos central exp\u00e9riment\u00e9"}]},{"@type":"WebSite","@id":"https:\/\/footdavant.fr\/actualites\/#website","url":"https:\/\/footdavant.fr\/actualites\/","name":"Foot d'avant","description":"","publisher":{"@id":"https:\/\/footdavant.fr\/actualites\/#organization"},"potentialAction":[{"@type":"SearchAction","target":{"@type":"EntryPoint","urlTemplate":"https:\/\/footdavant.fr\/actualites\/?s={search_term_string}"},"query-input":"required name=search_term_string"}],"inLanguage":"fr-FR"},{"@type":"Organization","@id":"https:\/\/footdavant.fr\/actualites\/#organization","name":"Foot d'avant","url":"https:\/\/footdavant.fr\/actualites\/","logo":{"@type":"ImageObject","inLanguage":"fr-FR","@id":"https:\/\/footdavant.fr\/actualites\/#\/schema\/logo\/image\/","url":"https:\/\/footdavant.fr\/actualites\/wp-content\/uploads\/2023\/09\/Copy-of-FootDavant-Logo.png","contentUrl":"https:\/\/footdavant.fr\/actualites\/wp-content\/uploads\/2023\/09\/Copy-of-FootDavant-Logo.png","width":936,"height":549,"caption":"Foot d'avant"},"image":{"@id":"https:\/\/footdavant.fr\/actualites\/#\/schema\/logo\/image\/"},"sameAs":["https:\/\/www.facebook.com\/Footdavant\/","https:\/\/twitter.com\/FootdavantFr","https:\/\/www.instagram.com\/footdavant.fr\/"]},{"@type":"Person","@id":"https:\/\/footdavant.fr\/actualites\/#\/schema\/person\/bc222566d95871b37e597b3ed3ba5e1d","name":"Cl\u00e9ment","image":{"@type":"ImageObject","inLanguage":"fr-FR","@id":"https:\/\/footdavant.fr\/actualites\/#\/schema\/person\/image\/","url":"https:\/\/secure.gravatar.com\/avatar\/7728b29aac2719421e1a9159b2254c44?s=96&d=mm&r=g","contentUrl":"https:\/\/secure.gravatar.com\/avatar\/7728b29aac2719421e1a9159b2254c44?s=96&d=mm&r=g","caption":"Cl\u00e9ment"},"sameAs":["https:\/\/footdavant.fr\/"]}]}},"_links":{"self":[{"href":"https:\/\/footdavant.fr\/actualites\/wp-json\/wp\/v2\/posts\/23682"}],"collection":[{"href":"https:\/\/footdavant.fr\/actualites\/wp-json\/wp\/v2\/posts"}],"about":[{"href":"https:\/\/footdavant.fr\/actualites\/wp-json\/wp\/v2\/types\/post"}],"author":[{"embeddable":true,"href":"https:\/\/footdavant.fr\/actualites\/wp-json\/wp\/v2\/users\/1"}],"replies":[{"embeddable":true,"href":"https:\/\/footdavant.fr\/actualites\/wp-json\/wp\/v2\/comments?post=23682"}],"version-history":[{"count":1,"href":"https:\/\/footdavant.fr\/actualites\/wp-json\/wp\/v2\/posts\/23682\/revisions"}],"predecessor-version":[{"id":23684,"href":"https:\/\/footdavant.fr\/actualites\/wp-json\/wp\/v2\/posts\/23682\/revisions\/23684"}],"wp:featuredmedia":[{"embeddable":true,"href":"https:\/\/footdavant.fr\/actualites\/wp-json\/wp\/v2\/media\/23683"}],"wp:attachment":[{"href":"https:\/\/footdavant.fr\/actualites\/wp-json\/wp\/v2\/media?parent=23682"}],"wp:term":[{"taxonomy":"category","embeddable":true,"href":"https:\/\/footdavant.fr\/actualites\/wp-json\/wp\/v2\/categories?post=23682"},{"taxonomy":"post_tag","embeddable":true,"href":"https:\/\/footdavant.fr\/actualites\/wp-json\/wp\/v2\/tags?post=23682"}],"curies":[{"name":"wp","href":"https:\/\/api.w.org\/{rel}","templated":true}]}}