{"id":23699,"date":"2025-05-08T18:48:11","date_gmt":"2025-05-08T16:48:11","guid":{"rendered":"https:\/\/footdavant.fr\/actualites\/sports-moles-champions-league-team-of-the-week-lamine-yamal-denzel-dumfries-achraf-hakimi\/"},"modified":"2025-05-08T18:48:13","modified_gmt":"2025-05-08T16:48:13","slug":"sports-moles-champions-league-team-of-the-week-lamine-yamal-denzel-dumfries-achraf-hakimi","status":"publish","type":"post","link":"https:\/\/footdavant.fr\/actualites\/sports-moles-champions-league-team-of-the-week-lamine-yamal-denzel-dumfries-achraf-hakimi\/","title":{"rendered":"Sports Mole&#39;s Champions League Team of the Week: Lamine Yamal, Denzel Dumfries, Achraf Hakimi"},"content":{"rendered":"<p>Sports Mole s\u00e9lectionne son \u00e9quipe de la Ligue des champions de la semaine \u00e0 partir des deuxi\u00e8me \u00e9tapes des demi-finales, dont Lamine Yamal, Denzel Dumfries et Achraf Hakimi.<\/p>\n<div id=\"article_body\" itemprop=\"articleBody\">\n<p class=\"firstPara\"><strong class=\"autotag\">Inter Milan<\/strong> et <strong class=\"autotag\">Paris Saint-Germain<\/strong> Verrouillera les cornes en finale de 2025 <strong class=\"autotag\">Ligue des champions<\/strong>la paire venant par leurs liens en demi-finale respectifs <strong class=\"autotag\">Barcelone<\/strong> et <strong class=\"autotag\">Arsenal<\/strong>.<\/p>\n<p>Mardi soir, Inter est sorti en t\u00eate contre Barcelone, <strong>Sortir 4-3 gagnants<\/strong> \u00c0 la deuxi\u00e8me \u00e9tape de San Siro, qui leur a donn\u00e9 un succ\u00e8s global de 7-6, et le dernier affrontement restera dans les m\u00e9moires comme l&#39;un des plus grands concours europ\u00e9ens de tous les temps.<\/p>\n<p>Il n&#39;y avait pas autant de drame en demi-finale de mercredi entre PSG et Arsenal, cependant, que les champions fran\u00e7ais <strong>a gagn\u00e9 2-1 dans la nuit<\/strong> Pour s\u00e9curiser un succ\u00e8s global 3-1, avec <strong class=\"autotag\">Luis Enrique<\/strong>L&#39;\u00e9quipe de se joindre \u00e0 l&#39;Inter dans la finale de Munich \u00e0 la fin du mois.<\/p>\n<p>Ici, <strong>Taupe de sport<\/strong> S\u00e9lectionne son \u00e9quipe de la Ligue des champions de la semaine \u00e0 partir des deuxi\u00e8me \u00e9tapes des demi-finales, et il y avait \u00e0 nouveau un certain nombre d&#39;artistes exceptionnels.<\/p>\n<hr>\n<h2 class=\"k3\">D\u00c9FENSE<\/h2>\n<p class=\"imgI\">\n<p><strong class=\"autotag\">Gianlugi Donnarumma<\/strong> \u00e9tait sensationnel pour le PSG contre Arsenal, l&#39;italien faisant une foule d&#39;excellents arr\u00eats, mais il manque juste une place dans le c\u00f4t\u00e9 en raison de l&#39;affichage de <strong>Yann Sommer<\/strong> contre Barcelone; Le joueur de 36 ans a effectu\u00e9 sept arr\u00eats mardi soir, et son h\u00e9ro\u00efsme a jou\u00e9 un r\u00f4le vital dans l&#39;intervalition de leur chemin dans la finale de la comp\u00e9tition.<\/p>\n<p>Il y a aussi deux inter-d\u00e9fenseurs dans ce Xi, avec <strong>Denzel Dumfries<\/strong> et <strong>Francesco Acerbi<\/strong> Les deux inclus; Le premier a trouv\u00e9 deux passes d\u00e9cisives lors d&#39;une exposition exceptionnelle sur la droite, avec sa contribution d&#39;un sens offensif absolument incroyable.<\/p>\n<p>Acerbi, quant \u00e0 lui, a marqu\u00e9 le dernier niveleur qui a pris le concours en plus de temps, et il \u00e9tait une pr\u00e9sence imposante au milieu de la d\u00e9fense lorsque l&#39;Inter a \u00e9t\u00e9 invit\u00e9 \u00e0 r\u00e9sister \u00e0 la pression tardive de leurs adversaires.<\/p>\n<p>Il y a aussi deux joueurs du PSG \u00e0 l&#39;arri\u00e8re, y compris <strong>Achraf Hakimi<\/strong>qui a \u00e9t\u00e9 extraordinaire contre Arsenal mercredi soir, marquant une beaut\u00e9 absolue en deuxi\u00e8me p\u00e9riode, alors qu&#39;il continuait \u00e0 causer aux Gunners des probl\u00e8mes de ses courses.<\/p>\n<p><strong>Willian pacho<\/strong>quant \u00e0 lui, \u00e9tait une pr\u00e9sence ferme au milieu de la d\u00e9fense de l&#39;\u00e9quipe fran\u00e7aise, remportant quatre duels a\u00e9riens, et il \u00e9tait \u00e9galement calme et compos\u00e9 en possession du ballon.<\/p>\n<hr>\n<h2 class=\"k3\">Milieu de terrain<\/h2>\n<p class=\"imgI\">\n<p>Deux du PSG arrivent \u00e9galement au milieu de terrain, y compris <strong>Fabian Ruiz<\/strong>qui a marqu\u00e9 un \u00e9tonnant contre Arsenal mercredi soir, bien que avec l&#39;aide d&#39;une d\u00e9viation, mais c&#39;est sa performance globale qui a le plus impressionn\u00e9.<\/p>\n<p>Le joueur de 29 ans a termin\u00e9 avec un taux de r\u00e9ussite de r\u00e9ussite de 89%, et Arsenal n&#39;a pas pu s&#39;approcher de lui pour de longs sorts.<\/p>\n<p><strong>Joao Neves<\/strong> Le fait \u00e9galement, le Portugal International montrant \u00e0 nouveau sa classe au plus haut niveau; Le joueur de 20 ans a termin\u00e9 avec un taux de r\u00e9ussite de r\u00e9ussite de 90%, alors qu&#39;il a remport\u00e9 quatre duels a\u00e9riens et a effectu\u00e9 six plaqu\u00e9s lors d&#39;une performance de milieu de terrain hors concours.<\/p>\n<p><strong>Peintre<\/strong> Peut-\u00eatre termin\u00e9 la demi-finale de mardi avec Inter du c\u00f4t\u00e9 perdant, mais le milieu de terrain de Barcelone m\u00e9rite pleinement un endroit de ce c\u00f4t\u00e9; L&#39;Espagnol a effectu\u00e9 trois plaqu\u00e9s et a achev\u00e9 86 de ses 99 passes dans une performance brillante \u00e0 San Siro.<\/p>\n<hr>\n<h2 class=\"k3\">ATTAQUE<\/h2>\n<p class=\"imgI\">\n<p><strong>Lamine Yamal<\/strong> \u00e9tait un autre joueur de Barcelone frustr\u00e9 par le coup de sifflet \u00e0 temps plein mardi, mais c&#39;\u00e9tait toujours une performance sensationnelle d&#39;un joueur qui est d\u00e9j\u00e0 l&#39;un des meilleurs footballeurs du monde \u00e0 l&#39;\u00e2ge de 17 ans; Yamal a r\u00e9ussi neuf tirs, a termin\u00e9 14 dribbles et a frapp\u00e9 le poteau lors d&#39;une performance incroyable, mais il a finalement d\u00fb regarder Inter s\u00e9curiser la victoire.<\/p>\n<p><strong>Marcus Thuram<\/strong> n&#39;a pas marqu\u00e9 dans le succ\u00e8s d&#39;Inter sur Barcelone, tandis que ses statistiques en termes de tirs (une) et le taux de r\u00e9ussite de r\u00e9ussite (69%) ne sont pas exactement impressionnantes, mais sa contribution \u00e0 la cause \u00e9tait assez incroyable; Le joueur de 27 ans a occup\u00e9 les d\u00e9fenseurs centraux de Barcelone jusqu&#39;au dernier moment avec sa course, et Inter n&#39;aurait pas pu jouer sur la pause sans le Fran\u00e7ais.<\/p>\n<p>La derni\u00e8re place du Xi est d\u00e9cern\u00e9e \u00e0 <strong>Khvicha kvaratskhelia<\/strong>qui \u00e9tait la vedette du PSG contre Arsenal mercredi soir; Le joueur de 24 ans a caus\u00e9 d&#39;\u00e9normes probl\u00e8mes de d\u00e9fense du club anglais avec sa puissance de course, tandis qu&#39;il a \u00e9galement aid\u00e9 \u00e0 la d\u00e9fensive, en effectuant cinq plaqu\u00e9s et en remportant deux duels a\u00e9riens lors d&#39;une brillante performance polyvalente.<\/p>\n<hr>\n<h2 class=\"k3\">L&#39;\u00e9quipe de la Ligue des champions de Sports Mole de la semaine<\/h2>\n<p><strong>L&#39;\u00e9quipe de la Ligue des champions de Sports Mole de la semaine (4-3-3):<\/strong> Sommer (inter); Dumfries (inter), acerbi (inter), pacho (psg), hakimi (psg); F ruiz (psg), neves (psg), <strong class=\"autotag\">Peintre<\/strong> (Barcelone); Yamal (Barcelone), Thuram (Inter), Kvaratskhelia (PSG)<\/p>\n<hr>\n<div class=\"author_box\">\n<div class=\"author_box_banner\">\n<\/div>\n<\/div>\n<\/div>\n","protected":false},"excerpt":{"rendered":"<p>Sports Mole s\u00e9lectionne son \u00e9quipe de la Ligue des champions de la semaine \u00e0 partir des deuxi\u00e8me \u00e9tapes des demi-finales, dont Lamine Yamal, Denzel Dumfries<\/p>\n","protected":false},"author":1,"featured_media":23700,"comment_status":"closed","ping_status":"","sticky":false,"template":"","format":"standard","meta":{"footnotes":""},"categories":[4],"tags":[9150,31,3885,3886,7782,4088,202,7766,1637,408,7767,4089],"yoast_head":"<!-- This site is optimized with the Yoast SEO plugin v21.0 - https:\/\/yoast.com\/wordpress\/plugins\/seo\/ -->\n<title>Sports Mole&#039;s Champions League Team of the Week: Lamine Yamal, Denzel Dumfries, Achraf Hakimi<\/title>\n<meta name=\"robots\" content=\"index, follow, max-snippet:-1, max-image-preview:large, max-video-preview:-1\" \/>\n<link rel=\"canonical\" href=\"https:\/\/footdavant.fr\/actualites\/sports-moles-champions-league-team-of-the-week-lamine-yamal-denzel-dumfries-achraf-hakimi\/\" \/>\n<meta property=\"og:locale\" content=\"fr_FR\" \/>\n<meta property=\"og:type\" content=\"article\" \/>\n<meta property=\"og:title\" content=\"Sports Mole&#039;s Champions League Team of the Week: Lamine Yamal, Denzel Dumfries, Achraf Hakimi\" \/>\n<meta property=\"og:description\" content=\"Sports Mole s\u00e9lectionne son \u00e9quipe de la Ligue des champions de la semaine \u00e0 partir des deuxi\u00e8me \u00e9tapes des demi-finales, dont Lamine Yamal, Denzel Dumfries\" \/>\n<meta property=\"og:url\" content=\"https:\/\/footdavant.fr\/actualites\/sports-moles-champions-league-team-of-the-week-lamine-yamal-denzel-dumfries-achraf-hakimi\/\" \/>\n<meta property=\"og:site_name\" content=\"Foot d&#039;avant\" \/>\n<meta property=\"article:publisher\" content=\"https:\/\/www.facebook.com\/Footdavant\/\" \/>\n<meta property=\"article:published_time\" content=\"2025-05-08T16:48:11+00:00\" \/>\n<meta property=\"article:modified_time\" content=\"2025-05-08T16:48:13+00:00\" \/>\n<meta property=\"og:image\" content=\"https:\/\/footdavant.fr\/actualites\/wp-content\/uploads\/2025\/05\/1746722891_Sports-Mole39s-Champions-League-Team-of-the-Week-Lamine-Yamal.jpg\" \/>\n\t<meta property=\"og:image:width\" content=\"1279\" \/>\n\t<meta property=\"og:image:height\" content=\"960\" \/>\n\t<meta property=\"og:image:type\" content=\"image\/jpeg\" \/>\n<meta name=\"author\" content=\"Cl\u00e9ment\" \/>\n<meta name=\"twitter:card\" content=\"summary_large_image\" \/>\n<meta name=\"twitter:creator\" content=\"@FootdavantFr\" \/>\n<meta name=\"twitter:site\" content=\"@FootdavantFr\" \/>\n<meta name=\"twitter:label1\" content=\"\u00c9crit par\" \/>\n\t<meta name=\"twitter:data1\" content=\"Cl\u00e9ment\" \/>\n\t<meta name=\"twitter:label2\" content=\"Dur\u00e9e de lecture estim\u00e9e\" \/>\n\t<meta name=\"twitter:data2\" content=\"4 minutes\" \/>\n<script type=\"application\/ld+json\" class=\"yoast-schema-graph\">{\"@context\":\"https:\/\/schema.org\",\"@graph\":[{\"@type\":\"Article\",\"@id\":\"https:\/\/footdavant.fr\/actualites\/sports-moles-champions-league-team-of-the-week-lamine-yamal-denzel-dumfries-achraf-hakimi\/#article\",\"isPartOf\":{\"@id\":\"https:\/\/footdavant.fr\/actualites\/sports-moles-champions-league-team-of-the-week-lamine-yamal-denzel-dumfries-achraf-hakimi\/\"},\"author\":{\"name\":\"Cl\u00e9ment\",\"@id\":\"https:\/\/footdavant.fr\/actualites\/#\/schema\/person\/bc222566d95871b37e597b3ed3ba5e1d\"},\"headline\":\"Sports Mole&#39;s Champions League Team of the Week: Lamine Yamal, Denzel Dumfries, Achraf Hakimi\",\"datePublished\":\"2025-05-08T16:48:11+00:00\",\"dateModified\":\"2025-05-08T16:48:13+00:00\",\"mainEntityOfPage\":{\"@id\":\"https:\/\/footdavant.fr\/actualites\/sports-moles-champions-league-team-of-the-week-lamine-yamal-denzel-dumfries-achraf-hakimi\/\"},\"wordCount\":902,\"publisher\":{\"@id\":\"https:\/\/footdavant.fr\/actualites\/#organization\"},\"keywords\":[\"Achraf\",\"champions\",\"Denzel\",\"Dumfries\",\"Hakimi\",\"Lamine\",\"League\",\"Mole39s\",\"Sports\",\"Team\",\"Week\",\"Yamal\"],\"articleSection\":[\"Champions League\"],\"inLanguage\":\"fr-FR\"},{\"@type\":\"WebPage\",\"@id\":\"https:\/\/footdavant.fr\/actualites\/sports-moles-champions-league-team-of-the-week-lamine-yamal-denzel-dumfries-achraf-hakimi\/\",\"url\":\"https:\/\/footdavant.fr\/actualites\/sports-moles-champions-league-team-of-the-week-lamine-yamal-denzel-dumfries-achraf-hakimi\/\",\"name\":\"Sports Mole&#39;s Champions League Team of the Week: Lamine Yamal, Denzel Dumfries, Achraf Hakimi\",\"isPartOf\":{\"@id\":\"https:\/\/footdavant.fr\/actualites\/#website\"},\"datePublished\":\"2025-05-08T16:48:11+00:00\",\"dateModified\":\"2025-05-08T16:48:13+00:00\",\"breadcrumb\":{\"@id\":\"https:\/\/footdavant.fr\/actualites\/sports-moles-champions-league-team-of-the-week-lamine-yamal-denzel-dumfries-achraf-hakimi\/#breadcrumb\"},\"inLanguage\":\"fr-FR\",\"potentialAction\":[{\"@type\":\"ReadAction\",\"target\":[\"https:\/\/footdavant.fr\/actualites\/sports-moles-champions-league-team-of-the-week-lamine-yamal-denzel-dumfries-achraf-hakimi\/\"]}]},{\"@type\":\"BreadcrumbList\",\"@id\":\"https:\/\/footdavant.fr\/actualites\/sports-moles-champions-league-team-of-the-week-lamine-yamal-denzel-dumfries-achraf-hakimi\/#breadcrumb\",\"itemListElement\":[{\"@type\":\"ListItem\",\"position\":1,\"name\":\"Accueil\",\"item\":\"https:\/\/footdavant.fr\/actualites\/\"},{\"@type\":\"ListItem\",\"position\":2,\"name\":\"Sports Mole&#39;s Champions League Team of the Week: Lamine Yamal, Denzel Dumfries, Achraf Hakimi\"}]},{\"@type\":\"WebSite\",\"@id\":\"https:\/\/footdavant.fr\/actualites\/#website\",\"url\":\"https:\/\/footdavant.fr\/actualites\/\",\"name\":\"Foot d'avant\",\"description\":\"\",\"publisher\":{\"@id\":\"https:\/\/footdavant.fr\/actualites\/#organization\"},\"potentialAction\":[{\"@type\":\"SearchAction\",\"target\":{\"@type\":\"EntryPoint\",\"urlTemplate\":\"https:\/\/footdavant.fr\/actualites\/?s={search_term_string}\"},\"query-input\":\"required name=search_term_string\"}],\"inLanguage\":\"fr-FR\"},{\"@type\":\"Organization\",\"@id\":\"https:\/\/footdavant.fr\/actualites\/#organization\",\"name\":\"Foot d'avant\",\"url\":\"https:\/\/footdavant.fr\/actualites\/\",\"logo\":{\"@type\":\"ImageObject\",\"inLanguage\":\"fr-FR\",\"@id\":\"https:\/\/footdavant.fr\/actualites\/#\/schema\/logo\/image\/\",\"url\":\"https:\/\/footdavant.fr\/actualites\/wp-content\/uploads\/2023\/09\/Copy-of-FootDavant-Logo.png\",\"contentUrl\":\"https:\/\/footdavant.fr\/actualites\/wp-content\/uploads\/2023\/09\/Copy-of-FootDavant-Logo.png\",\"width\":936,\"height\":549,\"caption\":\"Foot d'avant\"},\"image\":{\"@id\":\"https:\/\/footdavant.fr\/actualites\/#\/schema\/logo\/image\/\"},\"sameAs\":[\"https:\/\/www.facebook.com\/Footdavant\/\",\"https:\/\/twitter.com\/FootdavantFr\",\"https:\/\/www.instagram.com\/footdavant.fr\/\"]},{\"@type\":\"Person\",\"@id\":\"https:\/\/footdavant.fr\/actualites\/#\/schema\/person\/bc222566d95871b37e597b3ed3ba5e1d\",\"name\":\"Cl\u00e9ment\",\"image\":{\"@type\":\"ImageObject\",\"inLanguage\":\"fr-FR\",\"@id\":\"https:\/\/footdavant.fr\/actualites\/#\/schema\/person\/image\/\",\"url\":\"https:\/\/secure.gravatar.com\/avatar\/7728b29aac2719421e1a9159b2254c44?s=96&d=mm&r=g\",\"contentUrl\":\"https:\/\/secure.gravatar.com\/avatar\/7728b29aac2719421e1a9159b2254c44?s=96&d=mm&r=g\",\"caption\":\"Cl\u00e9ment\"},\"sameAs\":[\"https:\/\/footdavant.fr\/\"]}]}<\/script>\n<!-- \/ Yoast SEO plugin. -->","yoast_head_json":{"title":"Sports Mole&#39;s Champions League Team of the Week: Lamine Yamal, Denzel Dumfries, Achraf Hakimi","robots":{"index":"index","follow":"follow","max-snippet":"max-snippet:-1","max-image-preview":"max-image-preview:large","max-video-preview":"max-video-preview:-1"},"canonical":"https:\/\/footdavant.fr\/actualites\/sports-moles-champions-league-team-of-the-week-lamine-yamal-denzel-dumfries-achraf-hakimi\/","og_locale":"fr_FR","og_type":"article","og_title":"Sports Mole&#39;s Champions League Team of the Week: Lamine Yamal, Denzel Dumfries, Achraf Hakimi","og_description":"Sports Mole s\u00e9lectionne son \u00e9quipe de la Ligue des champions de la semaine \u00e0 partir des deuxi\u00e8me \u00e9tapes des demi-finales, dont Lamine Yamal, Denzel Dumfries","og_url":"https:\/\/footdavant.fr\/actualites\/sports-moles-champions-league-team-of-the-week-lamine-yamal-denzel-dumfries-achraf-hakimi\/","og_site_name":"Foot d&#039;avant","article_publisher":"https:\/\/www.facebook.com\/Footdavant\/","article_published_time":"2025-05-08T16:48:11+00:00","article_modified_time":"2025-05-08T16:48:13+00:00","og_image":[{"width":1279,"height":960,"url":"https:\/\/footdavant.fr\/actualites\/wp-content\/uploads\/2025\/05\/1746722891_Sports-Mole39s-Champions-League-Team-of-the-Week-Lamine-Yamal.jpg","type":"image\/jpeg"}],"author":"Cl\u00e9ment","twitter_card":"summary_large_image","twitter_creator":"@FootdavantFr","twitter_site":"@FootdavantFr","twitter_misc":{"\u00c9crit par":"Cl\u00e9ment","Dur\u00e9e de lecture estim\u00e9e":"4 minutes"},"schema":{"@context":"https:\/\/schema.org","@graph":[{"@type":"Article","@id":"https:\/\/footdavant.fr\/actualites\/sports-moles-champions-league-team-of-the-week-lamine-yamal-denzel-dumfries-achraf-hakimi\/#article","isPartOf":{"@id":"https:\/\/footdavant.fr\/actualites\/sports-moles-champions-league-team-of-the-week-lamine-yamal-denzel-dumfries-achraf-hakimi\/"},"author":{"name":"Cl\u00e9ment","@id":"https:\/\/footdavant.fr\/actualites\/#\/schema\/person\/bc222566d95871b37e597b3ed3ba5e1d"},"headline":"Sports Mole&#39;s Champions League Team of the Week: Lamine Yamal, Denzel Dumfries, Achraf Hakimi","datePublished":"2025-05-08T16:48:11+00:00","dateModified":"2025-05-08T16:48:13+00:00","mainEntityOfPage":{"@id":"https:\/\/footdavant.fr\/actualites\/sports-moles-champions-league-team-of-the-week-lamine-yamal-denzel-dumfries-achraf-hakimi\/"},"wordCount":902,"publisher":{"@id":"https:\/\/footdavant.fr\/actualites\/#organization"},"keywords":["Achraf","champions","Denzel","Dumfries","Hakimi","Lamine","League","Mole39s","Sports","Team","Week","Yamal"],"articleSection":["Champions League"],"inLanguage":"fr-FR"},{"@type":"WebPage","@id":"https:\/\/footdavant.fr\/actualites\/sports-moles-champions-league-team-of-the-week-lamine-yamal-denzel-dumfries-achraf-hakimi\/","url":"https:\/\/footdavant.fr\/actualites\/sports-moles-champions-league-team-of-the-week-lamine-yamal-denzel-dumfries-achraf-hakimi\/","name":"Sports Mole&#39;s Champions League Team of the Week: Lamine Yamal, Denzel Dumfries, Achraf Hakimi","isPartOf":{"@id":"https:\/\/footdavant.fr\/actualites\/#website"},"datePublished":"2025-05-08T16:48:11+00:00","dateModified":"2025-05-08T16:48:13+00:00","breadcrumb":{"@id":"https:\/\/footdavant.fr\/actualites\/sports-moles-champions-league-team-of-the-week-lamine-yamal-denzel-dumfries-achraf-hakimi\/#breadcrumb"},"inLanguage":"fr-FR","potentialAction":[{"@type":"ReadAction","target":["https:\/\/footdavant.fr\/actualites\/sports-moles-champions-league-team-of-the-week-lamine-yamal-denzel-dumfries-achraf-hakimi\/"]}]},{"@type":"BreadcrumbList","@id":"https:\/\/footdavant.fr\/actualites\/sports-moles-champions-league-team-of-the-week-lamine-yamal-denzel-dumfries-achraf-hakimi\/#breadcrumb","itemListElement":[{"@type":"ListItem","position":1,"name":"Accueil","item":"https:\/\/footdavant.fr\/actualites\/"},{"@type":"ListItem","position":2,"name":"Sports Mole&#39;s Champions League Team of the Week: Lamine Yamal, Denzel Dumfries, Achraf Hakimi"}]},{"@type":"WebSite","@id":"https:\/\/footdavant.fr\/actualites\/#website","url":"https:\/\/footdavant.fr\/actualites\/","name":"Foot d'avant","description":"","publisher":{"@id":"https:\/\/footdavant.fr\/actualites\/#organization"},"potentialAction":[{"@type":"SearchAction","target":{"@type":"EntryPoint","urlTemplate":"https:\/\/footdavant.fr\/actualites\/?s={search_term_string}"},"query-input":"required name=search_term_string"}],"inLanguage":"fr-FR"},{"@type":"Organization","@id":"https:\/\/footdavant.fr\/actualites\/#organization","name":"Foot d'avant","url":"https:\/\/footdavant.fr\/actualites\/","logo":{"@type":"ImageObject","inLanguage":"fr-FR","@id":"https:\/\/footdavant.fr\/actualites\/#\/schema\/logo\/image\/","url":"https:\/\/footdavant.fr\/actualites\/wp-content\/uploads\/2023\/09\/Copy-of-FootDavant-Logo.png","contentUrl":"https:\/\/footdavant.fr\/actualites\/wp-content\/uploads\/2023\/09\/Copy-of-FootDavant-Logo.png","width":936,"height":549,"caption":"Foot d'avant"},"image":{"@id":"https:\/\/footdavant.fr\/actualites\/#\/schema\/logo\/image\/"},"sameAs":["https:\/\/www.facebook.com\/Footdavant\/","https:\/\/twitter.com\/FootdavantFr","https:\/\/www.instagram.com\/footdavant.fr\/"]},{"@type":"Person","@id":"https:\/\/footdavant.fr\/actualites\/#\/schema\/person\/bc222566d95871b37e597b3ed3ba5e1d","name":"Cl\u00e9ment","image":{"@type":"ImageObject","inLanguage":"fr-FR","@id":"https:\/\/footdavant.fr\/actualites\/#\/schema\/person\/image\/","url":"https:\/\/secure.gravatar.com\/avatar\/7728b29aac2719421e1a9159b2254c44?s=96&d=mm&r=g","contentUrl":"https:\/\/secure.gravatar.com\/avatar\/7728b29aac2719421e1a9159b2254c44?s=96&d=mm&r=g","caption":"Cl\u00e9ment"},"sameAs":["https:\/\/footdavant.fr\/"]}]}},"_links":{"self":[{"href":"https:\/\/footdavant.fr\/actualites\/wp-json\/wp\/v2\/posts\/23699"}],"collection":[{"href":"https:\/\/footdavant.fr\/actualites\/wp-json\/wp\/v2\/posts"}],"about":[{"href":"https:\/\/footdavant.fr\/actualites\/wp-json\/wp\/v2\/types\/post"}],"author":[{"embeddable":true,"href":"https:\/\/footdavant.fr\/actualites\/wp-json\/wp\/v2\/users\/1"}],"replies":[{"embeddable":true,"href":"https:\/\/footdavant.fr\/actualites\/wp-json\/wp\/v2\/comments?post=23699"}],"version-history":[{"count":1,"href":"https:\/\/footdavant.fr\/actualites\/wp-json\/wp\/v2\/posts\/23699\/revisions"}],"predecessor-version":[{"id":23701,"href":"https:\/\/footdavant.fr\/actualites\/wp-json\/wp\/v2\/posts\/23699\/revisions\/23701"}],"wp:featuredmedia":[{"embeddable":true,"href":"https:\/\/footdavant.fr\/actualites\/wp-json\/wp\/v2\/media\/23700"}],"wp:attachment":[{"href":"https:\/\/footdavant.fr\/actualites\/wp-json\/wp\/v2\/media?parent=23699"}],"wp:term":[{"taxonomy":"category","embeddable":true,"href":"https:\/\/footdavant.fr\/actualites\/wp-json\/wp\/v2\/categories?post=23699"},{"taxonomy":"post_tag","embeddable":true,"href":"https:\/\/footdavant.fr\/actualites\/wp-json\/wp\/v2\/tags?post=23699"}],"curies":[{"name":"wp","href":"https:\/\/api.w.org\/{rel}","templated":true}]}}