{"id":23702,"date":"2025-05-08T19:48:14","date_gmt":"2025-05-08T17:48:14","guid":{"rendered":"https:\/\/footdavant.fr\/actualites\/actualites-de-lequipe-manchester-city-vs-wolverhampton-wanderers-blessure-liste-de-suspension-predit-xis\/"},"modified":"2025-05-08T19:48:15","modified_gmt":"2025-05-08T17:48:15","slug":"actualites-de-lequipe-manchester-city-vs-wolverhampton-wanderers-blessure-liste-de-suspension-predit-xis","status":"publish","type":"post","link":"https:\/\/footdavant.fr\/actualites\/actualites-de-lequipe-manchester-city-vs-wolverhampton-wanderers-blessure-liste-de-suspension-predit-xis\/","title":{"rendered":"Actualit\u00e9s de l&#39;\u00e9quipe: Manchester City vs Wolverhampton Wanderers blessure, liste de suspension, pr\u00e9dit XIS"},"content":{"rendered":"<p>Sports Mole rassemble toutes les derni\u00e8res nouvelles des blessures et des suspensions avant le choc de la Premier League de vendredi entre Manchester City et Wolverhampton Wanderers.<\/p>\n<div id=\"article_body\" itemprop=\"articleBody\">\n<p class=\"firstPara\">Vendredi, deux \u00e9quipes en pleine forme <strong class=\"autotag\">MANCHESTER CITY<\/strong> rencontrer <strong class=\"autotag\">Wolverhampton Wanderers<\/strong> en Premier League.<\/p>\n<p>City vient de remporter trois matchs de championnat au rotation avant d&#39;atteindre une troisi\u00e8me finale cons\u00e9cutive de la FA Cup; Pendant ce temps, les Wolves ont affich\u00e9 six victoires successives.<\/p>\n<p>Ici, <strong>Taupe de sport<\/strong> Arrondit les derni\u00e8res nouvelles de l&#39;\u00e9quipe pour les deux clubs.<\/p>\n<hr>\n<p class=\"imgI\">\n<h2>MANCHESTER CITY<\/h2>\n<p><strong>Dehors:<\/strong> <strong class=\"autotag\">Nathan Ake<\/strong> (cheville), <strong class=\"autotag\">Oscar Bobb<\/strong> (ind\u00e9termin\u00e9), <strong class=\"autotag\">Erling Haaland<\/strong> (cheville), <strong class=\"autotag\">Rodri<\/strong> (ACL), <strong class=\"autotag\">John Stones<\/strong> (cuisse)<br \/><strong>Douteux:<\/strong> Aucun<\/p>\n<p><strong>XI pr\u00e9dit de Sports Mole:<\/strong> Ortega; Nunes, Dias, Gvardiol, O&#39;Reilly; Silva, Kovacic, Gundogan; Doku, de Bruyne, Marmoush<\/p>\n<h2>Wolverhampton Wanderers<\/h2>\n<p><strong>Dehors:<\/strong> <strong class=\"autotag\">Sasa kalajdzic<\/strong> (genou), <strong class=\"autotag\">ENSO GONZALEZ<\/strong> (genou), <strong class=\"autotag\">Yerson Mosquera<\/strong> (genou), <strong class=\"autotag\">Leon Chiwone<\/strong> (genou)<br \/><strong>Douteux:<\/strong> <strong class=\"autotag\">Pedro Lima<\/strong> (cheville), <strong class=\"autotag\">Sam Johnstone<\/strong> (frappe)<\/p>\n<p><strong>XI pr\u00e9dit de Sports Mole:<\/strong> SA; Bueno, Agbadou, Toti; Semedo, Andre, Gomes, Ait-Nouri; Munetsi, Cunha; Brin Larsen<\/p>\n<hr>\n<p>Pour l&#39;analyse des donn\u00e9es des r\u00e9sultats les plus probables, les scores et plus encore pour cette correspondance <strong>Veuillez cliquer ici<\/strong>.<\/p>\n<hr class=\"divide\">\n<div class=\"author_box\">\n<div class=\"author_box_banner\">\n<img decoding=\"async\" class=\"author_img\" src=\"https:\/\/footdavant.fr\/actualites\/wp-content\/uploads\/2025\/05\/1746726494_124_Actualites-de-l39equipe-Manchester-City-vs-Wolverhampton-Wanderers-blessure-liste.jpg\"><\/p>\n<\/div>\n<\/div>\n<\/div>\n","protected":false},"excerpt":{"rendered":"<p>Sports Mole rassemble toutes les derni\u00e8res nouvelles des blessures et des suspensions avant le choc de la Premier League de vendredi entre Manchester City et<\/p>\n","protected":false},"author":1,"featured_media":23703,"comment_status":"closed","ping_status":"","sticky":false,"template":"","format":"standard","meta":{"footnotes":""},"categories":[5],"tags":[7,15,27,4219,17,11,3581,18,745,744,7813],"yoast_head":"<!-- This site is optimized with the Yoast SEO plugin v21.0 - https:\/\/yoast.com\/wordpress\/plugins\/seo\/ -->\n<title>Actualit\u00e9s de l&#039;\u00e9quipe: Manchester City vs Wolverhampton Wanderers blessure, liste de suspension, pr\u00e9dit XIS<\/title>\n<meta name=\"robots\" content=\"index, follow, max-snippet:-1, max-image-preview:large, max-video-preview:-1\" \/>\n<link rel=\"canonical\" href=\"https:\/\/footdavant.fr\/actualites\/actualites-de-lequipe-manchester-city-vs-wolverhampton-wanderers-blessure-liste-de-suspension-predit-xis\/\" \/>\n<meta property=\"og:locale\" content=\"fr_FR\" \/>\n<meta property=\"og:type\" content=\"article\" \/>\n<meta property=\"og:title\" content=\"Actualit\u00e9s de l&#039;\u00e9quipe: Manchester City vs Wolverhampton Wanderers blessure, liste de suspension, pr\u00e9dit XIS\" \/>\n<meta property=\"og:description\" content=\"Sports Mole rassemble toutes les derni\u00e8res nouvelles des blessures et des suspensions avant le choc de la Premier League de vendredi entre Manchester City et\" \/>\n<meta property=\"og:url\" content=\"https:\/\/footdavant.fr\/actualites\/actualites-de-lequipe-manchester-city-vs-wolverhampton-wanderers-blessure-liste-de-suspension-predit-xis\/\" \/>\n<meta property=\"og:site_name\" content=\"Foot d&#039;avant\" \/>\n<meta property=\"article:publisher\" content=\"https:\/\/www.facebook.com\/Footdavant\/\" \/>\n<meta property=\"article:published_time\" content=\"2025-05-08T17:48:14+00:00\" \/>\n<meta property=\"article:modified_time\" content=\"2025-05-08T17:48:15+00:00\" \/>\n<meta property=\"og:image\" content=\"https:\/\/footdavant.fr\/actualites\/wp-content\/uploads\/2025\/05\/Actualites-de-l39equipe-Manchester-City-vs-Wolverhampton-Wanderers-blessure-liste.jpg\" \/>\n\t<meta property=\"og:image:width\" content=\"640\" \/>\n\t<meta property=\"og:image:height\" content=\"480\" \/>\n\t<meta property=\"og:image:type\" content=\"image\/jpeg\" \/>\n<meta name=\"author\" content=\"Cl\u00e9ment\" \/>\n<meta name=\"twitter:card\" content=\"summary_large_image\" \/>\n<meta name=\"twitter:creator\" content=\"@FootdavantFr\" \/>\n<meta name=\"twitter:site\" content=\"@FootdavantFr\" \/>\n<meta name=\"twitter:label1\" content=\"\u00c9crit par\" \/>\n\t<meta name=\"twitter:data1\" content=\"Cl\u00e9ment\" \/>\n\t<meta name=\"twitter:label2\" content=\"Dur\u00e9e de lecture estim\u00e9e\" \/>\n\t<meta name=\"twitter:data2\" content=\"1 minute\" \/>\n<script type=\"application\/ld+json\" class=\"yoast-schema-graph\">{\"@context\":\"https:\/\/schema.org\",\"@graph\":[{\"@type\":\"Article\",\"@id\":\"https:\/\/footdavant.fr\/actualites\/actualites-de-lequipe-manchester-city-vs-wolverhampton-wanderers-blessure-liste-de-suspension-predit-xis\/#article\",\"isPartOf\":{\"@id\":\"https:\/\/footdavant.fr\/actualites\/actualites-de-lequipe-manchester-city-vs-wolverhampton-wanderers-blessure-liste-de-suspension-predit-xis\/\"},\"author\":{\"name\":\"Cl\u00e9ment\",\"@id\":\"https:\/\/footdavant.fr\/actualites\/#\/schema\/person\/bc222566d95871b37e597b3ed3ba5e1d\"},\"headline\":\"Actualit\u00e9s de l&#39;\u00e9quipe: Manchester City vs Wolverhampton Wanderers blessure, liste de suspension, pr\u00e9dit XIS\",\"datePublished\":\"2025-05-08T17:48:14+00:00\",\"dateModified\":\"2025-05-08T17:48:15+00:00\",\"mainEntityOfPage\":{\"@id\":\"https:\/\/footdavant.fr\/actualites\/actualites-de-lequipe-manchester-city-vs-wolverhampton-wanderers-blessure-liste-de-suspension-predit-xis\/\"},\"wordCount\":210,\"publisher\":{\"@id\":\"https:\/\/footdavant.fr\/actualites\/#organization\"},\"keywords\":[\"Actualit\u00e9s\",\"Blessure\",\"City\",\"l39\u00e9quipe\",\"liste\",\"Manchester\",\"pr\u00e9dit\",\"suspension\",\"Wanderers\",\"Wolverhampton\",\"XIS\"],\"articleSection\":[\"Premier League\"],\"inLanguage\":\"fr-FR\"},{\"@type\":\"WebPage\",\"@id\":\"https:\/\/footdavant.fr\/actualites\/actualites-de-lequipe-manchester-city-vs-wolverhampton-wanderers-blessure-liste-de-suspension-predit-xis\/\",\"url\":\"https:\/\/footdavant.fr\/actualites\/actualites-de-lequipe-manchester-city-vs-wolverhampton-wanderers-blessure-liste-de-suspension-predit-xis\/\",\"name\":\"Actualit\u00e9s de l&#39;\u00e9quipe: Manchester City vs Wolverhampton Wanderers blessure, liste de suspension, pr\u00e9dit XIS\",\"isPartOf\":{\"@id\":\"https:\/\/footdavant.fr\/actualites\/#website\"},\"datePublished\":\"2025-05-08T17:48:14+00:00\",\"dateModified\":\"2025-05-08T17:48:15+00:00\",\"breadcrumb\":{\"@id\":\"https:\/\/footdavant.fr\/actualites\/actualites-de-lequipe-manchester-city-vs-wolverhampton-wanderers-blessure-liste-de-suspension-predit-xis\/#breadcrumb\"},\"inLanguage\":\"fr-FR\",\"potentialAction\":[{\"@type\":\"ReadAction\",\"target\":[\"https:\/\/footdavant.fr\/actualites\/actualites-de-lequipe-manchester-city-vs-wolverhampton-wanderers-blessure-liste-de-suspension-predit-xis\/\"]}]},{\"@type\":\"BreadcrumbList\",\"@id\":\"https:\/\/footdavant.fr\/actualites\/actualites-de-lequipe-manchester-city-vs-wolverhampton-wanderers-blessure-liste-de-suspension-predit-xis\/#breadcrumb\",\"itemListElement\":[{\"@type\":\"ListItem\",\"position\":1,\"name\":\"Accueil\",\"item\":\"https:\/\/footdavant.fr\/actualites\/\"},{\"@type\":\"ListItem\",\"position\":2,\"name\":\"Actualit\u00e9s de l&#39;\u00e9quipe: Manchester City vs Wolverhampton Wanderers blessure, liste de suspension, pr\u00e9dit XIS\"}]},{\"@type\":\"WebSite\",\"@id\":\"https:\/\/footdavant.fr\/actualites\/#website\",\"url\":\"https:\/\/footdavant.fr\/actualites\/\",\"name\":\"Foot d'avant\",\"description\":\"\",\"publisher\":{\"@id\":\"https:\/\/footdavant.fr\/actualites\/#organization\"},\"potentialAction\":[{\"@type\":\"SearchAction\",\"target\":{\"@type\":\"EntryPoint\",\"urlTemplate\":\"https:\/\/footdavant.fr\/actualites\/?s={search_term_string}\"},\"query-input\":\"required name=search_term_string\"}],\"inLanguage\":\"fr-FR\"},{\"@type\":\"Organization\",\"@id\":\"https:\/\/footdavant.fr\/actualites\/#organization\",\"name\":\"Foot d'avant\",\"url\":\"https:\/\/footdavant.fr\/actualites\/\",\"logo\":{\"@type\":\"ImageObject\",\"inLanguage\":\"fr-FR\",\"@id\":\"https:\/\/footdavant.fr\/actualites\/#\/schema\/logo\/image\/\",\"url\":\"https:\/\/footdavant.fr\/actualites\/wp-content\/uploads\/2023\/09\/Copy-of-FootDavant-Logo.png\",\"contentUrl\":\"https:\/\/footdavant.fr\/actualites\/wp-content\/uploads\/2023\/09\/Copy-of-FootDavant-Logo.png\",\"width\":936,\"height\":549,\"caption\":\"Foot d'avant\"},\"image\":{\"@id\":\"https:\/\/footdavant.fr\/actualites\/#\/schema\/logo\/image\/\"},\"sameAs\":[\"https:\/\/www.facebook.com\/Footdavant\/\",\"https:\/\/twitter.com\/FootdavantFr\",\"https:\/\/www.instagram.com\/footdavant.fr\/\"]},{\"@type\":\"Person\",\"@id\":\"https:\/\/footdavant.fr\/actualites\/#\/schema\/person\/bc222566d95871b37e597b3ed3ba5e1d\",\"name\":\"Cl\u00e9ment\",\"image\":{\"@type\":\"ImageObject\",\"inLanguage\":\"fr-FR\",\"@id\":\"https:\/\/footdavant.fr\/actualites\/#\/schema\/person\/image\/\",\"url\":\"https:\/\/secure.gravatar.com\/avatar\/7728b29aac2719421e1a9159b2254c44?s=96&d=mm&r=g\",\"contentUrl\":\"https:\/\/secure.gravatar.com\/avatar\/7728b29aac2719421e1a9159b2254c44?s=96&d=mm&r=g\",\"caption\":\"Cl\u00e9ment\"},\"sameAs\":[\"https:\/\/footdavant.fr\/\"]}]}<\/script>\n<!-- \/ Yoast SEO plugin. -->","yoast_head_json":{"title":"Actualit\u00e9s de l&#39;\u00e9quipe: Manchester City vs Wolverhampton Wanderers blessure, liste de suspension, pr\u00e9dit XIS","robots":{"index":"index","follow":"follow","max-snippet":"max-snippet:-1","max-image-preview":"max-image-preview:large","max-video-preview":"max-video-preview:-1"},"canonical":"https:\/\/footdavant.fr\/actualites\/actualites-de-lequipe-manchester-city-vs-wolverhampton-wanderers-blessure-liste-de-suspension-predit-xis\/","og_locale":"fr_FR","og_type":"article","og_title":"Actualit\u00e9s de l&#39;\u00e9quipe: Manchester City vs Wolverhampton Wanderers blessure, liste de suspension, pr\u00e9dit XIS","og_description":"Sports Mole rassemble toutes les derni\u00e8res nouvelles des blessures et des suspensions avant le choc de la Premier League de vendredi entre Manchester City et","og_url":"https:\/\/footdavant.fr\/actualites\/actualites-de-lequipe-manchester-city-vs-wolverhampton-wanderers-blessure-liste-de-suspension-predit-xis\/","og_site_name":"Foot d&#039;avant","article_publisher":"https:\/\/www.facebook.com\/Footdavant\/","article_published_time":"2025-05-08T17:48:14+00:00","article_modified_time":"2025-05-08T17:48:15+00:00","og_image":[{"width":640,"height":480,"url":"https:\/\/footdavant.fr\/actualites\/wp-content\/uploads\/2025\/05\/Actualites-de-l39equipe-Manchester-City-vs-Wolverhampton-Wanderers-blessure-liste.jpg","type":"image\/jpeg"}],"author":"Cl\u00e9ment","twitter_card":"summary_large_image","twitter_creator":"@FootdavantFr","twitter_site":"@FootdavantFr","twitter_misc":{"\u00c9crit par":"Cl\u00e9ment","Dur\u00e9e de lecture estim\u00e9e":"1 minute"},"schema":{"@context":"https:\/\/schema.org","@graph":[{"@type":"Article","@id":"https:\/\/footdavant.fr\/actualites\/actualites-de-lequipe-manchester-city-vs-wolverhampton-wanderers-blessure-liste-de-suspension-predit-xis\/#article","isPartOf":{"@id":"https:\/\/footdavant.fr\/actualites\/actualites-de-lequipe-manchester-city-vs-wolverhampton-wanderers-blessure-liste-de-suspension-predit-xis\/"},"author":{"name":"Cl\u00e9ment","@id":"https:\/\/footdavant.fr\/actualites\/#\/schema\/person\/bc222566d95871b37e597b3ed3ba5e1d"},"headline":"Actualit\u00e9s de l&#39;\u00e9quipe: Manchester City vs Wolverhampton Wanderers blessure, liste de suspension, pr\u00e9dit XIS","datePublished":"2025-05-08T17:48:14+00:00","dateModified":"2025-05-08T17:48:15+00:00","mainEntityOfPage":{"@id":"https:\/\/footdavant.fr\/actualites\/actualites-de-lequipe-manchester-city-vs-wolverhampton-wanderers-blessure-liste-de-suspension-predit-xis\/"},"wordCount":210,"publisher":{"@id":"https:\/\/footdavant.fr\/actualites\/#organization"},"keywords":["Actualit\u00e9s","Blessure","City","l39\u00e9quipe","liste","Manchester","pr\u00e9dit","suspension","Wanderers","Wolverhampton","XIS"],"articleSection":["Premier League"],"inLanguage":"fr-FR"},{"@type":"WebPage","@id":"https:\/\/footdavant.fr\/actualites\/actualites-de-lequipe-manchester-city-vs-wolverhampton-wanderers-blessure-liste-de-suspension-predit-xis\/","url":"https:\/\/footdavant.fr\/actualites\/actualites-de-lequipe-manchester-city-vs-wolverhampton-wanderers-blessure-liste-de-suspension-predit-xis\/","name":"Actualit\u00e9s de l&#39;\u00e9quipe: Manchester City vs Wolverhampton Wanderers blessure, liste de suspension, pr\u00e9dit XIS","isPartOf":{"@id":"https:\/\/footdavant.fr\/actualites\/#website"},"datePublished":"2025-05-08T17:48:14+00:00","dateModified":"2025-05-08T17:48:15+00:00","breadcrumb":{"@id":"https:\/\/footdavant.fr\/actualites\/actualites-de-lequipe-manchester-city-vs-wolverhampton-wanderers-blessure-liste-de-suspension-predit-xis\/#breadcrumb"},"inLanguage":"fr-FR","potentialAction":[{"@type":"ReadAction","target":["https:\/\/footdavant.fr\/actualites\/actualites-de-lequipe-manchester-city-vs-wolverhampton-wanderers-blessure-liste-de-suspension-predit-xis\/"]}]},{"@type":"BreadcrumbList","@id":"https:\/\/footdavant.fr\/actualites\/actualites-de-lequipe-manchester-city-vs-wolverhampton-wanderers-blessure-liste-de-suspension-predit-xis\/#breadcrumb","itemListElement":[{"@type":"ListItem","position":1,"name":"Accueil","item":"https:\/\/footdavant.fr\/actualites\/"},{"@type":"ListItem","position":2,"name":"Actualit\u00e9s de l&#39;\u00e9quipe: Manchester City vs Wolverhampton Wanderers blessure, liste de suspension, pr\u00e9dit XIS"}]},{"@type":"WebSite","@id":"https:\/\/footdavant.fr\/actualites\/#website","url":"https:\/\/footdavant.fr\/actualites\/","name":"Foot d'avant","description":"","publisher":{"@id":"https:\/\/footdavant.fr\/actualites\/#organization"},"potentialAction":[{"@type":"SearchAction","target":{"@type":"EntryPoint","urlTemplate":"https:\/\/footdavant.fr\/actualites\/?s={search_term_string}"},"query-input":"required name=search_term_string"}],"inLanguage":"fr-FR"},{"@type":"Organization","@id":"https:\/\/footdavant.fr\/actualites\/#organization","name":"Foot d'avant","url":"https:\/\/footdavant.fr\/actualites\/","logo":{"@type":"ImageObject","inLanguage":"fr-FR","@id":"https:\/\/footdavant.fr\/actualites\/#\/schema\/logo\/image\/","url":"https:\/\/footdavant.fr\/actualites\/wp-content\/uploads\/2023\/09\/Copy-of-FootDavant-Logo.png","contentUrl":"https:\/\/footdavant.fr\/actualites\/wp-content\/uploads\/2023\/09\/Copy-of-FootDavant-Logo.png","width":936,"height":549,"caption":"Foot d'avant"},"image":{"@id":"https:\/\/footdavant.fr\/actualites\/#\/schema\/logo\/image\/"},"sameAs":["https:\/\/www.facebook.com\/Footdavant\/","https:\/\/twitter.com\/FootdavantFr","https:\/\/www.instagram.com\/footdavant.fr\/"]},{"@type":"Person","@id":"https:\/\/footdavant.fr\/actualites\/#\/schema\/person\/bc222566d95871b37e597b3ed3ba5e1d","name":"Cl\u00e9ment","image":{"@type":"ImageObject","inLanguage":"fr-FR","@id":"https:\/\/footdavant.fr\/actualites\/#\/schema\/person\/image\/","url":"https:\/\/secure.gravatar.com\/avatar\/7728b29aac2719421e1a9159b2254c44?s=96&d=mm&r=g","contentUrl":"https:\/\/secure.gravatar.com\/avatar\/7728b29aac2719421e1a9159b2254c44?s=96&d=mm&r=g","caption":"Cl\u00e9ment"},"sameAs":["https:\/\/footdavant.fr\/"]}]}},"_links":{"self":[{"href":"https:\/\/footdavant.fr\/actualites\/wp-json\/wp\/v2\/posts\/23702"}],"collection":[{"href":"https:\/\/footdavant.fr\/actualites\/wp-json\/wp\/v2\/posts"}],"about":[{"href":"https:\/\/footdavant.fr\/actualites\/wp-json\/wp\/v2\/types\/post"}],"author":[{"embeddable":true,"href":"https:\/\/footdavant.fr\/actualites\/wp-json\/wp\/v2\/users\/1"}],"replies":[{"embeddable":true,"href":"https:\/\/footdavant.fr\/actualites\/wp-json\/wp\/v2\/comments?post=23702"}],"version-history":[{"count":1,"href":"https:\/\/footdavant.fr\/actualites\/wp-json\/wp\/v2\/posts\/23702\/revisions"}],"predecessor-version":[{"id":23704,"href":"https:\/\/footdavant.fr\/actualites\/wp-json\/wp\/v2\/posts\/23702\/revisions\/23704"}],"wp:featuredmedia":[{"embeddable":true,"href":"https:\/\/footdavant.fr\/actualites\/wp-json\/wp\/v2\/media\/23703"}],"wp:attachment":[{"href":"https:\/\/footdavant.fr\/actualites\/wp-json\/wp\/v2\/media?parent=23702"}],"wp:term":[{"taxonomy":"category","embeddable":true,"href":"https:\/\/footdavant.fr\/actualites\/wp-json\/wp\/v2\/categories?post=23702"},{"taxonomy":"post_tag","embeddable":true,"href":"https:\/\/footdavant.fr\/actualites\/wp-json\/wp\/v2\/tags?post=23702"}],"curies":[{"name":"wp","href":"https:\/\/api.w.org\/{rel}","templated":true}]}}