{"id":23708,"date":"2025-05-08T22:48:33","date_gmt":"2025-05-08T20:48:33","guid":{"rendered":"https:\/\/footdavant.fr\/actualites\/psg-3-2-1-1-arsenal-luis-luis-enrique-plaisante-sur-les-perceptions-de-son-equipe-apres-la-victoire-en-demi-finale-de-la-ligue-des-champions\/"},"modified":"2025-05-08T22:48:34","modified_gmt":"2025-05-08T20:48:34","slug":"psg-3-2-1-1-arsenal-luis-luis-enrique-plaisante-sur-les-perceptions-de-son-equipe-apres-la-victoire-en-demi-finale-de-la-ligue-des-champions","status":"publish","type":"post","link":"https:\/\/footdavant.fr\/actualites\/psg-3-2-1-1-arsenal-luis-luis-enrique-plaisante-sur-les-perceptions-de-son-equipe-apres-la-victoire-en-demi-finale-de-la-ligue-des-champions\/","title":{"rendered":"PSG (3) 2-1 (1) Arsenal: Luis Luis Enrique plaisante sur les perceptions de son \u00e9quipe apr\u00e8s la victoire en demi-finale de la Ligue des champions"},"content":{"rendered":"<p>Luis Enrique plaisante en disant que son c\u00f4t\u00e9 de Paris Saint-Germain provient de la \u00ab\u00a0League of Farmers\u00a0\u00bb apr\u00e8s leur succ\u00e8s en demi-finale de la Ligue des champions sur Arsenal.<\/p>\n<div id=\"article_body\" itemprop=\"articleBody\">\n<h3 class=\"firstPara\">\n<strong class=\"autotag\">Paris Saint-Germain<\/strong> directeur <strong class=\"autotag\">Luis Enrique<\/strong> a plaisant\u00e9 que son \u00e9quipe vient de la \u00ab\u00a0League of Farmers\u00a0\u00bb apr\u00e8s leur <strong class=\"autotag\">Ligue des champions<\/strong> succ\u00e8s <strong class=\"autotag\">Arsenal<\/strong> mercredi soir.<\/h3>\n<p>Les champions de Ligue 1 ont vu une vaillante \u00e9quipe de Gunners pour atteindre une deuxi\u00e8me finale en cinq ans, alors que le patron du PSG cherche \u00e0 reproduire son succ\u00e8s dans la comp\u00e9tition 10 ans apr\u00e8s sa campagne victorieuse avec Barcelone.<\/p>\n<p><strong class=\"autotag\">Fabian Ruiz<\/strong> et <strong class=\"autotag\">Achraf Hakimi<\/strong> Objectifs ajout\u00e9s \u00e0 l&#39;avantage qui leur est donn\u00e9 par <strong class=\"autotag\">Ousmane Dembele<\/strong>\u00abS gr\u00e8ve solitaire dans la premi\u00e8re \u00e9tape, alors que le PSG a r\u00e9serv\u00e9 leur place \u00e0 Munich, <strong>Gagner 3-1 sur AGRANGATE<\/strong> en demi-finale.<\/p>\n<p>L&#39;Inter Milan attend \u00e0 l&#39;Allianz Arena le 31 mai, alors que le PSG cherche \u00e0 remporter la comp\u00e9tition pour la premi\u00e8re fois, dans ce qui sera leur deuxi\u00e8me apparition en finale.<\/p>\n<p>Un pr\u00e9sage positif a d\u00e9j\u00e0 surgi pour les hommes d&#39;Enrique aussi, car la seule finale fran\u00e7aise italienne de la comp\u00e9tition a \u00e9galement \u00e9t\u00e9 jou\u00e9e \u00e0 Munich, en 1993, et la partie fran\u00e7aise \u00e0 cette occasion a \u00e9t\u00e9 victorieuse, car Marseille a battu l&#39;AC Milan 1-0.<\/p>\n<p class=\"imgI\">\n<h2 class=\"k3\">Enrique se moque de la perception du PSG<\/h2>\n<p>Un enrique jubilatoire \u00e9tait sans surprise en bonne humeur lorsqu&#39;il parle \u00e0 <em>TNT Sports<\/em> Post-match, et apr\u00e8s avoir fait l&#39;\u00e9loge de l&#39;\u00e9thique de travail et des performances de ses joueurs, il a montr\u00e9 un c\u00f4t\u00e9 plus l\u00e9ger, r\u00e9pondant \u00e0 un communiqu\u00e9 \u00e0 une d\u00e9claration lue par l&#39;intervieweur <strong class=\"autotag\">Becky Ives<\/strong>.<\/p>\n<p>Apr\u00e8s avoir \u00e9t\u00e9 soulev\u00e9 que le PSG avait maintenant battu les quatre clubs de Premier League qui avaient particip\u00e9 \u00e0 la comp\u00e9tition de cette saison, un Enrique souriant a livr\u00e9 une plaisanterie qui se r\u00e9percutera dans les m\u00e9dias anglais.<\/p>\n<p>\u00ab\u00a0La ligue des agriculteurs, non? Nous sommes la ligue des agriculteurs!\u00a0\u00bb Enrique enfich\u00e9e.<\/p>\n<blockquote class=\"twitter-tweet\">\n<p lang=\"en\" dir=\"ltr\">\u00ab\u00a0Nous sommes la ligue des agriculteurs\u00a0\u00bb \ud83e\udd23<\/p>\n<p>Luis Enrique ne pouvait s&#39;emp\u00eacher de rire apr\u00e8s avoir re\u00e7u son apparition que son \u00e9quipe du PSG avait battu les quatre \u00e9quipes de Premier League auxquelles ils avaient affront\u00e9 en Ligue des champions cette saison \ud83d\ude05 \ud83d\ude05 \ud83d\ude05 \ud83d\ude05 \ud83d\ude05<\/p>\n<p>\ud83c\udf99<a rel=\"nofollow\" href=\"https:\/\/twitter.com\/Becky_Ives_?ref_src=twsrc%5Etfw\">@Becky_ives_<\/a> | \ud83d\udcfa <a rel=\"nofollow\" href=\"https:\/\/twitter.com\/tntsports?ref_src=twsrc%5Etfw\">@TNTSports<\/a> &#038; <a rel=\"nofollow\" href=\"https:\/\/twitter.com\/discoveryplusUK?ref_src=twsrc%5Etfw\">@discoveryplusuk<\/a> <a rel=\"nofollow\" href=\"https:\/\/t.co\/84jVlnIq3B\">pic.twitter.com\/84jvlniq3b<\/a><\/p>\n<p>&#8211; Football sur TNT Sports (@footballontnt) <a rel=\"nofollow\" href=\"https:\/\/twitter.com\/footballontnt\/status\/1920237804761534936?ref_src=twsrc%5Etfw\">7 mai 2025<\/a>\n<\/p><\/blockquote>\n<p>Ce sera en r\u00e9ponse aux commentaires faits sur la norme de la Ligue 1, qui exerce souvent sa comp\u00e9titivit\u00e9, et a \u00e9t\u00e9 li\u00e9 \u00e0 la raison pour laquelle le PSG lutte souvent \u00e0 la fin des affaires de la Ligue des champions.<\/p>\n<p>Le patron du PSG n&#39;a pas tard\u00e9 \u00e0 montrer son appr\u00e9ciation pour l&#39;amour que lui et ses joueurs ont re\u00e7us des m\u00e9dias et des experts, en particulier de ceux d&#39;Angleterre apr\u00e8s les trois rondes pr\u00e9c\u00e9dentes qui les ont vu frapper Liverpool, Aston Villa et Arsenal.<\/p>\n<p>\u00ab\u00a0C&#39;est bien, nous appr\u00e9cions non seulement les r\u00e9sultats, mais aussi les compliments de tout le monde parlant de notre \u00e9quipe.\u00a0\u00bb Enrique ajout\u00e9.<\/p>\n<p class=\"imgI\">\n<h2 class=\"k3\">L&#39;aventure anglaise du PSG \u00e0 la finale<\/h2>\n<p>C&#39;est l&#39;exub\u00e9rance des jeunes qui a attir\u00e9 l&#39;attention de nombreux spectateurs cette saison en ce qui concerne le PSG, et le fait qu&#39;ils ont fait face aux quatre \u00e9quipes de Premier League signifie qu&#39;ils ont re\u00e7u beaucoup d&#39;attention sur ces c\u00f4tes.<\/p>\n<p>Revenant \u00e0 leur victoire 4-2 contre Manchester City dans la phase de la ligue, il est remarquable de penser qu&#39;ils avaient perdu ce match, l&#39;\u00e9limination \u00e9tait presque certaine et ils ont tra\u00een\u00e9 2-0 \u00e0 l&#39;heure.<\/p>\n<p>Apr\u00e8s avoir progress\u00e9 \u00e0 la 15e place dans la phase de la ligue et vu Brest 10-0 sur Aggregate, le PSG s&#39;est ensuite affront\u00e9 contre les favoris de la comp\u00e9tition Liverpool, et malgr\u00e9 une performance totalement dominante au Parc des Princes, ils ont perdu le premier \u00e9tage 1-0, mais se sont ralli\u00e9s pour gagner 1-0 \u00e0 Anfield avant de sortir en haut dans une fusillade.<\/p>\n<p>Le PSG a \u00e9t\u00e9 5-1 sur les agr\u00e9gats t\u00f4t dans la deuxi\u00e8me \u00e9tape du quart de finale avec Aston Villa, et \u00e0 peu pr\u00e8s accroch\u00e9 pour atteindre les demi-finales, o\u00f9 ils \u00e9taient beaucoup plus confortables, menant \u00e0 la quatri\u00e8me minute de la premi\u00e8re \u00e9tape et ne l&#39;ont pas fait une seule fois contre Arsenal, qui n&#39;avait pas de r\u00e9ponse pour leur talent attaquant scintillant.<\/p>\n<div class=\"author_box\">\n<div class=\"author_box_banner\">\n<\/div>\n<\/div>\n<\/div>\n<p><script async src=\"https:\/\/platform.twitter.com\/widgets.js\" charset=\"utf-8\"><\/script><\/p>\n","protected":false},"excerpt":{"rendered":"<p>Luis Enrique plaisante en disant que son c\u00f4t\u00e9 de Paris Saint-Germain provient de la \u00ab\u00a0League of Farmers\u00a0\u00bb apr\u00e8s leur succ\u00e8s en demi-finale de la Ligue<\/p>\n","protected":false},"author":1,"featured_media":22468,"comment_status":"closed","ping_status":"","sticky":false,"template":"","format":"standard","meta":{"footnotes":""},"categories":[4],"tags":[25,67,31,2294,12,1244,28,93,30,240,9153,9152,1656,86,103,26],"yoast_head":"<!-- This site is optimized with the Yoast SEO plugin v21.0 - https:\/\/yoast.com\/wordpress\/plugins\/seo\/ -->\n<title>PSG (3) 2-1 (1) Arsenal: Luis Luis Enrique plaisante sur les perceptions de son \u00e9quipe apr\u00e8s la victoire en demi-finale de la Ligue des champions<\/title>\n<meta name=\"robots\" content=\"index, follow, max-snippet:-1, max-image-preview:large, max-video-preview:-1\" \/>\n<link rel=\"canonical\" href=\"https:\/\/footdavant.fr\/actualites\/psg-3-2-1-1-arsenal-luis-luis-enrique-plaisante-sur-les-perceptions-de-son-equipe-apres-la-victoire-en-demi-finale-de-la-ligue-des-champions\/\" \/>\n<meta property=\"og:locale\" content=\"fr_FR\" \/>\n<meta property=\"og:type\" content=\"article\" \/>\n<meta property=\"og:title\" content=\"PSG (3) 2-1 (1) Arsenal: Luis Luis Enrique plaisante sur les perceptions de son \u00e9quipe apr\u00e8s la victoire en demi-finale de la Ligue des champions\" \/>\n<meta property=\"og:description\" content=\"Luis Enrique plaisante en disant que son c\u00f4t\u00e9 de Paris Saint-Germain provient de la \u00ab\u00a0League of Farmers\u00a0\u00bb apr\u00e8s leur succ\u00e8s en demi-finale de la Ligue\" \/>\n<meta property=\"og:url\" content=\"https:\/\/footdavant.fr\/actualites\/psg-3-2-1-1-arsenal-luis-luis-enrique-plaisante-sur-les-perceptions-de-son-equipe-apres-la-victoire-en-demi-finale-de-la-ligue-des-champions\/\" \/>\n<meta property=\"og:site_name\" content=\"Foot d&#039;avant\" \/>\n<meta property=\"article:publisher\" content=\"https:\/\/www.facebook.com\/Footdavant\/\" \/>\n<meta property=\"article:published_time\" content=\"2025-05-08T20:48:33+00:00\" \/>\n<meta property=\"article:modified_time\" content=\"2025-05-08T20:48:34+00:00\" \/>\n<meta property=\"og:image\" content=\"https:\/\/footdavant.fr\/actualites\/wp-content\/uploads\/2025\/04\/1744375747_Paris-Saint-Germain-Linep-contre-Aston-Villa-Predit-Xi-pour-le.jpg\" \/>\n\t<meta property=\"og:image:width\" content=\"1280\" \/>\n\t<meta property=\"og:image:height\" content=\"960\" \/>\n\t<meta property=\"og:image:type\" content=\"image\/jpeg\" \/>\n<meta name=\"author\" content=\"Cl\u00e9ment\" \/>\n<meta name=\"twitter:card\" content=\"summary_large_image\" \/>\n<meta name=\"twitter:creator\" content=\"@FootdavantFr\" \/>\n<meta name=\"twitter:site\" content=\"@FootdavantFr\" \/>\n<meta name=\"twitter:label1\" content=\"\u00c9crit par\" \/>\n\t<meta name=\"twitter:data1\" content=\"Cl\u00e9ment\" \/>\n\t<meta name=\"twitter:label2\" content=\"Dur\u00e9e de lecture estim\u00e9e\" \/>\n\t<meta name=\"twitter:data2\" content=\"4 minutes\" \/>\n<script type=\"application\/ld+json\" class=\"yoast-schema-graph\">{\"@context\":\"https:\/\/schema.org\",\"@graph\":[{\"@type\":\"Article\",\"@id\":\"https:\/\/footdavant.fr\/actualites\/psg-3-2-1-1-arsenal-luis-luis-enrique-plaisante-sur-les-perceptions-de-son-equipe-apres-la-victoire-en-demi-finale-de-la-ligue-des-champions\/#article\",\"isPartOf\":{\"@id\":\"https:\/\/footdavant.fr\/actualites\/psg-3-2-1-1-arsenal-luis-luis-enrique-plaisante-sur-les-perceptions-de-son-equipe-apres-la-victoire-en-demi-finale-de-la-ligue-des-champions\/\"},\"author\":{\"name\":\"Cl\u00e9ment\",\"@id\":\"https:\/\/footdavant.fr\/actualites\/#\/schema\/person\/bc222566d95871b37e597b3ed3ba5e1d\"},\"headline\":\"PSG (3) 2-1 (1) Arsenal: Luis Luis Enrique plaisante sur les perceptions de son \u00e9quipe apr\u00e8s la victoire en demi-finale de la Ligue des champions\",\"datePublished\":\"2025-05-08T20:48:33+00:00\",\"dateModified\":\"2025-05-08T20:48:34+00:00\",\"mainEntityOfPage\":{\"@id\":\"https:\/\/footdavant.fr\/actualites\/psg-3-2-1-1-arsenal-luis-luis-enrique-plaisante-sur-les-perceptions-de-son-equipe-apres-la-victoire-en-demi-finale-de-la-ligue-des-champions\/\"},\"wordCount\":782,\"publisher\":{\"@id\":\"https:\/\/footdavant.fr\/actualites\/#organization\"},\"keywords\":[\"apr\u00e8s\",\"Arsenal\",\"champions\",\"demifinale\",\"des\",\"Enrique\",\"\u00c9quipe\",\"les\",\"Ligue\",\"Luis\",\"perceptions\",\"plaisante\",\"PSG\",\"son\",\"sur\",\"victoire\"],\"articleSection\":[\"Champions League\"],\"inLanguage\":\"fr-FR\"},{\"@type\":\"WebPage\",\"@id\":\"https:\/\/footdavant.fr\/actualites\/psg-3-2-1-1-arsenal-luis-luis-enrique-plaisante-sur-les-perceptions-de-son-equipe-apres-la-victoire-en-demi-finale-de-la-ligue-des-champions\/\",\"url\":\"https:\/\/footdavant.fr\/actualites\/psg-3-2-1-1-arsenal-luis-luis-enrique-plaisante-sur-les-perceptions-de-son-equipe-apres-la-victoire-en-demi-finale-de-la-ligue-des-champions\/\",\"name\":\"PSG (3) 2-1 (1) Arsenal: Luis Luis Enrique plaisante sur les perceptions de son \u00e9quipe apr\u00e8s la victoire en demi-finale de la Ligue des champions\",\"isPartOf\":{\"@id\":\"https:\/\/footdavant.fr\/actualites\/#website\"},\"datePublished\":\"2025-05-08T20:48:33+00:00\",\"dateModified\":\"2025-05-08T20:48:34+00:00\",\"breadcrumb\":{\"@id\":\"https:\/\/footdavant.fr\/actualites\/psg-3-2-1-1-arsenal-luis-luis-enrique-plaisante-sur-les-perceptions-de-son-equipe-apres-la-victoire-en-demi-finale-de-la-ligue-des-champions\/#breadcrumb\"},\"inLanguage\":\"fr-FR\",\"potentialAction\":[{\"@type\":\"ReadAction\",\"target\":[\"https:\/\/footdavant.fr\/actualites\/psg-3-2-1-1-arsenal-luis-luis-enrique-plaisante-sur-les-perceptions-de-son-equipe-apres-la-victoire-en-demi-finale-de-la-ligue-des-champions\/\"]}]},{\"@type\":\"BreadcrumbList\",\"@id\":\"https:\/\/footdavant.fr\/actualites\/psg-3-2-1-1-arsenal-luis-luis-enrique-plaisante-sur-les-perceptions-de-son-equipe-apres-la-victoire-en-demi-finale-de-la-ligue-des-champions\/#breadcrumb\",\"itemListElement\":[{\"@type\":\"ListItem\",\"position\":1,\"name\":\"Accueil\",\"item\":\"https:\/\/footdavant.fr\/actualites\/\"},{\"@type\":\"ListItem\",\"position\":2,\"name\":\"PSG (3) 2-1 (1) Arsenal: Luis Luis Enrique plaisante sur les perceptions de son \u00e9quipe apr\u00e8s la victoire en demi-finale de la Ligue des champions\"}]},{\"@type\":\"WebSite\",\"@id\":\"https:\/\/footdavant.fr\/actualites\/#website\",\"url\":\"https:\/\/footdavant.fr\/actualites\/\",\"name\":\"Foot d'avant\",\"description\":\"\",\"publisher\":{\"@id\":\"https:\/\/footdavant.fr\/actualites\/#organization\"},\"potentialAction\":[{\"@type\":\"SearchAction\",\"target\":{\"@type\":\"EntryPoint\",\"urlTemplate\":\"https:\/\/footdavant.fr\/actualites\/?s={search_term_string}\"},\"query-input\":\"required name=search_term_string\"}],\"inLanguage\":\"fr-FR\"},{\"@type\":\"Organization\",\"@id\":\"https:\/\/footdavant.fr\/actualites\/#organization\",\"name\":\"Foot d'avant\",\"url\":\"https:\/\/footdavant.fr\/actualites\/\",\"logo\":{\"@type\":\"ImageObject\",\"inLanguage\":\"fr-FR\",\"@id\":\"https:\/\/footdavant.fr\/actualites\/#\/schema\/logo\/image\/\",\"url\":\"https:\/\/footdavant.fr\/actualites\/wp-content\/uploads\/2023\/09\/Copy-of-FootDavant-Logo.png\",\"contentUrl\":\"https:\/\/footdavant.fr\/actualites\/wp-content\/uploads\/2023\/09\/Copy-of-FootDavant-Logo.png\",\"width\":936,\"height\":549,\"caption\":\"Foot d'avant\"},\"image\":{\"@id\":\"https:\/\/footdavant.fr\/actualites\/#\/schema\/logo\/image\/\"},\"sameAs\":[\"https:\/\/www.facebook.com\/Footdavant\/\",\"https:\/\/twitter.com\/FootdavantFr\",\"https:\/\/www.instagram.com\/footdavant.fr\/\"]},{\"@type\":\"Person\",\"@id\":\"https:\/\/footdavant.fr\/actualites\/#\/schema\/person\/bc222566d95871b37e597b3ed3ba5e1d\",\"name\":\"Cl\u00e9ment\",\"image\":{\"@type\":\"ImageObject\",\"inLanguage\":\"fr-FR\",\"@id\":\"https:\/\/footdavant.fr\/actualites\/#\/schema\/person\/image\/\",\"url\":\"https:\/\/secure.gravatar.com\/avatar\/7728b29aac2719421e1a9159b2254c44?s=96&d=mm&r=g\",\"contentUrl\":\"https:\/\/secure.gravatar.com\/avatar\/7728b29aac2719421e1a9159b2254c44?s=96&d=mm&r=g\",\"caption\":\"Cl\u00e9ment\"},\"sameAs\":[\"https:\/\/footdavant.fr\/\"]}]}<\/script>\n<!-- \/ Yoast SEO plugin. -->","yoast_head_json":{"title":"PSG (3) 2-1 (1) Arsenal: Luis Luis Enrique plaisante sur les perceptions de son \u00e9quipe apr\u00e8s la victoire en demi-finale de la Ligue des champions","robots":{"index":"index","follow":"follow","max-snippet":"max-snippet:-1","max-image-preview":"max-image-preview:large","max-video-preview":"max-video-preview:-1"},"canonical":"https:\/\/footdavant.fr\/actualites\/psg-3-2-1-1-arsenal-luis-luis-enrique-plaisante-sur-les-perceptions-de-son-equipe-apres-la-victoire-en-demi-finale-de-la-ligue-des-champions\/","og_locale":"fr_FR","og_type":"article","og_title":"PSG (3) 2-1 (1) Arsenal: Luis Luis Enrique plaisante sur les perceptions de son \u00e9quipe apr\u00e8s la victoire en demi-finale de la Ligue des champions","og_description":"Luis Enrique plaisante en disant que son c\u00f4t\u00e9 de Paris Saint-Germain provient de la \u00ab\u00a0League of Farmers\u00a0\u00bb apr\u00e8s leur succ\u00e8s en demi-finale de la Ligue","og_url":"https:\/\/footdavant.fr\/actualites\/psg-3-2-1-1-arsenal-luis-luis-enrique-plaisante-sur-les-perceptions-de-son-equipe-apres-la-victoire-en-demi-finale-de-la-ligue-des-champions\/","og_site_name":"Foot d&#039;avant","article_publisher":"https:\/\/www.facebook.com\/Footdavant\/","article_published_time":"2025-05-08T20:48:33+00:00","article_modified_time":"2025-05-08T20:48:34+00:00","og_image":[{"width":1280,"height":960,"url":"https:\/\/footdavant.fr\/actualites\/wp-content\/uploads\/2025\/04\/1744375747_Paris-Saint-Germain-Linep-contre-Aston-Villa-Predit-Xi-pour-le.jpg","type":"image\/jpeg"}],"author":"Cl\u00e9ment","twitter_card":"summary_large_image","twitter_creator":"@FootdavantFr","twitter_site":"@FootdavantFr","twitter_misc":{"\u00c9crit par":"Cl\u00e9ment","Dur\u00e9e de lecture estim\u00e9e":"4 minutes"},"schema":{"@context":"https:\/\/schema.org","@graph":[{"@type":"Article","@id":"https:\/\/footdavant.fr\/actualites\/psg-3-2-1-1-arsenal-luis-luis-enrique-plaisante-sur-les-perceptions-de-son-equipe-apres-la-victoire-en-demi-finale-de-la-ligue-des-champions\/#article","isPartOf":{"@id":"https:\/\/footdavant.fr\/actualites\/psg-3-2-1-1-arsenal-luis-luis-enrique-plaisante-sur-les-perceptions-de-son-equipe-apres-la-victoire-en-demi-finale-de-la-ligue-des-champions\/"},"author":{"name":"Cl\u00e9ment","@id":"https:\/\/footdavant.fr\/actualites\/#\/schema\/person\/bc222566d95871b37e597b3ed3ba5e1d"},"headline":"PSG (3) 2-1 (1) Arsenal: Luis Luis Enrique plaisante sur les perceptions de son \u00e9quipe apr\u00e8s la victoire en demi-finale de la Ligue des champions","datePublished":"2025-05-08T20:48:33+00:00","dateModified":"2025-05-08T20:48:34+00:00","mainEntityOfPage":{"@id":"https:\/\/footdavant.fr\/actualites\/psg-3-2-1-1-arsenal-luis-luis-enrique-plaisante-sur-les-perceptions-de-son-equipe-apres-la-victoire-en-demi-finale-de-la-ligue-des-champions\/"},"wordCount":782,"publisher":{"@id":"https:\/\/footdavant.fr\/actualites\/#organization"},"keywords":["apr\u00e8s","Arsenal","champions","demifinale","des","Enrique","\u00c9quipe","les","Ligue","Luis","perceptions","plaisante","PSG","son","sur","victoire"],"articleSection":["Champions League"],"inLanguage":"fr-FR"},{"@type":"WebPage","@id":"https:\/\/footdavant.fr\/actualites\/psg-3-2-1-1-arsenal-luis-luis-enrique-plaisante-sur-les-perceptions-de-son-equipe-apres-la-victoire-en-demi-finale-de-la-ligue-des-champions\/","url":"https:\/\/footdavant.fr\/actualites\/psg-3-2-1-1-arsenal-luis-luis-enrique-plaisante-sur-les-perceptions-de-son-equipe-apres-la-victoire-en-demi-finale-de-la-ligue-des-champions\/","name":"PSG (3) 2-1 (1) Arsenal: Luis Luis Enrique plaisante sur les perceptions de son \u00e9quipe apr\u00e8s la victoire en demi-finale de la Ligue des champions","isPartOf":{"@id":"https:\/\/footdavant.fr\/actualites\/#website"},"datePublished":"2025-05-08T20:48:33+00:00","dateModified":"2025-05-08T20:48:34+00:00","breadcrumb":{"@id":"https:\/\/footdavant.fr\/actualites\/psg-3-2-1-1-arsenal-luis-luis-enrique-plaisante-sur-les-perceptions-de-son-equipe-apres-la-victoire-en-demi-finale-de-la-ligue-des-champions\/#breadcrumb"},"inLanguage":"fr-FR","potentialAction":[{"@type":"ReadAction","target":["https:\/\/footdavant.fr\/actualites\/psg-3-2-1-1-arsenal-luis-luis-enrique-plaisante-sur-les-perceptions-de-son-equipe-apres-la-victoire-en-demi-finale-de-la-ligue-des-champions\/"]}]},{"@type":"BreadcrumbList","@id":"https:\/\/footdavant.fr\/actualites\/psg-3-2-1-1-arsenal-luis-luis-enrique-plaisante-sur-les-perceptions-de-son-equipe-apres-la-victoire-en-demi-finale-de-la-ligue-des-champions\/#breadcrumb","itemListElement":[{"@type":"ListItem","position":1,"name":"Accueil","item":"https:\/\/footdavant.fr\/actualites\/"},{"@type":"ListItem","position":2,"name":"PSG (3) 2-1 (1) Arsenal: Luis Luis Enrique plaisante sur les perceptions de son \u00e9quipe apr\u00e8s la victoire en demi-finale de la Ligue des champions"}]},{"@type":"WebSite","@id":"https:\/\/footdavant.fr\/actualites\/#website","url":"https:\/\/footdavant.fr\/actualites\/","name":"Foot d'avant","description":"","publisher":{"@id":"https:\/\/footdavant.fr\/actualites\/#organization"},"potentialAction":[{"@type":"SearchAction","target":{"@type":"EntryPoint","urlTemplate":"https:\/\/footdavant.fr\/actualites\/?s={search_term_string}"},"query-input":"required name=search_term_string"}],"inLanguage":"fr-FR"},{"@type":"Organization","@id":"https:\/\/footdavant.fr\/actualites\/#organization","name":"Foot d'avant","url":"https:\/\/footdavant.fr\/actualites\/","logo":{"@type":"ImageObject","inLanguage":"fr-FR","@id":"https:\/\/footdavant.fr\/actualites\/#\/schema\/logo\/image\/","url":"https:\/\/footdavant.fr\/actualites\/wp-content\/uploads\/2023\/09\/Copy-of-FootDavant-Logo.png","contentUrl":"https:\/\/footdavant.fr\/actualites\/wp-content\/uploads\/2023\/09\/Copy-of-FootDavant-Logo.png","width":936,"height":549,"caption":"Foot d'avant"},"image":{"@id":"https:\/\/footdavant.fr\/actualites\/#\/schema\/logo\/image\/"},"sameAs":["https:\/\/www.facebook.com\/Footdavant\/","https:\/\/twitter.com\/FootdavantFr","https:\/\/www.instagram.com\/footdavant.fr\/"]},{"@type":"Person","@id":"https:\/\/footdavant.fr\/actualites\/#\/schema\/person\/bc222566d95871b37e597b3ed3ba5e1d","name":"Cl\u00e9ment","image":{"@type":"ImageObject","inLanguage":"fr-FR","@id":"https:\/\/footdavant.fr\/actualites\/#\/schema\/person\/image\/","url":"https:\/\/secure.gravatar.com\/avatar\/7728b29aac2719421e1a9159b2254c44?s=96&d=mm&r=g","contentUrl":"https:\/\/secure.gravatar.com\/avatar\/7728b29aac2719421e1a9159b2254c44?s=96&d=mm&r=g","caption":"Cl\u00e9ment"},"sameAs":["https:\/\/footdavant.fr\/"]}]}},"_links":{"self":[{"href":"https:\/\/footdavant.fr\/actualites\/wp-json\/wp\/v2\/posts\/23708"}],"collection":[{"href":"https:\/\/footdavant.fr\/actualites\/wp-json\/wp\/v2\/posts"}],"about":[{"href":"https:\/\/footdavant.fr\/actualites\/wp-json\/wp\/v2\/types\/post"}],"author":[{"embeddable":true,"href":"https:\/\/footdavant.fr\/actualites\/wp-json\/wp\/v2\/users\/1"}],"replies":[{"embeddable":true,"href":"https:\/\/footdavant.fr\/actualites\/wp-json\/wp\/v2\/comments?post=23708"}],"version-history":[{"count":1,"href":"https:\/\/footdavant.fr\/actualites\/wp-json\/wp\/v2\/posts\/23708\/revisions"}],"predecessor-version":[{"id":23709,"href":"https:\/\/footdavant.fr\/actualites\/wp-json\/wp\/v2\/posts\/23708\/revisions\/23709"}],"wp:featuredmedia":[{"embeddable":true,"href":"https:\/\/footdavant.fr\/actualites\/wp-json\/wp\/v2\/media\/22468"}],"wp:attachment":[{"href":"https:\/\/footdavant.fr\/actualites\/wp-json\/wp\/v2\/media?parent=23708"}],"wp:term":[{"taxonomy":"category","embeddable":true,"href":"https:\/\/footdavant.fr\/actualites\/wp-json\/wp\/v2\/categories?post=23708"},{"taxonomy":"post_tag","embeddable":true,"href":"https:\/\/footdavant.fr\/actualites\/wp-json\/wp\/v2\/tags?post=23708"}],"curies":[{"name":"wp","href":"https:\/\/api.w.org\/{rel}","templated":true}]}}