{"id":2371,"date":"2023-12-13T01:07:14","date_gmt":"2023-12-13T00:07:14","guid":{"rendered":"https:\/\/footdavant.fr\/actualites\/le-patron-darsenal-mikel-arteta-compare-ethan-nwaneri-a-jack-wilshere\/"},"modified":"2023-12-13T01:07:15","modified_gmt":"2023-12-13T00:07:15","slug":"le-patron-darsenal-mikel-arteta-compare-ethan-nwaneri-a-jack-wilshere","status":"publish","type":"post","link":"https:\/\/footdavant.fr\/actualites\/le-patron-darsenal-mikel-arteta-compare-ethan-nwaneri-a-jack-wilshere\/","title":{"rendered":"Le patron d&rsquo;Arsenal, Mikel Arteta, compare Ethan Nwaneri \u00e0 Jack Wilshere"},"content":{"rendered":"<p>Le manager d&rsquo;Arsenal, Mikel Arteta, compare Ethan Nwaneri \u00e0 Jack Wilshere avant les d\u00e9buts potentiels du joueur de 16 ans en Ligue des champions contre le PSV Eindhoven.<\/p>\n<div id=\"article_body\" itemprop=\"articleBody\">\n<h3 class=\"firstPara\">\n<strong class=\"autotag\">Arsenal<\/strong> directeur <strong class=\"autotag\">Mikel Arteta<\/strong> a compar\u00e9 un prot\u00e9g\u00e9 de 16 ans <strong class=\"autotag\">Ethan Nwaneri<\/strong> \u00e0 <strong class=\"autotag\">Jack Wilshere<\/strong> avant les d\u00e9buts potentiels du milieu de terrain en Europe.<\/h3>\n<p>Nwaneri fait partie du contingent itin\u00e9rant des Gunners pour le match de mardi. <strong class=\"autotag\">Ligue des champions<\/strong> Le groupe B affronte <strong class=\"autotag\">PSV Eindhoven<\/strong>o\u00f9 Arteta devrait apporter de nombreux changements \u00e9tant donn\u00e9 qu&rsquo;une premi\u00e8re place est d\u00e9j\u00e0 boucl\u00e9e.<\/p>\n<p>En septembre 2022, Arteta a fait sortir Nwaneri du banc lors d&rsquo;une victoire 3-0 en Premier League contre Brentford \u00e0 15 ans et 181 jours, ce qui a fait de l&rsquo;Anglais le plus jeune joueur de l&rsquo;histoire \u00e0 participer \u00e0 la comp\u00e9tition.<\/p>\n<p>Nwaneri n&rsquo;a pas fait une autre apparition en \u00e9quipe premi\u00e8re pour Arsenal depuis, mais il s&rsquo;est parfaitement adapt\u00e9 au niveau des moins de 21 ans, enregistrant quatre buts et une passe d\u00e9cisive en quatre matches de Premier League 2, alors qu&rsquo;il a marqu\u00e9 cinq buts dans un FA 7-1. Coupe de la jeunesse battue par Crewe Alexandra samedi.<\/p>\n<p>Tout en exer\u00e7ant son m\u00e9tier pour les Gunners des moins de 18 ans, l&rsquo;international anglais des moins de 17 ans a travaill\u00e9 sous l&rsquo;aile de l&rsquo;ancien milieu de terrain d&rsquo;Arsenal Wilshere, qui a repr\u00e9sent\u00e9 la premi\u00e8re \u00e9quipe du nord de Londres pendant pr\u00e8s de 10 ans apr\u00e8s avoir \u00e9galement gravi les \u00e9chelons de l&rsquo;acad\u00e9mie du club.<\/p>\n<p class=\"imgI\">\n<p>Une s\u00e9rie de blessures a finalement emp\u00each\u00e9 Wilshere d&rsquo;atteindre son plein potentiel aux Emirats et a contraint le joueur de 31 ans \u00e0 prendre une retraite anticip\u00e9e, mais il a quand m\u00eame laiss\u00e9 sa marque sur le gazon des Emirats, notamment en produisant une prestation magistrale au milieu de terrain lors d&rsquo;un 2-1 Champions. Victoire en championnat contre Barcelone en 2011.<\/p>\n<p>S&rsquo;adressant aux m\u00e9dias lors de sa conf\u00e9rence de presse d&rsquo;avant-match, Arteta a d\u00e9clar\u00e9 que la capacit\u00e9 de Nwaneri \u00e0 se sortir des situations difficiles est similaire \u00e0 celle de Wilshere, et il a salu\u00e9 l&rsquo;\u00e9quipe sportive pour avoir li\u00e9 le milieu de terrain tr\u00e8s appr\u00e9ci\u00e9 \u00e0 des conditions de bourse cet \u00e9t\u00e9.<\/p>\n<p>\u00ab\u00a0Il a quelque chose d&rsquo;unique que j&rsquo;ai vraiment aim\u00e9 depuis le d\u00e9but. Il a la capacit\u00e9 de prendre le ballon dans des zones restreintes et de s&rsquo;\u00e9chapper un peu comme le faisait Jack Wilshere\u00a0\u00bb, a d\u00e9clar\u00e9 Arteta aux journalistes.<\/p>\n<p>\u00ab\u00a0La personnalit\u00e9 qu&rsquo;il a, il s&rsquo;entra\u00eene avec nous comme il s&rsquo;entra\u00eene avec les moins de 18 ans ou les moins de 16 ans et j&rsquo;aime \u00e7a chez un joueur. Il a aussi ce petit plus entre les dents qu&rsquo;il veut montrer chaque jour \u00e0 quel point il est bon. est et pour impressionner les gens. <\/p>\n<p>\u00ab\u00a0Quand vous avez quelqu&rsquo;un comme \u00e7a, vous devez lui donner de l&rsquo;espoir et en plus, c&rsquo;\u00e9tait un moment tr\u00e8s important pour nous parce que nous voulions vraiment le garder et je pense que c&rsquo;\u00e9tait un signe \u00e9trange pour lui que c&rsquo;est sa place pour lui. d\u00e9velopper.\u00a0\u00bb<\/p>\n<p class=\"imgI\"><img decoding=\"async\" loading=\"lazy\" class=\"l\" src=\"https:\/\/footdavant.fr\/actualites\/wp-content\/uploads\/2023\/12\/Le-patron-dArsenal-Mikel-Arteta-compare-Ethan-Nwaneri-a-Jack.JPG\" title=\"Mikel Arteta, manager d'Arsenal, photographi\u00e9 le 25 novembre 2023\" alt=\"Mikel Arteta, manager d'Arsenal, photographi\u00e9 le 25 novembre 2023\" width=\"640\" height=\"480\"><\/p>\n<p>Si Nwaneri faisait une apparition mardi, il deviendrait le plus jeune joueur europ\u00e9en d&rsquo;Arsenal de l&rsquo;histoire, tandis que ses coll\u00e8gues stars de l&rsquo;acad\u00e9mie <strong class=\"autotag\">Lino Sousa<\/strong> et <strong class=\"autotag\">Reuel Walters<\/strong> sont tous deux en lice pour faire leurs d\u00e9buts en \u00e9quipe premi\u00e8re au Philips Stadion.<\/p>\n<p>Alors qu&rsquo;Arteta a salu\u00e9 le trio comme \u00ab\u00a0trois grands espoirs\u00a0\u00bb, il a averti sa jeune g\u00e9n\u00e9ration qu&rsquo;il ne ferait pas ses d\u00e9buts pour le plaisir alors qu&rsquo;Arsenal vise \u00e0 terminer le Groupe B en beaut\u00e9.<\/p>\n<p>\u00ab\u00a0Ce sont trois grands espoirs. Nous voulons faire venir beaucoup de joueurs d&rsquo;un syst\u00e8me et ils m\u00e9ritent d&rsquo;\u00eatre ici. Les circonstances les ont mis dans cette position. Ils sont encore tr\u00e8s, tr\u00e8s jeunes mais nous voulons leur faire acqu\u00e9rir de l&rsquo;exp\u00e9rience. parce qu&rsquo;ils ont le talent, je l&rsquo;esp\u00e8re, pour \u00eatre tr\u00e8s proches de nous. Nous essaierons de leur donner l&rsquo;opportunit\u00e9 si nous le pouvons au bon moment\u00a0\u00bb, a ajout\u00e9 Arteta.<\/p>\n<p>\u00ab\u00a0Notre devoir en tant que repr\u00e9sentants d&rsquo;Arsenal est de gagner chaque match et demain nous avons besoin d&rsquo;une grande performance contre une \u00e9quipe qui va rendre la t\u00e2che tr\u00e8s difficile, comme elle l&rsquo;a montr\u00e9 ces deux derni\u00e8res ann\u00e9es ici.\u00a0\u00bb<\/p>\n<p>Le match de mardi pourrait \u00e9galement voir <strong class=\"autotag\">\u00c9mile Smith Rowe<\/strong> faire sa premi\u00e8re apparition depuis octobre, apr\u00e8s s&rsquo;\u00eatre remis d&rsquo;une blessure au genou, mais <strong class=\"autotag\">Bukayo Saka<\/strong> il est peu probable que cela soit risqu\u00e9 en raison d&rsquo;un probl\u00e8me de pied, tandis que <strong class=\"autotag\">Gabriel Martinelli<\/strong> a \u00e9t\u00e9 laiss\u00e9 \u00e0 la maison pour cause de maladie.<\/p>\n<\/div>\n","protected":false},"excerpt":{"rendered":"<p>Le manager d&rsquo;Arsenal, Mikel Arteta, compare Ethan Nwaneri \u00e0 Jack Wilshere avant les d\u00e9buts potentiels du joueur de 16 ans en Ligue des champions contre<\/p>\n","protected":false},"author":1,"featured_media":2372,"comment_status":"closed","ping_status":"","sticky":false,"template":"","format":"standard","meta":{"footnotes":""},"categories":[4],"tags":[211,2153,59,2154,2155,210,2144,231,2156],"yoast_head":"<!-- This site is optimized with the Yoast SEO plugin v21.0 - https:\/\/yoast.com\/wordpress\/plugins\/seo\/ -->\n<title>Le patron d&#039;Arsenal, Mikel Arteta, compare Ethan Nwaneri \u00e0 Jack Wilshere<\/title>\n<meta name=\"robots\" content=\"index, follow, max-snippet:-1, max-image-preview:large, max-video-preview:-1\" \/>\n<link rel=\"canonical\" href=\"https:\/\/footdavant.fr\/actualites\/le-patron-darsenal-mikel-arteta-compare-ethan-nwaneri-a-jack-wilshere\/\" \/>\n<meta property=\"og:locale\" content=\"fr_FR\" \/>\n<meta property=\"og:type\" content=\"article\" \/>\n<meta property=\"og:title\" content=\"Le patron d&#039;Arsenal, Mikel Arteta, compare Ethan Nwaneri \u00e0 Jack Wilshere\" \/>\n<meta property=\"og:description\" content=\"Le manager d&rsquo;Arsenal, Mikel Arteta, compare Ethan Nwaneri \u00e0 Jack Wilshere avant les d\u00e9buts potentiels du joueur de 16 ans en Ligue des champions contre\" \/>\n<meta property=\"og:url\" content=\"https:\/\/footdavant.fr\/actualites\/le-patron-darsenal-mikel-arteta-compare-ethan-nwaneri-a-jack-wilshere\/\" \/>\n<meta property=\"og:site_name\" content=\"Foot d&#039;avant\" \/>\n<meta property=\"article:publisher\" content=\"https:\/\/www.facebook.com\/Footdavant\/\" \/>\n<meta property=\"article:published_time\" content=\"2023-12-13T00:07:14+00:00\" \/>\n<meta property=\"article:modified_time\" content=\"2023-12-13T00:07:15+00:00\" \/>\n<meta property=\"og:image\" content=\"https:\/\/footdavant.fr\/actualites\/wp-content\/uploads\/2023\/12\/Le-patron-dArsenal-Mikel-Arteta-compare-Ethan-Nwaneri-a-Jack.jpg\" \/>\n\t<meta property=\"og:image:width\" content=\"640\" \/>\n\t<meta property=\"og:image:height\" content=\"463\" \/>\n\t<meta property=\"og:image:type\" content=\"image\/jpeg\" \/>\n<meta name=\"author\" content=\"Cl\u00e9ment\" \/>\n<meta name=\"twitter:card\" content=\"summary_large_image\" \/>\n<meta name=\"twitter:creator\" content=\"@FootdavantFr\" \/>\n<meta name=\"twitter:site\" content=\"@FootdavantFr\" \/>\n<meta name=\"twitter:label1\" content=\"\u00c9crit par\" \/>\n\t<meta name=\"twitter:data1\" content=\"Cl\u00e9ment\" \/>\n\t<meta name=\"twitter:label2\" content=\"Dur\u00e9e de lecture estim\u00e9e\" \/>\n\t<meta name=\"twitter:data2\" content=\"4 minutes\" \/>\n<script type=\"application\/ld+json\" class=\"yoast-schema-graph\">{\"@context\":\"https:\/\/schema.org\",\"@graph\":[{\"@type\":\"Article\",\"@id\":\"https:\/\/footdavant.fr\/actualites\/le-patron-darsenal-mikel-arteta-compare-ethan-nwaneri-a-jack-wilshere\/#article\",\"isPartOf\":{\"@id\":\"https:\/\/footdavant.fr\/actualites\/le-patron-darsenal-mikel-arteta-compare-ethan-nwaneri-a-jack-wilshere\/\"},\"author\":{\"name\":\"Cl\u00e9ment\",\"@id\":\"https:\/\/footdavant.fr\/actualites\/#\/schema\/person\/bc222566d95871b37e597b3ed3ba5e1d\"},\"headline\":\"Le patron d&rsquo;Arsenal, Mikel Arteta, compare Ethan Nwaneri \u00e0 Jack Wilshere\",\"datePublished\":\"2023-12-13T00:07:14+00:00\",\"dateModified\":\"2023-12-13T00:07:15+00:00\",\"mainEntityOfPage\":{\"@id\":\"https:\/\/footdavant.fr\/actualites\/le-patron-darsenal-mikel-arteta-compare-ethan-nwaneri-a-jack-wilshere\/\"},\"wordCount\":786,\"publisher\":{\"@id\":\"https:\/\/footdavant.fr\/actualites\/#organization\"},\"keywords\":[\"Arteta\",\"compare\",\"dArsenal\",\"Ethan\",\"Jack\",\"Mikel\",\"Nwaneri\",\"patron\",\"Wilshere\"],\"articleSection\":[\"Champions League\"],\"inLanguage\":\"fr-FR\"},{\"@type\":\"WebPage\",\"@id\":\"https:\/\/footdavant.fr\/actualites\/le-patron-darsenal-mikel-arteta-compare-ethan-nwaneri-a-jack-wilshere\/\",\"url\":\"https:\/\/footdavant.fr\/actualites\/le-patron-darsenal-mikel-arteta-compare-ethan-nwaneri-a-jack-wilshere\/\",\"name\":\"Le patron d'Arsenal, Mikel Arteta, compare Ethan Nwaneri \u00e0 Jack Wilshere\",\"isPartOf\":{\"@id\":\"https:\/\/footdavant.fr\/actualites\/#website\"},\"datePublished\":\"2023-12-13T00:07:14+00:00\",\"dateModified\":\"2023-12-13T00:07:15+00:00\",\"breadcrumb\":{\"@id\":\"https:\/\/footdavant.fr\/actualites\/le-patron-darsenal-mikel-arteta-compare-ethan-nwaneri-a-jack-wilshere\/#breadcrumb\"},\"inLanguage\":\"fr-FR\",\"potentialAction\":[{\"@type\":\"ReadAction\",\"target\":[\"https:\/\/footdavant.fr\/actualites\/le-patron-darsenal-mikel-arteta-compare-ethan-nwaneri-a-jack-wilshere\/\"]}]},{\"@type\":\"BreadcrumbList\",\"@id\":\"https:\/\/footdavant.fr\/actualites\/le-patron-darsenal-mikel-arteta-compare-ethan-nwaneri-a-jack-wilshere\/#breadcrumb\",\"itemListElement\":[{\"@type\":\"ListItem\",\"position\":1,\"name\":\"Accueil\",\"item\":\"https:\/\/footdavant.fr\/actualites\/\"},{\"@type\":\"ListItem\",\"position\":2,\"name\":\"Le patron d&rsquo;Arsenal, Mikel Arteta, compare Ethan Nwaneri \u00e0 Jack Wilshere\"}]},{\"@type\":\"WebSite\",\"@id\":\"https:\/\/footdavant.fr\/actualites\/#website\",\"url\":\"https:\/\/footdavant.fr\/actualites\/\",\"name\":\"Foot d'avant\",\"description\":\"\",\"publisher\":{\"@id\":\"https:\/\/footdavant.fr\/actualites\/#organization\"},\"potentialAction\":[{\"@type\":\"SearchAction\",\"target\":{\"@type\":\"EntryPoint\",\"urlTemplate\":\"https:\/\/footdavant.fr\/actualites\/?s={search_term_string}\"},\"query-input\":\"required name=search_term_string\"}],\"inLanguage\":\"fr-FR\"},{\"@type\":\"Organization\",\"@id\":\"https:\/\/footdavant.fr\/actualites\/#organization\",\"name\":\"Foot d'avant\",\"url\":\"https:\/\/footdavant.fr\/actualites\/\",\"logo\":{\"@type\":\"ImageObject\",\"inLanguage\":\"fr-FR\",\"@id\":\"https:\/\/footdavant.fr\/actualites\/#\/schema\/logo\/image\/\",\"url\":\"https:\/\/footdavant.fr\/actualites\/wp-content\/uploads\/2023\/09\/Copy-of-FootDavant-Logo.png\",\"contentUrl\":\"https:\/\/footdavant.fr\/actualites\/wp-content\/uploads\/2023\/09\/Copy-of-FootDavant-Logo.png\",\"width\":936,\"height\":549,\"caption\":\"Foot d'avant\"},\"image\":{\"@id\":\"https:\/\/footdavant.fr\/actualites\/#\/schema\/logo\/image\/\"},\"sameAs\":[\"https:\/\/www.facebook.com\/Footdavant\/\",\"https:\/\/twitter.com\/FootdavantFr\",\"https:\/\/www.instagram.com\/footdavant.fr\/\"]},{\"@type\":\"Person\",\"@id\":\"https:\/\/footdavant.fr\/actualites\/#\/schema\/person\/bc222566d95871b37e597b3ed3ba5e1d\",\"name\":\"Cl\u00e9ment\",\"image\":{\"@type\":\"ImageObject\",\"inLanguage\":\"fr-FR\",\"@id\":\"https:\/\/footdavant.fr\/actualites\/#\/schema\/person\/image\/\",\"url\":\"https:\/\/secure.gravatar.com\/avatar\/7728b29aac2719421e1a9159b2254c44?s=96&d=mm&r=g\",\"contentUrl\":\"https:\/\/secure.gravatar.com\/avatar\/7728b29aac2719421e1a9159b2254c44?s=96&d=mm&r=g\",\"caption\":\"Cl\u00e9ment\"},\"sameAs\":[\"https:\/\/footdavant.fr\/\"]}]}<\/script>\n<!-- \/ Yoast SEO plugin. -->","yoast_head_json":{"title":"Le patron d'Arsenal, Mikel Arteta, compare Ethan Nwaneri \u00e0 Jack Wilshere","robots":{"index":"index","follow":"follow","max-snippet":"max-snippet:-1","max-image-preview":"max-image-preview:large","max-video-preview":"max-video-preview:-1"},"canonical":"https:\/\/footdavant.fr\/actualites\/le-patron-darsenal-mikel-arteta-compare-ethan-nwaneri-a-jack-wilshere\/","og_locale":"fr_FR","og_type":"article","og_title":"Le patron d'Arsenal, Mikel Arteta, compare Ethan Nwaneri \u00e0 Jack Wilshere","og_description":"Le manager d&rsquo;Arsenal, Mikel Arteta, compare Ethan Nwaneri \u00e0 Jack Wilshere avant les d\u00e9buts potentiels du joueur de 16 ans en Ligue des champions contre","og_url":"https:\/\/footdavant.fr\/actualites\/le-patron-darsenal-mikel-arteta-compare-ethan-nwaneri-a-jack-wilshere\/","og_site_name":"Foot d&#039;avant","article_publisher":"https:\/\/www.facebook.com\/Footdavant\/","article_published_time":"2023-12-13T00:07:14+00:00","article_modified_time":"2023-12-13T00:07:15+00:00","og_image":[{"width":640,"height":463,"url":"https:\/\/footdavant.fr\/actualites\/wp-content\/uploads\/2023\/12\/Le-patron-dArsenal-Mikel-Arteta-compare-Ethan-Nwaneri-a-Jack.jpg","type":"image\/jpeg"}],"author":"Cl\u00e9ment","twitter_card":"summary_large_image","twitter_creator":"@FootdavantFr","twitter_site":"@FootdavantFr","twitter_misc":{"\u00c9crit par":"Cl\u00e9ment","Dur\u00e9e de lecture estim\u00e9e":"4 minutes"},"schema":{"@context":"https:\/\/schema.org","@graph":[{"@type":"Article","@id":"https:\/\/footdavant.fr\/actualites\/le-patron-darsenal-mikel-arteta-compare-ethan-nwaneri-a-jack-wilshere\/#article","isPartOf":{"@id":"https:\/\/footdavant.fr\/actualites\/le-patron-darsenal-mikel-arteta-compare-ethan-nwaneri-a-jack-wilshere\/"},"author":{"name":"Cl\u00e9ment","@id":"https:\/\/footdavant.fr\/actualites\/#\/schema\/person\/bc222566d95871b37e597b3ed3ba5e1d"},"headline":"Le patron d&rsquo;Arsenal, Mikel Arteta, compare Ethan Nwaneri \u00e0 Jack Wilshere","datePublished":"2023-12-13T00:07:14+00:00","dateModified":"2023-12-13T00:07:15+00:00","mainEntityOfPage":{"@id":"https:\/\/footdavant.fr\/actualites\/le-patron-darsenal-mikel-arteta-compare-ethan-nwaneri-a-jack-wilshere\/"},"wordCount":786,"publisher":{"@id":"https:\/\/footdavant.fr\/actualites\/#organization"},"keywords":["Arteta","compare","dArsenal","Ethan","Jack","Mikel","Nwaneri","patron","Wilshere"],"articleSection":["Champions League"],"inLanguage":"fr-FR"},{"@type":"WebPage","@id":"https:\/\/footdavant.fr\/actualites\/le-patron-darsenal-mikel-arteta-compare-ethan-nwaneri-a-jack-wilshere\/","url":"https:\/\/footdavant.fr\/actualites\/le-patron-darsenal-mikel-arteta-compare-ethan-nwaneri-a-jack-wilshere\/","name":"Le patron d'Arsenal, Mikel Arteta, compare Ethan Nwaneri \u00e0 Jack Wilshere","isPartOf":{"@id":"https:\/\/footdavant.fr\/actualites\/#website"},"datePublished":"2023-12-13T00:07:14+00:00","dateModified":"2023-12-13T00:07:15+00:00","breadcrumb":{"@id":"https:\/\/footdavant.fr\/actualites\/le-patron-darsenal-mikel-arteta-compare-ethan-nwaneri-a-jack-wilshere\/#breadcrumb"},"inLanguage":"fr-FR","potentialAction":[{"@type":"ReadAction","target":["https:\/\/footdavant.fr\/actualites\/le-patron-darsenal-mikel-arteta-compare-ethan-nwaneri-a-jack-wilshere\/"]}]},{"@type":"BreadcrumbList","@id":"https:\/\/footdavant.fr\/actualites\/le-patron-darsenal-mikel-arteta-compare-ethan-nwaneri-a-jack-wilshere\/#breadcrumb","itemListElement":[{"@type":"ListItem","position":1,"name":"Accueil","item":"https:\/\/footdavant.fr\/actualites\/"},{"@type":"ListItem","position":2,"name":"Le patron d&rsquo;Arsenal, Mikel Arteta, compare Ethan Nwaneri \u00e0 Jack Wilshere"}]},{"@type":"WebSite","@id":"https:\/\/footdavant.fr\/actualites\/#website","url":"https:\/\/footdavant.fr\/actualites\/","name":"Foot d'avant","description":"","publisher":{"@id":"https:\/\/footdavant.fr\/actualites\/#organization"},"potentialAction":[{"@type":"SearchAction","target":{"@type":"EntryPoint","urlTemplate":"https:\/\/footdavant.fr\/actualites\/?s={search_term_string}"},"query-input":"required name=search_term_string"}],"inLanguage":"fr-FR"},{"@type":"Organization","@id":"https:\/\/footdavant.fr\/actualites\/#organization","name":"Foot d'avant","url":"https:\/\/footdavant.fr\/actualites\/","logo":{"@type":"ImageObject","inLanguage":"fr-FR","@id":"https:\/\/footdavant.fr\/actualites\/#\/schema\/logo\/image\/","url":"https:\/\/footdavant.fr\/actualites\/wp-content\/uploads\/2023\/09\/Copy-of-FootDavant-Logo.png","contentUrl":"https:\/\/footdavant.fr\/actualites\/wp-content\/uploads\/2023\/09\/Copy-of-FootDavant-Logo.png","width":936,"height":549,"caption":"Foot d'avant"},"image":{"@id":"https:\/\/footdavant.fr\/actualites\/#\/schema\/logo\/image\/"},"sameAs":["https:\/\/www.facebook.com\/Footdavant\/","https:\/\/twitter.com\/FootdavantFr","https:\/\/www.instagram.com\/footdavant.fr\/"]},{"@type":"Person","@id":"https:\/\/footdavant.fr\/actualites\/#\/schema\/person\/bc222566d95871b37e597b3ed3ba5e1d","name":"Cl\u00e9ment","image":{"@type":"ImageObject","inLanguage":"fr-FR","@id":"https:\/\/footdavant.fr\/actualites\/#\/schema\/person\/image\/","url":"https:\/\/secure.gravatar.com\/avatar\/7728b29aac2719421e1a9159b2254c44?s=96&d=mm&r=g","contentUrl":"https:\/\/secure.gravatar.com\/avatar\/7728b29aac2719421e1a9159b2254c44?s=96&d=mm&r=g","caption":"Cl\u00e9ment"},"sameAs":["https:\/\/footdavant.fr\/"]}]}},"_links":{"self":[{"href":"https:\/\/footdavant.fr\/actualites\/wp-json\/wp\/v2\/posts\/2371"}],"collection":[{"href":"https:\/\/footdavant.fr\/actualites\/wp-json\/wp\/v2\/posts"}],"about":[{"href":"https:\/\/footdavant.fr\/actualites\/wp-json\/wp\/v2\/types\/post"}],"author":[{"embeddable":true,"href":"https:\/\/footdavant.fr\/actualites\/wp-json\/wp\/v2\/users\/1"}],"replies":[{"embeddable":true,"href":"https:\/\/footdavant.fr\/actualites\/wp-json\/wp\/v2\/comments?post=2371"}],"version-history":[{"count":1,"href":"https:\/\/footdavant.fr\/actualites\/wp-json\/wp\/v2\/posts\/2371\/revisions"}],"predecessor-version":[{"id":2373,"href":"https:\/\/footdavant.fr\/actualites\/wp-json\/wp\/v2\/posts\/2371\/revisions\/2373"}],"wp:featuredmedia":[{"embeddable":true,"href":"https:\/\/footdavant.fr\/actualites\/wp-json\/wp\/v2\/media\/2372"}],"wp:attachment":[{"href":"https:\/\/footdavant.fr\/actualites\/wp-json\/wp\/v2\/media?parent=2371"}],"wp:term":[{"taxonomy":"category","embeddable":true,"href":"https:\/\/footdavant.fr\/actualites\/wp-json\/wp\/v2\/categories?post=2371"},{"taxonomy":"post_tag","embeddable":true,"href":"https:\/\/footdavant.fr\/actualites\/wp-json\/wp\/v2\/tags?post=2371"}],"curies":[{"name":"wp","href":"https:\/\/api.w.org\/{rel}","templated":true}]}}