{"id":23739,"date":"2025-05-09T14:48:00","date_gmt":"2025-05-09T12:48:00","guid":{"rendered":"https:\/\/footdavant.fr\/actualites\/les-alignements-de-depart-du-psg-contre-arsenal-ont-ete-confirmes-comme-un-etoile-de-33-buts-au-deuxieme-etain-de-la-ligue-des-champions\/"},"modified":"2025-05-09T14:48:00","modified_gmt":"2025-05-09T12:48:00","slug":"les-alignements-de-depart-du-psg-contre-arsenal-ont-ete-confirmes-comme-un-etoile-de-33-buts-au-deuxieme-etain-de-la-ligue-des-champions","status":"publish","type":"post","link":"https:\/\/footdavant.fr\/actualites\/les-alignements-de-depart-du-psg-contre-arsenal-ont-ete-confirmes-comme-un-etoile-de-33-buts-au-deuxieme-etain-de-la-ligue-des-champions\/","title":{"rendered":"Les alignements de d\u00e9part du PSG contre Arsenal ont \u00e9t\u00e9 confirm\u00e9s comme un \u00e9toile de 33 buts au deuxi\u00e8me \u00e9tain de la Ligue des champions"},"content":{"rendered":"<p>Arsenal et Paris Saint-Germain confirment leurs alignements pour la deuxi\u00e8me \u00e9tape de leur demi-finale de la Ligue des champions.<\/p>\n<div id=\"article_body\" itemprop=\"articleBody\">\n<h3 class=\"firstPara\">\n<strong class=\"autotag\">Arsenal<\/strong> et <strong class=\"autotag\">Paris Saint-Germain<\/strong> ont confirm\u00e9 leurs alignements de d\u00e9part pour la deuxi\u00e8me \u00e9tape de leur <strong class=\"autotag\">Ligue des champions<\/strong> demi-finale, et <strong class=\"autotag\">Ousmane Dembele<\/strong> n&#39;a \u00e9t\u00e9 nomm\u00e9 que sur le banc pour Les Pariens.<\/h3>\n<p>L&#39;ancien homme de Barcelone a fait une blessure mineure aux ischio-jambiers lors du match aller, bien qu&#39;il s&#39;\u00e9tait entra\u00een\u00e9 au cours des deux derniers jours et a \u00e9t\u00e9 d\u00e9clar\u00e9 apte au concours par l&#39;entra\u00eeneur-chef <strong class=\"autotag\">Luis Enrique<\/strong>.<\/p>\n<p>Cependant, Dembele n&#39;a pas re\u00e7u le feu vert pour faire le premier xi, ce qui signifie que <strong class=\"autotag\">Bradley Barcola<\/strong> entre dans la formation de d\u00e9part dans le seul changement du PSG par rapport \u00e0 leur <strong>1-0 victoire<\/strong> \u00e0 la premi\u00e8re \u00e9tape.<\/p>\n<p>Quant \u00e0 Arsenal, <strong class=\"autotag\">Mikel Arteta<\/strong> a \u00e9galement fait la m\u00eame modification attendue de son XI de d\u00e9part \u00e0 partir de la d\u00e9faite de la semaine derni\u00e8re, comme <strong class=\"autotag\">Thomas Partey<\/strong> revient pour ancrer le milieu de terrain apr\u00e8s une suspension.<\/p>\n<p>Avec Partey dans la salle des machines, <strong class=\"autotag\">Mikel Merino<\/strong> reviendra au r\u00f4le avant-centre \u00e0 la place de <strong class=\"autotag\">Leandro Trossard<\/strong>qui tombe sur le banc des rempla\u00e7ants au Parc des Princes.<\/p>\n<p><strong class=\"autotag\">Jurrien Timber<\/strong> et <strong class=\"autotag\">Martin Odegaard<\/strong> sont tous les deux aptes \u00e0 commencer \u00e0 suivre les coups dans le week-end <strong>2-1 d\u00e9faite de Premier League contre Bournemouth<\/strong>alors que <strong class=\"autotag\">Riccardo Calafiori<\/strong> et <strong class=\"autotag\">Jorginho<\/strong> sont parmi les substituts apr\u00e8s avoir r\u00e9cup\u00e9r\u00e9 respectivement d&#39;une blessure au genou et d&#39;un poumon perfor\u00e9.<\/p>\n<p><strong>PSG D\u00e9marrage XI:<\/strong> Donnarumma; Hakimi, Marquinhos, Pacho, Mendes; Ruiz, vitinha, neves; Barcola, Doue, Kvaratskhelia<br \/>Subs: Safonov, Tenas, Ramos, Dembele, Lee, Hernandez, Mayulu, Za\u00efre-Emery, Beraldo, Tape, Mbaye<\/p>\n<p><strong>Arsenal D\u00e9marrage XI:<\/strong> Raya; Bois, Saliba, Kiwior, Lewis-Skelly; Odegaard, partielle, riz; Saka, Merino, Martinelli<br \/>Subs: Neto, Setford, White, Calafiori, Tierney, Zinchenko, Jorginho, Henry-Francis, Nwaneri, Butler-Oyedeji, Trossard, Sterling<\/p>\n<div class=\"author_box\">\n<div class=\"author_box_banner\">\n<\/div>\n<\/div>\n<\/div>\n","protected":false},"excerpt":{"rendered":"<p>Arsenal et Paris Saint-Germain confirment leurs alignements pour la deuxi\u00e8me \u00e9tape de leur demi-finale de la Ligue des champions. Arsenal et Paris Saint-Germain ont confirm\u00e9<\/p>\n","protected":false},"author":1,"featured_media":23433,"comment_status":"closed","ping_status":"","sticky":false,"template":"","format":"standard","meta":{"footnotes":""},"categories":[4],"tags":[7750,67,200,31,990,5327,20,560,12,1801,9163,776,435,93,30,244,1656],"yoast_head":"<!-- This site is optimized with the Yoast SEO plugin v21.0 - https:\/\/yoast.com\/wordpress\/plugins\/seo\/ -->\n<title>Les alignements de d\u00e9part du PSG contre Arsenal ont \u00e9t\u00e9 confirm\u00e9s comme un \u00e9toile de 33 buts au deuxi\u00e8me \u00e9tain de la Ligue des champions<\/title>\n<meta name=\"robots\" content=\"index, follow, max-snippet:-1, max-image-preview:large, max-video-preview:-1\" \/>\n<link rel=\"canonical\" href=\"https:\/\/footdavant.fr\/actualites\/les-alignements-de-depart-du-psg-contre-arsenal-ont-ete-confirmes-comme-un-etoile-de-33-buts-au-deuxieme-etain-de-la-ligue-des-champions\/\" \/>\n<meta property=\"og:locale\" content=\"fr_FR\" \/>\n<meta property=\"og:type\" content=\"article\" \/>\n<meta property=\"og:title\" content=\"Les alignements de d\u00e9part du PSG contre Arsenal ont \u00e9t\u00e9 confirm\u00e9s comme un \u00e9toile de 33 buts au deuxi\u00e8me \u00e9tain de la Ligue des champions\" \/>\n<meta property=\"og:description\" content=\"Arsenal et Paris Saint-Germain confirment leurs alignements pour la deuxi\u00e8me \u00e9tape de leur demi-finale de la Ligue des champions. Arsenal et Paris Saint-Germain ont confirm\u00e9\" \/>\n<meta property=\"og:url\" content=\"https:\/\/footdavant.fr\/actualites\/les-alignements-de-depart-du-psg-contre-arsenal-ont-ete-confirmes-comme-un-etoile-de-33-buts-au-deuxieme-etain-de-la-ligue-des-champions\/\" \/>\n<meta property=\"og:site_name\" content=\"Foot d&#039;avant\" \/>\n<meta property=\"article:publisher\" content=\"https:\/\/www.facebook.com\/Footdavant\/\" \/>\n<meta property=\"article:published_time\" content=\"2025-05-09T12:48:00+00:00\" \/>\n<meta property=\"og:image\" content=\"https:\/\/footdavant.fr\/actualites\/wp-content\/uploads\/2025\/05\/1746204484_Arsenal-a-recu-l39espoir-de-la-Ligue-des-champions-du.jpg\" \/>\n\t<meta property=\"og:image:width\" content=\"1280\" \/>\n\t<meta property=\"og:image:height\" content=\"960\" \/>\n\t<meta property=\"og:image:type\" content=\"image\/jpeg\" \/>\n<meta name=\"author\" content=\"Cl\u00e9ment\" \/>\n<meta name=\"twitter:card\" content=\"summary_large_image\" \/>\n<meta name=\"twitter:creator\" content=\"@FootdavantFr\" \/>\n<meta name=\"twitter:site\" content=\"@FootdavantFr\" \/>\n<meta name=\"twitter:label1\" content=\"\u00c9crit par\" \/>\n\t<meta name=\"twitter:data1\" content=\"Cl\u00e9ment\" \/>\n\t<meta name=\"twitter:label2\" content=\"Dur\u00e9e de lecture estim\u00e9e\" \/>\n\t<meta name=\"twitter:data2\" content=\"2 minutes\" \/>\n<script type=\"application\/ld+json\" class=\"yoast-schema-graph\">{\"@context\":\"https:\/\/schema.org\",\"@graph\":[{\"@type\":\"Article\",\"@id\":\"https:\/\/footdavant.fr\/actualites\/les-alignements-de-depart-du-psg-contre-arsenal-ont-ete-confirmes-comme-un-etoile-de-33-buts-au-deuxieme-etain-de-la-ligue-des-champions\/#article\",\"isPartOf\":{\"@id\":\"https:\/\/footdavant.fr\/actualites\/les-alignements-de-depart-du-psg-contre-arsenal-ont-ete-confirmes-comme-un-etoile-de-33-buts-au-deuxieme-etain-de-la-ligue-des-champions\/\"},\"author\":{\"name\":\"Cl\u00e9ment\",\"@id\":\"https:\/\/footdavant.fr\/actualites\/#\/schema\/person\/bc222566d95871b37e597b3ed3ba5e1d\"},\"headline\":\"Les alignements de d\u00e9part du PSG contre Arsenal ont \u00e9t\u00e9 confirm\u00e9s comme un \u00e9toile de 33 buts au deuxi\u00e8me \u00e9tain de la Ligue des champions\",\"datePublished\":\"2025-05-09T12:48:00+00:00\",\"dateModified\":\"2025-05-09T12:48:00+00:00\",\"mainEntityOfPage\":{\"@id\":\"https:\/\/footdavant.fr\/actualites\/les-alignements-de-depart-du-psg-contre-arsenal-ont-ete-confirmes-comme-un-etoile-de-33-buts-au-deuxieme-etain-de-la-ligue-des-champions\/\"},\"wordCount\":346,\"publisher\":{\"@id\":\"https:\/\/footdavant.fr\/actualites\/#organization\"},\"keywords\":[\"alignements\",\"Arsenal\",\"buts\",\"champions\",\"comme\",\"confirm\u00e9s\",\"contre\",\"d\u00e9part\",\"des\",\"deuxi\u00e8me\",\"\u00e9tain\",\"\u00e9t\u00e9\",\"\u00c9toile\",\"les\",\"Ligue\",\"ont\",\"PSG\"],\"articleSection\":[\"Champions League\"],\"inLanguage\":\"fr-FR\"},{\"@type\":\"WebPage\",\"@id\":\"https:\/\/footdavant.fr\/actualites\/les-alignements-de-depart-du-psg-contre-arsenal-ont-ete-confirmes-comme-un-etoile-de-33-buts-au-deuxieme-etain-de-la-ligue-des-champions\/\",\"url\":\"https:\/\/footdavant.fr\/actualites\/les-alignements-de-depart-du-psg-contre-arsenal-ont-ete-confirmes-comme-un-etoile-de-33-buts-au-deuxieme-etain-de-la-ligue-des-champions\/\",\"name\":\"Les alignements de d\u00e9part du PSG contre Arsenal ont \u00e9t\u00e9 confirm\u00e9s comme un \u00e9toile de 33 buts au deuxi\u00e8me \u00e9tain de la Ligue des champions\",\"isPartOf\":{\"@id\":\"https:\/\/footdavant.fr\/actualites\/#website\"},\"datePublished\":\"2025-05-09T12:48:00+00:00\",\"dateModified\":\"2025-05-09T12:48:00+00:00\",\"breadcrumb\":{\"@id\":\"https:\/\/footdavant.fr\/actualites\/les-alignements-de-depart-du-psg-contre-arsenal-ont-ete-confirmes-comme-un-etoile-de-33-buts-au-deuxieme-etain-de-la-ligue-des-champions\/#breadcrumb\"},\"inLanguage\":\"fr-FR\",\"potentialAction\":[{\"@type\":\"ReadAction\",\"target\":[\"https:\/\/footdavant.fr\/actualites\/les-alignements-de-depart-du-psg-contre-arsenal-ont-ete-confirmes-comme-un-etoile-de-33-buts-au-deuxieme-etain-de-la-ligue-des-champions\/\"]}]},{\"@type\":\"BreadcrumbList\",\"@id\":\"https:\/\/footdavant.fr\/actualites\/les-alignements-de-depart-du-psg-contre-arsenal-ont-ete-confirmes-comme-un-etoile-de-33-buts-au-deuxieme-etain-de-la-ligue-des-champions\/#breadcrumb\",\"itemListElement\":[{\"@type\":\"ListItem\",\"position\":1,\"name\":\"Accueil\",\"item\":\"https:\/\/footdavant.fr\/actualites\/\"},{\"@type\":\"ListItem\",\"position\":2,\"name\":\"Les alignements de d\u00e9part du PSG contre Arsenal ont \u00e9t\u00e9 confirm\u00e9s comme un \u00e9toile de 33 buts au deuxi\u00e8me \u00e9tain de la Ligue des champions\"}]},{\"@type\":\"WebSite\",\"@id\":\"https:\/\/footdavant.fr\/actualites\/#website\",\"url\":\"https:\/\/footdavant.fr\/actualites\/\",\"name\":\"Foot d'avant\",\"description\":\"\",\"publisher\":{\"@id\":\"https:\/\/footdavant.fr\/actualites\/#organization\"},\"potentialAction\":[{\"@type\":\"SearchAction\",\"target\":{\"@type\":\"EntryPoint\",\"urlTemplate\":\"https:\/\/footdavant.fr\/actualites\/?s={search_term_string}\"},\"query-input\":\"required name=search_term_string\"}],\"inLanguage\":\"fr-FR\"},{\"@type\":\"Organization\",\"@id\":\"https:\/\/footdavant.fr\/actualites\/#organization\",\"name\":\"Foot d'avant\",\"url\":\"https:\/\/footdavant.fr\/actualites\/\",\"logo\":{\"@type\":\"ImageObject\",\"inLanguage\":\"fr-FR\",\"@id\":\"https:\/\/footdavant.fr\/actualites\/#\/schema\/logo\/image\/\",\"url\":\"https:\/\/footdavant.fr\/actualites\/wp-content\/uploads\/2023\/09\/Copy-of-FootDavant-Logo.png\",\"contentUrl\":\"https:\/\/footdavant.fr\/actualites\/wp-content\/uploads\/2023\/09\/Copy-of-FootDavant-Logo.png\",\"width\":936,\"height\":549,\"caption\":\"Foot d'avant\"},\"image\":{\"@id\":\"https:\/\/footdavant.fr\/actualites\/#\/schema\/logo\/image\/\"},\"sameAs\":[\"https:\/\/www.facebook.com\/Footdavant\/\",\"https:\/\/twitter.com\/FootdavantFr\",\"https:\/\/www.instagram.com\/footdavant.fr\/\"]},{\"@type\":\"Person\",\"@id\":\"https:\/\/footdavant.fr\/actualites\/#\/schema\/person\/bc222566d95871b37e597b3ed3ba5e1d\",\"name\":\"Cl\u00e9ment\",\"image\":{\"@type\":\"ImageObject\",\"inLanguage\":\"fr-FR\",\"@id\":\"https:\/\/footdavant.fr\/actualites\/#\/schema\/person\/image\/\",\"url\":\"https:\/\/secure.gravatar.com\/avatar\/7728b29aac2719421e1a9159b2254c44?s=96&d=mm&r=g\",\"contentUrl\":\"https:\/\/secure.gravatar.com\/avatar\/7728b29aac2719421e1a9159b2254c44?s=96&d=mm&r=g\",\"caption\":\"Cl\u00e9ment\"},\"sameAs\":[\"https:\/\/footdavant.fr\/\"]}]}<\/script>\n<!-- \/ Yoast SEO plugin. -->","yoast_head_json":{"title":"Les alignements de d\u00e9part du PSG contre Arsenal ont \u00e9t\u00e9 confirm\u00e9s comme un \u00e9toile de 33 buts au deuxi\u00e8me \u00e9tain de la Ligue des champions","robots":{"index":"index","follow":"follow","max-snippet":"max-snippet:-1","max-image-preview":"max-image-preview:large","max-video-preview":"max-video-preview:-1"},"canonical":"https:\/\/footdavant.fr\/actualites\/les-alignements-de-depart-du-psg-contre-arsenal-ont-ete-confirmes-comme-un-etoile-de-33-buts-au-deuxieme-etain-de-la-ligue-des-champions\/","og_locale":"fr_FR","og_type":"article","og_title":"Les alignements de d\u00e9part du PSG contre Arsenal ont \u00e9t\u00e9 confirm\u00e9s comme un \u00e9toile de 33 buts au deuxi\u00e8me \u00e9tain de la Ligue des champions","og_description":"Arsenal et Paris Saint-Germain confirment leurs alignements pour la deuxi\u00e8me \u00e9tape de leur demi-finale de la Ligue des champions. Arsenal et Paris Saint-Germain ont confirm\u00e9","og_url":"https:\/\/footdavant.fr\/actualites\/les-alignements-de-depart-du-psg-contre-arsenal-ont-ete-confirmes-comme-un-etoile-de-33-buts-au-deuxieme-etain-de-la-ligue-des-champions\/","og_site_name":"Foot d&#039;avant","article_publisher":"https:\/\/www.facebook.com\/Footdavant\/","article_published_time":"2025-05-09T12:48:00+00:00","og_image":[{"width":1280,"height":960,"url":"https:\/\/footdavant.fr\/actualites\/wp-content\/uploads\/2025\/05\/1746204484_Arsenal-a-recu-l39espoir-de-la-Ligue-des-champions-du.jpg","type":"image\/jpeg"}],"author":"Cl\u00e9ment","twitter_card":"summary_large_image","twitter_creator":"@FootdavantFr","twitter_site":"@FootdavantFr","twitter_misc":{"\u00c9crit par":"Cl\u00e9ment","Dur\u00e9e de lecture estim\u00e9e":"2 minutes"},"schema":{"@context":"https:\/\/schema.org","@graph":[{"@type":"Article","@id":"https:\/\/footdavant.fr\/actualites\/les-alignements-de-depart-du-psg-contre-arsenal-ont-ete-confirmes-comme-un-etoile-de-33-buts-au-deuxieme-etain-de-la-ligue-des-champions\/#article","isPartOf":{"@id":"https:\/\/footdavant.fr\/actualites\/les-alignements-de-depart-du-psg-contre-arsenal-ont-ete-confirmes-comme-un-etoile-de-33-buts-au-deuxieme-etain-de-la-ligue-des-champions\/"},"author":{"name":"Cl\u00e9ment","@id":"https:\/\/footdavant.fr\/actualites\/#\/schema\/person\/bc222566d95871b37e597b3ed3ba5e1d"},"headline":"Les alignements de d\u00e9part du PSG contre Arsenal ont \u00e9t\u00e9 confirm\u00e9s comme un \u00e9toile de 33 buts au deuxi\u00e8me \u00e9tain de la Ligue des champions","datePublished":"2025-05-09T12:48:00+00:00","dateModified":"2025-05-09T12:48:00+00:00","mainEntityOfPage":{"@id":"https:\/\/footdavant.fr\/actualites\/les-alignements-de-depart-du-psg-contre-arsenal-ont-ete-confirmes-comme-un-etoile-de-33-buts-au-deuxieme-etain-de-la-ligue-des-champions\/"},"wordCount":346,"publisher":{"@id":"https:\/\/footdavant.fr\/actualites\/#organization"},"keywords":["alignements","Arsenal","buts","champions","comme","confirm\u00e9s","contre","d\u00e9part","des","deuxi\u00e8me","\u00e9tain","\u00e9t\u00e9","\u00c9toile","les","Ligue","ont","PSG"],"articleSection":["Champions League"],"inLanguage":"fr-FR"},{"@type":"WebPage","@id":"https:\/\/footdavant.fr\/actualites\/les-alignements-de-depart-du-psg-contre-arsenal-ont-ete-confirmes-comme-un-etoile-de-33-buts-au-deuxieme-etain-de-la-ligue-des-champions\/","url":"https:\/\/footdavant.fr\/actualites\/les-alignements-de-depart-du-psg-contre-arsenal-ont-ete-confirmes-comme-un-etoile-de-33-buts-au-deuxieme-etain-de-la-ligue-des-champions\/","name":"Les alignements de d\u00e9part du PSG contre Arsenal ont \u00e9t\u00e9 confirm\u00e9s comme un \u00e9toile de 33 buts au deuxi\u00e8me \u00e9tain de la Ligue des champions","isPartOf":{"@id":"https:\/\/footdavant.fr\/actualites\/#website"},"datePublished":"2025-05-09T12:48:00+00:00","dateModified":"2025-05-09T12:48:00+00:00","breadcrumb":{"@id":"https:\/\/footdavant.fr\/actualites\/les-alignements-de-depart-du-psg-contre-arsenal-ont-ete-confirmes-comme-un-etoile-de-33-buts-au-deuxieme-etain-de-la-ligue-des-champions\/#breadcrumb"},"inLanguage":"fr-FR","potentialAction":[{"@type":"ReadAction","target":["https:\/\/footdavant.fr\/actualites\/les-alignements-de-depart-du-psg-contre-arsenal-ont-ete-confirmes-comme-un-etoile-de-33-buts-au-deuxieme-etain-de-la-ligue-des-champions\/"]}]},{"@type":"BreadcrumbList","@id":"https:\/\/footdavant.fr\/actualites\/les-alignements-de-depart-du-psg-contre-arsenal-ont-ete-confirmes-comme-un-etoile-de-33-buts-au-deuxieme-etain-de-la-ligue-des-champions\/#breadcrumb","itemListElement":[{"@type":"ListItem","position":1,"name":"Accueil","item":"https:\/\/footdavant.fr\/actualites\/"},{"@type":"ListItem","position":2,"name":"Les alignements de d\u00e9part du PSG contre Arsenal ont \u00e9t\u00e9 confirm\u00e9s comme un \u00e9toile de 33 buts au deuxi\u00e8me \u00e9tain de la Ligue des champions"}]},{"@type":"WebSite","@id":"https:\/\/footdavant.fr\/actualites\/#website","url":"https:\/\/footdavant.fr\/actualites\/","name":"Foot d'avant","description":"","publisher":{"@id":"https:\/\/footdavant.fr\/actualites\/#organization"},"potentialAction":[{"@type":"SearchAction","target":{"@type":"EntryPoint","urlTemplate":"https:\/\/footdavant.fr\/actualites\/?s={search_term_string}"},"query-input":"required name=search_term_string"}],"inLanguage":"fr-FR"},{"@type":"Organization","@id":"https:\/\/footdavant.fr\/actualites\/#organization","name":"Foot d'avant","url":"https:\/\/footdavant.fr\/actualites\/","logo":{"@type":"ImageObject","inLanguage":"fr-FR","@id":"https:\/\/footdavant.fr\/actualites\/#\/schema\/logo\/image\/","url":"https:\/\/footdavant.fr\/actualites\/wp-content\/uploads\/2023\/09\/Copy-of-FootDavant-Logo.png","contentUrl":"https:\/\/footdavant.fr\/actualites\/wp-content\/uploads\/2023\/09\/Copy-of-FootDavant-Logo.png","width":936,"height":549,"caption":"Foot d'avant"},"image":{"@id":"https:\/\/footdavant.fr\/actualites\/#\/schema\/logo\/image\/"},"sameAs":["https:\/\/www.facebook.com\/Footdavant\/","https:\/\/twitter.com\/FootdavantFr","https:\/\/www.instagram.com\/footdavant.fr\/"]},{"@type":"Person","@id":"https:\/\/footdavant.fr\/actualites\/#\/schema\/person\/bc222566d95871b37e597b3ed3ba5e1d","name":"Cl\u00e9ment","image":{"@type":"ImageObject","inLanguage":"fr-FR","@id":"https:\/\/footdavant.fr\/actualites\/#\/schema\/person\/image\/","url":"https:\/\/secure.gravatar.com\/avatar\/7728b29aac2719421e1a9159b2254c44?s=96&d=mm&r=g","contentUrl":"https:\/\/secure.gravatar.com\/avatar\/7728b29aac2719421e1a9159b2254c44?s=96&d=mm&r=g","caption":"Cl\u00e9ment"},"sameAs":["https:\/\/footdavant.fr\/"]}]}},"_links":{"self":[{"href":"https:\/\/footdavant.fr\/actualites\/wp-json\/wp\/v2\/posts\/23739"}],"collection":[{"href":"https:\/\/footdavant.fr\/actualites\/wp-json\/wp\/v2\/posts"}],"about":[{"href":"https:\/\/footdavant.fr\/actualites\/wp-json\/wp\/v2\/types\/post"}],"author":[{"embeddable":true,"href":"https:\/\/footdavant.fr\/actualites\/wp-json\/wp\/v2\/users\/1"}],"replies":[{"embeddable":true,"href":"https:\/\/footdavant.fr\/actualites\/wp-json\/wp\/v2\/comments?post=23739"}],"version-history":[{"count":1,"href":"https:\/\/footdavant.fr\/actualites\/wp-json\/wp\/v2\/posts\/23739\/revisions"}],"predecessor-version":[{"id":23740,"href":"https:\/\/footdavant.fr\/actualites\/wp-json\/wp\/v2\/posts\/23739\/revisions\/23740"}],"wp:featuredmedia":[{"embeddable":true,"href":"https:\/\/footdavant.fr\/actualites\/wp-json\/wp\/v2\/media\/23433"}],"wp:attachment":[{"href":"https:\/\/footdavant.fr\/actualites\/wp-json\/wp\/v2\/media?parent=23739"}],"wp:term":[{"taxonomy":"category","embeddable":true,"href":"https:\/\/footdavant.fr\/actualites\/wp-json\/wp\/v2\/categories?post=23739"},{"taxonomy":"post_tag","embeddable":true,"href":"https:\/\/footdavant.fr\/actualites\/wp-json\/wp\/v2\/tags?post=23739"}],"curies":[{"name":"wp","href":"https:\/\/api.w.org\/{rel}","templated":true}]}}