{"id":23741,"date":"2025-05-09T15:48:07","date_gmt":"2025-05-09T13:48:07","guid":{"rendered":"https:\/\/footdavant.fr\/actualites\/kevin-de-bruyne-a-liverpool-comment-la-position-du-club-met-en-evidence-les-besoins-de-la-fenetre-de-transfert-dete-de-la-machine-a-sous-arne\/"},"modified":"2025-05-09T15:48:08","modified_gmt":"2025-05-09T13:48:08","slug":"kevin-de-bruyne-a-liverpool-comment-la-position-du-club-met-en-evidence-les-besoins-de-la-fenetre-de-transfert-dete-de-la-machine-a-sous-arne","status":"publish","type":"post","link":"https:\/\/footdavant.fr\/actualites\/kevin-de-bruyne-a-liverpool-comment-la-position-du-club-met-en-evidence-les-besoins-de-la-fenetre-de-transfert-dete-de-la-machine-a-sous-arne\/","title":{"rendered":"Kevin de Bruyne \u00e0 Liverpool: Comment la position du club met en \u00e9vidence les besoins de la fen\u00eatre de transfert d&#39;\u00e9t\u00e9 de la machine \u00e0 sous Arne"},"content":{"rendered":"<p>Liverpool sera probablement occup\u00e9 dans la fen\u00eatre de transfert d&#39;\u00e9t\u00e9 malgr\u00e9 sa victoire au titre de Premier League, et les rapports sugg\u00e8rent que Kevin de Bruyne pourrait \u00eatre sur le radar du club.<\/p>\n<div id=\"article_body\" itemprop=\"articleBody\">\n<h3 class=\"firstPara\">\n<strong class=\"autotag\">Liverpool<\/strong> n&#39;auraient pas \u00e9t\u00e9 offerts <strong class=\"autotag\">MANCHESTER CITY<\/strong> l\u00e9gende <strong class=\"autotag\">Kevin de Bruyne<\/strong> un contrat avant l&#39;expiration de son accord en \u00e9t\u00e9.<\/h3>\n<p>Les Reds ont remport\u00e9 le titre de Premier League, mais les rumeurs sugg\u00e8rent qu&#39;ils seront actifs dans la prochaine fen\u00eatre de transfert malgr\u00e9 leur succ\u00e8s.<\/p>\n<p>Chef <strong class=\"autotag\">Slot arne<\/strong>La signature uniquement dans l&#39;ensemble de 2024-25 \u00e9tait un ailier <strong class=\"autotag\">Federico Chiesa<\/strong>qui n&#39;a pas commenc\u00e9 un seul match de haut vol pour les Merseysiders.<\/p>\n<p>Arri\u00e8re droit <strong class=\"autotag\">Trent Alexander-Arnold<\/strong> a \u00e9galement annonc\u00e9 qu&#39;il quitterait le club en \u00e9t\u00e9, et l&#39;\u00e9quipe aura sans aucun doute devoir remplacer sa cr\u00e9ativit\u00e9.<\/p>\n<p>Les Reds avaient \u00e9t\u00e9 li\u00e9s \u00e0 une d\u00e9cision pour attaquer le milieu de terrain de Bruyne, qui est sans contrat \u00e0 la fin de la saison, mais le <em>Liverpool Echo<\/em> affirme que le club n&#39;a pas fait d&#39;offre au Belge.<\/p>\n<p class=\"imgI\">\n<h2>Les besoins de transfert de Liverpool<\/h2>\n<p>Le fait que la cr\u00e9neau sera en mesure de compter sur le capitaine <strong class=\"autotag\">Virgil Van Dijk<\/strong> et talisman <strong class=\"autotag\">Mohamed Salah<\/strong> Pendant au moins deux autres saisons signifie que le manager n\u00e9erlandais aura encore deux de ses meilleurs joueurs au club.<\/p>\n<p>Cependant, le vide qu&#39;Alexander-Arnold partira ne peut pas \u00eatre facilement remplac\u00e9, car pendant la sauvegarde <strong class=\"autotag\">Conor Bradley<\/strong> Peut \u00eatre pr\u00eat \u00e0 contribuer de mani\u00e8re significative en tant que d\u00e9marreur, il ne poss\u00e8de pas l&#39;immense gamme de passes du premier.<\/p>\n<p>De Bruyne est sans doute le seul joueur de la Premier League qui poss\u00e8de une capacit\u00e9 similaire sur le ballon, mais \u00e9tant donn\u00e9 qu&#39;il a subi des probl\u00e8mes de blessures au cours des derni\u00e8res saisons et a 33 ans, le signaler pourrait \u00eatre risqu\u00e9.<\/p>\n<p>Les Reds sont presque certains de signer des joueurs \u00e0 l&#39;esprit offensif dans le prochain march\u00e9 des transferts, mais ils doivent \u00eatre en mesure de reproduire l&#39;impact d&#39;Alexander-Arnold.<\/p>\n<p>Bien qu&#39;aucune signature individuelle ne soit probablement aussi cr\u00e9ative que l&#39;arri\u00e8re droit, Slot pourrait chercher \u00e0 reproduire ses comp\u00e9tences dans l&#39;ensemble.<\/p>\n<p>Peut-\u00eatre que l&#39;ajout d&#39;un milieu de terrain offensif pourrait remplacer la cr\u00e9ativit\u00e9 d&#39;Alexander-Arnold, tandis qu&#39;une nouvelle arri\u00e8re gauche sp\u00e9cialis\u00e9e dans l&#39;accumulation pourrait aider l&#39;\u00e9quipe \u00e0 dicter jouer en possession.<\/p>\n<p>Peu importe qui signe Liverpool, ils doivent soutenir l&#39;emplacement avec de nouvelles signatures afin de le mettre en position de d\u00e9fendre la couronne de Premier League du club.<\/p>\n<div class=\"author_box\">\n<div class=\"author_box_banner\">\n<img decoding=\"async\" class=\"author_img\" src=\"https:\/\/footdavant.fr\/actualites\/wp-content\/uploads\/2025\/05\/1746798487_632_Kevin-de-Bruyne-a-Liverpool-Comment-la-position-du-club.jpg\"><\/p>\n<\/div>\n<\/div>\n<\/div>\n","protected":false},"excerpt":{"rendered":"<p>Liverpool sera probablement occup\u00e9 dans la fen\u00eatre de transfert d&#39;\u00e9t\u00e9 malgr\u00e9 sa victoire au titre de Premier League, et les rapports sugg\u00e8rent que Kevin de<\/p>\n","protected":false},"author":1,"featured_media":23742,"comment_status":"closed","ping_status":"","sticky":false,"template":"","format":"standard","meta":{"footnotes":""},"categories":[5],"tags":[4757,6176,1732,333,1497,4968,6805,2446,1731,93,53,5115,950,2283,1301,700],"yoast_head":"<!-- This site is optimized with the Yoast SEO plugin v21.0 - https:\/\/yoast.com\/wordpress\/plugins\/seo\/ -->\n<title>Kevin de Bruyne \u00e0 Liverpool: Comment la position du club met en \u00e9vidence les besoins de la fen\u00eatre de transfert d&#039;\u00e9t\u00e9 de la machine \u00e0 sous Arne<\/title>\n<meta name=\"robots\" content=\"index, follow, max-snippet:-1, max-image-preview:large, max-video-preview:-1\" \/>\n<link rel=\"canonical\" href=\"https:\/\/footdavant.fr\/actualites\/kevin-de-bruyne-a-liverpool-comment-la-position-du-club-met-en-evidence-les-besoins-de-la-fenetre-de-transfert-dete-de-la-machine-a-sous-arne\/\" \/>\n<meta property=\"og:locale\" content=\"fr_FR\" \/>\n<meta property=\"og:type\" content=\"article\" \/>\n<meta property=\"og:title\" content=\"Kevin de Bruyne \u00e0 Liverpool: Comment la position du club met en \u00e9vidence les besoins de la fen\u00eatre de transfert d&#039;\u00e9t\u00e9 de la machine \u00e0 sous Arne\" \/>\n<meta property=\"og:description\" content=\"Liverpool sera probablement occup\u00e9 dans la fen\u00eatre de transfert d&#039;\u00e9t\u00e9 malgr\u00e9 sa victoire au titre de Premier League, et les rapports sugg\u00e8rent que Kevin de\" \/>\n<meta property=\"og:url\" content=\"https:\/\/footdavant.fr\/actualites\/kevin-de-bruyne-a-liverpool-comment-la-position-du-club-met-en-evidence-les-besoins-de-la-fenetre-de-transfert-dete-de-la-machine-a-sous-arne\/\" \/>\n<meta property=\"og:site_name\" content=\"Foot d&#039;avant\" \/>\n<meta property=\"article:publisher\" content=\"https:\/\/www.facebook.com\/Footdavant\/\" \/>\n<meta property=\"article:published_time\" content=\"2025-05-09T13:48:07+00:00\" \/>\n<meta property=\"article:modified_time\" content=\"2025-05-09T13:48:08+00:00\" \/>\n<meta property=\"og:image\" content=\"https:\/\/footdavant.fr\/actualites\/wp-content\/uploads\/2025\/05\/Kevin-de-Bruyne-a-Liverpool-Comment-la-position-du-club.jpg\" \/>\n\t<meta property=\"og:image:width\" content=\"640\" \/>\n\t<meta property=\"og:image:height\" content=\"480\" \/>\n\t<meta property=\"og:image:type\" content=\"image\/jpeg\" \/>\n<meta name=\"author\" content=\"Cl\u00e9ment\" \/>\n<meta name=\"twitter:card\" content=\"summary_large_image\" \/>\n<meta name=\"twitter:creator\" content=\"@FootdavantFr\" \/>\n<meta name=\"twitter:site\" content=\"@FootdavantFr\" \/>\n<meta name=\"twitter:label1\" content=\"\u00c9crit par\" \/>\n\t<meta name=\"twitter:data1\" content=\"Cl\u00e9ment\" \/>\n\t<meta name=\"twitter:label2\" content=\"Dur\u00e9e de lecture estim\u00e9e\" \/>\n\t<meta name=\"twitter:data2\" content=\"2 minutes\" \/>\n<script type=\"application\/ld+json\" class=\"yoast-schema-graph\">{\"@context\":\"https:\/\/schema.org\",\"@graph\":[{\"@type\":\"Article\",\"@id\":\"https:\/\/footdavant.fr\/actualites\/kevin-de-bruyne-a-liverpool-comment-la-position-du-club-met-en-evidence-les-besoins-de-la-fenetre-de-transfert-dete-de-la-machine-a-sous-arne\/#article\",\"isPartOf\":{\"@id\":\"https:\/\/footdavant.fr\/actualites\/kevin-de-bruyne-a-liverpool-comment-la-position-du-club-met-en-evidence-les-besoins-de-la-fenetre-de-transfert-dete-de-la-machine-a-sous-arne\/\"},\"author\":{\"name\":\"Cl\u00e9ment\",\"@id\":\"https:\/\/footdavant.fr\/actualites\/#\/schema\/person\/bc222566d95871b37e597b3ed3ba5e1d\"},\"headline\":\"Kevin de Bruyne \u00e0 Liverpool: Comment la position du club met en \u00e9vidence les besoins de la fen\u00eatre de transfert d&#39;\u00e9t\u00e9 de la machine \u00e0 sous Arne\",\"datePublished\":\"2025-05-09T13:48:07+00:00\",\"dateModified\":\"2025-05-09T13:48:08+00:00\",\"mainEntityOfPage\":{\"@id\":\"https:\/\/footdavant.fr\/actualites\/kevin-de-bruyne-a-liverpool-comment-la-position-du-club-met-en-evidence-les-besoins-de-la-fenetre-de-transfert-dete-de-la-machine-a-sous-arne\/\"},\"wordCount\":476,\"publisher\":{\"@id\":\"https:\/\/footdavant.fr\/actualites\/#organization\"},\"keywords\":[\"Arne\",\"besoins\",\"Bruyne\",\"club\",\"Comment\",\"d39\u00e9t\u00e9\",\"\u00e9vidence\",\"fen\u00eatre\",\"Kevin\",\"les\",\"Liverpool\",\"machine\",\"met\",\"position\",\"sous\",\"transfert\"],\"articleSection\":[\"Premier League\"],\"inLanguage\":\"fr-FR\"},{\"@type\":\"WebPage\",\"@id\":\"https:\/\/footdavant.fr\/actualites\/kevin-de-bruyne-a-liverpool-comment-la-position-du-club-met-en-evidence-les-besoins-de-la-fenetre-de-transfert-dete-de-la-machine-a-sous-arne\/\",\"url\":\"https:\/\/footdavant.fr\/actualites\/kevin-de-bruyne-a-liverpool-comment-la-position-du-club-met-en-evidence-les-besoins-de-la-fenetre-de-transfert-dete-de-la-machine-a-sous-arne\/\",\"name\":\"Kevin de Bruyne \u00e0 Liverpool: Comment la position du club met en \u00e9vidence les besoins de la fen\u00eatre de transfert d&#39;\u00e9t\u00e9 de la machine \u00e0 sous Arne\",\"isPartOf\":{\"@id\":\"https:\/\/footdavant.fr\/actualites\/#website\"},\"datePublished\":\"2025-05-09T13:48:07+00:00\",\"dateModified\":\"2025-05-09T13:48:08+00:00\",\"breadcrumb\":{\"@id\":\"https:\/\/footdavant.fr\/actualites\/kevin-de-bruyne-a-liverpool-comment-la-position-du-club-met-en-evidence-les-besoins-de-la-fenetre-de-transfert-dete-de-la-machine-a-sous-arne\/#breadcrumb\"},\"inLanguage\":\"fr-FR\",\"potentialAction\":[{\"@type\":\"ReadAction\",\"target\":[\"https:\/\/footdavant.fr\/actualites\/kevin-de-bruyne-a-liverpool-comment-la-position-du-club-met-en-evidence-les-besoins-de-la-fenetre-de-transfert-dete-de-la-machine-a-sous-arne\/\"]}]},{\"@type\":\"BreadcrumbList\",\"@id\":\"https:\/\/footdavant.fr\/actualites\/kevin-de-bruyne-a-liverpool-comment-la-position-du-club-met-en-evidence-les-besoins-de-la-fenetre-de-transfert-dete-de-la-machine-a-sous-arne\/#breadcrumb\",\"itemListElement\":[{\"@type\":\"ListItem\",\"position\":1,\"name\":\"Accueil\",\"item\":\"https:\/\/footdavant.fr\/actualites\/\"},{\"@type\":\"ListItem\",\"position\":2,\"name\":\"Kevin de Bruyne \u00e0 Liverpool: Comment la position du club met en \u00e9vidence les besoins de la fen\u00eatre de transfert d&#39;\u00e9t\u00e9 de la machine \u00e0 sous Arne\"}]},{\"@type\":\"WebSite\",\"@id\":\"https:\/\/footdavant.fr\/actualites\/#website\",\"url\":\"https:\/\/footdavant.fr\/actualites\/\",\"name\":\"Foot d'avant\",\"description\":\"\",\"publisher\":{\"@id\":\"https:\/\/footdavant.fr\/actualites\/#organization\"},\"potentialAction\":[{\"@type\":\"SearchAction\",\"target\":{\"@type\":\"EntryPoint\",\"urlTemplate\":\"https:\/\/footdavant.fr\/actualites\/?s={search_term_string}\"},\"query-input\":\"required name=search_term_string\"}],\"inLanguage\":\"fr-FR\"},{\"@type\":\"Organization\",\"@id\":\"https:\/\/footdavant.fr\/actualites\/#organization\",\"name\":\"Foot d'avant\",\"url\":\"https:\/\/footdavant.fr\/actualites\/\",\"logo\":{\"@type\":\"ImageObject\",\"inLanguage\":\"fr-FR\",\"@id\":\"https:\/\/footdavant.fr\/actualites\/#\/schema\/logo\/image\/\",\"url\":\"https:\/\/footdavant.fr\/actualites\/wp-content\/uploads\/2023\/09\/Copy-of-FootDavant-Logo.png\",\"contentUrl\":\"https:\/\/footdavant.fr\/actualites\/wp-content\/uploads\/2023\/09\/Copy-of-FootDavant-Logo.png\",\"width\":936,\"height\":549,\"caption\":\"Foot d'avant\"},\"image\":{\"@id\":\"https:\/\/footdavant.fr\/actualites\/#\/schema\/logo\/image\/\"},\"sameAs\":[\"https:\/\/www.facebook.com\/Footdavant\/\",\"https:\/\/twitter.com\/FootdavantFr\",\"https:\/\/www.instagram.com\/footdavant.fr\/\"]},{\"@type\":\"Person\",\"@id\":\"https:\/\/footdavant.fr\/actualites\/#\/schema\/person\/bc222566d95871b37e597b3ed3ba5e1d\",\"name\":\"Cl\u00e9ment\",\"image\":{\"@type\":\"ImageObject\",\"inLanguage\":\"fr-FR\",\"@id\":\"https:\/\/footdavant.fr\/actualites\/#\/schema\/person\/image\/\",\"url\":\"https:\/\/secure.gravatar.com\/avatar\/7728b29aac2719421e1a9159b2254c44?s=96&d=mm&r=g\",\"contentUrl\":\"https:\/\/secure.gravatar.com\/avatar\/7728b29aac2719421e1a9159b2254c44?s=96&d=mm&r=g\",\"caption\":\"Cl\u00e9ment\"},\"sameAs\":[\"https:\/\/footdavant.fr\/\"]}]}<\/script>\n<!-- \/ Yoast SEO plugin. -->","yoast_head_json":{"title":"Kevin de Bruyne \u00e0 Liverpool: Comment la position du club met en \u00e9vidence les besoins de la fen\u00eatre de transfert d&#39;\u00e9t\u00e9 de la machine \u00e0 sous Arne","robots":{"index":"index","follow":"follow","max-snippet":"max-snippet:-1","max-image-preview":"max-image-preview:large","max-video-preview":"max-video-preview:-1"},"canonical":"https:\/\/footdavant.fr\/actualites\/kevin-de-bruyne-a-liverpool-comment-la-position-du-club-met-en-evidence-les-besoins-de-la-fenetre-de-transfert-dete-de-la-machine-a-sous-arne\/","og_locale":"fr_FR","og_type":"article","og_title":"Kevin de Bruyne \u00e0 Liverpool: Comment la position du club met en \u00e9vidence les besoins de la fen\u00eatre de transfert d&#39;\u00e9t\u00e9 de la machine \u00e0 sous Arne","og_description":"Liverpool sera probablement occup\u00e9 dans la fen\u00eatre de transfert d&#39;\u00e9t\u00e9 malgr\u00e9 sa victoire au titre de Premier League, et les rapports sugg\u00e8rent que Kevin de","og_url":"https:\/\/footdavant.fr\/actualites\/kevin-de-bruyne-a-liverpool-comment-la-position-du-club-met-en-evidence-les-besoins-de-la-fenetre-de-transfert-dete-de-la-machine-a-sous-arne\/","og_site_name":"Foot d&#039;avant","article_publisher":"https:\/\/www.facebook.com\/Footdavant\/","article_published_time":"2025-05-09T13:48:07+00:00","article_modified_time":"2025-05-09T13:48:08+00:00","og_image":[{"width":640,"height":480,"url":"https:\/\/footdavant.fr\/actualites\/wp-content\/uploads\/2025\/05\/Kevin-de-Bruyne-a-Liverpool-Comment-la-position-du-club.jpg","type":"image\/jpeg"}],"author":"Cl\u00e9ment","twitter_card":"summary_large_image","twitter_creator":"@FootdavantFr","twitter_site":"@FootdavantFr","twitter_misc":{"\u00c9crit par":"Cl\u00e9ment","Dur\u00e9e de lecture estim\u00e9e":"2 minutes"},"schema":{"@context":"https:\/\/schema.org","@graph":[{"@type":"Article","@id":"https:\/\/footdavant.fr\/actualites\/kevin-de-bruyne-a-liverpool-comment-la-position-du-club-met-en-evidence-les-besoins-de-la-fenetre-de-transfert-dete-de-la-machine-a-sous-arne\/#article","isPartOf":{"@id":"https:\/\/footdavant.fr\/actualites\/kevin-de-bruyne-a-liverpool-comment-la-position-du-club-met-en-evidence-les-besoins-de-la-fenetre-de-transfert-dete-de-la-machine-a-sous-arne\/"},"author":{"name":"Cl\u00e9ment","@id":"https:\/\/footdavant.fr\/actualites\/#\/schema\/person\/bc222566d95871b37e597b3ed3ba5e1d"},"headline":"Kevin de Bruyne \u00e0 Liverpool: Comment la position du club met en \u00e9vidence les besoins de la fen\u00eatre de transfert d&#39;\u00e9t\u00e9 de la machine \u00e0 sous Arne","datePublished":"2025-05-09T13:48:07+00:00","dateModified":"2025-05-09T13:48:08+00:00","mainEntityOfPage":{"@id":"https:\/\/footdavant.fr\/actualites\/kevin-de-bruyne-a-liverpool-comment-la-position-du-club-met-en-evidence-les-besoins-de-la-fenetre-de-transfert-dete-de-la-machine-a-sous-arne\/"},"wordCount":476,"publisher":{"@id":"https:\/\/footdavant.fr\/actualites\/#organization"},"keywords":["Arne","besoins","Bruyne","club","Comment","d39\u00e9t\u00e9","\u00e9vidence","fen\u00eatre","Kevin","les","Liverpool","machine","met","position","sous","transfert"],"articleSection":["Premier League"],"inLanguage":"fr-FR"},{"@type":"WebPage","@id":"https:\/\/footdavant.fr\/actualites\/kevin-de-bruyne-a-liverpool-comment-la-position-du-club-met-en-evidence-les-besoins-de-la-fenetre-de-transfert-dete-de-la-machine-a-sous-arne\/","url":"https:\/\/footdavant.fr\/actualites\/kevin-de-bruyne-a-liverpool-comment-la-position-du-club-met-en-evidence-les-besoins-de-la-fenetre-de-transfert-dete-de-la-machine-a-sous-arne\/","name":"Kevin de Bruyne \u00e0 Liverpool: Comment la position du club met en \u00e9vidence les besoins de la fen\u00eatre de transfert d&#39;\u00e9t\u00e9 de la machine \u00e0 sous Arne","isPartOf":{"@id":"https:\/\/footdavant.fr\/actualites\/#website"},"datePublished":"2025-05-09T13:48:07+00:00","dateModified":"2025-05-09T13:48:08+00:00","breadcrumb":{"@id":"https:\/\/footdavant.fr\/actualites\/kevin-de-bruyne-a-liverpool-comment-la-position-du-club-met-en-evidence-les-besoins-de-la-fenetre-de-transfert-dete-de-la-machine-a-sous-arne\/#breadcrumb"},"inLanguage":"fr-FR","potentialAction":[{"@type":"ReadAction","target":["https:\/\/footdavant.fr\/actualites\/kevin-de-bruyne-a-liverpool-comment-la-position-du-club-met-en-evidence-les-besoins-de-la-fenetre-de-transfert-dete-de-la-machine-a-sous-arne\/"]}]},{"@type":"BreadcrumbList","@id":"https:\/\/footdavant.fr\/actualites\/kevin-de-bruyne-a-liverpool-comment-la-position-du-club-met-en-evidence-les-besoins-de-la-fenetre-de-transfert-dete-de-la-machine-a-sous-arne\/#breadcrumb","itemListElement":[{"@type":"ListItem","position":1,"name":"Accueil","item":"https:\/\/footdavant.fr\/actualites\/"},{"@type":"ListItem","position":2,"name":"Kevin de Bruyne \u00e0 Liverpool: Comment la position du club met en \u00e9vidence les besoins de la fen\u00eatre de transfert d&#39;\u00e9t\u00e9 de la machine \u00e0 sous Arne"}]},{"@type":"WebSite","@id":"https:\/\/footdavant.fr\/actualites\/#website","url":"https:\/\/footdavant.fr\/actualites\/","name":"Foot d'avant","description":"","publisher":{"@id":"https:\/\/footdavant.fr\/actualites\/#organization"},"potentialAction":[{"@type":"SearchAction","target":{"@type":"EntryPoint","urlTemplate":"https:\/\/footdavant.fr\/actualites\/?s={search_term_string}"},"query-input":"required name=search_term_string"}],"inLanguage":"fr-FR"},{"@type":"Organization","@id":"https:\/\/footdavant.fr\/actualites\/#organization","name":"Foot d'avant","url":"https:\/\/footdavant.fr\/actualites\/","logo":{"@type":"ImageObject","inLanguage":"fr-FR","@id":"https:\/\/footdavant.fr\/actualites\/#\/schema\/logo\/image\/","url":"https:\/\/footdavant.fr\/actualites\/wp-content\/uploads\/2023\/09\/Copy-of-FootDavant-Logo.png","contentUrl":"https:\/\/footdavant.fr\/actualites\/wp-content\/uploads\/2023\/09\/Copy-of-FootDavant-Logo.png","width":936,"height":549,"caption":"Foot d'avant"},"image":{"@id":"https:\/\/footdavant.fr\/actualites\/#\/schema\/logo\/image\/"},"sameAs":["https:\/\/www.facebook.com\/Footdavant\/","https:\/\/twitter.com\/FootdavantFr","https:\/\/www.instagram.com\/footdavant.fr\/"]},{"@type":"Person","@id":"https:\/\/footdavant.fr\/actualites\/#\/schema\/person\/bc222566d95871b37e597b3ed3ba5e1d","name":"Cl\u00e9ment","image":{"@type":"ImageObject","inLanguage":"fr-FR","@id":"https:\/\/footdavant.fr\/actualites\/#\/schema\/person\/image\/","url":"https:\/\/secure.gravatar.com\/avatar\/7728b29aac2719421e1a9159b2254c44?s=96&d=mm&r=g","contentUrl":"https:\/\/secure.gravatar.com\/avatar\/7728b29aac2719421e1a9159b2254c44?s=96&d=mm&r=g","caption":"Cl\u00e9ment"},"sameAs":["https:\/\/footdavant.fr\/"]}]}},"_links":{"self":[{"href":"https:\/\/footdavant.fr\/actualites\/wp-json\/wp\/v2\/posts\/23741"}],"collection":[{"href":"https:\/\/footdavant.fr\/actualites\/wp-json\/wp\/v2\/posts"}],"about":[{"href":"https:\/\/footdavant.fr\/actualites\/wp-json\/wp\/v2\/types\/post"}],"author":[{"embeddable":true,"href":"https:\/\/footdavant.fr\/actualites\/wp-json\/wp\/v2\/users\/1"}],"replies":[{"embeddable":true,"href":"https:\/\/footdavant.fr\/actualites\/wp-json\/wp\/v2\/comments?post=23741"}],"version-history":[{"count":1,"href":"https:\/\/footdavant.fr\/actualites\/wp-json\/wp\/v2\/posts\/23741\/revisions"}],"predecessor-version":[{"id":23743,"href":"https:\/\/footdavant.fr\/actualites\/wp-json\/wp\/v2\/posts\/23741\/revisions\/23743"}],"wp:featuredmedia":[{"embeddable":true,"href":"https:\/\/footdavant.fr\/actualites\/wp-json\/wp\/v2\/media\/23742"}],"wp:attachment":[{"href":"https:\/\/footdavant.fr\/actualites\/wp-json\/wp\/v2\/media?parent=23741"}],"wp:term":[{"taxonomy":"category","embeddable":true,"href":"https:\/\/footdavant.fr\/actualites\/wp-json\/wp\/v2\/categories?post=23741"},{"taxonomy":"post_tag","embeddable":true,"href":"https:\/\/footdavant.fr\/actualites\/wp-json\/wp\/v2\/tags?post=23741"}],"curies":[{"name":"wp","href":"https:\/\/api.w.org\/{rel}","templated":true}]}}