{"id":23750,"date":"2025-05-09T19:48:04","date_gmt":"2025-05-09T17:48:04","guid":{"rendered":"https:\/\/footdavant.fr\/actualites\/lattaquant-de-man-united-alejandro-garnacho-repond-a-la-conversation-de-sortie-alors-que-les-poursuites-de-20-ans-cristiano-ronaldo-outal-tally\/"},"modified":"2025-05-09T19:48:05","modified_gmt":"2025-05-09T17:48:05","slug":"lattaquant-de-man-united-alejandro-garnacho-repond-a-la-conversation-de-sortie-alors-que-les-poursuites-de-20-ans-cristiano-ronaldo-outal-tally","status":"publish","type":"post","link":"https:\/\/footdavant.fr\/actualites\/lattaquant-de-man-united-alejandro-garnacho-repond-a-la-conversation-de-sortie-alors-que-les-poursuites-de-20-ans-cristiano-ronaldo-outal-tally\/","title":{"rendered":"L&#39;attaquant de Man United, Alejandro Garnacho, r\u00e9pond \u00e0 la conversation de sortie alors que les poursuites de 20 ans Cristiano Ronaldo Outal Tally"},"content":{"rendered":"<p>L&#39;attaquant de Manchester United, Alejandro Garnacho, insiste sur le fait qu&#39;il est \u00ab\u00a0heureux\u00a0\u00bb \u00e0 Old Trafford au milieu des sp\u00e9culations entourant son avenir.<\/p>\n<div id=\"article_body\" itemprop=\"articleBody\">\n<h3 class=\"firstPara\">\n<strong class=\"autotag\">Manchester United<\/strong> attaquant <strong class=\"autotag\">Alejandro Garnacho<\/strong> a insist\u00e9 pour qu&#39;il soit \u00ab\u00a0heureux\u00a0\u00bb \u00e0 Old Trafford au milieu des suggestions qu&#39;il pourrait quitter les champions d&#39;anglais 20 fois pendant la fen\u00eatre de transfert d&#39;\u00e9t\u00e9.<\/h3>\n<p>Garnacho \u00e9tait li\u00e9 \u00e0 l&#39;\u00e9loignement de Man United en janvier, avec <strong class=\"autotag\">Napoli<\/strong> qui aurait \u00e9chou\u00e9 avec au moins une offre pour l&#39;international argentin, tandis que <strong class=\"autotag\">Ch\u00e9lat<\/strong> ont \u00e9galement \u00e9t\u00e9 cr\u00e9dit\u00e9s de son int\u00e9r\u00eat pour ses services.<\/p>\n<p>Toute vente de l&#39;homme de 20 ans consid\u00e9rerait comme un pur b\u00e9n\u00e9fice en vertu des r\u00e8gles de la Premier League entourant le profit et la durabilit\u00e9, et il est entendu que les Red Devils sont pr\u00eats \u00e0 \u00e9couter des offres pour lui cet \u00e9t\u00e9.<\/p>\n<p>Cependant, Garnacho a dit qu&#39;il \u00e9tait \u00ab\u00a0heureux\u00a0\u00bb \u00e0 Old Trafford, avec l&#39;avant surmontant un d\u00e9but difficile <strong class=\"autotag\">Ruben Amorim<\/strong>qui est arriv\u00e9 comme entra\u00eeneur-chef en octobre.<\/p>\n<p>\u00ab\u00a0En tant que footballeur, vous allez toujours \u00e9couter et entendre des rumeurs sur l&#39;avenir. Mais j&#39;ai un contrat ici jusqu&#39;en 2028, donc je suis heureux ici\u00a0\u00bb, a d\u00e9clar\u00e9 Garnacho aux journalistes lors d&#39;une conf\u00e9rence de presse mercredi apr\u00e8s-midi.<\/p>\n<p class=\"imgI\">\n<h2 class=\"k3\">Garnacho \u00ab\u00a0Happy\u00a0\u00bb \u00e0 Man United au milieu de la sortie de sortie<\/h2>\n<p>\u00abJe pense que c&#39;est difficile pour tout le monde lorsque, au milieu de la saison, un nouveau manager entre et nous changeons la formation. Mais nous avons juste besoin de suivre les r\u00e8gles et j&#39;essaie de m&#39;am\u00e9liorer tous les jours.<\/p>\n<p>\u00ab\u00a0De toute \u00e9vidence, le manager conna\u00eet les caract\u00e9ristiques des joueurs. Vous voyez les jeux, trop de fois que je joue, par exemple, largement sur l&#39;aile et le dos de l&#39;aile arrive \u00e0 l&#39;int\u00e9rieur. Ce que nous essayons de faire d\u00e9pend des joueurs que nous avons et nous nous am\u00e9liorons \u00e9galement en \u00e9quipe.<\/p>\n<p>\u00ab\u00a0C&#39;est un peu difficile mais c&#39;est juste la mentalit\u00e9. Mes deux premiers mois, novembre et d\u00e9cembre ont \u00e9t\u00e9 tr\u00e8s difficiles pour moi, mais ma mentalit\u00e9 est de continuer \u00e0 travailler, de continuer \u00e0 essayer et \u00e0 montrer au manager et au personnel que je dois jouer.\u00a0\u00bb<\/p>\n<p class=\"imgI\"><img decoding=\"async\" loading=\"lazy\" class=\"l\" src=\"https:\/\/footdavant.fr\/actualites\/wp-content\/uploads\/2025\/05\/1746812884_645_L39attaquant-de-Man-United-Alejandro-Garnacho-repond-a-la-conversation.jpg\" title=\"L&#39;attaquant de Manchester United Alejandro Garnacho le 16 janvier 2025\" alt=\"L&#39;attaquant de Manchester United Alejandro Garnacho le 16 janvier 2025\" width=\"640\" height=\"480\"><\/p>\n<h2 class=\"k3\">Garnacho Chasing Ronaldo Outal Tally<\/h2>\n<p>Garnacho a marqu\u00e9 26 fois pour Man United, ce qui n&#39;est qu&#39;un timide des 27 <strong class=\"autotag\">Cristiano Ronaldo<\/strong> G\u00e9r\u00e9 au cours de ses trois premi\u00e8res saisons avec le club entre 2003 et 2006.<\/p>\n<p>Interrog\u00e9 sur les comparaisons avec Ronaldo, l&#39;attaquant a d\u00e9clar\u00e9: \u00ab\u00a0Je ne me concentre pas sur les chiffres. Je pense que lorsque Cristiano a jou\u00e9 ici, il est un footballeur diff\u00e9rent et diff\u00e9rents types de jeux, j&#39;essaie juste d&#39;aider l&#39;\u00e9quipe et de gagner des matchs.<\/p>\n<p>\u00ab\u00a0\u00c9videmment, les chances manquantes, nous nous entra\u00eenons tr\u00e8s dur, moi, Rasmus (Hojlund), tous les attaquants de l&#39;\u00e9quipe, donc je pense que nous nous am\u00e9liorons et essayons de faire mieux.\u00a0\u00bb<\/p>\n<p>Garnacho a marqu\u00e9 11 buts et enregistr\u00e9 10 passes d\u00e9cisives en 54 apparitions pour Man United cette saison, et il devrait \u00e0 nouveau \u00eatre dans le XI lorsque les Red Devils accueillent Bilbao athl\u00e9tique pour le deuxi\u00e8me \u00e9tage de leur quart de finale de la Ligue Europa jeudi soir.<\/p>\n<div class=\"author_box\">\n<div class=\"author_box_banner\">\n<img decoding=\"async\" class=\"author_img\" src=\"https:\/\/footdavant.fr\/actualites\/wp-content\/uploads\/2025\/05\/1746812884_341_L39attaquant-de-Man-United-Alejandro-Garnacho-repond-a-la-conversation.jpg\"><\/p>\n<\/div>\n<\/div>\n<\/div>\n","protected":false},"excerpt":{"rendered":"<p>L&#39;attaquant de Manchester United, Alejandro Garnacho, insiste sur le fait qu&#39;il est \u00ab\u00a0heureux\u00a0\u00bb \u00e0 Old Trafford au milieu des sp\u00e9culations entourant son avenir. Manchester United<\/p>\n","protected":false},"author":1,"featured_media":23751,"comment_status":"closed","ping_status":"","sticky":false,"template":"","format":"standard","meta":{"footnotes":""},"categories":[5],"tags":[790,318,209,5772,3081,791,4304,93,24,9167,9166,304,3082,1263,9168,13],"yoast_head":"<!-- This site is optimized with the Yoast SEO plugin v21.0 - https:\/\/yoast.com\/wordpress\/plugins\/seo\/ -->\n<title>L&#039;attaquant de Man United, Alejandro Garnacho, r\u00e9pond \u00e0 la conversation de sortie alors que les poursuites de 20 ans Cristiano Ronaldo Outal Tally<\/title>\n<meta name=\"robots\" content=\"index, follow, max-snippet:-1, max-image-preview:large, max-video-preview:-1\" \/>\n<link rel=\"canonical\" href=\"https:\/\/footdavant.fr\/actualites\/lattaquant-de-man-united-alejandro-garnacho-repond-a-la-conversation-de-sortie-alors-que-les-poursuites-de-20-ans-cristiano-ronaldo-outal-tally\/\" \/>\n<meta property=\"og:locale\" content=\"fr_FR\" \/>\n<meta property=\"og:type\" content=\"article\" \/>\n<meta property=\"og:title\" content=\"L&#039;attaquant de Man United, Alejandro Garnacho, r\u00e9pond \u00e0 la conversation de sortie alors que les poursuites de 20 ans Cristiano Ronaldo Outal Tally\" \/>\n<meta property=\"og:description\" content=\"L&#039;attaquant de Manchester United, Alejandro Garnacho, insiste sur le fait qu&#039;il est \u00ab\u00a0heureux\u00a0\u00bb \u00e0 Old Trafford au milieu des sp\u00e9culations entourant son avenir. Manchester United\" \/>\n<meta property=\"og:url\" content=\"https:\/\/footdavant.fr\/actualites\/lattaquant-de-man-united-alejandro-garnacho-repond-a-la-conversation-de-sortie-alors-que-les-poursuites-de-20-ans-cristiano-ronaldo-outal-tally\/\" \/>\n<meta property=\"og:site_name\" content=\"Foot d&#039;avant\" \/>\n<meta property=\"article:publisher\" content=\"https:\/\/www.facebook.com\/Footdavant\/\" \/>\n<meta property=\"article:published_time\" content=\"2025-05-09T17:48:04+00:00\" \/>\n<meta property=\"article:modified_time\" content=\"2025-05-09T17:48:05+00:00\" \/>\n<meta property=\"og:image\" content=\"https:\/\/footdavant.fr\/actualites\/wp-content\/uploads\/2025\/05\/L39attaquant-de-Man-United-Alejandro-Garnacho-repond-a-la-conversation.jpg\" \/>\n\t<meta property=\"og:image:width\" content=\"640\" \/>\n\t<meta property=\"og:image:height\" content=\"480\" \/>\n\t<meta property=\"og:image:type\" content=\"image\/jpeg\" \/>\n<meta name=\"author\" content=\"Cl\u00e9ment\" \/>\n<meta name=\"twitter:card\" content=\"summary_large_image\" \/>\n<meta name=\"twitter:creator\" content=\"@FootdavantFr\" \/>\n<meta name=\"twitter:site\" content=\"@FootdavantFr\" \/>\n<meta name=\"twitter:label1\" content=\"\u00c9crit par\" \/>\n\t<meta name=\"twitter:data1\" content=\"Cl\u00e9ment\" \/>\n\t<meta name=\"twitter:label2\" content=\"Dur\u00e9e de lecture estim\u00e9e\" \/>\n\t<meta name=\"twitter:data2\" content=\"3 minutes\" \/>\n<script type=\"application\/ld+json\" class=\"yoast-schema-graph\">{\"@context\":\"https:\/\/schema.org\",\"@graph\":[{\"@type\":\"Article\",\"@id\":\"https:\/\/footdavant.fr\/actualites\/lattaquant-de-man-united-alejandro-garnacho-repond-a-la-conversation-de-sortie-alors-que-les-poursuites-de-20-ans-cristiano-ronaldo-outal-tally\/#article\",\"isPartOf\":{\"@id\":\"https:\/\/footdavant.fr\/actualites\/lattaquant-de-man-united-alejandro-garnacho-repond-a-la-conversation-de-sortie-alors-que-les-poursuites-de-20-ans-cristiano-ronaldo-outal-tally\/\"},\"author\":{\"name\":\"Cl\u00e9ment\",\"@id\":\"https:\/\/footdavant.fr\/actualites\/#\/schema\/person\/bc222566d95871b37e597b3ed3ba5e1d\"},\"headline\":\"L&#39;attaquant de Man United, Alejandro Garnacho, r\u00e9pond \u00e0 la conversation de sortie alors que les poursuites de 20 ans Cristiano Ronaldo Outal Tally\",\"datePublished\":\"2025-05-09T17:48:04+00:00\",\"dateModified\":\"2025-05-09T17:48:05+00:00\",\"mainEntityOfPage\":{\"@id\":\"https:\/\/footdavant.fr\/actualites\/lattaquant-de-man-united-alejandro-garnacho-repond-a-la-conversation-de-sortie-alors-que-les-poursuites-de-20-ans-cristiano-ronaldo-outal-tally\/\"},\"wordCount\":575,\"publisher\":{\"@id\":\"https:\/\/footdavant.fr\/actualites\/#organization\"},\"keywords\":[\"Alejandro\",\"alors\",\"ans\",\"conversation\",\"Cristiano\",\"Garnacho\",\"l39attaquant\",\"les\",\"Man\",\"Outal\",\"poursuites\",\"r\u00e9pond\",\"Ronaldo\",\"sortie\",\"Tally\",\"United\"],\"articleSection\":[\"Premier League\"],\"inLanguage\":\"fr-FR\"},{\"@type\":\"WebPage\",\"@id\":\"https:\/\/footdavant.fr\/actualites\/lattaquant-de-man-united-alejandro-garnacho-repond-a-la-conversation-de-sortie-alors-que-les-poursuites-de-20-ans-cristiano-ronaldo-outal-tally\/\",\"url\":\"https:\/\/footdavant.fr\/actualites\/lattaquant-de-man-united-alejandro-garnacho-repond-a-la-conversation-de-sortie-alors-que-les-poursuites-de-20-ans-cristiano-ronaldo-outal-tally\/\",\"name\":\"L&#39;attaquant de Man United, Alejandro Garnacho, r\u00e9pond \u00e0 la conversation de sortie alors que les poursuites de 20 ans Cristiano Ronaldo Outal Tally\",\"isPartOf\":{\"@id\":\"https:\/\/footdavant.fr\/actualites\/#website\"},\"datePublished\":\"2025-05-09T17:48:04+00:00\",\"dateModified\":\"2025-05-09T17:48:05+00:00\",\"breadcrumb\":{\"@id\":\"https:\/\/footdavant.fr\/actualites\/lattaquant-de-man-united-alejandro-garnacho-repond-a-la-conversation-de-sortie-alors-que-les-poursuites-de-20-ans-cristiano-ronaldo-outal-tally\/#breadcrumb\"},\"inLanguage\":\"fr-FR\",\"potentialAction\":[{\"@type\":\"ReadAction\",\"target\":[\"https:\/\/footdavant.fr\/actualites\/lattaquant-de-man-united-alejandro-garnacho-repond-a-la-conversation-de-sortie-alors-que-les-poursuites-de-20-ans-cristiano-ronaldo-outal-tally\/\"]}]},{\"@type\":\"BreadcrumbList\",\"@id\":\"https:\/\/footdavant.fr\/actualites\/lattaquant-de-man-united-alejandro-garnacho-repond-a-la-conversation-de-sortie-alors-que-les-poursuites-de-20-ans-cristiano-ronaldo-outal-tally\/#breadcrumb\",\"itemListElement\":[{\"@type\":\"ListItem\",\"position\":1,\"name\":\"Accueil\",\"item\":\"https:\/\/footdavant.fr\/actualites\/\"},{\"@type\":\"ListItem\",\"position\":2,\"name\":\"L&#39;attaquant de Man United, Alejandro Garnacho, r\u00e9pond \u00e0 la conversation de sortie alors que les poursuites de 20 ans Cristiano Ronaldo Outal Tally\"}]},{\"@type\":\"WebSite\",\"@id\":\"https:\/\/footdavant.fr\/actualites\/#website\",\"url\":\"https:\/\/footdavant.fr\/actualites\/\",\"name\":\"Foot d'avant\",\"description\":\"\",\"publisher\":{\"@id\":\"https:\/\/footdavant.fr\/actualites\/#organization\"},\"potentialAction\":[{\"@type\":\"SearchAction\",\"target\":{\"@type\":\"EntryPoint\",\"urlTemplate\":\"https:\/\/footdavant.fr\/actualites\/?s={search_term_string}\"},\"query-input\":\"required name=search_term_string\"}],\"inLanguage\":\"fr-FR\"},{\"@type\":\"Organization\",\"@id\":\"https:\/\/footdavant.fr\/actualites\/#organization\",\"name\":\"Foot d'avant\",\"url\":\"https:\/\/footdavant.fr\/actualites\/\",\"logo\":{\"@type\":\"ImageObject\",\"inLanguage\":\"fr-FR\",\"@id\":\"https:\/\/footdavant.fr\/actualites\/#\/schema\/logo\/image\/\",\"url\":\"https:\/\/footdavant.fr\/actualites\/wp-content\/uploads\/2023\/09\/Copy-of-FootDavant-Logo.png\",\"contentUrl\":\"https:\/\/footdavant.fr\/actualites\/wp-content\/uploads\/2023\/09\/Copy-of-FootDavant-Logo.png\",\"width\":936,\"height\":549,\"caption\":\"Foot d'avant\"},\"image\":{\"@id\":\"https:\/\/footdavant.fr\/actualites\/#\/schema\/logo\/image\/\"},\"sameAs\":[\"https:\/\/www.facebook.com\/Footdavant\/\",\"https:\/\/twitter.com\/FootdavantFr\",\"https:\/\/www.instagram.com\/footdavant.fr\/\"]},{\"@type\":\"Person\",\"@id\":\"https:\/\/footdavant.fr\/actualites\/#\/schema\/person\/bc222566d95871b37e597b3ed3ba5e1d\",\"name\":\"Cl\u00e9ment\",\"image\":{\"@type\":\"ImageObject\",\"inLanguage\":\"fr-FR\",\"@id\":\"https:\/\/footdavant.fr\/actualites\/#\/schema\/person\/image\/\",\"url\":\"https:\/\/secure.gravatar.com\/avatar\/7728b29aac2719421e1a9159b2254c44?s=96&d=mm&r=g\",\"contentUrl\":\"https:\/\/secure.gravatar.com\/avatar\/7728b29aac2719421e1a9159b2254c44?s=96&d=mm&r=g\",\"caption\":\"Cl\u00e9ment\"},\"sameAs\":[\"https:\/\/footdavant.fr\/\"]}]}<\/script>\n<!-- \/ Yoast SEO plugin. -->","yoast_head_json":{"title":"L&#39;attaquant de Man United, Alejandro Garnacho, r\u00e9pond \u00e0 la conversation de sortie alors que les poursuites de 20 ans Cristiano Ronaldo Outal Tally","robots":{"index":"index","follow":"follow","max-snippet":"max-snippet:-1","max-image-preview":"max-image-preview:large","max-video-preview":"max-video-preview:-1"},"canonical":"https:\/\/footdavant.fr\/actualites\/lattaquant-de-man-united-alejandro-garnacho-repond-a-la-conversation-de-sortie-alors-que-les-poursuites-de-20-ans-cristiano-ronaldo-outal-tally\/","og_locale":"fr_FR","og_type":"article","og_title":"L&#39;attaquant de Man United, Alejandro Garnacho, r\u00e9pond \u00e0 la conversation de sortie alors que les poursuites de 20 ans Cristiano Ronaldo Outal Tally","og_description":"L&#39;attaquant de Manchester United, Alejandro Garnacho, insiste sur le fait qu&#39;il est \u00ab\u00a0heureux\u00a0\u00bb \u00e0 Old Trafford au milieu des sp\u00e9culations entourant son avenir. Manchester United","og_url":"https:\/\/footdavant.fr\/actualites\/lattaquant-de-man-united-alejandro-garnacho-repond-a-la-conversation-de-sortie-alors-que-les-poursuites-de-20-ans-cristiano-ronaldo-outal-tally\/","og_site_name":"Foot d&#039;avant","article_publisher":"https:\/\/www.facebook.com\/Footdavant\/","article_published_time":"2025-05-09T17:48:04+00:00","article_modified_time":"2025-05-09T17:48:05+00:00","og_image":[{"width":640,"height":480,"url":"https:\/\/footdavant.fr\/actualites\/wp-content\/uploads\/2025\/05\/L39attaquant-de-Man-United-Alejandro-Garnacho-repond-a-la-conversation.jpg","type":"image\/jpeg"}],"author":"Cl\u00e9ment","twitter_card":"summary_large_image","twitter_creator":"@FootdavantFr","twitter_site":"@FootdavantFr","twitter_misc":{"\u00c9crit par":"Cl\u00e9ment","Dur\u00e9e de lecture estim\u00e9e":"3 minutes"},"schema":{"@context":"https:\/\/schema.org","@graph":[{"@type":"Article","@id":"https:\/\/footdavant.fr\/actualites\/lattaquant-de-man-united-alejandro-garnacho-repond-a-la-conversation-de-sortie-alors-que-les-poursuites-de-20-ans-cristiano-ronaldo-outal-tally\/#article","isPartOf":{"@id":"https:\/\/footdavant.fr\/actualites\/lattaquant-de-man-united-alejandro-garnacho-repond-a-la-conversation-de-sortie-alors-que-les-poursuites-de-20-ans-cristiano-ronaldo-outal-tally\/"},"author":{"name":"Cl\u00e9ment","@id":"https:\/\/footdavant.fr\/actualites\/#\/schema\/person\/bc222566d95871b37e597b3ed3ba5e1d"},"headline":"L&#39;attaquant de Man United, Alejandro Garnacho, r\u00e9pond \u00e0 la conversation de sortie alors que les poursuites de 20 ans Cristiano Ronaldo Outal Tally","datePublished":"2025-05-09T17:48:04+00:00","dateModified":"2025-05-09T17:48:05+00:00","mainEntityOfPage":{"@id":"https:\/\/footdavant.fr\/actualites\/lattaquant-de-man-united-alejandro-garnacho-repond-a-la-conversation-de-sortie-alors-que-les-poursuites-de-20-ans-cristiano-ronaldo-outal-tally\/"},"wordCount":575,"publisher":{"@id":"https:\/\/footdavant.fr\/actualites\/#organization"},"keywords":["Alejandro","alors","ans","conversation","Cristiano","Garnacho","l39attaquant","les","Man","Outal","poursuites","r\u00e9pond","Ronaldo","sortie","Tally","United"],"articleSection":["Premier League"],"inLanguage":"fr-FR"},{"@type":"WebPage","@id":"https:\/\/footdavant.fr\/actualites\/lattaquant-de-man-united-alejandro-garnacho-repond-a-la-conversation-de-sortie-alors-que-les-poursuites-de-20-ans-cristiano-ronaldo-outal-tally\/","url":"https:\/\/footdavant.fr\/actualites\/lattaquant-de-man-united-alejandro-garnacho-repond-a-la-conversation-de-sortie-alors-que-les-poursuites-de-20-ans-cristiano-ronaldo-outal-tally\/","name":"L&#39;attaquant de Man United, Alejandro Garnacho, r\u00e9pond \u00e0 la conversation de sortie alors que les poursuites de 20 ans Cristiano Ronaldo Outal Tally","isPartOf":{"@id":"https:\/\/footdavant.fr\/actualites\/#website"},"datePublished":"2025-05-09T17:48:04+00:00","dateModified":"2025-05-09T17:48:05+00:00","breadcrumb":{"@id":"https:\/\/footdavant.fr\/actualites\/lattaquant-de-man-united-alejandro-garnacho-repond-a-la-conversation-de-sortie-alors-que-les-poursuites-de-20-ans-cristiano-ronaldo-outal-tally\/#breadcrumb"},"inLanguage":"fr-FR","potentialAction":[{"@type":"ReadAction","target":["https:\/\/footdavant.fr\/actualites\/lattaquant-de-man-united-alejandro-garnacho-repond-a-la-conversation-de-sortie-alors-que-les-poursuites-de-20-ans-cristiano-ronaldo-outal-tally\/"]}]},{"@type":"BreadcrumbList","@id":"https:\/\/footdavant.fr\/actualites\/lattaquant-de-man-united-alejandro-garnacho-repond-a-la-conversation-de-sortie-alors-que-les-poursuites-de-20-ans-cristiano-ronaldo-outal-tally\/#breadcrumb","itemListElement":[{"@type":"ListItem","position":1,"name":"Accueil","item":"https:\/\/footdavant.fr\/actualites\/"},{"@type":"ListItem","position":2,"name":"L&#39;attaquant de Man United, Alejandro Garnacho, r\u00e9pond \u00e0 la conversation de sortie alors que les poursuites de 20 ans Cristiano Ronaldo Outal Tally"}]},{"@type":"WebSite","@id":"https:\/\/footdavant.fr\/actualites\/#website","url":"https:\/\/footdavant.fr\/actualites\/","name":"Foot d'avant","description":"","publisher":{"@id":"https:\/\/footdavant.fr\/actualites\/#organization"},"potentialAction":[{"@type":"SearchAction","target":{"@type":"EntryPoint","urlTemplate":"https:\/\/footdavant.fr\/actualites\/?s={search_term_string}"},"query-input":"required name=search_term_string"}],"inLanguage":"fr-FR"},{"@type":"Organization","@id":"https:\/\/footdavant.fr\/actualites\/#organization","name":"Foot d'avant","url":"https:\/\/footdavant.fr\/actualites\/","logo":{"@type":"ImageObject","inLanguage":"fr-FR","@id":"https:\/\/footdavant.fr\/actualites\/#\/schema\/logo\/image\/","url":"https:\/\/footdavant.fr\/actualites\/wp-content\/uploads\/2023\/09\/Copy-of-FootDavant-Logo.png","contentUrl":"https:\/\/footdavant.fr\/actualites\/wp-content\/uploads\/2023\/09\/Copy-of-FootDavant-Logo.png","width":936,"height":549,"caption":"Foot d'avant"},"image":{"@id":"https:\/\/footdavant.fr\/actualites\/#\/schema\/logo\/image\/"},"sameAs":["https:\/\/www.facebook.com\/Footdavant\/","https:\/\/twitter.com\/FootdavantFr","https:\/\/www.instagram.com\/footdavant.fr\/"]},{"@type":"Person","@id":"https:\/\/footdavant.fr\/actualites\/#\/schema\/person\/bc222566d95871b37e597b3ed3ba5e1d","name":"Cl\u00e9ment","image":{"@type":"ImageObject","inLanguage":"fr-FR","@id":"https:\/\/footdavant.fr\/actualites\/#\/schema\/person\/image\/","url":"https:\/\/secure.gravatar.com\/avatar\/7728b29aac2719421e1a9159b2254c44?s=96&d=mm&r=g","contentUrl":"https:\/\/secure.gravatar.com\/avatar\/7728b29aac2719421e1a9159b2254c44?s=96&d=mm&r=g","caption":"Cl\u00e9ment"},"sameAs":["https:\/\/footdavant.fr\/"]}]}},"_links":{"self":[{"href":"https:\/\/footdavant.fr\/actualites\/wp-json\/wp\/v2\/posts\/23750"}],"collection":[{"href":"https:\/\/footdavant.fr\/actualites\/wp-json\/wp\/v2\/posts"}],"about":[{"href":"https:\/\/footdavant.fr\/actualites\/wp-json\/wp\/v2\/types\/post"}],"author":[{"embeddable":true,"href":"https:\/\/footdavant.fr\/actualites\/wp-json\/wp\/v2\/users\/1"}],"replies":[{"embeddable":true,"href":"https:\/\/footdavant.fr\/actualites\/wp-json\/wp\/v2\/comments?post=23750"}],"version-history":[{"count":1,"href":"https:\/\/footdavant.fr\/actualites\/wp-json\/wp\/v2\/posts\/23750\/revisions"}],"predecessor-version":[{"id":23752,"href":"https:\/\/footdavant.fr\/actualites\/wp-json\/wp\/v2\/posts\/23750\/revisions\/23752"}],"wp:featuredmedia":[{"embeddable":true,"href":"https:\/\/footdavant.fr\/actualites\/wp-json\/wp\/v2\/media\/23751"}],"wp:attachment":[{"href":"https:\/\/footdavant.fr\/actualites\/wp-json\/wp\/v2\/media?parent=23750"}],"wp:term":[{"taxonomy":"category","embeddable":true,"href":"https:\/\/footdavant.fr\/actualites\/wp-json\/wp\/v2\/categories?post=23750"},{"taxonomy":"post_tag","embeddable":true,"href":"https:\/\/footdavant.fr\/actualites\/wp-json\/wp\/v2\/tags?post=23750"}],"curies":[{"name":"wp","href":"https:\/\/api.w.org\/{rel}","templated":true}]}}