{"id":23756,"date":"2025-05-09T23:48:13","date_gmt":"2025-05-09T21:48:13","guid":{"rendered":"https:\/\/footdavant.fr\/actualites\/benjamin-sesko-arsenal-man-united-recoit-une-mise-a-jour-de-transfert-positive-alors-que-la-nouvelle-clause-de-version-est-revelee\/"},"modified":"2025-05-09T23:48:14","modified_gmt":"2025-05-09T21:48:14","slug":"benjamin-sesko-arsenal-man-united-recoit-une-mise-a-jour-de-transfert-positive-alors-que-la-nouvelle-clause-de-version-est-revelee","status":"publish","type":"post","link":"https:\/\/footdavant.fr\/actualites\/benjamin-sesko-arsenal-man-united-recoit-une-mise-a-jour-de-transfert-positive-alors-que-la-nouvelle-clause-de-version-est-revelee\/","title":{"rendered":"Benjamin Sesko: Arsenal, Man United re\u00e7oit une mise \u00e0 jour de transfert positive alors que la \u00ab\u00a0 nouvelle clause de version &#39;&#39; est r\u00e9v\u00e9l\u00e9e"},"content":{"rendered":"<p>Arsenal et Man United font partie d&#39;un certain nombre de clubs qui ont re\u00e7u un coup de pouce dans leur poursuite de l&#39;attaquant de RB Leipzig Benjamin Sesko, selon un rapport.<\/p>\n<div id=\"article_body\" itemprop=\"articleBody\">\n<h3 class=\"firstPara\">Les pr\u00e9tendants int\u00e9ress\u00e9s dans l&#39;attaquant tr\u00e8s recherch\u00e9 <strong class=\"autotag\">Benjamin Sesko<\/strong> ont re\u00e7u un coup de pouce dans leur poursuite de la <strong class=\"autotag\">RB Leipzig<\/strong> Star, selon un rapport.<\/h3>\n<p>Apr\u00e8s un passage r\u00e9ussi en Autriche avec Red Bull Salzbourg, Sesko a depuis \u00e9lev\u00e9 son jeu \u00e0 de nouveaux sommets en Allemagne avec Leipzig, o\u00f9 il a trouv\u00e9 le net 39 fois en 85 apparitions depuis qu&#39;il a rejoint le club en 2023.<\/p>\n<p>Le joueur de 21 ans a marqu\u00e9 18 buts en 42 apparitions lors de sa premi\u00e8re campagne avec Die Roten Bullen alors qu&#39;il a d&#39;abord d\u00fb se contenter d&#39;un r\u00f4le de rotation, ce qui a eu un impact sur le banc des rempla\u00e7ants \u00e0 plusieurs reprises.<\/p>\n<p>Ce trimestre, Sesko a commenc\u00e9 39 de ses 43 matchs pour Leipzig dans tous les tournois, marquant 13 fois en Bundesliga et quatre buts en Ligue des champions et en DFB-Pokal.<\/p>\n<p>Sesko est sous contrat \u00e0 la Red Bull Arena jusqu&#39;en juin 2029, mais le 6 pieds 4 pouces Slov\u00e9nia International a \u00e9t\u00e9 pour quitter Leipzig et rejoindre un plus grand club cet \u00e9t\u00e9 au milieu de l&#39;int\u00e9r\u00eat signal\u00e9 d&#39;un certain nombre d&#39;\u00e9quipes de Premier League.<\/p>\n<p class=\"imgI\">\n<h2 class=\"k3\">\n<strong class=\"autotag\">Arsenal<\/strong>Man Utd parmi les clubs qui se battent pour Sesko Signature<\/h2>\n<p>Arsenal aurait jug\u00e9 et \u00e9chou\u00e9 \u00e0 signer Sesko en 2024, mais <strong class=\"autotag\">Mikel Arteta<\/strong>Le c\u00f4t\u00e9 est entendu que ce soit toujours un fort int\u00e9r\u00eat pour l&#39;attaquant qui est consid\u00e9r\u00e9 comme l&#39;une des cibles prioritaires du club cet \u00e9t\u00e9. <\/p>\n<p>Seako est \u00e9galement cens\u00e9 \u00eatre sur le radar de <strong class=\"autotag\">Manchester United<\/strong> Et leur directeur sportif <strong class=\"autotag\">Christopher Vivell<\/strong> On dit avoir une relation \u00e9troite avec le jeune, car c&#39;est lui qui a aid\u00e9 \u00e0 faciliter ses transferts \u00e0 Salzbourg puis \u00e0 Leipzig.<\/p>\n<p>Champions de Premier League <strong class=\"autotag\">Liverpool<\/strong>, <strong class=\"autotag\">Ch\u00e9lat<\/strong> et <strong class=\"autotag\">Tottenham Hotspur<\/strong> ont \u00e9galement \u00e9t\u00e9 cr\u00e9dit\u00e9s avec un int\u00e9r\u00eat pour Sesko, bien que ces derniers soient compris <strong>&#39;peu de chance&#39;<\/strong> de gagner la course pour sa signature.<\/p>\n<p>S\u00e9rie A Giants <strong class=\"autotag\">AC Milan<\/strong> sont une autre \u00e9quipe europ\u00e9enne qui d\u00e9sire attirer Sesko loin de Leipzig, mais on pense que l&#39;attaquant favoriserait un d\u00e9m\u00e9nagement en Premier League pour rejoindre une tenue italienne \u00e0 ce stade.<\/p>\n<p class=\"imgI\"><img decoding=\"async\" loading=\"lazy\" class=\"l\" src=\"https:\/\/footdavant.fr\/actualites\/wp-content\/uploads\/2025\/05\/1746827293_500_Benjamin-Sesko-Arsenal-Man-United-recoit-une-mise-a-jour.jpg\" title=\"RB Leipzig l&#39;attaquant Benjamin Sesko le 12 janvier 2025\" alt=\"RB Leipzig l&#39;attaquant Benjamin Sesko le 12 janvier 2025\" width=\"640\" height=\"480\"><\/p>\n<h2 class=\"k3\">Leipzig divertira les offres \u00ab\u00a0 appropri\u00e9es &#39;&#39; pour Sesko malgr\u00e9 une clause de lib\u00e9ration croissante<\/h2>\n<p>Il a d\u00e9j\u00e0 \u00e9t\u00e9 rapport\u00e9 par <em>Sky Deutschland<\/em> que Sesko avait un <strong>clause de lib\u00e9ration d&#39;une valeur de 60 millions d&#39;euros (51 millions de livres sterling)<\/strong>mais journaliste <strong class=\"autotag\">Florian Plettenberg<\/strong> Affirme maintenant qu&#39;il a augment\u00e9 \u00e0 un chiffre sup\u00e9rieur \u00e0 80 millions d&#39;euros (68 millions de livres sterling) sur la base des crit\u00e8res li\u00e9s aux performances et de la \u00abflexibilit\u00e9 dans le contrat\u00bb.<\/p>\n<p>N\u00e9anmoins, Plettenberg ajoute qu&#39;un transfert est \u00e9galement possible sans d\u00e9clencher la clause car Sesko sera autoris\u00e9 \u00e0 quitter Leipzig si une offre appropri\u00e9e arrive, offrant aux pr\u00e9tendants int\u00e9ress\u00e9s un coup de pouce avant l&#39;\u00e9t\u00e9.<\/p>\n<p>Sesko a bri\u00e8vement abord\u00e9 sa situation \u00e0 Leipzig mardi, admettant que son avenir est \u00ab\u00a0ouvert\u00a0\u00bb et qu&#39;une d\u00e9cision sera prise une fois que la campagne actuelle se terminera.<\/p>\n<p>\u00ab\u00a0En ce moment, je suis \u00e0 100% concentr\u00e9 sur RB Leipzig\u00a0\u00bb, a d\u00e9clar\u00e9 Sesko <em>Sky Deutschland<\/em>. \u00ab\u00a0Alors nous verrons ce qui se passe. C&#39;est ouvert, tout peut arriver.\u00a0\u00bb<\/p>\n<p>Sesko est l&#39;une d&#39;une pl\u00e9thore de centre central bas\u00e9 en Europe qui a \u00e9t\u00e9 li\u00e9 \u00e0 une sortie \u00e0 gros <strong class=\"autotag\">Alexander Isak<\/strong>Sportif de Lisbonne <strong class=\"autotag\">Viktor Gyokerres<\/strong>Napoli <strong class=\"autotag\">Victor Osimhen<\/strong> &#8211; en pr\u00eat \u00e0 Galatasaray &#8211; Eintracht Frankfurt <strong class=\"autotag\">Hugo Ekitike<\/strong> Et Lille&#39;s <strong class=\"autotag\">Jonathan David<\/strong>qui deviendra bient\u00f4t un agent libre.<\/p>\n<div class=\"author_box\">\n<div class=\"author_box_banner\">\n<img decoding=\"async\" class=\"author_img\" src=\"https:\/\/footdavant.fr\/actualites\/wp-content\/uploads\/2025\/05\/1746827293_904_Benjamin-Sesko-Arsenal-Man-United-recoit-une-mise-a-jour.jpg\"><\/p>\n<\/div>\n<\/div>\n<\/div>\n","protected":false},"excerpt":{"rendered":"<p>Arsenal et Man United font partie d&#39;un certain nombre de clubs qui ont re\u00e7u un coup de pouce dans leur poursuite de l&#39;attaquant de RB<\/p>\n","protected":false},"author":1,"featured_media":23757,"comment_status":"closed","ping_status":"","sticky":false,"template":"","format":"standard","meta":{"footnotes":""},"categories":[5],"tags":[318,67,4643,1094,217,328,24,327,1850,2648,488,4750,4644,700,92,13,9172],"yoast_head":"<!-- This site is optimized with the Yoast SEO plugin v21.0 - https:\/\/yoast.com\/wordpress\/plugins\/seo\/ -->\n<title>Benjamin Sesko: Arsenal, Man United re\u00e7oit une mise \u00e0 jour de transfert positive alors que la `` nouvelle clause de version &#039;&#039; est r\u00e9v\u00e9l\u00e9e<\/title>\n<meta name=\"robots\" content=\"index, follow, max-snippet:-1, max-image-preview:large, max-video-preview:-1\" \/>\n<link rel=\"canonical\" href=\"https:\/\/footdavant.fr\/actualites\/benjamin-sesko-arsenal-man-united-recoit-une-mise-a-jour-de-transfert-positive-alors-que-la-nouvelle-clause-de-version-est-revelee\/\" \/>\n<meta property=\"og:locale\" content=\"fr_FR\" \/>\n<meta property=\"og:type\" content=\"article\" \/>\n<meta property=\"og:title\" content=\"Benjamin Sesko: Arsenal, Man United re\u00e7oit une mise \u00e0 jour de transfert positive alors que la `` nouvelle clause de version &#039;&#039; est r\u00e9v\u00e9l\u00e9e\" \/>\n<meta property=\"og:description\" content=\"Arsenal et Man United font partie d&#039;un certain nombre de clubs qui ont re\u00e7u un coup de pouce dans leur poursuite de l&#039;attaquant de RB\" \/>\n<meta property=\"og:url\" content=\"https:\/\/footdavant.fr\/actualites\/benjamin-sesko-arsenal-man-united-recoit-une-mise-a-jour-de-transfert-positive-alors-que-la-nouvelle-clause-de-version-est-revelee\/\" \/>\n<meta property=\"og:site_name\" content=\"Foot d&#039;avant\" \/>\n<meta property=\"article:publisher\" content=\"https:\/\/www.facebook.com\/Footdavant\/\" \/>\n<meta property=\"article:published_time\" content=\"2025-05-09T21:48:13+00:00\" \/>\n<meta property=\"article:modified_time\" content=\"2025-05-09T21:48:14+00:00\" \/>\n<meta property=\"og:image\" content=\"https:\/\/footdavant.fr\/actualites\/wp-content\/uploads\/2025\/05\/Benjamin-Sesko-Arsenal-Man-United-recoit-une-mise-a-jour.jpg\" \/>\n\t<meta property=\"og:image:width\" content=\"640\" \/>\n\t<meta property=\"og:image:height\" content=\"480\" \/>\n\t<meta property=\"og:image:type\" content=\"image\/jpeg\" \/>\n<meta name=\"author\" content=\"Cl\u00e9ment\" \/>\n<meta name=\"twitter:card\" content=\"summary_large_image\" \/>\n<meta name=\"twitter:creator\" content=\"@FootdavantFr\" \/>\n<meta name=\"twitter:site\" content=\"@FootdavantFr\" \/>\n<meta name=\"twitter:label1\" content=\"\u00c9crit par\" \/>\n\t<meta name=\"twitter:data1\" content=\"Cl\u00e9ment\" \/>\n\t<meta name=\"twitter:label2\" content=\"Dur\u00e9e de lecture estim\u00e9e\" \/>\n\t<meta name=\"twitter:data2\" content=\"3 minutes\" \/>\n<script type=\"application\/ld+json\" class=\"yoast-schema-graph\">{\"@context\":\"https:\/\/schema.org\",\"@graph\":[{\"@type\":\"Article\",\"@id\":\"https:\/\/footdavant.fr\/actualites\/benjamin-sesko-arsenal-man-united-recoit-une-mise-a-jour-de-transfert-positive-alors-que-la-nouvelle-clause-de-version-est-revelee\/#article\",\"isPartOf\":{\"@id\":\"https:\/\/footdavant.fr\/actualites\/benjamin-sesko-arsenal-man-united-recoit-une-mise-a-jour-de-transfert-positive-alors-que-la-nouvelle-clause-de-version-est-revelee\/\"},\"author\":{\"name\":\"Cl\u00e9ment\",\"@id\":\"https:\/\/footdavant.fr\/actualites\/#\/schema\/person\/bc222566d95871b37e597b3ed3ba5e1d\"},\"headline\":\"Benjamin Sesko: Arsenal, Man United re\u00e7oit une mise \u00e0 jour de transfert positive alors que la \u00ab\u00a0 nouvelle clause de version &#39;&#39; est r\u00e9v\u00e9l\u00e9e\",\"datePublished\":\"2025-05-09T21:48:13+00:00\",\"dateModified\":\"2025-05-09T21:48:14+00:00\",\"mainEntityOfPage\":{\"@id\":\"https:\/\/footdavant.fr\/actualites\/benjamin-sesko-arsenal-man-united-recoit-une-mise-a-jour-de-transfert-positive-alors-que-la-nouvelle-clause-de-version-est-revelee\/\"},\"wordCount\":658,\"publisher\":{\"@id\":\"https:\/\/footdavant.fr\/actualites\/#organization\"},\"keywords\":[\"alors\",\"Arsenal\",\"Benjamin\",\"clause\",\"est\",\"jour\",\"Man\",\"mise\",\"nouvelle\",\"positive\",\"re\u00e7oit\",\"r\u00e9v\u00e9l\u00e9e\",\"Sesko\",\"transfert\",\"une\",\"United\",\"version\"],\"articleSection\":[\"Premier League\"],\"inLanguage\":\"fr-FR\"},{\"@type\":\"WebPage\",\"@id\":\"https:\/\/footdavant.fr\/actualites\/benjamin-sesko-arsenal-man-united-recoit-une-mise-a-jour-de-transfert-positive-alors-que-la-nouvelle-clause-de-version-est-revelee\/\",\"url\":\"https:\/\/footdavant.fr\/actualites\/benjamin-sesko-arsenal-man-united-recoit-une-mise-a-jour-de-transfert-positive-alors-que-la-nouvelle-clause-de-version-est-revelee\/\",\"name\":\"Benjamin Sesko: Arsenal, Man United re\u00e7oit une mise \u00e0 jour de transfert positive alors que la `` nouvelle clause de version &#39;&#39; est r\u00e9v\u00e9l\u00e9e\",\"isPartOf\":{\"@id\":\"https:\/\/footdavant.fr\/actualites\/#website\"},\"datePublished\":\"2025-05-09T21:48:13+00:00\",\"dateModified\":\"2025-05-09T21:48:14+00:00\",\"breadcrumb\":{\"@id\":\"https:\/\/footdavant.fr\/actualites\/benjamin-sesko-arsenal-man-united-recoit-une-mise-a-jour-de-transfert-positive-alors-que-la-nouvelle-clause-de-version-est-revelee\/#breadcrumb\"},\"inLanguage\":\"fr-FR\",\"potentialAction\":[{\"@type\":\"ReadAction\",\"target\":[\"https:\/\/footdavant.fr\/actualites\/benjamin-sesko-arsenal-man-united-recoit-une-mise-a-jour-de-transfert-positive-alors-que-la-nouvelle-clause-de-version-est-revelee\/\"]}]},{\"@type\":\"BreadcrumbList\",\"@id\":\"https:\/\/footdavant.fr\/actualites\/benjamin-sesko-arsenal-man-united-recoit-une-mise-a-jour-de-transfert-positive-alors-que-la-nouvelle-clause-de-version-est-revelee\/#breadcrumb\",\"itemListElement\":[{\"@type\":\"ListItem\",\"position\":1,\"name\":\"Accueil\",\"item\":\"https:\/\/footdavant.fr\/actualites\/\"},{\"@type\":\"ListItem\",\"position\":2,\"name\":\"Benjamin Sesko: Arsenal, Man United re\u00e7oit une mise \u00e0 jour de transfert positive alors que la \u00ab\u00a0 nouvelle clause de version &#39;&#39; est r\u00e9v\u00e9l\u00e9e\"}]},{\"@type\":\"WebSite\",\"@id\":\"https:\/\/footdavant.fr\/actualites\/#website\",\"url\":\"https:\/\/footdavant.fr\/actualites\/\",\"name\":\"Foot d'avant\",\"description\":\"\",\"publisher\":{\"@id\":\"https:\/\/footdavant.fr\/actualites\/#organization\"},\"potentialAction\":[{\"@type\":\"SearchAction\",\"target\":{\"@type\":\"EntryPoint\",\"urlTemplate\":\"https:\/\/footdavant.fr\/actualites\/?s={search_term_string}\"},\"query-input\":\"required name=search_term_string\"}],\"inLanguage\":\"fr-FR\"},{\"@type\":\"Organization\",\"@id\":\"https:\/\/footdavant.fr\/actualites\/#organization\",\"name\":\"Foot d'avant\",\"url\":\"https:\/\/footdavant.fr\/actualites\/\",\"logo\":{\"@type\":\"ImageObject\",\"inLanguage\":\"fr-FR\",\"@id\":\"https:\/\/footdavant.fr\/actualites\/#\/schema\/logo\/image\/\",\"url\":\"https:\/\/footdavant.fr\/actualites\/wp-content\/uploads\/2023\/09\/Copy-of-FootDavant-Logo.png\",\"contentUrl\":\"https:\/\/footdavant.fr\/actualites\/wp-content\/uploads\/2023\/09\/Copy-of-FootDavant-Logo.png\",\"width\":936,\"height\":549,\"caption\":\"Foot d'avant\"},\"image\":{\"@id\":\"https:\/\/footdavant.fr\/actualites\/#\/schema\/logo\/image\/\"},\"sameAs\":[\"https:\/\/www.facebook.com\/Footdavant\/\",\"https:\/\/twitter.com\/FootdavantFr\",\"https:\/\/www.instagram.com\/footdavant.fr\/\"]},{\"@type\":\"Person\",\"@id\":\"https:\/\/footdavant.fr\/actualites\/#\/schema\/person\/bc222566d95871b37e597b3ed3ba5e1d\",\"name\":\"Cl\u00e9ment\",\"image\":{\"@type\":\"ImageObject\",\"inLanguage\":\"fr-FR\",\"@id\":\"https:\/\/footdavant.fr\/actualites\/#\/schema\/person\/image\/\",\"url\":\"https:\/\/secure.gravatar.com\/avatar\/7728b29aac2719421e1a9159b2254c44?s=96&d=mm&r=g\",\"contentUrl\":\"https:\/\/secure.gravatar.com\/avatar\/7728b29aac2719421e1a9159b2254c44?s=96&d=mm&r=g\",\"caption\":\"Cl\u00e9ment\"},\"sameAs\":[\"https:\/\/footdavant.fr\/\"]}]}<\/script>\n<!-- \/ Yoast SEO plugin. -->","yoast_head_json":{"title":"Benjamin Sesko: Arsenal, Man United re\u00e7oit une mise \u00e0 jour de transfert positive alors que la `` nouvelle clause de version &#39;&#39; est r\u00e9v\u00e9l\u00e9e","robots":{"index":"index","follow":"follow","max-snippet":"max-snippet:-1","max-image-preview":"max-image-preview:large","max-video-preview":"max-video-preview:-1"},"canonical":"https:\/\/footdavant.fr\/actualites\/benjamin-sesko-arsenal-man-united-recoit-une-mise-a-jour-de-transfert-positive-alors-que-la-nouvelle-clause-de-version-est-revelee\/","og_locale":"fr_FR","og_type":"article","og_title":"Benjamin Sesko: Arsenal, Man United re\u00e7oit une mise \u00e0 jour de transfert positive alors que la `` nouvelle clause de version &#39;&#39; est r\u00e9v\u00e9l\u00e9e","og_description":"Arsenal et Man United font partie d&#39;un certain nombre de clubs qui ont re\u00e7u un coup de pouce dans leur poursuite de l&#39;attaquant de RB","og_url":"https:\/\/footdavant.fr\/actualites\/benjamin-sesko-arsenal-man-united-recoit-une-mise-a-jour-de-transfert-positive-alors-que-la-nouvelle-clause-de-version-est-revelee\/","og_site_name":"Foot d&#039;avant","article_publisher":"https:\/\/www.facebook.com\/Footdavant\/","article_published_time":"2025-05-09T21:48:13+00:00","article_modified_time":"2025-05-09T21:48:14+00:00","og_image":[{"width":640,"height":480,"url":"https:\/\/footdavant.fr\/actualites\/wp-content\/uploads\/2025\/05\/Benjamin-Sesko-Arsenal-Man-United-recoit-une-mise-a-jour.jpg","type":"image\/jpeg"}],"author":"Cl\u00e9ment","twitter_card":"summary_large_image","twitter_creator":"@FootdavantFr","twitter_site":"@FootdavantFr","twitter_misc":{"\u00c9crit par":"Cl\u00e9ment","Dur\u00e9e de lecture estim\u00e9e":"3 minutes"},"schema":{"@context":"https:\/\/schema.org","@graph":[{"@type":"Article","@id":"https:\/\/footdavant.fr\/actualites\/benjamin-sesko-arsenal-man-united-recoit-une-mise-a-jour-de-transfert-positive-alors-que-la-nouvelle-clause-de-version-est-revelee\/#article","isPartOf":{"@id":"https:\/\/footdavant.fr\/actualites\/benjamin-sesko-arsenal-man-united-recoit-une-mise-a-jour-de-transfert-positive-alors-que-la-nouvelle-clause-de-version-est-revelee\/"},"author":{"name":"Cl\u00e9ment","@id":"https:\/\/footdavant.fr\/actualites\/#\/schema\/person\/bc222566d95871b37e597b3ed3ba5e1d"},"headline":"Benjamin Sesko: Arsenal, Man United re\u00e7oit une mise \u00e0 jour de transfert positive alors que la \u00ab\u00a0 nouvelle clause de version &#39;&#39; est r\u00e9v\u00e9l\u00e9e","datePublished":"2025-05-09T21:48:13+00:00","dateModified":"2025-05-09T21:48:14+00:00","mainEntityOfPage":{"@id":"https:\/\/footdavant.fr\/actualites\/benjamin-sesko-arsenal-man-united-recoit-une-mise-a-jour-de-transfert-positive-alors-que-la-nouvelle-clause-de-version-est-revelee\/"},"wordCount":658,"publisher":{"@id":"https:\/\/footdavant.fr\/actualites\/#organization"},"keywords":["alors","Arsenal","Benjamin","clause","est","jour","Man","mise","nouvelle","positive","re\u00e7oit","r\u00e9v\u00e9l\u00e9e","Sesko","transfert","une","United","version"],"articleSection":["Premier League"],"inLanguage":"fr-FR"},{"@type":"WebPage","@id":"https:\/\/footdavant.fr\/actualites\/benjamin-sesko-arsenal-man-united-recoit-une-mise-a-jour-de-transfert-positive-alors-que-la-nouvelle-clause-de-version-est-revelee\/","url":"https:\/\/footdavant.fr\/actualites\/benjamin-sesko-arsenal-man-united-recoit-une-mise-a-jour-de-transfert-positive-alors-que-la-nouvelle-clause-de-version-est-revelee\/","name":"Benjamin Sesko: Arsenal, Man United re\u00e7oit une mise \u00e0 jour de transfert positive alors que la `` nouvelle clause de version &#39;&#39; est r\u00e9v\u00e9l\u00e9e","isPartOf":{"@id":"https:\/\/footdavant.fr\/actualites\/#website"},"datePublished":"2025-05-09T21:48:13+00:00","dateModified":"2025-05-09T21:48:14+00:00","breadcrumb":{"@id":"https:\/\/footdavant.fr\/actualites\/benjamin-sesko-arsenal-man-united-recoit-une-mise-a-jour-de-transfert-positive-alors-que-la-nouvelle-clause-de-version-est-revelee\/#breadcrumb"},"inLanguage":"fr-FR","potentialAction":[{"@type":"ReadAction","target":["https:\/\/footdavant.fr\/actualites\/benjamin-sesko-arsenal-man-united-recoit-une-mise-a-jour-de-transfert-positive-alors-que-la-nouvelle-clause-de-version-est-revelee\/"]}]},{"@type":"BreadcrumbList","@id":"https:\/\/footdavant.fr\/actualites\/benjamin-sesko-arsenal-man-united-recoit-une-mise-a-jour-de-transfert-positive-alors-que-la-nouvelle-clause-de-version-est-revelee\/#breadcrumb","itemListElement":[{"@type":"ListItem","position":1,"name":"Accueil","item":"https:\/\/footdavant.fr\/actualites\/"},{"@type":"ListItem","position":2,"name":"Benjamin Sesko: Arsenal, Man United re\u00e7oit une mise \u00e0 jour de transfert positive alors que la \u00ab\u00a0 nouvelle clause de version &#39;&#39; est r\u00e9v\u00e9l\u00e9e"}]},{"@type":"WebSite","@id":"https:\/\/footdavant.fr\/actualites\/#website","url":"https:\/\/footdavant.fr\/actualites\/","name":"Foot d'avant","description":"","publisher":{"@id":"https:\/\/footdavant.fr\/actualites\/#organization"},"potentialAction":[{"@type":"SearchAction","target":{"@type":"EntryPoint","urlTemplate":"https:\/\/footdavant.fr\/actualites\/?s={search_term_string}"},"query-input":"required name=search_term_string"}],"inLanguage":"fr-FR"},{"@type":"Organization","@id":"https:\/\/footdavant.fr\/actualites\/#organization","name":"Foot d'avant","url":"https:\/\/footdavant.fr\/actualites\/","logo":{"@type":"ImageObject","inLanguage":"fr-FR","@id":"https:\/\/footdavant.fr\/actualites\/#\/schema\/logo\/image\/","url":"https:\/\/footdavant.fr\/actualites\/wp-content\/uploads\/2023\/09\/Copy-of-FootDavant-Logo.png","contentUrl":"https:\/\/footdavant.fr\/actualites\/wp-content\/uploads\/2023\/09\/Copy-of-FootDavant-Logo.png","width":936,"height":549,"caption":"Foot d'avant"},"image":{"@id":"https:\/\/footdavant.fr\/actualites\/#\/schema\/logo\/image\/"},"sameAs":["https:\/\/www.facebook.com\/Footdavant\/","https:\/\/twitter.com\/FootdavantFr","https:\/\/www.instagram.com\/footdavant.fr\/"]},{"@type":"Person","@id":"https:\/\/footdavant.fr\/actualites\/#\/schema\/person\/bc222566d95871b37e597b3ed3ba5e1d","name":"Cl\u00e9ment","image":{"@type":"ImageObject","inLanguage":"fr-FR","@id":"https:\/\/footdavant.fr\/actualites\/#\/schema\/person\/image\/","url":"https:\/\/secure.gravatar.com\/avatar\/7728b29aac2719421e1a9159b2254c44?s=96&d=mm&r=g","contentUrl":"https:\/\/secure.gravatar.com\/avatar\/7728b29aac2719421e1a9159b2254c44?s=96&d=mm&r=g","caption":"Cl\u00e9ment"},"sameAs":["https:\/\/footdavant.fr\/"]}]}},"_links":{"self":[{"href":"https:\/\/footdavant.fr\/actualites\/wp-json\/wp\/v2\/posts\/23756"}],"collection":[{"href":"https:\/\/footdavant.fr\/actualites\/wp-json\/wp\/v2\/posts"}],"about":[{"href":"https:\/\/footdavant.fr\/actualites\/wp-json\/wp\/v2\/types\/post"}],"author":[{"embeddable":true,"href":"https:\/\/footdavant.fr\/actualites\/wp-json\/wp\/v2\/users\/1"}],"replies":[{"embeddable":true,"href":"https:\/\/footdavant.fr\/actualites\/wp-json\/wp\/v2\/comments?post=23756"}],"version-history":[{"count":1,"href":"https:\/\/footdavant.fr\/actualites\/wp-json\/wp\/v2\/posts\/23756\/revisions"}],"predecessor-version":[{"id":23758,"href":"https:\/\/footdavant.fr\/actualites\/wp-json\/wp\/v2\/posts\/23756\/revisions\/23758"}],"wp:featuredmedia":[{"embeddable":true,"href":"https:\/\/footdavant.fr\/actualites\/wp-json\/wp\/v2\/media\/23757"}],"wp:attachment":[{"href":"https:\/\/footdavant.fr\/actualites\/wp-json\/wp\/v2\/media?parent=23756"}],"wp:term":[{"taxonomy":"category","embeddable":true,"href":"https:\/\/footdavant.fr\/actualites\/wp-json\/wp\/v2\/categories?post=23756"},{"taxonomy":"post_tag","embeddable":true,"href":"https:\/\/footdavant.fr\/actualites\/wp-json\/wp\/v2\/tags?post=23756"}],"curies":[{"name":"wp","href":"https:\/\/api.w.org\/{rel}","templated":true}]}}