{"id":2380,"date":"2023-12-13T03:58:05","date_gmt":"2023-12-13T02:58:05","guid":{"rendered":"https:\/\/footdavant.fr\/actualites\/actualites-de-lequipe-blessure-de-lunion-berlin-contre-le-real-madrid-liste-de-suspension-xi-prevus\/"},"modified":"2023-12-13T03:58:05","modified_gmt":"2023-12-13T02:58:05","slug":"actualites-de-lequipe-blessure-de-lunion-berlin-contre-le-real-madrid-liste-de-suspension-xi-prevus","status":"publish","type":"post","link":"https:\/\/footdavant.fr\/actualites\/actualites-de-lequipe-blessure-de-lunion-berlin-contre-le-real-madrid-liste-de-suspension-xi-prevus\/","title":{"rendered":"Actualit\u00e9s de l&rsquo;\u00e9quipe : blessure de l&rsquo;Union Berlin contre le Real Madrid, liste de suspension, XI pr\u00e9vus"},"content":{"rendered":"<p>Sports Mole rassemble toutes les derni\u00e8res nouvelles sur les blessures et les suspensions avant le choc de la Ligue des champions de mardi entre l&rsquo;Union Berlin et le Real Madrid.<\/p>\n<div id=\"article_body\" itemprop=\"articleBody\">\n<p class=\"firstPara\"><strong class=\"autotag\">Real Madrid<\/strong> visera \u00e0 remporter six victoires sur six <strong class=\"autotag\">Ligue des champions<\/strong> matches cette saison quand ils se rendent \u00e0 <strong class=\"autotag\">Union Berlin<\/strong> mardi soir.<\/p>\n<p>Les Blancos sont d\u00e9j\u00e0 qualifi\u00e9s pour les huiti\u00e8mes de finale en tant que vainqueurs du Groupe C, tandis que l&rsquo;Union Berlin doit remporter ce match pour avoir une chance de terminer troisi\u00e8me, ce qui leur permettrait de se qualifier pour les \u00e9liminatoires des huiti\u00e8mes de finale de la Ligue Europa. <strong>Taupe de sport<\/strong> fait le point sur l&rsquo;actualit\u00e9 de l&rsquo;\u00e9quipe.<\/p>\n<hr>\n<p class=\"imgI\">\n<h2>UNION DE BERLIN<\/h2>\n<p><strong>Dehors:<\/strong> <strong class=\"autotag\">Danilho Doekhi<\/strong> (pied)<\/p>\n<p><strong>Douteux:<\/strong> <strong class=\"autotag\">Sheraldo Becker<\/strong> (frappe)<\/p>\n<p><strong>Le XI pr\u00e9dit par Sports Mole\u00a0:<\/strong> Ronnow\u00a0;  Juranovic, Knoche, Leite, Roussillon ;  Volland, Tousart, Khedira, Laidouni, Gosens ;  Behrens<\/p>\n<h2>REAL MADRID<\/h2>\n<p><strong>Dehors:<\/strong> <strong class=\"autotag\">Daniel Carvajal<\/strong> (veau), <strong class=\"autotag\">Vinicius Junior<\/strong> (cuisse), <strong class=\"autotag\">Eduardo Camavinga<\/strong> (genou), <strong class=\"autotag\">Arda G\u00fcler<\/strong> (muscle), <strong class=\"autotag\">Aur\u00e9lien Tchouameni<\/strong> (pied), <strong class=\"autotag\">Eder Militao<\/strong> (pied), <strong class=\"autotag\">Thibaut Courtois<\/strong> (genou)<\/p>\n<p><strong>Douteux:<\/strong> Aucun<\/p>\n<p><strong>Le XI pr\u00e9dit par Sports Mole\u00a0:<\/strong> K\u00e9pa\u00a0;  Vazquez, Rudiger, Nacho, Mendy\u00a0;  Valverde, Ceballos, Modric\u00a0;  D\u00edaz\u00a0;  Rodrygo, Joselu<\/p>\n<hr>\n<p>Pour l\u2019analyse des donn\u00e9es des r\u00e9sultats les plus probables, des scores et plus encore pour ce match, veuillez cliquer ici.<\/p>\n<hr class=\"divide\">\n<\/div>\n","protected":false},"excerpt":{"rendered":"<p>Sports Mole rassemble toutes les derni\u00e8res nouvelles sur les blessures et les suspensions avant le choc de la Ligue des champions de mardi entre l&rsquo;Union<\/p>\n","protected":false},"author":1,"featured_media":2381,"comment_status":"closed","ping_status":"","sticky":false,"template":"","format":"standard","meta":{"footnotes":""},"categories":[4],"tags":[7,550,15,20,9,17,2082,303,468,302,18],"yoast_head":"<!-- This site is optimized with the Yoast SEO plugin v21.0 - https:\/\/yoast.com\/wordpress\/plugins\/seo\/ -->\n<title>Actualit\u00e9s de l&#039;\u00e9quipe : blessure de l&#039;Union Berlin contre le Real Madrid, liste de suspension, XI pr\u00e9vus<\/title>\n<meta name=\"robots\" content=\"index, follow, max-snippet:-1, max-image-preview:large, max-video-preview:-1\" \/>\n<link rel=\"canonical\" href=\"https:\/\/footdavant.fr\/actualites\/actualites-de-lequipe-blessure-de-lunion-berlin-contre-le-real-madrid-liste-de-suspension-xi-prevus\/\" \/>\n<meta property=\"og:locale\" content=\"fr_FR\" \/>\n<meta property=\"og:type\" content=\"article\" \/>\n<meta property=\"og:title\" content=\"Actualit\u00e9s de l&#039;\u00e9quipe : blessure de l&#039;Union Berlin contre le Real Madrid, liste de suspension, XI pr\u00e9vus\" \/>\n<meta property=\"og:description\" content=\"Sports Mole rassemble toutes les derni\u00e8res nouvelles sur les blessures et les suspensions avant le choc de la Ligue des champions de mardi entre l&rsquo;Union\" \/>\n<meta property=\"og:url\" content=\"https:\/\/footdavant.fr\/actualites\/actualites-de-lequipe-blessure-de-lunion-berlin-contre-le-real-madrid-liste-de-suspension-xi-prevus\/\" \/>\n<meta property=\"og:site_name\" content=\"Foot d&#039;avant\" \/>\n<meta property=\"article:publisher\" content=\"https:\/\/www.facebook.com\/Footdavant\/\" \/>\n<meta property=\"article:published_time\" content=\"2023-12-13T02:58:05+00:00\" \/>\n<meta property=\"og:image\" content=\"https:\/\/footdavant.fr\/actualites\/wp-content\/uploads\/2023\/12\/Actualites-de-lequipe-blessure-de-lUnion-Berlin-contre-le.JPG\" \/>\n\t<meta property=\"og:image:width\" content=\"640\" \/>\n\t<meta property=\"og:image:height\" content=\"480\" \/>\n\t<meta property=\"og:image:type\" content=\"image\/jpeg\" \/>\n<meta name=\"author\" content=\"Cl\u00e9ment\" \/>\n<meta name=\"twitter:card\" content=\"summary_large_image\" \/>\n<meta name=\"twitter:creator\" content=\"@FootdavantFr\" \/>\n<meta name=\"twitter:site\" content=\"@FootdavantFr\" \/>\n<meta name=\"twitter:label1\" content=\"\u00c9crit par\" \/>\n\t<meta name=\"twitter:data1\" content=\"Cl\u00e9ment\" \/>\n\t<meta name=\"twitter:label2\" content=\"Dur\u00e9e de lecture estim\u00e9e\" \/>\n\t<meta name=\"twitter:data2\" content=\"1 minute\" \/>\n<script type=\"application\/ld+json\" class=\"yoast-schema-graph\">{\"@context\":\"https:\/\/schema.org\",\"@graph\":[{\"@type\":\"Article\",\"@id\":\"https:\/\/footdavant.fr\/actualites\/actualites-de-lequipe-blessure-de-lunion-berlin-contre-le-real-madrid-liste-de-suspension-xi-prevus\/#article\",\"isPartOf\":{\"@id\":\"https:\/\/footdavant.fr\/actualites\/actualites-de-lequipe-blessure-de-lunion-berlin-contre-le-real-madrid-liste-de-suspension-xi-prevus\/\"},\"author\":{\"name\":\"Cl\u00e9ment\",\"@id\":\"https:\/\/footdavant.fr\/actualites\/#\/schema\/person\/bc222566d95871b37e597b3ed3ba5e1d\"},\"headline\":\"Actualit\u00e9s de l&rsquo;\u00e9quipe : blessure de l&rsquo;Union Berlin contre le Real Madrid, liste de suspension, XI pr\u00e9vus\",\"datePublished\":\"2023-12-13T02:58:05+00:00\",\"dateModified\":\"2023-12-13T02:58:05+00:00\",\"mainEntityOfPage\":{\"@id\":\"https:\/\/footdavant.fr\/actualites\/actualites-de-lequipe-blessure-de-lunion-berlin-contre-le-real-madrid-liste-de-suspension-xi-prevus\/\"},\"wordCount\":238,\"publisher\":{\"@id\":\"https:\/\/footdavant.fr\/actualites\/#organization\"},\"keywords\":[\"Actualit\u00e9s\",\"Berlin\",\"Blessure\",\"contre\",\"l\u00e9quipe\",\"liste\",\"lUnion\",\"Madrid\",\"pr\u00e9vus\",\"Real\",\"suspension\"],\"articleSection\":[\"Champions League\"],\"inLanguage\":\"fr-FR\"},{\"@type\":\"WebPage\",\"@id\":\"https:\/\/footdavant.fr\/actualites\/actualites-de-lequipe-blessure-de-lunion-berlin-contre-le-real-madrid-liste-de-suspension-xi-prevus\/\",\"url\":\"https:\/\/footdavant.fr\/actualites\/actualites-de-lequipe-blessure-de-lunion-berlin-contre-le-real-madrid-liste-de-suspension-xi-prevus\/\",\"name\":\"Actualit\u00e9s de l'\u00e9quipe : blessure de l'Union Berlin contre le Real Madrid, liste de suspension, XI pr\u00e9vus\",\"isPartOf\":{\"@id\":\"https:\/\/footdavant.fr\/actualites\/#website\"},\"datePublished\":\"2023-12-13T02:58:05+00:00\",\"dateModified\":\"2023-12-13T02:58:05+00:00\",\"breadcrumb\":{\"@id\":\"https:\/\/footdavant.fr\/actualites\/actualites-de-lequipe-blessure-de-lunion-berlin-contre-le-real-madrid-liste-de-suspension-xi-prevus\/#breadcrumb\"},\"inLanguage\":\"fr-FR\",\"potentialAction\":[{\"@type\":\"ReadAction\",\"target\":[\"https:\/\/footdavant.fr\/actualites\/actualites-de-lequipe-blessure-de-lunion-berlin-contre-le-real-madrid-liste-de-suspension-xi-prevus\/\"]}]},{\"@type\":\"BreadcrumbList\",\"@id\":\"https:\/\/footdavant.fr\/actualites\/actualites-de-lequipe-blessure-de-lunion-berlin-contre-le-real-madrid-liste-de-suspension-xi-prevus\/#breadcrumb\",\"itemListElement\":[{\"@type\":\"ListItem\",\"position\":1,\"name\":\"Accueil\",\"item\":\"https:\/\/footdavant.fr\/actualites\/\"},{\"@type\":\"ListItem\",\"position\":2,\"name\":\"Actualit\u00e9s de l&rsquo;\u00e9quipe : blessure de l&rsquo;Union Berlin contre le Real Madrid, liste de suspension, XI pr\u00e9vus\"}]},{\"@type\":\"WebSite\",\"@id\":\"https:\/\/footdavant.fr\/actualites\/#website\",\"url\":\"https:\/\/footdavant.fr\/actualites\/\",\"name\":\"Foot d'avant\",\"description\":\"\",\"publisher\":{\"@id\":\"https:\/\/footdavant.fr\/actualites\/#organization\"},\"potentialAction\":[{\"@type\":\"SearchAction\",\"target\":{\"@type\":\"EntryPoint\",\"urlTemplate\":\"https:\/\/footdavant.fr\/actualites\/?s={search_term_string}\"},\"query-input\":\"required name=search_term_string\"}],\"inLanguage\":\"fr-FR\"},{\"@type\":\"Organization\",\"@id\":\"https:\/\/footdavant.fr\/actualites\/#organization\",\"name\":\"Foot d'avant\",\"url\":\"https:\/\/footdavant.fr\/actualites\/\",\"logo\":{\"@type\":\"ImageObject\",\"inLanguage\":\"fr-FR\",\"@id\":\"https:\/\/footdavant.fr\/actualites\/#\/schema\/logo\/image\/\",\"url\":\"https:\/\/footdavant.fr\/actualites\/wp-content\/uploads\/2023\/09\/Copy-of-FootDavant-Logo.png\",\"contentUrl\":\"https:\/\/footdavant.fr\/actualites\/wp-content\/uploads\/2023\/09\/Copy-of-FootDavant-Logo.png\",\"width\":936,\"height\":549,\"caption\":\"Foot d'avant\"},\"image\":{\"@id\":\"https:\/\/footdavant.fr\/actualites\/#\/schema\/logo\/image\/\"},\"sameAs\":[\"https:\/\/www.facebook.com\/Footdavant\/\",\"https:\/\/twitter.com\/FootdavantFr\",\"https:\/\/www.instagram.com\/footdavant.fr\/\"]},{\"@type\":\"Person\",\"@id\":\"https:\/\/footdavant.fr\/actualites\/#\/schema\/person\/bc222566d95871b37e597b3ed3ba5e1d\",\"name\":\"Cl\u00e9ment\",\"image\":{\"@type\":\"ImageObject\",\"inLanguage\":\"fr-FR\",\"@id\":\"https:\/\/footdavant.fr\/actualites\/#\/schema\/person\/image\/\",\"url\":\"https:\/\/secure.gravatar.com\/avatar\/7728b29aac2719421e1a9159b2254c44?s=96&d=mm&r=g\",\"contentUrl\":\"https:\/\/secure.gravatar.com\/avatar\/7728b29aac2719421e1a9159b2254c44?s=96&d=mm&r=g\",\"caption\":\"Cl\u00e9ment\"},\"sameAs\":[\"https:\/\/footdavant.fr\/\"]}]}<\/script>\n<!-- \/ Yoast SEO plugin. -->","yoast_head_json":{"title":"Actualit\u00e9s de l'\u00e9quipe : blessure de l'Union Berlin contre le Real Madrid, liste de suspension, XI pr\u00e9vus","robots":{"index":"index","follow":"follow","max-snippet":"max-snippet:-1","max-image-preview":"max-image-preview:large","max-video-preview":"max-video-preview:-1"},"canonical":"https:\/\/footdavant.fr\/actualites\/actualites-de-lequipe-blessure-de-lunion-berlin-contre-le-real-madrid-liste-de-suspension-xi-prevus\/","og_locale":"fr_FR","og_type":"article","og_title":"Actualit\u00e9s de l'\u00e9quipe : blessure de l'Union Berlin contre le Real Madrid, liste de suspension, XI pr\u00e9vus","og_description":"Sports Mole rassemble toutes les derni\u00e8res nouvelles sur les blessures et les suspensions avant le choc de la Ligue des champions de mardi entre l&rsquo;Union","og_url":"https:\/\/footdavant.fr\/actualites\/actualites-de-lequipe-blessure-de-lunion-berlin-contre-le-real-madrid-liste-de-suspension-xi-prevus\/","og_site_name":"Foot d&#039;avant","article_publisher":"https:\/\/www.facebook.com\/Footdavant\/","article_published_time":"2023-12-13T02:58:05+00:00","og_image":[{"width":640,"height":480,"url":"https:\/\/footdavant.fr\/actualites\/wp-content\/uploads\/2023\/12\/Actualites-de-lequipe-blessure-de-lUnion-Berlin-contre-le.JPG","type":"image\/jpeg"}],"author":"Cl\u00e9ment","twitter_card":"summary_large_image","twitter_creator":"@FootdavantFr","twitter_site":"@FootdavantFr","twitter_misc":{"\u00c9crit par":"Cl\u00e9ment","Dur\u00e9e de lecture estim\u00e9e":"1 minute"},"schema":{"@context":"https:\/\/schema.org","@graph":[{"@type":"Article","@id":"https:\/\/footdavant.fr\/actualites\/actualites-de-lequipe-blessure-de-lunion-berlin-contre-le-real-madrid-liste-de-suspension-xi-prevus\/#article","isPartOf":{"@id":"https:\/\/footdavant.fr\/actualites\/actualites-de-lequipe-blessure-de-lunion-berlin-contre-le-real-madrid-liste-de-suspension-xi-prevus\/"},"author":{"name":"Cl\u00e9ment","@id":"https:\/\/footdavant.fr\/actualites\/#\/schema\/person\/bc222566d95871b37e597b3ed3ba5e1d"},"headline":"Actualit\u00e9s de l&rsquo;\u00e9quipe : blessure de l&rsquo;Union Berlin contre le Real Madrid, liste de suspension, XI pr\u00e9vus","datePublished":"2023-12-13T02:58:05+00:00","dateModified":"2023-12-13T02:58:05+00:00","mainEntityOfPage":{"@id":"https:\/\/footdavant.fr\/actualites\/actualites-de-lequipe-blessure-de-lunion-berlin-contre-le-real-madrid-liste-de-suspension-xi-prevus\/"},"wordCount":238,"publisher":{"@id":"https:\/\/footdavant.fr\/actualites\/#organization"},"keywords":["Actualit\u00e9s","Berlin","Blessure","contre","l\u00e9quipe","liste","lUnion","Madrid","pr\u00e9vus","Real","suspension"],"articleSection":["Champions League"],"inLanguage":"fr-FR"},{"@type":"WebPage","@id":"https:\/\/footdavant.fr\/actualites\/actualites-de-lequipe-blessure-de-lunion-berlin-contre-le-real-madrid-liste-de-suspension-xi-prevus\/","url":"https:\/\/footdavant.fr\/actualites\/actualites-de-lequipe-blessure-de-lunion-berlin-contre-le-real-madrid-liste-de-suspension-xi-prevus\/","name":"Actualit\u00e9s de l'\u00e9quipe : blessure de l'Union Berlin contre le Real Madrid, liste de suspension, XI pr\u00e9vus","isPartOf":{"@id":"https:\/\/footdavant.fr\/actualites\/#website"},"datePublished":"2023-12-13T02:58:05+00:00","dateModified":"2023-12-13T02:58:05+00:00","breadcrumb":{"@id":"https:\/\/footdavant.fr\/actualites\/actualites-de-lequipe-blessure-de-lunion-berlin-contre-le-real-madrid-liste-de-suspension-xi-prevus\/#breadcrumb"},"inLanguage":"fr-FR","potentialAction":[{"@type":"ReadAction","target":["https:\/\/footdavant.fr\/actualites\/actualites-de-lequipe-blessure-de-lunion-berlin-contre-le-real-madrid-liste-de-suspension-xi-prevus\/"]}]},{"@type":"BreadcrumbList","@id":"https:\/\/footdavant.fr\/actualites\/actualites-de-lequipe-blessure-de-lunion-berlin-contre-le-real-madrid-liste-de-suspension-xi-prevus\/#breadcrumb","itemListElement":[{"@type":"ListItem","position":1,"name":"Accueil","item":"https:\/\/footdavant.fr\/actualites\/"},{"@type":"ListItem","position":2,"name":"Actualit\u00e9s de l&rsquo;\u00e9quipe : blessure de l&rsquo;Union Berlin contre le Real Madrid, liste de suspension, XI pr\u00e9vus"}]},{"@type":"WebSite","@id":"https:\/\/footdavant.fr\/actualites\/#website","url":"https:\/\/footdavant.fr\/actualites\/","name":"Foot d'avant","description":"","publisher":{"@id":"https:\/\/footdavant.fr\/actualites\/#organization"},"potentialAction":[{"@type":"SearchAction","target":{"@type":"EntryPoint","urlTemplate":"https:\/\/footdavant.fr\/actualites\/?s={search_term_string}"},"query-input":"required name=search_term_string"}],"inLanguage":"fr-FR"},{"@type":"Organization","@id":"https:\/\/footdavant.fr\/actualites\/#organization","name":"Foot d'avant","url":"https:\/\/footdavant.fr\/actualites\/","logo":{"@type":"ImageObject","inLanguage":"fr-FR","@id":"https:\/\/footdavant.fr\/actualites\/#\/schema\/logo\/image\/","url":"https:\/\/footdavant.fr\/actualites\/wp-content\/uploads\/2023\/09\/Copy-of-FootDavant-Logo.png","contentUrl":"https:\/\/footdavant.fr\/actualites\/wp-content\/uploads\/2023\/09\/Copy-of-FootDavant-Logo.png","width":936,"height":549,"caption":"Foot d'avant"},"image":{"@id":"https:\/\/footdavant.fr\/actualites\/#\/schema\/logo\/image\/"},"sameAs":["https:\/\/www.facebook.com\/Footdavant\/","https:\/\/twitter.com\/FootdavantFr","https:\/\/www.instagram.com\/footdavant.fr\/"]},{"@type":"Person","@id":"https:\/\/footdavant.fr\/actualites\/#\/schema\/person\/bc222566d95871b37e597b3ed3ba5e1d","name":"Cl\u00e9ment","image":{"@type":"ImageObject","inLanguage":"fr-FR","@id":"https:\/\/footdavant.fr\/actualites\/#\/schema\/person\/image\/","url":"https:\/\/secure.gravatar.com\/avatar\/7728b29aac2719421e1a9159b2254c44?s=96&d=mm&r=g","contentUrl":"https:\/\/secure.gravatar.com\/avatar\/7728b29aac2719421e1a9159b2254c44?s=96&d=mm&r=g","caption":"Cl\u00e9ment"},"sameAs":["https:\/\/footdavant.fr\/"]}]}},"_links":{"self":[{"href":"https:\/\/footdavant.fr\/actualites\/wp-json\/wp\/v2\/posts\/2380"}],"collection":[{"href":"https:\/\/footdavant.fr\/actualites\/wp-json\/wp\/v2\/posts"}],"about":[{"href":"https:\/\/footdavant.fr\/actualites\/wp-json\/wp\/v2\/types\/post"}],"author":[{"embeddable":true,"href":"https:\/\/footdavant.fr\/actualites\/wp-json\/wp\/v2\/users\/1"}],"replies":[{"embeddable":true,"href":"https:\/\/footdavant.fr\/actualites\/wp-json\/wp\/v2\/comments?post=2380"}],"version-history":[{"count":1,"href":"https:\/\/footdavant.fr\/actualites\/wp-json\/wp\/v2\/posts\/2380\/revisions"}],"predecessor-version":[{"id":2382,"href":"https:\/\/footdavant.fr\/actualites\/wp-json\/wp\/v2\/posts\/2380\/revisions\/2382"}],"wp:featuredmedia":[{"embeddable":true,"href":"https:\/\/footdavant.fr\/actualites\/wp-json\/wp\/v2\/media\/2381"}],"wp:attachment":[{"href":"https:\/\/footdavant.fr\/actualites\/wp-json\/wp\/v2\/media?parent=2380"}],"wp:term":[{"taxonomy":"category","embeddable":true,"href":"https:\/\/footdavant.fr\/actualites\/wp-json\/wp\/v2\/categories?post=2380"},{"taxonomy":"post_tag","embeddable":true,"href":"https:\/\/footdavant.fr\/actualites\/wp-json\/wp\/v2\/tags?post=2380"}],"curies":[{"name":"wp","href":"https:\/\/api.w.org\/{rel}","templated":true}]}}