{"id":23884,"date":"2025-05-13T13:48:18","date_gmt":"2025-05-13T11:48:18","guid":{"rendered":"https:\/\/footdavant.fr\/actualites\/alex-bregman-dit-que-le-choix-des-red-sox-plutot-que-des-tigers-netait-pas-un-diss\/"},"modified":"2025-05-13T13:48:18","modified_gmt":"2025-05-13T11:48:18","slug":"alex-bregman-dit-que-le-choix-des-red-sox-plutot-que-des-tigers-netait-pas-un-diss","status":"publish","type":"post","link":"https:\/\/footdavant.fr\/actualites\/alex-bregman-dit-que-le-choix-des-red-sox-plutot-que-des-tigers-netait-pas-un-diss\/","title":{"rendered":"Alex Bregman dit que le choix des Red Sox plut\u00f4t que des Tigers n&#39;\u00e9tait pas un diss"},"content":{"rendered":"<div>\n<h2>Alex Bregman dit que le choix des Red Sox plut\u00f4t que des Tigers n&#39;\u00e9tait pas un diss<\/h2>\n<p>L&#39;accumulation de la saison 2025 a \u00e9t\u00e9 une p\u00e9riode tr\u00e8s int\u00e9ressante pour Alex Bregman, car apr\u00e8s huit ans avec les Astros de Houston, il a d\u00e9cid\u00e9 de se s\u00e9parer de la franchise MLB.<\/p>\n<p>Son statut d&#39;agent libre a alert\u00e9 de nombreux pr\u00e9tendants potentiels et cela comprenait un accord sur six ans avec les Detroit Tigers pour 171,5 millions de dollars que Bregman a refus\u00e9.<\/p>\n<p>Au lieu de cela, le joueur de 31 ans a d\u00e9cid\u00e9 d&#39;accepter une offre de 120 millions de dollars pour trois ans avec les Red Sox de Boston et cet accord contient \u00e9galement des \u00ab\u00a0 opt-outs &#39;&#39; apr\u00e8s les ann\u00e9es un et deux.<\/p>\n<p>La possibilit\u00e9 de rejoindre D\u00e9troit devenait un r\u00e9sultat extr\u00eamement probable et Bregman a \u00e9t\u00e9 plein d&#39;\u00e9loges pour les quadruples vainqueurs des World Series alors que les Red Sox affrontent les Tigers dans une s\u00e9rie de trois matchs.<\/p>\n<p>Il a dit: <\/p>\n<\/p>\n<p>Les deux franchises ont lanc\u00e9 leur trio de rencontres le 12 mai, alors que les Detroit Tigers ont balay\u00e9 les Red Sox de c\u00f4t\u00e9 et ont remport\u00e9 une impressionnante victoire 14-2 \u00e0 domicile.<\/p>\n<p>Cependant, pendant le match, Bregman a re\u00e7u un ch\u0153ur de hu\u00e9es alors qu&#39;il se dirigeait vers Bat pour la premi\u00e8re fois et il \u00e9tait assez clair que les partisans de D\u00e9troit n&#39;avaient pas quitt\u00e9 sa d\u00e9cision de rejoindre Boston.<\/p>\n<p>La star des Red Sox de Boston a r\u00e9v\u00e9l\u00e9 qu&#39;il n&#39;\u00e9tait pas surpris par la r\u00e9action et a pris une approche tr\u00e8s respectable lorsqu&#39;il \u00e9tait interrog\u00e9 sur la r\u00e9ception \u00e0 D\u00e9troit &#8211; mais a affirm\u00e9 que rejoindre les Red Sox n&#39;\u00e9tait pas un \u00abdiss\u00bb pour Detroit.<\/p>\n<\/p><\/div>\n","protected":false},"excerpt":{"rendered":"<p>Alex Bregman dit que le choix des Red Sox plut\u00f4t que des Tigers n&#39;\u00e9tait pas un diss L&#39;accumulation de la saison 2025 a \u00e9t\u00e9 une<\/p>\n","protected":false},"author":1,"featured_media":23885,"comment_status":"closed","ping_status":"","sticky":false,"template":"","format":"standard","meta":{"footnotes":""},"categories":[3],"tags":[1914,9212,404,12,9213,125,4902,71,674,536,7144,5637],"yoast_head":"<!-- This site is optimized with the Yoast SEO plugin v21.0 - https:\/\/yoast.com\/wordpress\/plugins\/seo\/ -->\n<title>Alex Bregman dit que le choix des Red Sox plut\u00f4t que des Tigers n&#039;\u00e9tait pas un diss<\/title>\n<meta name=\"robots\" content=\"index, follow, max-snippet:-1, max-image-preview:large, max-video-preview:-1\" \/>\n<link rel=\"canonical\" href=\"https:\/\/footdavant.fr\/actualites\/alex-bregman-dit-que-le-choix-des-red-sox-plutot-que-des-tigers-netait-pas-un-diss\/\" \/>\n<meta property=\"og:locale\" content=\"fr_FR\" \/>\n<meta property=\"og:type\" content=\"article\" \/>\n<meta property=\"og:title\" content=\"Alex Bregman dit que le choix des Red Sox plut\u00f4t que des Tigers n&#039;\u00e9tait pas un diss\" \/>\n<meta property=\"og:description\" content=\"Alex Bregman dit que le choix des Red Sox plut\u00f4t que des Tigers n&#039;\u00e9tait pas un diss L&#039;accumulation de la saison 2025 a \u00e9t\u00e9 une\" \/>\n<meta property=\"og:url\" content=\"https:\/\/footdavant.fr\/actualites\/alex-bregman-dit-que-le-choix-des-red-sox-plutot-que-des-tigers-netait-pas-un-diss\/\" \/>\n<meta property=\"og:site_name\" content=\"Foot d&#039;avant\" \/>\n<meta property=\"article:publisher\" content=\"https:\/\/www.facebook.com\/Footdavant\/\" \/>\n<meta property=\"article:published_time\" content=\"2025-05-13T11:48:18+00:00\" \/>\n<meta property=\"og:image\" content=\"https:\/\/footdavant.fr\/actualites\/wp-content\/uploads\/2025\/05\/Alex-Bregman-dit-que-le-choix-des-Red-Sox-plutot.jpg\" \/>\n\t<meta property=\"og:image:width\" content=\"820\" \/>\n\t<meta property=\"og:image:height\" content=\"547\" \/>\n\t<meta property=\"og:image:type\" content=\"image\/jpeg\" \/>\n<meta name=\"author\" content=\"Cl\u00e9ment\" \/>\n<meta name=\"twitter:card\" content=\"summary_large_image\" \/>\n<meta name=\"twitter:creator\" content=\"@FootdavantFr\" \/>\n<meta name=\"twitter:site\" content=\"@FootdavantFr\" \/>\n<meta name=\"twitter:label1\" content=\"\u00c9crit par\" \/>\n\t<meta name=\"twitter:data1\" content=\"Cl\u00e9ment\" \/>\n\t<meta name=\"twitter:label2\" content=\"Dur\u00e9e de lecture estim\u00e9e\" \/>\n\t<meta name=\"twitter:data2\" content=\"2 minutes\" \/>\n<script type=\"application\/ld+json\" class=\"yoast-schema-graph\">{\"@context\":\"https:\/\/schema.org\",\"@graph\":[{\"@type\":\"Article\",\"@id\":\"https:\/\/footdavant.fr\/actualites\/alex-bregman-dit-que-le-choix-des-red-sox-plutot-que-des-tigers-netait-pas-un-diss\/#article\",\"isPartOf\":{\"@id\":\"https:\/\/footdavant.fr\/actualites\/alex-bregman-dit-que-le-choix-des-red-sox-plutot-que-des-tigers-netait-pas-un-diss\/\"},\"author\":{\"name\":\"Cl\u00e9ment\",\"@id\":\"https:\/\/footdavant.fr\/actualites\/#\/schema\/person\/bc222566d95871b37e597b3ed3ba5e1d\"},\"headline\":\"Alex Bregman dit que le choix des Red Sox plut\u00f4t que des Tigers n&#39;\u00e9tait pas un diss\",\"datePublished\":\"2025-05-13T11:48:18+00:00\",\"dateModified\":\"2025-05-13T11:48:18+00:00\",\"mainEntityOfPage\":{\"@id\":\"https:\/\/footdavant.fr\/actualites\/alex-bregman-dit-que-le-choix-des-red-sox-plutot-que-des-tigers-netait-pas-un-diss\/\"},\"wordCount\":331,\"publisher\":{\"@id\":\"https:\/\/footdavant.fr\/actualites\/#organization\"},\"keywords\":[\"Alex\",\"Bregman\",\"choix\",\"des\",\"diss\",\"dit\",\"n39\u00e9tait\",\"pas\",\"plut\u00f4t\",\"Red\",\"Sox\",\"Tigers\"],\"articleSection\":[\"Football\"],\"inLanguage\":\"fr-FR\"},{\"@type\":\"WebPage\",\"@id\":\"https:\/\/footdavant.fr\/actualites\/alex-bregman-dit-que-le-choix-des-red-sox-plutot-que-des-tigers-netait-pas-un-diss\/\",\"url\":\"https:\/\/footdavant.fr\/actualites\/alex-bregman-dit-que-le-choix-des-red-sox-plutot-que-des-tigers-netait-pas-un-diss\/\",\"name\":\"Alex Bregman dit que le choix des Red Sox plut\u00f4t que des Tigers n&#39;\u00e9tait pas un diss\",\"isPartOf\":{\"@id\":\"https:\/\/footdavant.fr\/actualites\/#website\"},\"datePublished\":\"2025-05-13T11:48:18+00:00\",\"dateModified\":\"2025-05-13T11:48:18+00:00\",\"breadcrumb\":{\"@id\":\"https:\/\/footdavant.fr\/actualites\/alex-bregman-dit-que-le-choix-des-red-sox-plutot-que-des-tigers-netait-pas-un-diss\/#breadcrumb\"},\"inLanguage\":\"fr-FR\",\"potentialAction\":[{\"@type\":\"ReadAction\",\"target\":[\"https:\/\/footdavant.fr\/actualites\/alex-bregman-dit-que-le-choix-des-red-sox-plutot-que-des-tigers-netait-pas-un-diss\/\"]}]},{\"@type\":\"BreadcrumbList\",\"@id\":\"https:\/\/footdavant.fr\/actualites\/alex-bregman-dit-que-le-choix-des-red-sox-plutot-que-des-tigers-netait-pas-un-diss\/#breadcrumb\",\"itemListElement\":[{\"@type\":\"ListItem\",\"position\":1,\"name\":\"Accueil\",\"item\":\"https:\/\/footdavant.fr\/actualites\/\"},{\"@type\":\"ListItem\",\"position\":2,\"name\":\"Alex Bregman dit que le choix des Red Sox plut\u00f4t que des Tigers n&#39;\u00e9tait pas un diss\"}]},{\"@type\":\"WebSite\",\"@id\":\"https:\/\/footdavant.fr\/actualites\/#website\",\"url\":\"https:\/\/footdavant.fr\/actualites\/\",\"name\":\"Foot d'avant\",\"description\":\"\",\"publisher\":{\"@id\":\"https:\/\/footdavant.fr\/actualites\/#organization\"},\"potentialAction\":[{\"@type\":\"SearchAction\",\"target\":{\"@type\":\"EntryPoint\",\"urlTemplate\":\"https:\/\/footdavant.fr\/actualites\/?s={search_term_string}\"},\"query-input\":\"required name=search_term_string\"}],\"inLanguage\":\"fr-FR\"},{\"@type\":\"Organization\",\"@id\":\"https:\/\/footdavant.fr\/actualites\/#organization\",\"name\":\"Foot d'avant\",\"url\":\"https:\/\/footdavant.fr\/actualites\/\",\"logo\":{\"@type\":\"ImageObject\",\"inLanguage\":\"fr-FR\",\"@id\":\"https:\/\/footdavant.fr\/actualites\/#\/schema\/logo\/image\/\",\"url\":\"https:\/\/footdavant.fr\/actualites\/wp-content\/uploads\/2023\/09\/Copy-of-FootDavant-Logo.png\",\"contentUrl\":\"https:\/\/footdavant.fr\/actualites\/wp-content\/uploads\/2023\/09\/Copy-of-FootDavant-Logo.png\",\"width\":936,\"height\":549,\"caption\":\"Foot d'avant\"},\"image\":{\"@id\":\"https:\/\/footdavant.fr\/actualites\/#\/schema\/logo\/image\/\"},\"sameAs\":[\"https:\/\/www.facebook.com\/Footdavant\/\",\"https:\/\/twitter.com\/FootdavantFr\",\"https:\/\/www.instagram.com\/footdavant.fr\/\"]},{\"@type\":\"Person\",\"@id\":\"https:\/\/footdavant.fr\/actualites\/#\/schema\/person\/bc222566d95871b37e597b3ed3ba5e1d\",\"name\":\"Cl\u00e9ment\",\"image\":{\"@type\":\"ImageObject\",\"inLanguage\":\"fr-FR\",\"@id\":\"https:\/\/footdavant.fr\/actualites\/#\/schema\/person\/image\/\",\"url\":\"https:\/\/secure.gravatar.com\/avatar\/7728b29aac2719421e1a9159b2254c44?s=96&d=mm&r=g\",\"contentUrl\":\"https:\/\/secure.gravatar.com\/avatar\/7728b29aac2719421e1a9159b2254c44?s=96&d=mm&r=g\",\"caption\":\"Cl\u00e9ment\"},\"sameAs\":[\"https:\/\/footdavant.fr\/\"]}]}<\/script>\n<!-- \/ Yoast SEO plugin. -->","yoast_head_json":{"title":"Alex Bregman dit que le choix des Red Sox plut\u00f4t que des Tigers n&#39;\u00e9tait pas un diss","robots":{"index":"index","follow":"follow","max-snippet":"max-snippet:-1","max-image-preview":"max-image-preview:large","max-video-preview":"max-video-preview:-1"},"canonical":"https:\/\/footdavant.fr\/actualites\/alex-bregman-dit-que-le-choix-des-red-sox-plutot-que-des-tigers-netait-pas-un-diss\/","og_locale":"fr_FR","og_type":"article","og_title":"Alex Bregman dit que le choix des Red Sox plut\u00f4t que des Tigers n&#39;\u00e9tait pas un diss","og_description":"Alex Bregman dit que le choix des Red Sox plut\u00f4t que des Tigers n&#39;\u00e9tait pas un diss L&#39;accumulation de la saison 2025 a \u00e9t\u00e9 une","og_url":"https:\/\/footdavant.fr\/actualites\/alex-bregman-dit-que-le-choix-des-red-sox-plutot-que-des-tigers-netait-pas-un-diss\/","og_site_name":"Foot d&#039;avant","article_publisher":"https:\/\/www.facebook.com\/Footdavant\/","article_published_time":"2025-05-13T11:48:18+00:00","og_image":[{"width":820,"height":547,"url":"https:\/\/footdavant.fr\/actualites\/wp-content\/uploads\/2025\/05\/Alex-Bregman-dit-que-le-choix-des-Red-Sox-plutot.jpg","type":"image\/jpeg"}],"author":"Cl\u00e9ment","twitter_card":"summary_large_image","twitter_creator":"@FootdavantFr","twitter_site":"@FootdavantFr","twitter_misc":{"\u00c9crit par":"Cl\u00e9ment","Dur\u00e9e de lecture estim\u00e9e":"2 minutes"},"schema":{"@context":"https:\/\/schema.org","@graph":[{"@type":"Article","@id":"https:\/\/footdavant.fr\/actualites\/alex-bregman-dit-que-le-choix-des-red-sox-plutot-que-des-tigers-netait-pas-un-diss\/#article","isPartOf":{"@id":"https:\/\/footdavant.fr\/actualites\/alex-bregman-dit-que-le-choix-des-red-sox-plutot-que-des-tigers-netait-pas-un-diss\/"},"author":{"name":"Cl\u00e9ment","@id":"https:\/\/footdavant.fr\/actualites\/#\/schema\/person\/bc222566d95871b37e597b3ed3ba5e1d"},"headline":"Alex Bregman dit que le choix des Red Sox plut\u00f4t que des Tigers n&#39;\u00e9tait pas un diss","datePublished":"2025-05-13T11:48:18+00:00","dateModified":"2025-05-13T11:48:18+00:00","mainEntityOfPage":{"@id":"https:\/\/footdavant.fr\/actualites\/alex-bregman-dit-que-le-choix-des-red-sox-plutot-que-des-tigers-netait-pas-un-diss\/"},"wordCount":331,"publisher":{"@id":"https:\/\/footdavant.fr\/actualites\/#organization"},"keywords":["Alex","Bregman","choix","des","diss","dit","n39\u00e9tait","pas","plut\u00f4t","Red","Sox","Tigers"],"articleSection":["Football"],"inLanguage":"fr-FR"},{"@type":"WebPage","@id":"https:\/\/footdavant.fr\/actualites\/alex-bregman-dit-que-le-choix-des-red-sox-plutot-que-des-tigers-netait-pas-un-diss\/","url":"https:\/\/footdavant.fr\/actualites\/alex-bregman-dit-que-le-choix-des-red-sox-plutot-que-des-tigers-netait-pas-un-diss\/","name":"Alex Bregman dit que le choix des Red Sox plut\u00f4t que des Tigers n&#39;\u00e9tait pas un diss","isPartOf":{"@id":"https:\/\/footdavant.fr\/actualites\/#website"},"datePublished":"2025-05-13T11:48:18+00:00","dateModified":"2025-05-13T11:48:18+00:00","breadcrumb":{"@id":"https:\/\/footdavant.fr\/actualites\/alex-bregman-dit-que-le-choix-des-red-sox-plutot-que-des-tigers-netait-pas-un-diss\/#breadcrumb"},"inLanguage":"fr-FR","potentialAction":[{"@type":"ReadAction","target":["https:\/\/footdavant.fr\/actualites\/alex-bregman-dit-que-le-choix-des-red-sox-plutot-que-des-tigers-netait-pas-un-diss\/"]}]},{"@type":"BreadcrumbList","@id":"https:\/\/footdavant.fr\/actualites\/alex-bregman-dit-que-le-choix-des-red-sox-plutot-que-des-tigers-netait-pas-un-diss\/#breadcrumb","itemListElement":[{"@type":"ListItem","position":1,"name":"Accueil","item":"https:\/\/footdavant.fr\/actualites\/"},{"@type":"ListItem","position":2,"name":"Alex Bregman dit que le choix des Red Sox plut\u00f4t que des Tigers n&#39;\u00e9tait pas un diss"}]},{"@type":"WebSite","@id":"https:\/\/footdavant.fr\/actualites\/#website","url":"https:\/\/footdavant.fr\/actualites\/","name":"Foot d'avant","description":"","publisher":{"@id":"https:\/\/footdavant.fr\/actualites\/#organization"},"potentialAction":[{"@type":"SearchAction","target":{"@type":"EntryPoint","urlTemplate":"https:\/\/footdavant.fr\/actualites\/?s={search_term_string}"},"query-input":"required name=search_term_string"}],"inLanguage":"fr-FR"},{"@type":"Organization","@id":"https:\/\/footdavant.fr\/actualites\/#organization","name":"Foot d'avant","url":"https:\/\/footdavant.fr\/actualites\/","logo":{"@type":"ImageObject","inLanguage":"fr-FR","@id":"https:\/\/footdavant.fr\/actualites\/#\/schema\/logo\/image\/","url":"https:\/\/footdavant.fr\/actualites\/wp-content\/uploads\/2023\/09\/Copy-of-FootDavant-Logo.png","contentUrl":"https:\/\/footdavant.fr\/actualites\/wp-content\/uploads\/2023\/09\/Copy-of-FootDavant-Logo.png","width":936,"height":549,"caption":"Foot d'avant"},"image":{"@id":"https:\/\/footdavant.fr\/actualites\/#\/schema\/logo\/image\/"},"sameAs":["https:\/\/www.facebook.com\/Footdavant\/","https:\/\/twitter.com\/FootdavantFr","https:\/\/www.instagram.com\/footdavant.fr\/"]},{"@type":"Person","@id":"https:\/\/footdavant.fr\/actualites\/#\/schema\/person\/bc222566d95871b37e597b3ed3ba5e1d","name":"Cl\u00e9ment","image":{"@type":"ImageObject","inLanguage":"fr-FR","@id":"https:\/\/footdavant.fr\/actualites\/#\/schema\/person\/image\/","url":"https:\/\/secure.gravatar.com\/avatar\/7728b29aac2719421e1a9159b2254c44?s=96&d=mm&r=g","contentUrl":"https:\/\/secure.gravatar.com\/avatar\/7728b29aac2719421e1a9159b2254c44?s=96&d=mm&r=g","caption":"Cl\u00e9ment"},"sameAs":["https:\/\/footdavant.fr\/"]}]}},"_links":{"self":[{"href":"https:\/\/footdavant.fr\/actualites\/wp-json\/wp\/v2\/posts\/23884"}],"collection":[{"href":"https:\/\/footdavant.fr\/actualites\/wp-json\/wp\/v2\/posts"}],"about":[{"href":"https:\/\/footdavant.fr\/actualites\/wp-json\/wp\/v2\/types\/post"}],"author":[{"embeddable":true,"href":"https:\/\/footdavant.fr\/actualites\/wp-json\/wp\/v2\/users\/1"}],"replies":[{"embeddable":true,"href":"https:\/\/footdavant.fr\/actualites\/wp-json\/wp\/v2\/comments?post=23884"}],"version-history":[{"count":1,"href":"https:\/\/footdavant.fr\/actualites\/wp-json\/wp\/v2\/posts\/23884\/revisions"}],"predecessor-version":[{"id":23886,"href":"https:\/\/footdavant.fr\/actualites\/wp-json\/wp\/v2\/posts\/23884\/revisions\/23886"}],"wp:featuredmedia":[{"embeddable":true,"href":"https:\/\/footdavant.fr\/actualites\/wp-json\/wp\/v2\/media\/23885"}],"wp:attachment":[{"href":"https:\/\/footdavant.fr\/actualites\/wp-json\/wp\/v2\/media?parent=23884"}],"wp:term":[{"taxonomy":"category","embeddable":true,"href":"https:\/\/footdavant.fr\/actualites\/wp-json\/wp\/v2\/categories?post=23884"},{"taxonomy":"post_tag","embeddable":true,"href":"https:\/\/footdavant.fr\/actualites\/wp-json\/wp\/v2\/tags?post=23884"}],"curies":[{"name":"wp","href":"https:\/\/api.w.org\/{rel}","templated":true}]}}