{"id":24012,"date":"2025-05-17T05:49:58","date_gmt":"2025-05-17T03:49:58","guid":{"rendered":"https:\/\/footdavant.fr\/actualites\/la-douleur-des-presque-hommes\/"},"modified":"2025-05-17T05:49:59","modified_gmt":"2025-05-17T03:49:59","slug":"la-douleur-des-presque-hommes","status":"publish","type":"post","link":"https:\/\/footdavant.fr\/actualites\/la-douleur-des-presque-hommes\/","title":{"rendered":"La douleur des presque hommes"},"content":{"rendered":"<div>\n<p>Matin.<\/p>\n<p>Un blog rapide du vendredi pour vous alors que je me dirige vers Londres ce matin. Le match contre Newcastle sera \u00e0 l&#39;ordre du jour lorsque Mikel Arteta rencontrera la presse ce matin, et je suis curieux de voir quel genre de forme il est. Apr\u00e8s ses commentaires apr\u00e8s le jeu de Liverpool, je soup\u00e7onne que le message sera un peu plus positif, mais toujours d\u00e9termin\u00e9 \u00e0 obtenir un r\u00e9sultat qui scellerait essentiellement la deuxi\u00e8me place.<\/p>\n<p>Hier, sur Arsecast, j&#39;ai eu une conversation avec Amy Lawrence et j&#39;ai fait des parall\u00e8les entre la p\u00e9riode en cours et celle entre 1999 et 2001, quand Arsenal a termin\u00e9 deuxi\u00e8me \u00e0 trois reprises successives. Chaque fois que nous avons \u00e9t\u00e9 battus au titre par Man Utd. En 1999, nous avons perdu par un seul point &#8211; 79 \u00e0 78 (imaginez que 79 \u00e9tant assez bon pour remporter la ligue ces jours-ci!), Mais en 2000 et 2001, l&#39;\u00e9cart \u00e9tait respectivement de 14 et 10 points. Pas vraiment de fines marges.<\/p>\n<p>La grande diff\u00e9rence, bien s\u00fbr, \u00e9tait que nous avions la petite question du double 1997-1998 sous nos ceintures. Preuve qu&#39;il s&#39;agissait d&#39;une \u00e9quipe qui pourrait tenir la distance. N\u00e9anmoins, cette p\u00e9riode a \u00e9galement \u00e9t\u00e9 charg\u00e9e de d\u00e9ception. Si vous l&#39;avez v\u00e9cu, vous comprenez \u00e0 quel point cette rivalit\u00e9 \u00e9tait formidable avec United, donc m\u00eame les voir des champions couronn\u00e9s \u00e9tait incroyablement douloureux, d&#39;une mani\u00e8re qui n&#39;est m\u00eame pas proche du m\u00eame lorsque Man City ou m\u00eame cette \u00e9quipe de Liverpool le fait.<\/p>\n<p>Je ne pense pas que nous ayons ce genre de rivalit\u00e9 avec quiconque ces jours-ci, et m\u00eame lorsque les compagnies de t\u00e9l\u00e9vision ont essay\u00e9 de nous dire que City contre Liverpool \u00e9tait la meilleure t\u00eate \u00e0 t\u00eate de la Premier League, je ne pense pas que cela se rapproche de la fa\u00e7on dont Febrile et Raw Arsenal contre United \u00e9taient \u00e0 l&#39;\u00e9poque. Au moins, pour moi, la ville en tant que club se sentait st\u00e9rile, fabriqu\u00e9e dans un laboratoire financier et brillante robotique sur le terrain sous la direction de Pep Guardiola. La ville \u00e9tait une machine, manquant de c\u0153ur; Alors que Liverpool ressentait tout c\u0153ur sous Jurgen Klopp.<\/p>\n<p>Mais avec des joueurs comme Dennis Bergkamp, \u200b\u200bTony Adams, Thierry Henry, Freddie Ljungberg, Patrick Vieira, etc., nous avons souffert au cours de cette p\u00e9riode de trois ans. Pas seulement de United \u00e9tant l&#39;\u00e9quipe dominante du pays, mais de la douleur de nos propres \u00ab\u00e9checs\u00bb (un mot que j&#39;utilise avec r\u00e9serve parce que chaque fois que je le fais, je pense \u00e0 cette vid\u00e9o). Cette demi-finale de la FA Cup en 1999, la p\u00e9nalit\u00e9 de Bergkamp, \u200b\u200bce but que nous avons conc\u00e9d\u00e9 (quelqu&#39;un le piratera, FFS!); perdre une finale europ\u00e9enne sur les p\u00e9nalit\u00e9s; La finale de la FA Cup en 2001 lorsque Liverpool a \u00e9t\u00e9 autoris\u00e9 \u00e0 jouer deux gardiens de but et nous avons perdu \u00e0 quelques buts en retard de l&#39;insuffisance Michael Owen; La perte de ce que nous avons ressenti \u00e9tait des joueurs cl\u00e9s des \u00abgrands\u00bb clubs, m\u00eame si les go\u00fbts de Marc Overmars et Emmanuel Petit n&#39;ont pas vraiment bien r\u00e9ussi \u00e0 Barcelone; Sans parler des histoires constantes sur les autres joueurs tent\u00e9s de s&#39;\u00e9loigner en Espagne et au-del\u00e0.<\/p>\n<p>C&#39;est dr\u00f4le, car ce qui a suivi ces trois ann\u00e9es de douleur a \u00e9t\u00e9 une p\u00e9riode de succ\u00e8s soutenu. Un autre double en 2002, FA Cup en 2003 (bien que nous aurions d\u00fb remporter la ligue cette ann\u00e9e-l\u00e0 aussi), les Invincibles en 2004 (et nous aurions d\u00fb remporter la Ligue des champions cette saison aussi). Mais je pense que ces succ\u00e8s et ces troph\u00e9es ont adouci notre vision de ces trois autres ann\u00e9es. Arseblog n&#39;existait pas alors, donc je n&#39;ai pas la capacit\u00e9 de remonter le temps pour voir comment je me suis senti \u00e9crit, mais je suis s\u00fbr que la frustration \u00e9tait abondante.<\/p>\n<p>Je me souviens que la finale de la Coupe UEFA contre Galatasaray et de la regarder dans le Baggot Inn \u00e0 Dublin. Je pense qu&#39;ils ont eu une projection avec des tas de fans d&#39;Arsenal. \u00c0 la fin, apr\u00e8s les p\u00e9nalit\u00e9s, je me souviens que les gens \u00e9taient en col\u00e8re et frustr\u00e9s. Un gars \u00e9tait furieux contre Emmanuel Petit, et c&#39;est cet \u00e9t\u00e9, lui et Overmars ont \u00e9t\u00e9 vendus \u00e0 Barcelone. Mais, apr\u00e8s avoir quitt\u00e9 le pub pour rentrer le bus, cette \u00e9motion avait disparu, pour la plupart laiss\u00e9 dans ce sous-sol de pub, car il n&#39;y avait vraiment aucun moyen pour qu&#39;il s&#39;attardait comme il le fait aujourd&#39;hui.<\/p>\n<p>Tout cela est une fa\u00e7on tr\u00e8s longue de dire m\u00eame les meilleures \u00e9quipes, des \u00e9quipes qui peuvent gagner et avoir gagn\u00e9, peuvent passer par des p\u00e9riodes de \u00abpresque hommes\u00bb. Le d\u00e9fi pour Mikel Arteta et cette it\u00e9ration actuelle d&#39;Arsenal, bien s\u00fbr, est qu&#39;ils n&#39;ont pas le r\u00e9seau de s\u00e9curit\u00e9 que l&#39;\u00e9quipe d&#39;Ars\u00e8ne Wenger \u00e0 l&#39;\u00e9poque, ou m\u00eame certains des joueurs avaient de leur temps sous George Graham. C&#39;est la prochaine \u00e9tape, transformant ce sentiment d&#39;\u00eatre si proche en quelque chose qui peut d\u00e9passer la ligne. Ce qui est cet \u00e9t\u00e9, je suppose.<\/p>\n<p>Pour une lecture suppl\u00e9mentaire ce matin, la chronique de Tim d\u00e9veloppe un th\u00e8me que j&#39;ai abord\u00e9 au cours de la semaine, et c&#39;est la perception de ce qu&#39;Arteta dit publiquement lorsqu&#39;il est largement rapport\u00e9 dans les m\u00e9dias, par rapport \u00e0 la r\u00e9alit\u00e9 de ce qu&#39;il dit r\u00e9ellement et comment il le dit. Vaut bien votre temps.<\/p>\n<p>D&#39;accord, je vais le laisser l\u00e0 pour le moment. En plus du match contre Newcastle dimanche, nous avons notre \u00e9v\u00e9nement en direct \u00e0 Union Chapel samedi soir, et nous sommes impatients de voir beaucoup de vous l\u00e0-bas. Il y a des billets de rechange qui font le tour, j&#39;ai rendu ce post Patreon Public pour aider \u00e0 faciliter un \u00ab\u00e9change de billets\u00bb si vous le souhaitez, donc si vous avez manqu\u00e9 et que vous souhaitez venir, consultez-le.<\/p>\n<p>Pour l&#39;instant, je vous laisse avec le podcast d&#39;hier ci-dessous, j&#39;esp\u00e8re voir certains d&#39;entre vous au cours du week-end lors de l&#39;\u00e9v\u00e9nement et au-del\u00e0 (dites bonjour!), Et nous aurons un podcast d&#39;aper\u00e7u sur Patreon pour vous un peu plus tard cet apr\u00e8s-midi aussi. En avoir un bon.<\/p>\n<p><iframe loading=\"lazy\" src=\"https:\/\/embed.acast.com\/a1a58121-6fb4-43cf-8156-8d6df6fc312f\/6825dbefee813e8be2be0616\" width=\"100%\" height=\"300px\" frameborder=\"0\"><span style=\"display: inline-block; width: 0px; overflow: hidden; line-height: 0;\" data-mce-type=\"bookmark\" class=\"mce_SELRES_start\">\ufeff<\/span><\/iframe><\/p>\n<\/div>\n","protected":false},"excerpt":{"rendered":"<p>Matin. Un blog rapide du vendredi pour vous alors que je me dirige vers Londres ce matin. Le match contre Newcastle sera \u00e0 l&#39;ordre du<\/p>\n","protected":false},"author":1,"featured_media":24013,"comment_status":"closed","ping_status":"","sticky":false,"template":"","format":"standard","meta":{"footnotes":""},"categories":[3],"tags":[12,3895,2014,5156],"yoast_head":"<!-- This site is optimized with the Yoast SEO plugin v21.0 - https:\/\/yoast.com\/wordpress\/plugins\/seo\/ -->\n<title>La douleur des presque hommes<\/title>\n<meta name=\"robots\" content=\"index, follow, max-snippet:-1, max-image-preview:large, max-video-preview:-1\" \/>\n<link rel=\"canonical\" href=\"https:\/\/footdavant.fr\/actualites\/la-douleur-des-presque-hommes\/\" \/>\n<meta property=\"og:locale\" content=\"fr_FR\" \/>\n<meta property=\"og:type\" content=\"article\" \/>\n<meta property=\"og:title\" content=\"La douleur des presque hommes\" \/>\n<meta property=\"og:description\" content=\"Matin. Un blog rapide du vendredi pour vous alors que je me dirige vers Londres ce matin. Le match contre Newcastle sera \u00e0 l&#039;ordre du\" \/>\n<meta property=\"og:url\" content=\"https:\/\/footdavant.fr\/actualites\/la-douleur-des-presque-hommes\/\" \/>\n<meta property=\"og:site_name\" content=\"Foot d&#039;avant\" \/>\n<meta property=\"article:publisher\" content=\"https:\/\/www.facebook.com\/Footdavant\/\" \/>\n<meta property=\"article:published_time\" content=\"2025-05-17T03:49:58+00:00\" \/>\n<meta property=\"article:modified_time\" content=\"2025-05-17T03:49:59+00:00\" \/>\n<meta property=\"og:image\" content=\"https:\/\/footdavant.fr\/actualites\/wp-content\/uploads\/2025\/05\/La-douleur-des-presque-hommes.jpg\" \/>\n\t<meta property=\"og:image:width\" content=\"1500\" \/>\n\t<meta property=\"og:image:height\" content=\"750\" \/>\n\t<meta property=\"og:image:type\" content=\"image\/jpeg\" \/>\n<meta name=\"author\" content=\"Cl\u00e9ment\" \/>\n<meta name=\"twitter:card\" content=\"summary_large_image\" \/>\n<meta name=\"twitter:creator\" content=\"@FootdavantFr\" \/>\n<meta name=\"twitter:site\" content=\"@FootdavantFr\" \/>\n<meta name=\"twitter:label1\" content=\"\u00c9crit par\" \/>\n\t<meta name=\"twitter:data1\" content=\"Cl\u00e9ment\" \/>\n\t<meta name=\"twitter:label2\" content=\"Dur\u00e9e de lecture estim\u00e9e\" \/>\n\t<meta name=\"twitter:data2\" content=\"6 minutes\" \/>\n<script type=\"application\/ld+json\" class=\"yoast-schema-graph\">{\"@context\":\"https:\/\/schema.org\",\"@graph\":[{\"@type\":\"Article\",\"@id\":\"https:\/\/footdavant.fr\/actualites\/la-douleur-des-presque-hommes\/#article\",\"isPartOf\":{\"@id\":\"https:\/\/footdavant.fr\/actualites\/la-douleur-des-presque-hommes\/\"},\"author\":{\"name\":\"Cl\u00e9ment\",\"@id\":\"https:\/\/footdavant.fr\/actualites\/#\/schema\/person\/bc222566d95871b37e597b3ed3ba5e1d\"},\"headline\":\"La douleur des presque hommes\",\"datePublished\":\"2025-05-17T03:49:58+00:00\",\"dateModified\":\"2025-05-17T03:49:59+00:00\",\"mainEntityOfPage\":{\"@id\":\"https:\/\/footdavant.fr\/actualites\/la-douleur-des-presque-hommes\/\"},\"wordCount\":1119,\"publisher\":{\"@id\":\"https:\/\/footdavant.fr\/actualites\/#organization\"},\"keywords\":[\"des\",\"douleur\",\"hommes\",\"presque\"],\"articleSection\":[\"Football\"],\"inLanguage\":\"fr-FR\"},{\"@type\":\"WebPage\",\"@id\":\"https:\/\/footdavant.fr\/actualites\/la-douleur-des-presque-hommes\/\",\"url\":\"https:\/\/footdavant.fr\/actualites\/la-douleur-des-presque-hommes\/\",\"name\":\"La douleur des presque hommes\",\"isPartOf\":{\"@id\":\"https:\/\/footdavant.fr\/actualites\/#website\"},\"datePublished\":\"2025-05-17T03:49:58+00:00\",\"dateModified\":\"2025-05-17T03:49:59+00:00\",\"breadcrumb\":{\"@id\":\"https:\/\/footdavant.fr\/actualites\/la-douleur-des-presque-hommes\/#breadcrumb\"},\"inLanguage\":\"fr-FR\",\"potentialAction\":[{\"@type\":\"ReadAction\",\"target\":[\"https:\/\/footdavant.fr\/actualites\/la-douleur-des-presque-hommes\/\"]}]},{\"@type\":\"BreadcrumbList\",\"@id\":\"https:\/\/footdavant.fr\/actualites\/la-douleur-des-presque-hommes\/#breadcrumb\",\"itemListElement\":[{\"@type\":\"ListItem\",\"position\":1,\"name\":\"Accueil\",\"item\":\"https:\/\/footdavant.fr\/actualites\/\"},{\"@type\":\"ListItem\",\"position\":2,\"name\":\"La douleur des presque hommes\"}]},{\"@type\":\"WebSite\",\"@id\":\"https:\/\/footdavant.fr\/actualites\/#website\",\"url\":\"https:\/\/footdavant.fr\/actualites\/\",\"name\":\"Foot d'avant\",\"description\":\"\",\"publisher\":{\"@id\":\"https:\/\/footdavant.fr\/actualites\/#organization\"},\"potentialAction\":[{\"@type\":\"SearchAction\",\"target\":{\"@type\":\"EntryPoint\",\"urlTemplate\":\"https:\/\/footdavant.fr\/actualites\/?s={search_term_string}\"},\"query-input\":\"required name=search_term_string\"}],\"inLanguage\":\"fr-FR\"},{\"@type\":\"Organization\",\"@id\":\"https:\/\/footdavant.fr\/actualites\/#organization\",\"name\":\"Foot d'avant\",\"url\":\"https:\/\/footdavant.fr\/actualites\/\",\"logo\":{\"@type\":\"ImageObject\",\"inLanguage\":\"fr-FR\",\"@id\":\"https:\/\/footdavant.fr\/actualites\/#\/schema\/logo\/image\/\",\"url\":\"https:\/\/footdavant.fr\/actualites\/wp-content\/uploads\/2023\/09\/Copy-of-FootDavant-Logo.png\",\"contentUrl\":\"https:\/\/footdavant.fr\/actualites\/wp-content\/uploads\/2023\/09\/Copy-of-FootDavant-Logo.png\",\"width\":936,\"height\":549,\"caption\":\"Foot d'avant\"},\"image\":{\"@id\":\"https:\/\/footdavant.fr\/actualites\/#\/schema\/logo\/image\/\"},\"sameAs\":[\"https:\/\/www.facebook.com\/Footdavant\/\",\"https:\/\/twitter.com\/FootdavantFr\",\"https:\/\/www.instagram.com\/footdavant.fr\/\"]},{\"@type\":\"Person\",\"@id\":\"https:\/\/footdavant.fr\/actualites\/#\/schema\/person\/bc222566d95871b37e597b3ed3ba5e1d\",\"name\":\"Cl\u00e9ment\",\"image\":{\"@type\":\"ImageObject\",\"inLanguage\":\"fr-FR\",\"@id\":\"https:\/\/footdavant.fr\/actualites\/#\/schema\/person\/image\/\",\"url\":\"https:\/\/secure.gravatar.com\/avatar\/7728b29aac2719421e1a9159b2254c44?s=96&d=mm&r=g\",\"contentUrl\":\"https:\/\/secure.gravatar.com\/avatar\/7728b29aac2719421e1a9159b2254c44?s=96&d=mm&r=g\",\"caption\":\"Cl\u00e9ment\"},\"sameAs\":[\"https:\/\/footdavant.fr\/\"]}]}<\/script>\n<!-- \/ Yoast SEO plugin. -->","yoast_head_json":{"title":"La douleur des presque hommes","robots":{"index":"index","follow":"follow","max-snippet":"max-snippet:-1","max-image-preview":"max-image-preview:large","max-video-preview":"max-video-preview:-1"},"canonical":"https:\/\/footdavant.fr\/actualites\/la-douleur-des-presque-hommes\/","og_locale":"fr_FR","og_type":"article","og_title":"La douleur des presque hommes","og_description":"Matin. Un blog rapide du vendredi pour vous alors que je me dirige vers Londres ce matin. Le match contre Newcastle sera \u00e0 l&#39;ordre du","og_url":"https:\/\/footdavant.fr\/actualites\/la-douleur-des-presque-hommes\/","og_site_name":"Foot d&#039;avant","article_publisher":"https:\/\/www.facebook.com\/Footdavant\/","article_published_time":"2025-05-17T03:49:58+00:00","article_modified_time":"2025-05-17T03:49:59+00:00","og_image":[{"width":1500,"height":750,"url":"https:\/\/footdavant.fr\/actualites\/wp-content\/uploads\/2025\/05\/La-douleur-des-presque-hommes.jpg","type":"image\/jpeg"}],"author":"Cl\u00e9ment","twitter_card":"summary_large_image","twitter_creator":"@FootdavantFr","twitter_site":"@FootdavantFr","twitter_misc":{"\u00c9crit par":"Cl\u00e9ment","Dur\u00e9e de lecture estim\u00e9e":"6 minutes"},"schema":{"@context":"https:\/\/schema.org","@graph":[{"@type":"Article","@id":"https:\/\/footdavant.fr\/actualites\/la-douleur-des-presque-hommes\/#article","isPartOf":{"@id":"https:\/\/footdavant.fr\/actualites\/la-douleur-des-presque-hommes\/"},"author":{"name":"Cl\u00e9ment","@id":"https:\/\/footdavant.fr\/actualites\/#\/schema\/person\/bc222566d95871b37e597b3ed3ba5e1d"},"headline":"La douleur des presque hommes","datePublished":"2025-05-17T03:49:58+00:00","dateModified":"2025-05-17T03:49:59+00:00","mainEntityOfPage":{"@id":"https:\/\/footdavant.fr\/actualites\/la-douleur-des-presque-hommes\/"},"wordCount":1119,"publisher":{"@id":"https:\/\/footdavant.fr\/actualites\/#organization"},"keywords":["des","douleur","hommes","presque"],"articleSection":["Football"],"inLanguage":"fr-FR"},{"@type":"WebPage","@id":"https:\/\/footdavant.fr\/actualites\/la-douleur-des-presque-hommes\/","url":"https:\/\/footdavant.fr\/actualites\/la-douleur-des-presque-hommes\/","name":"La douleur des presque hommes","isPartOf":{"@id":"https:\/\/footdavant.fr\/actualites\/#website"},"datePublished":"2025-05-17T03:49:58+00:00","dateModified":"2025-05-17T03:49:59+00:00","breadcrumb":{"@id":"https:\/\/footdavant.fr\/actualites\/la-douleur-des-presque-hommes\/#breadcrumb"},"inLanguage":"fr-FR","potentialAction":[{"@type":"ReadAction","target":["https:\/\/footdavant.fr\/actualites\/la-douleur-des-presque-hommes\/"]}]},{"@type":"BreadcrumbList","@id":"https:\/\/footdavant.fr\/actualites\/la-douleur-des-presque-hommes\/#breadcrumb","itemListElement":[{"@type":"ListItem","position":1,"name":"Accueil","item":"https:\/\/footdavant.fr\/actualites\/"},{"@type":"ListItem","position":2,"name":"La douleur des presque hommes"}]},{"@type":"WebSite","@id":"https:\/\/footdavant.fr\/actualites\/#website","url":"https:\/\/footdavant.fr\/actualites\/","name":"Foot d'avant","description":"","publisher":{"@id":"https:\/\/footdavant.fr\/actualites\/#organization"},"potentialAction":[{"@type":"SearchAction","target":{"@type":"EntryPoint","urlTemplate":"https:\/\/footdavant.fr\/actualites\/?s={search_term_string}"},"query-input":"required name=search_term_string"}],"inLanguage":"fr-FR"},{"@type":"Organization","@id":"https:\/\/footdavant.fr\/actualites\/#organization","name":"Foot d'avant","url":"https:\/\/footdavant.fr\/actualites\/","logo":{"@type":"ImageObject","inLanguage":"fr-FR","@id":"https:\/\/footdavant.fr\/actualites\/#\/schema\/logo\/image\/","url":"https:\/\/footdavant.fr\/actualites\/wp-content\/uploads\/2023\/09\/Copy-of-FootDavant-Logo.png","contentUrl":"https:\/\/footdavant.fr\/actualites\/wp-content\/uploads\/2023\/09\/Copy-of-FootDavant-Logo.png","width":936,"height":549,"caption":"Foot d'avant"},"image":{"@id":"https:\/\/footdavant.fr\/actualites\/#\/schema\/logo\/image\/"},"sameAs":["https:\/\/www.facebook.com\/Footdavant\/","https:\/\/twitter.com\/FootdavantFr","https:\/\/www.instagram.com\/footdavant.fr\/"]},{"@type":"Person","@id":"https:\/\/footdavant.fr\/actualites\/#\/schema\/person\/bc222566d95871b37e597b3ed3ba5e1d","name":"Cl\u00e9ment","image":{"@type":"ImageObject","inLanguage":"fr-FR","@id":"https:\/\/footdavant.fr\/actualites\/#\/schema\/person\/image\/","url":"https:\/\/secure.gravatar.com\/avatar\/7728b29aac2719421e1a9159b2254c44?s=96&d=mm&r=g","contentUrl":"https:\/\/secure.gravatar.com\/avatar\/7728b29aac2719421e1a9159b2254c44?s=96&d=mm&r=g","caption":"Cl\u00e9ment"},"sameAs":["https:\/\/footdavant.fr\/"]}]}},"_links":{"self":[{"href":"https:\/\/footdavant.fr\/actualites\/wp-json\/wp\/v2\/posts\/24012"}],"collection":[{"href":"https:\/\/footdavant.fr\/actualites\/wp-json\/wp\/v2\/posts"}],"about":[{"href":"https:\/\/footdavant.fr\/actualites\/wp-json\/wp\/v2\/types\/post"}],"author":[{"embeddable":true,"href":"https:\/\/footdavant.fr\/actualites\/wp-json\/wp\/v2\/users\/1"}],"replies":[{"embeddable":true,"href":"https:\/\/footdavant.fr\/actualites\/wp-json\/wp\/v2\/comments?post=24012"}],"version-history":[{"count":1,"href":"https:\/\/footdavant.fr\/actualites\/wp-json\/wp\/v2\/posts\/24012\/revisions"}],"predecessor-version":[{"id":24014,"href":"https:\/\/footdavant.fr\/actualites\/wp-json\/wp\/v2\/posts\/24012\/revisions\/24014"}],"wp:featuredmedia":[{"embeddable":true,"href":"https:\/\/footdavant.fr\/actualites\/wp-json\/wp\/v2\/media\/24013"}],"wp:attachment":[{"href":"https:\/\/footdavant.fr\/actualites\/wp-json\/wp\/v2\/media?parent=24012"}],"wp:term":[{"taxonomy":"category","embeddable":true,"href":"https:\/\/footdavant.fr\/actualites\/wp-json\/wp\/v2\/categories?post=24012"},{"taxonomy":"post_tag","embeddable":true,"href":"https:\/\/footdavant.fr\/actualites\/wp-json\/wp\/v2\/tags?post=24012"}],"curies":[{"name":"wp","href":"https:\/\/api.w.org\/{rel}","templated":true}]}}