{"id":24031,"date":"2025-05-17T17:50:06","date_gmt":"2025-05-17T15:50:06","guid":{"rendered":"https:\/\/footdavant.fr\/actualites\/arteta-souvre-sur-la-transformation-du-corps-de-havertz-pendant-la-readaptation-des-blessures\/"},"modified":"2025-05-17T17:50:07","modified_gmt":"2025-05-17T15:50:07","slug":"arteta-souvre-sur-la-transformation-du-corps-de-havertz-pendant-la-readaptation-des-blessures","status":"publish","type":"post","link":"https:\/\/footdavant.fr\/actualites\/arteta-souvre-sur-la-transformation-du-corps-de-havertz-pendant-la-readaptation-des-blessures\/","title":{"rendered":"Arteta s&#39;ouvre sur la \u00abtransformation\u00bb du corps de Havertz pendant la r\u00e9adaptation des blessures"},"content":{"rendered":"<div>\n<p data-start=\"228\" data-end=\"434\"><span class=\"_fadeIn_m1hgl_8\">Arsenal <\/span><span class=\"_fadeIn_m1hgl_8\">directeur <\/span><span class=\"_fadeIn_m1hgl_8\">Mikel <\/span><span class=\"_fadeIn_m1hgl_8\">Arteta <\/span><span class=\"_fadeIn_m1hgl_8\">a <\/span><span class=\"_fadeIn_m1hgl_8\">lou\u00e9 <\/span><span class=\"_fadeIn_m1hgl_8\">Kai <\/span><span class=\"_fadeIn_m1hgl_8\">Havertz <\/span><span class=\"_fadeIn_m1hgl_8\">pour <\/span><span class=\"_fadeIn_m1hgl_8\">subissant un<\/span><span class=\"_fadeIn_m1hgl_8\"> <\/span><span class=\"_fadeIn_m1hgl_8\">physique <\/span><span class=\"_fadeIn_m1hgl_8\">transformation <\/span><span class=\"_fadeIn_m1hgl_8\">alors que <\/span><span class=\"_fadeIn_m1hgl_8\">en convalescence <\/span><span class=\"_fadeIn_m1hgl_8\">depuis <\/span><span class=\"_fadeIn_m1hgl_8\">un <\/span><span class=\"_fadeIn_m1hgl_8\">tendon <\/span><span class=\"_fadeIn_m1hgl_8\">blessure.<\/span><\/p>\n<p data-start=\"436\" data-end=\"719\"><span class=\"_fadeIn_m1hgl_8\">Havertz <\/span><span class=\"_fadeIn_m1hgl_8\">a <\/span><span class=\"_fadeIn_m1hgl_8\">a \u00e9t\u00e9 <\/span><span class=\"_fadeIn_m1hgl_8\">dehors <\/span><span class=\"_fadeIn_m1hgl_8\">de <\/span><span class=\"_fadeIn_m1hgl_8\">action <\/span><span class=\"_fadeIn_m1hgl_8\">depuis <\/span><span class=\"_fadeIn_m1hgl_8\">F\u00e9vrier <\/span><span class=\"_fadeIn_m1hgl_8\">apr\u00e8s <\/span><span class=\"_fadeIn_m1hgl_8\">soutenant <\/span><span class=\"_fadeIn_m1hgl_8\">le <\/span><span class=\"_fadeIn_m1hgl_8\">blessure <\/span><span class=\"_fadeIn_m1hgl_8\">pendant <\/span><span class=\"_fadeIn_m1hgl_8\">un <\/span><span class=\"_fadeIn_m1hgl_8\">milieu-<\/span><span class=\"_fadeIn_m1hgl_8\">saison <\/span><span class=\"_fadeIn_m1hgl_8\">entra\u00eenement <\/span><span class=\"_fadeIn_m1hgl_8\">camp <\/span><span class=\"_fadeIn_m1hgl_8\">dans <\/span><span class=\"_fadeIn_m1hgl_8\">Duba\u00ef. <\/span><span class=\"_fadeIn_m1hgl_8\">Initialement, <\/span><span class=\"_fadeIn_m1hgl_8\">il <\/span><span class=\"_fadeIn_m1hgl_8\">\u00e9tait <\/span><span class=\"_fadeIn_m1hgl_8\">incertain <\/span><span class=\"_fadeIn_m1hgl_8\">si <\/span><span class=\"_fadeIn_m1hgl_8\">il <\/span><span class=\"_fadeIn_m1hgl_8\">serait <\/span><span class=\"_fadeIn_m1hgl_8\">fonctionnalit\u00e9 <\/span><span class=\"_fadeIn_m1hgl_8\">encore <\/span><span class=\"_fadeIn_m1hgl_8\">ce <\/span><span class=\"_fadeIn_m1hgl_8\">terme, <\/span><span class=\"_fadeIn_m1hgl_8\">mais <\/span><span class=\"_fadeIn_m1hgl_8\">le <\/span><span class=\"_fadeIn_m1hgl_8\">24-<\/span><span class=\"_fadeIn_m1hgl_8\">ann\u00e9e-<\/span><span class=\"_fadeIn_m1hgl_8\">vieux <\/span><span class=\"_fadeIn_m1hgl_8\">est <\/span><span class=\"_fadeIn_m1hgl_8\">maintenant <\/span><span class=\"_fadeIn_m1hgl_8\">dans <\/span><span class=\"_fadeIn_m1hgl_8\">contention <\/span><span class=\"_fadeIn_m1hgl_8\">\u00e0 <\/span><span class=\"_fadeIn_m1hgl_8\">retour <\/span><span class=\"_fadeIn_m1hgl_8\">pour <\/span><span class=\"_fadeIn_m1hgl_8\">Dimanche <\/span><span class=\"_fadeIn_m1hgl_8\">maison <\/span><span class=\"_fadeIn_m1hgl_8\">correspondre <\/span><span class=\"_fadeIn_m1hgl_8\">contre <\/span><span class=\"_fadeIn_m1hgl_8\">Newcastle.<\/span><\/p>\n<p data-start=\"721\" data-end=\"941\"><span class=\"_fadeIn_m1hgl_8\">Fans <\/span><span class=\"_fadeIn_m1hgl_8\">a pris <\/span><span class=\"_fadeIn_m1hgl_8\">avis <\/span><span class=\"_fadeIn_m1hgl_8\">de <\/span><span class=\"_fadeIn_m1hgl_8\">Havertz <\/span><span class=\"_fadeIn_m1hgl_8\">visiblement <\/span><span class=\"_fadeIn_m1hgl_8\">plus <\/span><span class=\"_fadeIn_m1hgl_8\">musculaire <\/span><span class=\"_fadeIn_m1hgl_8\">cadre <\/span><span class=\"_fadeIn_m1hgl_8\">pendant <\/span><span class=\"_fadeIn_m1hgl_8\">un <\/span><span class=\"_fadeIn_m1hgl_8\">r\u00e9cent <\/span><span class=\"_fadeIn_m1hgl_8\">ouvrir <\/span><span class=\"_fadeIn_m1hgl_8\">entra\u00eenement <\/span><span class=\"_fadeIn_m1hgl_8\">session <\/span><span class=\"_fadeIn_m1hgl_8\">\u00e0 <\/span><span class=\"_fadeIn_m1hgl_8\">le <\/span><span class=\"_fadeIn_m1hgl_8\">Emirates, <\/span><span class=\"_fadeIn_m1hgl_8\">et <\/span><span class=\"_fadeIn_m1hgl_8\">Arteta <\/span><span class=\"_fadeIn_m1hgl_8\">confirm\u00e9 <\/span><span class=\"_fadeIn_m1hgl_8\">que <\/span><span class=\"_fadeIn_m1hgl_8\">le <\/span><span class=\"_fadeIn_m1hgl_8\">avant <\/span><span class=\"_fadeIn_m1hgl_8\">avait <\/span><span class=\"_fadeIn_m1hgl_8\">utilis\u00e9 <\/span><span class=\"_fadeIn_m1hgl_8\">son <\/span><span class=\"_fadeIn_m1hgl_8\">temps <\/span><span class=\"_fadeIn_m1hgl_8\">sur <\/span><span class=\"_fadeIn_m1hgl_8\">le <\/span><span class=\"_fadeIn_m1hgl_8\">lignes de touche <\/span><span class=\"_fadeIn_m1hgl_8\">\u00e0 <\/span><span class=\"_fadeIn_m1hgl_8\">r\u00e9inventer <\/span><span class=\"_fadeIn_m1hgl_8\">se <\/span><span class=\"_fadeIn_m1hgl_8\">physiquement.<\/span><\/p>\n<p data-start=\"943\" data-end=\"1162\"><span class=\"_fadeIn_m1hgl_8\">\u00ab\u00a0<\/span><span class=\"_fadeIn_m1hgl_8\">Il y a <\/span><span class=\"_fadeIn_m1hgl_8\">a \u00e9t\u00e9 <\/span><span class=\"_fadeIn_m1hgl_8\">un <\/span><span class=\"_fadeIn_m1hgl_8\">transformation <\/span><span class=\"_fadeIn_m1hgl_8\">dans <\/span><span class=\"_fadeIn_m1hgl_8\">son <\/span><span class=\"_fadeIn_m1hgl_8\">corps,\u00a0\u00bb<\/span> <span class=\"_fadeIn_m1hgl_8\">Arteta <\/span><span class=\"_fadeIn_m1hgl_8\">dit. <\/span><span class=\"_fadeIn_m1hgl_8\">\u00ab\u00a0<\/span><span class=\"_fadeIn_m1hgl_8\">Le <\/span><span class=\"_fadeIn_m1hgl_8\">dernier <\/span><span class=\"_fadeIn_m1hgl_8\">trois <\/span><span class=\"_fadeIn_m1hgl_8\">ann\u00e9es <\/span><span class=\"_fadeIn_m1hgl_8\">dans <\/span><span class=\"_fadeIn_m1hgl_8\">son <\/span><span class=\"_fadeIn_m1hgl_8\">carri\u00e8re <\/span><span class=\"_fadeIn_m1hgl_8\">avoir <\/span><span class=\"_fadeIn_m1hgl_8\">a \u00e9t\u00e9 <\/span><span class=\"_fadeIn_m1hgl_8\">donc <\/span><span class=\"_fadeIn_m1hgl_8\">condens\u00e9 <\/span><span class=\"_fadeIn_m1hgl_8\">que <\/span><span class=\"_fadeIn_m1hgl_8\">il <\/span><span class=\"_fadeIn_m1hgl_8\">n&#39;a pas <\/span><span class=\"_fadeIn_m1hgl_8\">avait <\/span><span class=\"_fadeIn_m1hgl_8\">temps <\/span><span class=\"_fadeIn_m1hgl_8\">\u00e0 <\/span><span class=\"_fadeIn_m1hgl_8\">faire <\/span><span class=\"_fadeIn_m1hgl_8\">que <\/span><span class=\"_fadeIn_m1hgl_8\">et <\/span><span class=\"_fadeIn_m1hgl_8\">ce <\/span><span class=\"_fadeIn_m1hgl_8\">a <\/span><span class=\"_fadeIn_m1hgl_8\">a \u00e9t\u00e9 <\/span><span class=\"_fadeIn_m1hgl_8\">un <\/span><span class=\"_fadeIn_m1hgl_8\">fen\u00eatre <\/span><span class=\"_fadeIn_m1hgl_8\">et <\/span><span class=\"_fadeIn_m1hgl_8\">il <\/span><span class=\"_fadeIn_m1hgl_8\">vraiment <\/span><span class=\"_fadeIn_m1hgl_8\">recherch\u00e9 <\/span><span class=\"_fadeIn_m1hgl_8\">\u00e0 <\/span><span class=\"_fadeIn_m1hgl_8\">utiliser <\/span><span class=\"_fadeIn_m1hgl_8\">il.<\/span><\/p>\n<p data-start=\"1346\" data-end=\"1591\"><span class=\"_fadeIn_m1hgl_8\">\u00ab\u00a0<\/span><span class=\"_fadeIn_m1hgl_8\">\u00c0 <\/span><span class=\"_fadeIn_m1hgl_8\">\u00eatre <\/span><span class=\"_fadeIn_m1hgl_8\">\u00e9quitable, <\/span><span class=\"_fadeIn_m1hgl_8\">le <\/span><span class=\"_fadeIn_m1hgl_8\">personnel <\/span><span class=\"_fadeIn_m1hgl_8\">et <\/span><span class=\"_fadeIn_m1hgl_8\">comment <\/span><span class=\"_fadeIn_m1hgl_8\">ils <\/span><span class=\"_fadeIn_m1hgl_8\">avoir <\/span><span class=\"_fadeIn_m1hgl_8\">expliqu\u00e9 <\/span><span class=\"_fadeIn_m1hgl_8\">le <\/span><span class=\"_fadeIn_m1hgl_8\">opportunit\u00e9 <\/span><span class=\"_fadeIn_m1hgl_8\">que <\/span><span class=\"_fadeIn_m1hgl_8\">est <\/span><span class=\"_fadeIn_m1hgl_8\">dans <\/span><span class=\"_fadeIn_m1hgl_8\">avec <\/span><span class=\"_fadeIn_m1hgl_8\">son <\/span><span class=\"_fadeIn_m1hgl_8\">physique <\/span><span class=\"_fadeIn_m1hgl_8\">\u00e0 <\/span><span class=\"_fadeIn_m1hgl_8\">aller <\/span><span class=\"_fadeIn_m1hgl_8\">\u00e0 <\/span><span class=\"_fadeIn_m1hgl_8\">un <\/span><span class=\"_fadeIn_m1hgl_8\">diff\u00e9rent <\/span><span class=\"_fadeIn_m1hgl_8\">niveau <\/span><span class=\"_fadeIn_m1hgl_8\">et <\/span><span class=\"_fadeIn_m1hgl_8\">le <\/span><span class=\"_fadeIn_m1hgl_8\">des choses <\/span><span class=\"_fadeIn_m1hgl_8\">que <\/span><span class=\"_fadeIn_m1hgl_8\">il <\/span><span class=\"_fadeIn_m1hgl_8\">peut <\/span><span class=\"_fadeIn_m1hgl_8\">am\u00e9liorer <\/span><span class=\"_fadeIn_m1hgl_8\">et <\/span><span class=\"_fadeIn_m1hgl_8\">il <\/span><span class=\"_fadeIn_m1hgl_8\">peut <\/span><span class=\"_fadeIn_m1hgl_8\">m\u00eame <\/span><span class=\"_fadeIn_m1hgl_8\">aide <\/span><span class=\"_fadeIn_m1hgl_8\">lui <\/span><span class=\"_fadeIn_m1hgl_8\">mentalement <\/span><span class=\"_fadeIn_m1hgl_8\">comme <\/span><span class=\"_fadeIn_m1hgl_8\">Bien <\/span><span class=\"_fadeIn_m1hgl_8\">comme <\/span><span class=\"_fadeIn_m1hgl_8\">\u00eatre <\/span><span class=\"_fadeIn_m1hgl_8\">plus <\/span><span class=\"_fadeIn_m1hgl_8\">efficace <\/span><span class=\"_fadeIn_m1hgl_8\">comme <\/span><span class=\"_fadeIn_m1hgl_8\">un <\/span><span class=\"_fadeIn_m1hgl_8\">joueur.<\/span><\/p>\n<p data-start=\"1593\" data-end=\"1777\"><span class=\"_fadeIn_m1hgl_8\">\u00ab\u00a0<\/span><span class=\"_fadeIn_m1hgl_8\">Il <\/span><span class=\"_fadeIn_m1hgl_8\">a obtenu <\/span><span class=\"_fadeIn_m1hgl_8\">sur <\/span><span class=\"_fadeIn_m1hgl_8\">conseil <\/span><span class=\"_fadeIn_m1hgl_8\">avec <\/span><span class=\"_fadeIn_m1hgl_8\">que, <\/span><span class=\"_fadeIn_m1hgl_8\">il <\/span><span class=\"_fadeIn_m1hgl_8\">travaill\u00e9 <\/span><span class=\"_fadeIn_m1hgl_8\">dur, <\/span><span class=\"_fadeIn_m1hgl_8\">a obtenu <\/span><span class=\"_fadeIn_m1hgl_8\">sur <\/span><span class=\"_fadeIn_m1hgl_8\">conseil <\/span><span class=\"_fadeIn_m1hgl_8\">avec <\/span><span class=\"_fadeIn_m1hgl_8\">que, <\/span><span class=\"_fadeIn_m1hgl_8\">toi <\/span><span class=\"_fadeIn_m1hgl_8\">peut <\/span><span class=\"_fadeIn_m1hgl_8\">voir <\/span><span class=\"_fadeIn_m1hgl_8\">son <\/span><span class=\"_fadeIn_m1hgl_8\">pr\u00e9sence <\/span><span class=\"_fadeIn_m1hgl_8\">et <\/span><span class=\"_fadeIn_m1hgl_8\">je <\/span><span class=\"_fadeIn_m1hgl_8\">pense <\/span><span class=\"_fadeIn_m1hgl_8\">il <\/span><span class=\"_fadeIn_m1hgl_8\">d\u00e9truit <\/span><span class=\"_fadeIn_m1hgl_8\">tous <\/span><span class=\"_fadeIn_m1hgl_8\">le <\/span><span class=\"_fadeIn_m1hgl_8\">m\u00e9trique <\/span><span class=\"_fadeIn_m1hgl_8\">que <\/span><span class=\"_fadeIn_m1hgl_8\">nous <\/span><span class=\"_fadeIn_m1hgl_8\">avait <\/span><span class=\"_fadeIn_m1hgl_8\">dans <\/span><span class=\"_fadeIn_m1hgl_8\">le <\/span><span class=\"_fadeIn_m1hgl_8\">salle de sport <\/span><span class=\"_fadeIn_m1hgl_8\">pour <\/span><span class=\"_fadeIn_m1hgl_8\">le <\/span><span class=\"_fadeIn_m1hgl_8\">dernier <\/span><span class=\"_fadeIn_m1hgl_8\">10 <\/span><span class=\"_fadeIn_m1hgl_8\">ann\u00e9es.\u00a0\u00bb<\/span><\/p>\n<blockquote class=\"twitter-tweet\" data-width=\"550\" data-dnt=\"true\">\n<p lang=\"en\" dir=\"ltr\">Kai Havertz, Declan Rice et Jorginho reviennent \u00e0 la formation. \ud83d\udd19 <a rel=\"nofollow\" href=\"https:\/\/t.co\/6vgtITXA8J\" rel=\"nofollow\">pic.twitter.com\/6vgtitxa8j<\/a><\/p>\n<p>&#8211; aftv (@aftvmedia) <a rel=\"nofollow\" href=\"https:\/\/twitter.com\/AFTVMedia\/status\/1922668181715300370?ref_src=twsrc%5Etfw\" rel=\"nofollow noopener\">14 mai 2025<\/a><\/p>\n<\/blockquote>\n<p data-start=\"1779\" data-end=\"1998\"><span class=\"_fadeIn_m1hgl_8\">\u00ab\u00a0<\/span><span class=\"_fadeIn_m1hgl_8\">Pouvoir, <\/span><span class=\"_fadeIn_m1hgl_8\">acc\u00e9l\u00e9ration, <\/span><span class=\"_fadeIn_m1hgl_8\">muscle <\/span><span class=\"_fadeIn_m1hgl_8\">masse, <\/span><span class=\"_fadeIn_m1hgl_8\">le <\/span><span class=\"_fadeIn_m1hgl_8\">chemin <\/span><span class=\"_fadeIn_m1hgl_8\">que <\/span><span class=\"_fadeIn_m1hgl_8\">il <\/span><span class=\"_fadeIn_m1hgl_8\">a <\/span><span class=\"_fadeIn_m1hgl_8\">augment\u00e9 <\/span><span class=\"_fadeIn_m1hgl_8\">certain <\/span><span class=\"_fadeIn_m1hgl_8\">capacit\u00e9s <\/span><span class=\"_fadeIn_m1hgl_8\">dans <\/span><span class=\"_fadeIn_m1hgl_8\">son <\/span><span class=\"_fadeIn_m1hgl_8\">corps, <\/span><span class=\"_fadeIn_m1hgl_8\">son <\/span><span class=\"_fadeIn_m1hgl_8\">agilit\u00e9, <\/span><span class=\"_fadeIn_m1hgl_8\">Il est <\/span><span class=\"_fadeIn_m1hgl_8\">a \u00e9t\u00e9 <\/span><span class=\"_fadeIn_m1hgl_8\">incroyable. <\/span><span class=\"_fadeIn_m1hgl_8\">je <\/span><span class=\"_fadeIn_m1hgl_8\">\u00e9tait <\/span><span class=\"_fadeIn_m1hgl_8\">parler <\/span><span class=\"_fadeIn_m1hgl_8\">\u00e0 <\/span><span class=\"_fadeIn_m1hgl_8\">le <\/span><span class=\"_fadeIn_m1hgl_8\">m\u00e9dical <\/span><span class=\"_fadeIn_m1hgl_8\">personnel <\/span><span class=\"_fadeIn_m1hgl_8\">le <\/span><span class=\"_fadeIn_m1hgl_8\">autre <\/span><span class=\"_fadeIn_m1hgl_8\">jour <\/span><span class=\"_fadeIn_m1hgl_8\">et <\/span><span class=\"_fadeIn_m1hgl_8\">ils <\/span><span class=\"_fadeIn_m1hgl_8\">\u00e9taient <\/span><span class=\"_fadeIn_m1hgl_8\">parler <\/span><span class=\"_fadeIn_m1hgl_8\">\u00e0 propos <\/span><span class=\"_fadeIn_m1hgl_8\">que.\u00a0\u00bb<\/span><\/p>\n<p data-start=\"2000\" data-end=\"2203\"><span class=\"_fadeIn_m1hgl_8\">Arteta <\/span><span class=\"_fadeIn_m1hgl_8\">\u00e9tait <\/span><span class=\"_fadeIn_m1hgl_8\">rapide <\/span><span class=\"_fadeIn_m1hgl_8\">\u00e0 <\/span><span class=\"_fadeIn_m1hgl_8\">applaudir <\/span><span class=\"_fadeIn_m1hgl_8\">le <\/span><span class=\"_fadeIn_m1hgl_8\">positif <\/span><span class=\"_fadeIn_m1hgl_8\">influence <\/span><span class=\"_fadeIn_m1hgl_8\">Havertz <\/span><span class=\"_fadeIn_m1hgl_8\">avait <\/span><span class=\"_fadeIn_m1hgl_8\">sur <\/span><span class=\"_fadeIn_m1hgl_8\">son <\/span><span class=\"_fadeIn_m1hgl_8\">co\u00e9quipiers <\/span><span class=\"_fadeIn_m1hgl_8\">malgr\u00e9 <\/span><span class=\"_fadeIn_m1hgl_8\">pas <\/span><span class=\"_fadeIn_m1hgl_8\">\u00eatre <\/span><span class=\"_fadeIn_m1hgl_8\">disponible <\/span><span class=\"_fadeIn_m1hgl_8\">pour <\/span><span class=\"_fadeIn_m1hgl_8\">s\u00e9lection, <\/span><span class=\"_fadeIn_m1hgl_8\">notation <\/span><span class=\"_fadeIn_m1hgl_8\">que <\/span><span class=\"_fadeIn_m1hgl_8\">son <\/span><span class=\"_fadeIn_m1hgl_8\">attitude <\/span><span class=\"_fadeIn_m1hgl_8\">aid\u00e9 <\/span><span class=\"_fadeIn_m1hgl_8\">ensemble <\/span><span class=\"_fadeIn_m1hgl_8\">un <\/span><span class=\"_fadeIn_m1hgl_8\">plus haut <\/span><span class=\"_fadeIn_m1hgl_8\">standard <\/span><span class=\"_fadeIn_m1hgl_8\">pour <\/span><span class=\"_fadeIn_m1hgl_8\">le <\/span><span class=\"_fadeIn_m1hgl_8\">repos <\/span><span class=\"_fadeIn_m1hgl_8\">de <\/span><span class=\"_fadeIn_m1hgl_8\">le <\/span><span class=\"_fadeIn_m1hgl_8\">\u00e9quipe.<\/span><\/p>\n<p data-start=\"2205\" data-end=\"2390\"><span class=\"_fadeIn_m1hgl_8\">\u00ab\u00a0<\/span><span class=\"_fadeIn_m1hgl_8\">C&#39;est <\/span><span class=\"_fadeIn_m1hgl_8\">a \u00e9t\u00e9 <\/span><span class=\"_fadeIn_m1hgl_8\">un <\/span><span class=\"_fadeIn_m1hgl_8\">ph\u00e9nom\u00e9nal <\/span><span class=\"_fadeIn_m1hgl_8\">effort <\/span><span class=\"_fadeIn_m1hgl_8\">depuis <\/span><span class=\"_fadeIn_m1hgl_8\">tous <\/span><span class=\"_fadeIn_m1hgl_8\">de <\/span><span class=\"_fadeIn_m1hgl_8\">eux <\/span><span class=\"_fadeIn_m1hgl_8\">sous <\/span><span class=\"_fadeIn_m1hgl_8\">le <\/span><span class=\"_fadeIn_m1hgl_8\">circonstances. <\/span><span class=\"_fadeIn_m1hgl_8\">Dernier <\/span><span class=\"_fadeIn_m1hgl_8\">maison <\/span><span class=\"_fadeIn_m1hgl_8\">jeu <\/span><span class=\"_fadeIn_m1hgl_8\">est <\/span><span class=\"_fadeIn_m1hgl_8\">toujours <\/span><span class=\"_fadeIn_m1hgl_8\">un <\/span><span class=\"_fadeIn_m1hgl_8\">sp\u00e9cial <\/span><span class=\"_fadeIn_m1hgl_8\">occasion <\/span><span class=\"_fadeIn_m1hgl_8\">et <\/span><span class=\"_fadeIn_m1hgl_8\">il <\/span><span class=\"_fadeIn_m1hgl_8\">est <\/span><span class=\"_fadeIn_m1hgl_8\">notre <\/span><span class=\"_fadeIn_m1hgl_8\">chance <\/span><span class=\"_fadeIn_m1hgl_8\">\u00e0 <\/span><span class=\"_fadeIn_m1hgl_8\">envelopper <\/span><span class=\"_fadeIn_m1hgl_8\">en haut <\/span><span class=\"_fadeIn_m1hgl_8\">Champion <\/span><span class=\"_fadeIn_m1hgl_8\">Ligue <\/span><span class=\"_fadeIn_m1hgl_8\">qualification.<\/span><\/p>\n<p data-start=\"2392\" data-end=\"2675\"><span class=\"_fadeIn_m1hgl_8\">\u00ab\u00a0<\/span><span class=\"_fadeIn_m1hgl_8\">Pour <\/span><span class=\"_fadeIn_m1hgl_8\">quelqu&#39;un <\/span><span class=\"_fadeIn_m1hgl_8\">que <\/span><span class=\"_fadeIn_m1hgl_8\">est <\/span><span class=\"_fadeIn_m1hgl_8\">pas <\/span><span class=\"_fadeIn_m1hgl_8\">dans <\/span><span class=\"_fadeIn_m1hgl_8\">le <\/span><span class=\"_fadeIn_m1hgl_8\">\u00e9quipe <\/span><span class=\"_fadeIn_m1hgl_8\">\u00e0 <\/span><span class=\"_fadeIn_m1hgl_8\">avoir <\/span><span class=\"_fadeIn_m1hgl_8\">que <\/span><span class=\"_fadeIn_m1hgl_8\">\u00e9tat d&#39;esprit, <\/span><span class=\"_fadeIn_m1hgl_8\">le <\/span><span class=\"_fadeIn_m1hgl_8\">seulement <\/span><span class=\"_fadeIn_m1hgl_8\">chose <\/span><span class=\"_fadeIn_m1hgl_8\">il <\/span><span class=\"_fadeIn_m1hgl_8\">a <\/span><span class=\"_fadeIn_m1hgl_8\">fait <\/span><span class=\"_fadeIn_m1hgl_8\">est <\/span><span class=\"_fadeIn_m1hgl_8\">augmenter <\/span><span class=\"_fadeIn_m1hgl_8\">le <\/span><span class=\"_fadeIn_m1hgl_8\">normes <\/span><span class=\"_fadeIn_m1hgl_8\">dans <\/span><span class=\"_fadeIn_m1hgl_8\">le <\/span><span class=\"_fadeIn_m1hgl_8\">b\u00e2timent <\/span><span class=\"_fadeIn_m1hgl_8\">parce que <\/span><span class=\"_fadeIn_m1hgl_8\">le <\/span><span class=\"_fadeIn_m1hgl_8\">autre <\/span><span class=\"_fadeIn_m1hgl_8\">ceux <\/span><span class=\"_fadeIn_m1hgl_8\">dans <\/span><span class=\"_fadeIn_m1hgl_8\">le <\/span><span class=\"_fadeIn_m1hgl_8\">b\u00e2timent <\/span><span class=\"_fadeIn_m1hgl_8\">OMS <\/span><span class=\"_fadeIn_m1hgl_8\">sont <\/span><span class=\"_fadeIn_m1hgl_8\">bless\u00e9 <\/span><span class=\"_fadeIn_m1hgl_8\">\u00e9taient <\/span><span class=\"_fadeIn_m1hgl_8\">regarder <\/span><span class=\"_fadeIn_m1hgl_8\">\u00e0 <\/span><span class=\"_fadeIn_m1hgl_8\">lui, &#39;<\/span><span class=\"_fadeIn_m1hgl_8\">Je suis <\/span><span class=\"_fadeIn_m1hgl_8\">en allant <\/span><span class=\"_fadeIn_m1hgl_8\">\u00e0 <\/span><span class=\"_fadeIn_m1hgl_8\">regarder <\/span><span class=\"_fadeIn_m1hgl_8\">mauvais <\/span><span class=\"_fadeIn_m1hgl_8\">si <\/span><span class=\"_fadeIn_m1hgl_8\">je <\/span><span class=\"_fadeIn_m1hgl_8\">ne le faites pas <\/span><span class=\"_fadeIn_m1hgl_8\">faire <\/span><span class=\"_fadeIn_m1hgl_8\">le <\/span><span class=\"_fadeIn_m1hgl_8\">m\u00eame&#39; <\/span><span class=\"_fadeIn_m1hgl_8\">donc <\/span><span class=\"_fadeIn_m1hgl_8\">c&#39;est <\/span><span class=\"_fadeIn_m1hgl_8\">partie <\/span><span class=\"_fadeIn_m1hgl_8\">de <\/span><span class=\"_fadeIn_m1hgl_8\">le <\/span><span class=\"_fadeIn_m1hgl_8\">culture.\u00a0\u00bb<\/span><\/p>\n<p data-start=\"2677\" data-end=\"2897\"><span class=\"_fadeIn_m1hgl_8\">\u00ab\u00a0<\/span><span class=\"_fadeIn_m1hgl_8\">Et <\/span><span class=\"_fadeIn_m1hgl_8\">tr\u00e8s <\/span><span class=\"_fadeIn_m1hgl_8\">reconnaissant <\/span><span class=\"_fadeIn_m1hgl_8\">parce que <\/span><span class=\"_fadeIn_m1hgl_8\">quand <\/span><span class=\"_fadeIn_m1hgl_8\">le <\/span><span class=\"_fadeIn_m1hgl_8\">joueurs <\/span><span class=\"_fadeIn_m1hgl_8\">que <\/span><span class=\"_fadeIn_m1hgl_8\">sont <\/span><span class=\"_fadeIn_m1hgl_8\">pas <\/span><span class=\"_fadeIn_m1hgl_8\">jouant <\/span><span class=\"_fadeIn_m1hgl_8\">sont <\/span><span class=\"_fadeIn_m1hgl_8\">faire <\/span><span class=\"_fadeIn_m1hgl_8\">que, <\/span><span class=\"_fadeIn_m1hgl_8\">c&#39;est <\/span><span class=\"_fadeIn_m1hgl_8\">juste <\/span><span class=\"_fadeIn_m1hgl_8\">\u00e9levage <\/span><span class=\"_fadeIn_m1hgl_8\">le <\/span><span class=\"_fadeIn_m1hgl_8\">bar <\/span><span class=\"_fadeIn_m1hgl_8\">pour <\/span><span class=\"_fadeIn_m1hgl_8\">le <\/span><span class=\"_fadeIn_m1hgl_8\">suivant <\/span><span class=\"_fadeIn_m1hgl_8\">un <\/span><span class=\"_fadeIn_m1hgl_8\">\u00e0 <\/span><span class=\"_fadeIn_m1hgl_8\">viens. <\/span><span class=\"_fadeIn_m1hgl_8\">Si <\/span><span class=\"_fadeIn_m1hgl_8\">il <\/span><span class=\"_fadeIn_m1hgl_8\">est <\/span><span class=\"_fadeIn_m1hgl_8\">pas <\/span><span class=\"_fadeIn_m1hgl_8\">\u00e0 <\/span><span class=\"_fadeIn_m1hgl_8\">que <\/span><span class=\"_fadeIn_m1hgl_8\">niveau <\/span><span class=\"_fadeIn_m1hgl_8\">il <\/span><span class=\"_fadeIn_m1hgl_8\">est <\/span><span class=\"_fadeIn_m1hgl_8\">en allant <\/span><span class=\"_fadeIn_m1hgl_8\">\u00e0 <\/span><span class=\"_fadeIn_m1hgl_8\">obtenir <\/span><span class=\"_fadeIn_m1hgl_8\">expos\u00e9 <\/span><span class=\"_fadeIn_m1hgl_8\">donc <\/span><span class=\"_fadeIn_m1hgl_8\">que <\/span><span class=\"_fadeIn_m1hgl_8\">volont\u00e9 <\/span><span class=\"_fadeIn_m1hgl_8\">faire <\/span><span class=\"_fadeIn_m1hgl_8\">nous <\/span><span class=\"_fadeIn_m1hgl_8\">mieux.\u00a0\u00bb<\/span><\/p>\n<\/div>\n<p><script async src=\"https:\/\/platform.twitter.com\/widgets.js\" charset=\"utf-8\"><\/script><\/p>\n","protected":false},"excerpt":{"rendered":"<p>Arsenal directeur Mikel Arteta a lou\u00e9 Kai Havertz pour subissant un physique transformation alors que en convalescence depuis un tendon blessure. Havertz a a \u00e9t\u00e9<\/p>\n","protected":false},"author":1,"featured_media":24032,"comment_status":"closed","ping_status":"","sticky":false,"template":"","format":"standard","meta":{"footnotes":""},"categories":[3],"tags":[211,155,9252,12,1307,131,9253,6110,103,9251],"yoast_head":"<!-- This site is optimized with the Yoast SEO plugin v21.0 - https:\/\/yoast.com\/wordpress\/plugins\/seo\/ -->\n<title>Arteta s&#039;ouvre sur la \u00abtransformation\u00bb du corps de Havertz pendant la r\u00e9adaptation des blessures<\/title>\n<meta name=\"robots\" content=\"index, follow, max-snippet:-1, max-image-preview:large, max-video-preview:-1\" \/>\n<link rel=\"canonical\" href=\"https:\/\/footdavant.fr\/actualites\/arteta-souvre-sur-la-transformation-du-corps-de-havertz-pendant-la-readaptation-des-blessures\/\" \/>\n<meta property=\"og:locale\" content=\"fr_FR\" \/>\n<meta property=\"og:type\" content=\"article\" \/>\n<meta property=\"og:title\" content=\"Arteta s&#039;ouvre sur la \u00abtransformation\u00bb du corps de Havertz pendant la r\u00e9adaptation des blessures\" \/>\n<meta property=\"og:description\" content=\"Arsenal directeur Mikel Arteta a lou\u00e9 Kai Havertz pour subissant un physique transformation alors que en convalescence depuis un tendon blessure. Havertz a a \u00e9t\u00e9\" \/>\n<meta property=\"og:url\" content=\"https:\/\/footdavant.fr\/actualites\/arteta-souvre-sur-la-transformation-du-corps-de-havertz-pendant-la-readaptation-des-blessures\/\" \/>\n<meta property=\"og:site_name\" content=\"Foot d&#039;avant\" \/>\n<meta property=\"article:publisher\" content=\"https:\/\/www.facebook.com\/Footdavant\/\" \/>\n<meta property=\"article:published_time\" content=\"2025-05-17T15:50:06+00:00\" \/>\n<meta property=\"article:modified_time\" content=\"2025-05-17T15:50:07+00:00\" \/>\n<meta property=\"og:image\" content=\"https:\/\/footdavant.fr\/actualites\/wp-content\/uploads\/2025\/05\/Arteta-s39ouvre-sur-la-transformation-du-corps-de-Havertz-pendant.jpg\" \/>\n\t<meta property=\"og:image:width\" content=\"1200\" \/>\n\t<meta property=\"og:image:height\" content=\"675\" \/>\n\t<meta property=\"og:image:type\" content=\"image\/jpeg\" \/>\n<meta name=\"author\" content=\"Cl\u00e9ment\" \/>\n<meta name=\"twitter:card\" content=\"summary_large_image\" \/>\n<meta name=\"twitter:creator\" content=\"@FootdavantFr\" \/>\n<meta name=\"twitter:site\" content=\"@FootdavantFr\" \/>\n<meta name=\"twitter:label1\" content=\"\u00c9crit par\" \/>\n\t<meta name=\"twitter:data1\" content=\"Cl\u00e9ment\" \/>\n\t<meta name=\"twitter:label2\" content=\"Dur\u00e9e de lecture estim\u00e9e\" \/>\n\t<meta name=\"twitter:data2\" content=\"2 minutes\" \/>\n<script type=\"application\/ld+json\" class=\"yoast-schema-graph\">{\"@context\":\"https:\/\/schema.org\",\"@graph\":[{\"@type\":\"Article\",\"@id\":\"https:\/\/footdavant.fr\/actualites\/arteta-souvre-sur-la-transformation-du-corps-de-havertz-pendant-la-readaptation-des-blessures\/#article\",\"isPartOf\":{\"@id\":\"https:\/\/footdavant.fr\/actualites\/arteta-souvre-sur-la-transformation-du-corps-de-havertz-pendant-la-readaptation-des-blessures\/\"},\"author\":{\"name\":\"Cl\u00e9ment\",\"@id\":\"https:\/\/footdavant.fr\/actualites\/#\/schema\/person\/bc222566d95871b37e597b3ed3ba5e1d\"},\"headline\":\"Arteta s&#39;ouvre sur la \u00abtransformation\u00bb du corps de Havertz pendant la r\u00e9adaptation des blessures\",\"datePublished\":\"2025-05-17T15:50:06+00:00\",\"dateModified\":\"2025-05-17T15:50:07+00:00\",\"mainEntityOfPage\":{\"@id\":\"https:\/\/footdavant.fr\/actualites\/arteta-souvre-sur-la-transformation-du-corps-de-havertz-pendant-la-readaptation-des-blessures\/\"},\"wordCount\":512,\"publisher\":{\"@id\":\"https:\/\/footdavant.fr\/actualites\/#organization\"},\"keywords\":[\"Arteta\",\"blessures\",\"corps\",\"des\",\"Havertz\",\"pendant\",\"r\u00e9adaptation\",\"s39ouvre\",\"sur\",\"transformation\"],\"articleSection\":[\"Football\"],\"inLanguage\":\"fr-FR\"},{\"@type\":\"WebPage\",\"@id\":\"https:\/\/footdavant.fr\/actualites\/arteta-souvre-sur-la-transformation-du-corps-de-havertz-pendant-la-readaptation-des-blessures\/\",\"url\":\"https:\/\/footdavant.fr\/actualites\/arteta-souvre-sur-la-transformation-du-corps-de-havertz-pendant-la-readaptation-des-blessures\/\",\"name\":\"Arteta s&#39;ouvre sur la \u00abtransformation\u00bb du corps de Havertz pendant la r\u00e9adaptation des blessures\",\"isPartOf\":{\"@id\":\"https:\/\/footdavant.fr\/actualites\/#website\"},\"datePublished\":\"2025-05-17T15:50:06+00:00\",\"dateModified\":\"2025-05-17T15:50:07+00:00\",\"breadcrumb\":{\"@id\":\"https:\/\/footdavant.fr\/actualites\/arteta-souvre-sur-la-transformation-du-corps-de-havertz-pendant-la-readaptation-des-blessures\/#breadcrumb\"},\"inLanguage\":\"fr-FR\",\"potentialAction\":[{\"@type\":\"ReadAction\",\"target\":[\"https:\/\/footdavant.fr\/actualites\/arteta-souvre-sur-la-transformation-du-corps-de-havertz-pendant-la-readaptation-des-blessures\/\"]}]},{\"@type\":\"BreadcrumbList\",\"@id\":\"https:\/\/footdavant.fr\/actualites\/arteta-souvre-sur-la-transformation-du-corps-de-havertz-pendant-la-readaptation-des-blessures\/#breadcrumb\",\"itemListElement\":[{\"@type\":\"ListItem\",\"position\":1,\"name\":\"Accueil\",\"item\":\"https:\/\/footdavant.fr\/actualites\/\"},{\"@type\":\"ListItem\",\"position\":2,\"name\":\"Arteta s&#39;ouvre sur la \u00abtransformation\u00bb du corps de Havertz pendant la r\u00e9adaptation des blessures\"}]},{\"@type\":\"WebSite\",\"@id\":\"https:\/\/footdavant.fr\/actualites\/#website\",\"url\":\"https:\/\/footdavant.fr\/actualites\/\",\"name\":\"Foot d'avant\",\"description\":\"\",\"publisher\":{\"@id\":\"https:\/\/footdavant.fr\/actualites\/#organization\"},\"potentialAction\":[{\"@type\":\"SearchAction\",\"target\":{\"@type\":\"EntryPoint\",\"urlTemplate\":\"https:\/\/footdavant.fr\/actualites\/?s={search_term_string}\"},\"query-input\":\"required name=search_term_string\"}],\"inLanguage\":\"fr-FR\"},{\"@type\":\"Organization\",\"@id\":\"https:\/\/footdavant.fr\/actualites\/#organization\",\"name\":\"Foot d'avant\",\"url\":\"https:\/\/footdavant.fr\/actualites\/\",\"logo\":{\"@type\":\"ImageObject\",\"inLanguage\":\"fr-FR\",\"@id\":\"https:\/\/footdavant.fr\/actualites\/#\/schema\/logo\/image\/\",\"url\":\"https:\/\/footdavant.fr\/actualites\/wp-content\/uploads\/2023\/09\/Copy-of-FootDavant-Logo.png\",\"contentUrl\":\"https:\/\/footdavant.fr\/actualites\/wp-content\/uploads\/2023\/09\/Copy-of-FootDavant-Logo.png\",\"width\":936,\"height\":549,\"caption\":\"Foot d'avant\"},\"image\":{\"@id\":\"https:\/\/footdavant.fr\/actualites\/#\/schema\/logo\/image\/\"},\"sameAs\":[\"https:\/\/www.facebook.com\/Footdavant\/\",\"https:\/\/twitter.com\/FootdavantFr\",\"https:\/\/www.instagram.com\/footdavant.fr\/\"]},{\"@type\":\"Person\",\"@id\":\"https:\/\/footdavant.fr\/actualites\/#\/schema\/person\/bc222566d95871b37e597b3ed3ba5e1d\",\"name\":\"Cl\u00e9ment\",\"image\":{\"@type\":\"ImageObject\",\"inLanguage\":\"fr-FR\",\"@id\":\"https:\/\/footdavant.fr\/actualites\/#\/schema\/person\/image\/\",\"url\":\"https:\/\/secure.gravatar.com\/avatar\/7728b29aac2719421e1a9159b2254c44?s=96&d=mm&r=g\",\"contentUrl\":\"https:\/\/secure.gravatar.com\/avatar\/7728b29aac2719421e1a9159b2254c44?s=96&d=mm&r=g\",\"caption\":\"Cl\u00e9ment\"},\"sameAs\":[\"https:\/\/footdavant.fr\/\"]}]}<\/script>\n<!-- \/ Yoast SEO plugin. -->","yoast_head_json":{"title":"Arteta s&#39;ouvre sur la \u00abtransformation\u00bb du corps de Havertz pendant la r\u00e9adaptation des blessures","robots":{"index":"index","follow":"follow","max-snippet":"max-snippet:-1","max-image-preview":"max-image-preview:large","max-video-preview":"max-video-preview:-1"},"canonical":"https:\/\/footdavant.fr\/actualites\/arteta-souvre-sur-la-transformation-du-corps-de-havertz-pendant-la-readaptation-des-blessures\/","og_locale":"fr_FR","og_type":"article","og_title":"Arteta s&#39;ouvre sur la \u00abtransformation\u00bb du corps de Havertz pendant la r\u00e9adaptation des blessures","og_description":"Arsenal directeur Mikel Arteta a lou\u00e9 Kai Havertz pour subissant un physique transformation alors que en convalescence depuis un tendon blessure. Havertz a a \u00e9t\u00e9","og_url":"https:\/\/footdavant.fr\/actualites\/arteta-souvre-sur-la-transformation-du-corps-de-havertz-pendant-la-readaptation-des-blessures\/","og_site_name":"Foot d&#039;avant","article_publisher":"https:\/\/www.facebook.com\/Footdavant\/","article_published_time":"2025-05-17T15:50:06+00:00","article_modified_time":"2025-05-17T15:50:07+00:00","og_image":[{"width":1200,"height":675,"url":"https:\/\/footdavant.fr\/actualites\/wp-content\/uploads\/2025\/05\/Arteta-s39ouvre-sur-la-transformation-du-corps-de-Havertz-pendant.jpg","type":"image\/jpeg"}],"author":"Cl\u00e9ment","twitter_card":"summary_large_image","twitter_creator":"@FootdavantFr","twitter_site":"@FootdavantFr","twitter_misc":{"\u00c9crit par":"Cl\u00e9ment","Dur\u00e9e de lecture estim\u00e9e":"2 minutes"},"schema":{"@context":"https:\/\/schema.org","@graph":[{"@type":"Article","@id":"https:\/\/footdavant.fr\/actualites\/arteta-souvre-sur-la-transformation-du-corps-de-havertz-pendant-la-readaptation-des-blessures\/#article","isPartOf":{"@id":"https:\/\/footdavant.fr\/actualites\/arteta-souvre-sur-la-transformation-du-corps-de-havertz-pendant-la-readaptation-des-blessures\/"},"author":{"name":"Cl\u00e9ment","@id":"https:\/\/footdavant.fr\/actualites\/#\/schema\/person\/bc222566d95871b37e597b3ed3ba5e1d"},"headline":"Arteta s&#39;ouvre sur la \u00abtransformation\u00bb du corps de Havertz pendant la r\u00e9adaptation des blessures","datePublished":"2025-05-17T15:50:06+00:00","dateModified":"2025-05-17T15:50:07+00:00","mainEntityOfPage":{"@id":"https:\/\/footdavant.fr\/actualites\/arteta-souvre-sur-la-transformation-du-corps-de-havertz-pendant-la-readaptation-des-blessures\/"},"wordCount":512,"publisher":{"@id":"https:\/\/footdavant.fr\/actualites\/#organization"},"keywords":["Arteta","blessures","corps","des","Havertz","pendant","r\u00e9adaptation","s39ouvre","sur","transformation"],"articleSection":["Football"],"inLanguage":"fr-FR"},{"@type":"WebPage","@id":"https:\/\/footdavant.fr\/actualites\/arteta-souvre-sur-la-transformation-du-corps-de-havertz-pendant-la-readaptation-des-blessures\/","url":"https:\/\/footdavant.fr\/actualites\/arteta-souvre-sur-la-transformation-du-corps-de-havertz-pendant-la-readaptation-des-blessures\/","name":"Arteta s&#39;ouvre sur la \u00abtransformation\u00bb du corps de Havertz pendant la r\u00e9adaptation des blessures","isPartOf":{"@id":"https:\/\/footdavant.fr\/actualites\/#website"},"datePublished":"2025-05-17T15:50:06+00:00","dateModified":"2025-05-17T15:50:07+00:00","breadcrumb":{"@id":"https:\/\/footdavant.fr\/actualites\/arteta-souvre-sur-la-transformation-du-corps-de-havertz-pendant-la-readaptation-des-blessures\/#breadcrumb"},"inLanguage":"fr-FR","potentialAction":[{"@type":"ReadAction","target":["https:\/\/footdavant.fr\/actualites\/arteta-souvre-sur-la-transformation-du-corps-de-havertz-pendant-la-readaptation-des-blessures\/"]}]},{"@type":"BreadcrumbList","@id":"https:\/\/footdavant.fr\/actualites\/arteta-souvre-sur-la-transformation-du-corps-de-havertz-pendant-la-readaptation-des-blessures\/#breadcrumb","itemListElement":[{"@type":"ListItem","position":1,"name":"Accueil","item":"https:\/\/footdavant.fr\/actualites\/"},{"@type":"ListItem","position":2,"name":"Arteta s&#39;ouvre sur la \u00abtransformation\u00bb du corps de Havertz pendant la r\u00e9adaptation des blessures"}]},{"@type":"WebSite","@id":"https:\/\/footdavant.fr\/actualites\/#website","url":"https:\/\/footdavant.fr\/actualites\/","name":"Foot d'avant","description":"","publisher":{"@id":"https:\/\/footdavant.fr\/actualites\/#organization"},"potentialAction":[{"@type":"SearchAction","target":{"@type":"EntryPoint","urlTemplate":"https:\/\/footdavant.fr\/actualites\/?s={search_term_string}"},"query-input":"required name=search_term_string"}],"inLanguage":"fr-FR"},{"@type":"Organization","@id":"https:\/\/footdavant.fr\/actualites\/#organization","name":"Foot d'avant","url":"https:\/\/footdavant.fr\/actualites\/","logo":{"@type":"ImageObject","inLanguage":"fr-FR","@id":"https:\/\/footdavant.fr\/actualites\/#\/schema\/logo\/image\/","url":"https:\/\/footdavant.fr\/actualites\/wp-content\/uploads\/2023\/09\/Copy-of-FootDavant-Logo.png","contentUrl":"https:\/\/footdavant.fr\/actualites\/wp-content\/uploads\/2023\/09\/Copy-of-FootDavant-Logo.png","width":936,"height":549,"caption":"Foot d'avant"},"image":{"@id":"https:\/\/footdavant.fr\/actualites\/#\/schema\/logo\/image\/"},"sameAs":["https:\/\/www.facebook.com\/Footdavant\/","https:\/\/twitter.com\/FootdavantFr","https:\/\/www.instagram.com\/footdavant.fr\/"]},{"@type":"Person","@id":"https:\/\/footdavant.fr\/actualites\/#\/schema\/person\/bc222566d95871b37e597b3ed3ba5e1d","name":"Cl\u00e9ment","image":{"@type":"ImageObject","inLanguage":"fr-FR","@id":"https:\/\/footdavant.fr\/actualites\/#\/schema\/person\/image\/","url":"https:\/\/secure.gravatar.com\/avatar\/7728b29aac2719421e1a9159b2254c44?s=96&d=mm&r=g","contentUrl":"https:\/\/secure.gravatar.com\/avatar\/7728b29aac2719421e1a9159b2254c44?s=96&d=mm&r=g","caption":"Cl\u00e9ment"},"sameAs":["https:\/\/footdavant.fr\/"]}]}},"_links":{"self":[{"href":"https:\/\/footdavant.fr\/actualites\/wp-json\/wp\/v2\/posts\/24031"}],"collection":[{"href":"https:\/\/footdavant.fr\/actualites\/wp-json\/wp\/v2\/posts"}],"about":[{"href":"https:\/\/footdavant.fr\/actualites\/wp-json\/wp\/v2\/types\/post"}],"author":[{"embeddable":true,"href":"https:\/\/footdavant.fr\/actualites\/wp-json\/wp\/v2\/users\/1"}],"replies":[{"embeddable":true,"href":"https:\/\/footdavant.fr\/actualites\/wp-json\/wp\/v2\/comments?post=24031"}],"version-history":[{"count":1,"href":"https:\/\/footdavant.fr\/actualites\/wp-json\/wp\/v2\/posts\/24031\/revisions"}],"predecessor-version":[{"id":24033,"href":"https:\/\/footdavant.fr\/actualites\/wp-json\/wp\/v2\/posts\/24031\/revisions\/24033"}],"wp:featuredmedia":[{"embeddable":true,"href":"https:\/\/footdavant.fr\/actualites\/wp-json\/wp\/v2\/media\/24032"}],"wp:attachment":[{"href":"https:\/\/footdavant.fr\/actualites\/wp-json\/wp\/v2\/media?parent=24031"}],"wp:term":[{"taxonomy":"category","embeddable":true,"href":"https:\/\/footdavant.fr\/actualites\/wp-json\/wp\/v2\/categories?post=24031"},{"taxonomy":"post_tag","embeddable":true,"href":"https:\/\/footdavant.fr\/actualites\/wp-json\/wp\/v2\/tags?post=24031"}],"curies":[{"name":"wp","href":"https:\/\/api.w.org\/{rel}","templated":true}]}}