{"id":24043,"date":"2025-05-18T01:48:47","date_gmt":"2025-05-17T23:48:47","guid":{"rendered":"https:\/\/footdavant.fr\/actualites\/john-obi-mikel-avait-tout-au-long-du-probleme-de-lattaquant-de-chelsea\/"},"modified":"2025-05-18T01:48:47","modified_gmt":"2025-05-17T23:48:47","slug":"john-obi-mikel-avait-tout-au-long-du-probleme-de-lattaquant-de-chelsea","status":"publish","type":"post","link":"https:\/\/footdavant.fr\/actualites\/john-obi-mikel-avait-tout-au-long-du-probleme-de-lattaquant-de-chelsea\/","title":{"rendered":"John Obi Mikel avait tout au long du probl\u00e8me de l&#39;attaquant de Chelsea"},"content":{"rendered":"<div>\n<p data-pm-slice=\"1 1 []\">Je sais qu&#39;il n&#39;est peut-\u00eatre pas le plus coh\u00e9rent en termes de ses opinions et est connu pour basculer un peu et \u00eatre plut\u00f4t sauvage, mais John Obi Mikel a re\u00e7u beaucoup de haine et de commentaires injustifi\u00e9s et irrespectueux purement pour \u00eatre un fan passionn\u00e9 et \u00e9motionnel.<\/p>\n<p>Il m\u00e9rite \u00e9galement le respect de ce qu&#39;il a fait dans notre club et de ce qu&#39;il a r\u00e9alis\u00e9 ici, devenant un v\u00e9ritable h\u00e9ros culte parmi la base de fans.<\/p>\n<p>Je n&#39;aime pas beaucoup ce qu&#39;il dit parfois, mais d&#39;autres choses qu&#39;il dit que je note vraiment. Mais \u00e0 la fin de la journ\u00e9e, John Obi Mikel veut juste ce qui est le mieux pour Chelsea et sent qu&#39;il a besoin de dire ce qu&#39;il ressent en public, m\u00eame si c&#39;est une critique ou un n\u00e9gatif. En tant que fan, vous avez pleinement le droit.<\/p>\n<p>Si certains fans veulent toujours \u00eatre positifs et ne jamais appeler les mauvaises choses, alors c&#39;est compl\u00e8tement leur pr\u00e9rogative et \u00e0 eux. Toutes les opinions sont diff\u00e9rentes et je peux l&#39;accepter.<\/p>\n<div class=\"captioned-image-container\">\n<figure>\n<div class=\"image2-inset\">\n<p><img loading=\"lazy\" decoding=\"async\" class=\"sizing-normal\" title=\"Image\" src=\"https:\/\/footdavant.fr\/actualites\/wp-content\/uploads\/2025\/05\/John-Obi-Mikel-avait-tout-au-long-du-probleme-de.jpeg\" alt=\"Image\" width=\"1184\" height=\"2048\" data-attrs='{\"src\":\"https:\/\/substack-post-media.s3.amazonaws.com\/public\/images\/4f083151-fdbf-4286-8214-79433d4d8b0e_1184x2048.jpeg\",\"srcNoWatermark\":null,\"fullscreen\":null,\"imageSize\":null,\"height\":2048,\"width\":1184,\"resizeWidth\":null,\"bytes\":null,\"alt\":\"Image\",\"title\":null,\"type\":null,\"href\":null,\"belowTheFold\":false,\"topImage\":false,\"internalRedirect\":null,\"isProcessing\":false,\"align\":null}'><\/p>\n<\/div>\n<\/figure>\n<\/div>\n<p>Personnellement, je crois que nous, en tant que fans, aidons \u00e0 \u00e9tablir et \u00e0 maintenir les normes du club en appelant les choses et en \u00e9tant critique. Ce n&#39;est pas une nouvelle chose de fanfare, cela se produit depuis le d\u00e9but du jeu, seulement cela se passait dans les pubs avant et apr\u00e8s les jeux au lieu de personnes qui se battent derri\u00e8re les claviers \u00e0 la place. Si nous restons silencieux et n&#39;utilisons pas notre voix, nous ignorons les probl\u00e8mes et ils continueront de se produire.<\/p>\n<p>Les joueurs doivent apprendre \u00e0 faire face \u00e0 la critique car il est et ne fera toujours partie du jeu.<\/p>\n<p>Nicolas Jackson a repris les critiques de Mikel en public, et oh comment il est retourn\u00e9 contre lui cette semaine apr\u00e8s son envoi ridicule.<\/p>\n<div class=\"captioned-image-container\">\n<figure>\n<div class=\"image2-inset\">\n<p><img loading=\"lazy\" decoding=\"async\" class=\"sizing-normal\" title=\"Image\" src=\"https:\/\/footdavant.fr\/actualites\/wp-content\/uploads\/2025\/05\/1747525726_970_John-Obi-Mikel-avait-tout-au-long-du-probleme-de.jpeg\" alt=\"Image\" width=\"1080\" height=\"1350\" data-attrs='{\"src\":\"https:\/\/substack-post-media.s3.amazonaws.com\/public\/images\/053ca4b0-3ad0-47b5-a7f9-126ba0ac3b14_1080x1350.jpeg\",\"srcNoWatermark\":null,\"fullscreen\":null,\"imageSize\":null,\"height\":1350,\"width\":1080,\"resizeWidth\":null,\"bytes\":null,\"alt\":\"Image\",\"title\":null,\"type\":null,\"href\":null,\"belowTheFold\":false,\"topImage\":false,\"internalRedirect\":null,\"isProcessing\":false,\"align\":null}'><\/p>\n<\/div>\n<\/figure>\n<\/div>\n<p>Mikel n&#39;a jamais \u00e9t\u00e9 injuste avec sa critique de Jackson, il disait simplement qu&#39;il ne le voit pas comme quelqu&#39;un qui peut diriger la ligne \u00e0 long terme pour Chelsea et soyons honn\u00eates ici, ce n&#39;est pas ce gars. Et c&#39;est pourquoi nous allons tout signer un nouvel attaquant cet \u00e9t\u00e9. Mikel \u00e9tait juste passionn\u00e9 et l&#39;appelait comment c&#39;\u00e9tait.<\/p>\n<p>Il a \u00e9galement mis \u00e0 l&#39;\u00e9preuve Jackson de lui prouver le contraire, et il a compliment\u00e9 Jackson alors qu&#39;il avait une bonne s\u00e9rie.<\/p>\n<p>Le football n&#39;est pas un monde facile \u00e0 faire, les joueurs doivent apprendre \u00e0 \u00eatre \u00e0 la peau \u00e9paisse. Je veux dire, le monde en g\u00e9n\u00e9ral n&#39;est pas facile non plus et rien ne vous sera jamais remis dans une assiette.<\/p>\n<p>Retour aux anciens joueurs de Chelsea pour avoir offert une critique n&#39;est pas la voie \u00e0 suivre. Laisser vos pieds parler est la voie \u00e0 suivre.<\/p>\n<div class=\"captioned-image-container\">\n<figure>\n<div class=\"image2-inset\">\n<p><img loading=\"lazy\" decoding=\"async\" class=\"sizing-normal\" title=\"Image\" src=\"https:\/\/footdavant.fr\/actualites\/wp-content\/uploads\/2025\/05\/1747525726_436_John-Obi-Mikel-avait-tout-au-long-du-probleme-de.jpeg\" alt=\"Image\" width=\"1456\" height=\"1819\" data-attrs='{\"src\":\"https:\/\/substack-post-media.s3.amazonaws.com\/public\/images\/3804a36e-6b5a-40b2-96f8-28f2b6160523_1639x2048.jpeg\",\"srcNoWatermark\":null,\"fullscreen\":null,\"imageSize\":null,\"height\":1819,\"width\":1456,\"resizeWidth\":null,\"bytes\":null,\"alt\":\"Image\",\"title\":null,\"type\":null,\"href\":null,\"belowTheFold\":false,\"topImage\":false,\"internalRedirect\":null,\"isProcessing\":false,\"align\":null}'><\/p>\n<\/div>\n<\/figure>\n<\/div>\n<p>Mikel est la vieille \u00e9cole, mais il veut bien dire et veut le meilleur pour le club et les joueurs. Si Jackson a commenc\u00e9 \u00e0 marquer 25 buts par saison, alors croyez-moi, Mikel sera le premier \u00e0 sortir et \u00e0 le louer et \u00e0 dire qu&#39;il avait tort (bien qu&#39;il ne se trompe pas \u00e0 l&#39;\u00e9poque).<\/p>\n<p>C&#39;est Fanfare, il n&#39;y a rien de mal \u00e0 cela. Et je pense que la haine envers Mikel n&#39;\u00e9tait pas \u00e0 l&#39;\u00e9poque. Il a dit ce que 95% des fans disent maintenant! De plus, les abus que Jackson et d&#39;autres joueurs obtiennent sont \u00e9galement compl\u00e8tement faux et jamais acceptables. Mais la critique est diff\u00e9rente de la maltraitance.<\/p>\n<\/p><\/div>\n","protected":false},"excerpt":{"rendered":"<p>Je sais qu&#39;il n&#39;est peut-\u00eatre pas le plus coh\u00e9rent en termes de ses opinions et est connu pour basculer un peu et \u00eatre plut\u00f4t sauvage,<\/p>\n","protected":false},"author":1,"featured_media":0,"comment_status":"","ping_status":"","sticky":false,"template":"","format":"standard","meta":{"footnotes":""},"categories":[3],"tags":[2448,171,501,4304,1827,210,1081,2243,291],"yoast_head":"<!-- This site is optimized with the Yoast SEO plugin v21.0 - https:\/\/yoast.com\/wordpress\/plugins\/seo\/ -->\n<title>John Obi Mikel avait tout au long du probl\u00e8me de l&#039;attaquant de Chelsea<\/title>\n<meta name=\"robots\" content=\"index, follow, max-snippet:-1, max-image-preview:large, max-video-preview:-1\" \/>\n<link rel=\"canonical\" href=\"https:\/\/footdavant.fr\/actualites\/john-obi-mikel-avait-tout-au-long-du-probleme-de-lattaquant-de-chelsea\/\" \/>\n<meta property=\"og:locale\" content=\"fr_FR\" \/>\n<meta property=\"og:type\" content=\"article\" \/>\n<meta property=\"og:title\" content=\"John Obi Mikel avait tout au long du probl\u00e8me de l&#039;attaquant de Chelsea\" \/>\n<meta property=\"og:description\" content=\"Je sais qu&#039;il n&#039;est peut-\u00eatre pas le plus coh\u00e9rent en termes de ses opinions et est connu pour basculer un peu et \u00eatre plut\u00f4t sauvage,\" \/>\n<meta property=\"og:url\" content=\"https:\/\/footdavant.fr\/actualites\/john-obi-mikel-avait-tout-au-long-du-probleme-de-lattaquant-de-chelsea\/\" \/>\n<meta property=\"og:site_name\" content=\"Foot d&#039;avant\" \/>\n<meta property=\"article:publisher\" content=\"https:\/\/www.facebook.com\/Footdavant\/\" \/>\n<meta property=\"article:published_time\" content=\"2025-05-17T23:48:47+00:00\" \/>\n<meta property=\"og:image\" content=\"https:\/\/footdavant.fr\/actualites\/wp-content\/uploads\/2025\/05\/John-Obi-Mikel-avait-tout-au-long-du-probleme-de.jpeg\" \/>\n<meta name=\"author\" content=\"Cl\u00e9ment\" \/>\n<meta name=\"twitter:card\" content=\"summary_large_image\" \/>\n<meta name=\"twitter:creator\" content=\"@FootdavantFr\" \/>\n<meta name=\"twitter:site\" content=\"@FootdavantFr\" \/>\n<meta name=\"twitter:label1\" content=\"\u00c9crit par\" \/>\n\t<meta name=\"twitter:data1\" content=\"Cl\u00e9ment\" \/>\n\t<meta name=\"twitter:label2\" content=\"Dur\u00e9e de lecture estim\u00e9e\" \/>\n\t<meta name=\"twitter:data2\" content=\"3 minutes\" \/>\n<script type=\"application\/ld+json\" class=\"yoast-schema-graph\">{\"@context\":\"https:\/\/schema.org\",\"@graph\":[{\"@type\":\"Article\",\"@id\":\"https:\/\/footdavant.fr\/actualites\/john-obi-mikel-avait-tout-au-long-du-probleme-de-lattaquant-de-chelsea\/#article\",\"isPartOf\":{\"@id\":\"https:\/\/footdavant.fr\/actualites\/john-obi-mikel-avait-tout-au-long-du-probleme-de-lattaquant-de-chelsea\/\"},\"author\":{\"name\":\"Cl\u00e9ment\",\"@id\":\"https:\/\/footdavant.fr\/actualites\/#\/schema\/person\/bc222566d95871b37e597b3ed3ba5e1d\"},\"headline\":\"John Obi Mikel avait tout au long du probl\u00e8me de l&#39;attaquant de Chelsea\",\"datePublished\":\"2025-05-17T23:48:47+00:00\",\"dateModified\":\"2025-05-17T23:48:47+00:00\",\"mainEntityOfPage\":{\"@id\":\"https:\/\/footdavant.fr\/actualites\/john-obi-mikel-avait-tout-au-long-du-probleme-de-lattaquant-de-chelsea\/\"},\"wordCount\":620,\"publisher\":{\"@id\":\"https:\/\/footdavant.fr\/actualites\/#organization\"},\"keywords\":[\"avait\",\"Chelsea\",\"John\",\"l39attaquant\",\"long\",\"Mikel\",\"Obi\",\"probl\u00e8me\",\"tout\"],\"articleSection\":[\"Football\"],\"inLanguage\":\"fr-FR\"},{\"@type\":\"WebPage\",\"@id\":\"https:\/\/footdavant.fr\/actualites\/john-obi-mikel-avait-tout-au-long-du-probleme-de-lattaquant-de-chelsea\/\",\"url\":\"https:\/\/footdavant.fr\/actualites\/john-obi-mikel-avait-tout-au-long-du-probleme-de-lattaquant-de-chelsea\/\",\"name\":\"John Obi Mikel avait tout au long du probl\u00e8me de l&#39;attaquant de Chelsea\",\"isPartOf\":{\"@id\":\"https:\/\/footdavant.fr\/actualites\/#website\"},\"datePublished\":\"2025-05-17T23:48:47+00:00\",\"dateModified\":\"2025-05-17T23:48:47+00:00\",\"breadcrumb\":{\"@id\":\"https:\/\/footdavant.fr\/actualites\/john-obi-mikel-avait-tout-au-long-du-probleme-de-lattaquant-de-chelsea\/#breadcrumb\"},\"inLanguage\":\"fr-FR\",\"potentialAction\":[{\"@type\":\"ReadAction\",\"target\":[\"https:\/\/footdavant.fr\/actualites\/john-obi-mikel-avait-tout-au-long-du-probleme-de-lattaquant-de-chelsea\/\"]}]},{\"@type\":\"BreadcrumbList\",\"@id\":\"https:\/\/footdavant.fr\/actualites\/john-obi-mikel-avait-tout-au-long-du-probleme-de-lattaquant-de-chelsea\/#breadcrumb\",\"itemListElement\":[{\"@type\":\"ListItem\",\"position\":1,\"name\":\"Accueil\",\"item\":\"https:\/\/footdavant.fr\/actualites\/\"},{\"@type\":\"ListItem\",\"position\":2,\"name\":\"John Obi Mikel avait tout au long du probl\u00e8me de l&#39;attaquant de Chelsea\"}]},{\"@type\":\"WebSite\",\"@id\":\"https:\/\/footdavant.fr\/actualites\/#website\",\"url\":\"https:\/\/footdavant.fr\/actualites\/\",\"name\":\"Foot d'avant\",\"description\":\"\",\"publisher\":{\"@id\":\"https:\/\/footdavant.fr\/actualites\/#organization\"},\"potentialAction\":[{\"@type\":\"SearchAction\",\"target\":{\"@type\":\"EntryPoint\",\"urlTemplate\":\"https:\/\/footdavant.fr\/actualites\/?s={search_term_string}\"},\"query-input\":\"required name=search_term_string\"}],\"inLanguage\":\"fr-FR\"},{\"@type\":\"Organization\",\"@id\":\"https:\/\/footdavant.fr\/actualites\/#organization\",\"name\":\"Foot d'avant\",\"url\":\"https:\/\/footdavant.fr\/actualites\/\",\"logo\":{\"@type\":\"ImageObject\",\"inLanguage\":\"fr-FR\",\"@id\":\"https:\/\/footdavant.fr\/actualites\/#\/schema\/logo\/image\/\",\"url\":\"https:\/\/footdavant.fr\/actualites\/wp-content\/uploads\/2023\/09\/Copy-of-FootDavant-Logo.png\",\"contentUrl\":\"https:\/\/footdavant.fr\/actualites\/wp-content\/uploads\/2023\/09\/Copy-of-FootDavant-Logo.png\",\"width\":936,\"height\":549,\"caption\":\"Foot d'avant\"},\"image\":{\"@id\":\"https:\/\/footdavant.fr\/actualites\/#\/schema\/logo\/image\/\"},\"sameAs\":[\"https:\/\/www.facebook.com\/Footdavant\/\",\"https:\/\/twitter.com\/FootdavantFr\",\"https:\/\/www.instagram.com\/footdavant.fr\/\"]},{\"@type\":\"Person\",\"@id\":\"https:\/\/footdavant.fr\/actualites\/#\/schema\/person\/bc222566d95871b37e597b3ed3ba5e1d\",\"name\":\"Cl\u00e9ment\",\"image\":{\"@type\":\"ImageObject\",\"inLanguage\":\"fr-FR\",\"@id\":\"https:\/\/footdavant.fr\/actualites\/#\/schema\/person\/image\/\",\"url\":\"https:\/\/secure.gravatar.com\/avatar\/7728b29aac2719421e1a9159b2254c44?s=96&d=mm&r=g\",\"contentUrl\":\"https:\/\/secure.gravatar.com\/avatar\/7728b29aac2719421e1a9159b2254c44?s=96&d=mm&r=g\",\"caption\":\"Cl\u00e9ment\"},\"sameAs\":[\"https:\/\/footdavant.fr\/\"]}]}<\/script>\n<!-- \/ Yoast SEO plugin. -->","yoast_head_json":{"title":"John Obi Mikel avait tout au long du probl\u00e8me de l&#39;attaquant de Chelsea","robots":{"index":"index","follow":"follow","max-snippet":"max-snippet:-1","max-image-preview":"max-image-preview:large","max-video-preview":"max-video-preview:-1"},"canonical":"https:\/\/footdavant.fr\/actualites\/john-obi-mikel-avait-tout-au-long-du-probleme-de-lattaquant-de-chelsea\/","og_locale":"fr_FR","og_type":"article","og_title":"John Obi Mikel avait tout au long du probl\u00e8me de l&#39;attaquant de Chelsea","og_description":"Je sais qu&#39;il n&#39;est peut-\u00eatre pas le plus coh\u00e9rent en termes de ses opinions et est connu pour basculer un peu et \u00eatre plut\u00f4t sauvage,","og_url":"https:\/\/footdavant.fr\/actualites\/john-obi-mikel-avait-tout-au-long-du-probleme-de-lattaquant-de-chelsea\/","og_site_name":"Foot d&#039;avant","article_publisher":"https:\/\/www.facebook.com\/Footdavant\/","article_published_time":"2025-05-17T23:48:47+00:00","og_image":[{"url":"https:\/\/footdavant.fr\/actualites\/wp-content\/uploads\/2025\/05\/John-Obi-Mikel-avait-tout-au-long-du-probleme-de.jpeg"}],"author":"Cl\u00e9ment","twitter_card":"summary_large_image","twitter_creator":"@FootdavantFr","twitter_site":"@FootdavantFr","twitter_misc":{"\u00c9crit par":"Cl\u00e9ment","Dur\u00e9e de lecture estim\u00e9e":"3 minutes"},"schema":{"@context":"https:\/\/schema.org","@graph":[{"@type":"Article","@id":"https:\/\/footdavant.fr\/actualites\/john-obi-mikel-avait-tout-au-long-du-probleme-de-lattaquant-de-chelsea\/#article","isPartOf":{"@id":"https:\/\/footdavant.fr\/actualites\/john-obi-mikel-avait-tout-au-long-du-probleme-de-lattaquant-de-chelsea\/"},"author":{"name":"Cl\u00e9ment","@id":"https:\/\/footdavant.fr\/actualites\/#\/schema\/person\/bc222566d95871b37e597b3ed3ba5e1d"},"headline":"John Obi Mikel avait tout au long du probl\u00e8me de l&#39;attaquant de Chelsea","datePublished":"2025-05-17T23:48:47+00:00","dateModified":"2025-05-17T23:48:47+00:00","mainEntityOfPage":{"@id":"https:\/\/footdavant.fr\/actualites\/john-obi-mikel-avait-tout-au-long-du-probleme-de-lattaquant-de-chelsea\/"},"wordCount":620,"publisher":{"@id":"https:\/\/footdavant.fr\/actualites\/#organization"},"keywords":["avait","Chelsea","John","l39attaquant","long","Mikel","Obi","probl\u00e8me","tout"],"articleSection":["Football"],"inLanguage":"fr-FR"},{"@type":"WebPage","@id":"https:\/\/footdavant.fr\/actualites\/john-obi-mikel-avait-tout-au-long-du-probleme-de-lattaquant-de-chelsea\/","url":"https:\/\/footdavant.fr\/actualites\/john-obi-mikel-avait-tout-au-long-du-probleme-de-lattaquant-de-chelsea\/","name":"John Obi Mikel avait tout au long du probl\u00e8me de l&#39;attaquant de Chelsea","isPartOf":{"@id":"https:\/\/footdavant.fr\/actualites\/#website"},"datePublished":"2025-05-17T23:48:47+00:00","dateModified":"2025-05-17T23:48:47+00:00","breadcrumb":{"@id":"https:\/\/footdavant.fr\/actualites\/john-obi-mikel-avait-tout-au-long-du-probleme-de-lattaquant-de-chelsea\/#breadcrumb"},"inLanguage":"fr-FR","potentialAction":[{"@type":"ReadAction","target":["https:\/\/footdavant.fr\/actualites\/john-obi-mikel-avait-tout-au-long-du-probleme-de-lattaquant-de-chelsea\/"]}]},{"@type":"BreadcrumbList","@id":"https:\/\/footdavant.fr\/actualites\/john-obi-mikel-avait-tout-au-long-du-probleme-de-lattaquant-de-chelsea\/#breadcrumb","itemListElement":[{"@type":"ListItem","position":1,"name":"Accueil","item":"https:\/\/footdavant.fr\/actualites\/"},{"@type":"ListItem","position":2,"name":"John Obi Mikel avait tout au long du probl\u00e8me de l&#39;attaquant de Chelsea"}]},{"@type":"WebSite","@id":"https:\/\/footdavant.fr\/actualites\/#website","url":"https:\/\/footdavant.fr\/actualites\/","name":"Foot d'avant","description":"","publisher":{"@id":"https:\/\/footdavant.fr\/actualites\/#organization"},"potentialAction":[{"@type":"SearchAction","target":{"@type":"EntryPoint","urlTemplate":"https:\/\/footdavant.fr\/actualites\/?s={search_term_string}"},"query-input":"required name=search_term_string"}],"inLanguage":"fr-FR"},{"@type":"Organization","@id":"https:\/\/footdavant.fr\/actualites\/#organization","name":"Foot d'avant","url":"https:\/\/footdavant.fr\/actualites\/","logo":{"@type":"ImageObject","inLanguage":"fr-FR","@id":"https:\/\/footdavant.fr\/actualites\/#\/schema\/logo\/image\/","url":"https:\/\/footdavant.fr\/actualites\/wp-content\/uploads\/2023\/09\/Copy-of-FootDavant-Logo.png","contentUrl":"https:\/\/footdavant.fr\/actualites\/wp-content\/uploads\/2023\/09\/Copy-of-FootDavant-Logo.png","width":936,"height":549,"caption":"Foot d'avant"},"image":{"@id":"https:\/\/footdavant.fr\/actualites\/#\/schema\/logo\/image\/"},"sameAs":["https:\/\/www.facebook.com\/Footdavant\/","https:\/\/twitter.com\/FootdavantFr","https:\/\/www.instagram.com\/footdavant.fr\/"]},{"@type":"Person","@id":"https:\/\/footdavant.fr\/actualites\/#\/schema\/person\/bc222566d95871b37e597b3ed3ba5e1d","name":"Cl\u00e9ment","image":{"@type":"ImageObject","inLanguage":"fr-FR","@id":"https:\/\/footdavant.fr\/actualites\/#\/schema\/person\/image\/","url":"https:\/\/secure.gravatar.com\/avatar\/7728b29aac2719421e1a9159b2254c44?s=96&d=mm&r=g","contentUrl":"https:\/\/secure.gravatar.com\/avatar\/7728b29aac2719421e1a9159b2254c44?s=96&d=mm&r=g","caption":"Cl\u00e9ment"},"sameAs":["https:\/\/footdavant.fr\/"]}]}},"_links":{"self":[{"href":"https:\/\/footdavant.fr\/actualites\/wp-json\/wp\/v2\/posts\/24043"}],"collection":[{"href":"https:\/\/footdavant.fr\/actualites\/wp-json\/wp\/v2\/posts"}],"about":[{"href":"https:\/\/footdavant.fr\/actualites\/wp-json\/wp\/v2\/types\/post"}],"author":[{"embeddable":true,"href":"https:\/\/footdavant.fr\/actualites\/wp-json\/wp\/v2\/users\/1"}],"replies":[{"embeddable":true,"href":"https:\/\/footdavant.fr\/actualites\/wp-json\/wp\/v2\/comments?post=24043"}],"version-history":[{"count":0,"href":"https:\/\/footdavant.fr\/actualites\/wp-json\/wp\/v2\/posts\/24043\/revisions"}],"wp:attachment":[{"href":"https:\/\/footdavant.fr\/actualites\/wp-json\/wp\/v2\/media?parent=24043"}],"wp:term":[{"taxonomy":"category","embeddable":true,"href":"https:\/\/footdavant.fr\/actualites\/wp-json\/wp\/v2\/categories?post=24043"},{"taxonomy":"post_tag","embeddable":true,"href":"https:\/\/footdavant.fr\/actualites\/wp-json\/wp\/v2\/tags?post=24043"}],"curies":[{"name":"wp","href":"https:\/\/api.w.org\/{rel}","templated":true}]}}