{"id":24044,"date":"2025-05-18T03:48:07","date_gmt":"2025-05-18T01:48:07","guid":{"rendered":"https:\/\/footdavant.fr\/actualites\/man-united-transfer-news-ruben-amorim-fait-allusion-a-larrivee-du-defenseur-central-apres-avoir-fait-de-la-reclamation-inquietante-de-leny-yoro\/"},"modified":"2025-05-18T03:48:10","modified_gmt":"2025-05-18T01:48:10","slug":"man-united-transfer-news-ruben-amorim-fait-allusion-a-larrivee-du-defenseur-central-apres-avoir-fait-de-la-reclamation-inquietante-de-leny-yoro","status":"publish","type":"post","link":"https:\/\/footdavant.fr\/actualites\/man-united-transfer-news-ruben-amorim-fait-allusion-a-larrivee-du-defenseur-central-apres-avoir-fait-de-la-reclamation-inquietante-de-leny-yoro\/","title":{"rendered":"Man United Transfer News: Ruben Amorim fait allusion \u00e0 l&#39;arriv\u00e9e du d\u00e9fenseur central apr\u00e8s avoir fait de la r\u00e9clamation inqui\u00e9tante de Leny Yoro"},"content":{"rendered":"<p>L&#39;entra\u00eeneur-chef de Manchester United, Ruben Amorim, sugg\u00e8re que le club pourrait se d\u00e9placer pour un nouveau d\u00e9fenseur central cet \u00e9t\u00e9 au milieu des inqui\u00e9tudes concernant la blessure au pied de Leny Yoro.<\/p>\n<div id=\"article_body\" itemprop=\"articleBody\">\n<h3 class=\"firstPara\">\n<strong class=\"autotag\">Manchester United<\/strong> entra\u00eeneur-chef <strong class=\"autotag\">Ruben Amorim<\/strong> a sugg\u00e9r\u00e9 que les Red Devils pourraient bouger pour un nouveau d\u00e9fenseur central pendant la fen\u00eatre de transfert de cet \u00e9t\u00e9 au milieu des pr\u00e9occupations concernant <strong class=\"autotag\">Leny Yoro<\/strong>blessure au pied.<\/h3>\n<p>Yoro n&#39;a pas \u00e9t\u00e9 en mesure de faire ses d\u00e9buts en comp\u00e9tition pour les 20 champions anglais jusqu&#39;en d\u00e9but d\u00e9cembre, alors qu&#39;il fractur\u00e9 l&#39;os m\u00e9tatarsien dans son pied gauche lors des pr\u00e9paratifs de l&#39;\u00e9quipe pour la campagne 2024-25.<\/p>\n<p>Le Fran\u00e7ais <strong>boiteux du terrain contre West Ham United<\/strong> Dimanche, en Premier League avec une blessure au m\u00eame pied, et il n&#39;\u00e9tait pas pr\u00e9sent lors de la s\u00e9ance d&#39;entra\u00eenement d&#39;ouverture de l&#39;\u00e9quipe mercredi.<\/p>\n<p>Yoro n&#39;a pas encore \u00e9t\u00e9 exclu de la finale de la Ligue Europa de la semaine prochaine contre <strong class=\"autotag\">Tottenham Hotspur<\/strong>mais le joueur de 19 ans est un doute majeur, et Amorim a sugg\u00e9r\u00e9 qu&#39;un nouveau d\u00e9fenseur central pourrait arriver cet \u00e9t\u00e9 si le jeune fait face \u00e0 un autre sort.<\/p>\n<p><strong class=\"autotag\">Matthijs de Ligt<\/strong> et <strong class=\"autotag\">Ayden Heaven<\/strong> sont \u00e9galement des doutes majeurs pour la finale en raison de probl\u00e8mes de blessures, tandis que <strong class=\"autotag\">Lisandro Martinez<\/strong> Il est peu probable qu&#39;il fasse son retour d&#39;une grave blessure au genou jusqu&#39;au d\u00e9but de 2026.<\/p>\n<p class=\"imgI\">\n<h2 class=\"k3\">Yoro pourrait \u00eatre confront\u00e9 \u00e0 un autre long sort<\/h2>\n<p>Amorim, s&#39;exprimant lors de sa conf\u00e9rence de presse pour pr\u00e9visualiser <strong class=\"autotag\">Ch\u00e9lat<\/strong>a sugg\u00e9r\u00e9 qu&#39;un d\u00e9fenseur central pourrait \u00eatre sign\u00e9 lors de la fen\u00eatre de transfert de cet \u00e9t\u00e9.<\/p>\n<p>\u00ab\u00a0Leny \u00e9tait la m\u00eame que Matta (Matthijs de Ligt), (quand il s&#39;est bless\u00e9 \u00e0 Brentford), je pensais \u00e0 l&#39;ann\u00e9e suivante, l&#39;\u00e9quipe, si nous avons besoin d&#39;un autre gars. S&#39;il est une longue blessure. C&#39;est ma pr\u00e9occupation\u00a0\u00bb, a d\u00e9clar\u00e9 Amorim aux journalistes.<\/p>\n<p>\u00ab\u00a0Il ne s&#39;agit pas seulement de la finale, bien s\u00fbr que je veux que chaque joueur s&#39;adapte. Leny Yoro \u00e9tait dans son pied, il avait ce probl\u00e8me (en pr\u00e9-saison), donc j&#39;\u00e9tais tellement pr\u00e9occup\u00e9 par la saison prochaine, la prochaine \u00e9quipe, la fa\u00e7on dont nous construisons l&#39;\u00e9quipe. C&#39;\u00e9tait ma plus grande pr\u00e9occupation. Le reste? Nous serons pr\u00eats pour la finale, quoi que ce soit.\u00a0\u00bb<\/p>\n<p>Yoro, de ligt, ciel et <strong class=\"autotag\">Diogo dalot<\/strong> sont tous susceptibles d&#39;\u00eatre \u00e9valu\u00e9s au d\u00e9but de la semaine prochaine avant qu&#39;il ne soit d\u00e9termin\u00e9 si l&#39;un d&#39;eux sera disponible pour la s\u00e9lection contre Tottenham en finale de la Ligue Europa le 21 mai.<\/p>\n<p class=\"imgI\"><img decoding=\"async\" loading=\"lazy\" class=\"l\" src=\"https:\/\/footdavant.fr\/actualites\/wp-content\/uploads\/2025\/05\/1747532886_902_Man-United-Transfer-News-Ruben-Amorim-fait-allusion-a-l39arrivee.jpg\" title=\"L&#39;entra\u00eeneur-chef de Manchester United Ruben Amorim le 9 mai 2025\" alt=\"L&#39;entra\u00eeneur-chef de Manchester United Ruben Amorim le 9 mai 2025\" width=\"640\" height=\"480\"><\/p>\n<h2 class=\"k3\">Amorim dit que Man United \u00ab\u00a0a besoin de jouer\u00a0\u00bb contre Chelsea<\/h2>\n<p>Amorim a appel\u00e9 ses joueurs \u00ab\u00a0\u00e0 jouer\u00a0\u00bb contre Chelsea vendredi soir, alors que les Red Devils cherchent \u00e0 gagner en Premier League pour la premi\u00e8re fois en deux mois.<\/p>\n<p>\u00ab\u00a0La meilleure fa\u00e7on est de faire face au match comme nous devrions affronter le match. Nous devons jouer, nous devons gagner des points en Premier League et c&#39;est le sentiment. Nous en avons parl\u00e9 apr\u00e8s West Ham\u00a0\u00bb, a d\u00e9clar\u00e9 le manager.<\/p>\n<p>\u00ab\u00a0Nous devons nous am\u00e9liorer dans la fa\u00e7on dont nous sommes confront\u00e9s \u00e0 la comp\u00e9tition, rester concentr\u00e9s \u00e0 chaque instant du jeu parce que, encore une fois contre West Ham, nous avions des situations claires \u00e0 marquer. Dans la premi\u00e8re occasion de West Ham, ils marquent un but. Donc, ces petits d\u00e9tails comptent. De la seule fa\u00e7on dont je sais comment pr\u00e9parer une finale, dans le jeu normal pour notre ligue, nous devons jouer de la m\u00eame mani\u00e8re qu&#39;une finale.<\/p>\n<p>\u00ab\u00a0Nous avons le temps de r\u00e9cup\u00e9rer. La meilleure chose pour pr\u00e9parer la finale est de jouer au jeu (contre Chelsea). Les joueurs doivent comprendre que si vous jouez ou ne jouez pas contre Chelsea, cela ne signifie rien pour la finale, c&#39;est important. Je me pr\u00e9pare (pour) le jeu de Chelsea, c&#39;est mon objectif. Nous voulons gagner et nous voulons jouer.\u00a0\u00bb<\/p>\n<p>Man United est actuellement en panne \u00e0 la 16e place dans le <strong>Table de Premier League<\/strong>un point et une position en avance sur leurs adversaires finaux de la Ligue Europa Spurs, qui s&#39;attaqueront \u00e0 Aston Villa vendredi soir.<\/p>\n<div class=\"author_box\">\n<div class=\"author_box_banner\">\n<img decoding=\"async\" class=\"author_img\" src=\"https:\/\/footdavant.fr\/actualites\/wp-content\/uploads\/2025\/05\/1747532887_501_Man-United-Transfer-News-Ruben-Amorim-fait-allusion-a-l39arrivee.jpg\"><\/p>\n<\/div>\n<\/div>\n<\/div>\n","protected":false},"excerpt":{"rendered":"<p>L&#39;entra\u00eeneur-chef de Manchester United, Ruben Amorim, sugg\u00e8re que le club pourrait se d\u00e9placer pour un nouveau d\u00e9fenseur central cet \u00e9t\u00e9 au milieu des inqui\u00e9tudes concernant<\/p>\n","protected":false},"author":1,"featured_media":24045,"comment_status":"closed","ping_status":"","sticky":false,"template":"","format":"standard","meta":{"footnotes":""},"categories":[5],"tags":[390,4477,25,156,1118,928,152,1046,4718,2769,24,409,3890,160,2732,13,2770],"yoast_head":"<!-- This site is optimized with the Yoast SEO plugin v21.0 - https:\/\/yoast.com\/wordpress\/plugins\/seo\/ -->\n<title>Man United Transfer News: Ruben Amorim fait allusion \u00e0 l&#039;arriv\u00e9e du d\u00e9fenseur central apr\u00e8s avoir fait de la r\u00e9clamation inqui\u00e9tante de Leny Yoro<\/title>\n<meta name=\"robots\" content=\"index, follow, max-snippet:-1, max-image-preview:large, max-video-preview:-1\" \/>\n<link rel=\"canonical\" href=\"https:\/\/footdavant.fr\/actualites\/man-united-transfer-news-ruben-amorim-fait-allusion-a-larrivee-du-defenseur-central-apres-avoir-fait-de-la-reclamation-inquietante-de-leny-yoro\/\" \/>\n<meta property=\"og:locale\" content=\"fr_FR\" \/>\n<meta property=\"og:type\" content=\"article\" \/>\n<meta property=\"og:title\" content=\"Man United Transfer News: Ruben Amorim fait allusion \u00e0 l&#039;arriv\u00e9e du d\u00e9fenseur central apr\u00e8s avoir fait de la r\u00e9clamation inqui\u00e9tante de Leny Yoro\" \/>\n<meta property=\"og:description\" content=\"L&#039;entra\u00eeneur-chef de Manchester United, Ruben Amorim, sugg\u00e8re que le club pourrait se d\u00e9placer pour un nouveau d\u00e9fenseur central cet \u00e9t\u00e9 au milieu des inqui\u00e9tudes concernant\" \/>\n<meta property=\"og:url\" content=\"https:\/\/footdavant.fr\/actualites\/man-united-transfer-news-ruben-amorim-fait-allusion-a-larrivee-du-defenseur-central-apres-avoir-fait-de-la-reclamation-inquietante-de-leny-yoro\/\" \/>\n<meta property=\"og:site_name\" content=\"Foot d&#039;avant\" \/>\n<meta property=\"article:publisher\" content=\"https:\/\/www.facebook.com\/Footdavant\/\" \/>\n<meta property=\"article:published_time\" content=\"2025-05-18T01:48:07+00:00\" \/>\n<meta property=\"article:modified_time\" content=\"2025-05-18T01:48:10+00:00\" \/>\n<meta property=\"og:image\" content=\"https:\/\/footdavant.fr\/actualites\/wp-content\/uploads\/2025\/05\/Man-United-Transfer-News-Ruben-Amorim-fait-allusion-a-l39arrivee.jpg\" \/>\n\t<meta property=\"og:image:width\" content=\"640\" \/>\n\t<meta property=\"og:image:height\" content=\"480\" \/>\n\t<meta property=\"og:image:type\" content=\"image\/jpeg\" \/>\n<meta name=\"author\" content=\"Cl\u00e9ment\" \/>\n<meta name=\"twitter:card\" content=\"summary_large_image\" \/>\n<meta name=\"twitter:creator\" content=\"@FootdavantFr\" \/>\n<meta name=\"twitter:site\" content=\"@FootdavantFr\" \/>\n<meta name=\"twitter:label1\" content=\"\u00c9crit par\" \/>\n\t<meta name=\"twitter:data1\" content=\"Cl\u00e9ment\" \/>\n\t<meta name=\"twitter:label2\" content=\"Dur\u00e9e de lecture estim\u00e9e\" \/>\n\t<meta name=\"twitter:data2\" content=\"4 minutes\" \/>\n<script type=\"application\/ld+json\" class=\"yoast-schema-graph\">{\"@context\":\"https:\/\/schema.org\",\"@graph\":[{\"@type\":\"Article\",\"@id\":\"https:\/\/footdavant.fr\/actualites\/man-united-transfer-news-ruben-amorim-fait-allusion-a-larrivee-du-defenseur-central-apres-avoir-fait-de-la-reclamation-inquietante-de-leny-yoro\/#article\",\"isPartOf\":{\"@id\":\"https:\/\/footdavant.fr\/actualites\/man-united-transfer-news-ruben-amorim-fait-allusion-a-larrivee-du-defenseur-central-apres-avoir-fait-de-la-reclamation-inquietante-de-leny-yoro\/\"},\"author\":{\"name\":\"Cl\u00e9ment\",\"@id\":\"https:\/\/footdavant.fr\/actualites\/#\/schema\/person\/bc222566d95871b37e597b3ed3ba5e1d\"},\"headline\":\"Man United Transfer News: Ruben Amorim fait allusion \u00e0 l&#39;arriv\u00e9e du d\u00e9fenseur central apr\u00e8s avoir fait de la r\u00e9clamation inqui\u00e9tante de Leny Yoro\",\"datePublished\":\"2025-05-18T01:48:07+00:00\",\"dateModified\":\"2025-05-18T01:48:10+00:00\",\"mainEntityOfPage\":{\"@id\":\"https:\/\/footdavant.fr\/actualites\/man-united-transfer-news-ruben-amorim-fait-allusion-a-larrivee-du-defenseur-central-apres-avoir-fait-de-la-reclamation-inquietante-de-leny-yoro\/\"},\"wordCount\":785,\"publisher\":{\"@id\":\"https:\/\/footdavant.fr\/actualites\/#organization\"},\"keywords\":[\"allusion\",\"Amorim\",\"apr\u00e8s\",\"avoir\",\"central\",\"d\u00e9fenseur\",\"fait\",\"inqui\u00e9tante\",\"l39arriv\u00e9e\",\"Leny\",\"Man\",\"News\",\"r\u00e9clamation\",\"Ruben\",\"Transfer\",\"United\",\"Yoro\"],\"articleSection\":[\"Premier League\"],\"inLanguage\":\"fr-FR\"},{\"@type\":\"WebPage\",\"@id\":\"https:\/\/footdavant.fr\/actualites\/man-united-transfer-news-ruben-amorim-fait-allusion-a-larrivee-du-defenseur-central-apres-avoir-fait-de-la-reclamation-inquietante-de-leny-yoro\/\",\"url\":\"https:\/\/footdavant.fr\/actualites\/man-united-transfer-news-ruben-amorim-fait-allusion-a-larrivee-du-defenseur-central-apres-avoir-fait-de-la-reclamation-inquietante-de-leny-yoro\/\",\"name\":\"Man United Transfer News: Ruben Amorim fait allusion \u00e0 l&#39;arriv\u00e9e du d\u00e9fenseur central apr\u00e8s avoir fait de la r\u00e9clamation inqui\u00e9tante de Leny Yoro\",\"isPartOf\":{\"@id\":\"https:\/\/footdavant.fr\/actualites\/#website\"},\"datePublished\":\"2025-05-18T01:48:07+00:00\",\"dateModified\":\"2025-05-18T01:48:10+00:00\",\"breadcrumb\":{\"@id\":\"https:\/\/footdavant.fr\/actualites\/man-united-transfer-news-ruben-amorim-fait-allusion-a-larrivee-du-defenseur-central-apres-avoir-fait-de-la-reclamation-inquietante-de-leny-yoro\/#breadcrumb\"},\"inLanguage\":\"fr-FR\",\"potentialAction\":[{\"@type\":\"ReadAction\",\"target\":[\"https:\/\/footdavant.fr\/actualites\/man-united-transfer-news-ruben-amorim-fait-allusion-a-larrivee-du-defenseur-central-apres-avoir-fait-de-la-reclamation-inquietante-de-leny-yoro\/\"]}]},{\"@type\":\"BreadcrumbList\",\"@id\":\"https:\/\/footdavant.fr\/actualites\/man-united-transfer-news-ruben-amorim-fait-allusion-a-larrivee-du-defenseur-central-apres-avoir-fait-de-la-reclamation-inquietante-de-leny-yoro\/#breadcrumb\",\"itemListElement\":[{\"@type\":\"ListItem\",\"position\":1,\"name\":\"Accueil\",\"item\":\"https:\/\/footdavant.fr\/actualites\/\"},{\"@type\":\"ListItem\",\"position\":2,\"name\":\"Man United Transfer News: Ruben Amorim fait allusion \u00e0 l&#39;arriv\u00e9e du d\u00e9fenseur central apr\u00e8s avoir fait de la r\u00e9clamation inqui\u00e9tante de Leny Yoro\"}]},{\"@type\":\"WebSite\",\"@id\":\"https:\/\/footdavant.fr\/actualites\/#website\",\"url\":\"https:\/\/footdavant.fr\/actualites\/\",\"name\":\"Foot d'avant\",\"description\":\"\",\"publisher\":{\"@id\":\"https:\/\/footdavant.fr\/actualites\/#organization\"},\"potentialAction\":[{\"@type\":\"SearchAction\",\"target\":{\"@type\":\"EntryPoint\",\"urlTemplate\":\"https:\/\/footdavant.fr\/actualites\/?s={search_term_string}\"},\"query-input\":\"required name=search_term_string\"}],\"inLanguage\":\"fr-FR\"},{\"@type\":\"Organization\",\"@id\":\"https:\/\/footdavant.fr\/actualites\/#organization\",\"name\":\"Foot d'avant\",\"url\":\"https:\/\/footdavant.fr\/actualites\/\",\"logo\":{\"@type\":\"ImageObject\",\"inLanguage\":\"fr-FR\",\"@id\":\"https:\/\/footdavant.fr\/actualites\/#\/schema\/logo\/image\/\",\"url\":\"https:\/\/footdavant.fr\/actualites\/wp-content\/uploads\/2023\/09\/Copy-of-FootDavant-Logo.png\",\"contentUrl\":\"https:\/\/footdavant.fr\/actualites\/wp-content\/uploads\/2023\/09\/Copy-of-FootDavant-Logo.png\",\"width\":936,\"height\":549,\"caption\":\"Foot d'avant\"},\"image\":{\"@id\":\"https:\/\/footdavant.fr\/actualites\/#\/schema\/logo\/image\/\"},\"sameAs\":[\"https:\/\/www.facebook.com\/Footdavant\/\",\"https:\/\/twitter.com\/FootdavantFr\",\"https:\/\/www.instagram.com\/footdavant.fr\/\"]},{\"@type\":\"Person\",\"@id\":\"https:\/\/footdavant.fr\/actualites\/#\/schema\/person\/bc222566d95871b37e597b3ed3ba5e1d\",\"name\":\"Cl\u00e9ment\",\"image\":{\"@type\":\"ImageObject\",\"inLanguage\":\"fr-FR\",\"@id\":\"https:\/\/footdavant.fr\/actualites\/#\/schema\/person\/image\/\",\"url\":\"https:\/\/secure.gravatar.com\/avatar\/7728b29aac2719421e1a9159b2254c44?s=96&d=mm&r=g\",\"contentUrl\":\"https:\/\/secure.gravatar.com\/avatar\/7728b29aac2719421e1a9159b2254c44?s=96&d=mm&r=g\",\"caption\":\"Cl\u00e9ment\"},\"sameAs\":[\"https:\/\/footdavant.fr\/\"]}]}<\/script>\n<!-- \/ Yoast SEO plugin. -->","yoast_head_json":{"title":"Man United Transfer News: Ruben Amorim fait allusion \u00e0 l&#39;arriv\u00e9e du d\u00e9fenseur central apr\u00e8s avoir fait de la r\u00e9clamation inqui\u00e9tante de Leny Yoro","robots":{"index":"index","follow":"follow","max-snippet":"max-snippet:-1","max-image-preview":"max-image-preview:large","max-video-preview":"max-video-preview:-1"},"canonical":"https:\/\/footdavant.fr\/actualites\/man-united-transfer-news-ruben-amorim-fait-allusion-a-larrivee-du-defenseur-central-apres-avoir-fait-de-la-reclamation-inquietante-de-leny-yoro\/","og_locale":"fr_FR","og_type":"article","og_title":"Man United Transfer News: Ruben Amorim fait allusion \u00e0 l&#39;arriv\u00e9e du d\u00e9fenseur central apr\u00e8s avoir fait de la r\u00e9clamation inqui\u00e9tante de Leny Yoro","og_description":"L&#39;entra\u00eeneur-chef de Manchester United, Ruben Amorim, sugg\u00e8re que le club pourrait se d\u00e9placer pour un nouveau d\u00e9fenseur central cet \u00e9t\u00e9 au milieu des inqui\u00e9tudes concernant","og_url":"https:\/\/footdavant.fr\/actualites\/man-united-transfer-news-ruben-amorim-fait-allusion-a-larrivee-du-defenseur-central-apres-avoir-fait-de-la-reclamation-inquietante-de-leny-yoro\/","og_site_name":"Foot d&#039;avant","article_publisher":"https:\/\/www.facebook.com\/Footdavant\/","article_published_time":"2025-05-18T01:48:07+00:00","article_modified_time":"2025-05-18T01:48:10+00:00","og_image":[{"width":640,"height":480,"url":"https:\/\/footdavant.fr\/actualites\/wp-content\/uploads\/2025\/05\/Man-United-Transfer-News-Ruben-Amorim-fait-allusion-a-l39arrivee.jpg","type":"image\/jpeg"}],"author":"Cl\u00e9ment","twitter_card":"summary_large_image","twitter_creator":"@FootdavantFr","twitter_site":"@FootdavantFr","twitter_misc":{"\u00c9crit par":"Cl\u00e9ment","Dur\u00e9e de lecture estim\u00e9e":"4 minutes"},"schema":{"@context":"https:\/\/schema.org","@graph":[{"@type":"Article","@id":"https:\/\/footdavant.fr\/actualites\/man-united-transfer-news-ruben-amorim-fait-allusion-a-larrivee-du-defenseur-central-apres-avoir-fait-de-la-reclamation-inquietante-de-leny-yoro\/#article","isPartOf":{"@id":"https:\/\/footdavant.fr\/actualites\/man-united-transfer-news-ruben-amorim-fait-allusion-a-larrivee-du-defenseur-central-apres-avoir-fait-de-la-reclamation-inquietante-de-leny-yoro\/"},"author":{"name":"Cl\u00e9ment","@id":"https:\/\/footdavant.fr\/actualites\/#\/schema\/person\/bc222566d95871b37e597b3ed3ba5e1d"},"headline":"Man United Transfer News: Ruben Amorim fait allusion \u00e0 l&#39;arriv\u00e9e du d\u00e9fenseur central apr\u00e8s avoir fait de la r\u00e9clamation inqui\u00e9tante de Leny Yoro","datePublished":"2025-05-18T01:48:07+00:00","dateModified":"2025-05-18T01:48:10+00:00","mainEntityOfPage":{"@id":"https:\/\/footdavant.fr\/actualites\/man-united-transfer-news-ruben-amorim-fait-allusion-a-larrivee-du-defenseur-central-apres-avoir-fait-de-la-reclamation-inquietante-de-leny-yoro\/"},"wordCount":785,"publisher":{"@id":"https:\/\/footdavant.fr\/actualites\/#organization"},"keywords":["allusion","Amorim","apr\u00e8s","avoir","central","d\u00e9fenseur","fait","inqui\u00e9tante","l39arriv\u00e9e","Leny","Man","News","r\u00e9clamation","Ruben","Transfer","United","Yoro"],"articleSection":["Premier League"],"inLanguage":"fr-FR"},{"@type":"WebPage","@id":"https:\/\/footdavant.fr\/actualites\/man-united-transfer-news-ruben-amorim-fait-allusion-a-larrivee-du-defenseur-central-apres-avoir-fait-de-la-reclamation-inquietante-de-leny-yoro\/","url":"https:\/\/footdavant.fr\/actualites\/man-united-transfer-news-ruben-amorim-fait-allusion-a-larrivee-du-defenseur-central-apres-avoir-fait-de-la-reclamation-inquietante-de-leny-yoro\/","name":"Man United Transfer News: Ruben Amorim fait allusion \u00e0 l&#39;arriv\u00e9e du d\u00e9fenseur central apr\u00e8s avoir fait de la r\u00e9clamation inqui\u00e9tante de Leny Yoro","isPartOf":{"@id":"https:\/\/footdavant.fr\/actualites\/#website"},"datePublished":"2025-05-18T01:48:07+00:00","dateModified":"2025-05-18T01:48:10+00:00","breadcrumb":{"@id":"https:\/\/footdavant.fr\/actualites\/man-united-transfer-news-ruben-amorim-fait-allusion-a-larrivee-du-defenseur-central-apres-avoir-fait-de-la-reclamation-inquietante-de-leny-yoro\/#breadcrumb"},"inLanguage":"fr-FR","potentialAction":[{"@type":"ReadAction","target":["https:\/\/footdavant.fr\/actualites\/man-united-transfer-news-ruben-amorim-fait-allusion-a-larrivee-du-defenseur-central-apres-avoir-fait-de-la-reclamation-inquietante-de-leny-yoro\/"]}]},{"@type":"BreadcrumbList","@id":"https:\/\/footdavant.fr\/actualites\/man-united-transfer-news-ruben-amorim-fait-allusion-a-larrivee-du-defenseur-central-apres-avoir-fait-de-la-reclamation-inquietante-de-leny-yoro\/#breadcrumb","itemListElement":[{"@type":"ListItem","position":1,"name":"Accueil","item":"https:\/\/footdavant.fr\/actualites\/"},{"@type":"ListItem","position":2,"name":"Man United Transfer News: Ruben Amorim fait allusion \u00e0 l&#39;arriv\u00e9e du d\u00e9fenseur central apr\u00e8s avoir fait de la r\u00e9clamation inqui\u00e9tante de Leny Yoro"}]},{"@type":"WebSite","@id":"https:\/\/footdavant.fr\/actualites\/#website","url":"https:\/\/footdavant.fr\/actualites\/","name":"Foot d'avant","description":"","publisher":{"@id":"https:\/\/footdavant.fr\/actualites\/#organization"},"potentialAction":[{"@type":"SearchAction","target":{"@type":"EntryPoint","urlTemplate":"https:\/\/footdavant.fr\/actualites\/?s={search_term_string}"},"query-input":"required name=search_term_string"}],"inLanguage":"fr-FR"},{"@type":"Organization","@id":"https:\/\/footdavant.fr\/actualites\/#organization","name":"Foot d'avant","url":"https:\/\/footdavant.fr\/actualites\/","logo":{"@type":"ImageObject","inLanguage":"fr-FR","@id":"https:\/\/footdavant.fr\/actualites\/#\/schema\/logo\/image\/","url":"https:\/\/footdavant.fr\/actualites\/wp-content\/uploads\/2023\/09\/Copy-of-FootDavant-Logo.png","contentUrl":"https:\/\/footdavant.fr\/actualites\/wp-content\/uploads\/2023\/09\/Copy-of-FootDavant-Logo.png","width":936,"height":549,"caption":"Foot d'avant"},"image":{"@id":"https:\/\/footdavant.fr\/actualites\/#\/schema\/logo\/image\/"},"sameAs":["https:\/\/www.facebook.com\/Footdavant\/","https:\/\/twitter.com\/FootdavantFr","https:\/\/www.instagram.com\/footdavant.fr\/"]},{"@type":"Person","@id":"https:\/\/footdavant.fr\/actualites\/#\/schema\/person\/bc222566d95871b37e597b3ed3ba5e1d","name":"Cl\u00e9ment","image":{"@type":"ImageObject","inLanguage":"fr-FR","@id":"https:\/\/footdavant.fr\/actualites\/#\/schema\/person\/image\/","url":"https:\/\/secure.gravatar.com\/avatar\/7728b29aac2719421e1a9159b2254c44?s=96&d=mm&r=g","contentUrl":"https:\/\/secure.gravatar.com\/avatar\/7728b29aac2719421e1a9159b2254c44?s=96&d=mm&r=g","caption":"Cl\u00e9ment"},"sameAs":["https:\/\/footdavant.fr\/"]}]}},"_links":{"self":[{"href":"https:\/\/footdavant.fr\/actualites\/wp-json\/wp\/v2\/posts\/24044"}],"collection":[{"href":"https:\/\/footdavant.fr\/actualites\/wp-json\/wp\/v2\/posts"}],"about":[{"href":"https:\/\/footdavant.fr\/actualites\/wp-json\/wp\/v2\/types\/post"}],"author":[{"embeddable":true,"href":"https:\/\/footdavant.fr\/actualites\/wp-json\/wp\/v2\/users\/1"}],"replies":[{"embeddable":true,"href":"https:\/\/footdavant.fr\/actualites\/wp-json\/wp\/v2\/comments?post=24044"}],"version-history":[{"count":1,"href":"https:\/\/footdavant.fr\/actualites\/wp-json\/wp\/v2\/posts\/24044\/revisions"}],"predecessor-version":[{"id":24046,"href":"https:\/\/footdavant.fr\/actualites\/wp-json\/wp\/v2\/posts\/24044\/revisions\/24046"}],"wp:featuredmedia":[{"embeddable":true,"href":"https:\/\/footdavant.fr\/actualites\/wp-json\/wp\/v2\/media\/24045"}],"wp:attachment":[{"href":"https:\/\/footdavant.fr\/actualites\/wp-json\/wp\/v2\/media?parent=24044"}],"wp:term":[{"taxonomy":"category","embeddable":true,"href":"https:\/\/footdavant.fr\/actualites\/wp-json\/wp\/v2\/categories?post=24044"},{"taxonomy":"post_tag","embeddable":true,"href":"https:\/\/footdavant.fr\/actualites\/wp-json\/wp\/v2\/tags?post=24044"}],"curies":[{"name":"wp","href":"https:\/\/api.w.org\/{rel}","templated":true}]}}