{"id":24085,"date":"2025-05-19T07:48:58","date_gmt":"2025-05-19T05:48:58","guid":{"rendered":"https:\/\/footdavant.fr\/actualites\/homme-city-bleshing-suspension-news-and-return-dates-for-fa-cup-final-with-crystal-palace-rodri-nathan-ake-john-stones-derniter\/"},"modified":"2025-05-19T07:48:59","modified_gmt":"2025-05-19T05:48:59","slug":"homme-city-bleshing-suspension-news-and-return-dates-for-fa-cup-final-with-crystal-palace-rodri-nathan-ake-john-stones-derniter","status":"publish","type":"post","link":"https:\/\/footdavant.fr\/actualites\/homme-city-bleshing-suspension-news-and-return-dates-for-fa-cup-final-with-crystal-palace-rodri-nathan-ake-john-stones-derniter\/","title":{"rendered":"Homme City Bleshing, Suspension News and Return Dates for FA Cup Final with Crystal Palace: Rodri, Nathan Ake, John Stones Derniter"},"content":{"rendered":"<p>Sports Mole rassemble les nouvelles de Manchester City et la suspension avant la finale de la FA Cup avec Crystal Palace samedi.<\/p>\n<div id=\"article_body\" itemprop=\"articleBody\">\n<p class=\"firstPara\"><strong class=\"autotag\">MANCHESTER CITY<\/strong> sont de retour en action samedi lorsqu&#39;ils s&#39;affrontent contre <strong class=\"autotag\">Crystal Palace<\/strong> dans le <strong class=\"autotag\">FA Cup<\/strong> final.<\/p>\n<p>L&#39;objectif principal de <strong class=\"autotag\">Pep guodiola<\/strong> Et son \u00e9quipe garantit une qualification de la Ligue des champions pour la saison prochaine, qui encore en danger avec l&#39;aimable autorisation de <strong>Draw lot nul le week-end dernier<\/strong> \u00e0 Southampton du c\u00f4t\u00e9 inf\u00e9rieur.<\/p>\n<p>N\u00e9anmoins, City peut faire une tournure positive \u00e0 une campagne d\u00e9cevante s&#39;ils peuvent encore soulever ce troph\u00e9e, et compenser la perte de voisins Manchester United il y a 12 mois.<\/p>\n<p>Ici, <strong>Taupe de sport<\/strong> Souppe les derni\u00e8res nouvelles de la blessure et de la suspension de City avant un autre voyage dans la capitale, cette fois pour affronter des adversaires qui soumissent de remporter leur tout premier FA Cup.<\/p>\n<hr>\n<p class=\"imgI\">\n<p><strong>Statut:<\/strong> Dehors<br \/><strong>Type de blessure:<\/strong> Genou<br \/><strong>Date de retour possible:<\/strong> Inconnu<\/p>\n<p>La blessure du LCA de Rodri, subie lors de l&#39;affrontement avec Arsenal \u00e0 domicile en septembre de l&#39;ann\u00e9e derni\u00e8re, le mettra en fl\u00e8che pour le reste de la saison, et il n&#39;y a qu&#39;une mince chance que le vainqueur du Ballon d&#39;Or jouant \u00e0 la Coupe du monde du club au cours de l&#39;\u00e9t\u00e9.<\/p>\n<hr>\n<p class=\"imgI\"><img decoding=\"async\" loading=\"lazy\" class=\"l\" src=\"https:\/\/footdavant.fr\/actualites\/wp-content\/uploads\/2025\/05\/1747633738_46_Homme-City-Bleshing-Suspension-News-and-Return-Dates-for-FA.jpg\" title=\"Nathan Ake de Manchester City le 4 d\u00e9cembre 2024\" alt=\"Nathan Ake de Manchester City le 4 d\u00e9cembre 2024\" width=\"640\" height=\"480\"><\/p>\n<p><strong>Statut:<\/strong> Dehors<br \/><strong>Type de blessure:<\/strong> Pied<br \/><strong>Date de retour possible:<\/strong> 20 mai (contre Bournemouth)<\/p>\n<p>Nathan Ake <strong>a subi une intervention chirurgicale<\/strong> Apr\u00e8s avoir subi une fracture dans son pied gauche il y a deux mois, et Guardiola a r\u00e9v\u00e9l\u00e9 qu&#39;il se r\u00e9tablit bien. La semaine derni\u00e8re, l&#39;Espagnol a d\u00e9clar\u00e9 qu&#39;Ake \u00e9tait revenu \u00e0 une formation partielle, mais il a depuis \u00e9t\u00e9 exclu de la finale.<\/p>\n<hr>\n<p class=\"imgI\"><img decoding=\"async\" loading=\"lazy\" class=\"l\" src=\"https:\/\/footdavant.fr\/actualites\/wp-content\/uploads\/2025\/05\/1747633738_953_Homme-City-Bleshing-Suspension-News-and-Return-Dates-for-FA.jpg\" title=\"John Stones de Manchester City c\u00e9l\u00e8bre le 20 octobre 2024\" alt=\"John Stones de Manchester City c\u00e9l\u00e8bre le 20 octobre 2024\" width=\"640\" height=\"480\"><\/p>\n<p><strong>Statut:<\/strong> Dehors<br \/><strong>Type de blessure:<\/strong> Cuisse<br \/><strong>Date de retour possible:<\/strong> 20 mai (contre Bournemouth)<\/p>\n<p>John Stones ne s&#39;est pas pr\u00e9sent\u00e9 depuis sa blessure \u00e0 la cuisse lors de la d\u00e9faite de la Ligue des champions contre le Real Madrid en f\u00e9vrier. Depuis la semaine derni\u00e8re, Guardiola a d\u00e9clar\u00e9 que le d\u00e9fenseur \u00ab\u00a0s&#39;am\u00e9liorait mais pas (disponible) encore\u00a0\u00bb, et il a depuis \u00e9t\u00e9 exclu.<\/p>\n<hr>\n<p class=\"imgI\"><img decoding=\"async\" loading=\"lazy\" class=\"l\" src=\"https:\/\/footdavant.fr\/actualites\/wp-content\/uploads\/2025\/05\/1747633738_2_Homme-City-Bleshing-Suspension-News-and-Return-Dates-for-FA.jpg\" title=\"Oscar Bobb de Manchester City le 12 avril 2025\" alt=\"Oscar Bobb de Manchester City le 12 avril 2025\" width=\"640\" height=\"480\"><\/p>\n<p><strong>Statut:<\/strong> Dehors<br \/><strong>Type de blessure:<\/strong> Cuisse<br \/><strong>Date de retour possible:<\/strong> 20 mai (contre Bournemouth)<\/p>\n<p>Avec Oscar Bobb ne jouant que 13 minutes depuis le 11 ao\u00fbt, l&#39;ailier ne sera pas consid\u00e9r\u00e9 pour ce concours. N\u00e9anmoins, le norv\u00e9gien allait progresser dans sa r\u00e9tablissement d&#39;une blessure \u00e0 la cuisse qui l&#39;a emp\u00each\u00e9 depuis le milieu du mois dernier.<\/p>\n<hr>\n<p><strong><\/p>\n<h2>Liste de suspension de Manchester City<\/h2>\n<p><\/strong><\/p>\n<p>Man City n&#39;a aucun joueur suspendu pour ce match.<\/p>\n<hr>\n<div class=\"author_box\">\n<div class=\"author_box_banner\">\n<img decoding=\"async\" class=\"author_img\" src=\"https:\/\/footdavant.fr\/actualites\/wp-content\/uploads\/2025\/05\/1747633738_846_Homme-City-Bleshing-Suspension-News-and-Return-Dates-for-FA.jpg\"><\/p>\n<\/div>\n<\/div>\n<\/div>\n","protected":false},"excerpt":{"rendered":"<p>Sports Mole rassemble les nouvelles de Manchester City et la suspension avant la finale de la FA Cup avec Crystal Palace samedi. MANCHESTER CITY sont<\/p>\n","protected":false},"author":1,"featured_media":24086,"comment_status":"closed","ping_status":"","sticky":false,"template":"","format":"standard","meta":{"footnotes":""},"categories":[5],"tags":[1089,7829,27,1008,466,2867,9264,3454,1245,501,1088,409,815,7830,1225,2055,18],"yoast_head":"<!-- This site is optimized with the Yoast SEO plugin v21.0 - https:\/\/yoast.com\/wordpress\/plugins\/seo\/ -->\n<title>Homme City Bleshing, Suspension News and Return Dates for FA Cup Final with Crystal Palace: Rodri, Nathan Ake, John Stones Derniter<\/title>\n<meta name=\"robots\" content=\"index, follow, max-snippet:-1, max-image-preview:large, max-video-preview:-1\" \/>\n<link rel=\"canonical\" href=\"https:\/\/footdavant.fr\/actualites\/homme-city-bleshing-suspension-news-and-return-dates-for-fa-cup-final-with-crystal-palace-rodri-nathan-ake-john-stones-derniter\/\" \/>\n<meta property=\"og:locale\" content=\"fr_FR\" \/>\n<meta property=\"og:type\" content=\"article\" \/>\n<meta property=\"og:title\" content=\"Homme City Bleshing, Suspension News and Return Dates for FA Cup Final with Crystal Palace: Rodri, Nathan Ake, John Stones Derniter\" \/>\n<meta property=\"og:description\" content=\"Sports Mole rassemble les nouvelles de Manchester City et la suspension avant la finale de la FA Cup avec Crystal Palace samedi. MANCHESTER CITY sont\" \/>\n<meta property=\"og:url\" content=\"https:\/\/footdavant.fr\/actualites\/homme-city-bleshing-suspension-news-and-return-dates-for-fa-cup-final-with-crystal-palace-rodri-nathan-ake-john-stones-derniter\/\" \/>\n<meta property=\"og:site_name\" content=\"Foot d&#039;avant\" \/>\n<meta property=\"article:publisher\" content=\"https:\/\/www.facebook.com\/Footdavant\/\" \/>\n<meta property=\"article:published_time\" content=\"2025-05-19T05:48:58+00:00\" \/>\n<meta property=\"article:modified_time\" content=\"2025-05-19T05:48:59+00:00\" \/>\n<meta property=\"og:image\" content=\"https:\/\/footdavant.fr\/actualites\/wp-content\/uploads\/2025\/05\/Homme-City-Bleshing-Suspension-News-and-Return-Dates-for-FA.jpg\" \/>\n\t<meta property=\"og:image:width\" content=\"640\" \/>\n\t<meta property=\"og:image:height\" content=\"480\" \/>\n\t<meta property=\"og:image:type\" content=\"image\/jpeg\" \/>\n<meta name=\"author\" content=\"Cl\u00e9ment\" \/>\n<meta name=\"twitter:card\" content=\"summary_large_image\" \/>\n<meta name=\"twitter:creator\" content=\"@FootdavantFr\" \/>\n<meta name=\"twitter:site\" content=\"@FootdavantFr\" \/>\n<meta name=\"twitter:label1\" content=\"\u00c9crit par\" \/>\n\t<meta name=\"twitter:data1\" content=\"Cl\u00e9ment\" \/>\n\t<meta name=\"twitter:label2\" content=\"Dur\u00e9e de lecture estim\u00e9e\" \/>\n\t<meta name=\"twitter:data2\" content=\"2 minutes\" \/>\n<script type=\"application\/ld+json\" class=\"yoast-schema-graph\">{\"@context\":\"https:\/\/schema.org\",\"@graph\":[{\"@type\":\"Article\",\"@id\":\"https:\/\/footdavant.fr\/actualites\/homme-city-bleshing-suspension-news-and-return-dates-for-fa-cup-final-with-crystal-palace-rodri-nathan-ake-john-stones-derniter\/#article\",\"isPartOf\":{\"@id\":\"https:\/\/footdavant.fr\/actualites\/homme-city-bleshing-suspension-news-and-return-dates-for-fa-cup-final-with-crystal-palace-rodri-nathan-ake-john-stones-derniter\/\"},\"author\":{\"name\":\"Cl\u00e9ment\",\"@id\":\"https:\/\/footdavant.fr\/actualites\/#\/schema\/person\/bc222566d95871b37e597b3ed3ba5e1d\"},\"headline\":\"Homme City Bleshing, Suspension News and Return Dates for FA Cup Final with Crystal Palace: Rodri, Nathan Ake, John Stones Derniter\",\"datePublished\":\"2025-05-19T05:48:58+00:00\",\"dateModified\":\"2025-05-19T05:48:59+00:00\",\"mainEntityOfPage\":{\"@id\":\"https:\/\/footdavant.fr\/actualites\/homme-city-bleshing-suspension-news-and-return-dates-for-fa-cup-final-with-crystal-palace-rodri-nathan-ake-john-stones-derniter\/\"},\"wordCount\":467,\"publisher\":{\"@id\":\"https:\/\/footdavant.fr\/actualites\/#organization\"},\"keywords\":[\"Ake\",\"Bleshing\",\"City\",\"Crystal\",\"Cup\",\"Dates\",\"Derniter\",\"final\",\"homme\",\"John\",\"Nathan\",\"News\",\"Palace\",\"Return\",\"Rodri\",\"Stones\",\"suspension\"],\"articleSection\":[\"Premier League\"],\"inLanguage\":\"fr-FR\"},{\"@type\":\"WebPage\",\"@id\":\"https:\/\/footdavant.fr\/actualites\/homme-city-bleshing-suspension-news-and-return-dates-for-fa-cup-final-with-crystal-palace-rodri-nathan-ake-john-stones-derniter\/\",\"url\":\"https:\/\/footdavant.fr\/actualites\/homme-city-bleshing-suspension-news-and-return-dates-for-fa-cup-final-with-crystal-palace-rodri-nathan-ake-john-stones-derniter\/\",\"name\":\"Homme City Bleshing, Suspension News and Return Dates for FA Cup Final with Crystal Palace: Rodri, Nathan Ake, John Stones Derniter\",\"isPartOf\":{\"@id\":\"https:\/\/footdavant.fr\/actualites\/#website\"},\"datePublished\":\"2025-05-19T05:48:58+00:00\",\"dateModified\":\"2025-05-19T05:48:59+00:00\",\"breadcrumb\":{\"@id\":\"https:\/\/footdavant.fr\/actualites\/homme-city-bleshing-suspension-news-and-return-dates-for-fa-cup-final-with-crystal-palace-rodri-nathan-ake-john-stones-derniter\/#breadcrumb\"},\"inLanguage\":\"fr-FR\",\"potentialAction\":[{\"@type\":\"ReadAction\",\"target\":[\"https:\/\/footdavant.fr\/actualites\/homme-city-bleshing-suspension-news-and-return-dates-for-fa-cup-final-with-crystal-palace-rodri-nathan-ake-john-stones-derniter\/\"]}]},{\"@type\":\"BreadcrumbList\",\"@id\":\"https:\/\/footdavant.fr\/actualites\/homme-city-bleshing-suspension-news-and-return-dates-for-fa-cup-final-with-crystal-palace-rodri-nathan-ake-john-stones-derniter\/#breadcrumb\",\"itemListElement\":[{\"@type\":\"ListItem\",\"position\":1,\"name\":\"Accueil\",\"item\":\"https:\/\/footdavant.fr\/actualites\/\"},{\"@type\":\"ListItem\",\"position\":2,\"name\":\"Homme City Bleshing, Suspension News and Return Dates for FA Cup Final with Crystal Palace: Rodri, Nathan Ake, John Stones Derniter\"}]},{\"@type\":\"WebSite\",\"@id\":\"https:\/\/footdavant.fr\/actualites\/#website\",\"url\":\"https:\/\/footdavant.fr\/actualites\/\",\"name\":\"Foot d'avant\",\"description\":\"\",\"publisher\":{\"@id\":\"https:\/\/footdavant.fr\/actualites\/#organization\"},\"potentialAction\":[{\"@type\":\"SearchAction\",\"target\":{\"@type\":\"EntryPoint\",\"urlTemplate\":\"https:\/\/footdavant.fr\/actualites\/?s={search_term_string}\"},\"query-input\":\"required name=search_term_string\"}],\"inLanguage\":\"fr-FR\"},{\"@type\":\"Organization\",\"@id\":\"https:\/\/footdavant.fr\/actualites\/#organization\",\"name\":\"Foot d'avant\",\"url\":\"https:\/\/footdavant.fr\/actualites\/\",\"logo\":{\"@type\":\"ImageObject\",\"inLanguage\":\"fr-FR\",\"@id\":\"https:\/\/footdavant.fr\/actualites\/#\/schema\/logo\/image\/\",\"url\":\"https:\/\/footdavant.fr\/actualites\/wp-content\/uploads\/2023\/09\/Copy-of-FootDavant-Logo.png\",\"contentUrl\":\"https:\/\/footdavant.fr\/actualites\/wp-content\/uploads\/2023\/09\/Copy-of-FootDavant-Logo.png\",\"width\":936,\"height\":549,\"caption\":\"Foot d'avant\"},\"image\":{\"@id\":\"https:\/\/footdavant.fr\/actualites\/#\/schema\/logo\/image\/\"},\"sameAs\":[\"https:\/\/www.facebook.com\/Footdavant\/\",\"https:\/\/twitter.com\/FootdavantFr\",\"https:\/\/www.instagram.com\/footdavant.fr\/\"]},{\"@type\":\"Person\",\"@id\":\"https:\/\/footdavant.fr\/actualites\/#\/schema\/person\/bc222566d95871b37e597b3ed3ba5e1d\",\"name\":\"Cl\u00e9ment\",\"image\":{\"@type\":\"ImageObject\",\"inLanguage\":\"fr-FR\",\"@id\":\"https:\/\/footdavant.fr\/actualites\/#\/schema\/person\/image\/\",\"url\":\"https:\/\/secure.gravatar.com\/avatar\/7728b29aac2719421e1a9159b2254c44?s=96&d=mm&r=g\",\"contentUrl\":\"https:\/\/secure.gravatar.com\/avatar\/7728b29aac2719421e1a9159b2254c44?s=96&d=mm&r=g\",\"caption\":\"Cl\u00e9ment\"},\"sameAs\":[\"https:\/\/footdavant.fr\/\"]}]}<\/script>\n<!-- \/ Yoast SEO plugin. -->","yoast_head_json":{"title":"Homme City Bleshing, Suspension News and Return Dates for FA Cup Final with Crystal Palace: Rodri, Nathan Ake, John Stones Derniter","robots":{"index":"index","follow":"follow","max-snippet":"max-snippet:-1","max-image-preview":"max-image-preview:large","max-video-preview":"max-video-preview:-1"},"canonical":"https:\/\/footdavant.fr\/actualites\/homme-city-bleshing-suspension-news-and-return-dates-for-fa-cup-final-with-crystal-palace-rodri-nathan-ake-john-stones-derniter\/","og_locale":"fr_FR","og_type":"article","og_title":"Homme City Bleshing, Suspension News and Return Dates for FA Cup Final with Crystal Palace: Rodri, Nathan Ake, John Stones Derniter","og_description":"Sports Mole rassemble les nouvelles de Manchester City et la suspension avant la finale de la FA Cup avec Crystal Palace samedi. MANCHESTER CITY sont","og_url":"https:\/\/footdavant.fr\/actualites\/homme-city-bleshing-suspension-news-and-return-dates-for-fa-cup-final-with-crystal-palace-rodri-nathan-ake-john-stones-derniter\/","og_site_name":"Foot d&#039;avant","article_publisher":"https:\/\/www.facebook.com\/Footdavant\/","article_published_time":"2025-05-19T05:48:58+00:00","article_modified_time":"2025-05-19T05:48:59+00:00","og_image":[{"width":640,"height":480,"url":"https:\/\/footdavant.fr\/actualites\/wp-content\/uploads\/2025\/05\/Homme-City-Bleshing-Suspension-News-and-Return-Dates-for-FA.jpg","type":"image\/jpeg"}],"author":"Cl\u00e9ment","twitter_card":"summary_large_image","twitter_creator":"@FootdavantFr","twitter_site":"@FootdavantFr","twitter_misc":{"\u00c9crit par":"Cl\u00e9ment","Dur\u00e9e de lecture estim\u00e9e":"2 minutes"},"schema":{"@context":"https:\/\/schema.org","@graph":[{"@type":"Article","@id":"https:\/\/footdavant.fr\/actualites\/homme-city-bleshing-suspension-news-and-return-dates-for-fa-cup-final-with-crystal-palace-rodri-nathan-ake-john-stones-derniter\/#article","isPartOf":{"@id":"https:\/\/footdavant.fr\/actualites\/homme-city-bleshing-suspension-news-and-return-dates-for-fa-cup-final-with-crystal-palace-rodri-nathan-ake-john-stones-derniter\/"},"author":{"name":"Cl\u00e9ment","@id":"https:\/\/footdavant.fr\/actualites\/#\/schema\/person\/bc222566d95871b37e597b3ed3ba5e1d"},"headline":"Homme City Bleshing, Suspension News and Return Dates for FA Cup Final with Crystal Palace: Rodri, Nathan Ake, John Stones Derniter","datePublished":"2025-05-19T05:48:58+00:00","dateModified":"2025-05-19T05:48:59+00:00","mainEntityOfPage":{"@id":"https:\/\/footdavant.fr\/actualites\/homme-city-bleshing-suspension-news-and-return-dates-for-fa-cup-final-with-crystal-palace-rodri-nathan-ake-john-stones-derniter\/"},"wordCount":467,"publisher":{"@id":"https:\/\/footdavant.fr\/actualites\/#organization"},"keywords":["Ake","Bleshing","City","Crystal","Cup","Dates","Derniter","final","homme","John","Nathan","News","Palace","Return","Rodri","Stones","suspension"],"articleSection":["Premier League"],"inLanguage":"fr-FR"},{"@type":"WebPage","@id":"https:\/\/footdavant.fr\/actualites\/homme-city-bleshing-suspension-news-and-return-dates-for-fa-cup-final-with-crystal-palace-rodri-nathan-ake-john-stones-derniter\/","url":"https:\/\/footdavant.fr\/actualites\/homme-city-bleshing-suspension-news-and-return-dates-for-fa-cup-final-with-crystal-palace-rodri-nathan-ake-john-stones-derniter\/","name":"Homme City Bleshing, Suspension News and Return Dates for FA Cup Final with Crystal Palace: Rodri, Nathan Ake, John Stones Derniter","isPartOf":{"@id":"https:\/\/footdavant.fr\/actualites\/#website"},"datePublished":"2025-05-19T05:48:58+00:00","dateModified":"2025-05-19T05:48:59+00:00","breadcrumb":{"@id":"https:\/\/footdavant.fr\/actualites\/homme-city-bleshing-suspension-news-and-return-dates-for-fa-cup-final-with-crystal-palace-rodri-nathan-ake-john-stones-derniter\/#breadcrumb"},"inLanguage":"fr-FR","potentialAction":[{"@type":"ReadAction","target":["https:\/\/footdavant.fr\/actualites\/homme-city-bleshing-suspension-news-and-return-dates-for-fa-cup-final-with-crystal-palace-rodri-nathan-ake-john-stones-derniter\/"]}]},{"@type":"BreadcrumbList","@id":"https:\/\/footdavant.fr\/actualites\/homme-city-bleshing-suspension-news-and-return-dates-for-fa-cup-final-with-crystal-palace-rodri-nathan-ake-john-stones-derniter\/#breadcrumb","itemListElement":[{"@type":"ListItem","position":1,"name":"Accueil","item":"https:\/\/footdavant.fr\/actualites\/"},{"@type":"ListItem","position":2,"name":"Homme City Bleshing, Suspension News and Return Dates for FA Cup Final with Crystal Palace: Rodri, Nathan Ake, John Stones Derniter"}]},{"@type":"WebSite","@id":"https:\/\/footdavant.fr\/actualites\/#website","url":"https:\/\/footdavant.fr\/actualites\/","name":"Foot d'avant","description":"","publisher":{"@id":"https:\/\/footdavant.fr\/actualites\/#organization"},"potentialAction":[{"@type":"SearchAction","target":{"@type":"EntryPoint","urlTemplate":"https:\/\/footdavant.fr\/actualites\/?s={search_term_string}"},"query-input":"required name=search_term_string"}],"inLanguage":"fr-FR"},{"@type":"Organization","@id":"https:\/\/footdavant.fr\/actualites\/#organization","name":"Foot d'avant","url":"https:\/\/footdavant.fr\/actualites\/","logo":{"@type":"ImageObject","inLanguage":"fr-FR","@id":"https:\/\/footdavant.fr\/actualites\/#\/schema\/logo\/image\/","url":"https:\/\/footdavant.fr\/actualites\/wp-content\/uploads\/2023\/09\/Copy-of-FootDavant-Logo.png","contentUrl":"https:\/\/footdavant.fr\/actualites\/wp-content\/uploads\/2023\/09\/Copy-of-FootDavant-Logo.png","width":936,"height":549,"caption":"Foot d'avant"},"image":{"@id":"https:\/\/footdavant.fr\/actualites\/#\/schema\/logo\/image\/"},"sameAs":["https:\/\/www.facebook.com\/Footdavant\/","https:\/\/twitter.com\/FootdavantFr","https:\/\/www.instagram.com\/footdavant.fr\/"]},{"@type":"Person","@id":"https:\/\/footdavant.fr\/actualites\/#\/schema\/person\/bc222566d95871b37e597b3ed3ba5e1d","name":"Cl\u00e9ment","image":{"@type":"ImageObject","inLanguage":"fr-FR","@id":"https:\/\/footdavant.fr\/actualites\/#\/schema\/person\/image\/","url":"https:\/\/secure.gravatar.com\/avatar\/7728b29aac2719421e1a9159b2254c44?s=96&d=mm&r=g","contentUrl":"https:\/\/secure.gravatar.com\/avatar\/7728b29aac2719421e1a9159b2254c44?s=96&d=mm&r=g","caption":"Cl\u00e9ment"},"sameAs":["https:\/\/footdavant.fr\/"]}]}},"_links":{"self":[{"href":"https:\/\/footdavant.fr\/actualites\/wp-json\/wp\/v2\/posts\/24085"}],"collection":[{"href":"https:\/\/footdavant.fr\/actualites\/wp-json\/wp\/v2\/posts"}],"about":[{"href":"https:\/\/footdavant.fr\/actualites\/wp-json\/wp\/v2\/types\/post"}],"author":[{"embeddable":true,"href":"https:\/\/footdavant.fr\/actualites\/wp-json\/wp\/v2\/users\/1"}],"replies":[{"embeddable":true,"href":"https:\/\/footdavant.fr\/actualites\/wp-json\/wp\/v2\/comments?post=24085"}],"version-history":[{"count":1,"href":"https:\/\/footdavant.fr\/actualites\/wp-json\/wp\/v2\/posts\/24085\/revisions"}],"predecessor-version":[{"id":24087,"href":"https:\/\/footdavant.fr\/actualites\/wp-json\/wp\/v2\/posts\/24085\/revisions\/24087"}],"wp:featuredmedia":[{"embeddable":true,"href":"https:\/\/footdavant.fr\/actualites\/wp-json\/wp\/v2\/media\/24086"}],"wp:attachment":[{"href":"https:\/\/footdavant.fr\/actualites\/wp-json\/wp\/v2\/media?parent=24085"}],"wp:term":[{"taxonomy":"category","embeddable":true,"href":"https:\/\/footdavant.fr\/actualites\/wp-json\/wp\/v2\/categories?post=24085"},{"taxonomy":"post_tag","embeddable":true,"href":"https:\/\/footdavant.fr\/actualites\/wp-json\/wp\/v2\/tags?post=24085"}],"curies":[{"name":"wp","href":"https:\/\/api.w.org\/{rel}","templated":true}]}}