{"id":24186,"date":"2025-05-22T01:48:19","date_gmt":"2025-05-21T23:48:19","guid":{"rendered":"https:\/\/footdavant.fr\/actualites\/reflexions-sur-kieran-tierney-un-blog-arsenal\/"},"modified":"2025-05-22T01:48:21","modified_gmt":"2025-05-21T23:48:21","slug":"reflexions-sur-kieran-tierney-un-blog-arsenal","status":"publish","type":"post","link":"https:\/\/footdavant.fr\/actualites\/reflexions-sur-kieran-tierney-un-blog-arsenal\/","title":{"rendered":"R\u00e9flexions sur Kieran Tierney |   &#8230; un blog Arsenal"},"content":{"rendered":"<div>\n<p>Matin.<\/p>\n<p>Nous avons parl\u00e9 un peu de Kieran Tierney sur le Arsecast Extra cette semaine, apr\u00e8s avoir fait ce qui sera sa derni\u00e8re apparition \u00e0 domicile dans la victoire 1-0 contre Newcastle dimanche. Mikel Arteta n&#39;est g\u00e9n\u00e9ralement pas un homme qui prend des d\u00e9cisions bas\u00e9es sur le sentiment, mais Tierney et Jorginho &#8211; qui partiront \u00e9galement cet \u00e9t\u00e9 &#8211; ont re\u00e7u quelques derni\u00e8res minutes sur le gazon \u00e0 domicile avant leurs d\u00e9parts d&#39;\u00e9t\u00e9.<\/p>\n<p>Il y a eu un instant apr\u00e8s son arriv\u00e9e lorsque Gabriel Martinelli a \u00e9t\u00e9 envoy\u00e9 en train de glisser dans leur moiti\u00e9, et Tierney a charg\u00e9 pour le soutenir. Je pouvais le voir dans mon esprit, le ballon \u00e0 travers, et sur son pied droit, l&#39;international \u00e9cossais en disant au revoir aux fans d&#39;Arsenal avec un dernier but. Malheureusement, le mouvement \u00e9tait bon, il \u00e9tait dans la bonne position, mais Martinelli ne pouvait pas vraiment livrer la croix.<\/p>\n<p>Il pourrait bien \u00eatre impliqu\u00e9 dimanche lorsque nous affronterons Southampton, mais c&#39;\u00e9tait la derni\u00e8re chance de le faire \u00e0 la maison. Son retour au Celtic est tout arrang\u00e9, il rentrera chez lui dans un club qu&#39;il aime, et je pense qu&#39;il le fera avec une v\u00e9ritable affection et aucune petite teinte de regret parmi les fans d&#39;Arsenal sur la fa\u00e7on dont son temps dans ce club s&#39;est d\u00e9roul\u00e9.<\/p>\n<p>Lorsqu&#39;il est arriv\u00e9 le jour de la date limite en ao\u00fbt 2019 (qui \u00e9tait d\u00e9but ao\u00fbt parce qu&#39;ils l&#39;avaient chang\u00e9 pour que tout soit fait avant le d\u00e9but de la saison), j&#39;ai \u00e9crit \u00e0 propos de son arriv\u00e9e:<\/p>\n<\/p>\n<p>C&#39;\u00e9tait une affaire qui \u00e9tait sur les cartes tout l&#39;\u00e9t\u00e9, alors nous aurions peut-\u00eatre d\u00fb voir des signes d&#39;avertissement sur les d\u00e9cideurs \u00e0 l&#39;\u00e9poque que cela ne s&#39;est produit qu&#39;\u00e0 la derni\u00e8re minute, mais en fin de compte, c&#39;\u00e9tait une signature solide sur papier. Nacho Monreal n&#39;\u00e9tait pas plus jeune, et Sead Kolasinac n&#39;\u00e9tait pas du tout adapt\u00e9 \u00e0 l&#39;arri\u00e8re gauche. Avec le recul, la d\u00e9cision de laisser Monreal part pour la Real Sociedad quelques semaines plus tard n&#39;a pas \u00e9t\u00e9 formidable, mais Tierney a \u00e9t\u00e9 un clin d&#39;\u0153il \u00e0 l&#39;avenir.<\/p>\n<p>Il y avait un rapport imm\u00e9diat entre lui et les fans. L&#39;absence de fioritures \u00e9tait attachante, un joueur portant ses bottes dans un sac \u00e0 provisions Tesco \u00e9tait quelque chose auquel \u00abl&#39;homme commun\u00bb pouvait se connecter, plut\u00f4t que le sac \u00e0 dos grotesque de 6 000 \u00a3 favoris\u00e9 par des gadflies aimantes et dominantes comme James Maddison. Mais au-del\u00e0, vous pouviez voir imm\u00e9diatement Tierney \u00e9tait un vrai professionnel. Son attitude et son engagement \u00e9taient tout aussi faciles \u00e0 se connecter, en particulier \u00e0 un moment o\u00f9 nous avions trop de joueurs au club dont l&#39;objectif principal \u00e9tait eux-m\u00eames plut\u00f4t que l&#39;\u00e9quipe.<\/p>\n<p>Bien qu&#39;il ait \u00e9t\u00e9 sign\u00e9 comme arri\u00e8re gauche, il est facile d&#39;oublier qu&#39;il a beaucoup jou\u00e9 en tant que demi-centre gauche dans un arri\u00e8re trois, y compris la finale de la FA Cup 2020 dans laquelle nous avons battu Chelsea. Il avait David Luiz d&#39;un c\u00f4t\u00e9 de lui, un milieu de terrain \u00e0 Ainsley Maitland-Niles l&#39;autre comme son ailes. Cette victoire de la FA Cup a \u00e9t\u00e9 un effort collectif, avec une poign\u00e9e de brillance individuelle (Pierre-Emerick Aubameyang et Nicolas Pepe en particulier ce jour-l\u00e0), mais la p\u00e9nalit\u00e9 que nous avons gagn\u00e9e pour tirer le niveau provenait d&#39;une balle de Tierney au-dessus qui a conduit \u00e0 Cesar Azpilicueta faisant une faute et, je pense, se blessant dans le processus.<\/p>\n<p>En parlant de bless\u00e9s, la malheureuse ligne du temps de Tierney \u00e0 Arsenal a \u00e9t\u00e9 les blessures. Il est arriv\u00e9 en ao\u00fbt mais n&#39;a fait ses d\u00e9buts qu&#39;en septembre, puis apr\u00e8s la literie en a pris une grave blessure \u00e0 l&#39;\u00e9paule, la disloquant trois fois en un match, ce qui signifiait une op\u00e9ration en d\u00e9cembre. Habituellement, cela aurait \u00e9t\u00e9 une absence de trois mois, mais les \u00e9v\u00e9nements au d\u00e9but de 2020, lorsque nous avons \u00e9t\u00e9 confront\u00e9s \u00e0 une pand\u00e9mie mondiale, signifiait qu&#39;il ne jouait plus qu&#39;en juin lorsque le football a recommenc\u00e9.<\/p>\n<p>6 mois du jeu. Et apr\u00e8s, son temps a \u00e9t\u00e9 d\u00e9truit par des probl\u00e8mes qui sont venus avec une fr\u00e9quence qui signifiait qu&#39;il est devenu difficile de s&#39;appuyer sur sa disponibilit\u00e9. Vous pouviez toujours compter sur lui pour vous donner \u00e0 100% quand il \u00e9tait en forme, mais cette incertitude a jou\u00e9 un r\u00f4le dans la fa\u00e7on dont sa carri\u00e8re d&#39;Arsenal s&#39;est d\u00e9roul\u00e9e.<\/p>\n<h4>Historique des blessures de Kieran Tierney<\/h4>\n<\/p>\n<p>Personnellement, je ne peux pas me connecter avec la col\u00e8re que les gens ressentent envers les joueurs qui se blessent. Il ne peut pas vous \u00eatre un affront personnel qu&#39;une personne est soumise \u00e0 la condition humaine et aux fragiles inh\u00e9rentes du corps. Je peux m&#39;installer si, par exemple, un joueur n&#39;est pas disponible parce que son style de vie, un manque de professionnalisme ou tout simplement une stupidit\u00e9 est la cause profonde, mais quand vous savez qu&#39;il y a quelqu&#39;un qui veut juste monter sur le terrain et faire de leur mieux pour Arsenal, mais il ne peut pas, eh bien &#8230; Je suis sympathique pour cela.<\/p>\n<p>L&#39;autre chose \u00e0 consid\u00e9rer est que nous parlons beaucoup de la forme physique du match, du rythme, de la forme et de la fa\u00e7on dont vous avez besoin de ces choses \u00e0 jouer \u00e0 votre meilleur. Si vous jouez toujours \u00e0 rattraper le premier, il devient tr\u00e8s difficile de livrer ce que vous \u00eates capable en tant que joueur. \u00c0 certains \u00e9gards, cela emp\u00eache le d\u00e9veloppement ult\u00e9rieur \u00e0 mesure que vous vieillissez et plus exp\u00e9riment\u00e9, et imaginez \u00e0 quel point il doit \u00eatre frustrant de passer \u00e0 maintes reprises. Vous pensez que vous \u00eates l\u00e0, puis Bang, une autre blessure. Ne venez pas \u00e0 moi avec les b\u00eatises de salaires des footballeurs ici non plus. Oui, ils sont bien pay\u00e9s, mais quand tout ce que vous voulez faire est de jouer et que vous ne pouvez pas &#8211; malgr\u00e9 vos meilleurs efforts &#8211; c&#39;est difficile pour eux.<\/p>\n<p>Il y a aussi l&#39;aspect tactique de la fa\u00e7on dont l&#39;\u00e9quipe s&#39;est d\u00e9velopp\u00e9e sous Mikel Arteta et bien que chaque joueur ait ses forces et ses faiblesses, il est devenu \u00e9vident que Tierney n&#39;\u00e9tait pas vraiment adapt\u00e9 \u00e0 ce r\u00f4le \u00ab\u00a0 invers\u00e9 &#39;&#39; que le manager a mis en \u0153uvre. Soit dit en passant, il n&#39;y a pas de honte. C&#39;est un travail difficile de rassembler votre zone d\u00e9fensive, puis d&#39;op\u00e9rer au milieu de terrain o\u00f9 vous devez \u00eatre un peu plus \u00ab\u00e0 double sens\u00bb. Les d\u00e9fenseurs jouent, pour la plupart, avec le jeu devant eux, le milieu de terrain est beaucoup plus difficile.<\/p>\n<p>La grande blessure qu&#39;il a subie en jouant pour l&#39;\u00c9cosse aux Euros l&#39;\u00e9t\u00e9 dernier a probablement \u00e9tendu son sort \u00e0 Arsenal d&#39;un an. Chaque fois qu&#39;il a \u00e9t\u00e9 appel\u00e9 cette saison, il a livr\u00e9 le genre de performances honn\u00eates dont nous savons qu&#39;il est capable, et le fait qu&#39;il a \u00e9t\u00e9 utilis\u00e9 plus d&#39;une fois dans le cadre d&#39;un avant-trois (m\u00eame tard dans les matchs) \u00e9tait une illustration de la fa\u00e7on dont cette \u00e9quipe a \u00e9t\u00e9 affect\u00e9e par une blessure et un manque d&#39;options avant cette saison.<\/p>\n<p>J&#39;adorerais voir une derni\u00e8re apparition de lui dimanche, qu&#39;il obtient un but ou non, et quand le moment venu pour son d\u00e9part officiel et un retour \u00e0 la maison, il ira avec l&#39;affection et l&#39;appr\u00e9ciation. Pas n\u00e9cessairement pour ce que nous avons obtenu, mais pour ce que nous savions incontestablement, il voulait donner.<\/p>\n<p>Merci Kt.<\/p>\n<\/div>\n","protected":false},"excerpt":{"rendered":"<p>Matin. Nous avons parl\u00e9 un peu de Kieran Tierney sur le Arsecast Extra cette semaine, apr\u00e8s avoir fait ce qui sera sa derni\u00e8re apparition \u00e0<\/p>\n","protected":false},"author":1,"featured_media":24187,"comment_status":"closed","ping_status":"","sticky":false,"template":"","format":"standard","meta":{"footnotes":""},"categories":[3],"tags":[67,58,2658,4048,103,3731],"yoast_head":"<!-- This site is optimized with the Yoast SEO plugin v21.0 - https:\/\/yoast.com\/wordpress\/plugins\/seo\/ -->\n<title>R\u00e9flexions sur Kieran Tierney |  ... un blog Arsenal<\/title>\n<meta name=\"robots\" content=\"index, follow, max-snippet:-1, max-image-preview:large, max-video-preview:-1\" \/>\n<link rel=\"canonical\" href=\"https:\/\/footdavant.fr\/actualites\/reflexions-sur-kieran-tierney-un-blog-arsenal\/\" \/>\n<meta property=\"og:locale\" content=\"fr_FR\" \/>\n<meta property=\"og:type\" content=\"article\" \/>\n<meta property=\"og:title\" content=\"R\u00e9flexions sur Kieran Tierney |  ... un blog Arsenal\" \/>\n<meta property=\"og:description\" content=\"Matin. Nous avons parl\u00e9 un peu de Kieran Tierney sur le Arsecast Extra cette semaine, apr\u00e8s avoir fait ce qui sera sa derni\u00e8re apparition \u00e0\" \/>\n<meta property=\"og:url\" content=\"https:\/\/footdavant.fr\/actualites\/reflexions-sur-kieran-tierney-un-blog-arsenal\/\" \/>\n<meta property=\"og:site_name\" content=\"Foot d&#039;avant\" \/>\n<meta property=\"article:publisher\" content=\"https:\/\/www.facebook.com\/Footdavant\/\" \/>\n<meta property=\"article:published_time\" content=\"2025-05-21T23:48:19+00:00\" \/>\n<meta property=\"article:modified_time\" content=\"2025-05-21T23:48:21+00:00\" \/>\n<meta property=\"og:image\" content=\"https:\/\/footdavant.fr\/actualites\/wp-content\/uploads\/2025\/05\/1747871300_Reflexions-sur-Kieran-Tierney-un-blog-Arsenal.jpg\" \/>\n\t<meta property=\"og:image:width\" content=\"1500\" \/>\n\t<meta property=\"og:image:height\" content=\"750\" \/>\n\t<meta property=\"og:image:type\" content=\"image\/jpeg\" \/>\n<meta name=\"author\" content=\"Cl\u00e9ment\" \/>\n<meta name=\"twitter:card\" content=\"summary_large_image\" \/>\n<meta name=\"twitter:creator\" content=\"@FootdavantFr\" \/>\n<meta name=\"twitter:site\" content=\"@FootdavantFr\" \/>\n<meta name=\"twitter:label1\" content=\"\u00c9crit par\" \/>\n\t<meta name=\"twitter:data1\" content=\"Cl\u00e9ment\" \/>\n\t<meta name=\"twitter:label2\" content=\"Dur\u00e9e de lecture estim\u00e9e\" \/>\n\t<meta name=\"twitter:data2\" content=\"7 minutes\" \/>\n<script type=\"application\/ld+json\" class=\"yoast-schema-graph\">{\"@context\":\"https:\/\/schema.org\",\"@graph\":[{\"@type\":\"Article\",\"@id\":\"https:\/\/footdavant.fr\/actualites\/reflexions-sur-kieran-tierney-un-blog-arsenal\/#article\",\"isPartOf\":{\"@id\":\"https:\/\/footdavant.fr\/actualites\/reflexions-sur-kieran-tierney-un-blog-arsenal\/\"},\"author\":{\"name\":\"Cl\u00e9ment\",\"@id\":\"https:\/\/footdavant.fr\/actualites\/#\/schema\/person\/bc222566d95871b37e597b3ed3ba5e1d\"},\"headline\":\"R\u00e9flexions sur Kieran Tierney | &#8230; un blog Arsenal\",\"datePublished\":\"2025-05-21T23:48:19+00:00\",\"dateModified\":\"2025-05-21T23:48:21+00:00\",\"mainEntityOfPage\":{\"@id\":\"https:\/\/footdavant.fr\/actualites\/reflexions-sur-kieran-tierney-un-blog-arsenal\/\"},\"wordCount\":1348,\"publisher\":{\"@id\":\"https:\/\/footdavant.fr\/actualites\/#organization\"},\"keywords\":[\"Arsenal\",\"blog\",\"Kieran\",\"r\u00e9flexions\",\"sur\",\"Tierney\"],\"articleSection\":[\"Football\"],\"inLanguage\":\"fr-FR\"},{\"@type\":\"WebPage\",\"@id\":\"https:\/\/footdavant.fr\/actualites\/reflexions-sur-kieran-tierney-un-blog-arsenal\/\",\"url\":\"https:\/\/footdavant.fr\/actualites\/reflexions-sur-kieran-tierney-un-blog-arsenal\/\",\"name\":\"R\u00e9flexions sur Kieran Tierney | ... un blog Arsenal\",\"isPartOf\":{\"@id\":\"https:\/\/footdavant.fr\/actualites\/#website\"},\"datePublished\":\"2025-05-21T23:48:19+00:00\",\"dateModified\":\"2025-05-21T23:48:21+00:00\",\"breadcrumb\":{\"@id\":\"https:\/\/footdavant.fr\/actualites\/reflexions-sur-kieran-tierney-un-blog-arsenal\/#breadcrumb\"},\"inLanguage\":\"fr-FR\",\"potentialAction\":[{\"@type\":\"ReadAction\",\"target\":[\"https:\/\/footdavant.fr\/actualites\/reflexions-sur-kieran-tierney-un-blog-arsenal\/\"]}]},{\"@type\":\"BreadcrumbList\",\"@id\":\"https:\/\/footdavant.fr\/actualites\/reflexions-sur-kieran-tierney-un-blog-arsenal\/#breadcrumb\",\"itemListElement\":[{\"@type\":\"ListItem\",\"position\":1,\"name\":\"Accueil\",\"item\":\"https:\/\/footdavant.fr\/actualites\/\"},{\"@type\":\"ListItem\",\"position\":2,\"name\":\"R\u00e9flexions sur Kieran Tierney | &#8230; un blog Arsenal\"}]},{\"@type\":\"WebSite\",\"@id\":\"https:\/\/footdavant.fr\/actualites\/#website\",\"url\":\"https:\/\/footdavant.fr\/actualites\/\",\"name\":\"Foot d'avant\",\"description\":\"\",\"publisher\":{\"@id\":\"https:\/\/footdavant.fr\/actualites\/#organization\"},\"potentialAction\":[{\"@type\":\"SearchAction\",\"target\":{\"@type\":\"EntryPoint\",\"urlTemplate\":\"https:\/\/footdavant.fr\/actualites\/?s={search_term_string}\"},\"query-input\":\"required name=search_term_string\"}],\"inLanguage\":\"fr-FR\"},{\"@type\":\"Organization\",\"@id\":\"https:\/\/footdavant.fr\/actualites\/#organization\",\"name\":\"Foot d'avant\",\"url\":\"https:\/\/footdavant.fr\/actualites\/\",\"logo\":{\"@type\":\"ImageObject\",\"inLanguage\":\"fr-FR\",\"@id\":\"https:\/\/footdavant.fr\/actualites\/#\/schema\/logo\/image\/\",\"url\":\"https:\/\/footdavant.fr\/actualites\/wp-content\/uploads\/2023\/09\/Copy-of-FootDavant-Logo.png\",\"contentUrl\":\"https:\/\/footdavant.fr\/actualites\/wp-content\/uploads\/2023\/09\/Copy-of-FootDavant-Logo.png\",\"width\":936,\"height\":549,\"caption\":\"Foot d'avant\"},\"image\":{\"@id\":\"https:\/\/footdavant.fr\/actualites\/#\/schema\/logo\/image\/\"},\"sameAs\":[\"https:\/\/www.facebook.com\/Footdavant\/\",\"https:\/\/twitter.com\/FootdavantFr\",\"https:\/\/www.instagram.com\/footdavant.fr\/\"]},{\"@type\":\"Person\",\"@id\":\"https:\/\/footdavant.fr\/actualites\/#\/schema\/person\/bc222566d95871b37e597b3ed3ba5e1d\",\"name\":\"Cl\u00e9ment\",\"image\":{\"@type\":\"ImageObject\",\"inLanguage\":\"fr-FR\",\"@id\":\"https:\/\/footdavant.fr\/actualites\/#\/schema\/person\/image\/\",\"url\":\"https:\/\/secure.gravatar.com\/avatar\/7728b29aac2719421e1a9159b2254c44?s=96&d=mm&r=g\",\"contentUrl\":\"https:\/\/secure.gravatar.com\/avatar\/7728b29aac2719421e1a9159b2254c44?s=96&d=mm&r=g\",\"caption\":\"Cl\u00e9ment\"},\"sameAs\":[\"https:\/\/footdavant.fr\/\"]}]}<\/script>\n<!-- \/ Yoast SEO plugin. -->","yoast_head_json":{"title":"R\u00e9flexions sur Kieran Tierney |  ... un blog Arsenal","robots":{"index":"index","follow":"follow","max-snippet":"max-snippet:-1","max-image-preview":"max-image-preview:large","max-video-preview":"max-video-preview:-1"},"canonical":"https:\/\/footdavant.fr\/actualites\/reflexions-sur-kieran-tierney-un-blog-arsenal\/","og_locale":"fr_FR","og_type":"article","og_title":"R\u00e9flexions sur Kieran Tierney |  ... un blog Arsenal","og_description":"Matin. Nous avons parl\u00e9 un peu de Kieran Tierney sur le Arsecast Extra cette semaine, apr\u00e8s avoir fait ce qui sera sa derni\u00e8re apparition \u00e0","og_url":"https:\/\/footdavant.fr\/actualites\/reflexions-sur-kieran-tierney-un-blog-arsenal\/","og_site_name":"Foot d&#039;avant","article_publisher":"https:\/\/www.facebook.com\/Footdavant\/","article_published_time":"2025-05-21T23:48:19+00:00","article_modified_time":"2025-05-21T23:48:21+00:00","og_image":[{"width":1500,"height":750,"url":"https:\/\/footdavant.fr\/actualites\/wp-content\/uploads\/2025\/05\/1747871300_Reflexions-sur-Kieran-Tierney-un-blog-Arsenal.jpg","type":"image\/jpeg"}],"author":"Cl\u00e9ment","twitter_card":"summary_large_image","twitter_creator":"@FootdavantFr","twitter_site":"@FootdavantFr","twitter_misc":{"\u00c9crit par":"Cl\u00e9ment","Dur\u00e9e de lecture estim\u00e9e":"7 minutes"},"schema":{"@context":"https:\/\/schema.org","@graph":[{"@type":"Article","@id":"https:\/\/footdavant.fr\/actualites\/reflexions-sur-kieran-tierney-un-blog-arsenal\/#article","isPartOf":{"@id":"https:\/\/footdavant.fr\/actualites\/reflexions-sur-kieran-tierney-un-blog-arsenal\/"},"author":{"name":"Cl\u00e9ment","@id":"https:\/\/footdavant.fr\/actualites\/#\/schema\/person\/bc222566d95871b37e597b3ed3ba5e1d"},"headline":"R\u00e9flexions sur Kieran Tierney | &#8230; un blog Arsenal","datePublished":"2025-05-21T23:48:19+00:00","dateModified":"2025-05-21T23:48:21+00:00","mainEntityOfPage":{"@id":"https:\/\/footdavant.fr\/actualites\/reflexions-sur-kieran-tierney-un-blog-arsenal\/"},"wordCount":1348,"publisher":{"@id":"https:\/\/footdavant.fr\/actualites\/#organization"},"keywords":["Arsenal","blog","Kieran","r\u00e9flexions","sur","Tierney"],"articleSection":["Football"],"inLanguage":"fr-FR"},{"@type":"WebPage","@id":"https:\/\/footdavant.fr\/actualites\/reflexions-sur-kieran-tierney-un-blog-arsenal\/","url":"https:\/\/footdavant.fr\/actualites\/reflexions-sur-kieran-tierney-un-blog-arsenal\/","name":"R\u00e9flexions sur Kieran Tierney | ... un blog Arsenal","isPartOf":{"@id":"https:\/\/footdavant.fr\/actualites\/#website"},"datePublished":"2025-05-21T23:48:19+00:00","dateModified":"2025-05-21T23:48:21+00:00","breadcrumb":{"@id":"https:\/\/footdavant.fr\/actualites\/reflexions-sur-kieran-tierney-un-blog-arsenal\/#breadcrumb"},"inLanguage":"fr-FR","potentialAction":[{"@type":"ReadAction","target":["https:\/\/footdavant.fr\/actualites\/reflexions-sur-kieran-tierney-un-blog-arsenal\/"]}]},{"@type":"BreadcrumbList","@id":"https:\/\/footdavant.fr\/actualites\/reflexions-sur-kieran-tierney-un-blog-arsenal\/#breadcrumb","itemListElement":[{"@type":"ListItem","position":1,"name":"Accueil","item":"https:\/\/footdavant.fr\/actualites\/"},{"@type":"ListItem","position":2,"name":"R\u00e9flexions sur Kieran Tierney | &#8230; un blog Arsenal"}]},{"@type":"WebSite","@id":"https:\/\/footdavant.fr\/actualites\/#website","url":"https:\/\/footdavant.fr\/actualites\/","name":"Foot d'avant","description":"","publisher":{"@id":"https:\/\/footdavant.fr\/actualites\/#organization"},"potentialAction":[{"@type":"SearchAction","target":{"@type":"EntryPoint","urlTemplate":"https:\/\/footdavant.fr\/actualites\/?s={search_term_string}"},"query-input":"required name=search_term_string"}],"inLanguage":"fr-FR"},{"@type":"Organization","@id":"https:\/\/footdavant.fr\/actualites\/#organization","name":"Foot d'avant","url":"https:\/\/footdavant.fr\/actualites\/","logo":{"@type":"ImageObject","inLanguage":"fr-FR","@id":"https:\/\/footdavant.fr\/actualites\/#\/schema\/logo\/image\/","url":"https:\/\/footdavant.fr\/actualites\/wp-content\/uploads\/2023\/09\/Copy-of-FootDavant-Logo.png","contentUrl":"https:\/\/footdavant.fr\/actualites\/wp-content\/uploads\/2023\/09\/Copy-of-FootDavant-Logo.png","width":936,"height":549,"caption":"Foot d'avant"},"image":{"@id":"https:\/\/footdavant.fr\/actualites\/#\/schema\/logo\/image\/"},"sameAs":["https:\/\/www.facebook.com\/Footdavant\/","https:\/\/twitter.com\/FootdavantFr","https:\/\/www.instagram.com\/footdavant.fr\/"]},{"@type":"Person","@id":"https:\/\/footdavant.fr\/actualites\/#\/schema\/person\/bc222566d95871b37e597b3ed3ba5e1d","name":"Cl\u00e9ment","image":{"@type":"ImageObject","inLanguage":"fr-FR","@id":"https:\/\/footdavant.fr\/actualites\/#\/schema\/person\/image\/","url":"https:\/\/secure.gravatar.com\/avatar\/7728b29aac2719421e1a9159b2254c44?s=96&d=mm&r=g","contentUrl":"https:\/\/secure.gravatar.com\/avatar\/7728b29aac2719421e1a9159b2254c44?s=96&d=mm&r=g","caption":"Cl\u00e9ment"},"sameAs":["https:\/\/footdavant.fr\/"]}]}},"_links":{"self":[{"href":"https:\/\/footdavant.fr\/actualites\/wp-json\/wp\/v2\/posts\/24186"}],"collection":[{"href":"https:\/\/footdavant.fr\/actualites\/wp-json\/wp\/v2\/posts"}],"about":[{"href":"https:\/\/footdavant.fr\/actualites\/wp-json\/wp\/v2\/types\/post"}],"author":[{"embeddable":true,"href":"https:\/\/footdavant.fr\/actualites\/wp-json\/wp\/v2\/users\/1"}],"replies":[{"embeddable":true,"href":"https:\/\/footdavant.fr\/actualites\/wp-json\/wp\/v2\/comments?post=24186"}],"version-history":[{"count":1,"href":"https:\/\/footdavant.fr\/actualites\/wp-json\/wp\/v2\/posts\/24186\/revisions"}],"predecessor-version":[{"id":24188,"href":"https:\/\/footdavant.fr\/actualites\/wp-json\/wp\/v2\/posts\/24186\/revisions\/24188"}],"wp:featuredmedia":[{"embeddable":true,"href":"https:\/\/footdavant.fr\/actualites\/wp-json\/wp\/v2\/media\/24187"}],"wp:attachment":[{"href":"https:\/\/footdavant.fr\/actualites\/wp-json\/wp\/v2\/media?parent=24186"}],"wp:term":[{"taxonomy":"category","embeddable":true,"href":"https:\/\/footdavant.fr\/actualites\/wp-json\/wp\/v2\/categories?post=24186"},{"taxonomy":"post_tag","embeddable":true,"href":"https:\/\/footdavant.fr\/actualites\/wp-json\/wp\/v2\/tags?post=24186"}],"curies":[{"name":"wp","href":"https:\/\/api.w.org\/{rel}","templated":true}]}}