{"id":24189,"date":"2025-05-22T03:48:11","date_gmt":"2025-05-22T01:48:11","guid":{"rendered":"https:\/\/footdavant.fr\/actualites\/man-united-transfer-news-red-devils-in-pourparle-sorties-pour-deux-attaquants-de-la-premiere-equipe-cet-ete\/"},"modified":"2025-05-22T03:48:14","modified_gmt":"2025-05-22T01:48:14","slug":"man-united-transfer-news-red-devils-in-pourparle-sorties-pour-deux-attaquants-de-la-premiere-equipe-cet-ete","status":"publish","type":"post","link":"https:\/\/footdavant.fr\/actualites\/man-united-transfer-news-red-devils-in-pourparle-sorties-pour-deux-attaquants-de-la-premiere-equipe-cet-ete\/","title":{"rendered":"Man United Transfer News: Red Devils \u00ab\u00a0 In pourparle &#39;&#39; Sorties pour deux attaquants de la premi\u00e8re \u00e9quipe cet \u00e9t\u00e9"},"content":{"rendered":"<p>Manchester United serait en discussion avec les clubs italiens sur la possibilit\u00e9 de vendre Rasmus Hojlund et Joshua Zirkzee cet \u00e9t\u00e9.<\/p>\n<div id=\"article_body\" itemprop=\"articleBody\">\n<h3 class=\"firstPara\">\n<strong class=\"autotag\">Manchester United<\/strong> auraient des discussions avec des clubs italiens sur la possibilit\u00e9 de vendre les deux <strong class=\"autotag\">Rasmus Hojlund<\/strong> et <strong class=\"autotag\">Joshua Zirkzee<\/strong> Pendant la fen\u00eatre de transfert de cet \u00e9t\u00e9.<\/h3>\n<p>Hojlund n&#39;a r\u00e9ussi que 10 buts en 49 apparitions pour les Red Devils lors de la campagne 2024-25, tandis que Zirkzee en a sept sorties en 48, les deux joueurs ont du mal \u00e0 faire leur marque au cours de la saison en cours.<\/p>\n<p>Zirkzee est en marge depuis la mi-avril en raison d&#39;une blessure aux ischio-jambiers, qui a exerc\u00e9 une pression majeure sur Hojlund, avec l&#39;International du Danemark le seul avant-centre sup\u00e9rieur disponible pour la s\u00e9lection.<\/p>\n<p>Hojlund commencera la finale de la Ligue Europa de la semaine prochaine contre Tottenham Hotspur, mais on pense qu&#39;il y a une r\u00e9elle possibilit\u00e9 qu&#39;il puisse \u00eatre en mouvement pendant le march\u00e9 des transferts de cet \u00e9t\u00e9.<\/p>\n<p>Selon <em>L&#39;ind\u00e9pendant<\/em>les Red Devils ont eu des discussions avec des clubs italiens sur des offres pour Hojlund et Zirkzee, et il est possible que les deux se d\u00e9placent avant la campagne 2025-2010.<\/p>\n<p class=\"imgI\">\n<h2 class=\"k3\">Man United &#39;pourrait vendre Zirkzee, Hojlund cet \u00e9t\u00e9&#39;<\/h2>\n<p>Man United pr\u00e9voit de stimuler leur unit\u00e9 d&#39;attaque cet \u00e9t\u00e9, avec trois joueurs qui arrivent potentiellement, mais il devra y avoir des ventes en raison de la situation financi\u00e8re d\u00e9licate du club.<\/p>\n<p><strong class=\"autotag\">Arros\u00e9<\/strong>, <strong class=\"autotag\">Jadon Sancho<\/strong> et <strong class=\"autotag\">Marcus Rashford<\/strong> devraient laisser des accords permanents \u00e0 la fin de la saison, alors qu&#39;il y a \u00e9galement eu des sp\u00e9culations entourant l&#39;avenir de <strong class=\"autotag\">Alejandro Garnacho<\/strong>.<\/p>\n<p>Man United n&#39;a marqu\u00e9 que 42 fois lors de leurs 36 matchs de championnat cette saison, et l&#39;entra\u00eeneur-chef <strong class=\"autotag\">Ruben Amorim<\/strong> a identifi\u00e9 son attaque comme un domaine cl\u00e9 qui a besoin d&#39;am\u00e9lioration pendant le march\u00e9 estival.<\/p>\n<p class=\"imgI\"><img decoding=\"async\" loading=\"lazy\" class=\"l\" src=\"https:\/\/footdavant.fr\/actualites\/wp-content\/uploads\/2025\/05\/1747878490_88_Man-United-Transfer-News-Red-Devils-In-pourparle-3939.jpg\" title=\"L&#39;attaquant de Wolverhampton Wanderers Matheus Cunha le 26 avril 2025\" alt=\"L&#39;attaquant de Wolverhampton Wanderers Matheus Cunha le 26 avril 2025\" width=\"640\" height=\"480\"><\/p>\n<h2 class=\"k3\">Quels attaquants pourraient arriver \u00e0 Man United cet \u00e9t\u00e9?<\/h2>\n<p><strong class=\"autotag\">Ville d&#39;Ipswich<\/strong>&#39;s <strong class=\"autotag\">Liam Delap<\/strong> est consid\u00e9r\u00e9 comme le principal objectif de Man United \u00e0 l&#39;avant-centre, avec l&#39;Anglais disponible pour 30 millions de livres sterling cet \u00e9t\u00e9 en raison d&#39;une clause de lib\u00e9ration de rel\u00e9gation.<\/p>\n<p>Un accord pour <strong class=\"autotag\">Wolverhampton Wanderers<\/strong>&#39; <strong class=\"autotag\">Matheus cunha<\/strong> est aussi <strong>pr\u00e9tendument avanc\u00e9<\/strong>alors que <strong class=\"autotag\">Bournemouth<\/strong>&#39;s <strong class=\"autotag\">Antoine Semenyo<\/strong>, <strong class=\"autotag\">Brentford<\/strong>&#39;s <strong class=\"autotag\">Bryan Mbeumo<\/strong> et <strong class=\"autotag\">Crystal Palace<\/strong>&#39;s <strong class=\"autotag\">Ebechi Eze<\/strong> Continuez \u00e0 \u00eatre li\u00e9s \u00e0 des d\u00e9m\u00e9nagements au club.<\/p>\n<p>Man United aurait besoin d&#39;un autre attaquant aux c\u00f4t\u00e9s de Delap si Hojlund et Zirkzee part cet \u00e9t\u00e9, et cependant, et <strong class=\"autotag\">Napoli<\/strong>&#39;s <strong class=\"autotag\">Victor Osimhen<\/strong> est consid\u00e9r\u00e9 comme une option possible en fonction des d\u00e9penses.<\/p>\n<p>Sportif de Lisbonne <strong class=\"autotag\">Viktor Gyokerres<\/strong> continue \u00e9galement d&#39;\u00eatre li\u00e9 \u00e0 un d\u00e9m\u00e9nagement \u00e0 Old Trafford, mais il semble que <strong>Arsenal est en pole position<\/strong> pour l&#39;international su\u00e9dois se dirigeant vers l&#39;ouverture du march\u00e9 estival.<\/p>\n<p>Vendredi soir, Man United est de retour dans une action en Premier League \u00e0 Chelsea avant de prendre Tottenham en finale de la Ligue Europa au milieu de la semaine prochaine.<\/p>\n<div class=\"author_box\">\n<div class=\"author_box_banner\">\n<img decoding=\"async\" class=\"author_img\" src=\"https:\/\/footdavant.fr\/actualites\/wp-content\/uploads\/2025\/05\/1747878491_925_Man-United-Transfer-News-Red-Devils-In-pourparle-3939.jpg\"><\/p>\n<\/div>\n<\/div>\n<\/div>\n","protected":false},"excerpt":{"rendered":"<p>Manchester United serait en discussion avec les clubs italiens sur la possibilit\u00e9 de vendre Rasmus Hojlund et Joshua Zirkzee cet \u00e9t\u00e9. Manchester United auraient des<\/p>\n","protected":false},"author":1,"featured_media":24190,"comment_status":"closed","ping_status":"","sticky":false,"template":"","format":"standard","meta":{"footnotes":""},"categories":[5],"tags":[1431,775,857,265,28,776,24,409,51,9288,1024,536,7521,2732,13],"yoast_head":"<!-- This site is optimized with the Yoast SEO plugin v21.0 - https:\/\/yoast.com\/wordpress\/plugins\/seo\/ -->\n<title>Man United Transfer News: Red Devils `` In pourparle &#039;&#039; Sorties pour deux attaquants de la premi\u00e8re \u00e9quipe cet \u00e9t\u00e9<\/title>\n<meta name=\"robots\" content=\"index, follow, max-snippet:-1, max-image-preview:large, max-video-preview:-1\" \/>\n<link rel=\"canonical\" href=\"https:\/\/footdavant.fr\/actualites\/man-united-transfer-news-red-devils-in-pourparle-sorties-pour-deux-attaquants-de-la-premiere-equipe-cet-ete\/\" \/>\n<meta property=\"og:locale\" content=\"fr_FR\" \/>\n<meta property=\"og:type\" content=\"article\" \/>\n<meta property=\"og:title\" content=\"Man United Transfer News: Red Devils `` In pourparle &#039;&#039; Sorties pour deux attaquants de la premi\u00e8re \u00e9quipe cet \u00e9t\u00e9\" \/>\n<meta property=\"og:description\" content=\"Manchester United serait en discussion avec les clubs italiens sur la possibilit\u00e9 de vendre Rasmus Hojlund et Joshua Zirkzee cet \u00e9t\u00e9. Manchester United auraient des\" \/>\n<meta property=\"og:url\" content=\"https:\/\/footdavant.fr\/actualites\/man-united-transfer-news-red-devils-in-pourparle-sorties-pour-deux-attaquants-de-la-premiere-equipe-cet-ete\/\" \/>\n<meta property=\"og:site_name\" content=\"Foot d&#039;avant\" \/>\n<meta property=\"article:publisher\" content=\"https:\/\/www.facebook.com\/Footdavant\/\" \/>\n<meta property=\"article:published_time\" content=\"2025-05-22T01:48:11+00:00\" \/>\n<meta property=\"article:modified_time\" content=\"2025-05-22T01:48:14+00:00\" \/>\n<meta property=\"og:image\" content=\"https:\/\/footdavant.fr\/actualites\/wp-content\/uploads\/2025\/05\/Man-United-Transfer-News-Red-Devils-In-pourparle-3939.jpg\" \/>\n\t<meta property=\"og:image:width\" content=\"640\" \/>\n\t<meta property=\"og:image:height\" content=\"480\" \/>\n\t<meta property=\"og:image:type\" content=\"image\/jpeg\" \/>\n<meta name=\"author\" content=\"Cl\u00e9ment\" \/>\n<meta name=\"twitter:card\" content=\"summary_large_image\" \/>\n<meta name=\"twitter:creator\" content=\"@FootdavantFr\" \/>\n<meta name=\"twitter:site\" content=\"@FootdavantFr\" \/>\n<meta name=\"twitter:label1\" content=\"\u00c9crit par\" \/>\n\t<meta name=\"twitter:data1\" content=\"Cl\u00e9ment\" \/>\n\t<meta name=\"twitter:label2\" content=\"Dur\u00e9e de lecture estim\u00e9e\" \/>\n\t<meta name=\"twitter:data2\" content=\"3 minutes\" \/>\n<script type=\"application\/ld+json\" class=\"yoast-schema-graph\">{\"@context\":\"https:\/\/schema.org\",\"@graph\":[{\"@type\":\"Article\",\"@id\":\"https:\/\/footdavant.fr\/actualites\/man-united-transfer-news-red-devils-in-pourparle-sorties-pour-deux-attaquants-de-la-premiere-equipe-cet-ete\/#article\",\"isPartOf\":{\"@id\":\"https:\/\/footdavant.fr\/actualites\/man-united-transfer-news-red-devils-in-pourparle-sorties-pour-deux-attaquants-de-la-premiere-equipe-cet-ete\/\"},\"author\":{\"name\":\"Cl\u00e9ment\",\"@id\":\"https:\/\/footdavant.fr\/actualites\/#\/schema\/person\/bc222566d95871b37e597b3ed3ba5e1d\"},\"headline\":\"Man United Transfer News: Red Devils \u00ab\u00a0 In pourparle &#39;&#39; Sorties pour deux attaquants de la premi\u00e8re \u00e9quipe cet \u00e9t\u00e9\",\"datePublished\":\"2025-05-22T01:48:11+00:00\",\"dateModified\":\"2025-05-22T01:48:14+00:00\",\"mainEntityOfPage\":{\"@id\":\"https:\/\/footdavant.fr\/actualites\/man-united-transfer-news-red-devils-in-pourparle-sorties-pour-deux-attaquants-de-la-premiere-equipe-cet-ete\/\"},\"wordCount\":533,\"publisher\":{\"@id\":\"https:\/\/footdavant.fr\/actualites\/#organization\"},\"keywords\":[\"attaquants\",\"cet\",\"deux\",\"Devils\",\"\u00c9quipe\",\"\u00e9t\u00e9\",\"Man\",\"News\",\"pour\",\"pourparle\",\"premi\u00e8re\",\"Red\",\"sorties\",\"Transfer\",\"United\"],\"articleSection\":[\"Premier League\"],\"inLanguage\":\"fr-FR\"},{\"@type\":\"WebPage\",\"@id\":\"https:\/\/footdavant.fr\/actualites\/man-united-transfer-news-red-devils-in-pourparle-sorties-pour-deux-attaquants-de-la-premiere-equipe-cet-ete\/\",\"url\":\"https:\/\/footdavant.fr\/actualites\/man-united-transfer-news-red-devils-in-pourparle-sorties-pour-deux-attaquants-de-la-premiere-equipe-cet-ete\/\",\"name\":\"Man United Transfer News: Red Devils `` In pourparle &#39;&#39; Sorties pour deux attaquants de la premi\u00e8re \u00e9quipe cet \u00e9t\u00e9\",\"isPartOf\":{\"@id\":\"https:\/\/footdavant.fr\/actualites\/#website\"},\"datePublished\":\"2025-05-22T01:48:11+00:00\",\"dateModified\":\"2025-05-22T01:48:14+00:00\",\"breadcrumb\":{\"@id\":\"https:\/\/footdavant.fr\/actualites\/man-united-transfer-news-red-devils-in-pourparle-sorties-pour-deux-attaquants-de-la-premiere-equipe-cet-ete\/#breadcrumb\"},\"inLanguage\":\"fr-FR\",\"potentialAction\":[{\"@type\":\"ReadAction\",\"target\":[\"https:\/\/footdavant.fr\/actualites\/man-united-transfer-news-red-devils-in-pourparle-sorties-pour-deux-attaquants-de-la-premiere-equipe-cet-ete\/\"]}]},{\"@type\":\"BreadcrumbList\",\"@id\":\"https:\/\/footdavant.fr\/actualites\/man-united-transfer-news-red-devils-in-pourparle-sorties-pour-deux-attaquants-de-la-premiere-equipe-cet-ete\/#breadcrumb\",\"itemListElement\":[{\"@type\":\"ListItem\",\"position\":1,\"name\":\"Accueil\",\"item\":\"https:\/\/footdavant.fr\/actualites\/\"},{\"@type\":\"ListItem\",\"position\":2,\"name\":\"Man United Transfer News: Red Devils \u00ab\u00a0 In pourparle &#39;&#39; Sorties pour deux attaquants de la premi\u00e8re \u00e9quipe cet \u00e9t\u00e9\"}]},{\"@type\":\"WebSite\",\"@id\":\"https:\/\/footdavant.fr\/actualites\/#website\",\"url\":\"https:\/\/footdavant.fr\/actualites\/\",\"name\":\"Foot d'avant\",\"description\":\"\",\"publisher\":{\"@id\":\"https:\/\/footdavant.fr\/actualites\/#organization\"},\"potentialAction\":[{\"@type\":\"SearchAction\",\"target\":{\"@type\":\"EntryPoint\",\"urlTemplate\":\"https:\/\/footdavant.fr\/actualites\/?s={search_term_string}\"},\"query-input\":\"required name=search_term_string\"}],\"inLanguage\":\"fr-FR\"},{\"@type\":\"Organization\",\"@id\":\"https:\/\/footdavant.fr\/actualites\/#organization\",\"name\":\"Foot d'avant\",\"url\":\"https:\/\/footdavant.fr\/actualites\/\",\"logo\":{\"@type\":\"ImageObject\",\"inLanguage\":\"fr-FR\",\"@id\":\"https:\/\/footdavant.fr\/actualites\/#\/schema\/logo\/image\/\",\"url\":\"https:\/\/footdavant.fr\/actualites\/wp-content\/uploads\/2023\/09\/Copy-of-FootDavant-Logo.png\",\"contentUrl\":\"https:\/\/footdavant.fr\/actualites\/wp-content\/uploads\/2023\/09\/Copy-of-FootDavant-Logo.png\",\"width\":936,\"height\":549,\"caption\":\"Foot d'avant\"},\"image\":{\"@id\":\"https:\/\/footdavant.fr\/actualites\/#\/schema\/logo\/image\/\"},\"sameAs\":[\"https:\/\/www.facebook.com\/Footdavant\/\",\"https:\/\/twitter.com\/FootdavantFr\",\"https:\/\/www.instagram.com\/footdavant.fr\/\"]},{\"@type\":\"Person\",\"@id\":\"https:\/\/footdavant.fr\/actualites\/#\/schema\/person\/bc222566d95871b37e597b3ed3ba5e1d\",\"name\":\"Cl\u00e9ment\",\"image\":{\"@type\":\"ImageObject\",\"inLanguage\":\"fr-FR\",\"@id\":\"https:\/\/footdavant.fr\/actualites\/#\/schema\/person\/image\/\",\"url\":\"https:\/\/secure.gravatar.com\/avatar\/7728b29aac2719421e1a9159b2254c44?s=96&d=mm&r=g\",\"contentUrl\":\"https:\/\/secure.gravatar.com\/avatar\/7728b29aac2719421e1a9159b2254c44?s=96&d=mm&r=g\",\"caption\":\"Cl\u00e9ment\"},\"sameAs\":[\"https:\/\/footdavant.fr\/\"]}]}<\/script>\n<!-- \/ Yoast SEO plugin. -->","yoast_head_json":{"title":"Man United Transfer News: Red Devils `` In pourparle &#39;&#39; Sorties pour deux attaquants de la premi\u00e8re \u00e9quipe cet \u00e9t\u00e9","robots":{"index":"index","follow":"follow","max-snippet":"max-snippet:-1","max-image-preview":"max-image-preview:large","max-video-preview":"max-video-preview:-1"},"canonical":"https:\/\/footdavant.fr\/actualites\/man-united-transfer-news-red-devils-in-pourparle-sorties-pour-deux-attaquants-de-la-premiere-equipe-cet-ete\/","og_locale":"fr_FR","og_type":"article","og_title":"Man United Transfer News: Red Devils `` In pourparle &#39;&#39; Sorties pour deux attaquants de la premi\u00e8re \u00e9quipe cet \u00e9t\u00e9","og_description":"Manchester United serait en discussion avec les clubs italiens sur la possibilit\u00e9 de vendre Rasmus Hojlund et Joshua Zirkzee cet \u00e9t\u00e9. Manchester United auraient des","og_url":"https:\/\/footdavant.fr\/actualites\/man-united-transfer-news-red-devils-in-pourparle-sorties-pour-deux-attaquants-de-la-premiere-equipe-cet-ete\/","og_site_name":"Foot d&#039;avant","article_publisher":"https:\/\/www.facebook.com\/Footdavant\/","article_published_time":"2025-05-22T01:48:11+00:00","article_modified_time":"2025-05-22T01:48:14+00:00","og_image":[{"width":640,"height":480,"url":"https:\/\/footdavant.fr\/actualites\/wp-content\/uploads\/2025\/05\/Man-United-Transfer-News-Red-Devils-In-pourparle-3939.jpg","type":"image\/jpeg"}],"author":"Cl\u00e9ment","twitter_card":"summary_large_image","twitter_creator":"@FootdavantFr","twitter_site":"@FootdavantFr","twitter_misc":{"\u00c9crit par":"Cl\u00e9ment","Dur\u00e9e de lecture estim\u00e9e":"3 minutes"},"schema":{"@context":"https:\/\/schema.org","@graph":[{"@type":"Article","@id":"https:\/\/footdavant.fr\/actualites\/man-united-transfer-news-red-devils-in-pourparle-sorties-pour-deux-attaquants-de-la-premiere-equipe-cet-ete\/#article","isPartOf":{"@id":"https:\/\/footdavant.fr\/actualites\/man-united-transfer-news-red-devils-in-pourparle-sorties-pour-deux-attaquants-de-la-premiere-equipe-cet-ete\/"},"author":{"name":"Cl\u00e9ment","@id":"https:\/\/footdavant.fr\/actualites\/#\/schema\/person\/bc222566d95871b37e597b3ed3ba5e1d"},"headline":"Man United Transfer News: Red Devils \u00ab\u00a0 In pourparle &#39;&#39; Sorties pour deux attaquants de la premi\u00e8re \u00e9quipe cet \u00e9t\u00e9","datePublished":"2025-05-22T01:48:11+00:00","dateModified":"2025-05-22T01:48:14+00:00","mainEntityOfPage":{"@id":"https:\/\/footdavant.fr\/actualites\/man-united-transfer-news-red-devils-in-pourparle-sorties-pour-deux-attaquants-de-la-premiere-equipe-cet-ete\/"},"wordCount":533,"publisher":{"@id":"https:\/\/footdavant.fr\/actualites\/#organization"},"keywords":["attaquants","cet","deux","Devils","\u00c9quipe","\u00e9t\u00e9","Man","News","pour","pourparle","premi\u00e8re","Red","sorties","Transfer","United"],"articleSection":["Premier League"],"inLanguage":"fr-FR"},{"@type":"WebPage","@id":"https:\/\/footdavant.fr\/actualites\/man-united-transfer-news-red-devils-in-pourparle-sorties-pour-deux-attaquants-de-la-premiere-equipe-cet-ete\/","url":"https:\/\/footdavant.fr\/actualites\/man-united-transfer-news-red-devils-in-pourparle-sorties-pour-deux-attaquants-de-la-premiere-equipe-cet-ete\/","name":"Man United Transfer News: Red Devils `` In pourparle &#39;&#39; Sorties pour deux attaquants de la premi\u00e8re \u00e9quipe cet \u00e9t\u00e9","isPartOf":{"@id":"https:\/\/footdavant.fr\/actualites\/#website"},"datePublished":"2025-05-22T01:48:11+00:00","dateModified":"2025-05-22T01:48:14+00:00","breadcrumb":{"@id":"https:\/\/footdavant.fr\/actualites\/man-united-transfer-news-red-devils-in-pourparle-sorties-pour-deux-attaquants-de-la-premiere-equipe-cet-ete\/#breadcrumb"},"inLanguage":"fr-FR","potentialAction":[{"@type":"ReadAction","target":["https:\/\/footdavant.fr\/actualites\/man-united-transfer-news-red-devils-in-pourparle-sorties-pour-deux-attaquants-de-la-premiere-equipe-cet-ete\/"]}]},{"@type":"BreadcrumbList","@id":"https:\/\/footdavant.fr\/actualites\/man-united-transfer-news-red-devils-in-pourparle-sorties-pour-deux-attaquants-de-la-premiere-equipe-cet-ete\/#breadcrumb","itemListElement":[{"@type":"ListItem","position":1,"name":"Accueil","item":"https:\/\/footdavant.fr\/actualites\/"},{"@type":"ListItem","position":2,"name":"Man United Transfer News: Red Devils \u00ab\u00a0 In pourparle &#39;&#39; Sorties pour deux attaquants de la premi\u00e8re \u00e9quipe cet \u00e9t\u00e9"}]},{"@type":"WebSite","@id":"https:\/\/footdavant.fr\/actualites\/#website","url":"https:\/\/footdavant.fr\/actualites\/","name":"Foot d'avant","description":"","publisher":{"@id":"https:\/\/footdavant.fr\/actualites\/#organization"},"potentialAction":[{"@type":"SearchAction","target":{"@type":"EntryPoint","urlTemplate":"https:\/\/footdavant.fr\/actualites\/?s={search_term_string}"},"query-input":"required name=search_term_string"}],"inLanguage":"fr-FR"},{"@type":"Organization","@id":"https:\/\/footdavant.fr\/actualites\/#organization","name":"Foot d'avant","url":"https:\/\/footdavant.fr\/actualites\/","logo":{"@type":"ImageObject","inLanguage":"fr-FR","@id":"https:\/\/footdavant.fr\/actualites\/#\/schema\/logo\/image\/","url":"https:\/\/footdavant.fr\/actualites\/wp-content\/uploads\/2023\/09\/Copy-of-FootDavant-Logo.png","contentUrl":"https:\/\/footdavant.fr\/actualites\/wp-content\/uploads\/2023\/09\/Copy-of-FootDavant-Logo.png","width":936,"height":549,"caption":"Foot d'avant"},"image":{"@id":"https:\/\/footdavant.fr\/actualites\/#\/schema\/logo\/image\/"},"sameAs":["https:\/\/www.facebook.com\/Footdavant\/","https:\/\/twitter.com\/FootdavantFr","https:\/\/www.instagram.com\/footdavant.fr\/"]},{"@type":"Person","@id":"https:\/\/footdavant.fr\/actualites\/#\/schema\/person\/bc222566d95871b37e597b3ed3ba5e1d","name":"Cl\u00e9ment","image":{"@type":"ImageObject","inLanguage":"fr-FR","@id":"https:\/\/footdavant.fr\/actualites\/#\/schema\/person\/image\/","url":"https:\/\/secure.gravatar.com\/avatar\/7728b29aac2719421e1a9159b2254c44?s=96&d=mm&r=g","contentUrl":"https:\/\/secure.gravatar.com\/avatar\/7728b29aac2719421e1a9159b2254c44?s=96&d=mm&r=g","caption":"Cl\u00e9ment"},"sameAs":["https:\/\/footdavant.fr\/"]}]}},"_links":{"self":[{"href":"https:\/\/footdavant.fr\/actualites\/wp-json\/wp\/v2\/posts\/24189"}],"collection":[{"href":"https:\/\/footdavant.fr\/actualites\/wp-json\/wp\/v2\/posts"}],"about":[{"href":"https:\/\/footdavant.fr\/actualites\/wp-json\/wp\/v2\/types\/post"}],"author":[{"embeddable":true,"href":"https:\/\/footdavant.fr\/actualites\/wp-json\/wp\/v2\/users\/1"}],"replies":[{"embeddable":true,"href":"https:\/\/footdavant.fr\/actualites\/wp-json\/wp\/v2\/comments?post=24189"}],"version-history":[{"count":1,"href":"https:\/\/footdavant.fr\/actualites\/wp-json\/wp\/v2\/posts\/24189\/revisions"}],"predecessor-version":[{"id":24191,"href":"https:\/\/footdavant.fr\/actualites\/wp-json\/wp\/v2\/posts\/24189\/revisions\/24191"}],"wp:featuredmedia":[{"embeddable":true,"href":"https:\/\/footdavant.fr\/actualites\/wp-json\/wp\/v2\/media\/24190"}],"wp:attachment":[{"href":"https:\/\/footdavant.fr\/actualites\/wp-json\/wp\/v2\/media?parent=24189"}],"wp:term":[{"taxonomy":"category","embeddable":true,"href":"https:\/\/footdavant.fr\/actualites\/wp-json\/wp\/v2\/categories?post=24189"},{"taxonomy":"post_tag","embeddable":true,"href":"https:\/\/footdavant.fr\/actualites\/wp-json\/wp\/v2\/tags?post=24189"}],"curies":[{"name":"wp","href":"https:\/\/api.w.org\/{rel}","templated":true}]}}