{"id":2419,"date":"2023-12-13T17:49:13","date_gmt":"2023-12-13T16:49:13","guid":{"rendered":"https:\/\/footdavant.fr\/actualites\/tommy-devito-a-une-fiche-de-3-1-en-tant-que-qb-partant-des-giants-de-new-york\/"},"modified":"2023-12-13T17:49:13","modified_gmt":"2023-12-13T16:49:13","slug":"tommy-devito-a-une-fiche-de-3-1-en-tant-que-qb-partant-des-giants-de-new-york","status":"publish","type":"post","link":"https:\/\/footdavant.fr\/actualites\/tommy-devito-a-une-fiche-de-3-1-en-tant-que-qb-partant-des-giants-de-new-york\/","title":{"rendered":"Tommy DeVito a une fiche de 3-1 en tant que QB partant des Giants de New York"},"content":{"rendered":"<div>\n<p>Les Giants ont d\u00fb se tourner vers Tommy DeVito et il a profit\u00e9 au maximum de ses opportunit\u00e9s jusqu&rsquo;\u00e0 pr\u00e9sent.  Il a une fiche de 3-1 en tant que titulaire pour les Giants cette saison et place New York sur une s\u00e9quence de trois victoires cons\u00e9cutives.  Apr\u00e8s une performance exceptionnelle lors de la semaine 14 contre les Packers, DeVito a \u00e9t\u00e9 nomm\u00e9 joueur offensif NFC de la semaine.<\/p>\n<h2>Tommy DeVito continue de briller en tant que QB partant de New York dans la seconde moiti\u00e9 de la saison<\/h2>\n<blockquote class=\"twitter-tweet\">\n<p dir=\"ltr\" lang=\"en\">Je me suis r\u00e9veill\u00e9 ce matin\u2026.<\/p>\n<p>Joueur offensif NFC de la semaine \ud83d\ude0f <a rel=\"nofollow\" href=\"https:\/\/t.co\/dNOnI228ai\">pic.twitter.com\/dNOnI228ai<\/a><\/p>\n<p>\u2013 G\u00e9ants de New York (@Giants) <a rel=\"nofollow\" href=\"https:\/\/twitter.com\/Giants\/status\/1734936231354515662?ref_src=twsrc%5Etfw\">13 d\u00e9cembre 2023<\/a><\/p>\n<\/blockquote>\n<p>Avant la semaine 14, Tommy DeVito n&rsquo;avait pas jou\u00e9 dans un match aux heures de grande \u00e9coute pour les Giants.  Il est entr\u00e9 dans leur match avec deux victoires cons\u00e9cutives et un \u00e9lan du c\u00f4t\u00e9 de New York.  Ils venaient \u00e9galement de b\u00e9n\u00e9ficier d&rsquo;un laissez-passer au cours de la semaine 13. Un gros probl\u00e8me pour DeVito lors de ses premiers matchs avec les Giants \u00e9tait de savoir \u00e0 quel point il tenait le ballon et se faisait limoger.<\/p>\n<p>DeVito a d\u00e9clar\u00e9 que c&rsquo;\u00e9tait quelque chose sur lequel ils avaient travaill\u00e9 \u00e0 l&rsquo;entra\u00eenement et que sa pr\u00e9sence de poche \u00e9tait exceptionnelle au cours de la semaine 14. La recrue n&rsquo;a pas pris un seul sac et n&rsquo;a eu que quatre \u00e9checs dans la nuit.  Il avait une fiche de 17-21 pour 158 verges et un touch\u00e9 par la passe.  De plus, il a port\u00e9 le ballon 10 fois sur 71 verges et a rat\u00e9 un touch\u00e9 au sol.  Sa performance d&#8217;embrayage au cours de la semaine 14 est la raison pour laquelle l&rsquo;histoire de Tommy DeVito a \u00e9t\u00e9 facile \u00e0 soutenir pour les fans des Giants.<\/p>\n<blockquote class=\"twitter-tweet\">\n<p dir=\"ltr\" lang=\"en\">Tommy Devito est le joueur offensif NFC de la semaine <a rel=\"nofollow\" href=\"https:\/\/t.co\/k7vct09SLX\">pic.twitter.com\/k7vct09SLX<\/a><\/p>\n<p>\u2013 Talkin&rsquo; Giants (Benton Whitley Pod) (@TalkinGiants) <a rel=\"nofollow\" href=\"https:\/\/twitter.com\/TalkinGiants\/status\/1734936680627388743?ref_src=twsrc%5Etfw\">13 d\u00e9cembre 2023<\/a><\/p>\n<\/blockquote>\n<p>M\u00eame si Tommy DeVito conna\u00eet du succ\u00e8s \u00e0 New York, il est difficile de les voir s&rsquo;\u00e9loigner de Daniel Jones.  Au cours de la derni\u00e8re intersaison, ils ont d\u00e9missionn\u00e9 de Jones pour une prolongation de 160 millions de dollars sur quatre ans.  Malheureusement, Jones n&rsquo;a disput\u00e9 que six matchs cette saison en raison de blessures.  Il a remport\u00e9 neuf matchs, dont un en s\u00e9ries \u00e9liminatoires pour les Giants l&rsquo;ann\u00e9e derni\u00e8re.  Il sera int\u00e9ressant de voir quelle direction prendront les Giants la saison prochaine.  Apr\u00e8s s&rsquo;\u00eatre d\u00e9chir\u00e9 le LCA, difficile de savoir si Jones sera pr\u00eat pour le d\u00e9but de la saison 2024.<\/p>\n<\/p><\/div>\n<p><script async src=\"https:\/\/platform.twitter.com\/widgets.js\" charset=\"utf-8\"><\/script><\/p>\n","protected":false},"excerpt":{"rendered":"<p>Les Giants ont d\u00fb se tourner vers Tommy DeVito et il a profit\u00e9 au maximum de ses opportunit\u00e9s jusqu&rsquo;\u00e0 pr\u00e9sent. Il a une fiche de<\/p>\n","protected":false},"author":1,"featured_media":2420,"comment_status":"closed","ping_status":"","sticky":false,"template":"","format":"standard","meta":{"footnotes":""},"categories":[3],"tags":[12,2190,2191,2193,2192,1124,2189,92,685],"yoast_head":"<!-- This site is optimized with the Yoast SEO plugin v21.0 - https:\/\/yoast.com\/wordpress\/plugins\/seo\/ -->\n<title>Tommy DeVito a une fiche de 3-1 en tant que QB partant des Giants de New York<\/title>\n<meta name=\"robots\" content=\"index, follow, max-snippet:-1, max-image-preview:large, max-video-preview:-1\" \/>\n<link rel=\"canonical\" href=\"https:\/\/footdavant.fr\/actualites\/tommy-devito-a-une-fiche-de-3-1-en-tant-que-qb-partant-des-giants-de-new-york\/\" \/>\n<meta property=\"og:locale\" content=\"fr_FR\" \/>\n<meta property=\"og:type\" content=\"article\" \/>\n<meta property=\"og:title\" content=\"Tommy DeVito a une fiche de 3-1 en tant que QB partant des Giants de New York\" \/>\n<meta property=\"og:description\" content=\"Les Giants ont d\u00fb se tourner vers Tommy DeVito et il a profit\u00e9 au maximum de ses opportunit\u00e9s jusqu&rsquo;\u00e0 pr\u00e9sent. Il a une fiche de\" \/>\n<meta property=\"og:url\" content=\"https:\/\/footdavant.fr\/actualites\/tommy-devito-a-une-fiche-de-3-1-en-tant-que-qb-partant-des-giants-de-new-york\/\" \/>\n<meta property=\"og:site_name\" content=\"Foot d&#039;avant\" \/>\n<meta property=\"article:publisher\" content=\"https:\/\/www.facebook.com\/Footdavant\/\" \/>\n<meta property=\"article:published_time\" content=\"2023-12-13T16:49:13+00:00\" \/>\n<meta property=\"og:image\" content=\"https:\/\/footdavant.fr\/actualites\/wp-content\/uploads\/2023\/12\/Tommy-DeVito-a-une-fiche-de-3-1-en-tant-que.jpg\" \/>\n\t<meta property=\"og:image:width\" content=\"696\" \/>\n\t<meta property=\"og:image:height\" content=\"389\" \/>\n\t<meta property=\"og:image:type\" content=\"image\/jpeg\" \/>\n<meta name=\"author\" content=\"Cl\u00e9ment\" \/>\n<meta name=\"twitter:card\" content=\"summary_large_image\" \/>\n<meta name=\"twitter:creator\" content=\"@FootdavantFr\" \/>\n<meta name=\"twitter:site\" content=\"@FootdavantFr\" \/>\n<meta name=\"twitter:label1\" content=\"\u00c9crit par\" \/>\n\t<meta name=\"twitter:data1\" content=\"Cl\u00e9ment\" \/>\n\t<meta name=\"twitter:label2\" content=\"Dur\u00e9e de lecture estim\u00e9e\" \/>\n\t<meta name=\"twitter:data2\" content=\"2 minutes\" \/>\n<script type=\"application\/ld+json\" class=\"yoast-schema-graph\">{\"@context\":\"https:\/\/schema.org\",\"@graph\":[{\"@type\":\"Article\",\"@id\":\"https:\/\/footdavant.fr\/actualites\/tommy-devito-a-une-fiche-de-3-1-en-tant-que-qb-partant-des-giants-de-new-york\/#article\",\"isPartOf\":{\"@id\":\"https:\/\/footdavant.fr\/actualites\/tommy-devito-a-une-fiche-de-3-1-en-tant-que-qb-partant-des-giants-de-new-york\/\"},\"author\":{\"name\":\"Cl\u00e9ment\",\"@id\":\"https:\/\/footdavant.fr\/actualites\/#\/schema\/person\/bc222566d95871b37e597b3ed3ba5e1d\"},\"headline\":\"Tommy DeVito a une fiche de 3-1 en tant que QB partant des Giants de New York\",\"datePublished\":\"2023-12-13T16:49:13+00:00\",\"dateModified\":\"2023-12-13T16:49:13+00:00\",\"mainEntityOfPage\":{\"@id\":\"https:\/\/footdavant.fr\/actualites\/tommy-devito-a-une-fiche-de-3-1-en-tant-que-qb-partant-des-giants-de-new-york\/\"},\"wordCount\":457,\"publisher\":{\"@id\":\"https:\/\/footdavant.fr\/actualites\/#organization\"},\"keywords\":[\"des\",\"DeVito\",\"fiche\",\"Giants\",\"partant\",\"tant\",\"Tommy\",\"une\",\"York\"],\"articleSection\":[\"Football\"],\"inLanguage\":\"fr-FR\"},{\"@type\":\"WebPage\",\"@id\":\"https:\/\/footdavant.fr\/actualites\/tommy-devito-a-une-fiche-de-3-1-en-tant-que-qb-partant-des-giants-de-new-york\/\",\"url\":\"https:\/\/footdavant.fr\/actualites\/tommy-devito-a-une-fiche-de-3-1-en-tant-que-qb-partant-des-giants-de-new-york\/\",\"name\":\"Tommy DeVito a une fiche de 3-1 en tant que QB partant des Giants de New York\",\"isPartOf\":{\"@id\":\"https:\/\/footdavant.fr\/actualites\/#website\"},\"datePublished\":\"2023-12-13T16:49:13+00:00\",\"dateModified\":\"2023-12-13T16:49:13+00:00\",\"breadcrumb\":{\"@id\":\"https:\/\/footdavant.fr\/actualites\/tommy-devito-a-une-fiche-de-3-1-en-tant-que-qb-partant-des-giants-de-new-york\/#breadcrumb\"},\"inLanguage\":\"fr-FR\",\"potentialAction\":[{\"@type\":\"ReadAction\",\"target\":[\"https:\/\/footdavant.fr\/actualites\/tommy-devito-a-une-fiche-de-3-1-en-tant-que-qb-partant-des-giants-de-new-york\/\"]}]},{\"@type\":\"BreadcrumbList\",\"@id\":\"https:\/\/footdavant.fr\/actualites\/tommy-devito-a-une-fiche-de-3-1-en-tant-que-qb-partant-des-giants-de-new-york\/#breadcrumb\",\"itemListElement\":[{\"@type\":\"ListItem\",\"position\":1,\"name\":\"Accueil\",\"item\":\"https:\/\/footdavant.fr\/actualites\/\"},{\"@type\":\"ListItem\",\"position\":2,\"name\":\"Tommy DeVito a une fiche de 3-1 en tant que QB partant des Giants de New York\"}]},{\"@type\":\"WebSite\",\"@id\":\"https:\/\/footdavant.fr\/actualites\/#website\",\"url\":\"https:\/\/footdavant.fr\/actualites\/\",\"name\":\"Foot d'avant\",\"description\":\"\",\"publisher\":{\"@id\":\"https:\/\/footdavant.fr\/actualites\/#organization\"},\"potentialAction\":[{\"@type\":\"SearchAction\",\"target\":{\"@type\":\"EntryPoint\",\"urlTemplate\":\"https:\/\/footdavant.fr\/actualites\/?s={search_term_string}\"},\"query-input\":\"required name=search_term_string\"}],\"inLanguage\":\"fr-FR\"},{\"@type\":\"Organization\",\"@id\":\"https:\/\/footdavant.fr\/actualites\/#organization\",\"name\":\"Foot d'avant\",\"url\":\"https:\/\/footdavant.fr\/actualites\/\",\"logo\":{\"@type\":\"ImageObject\",\"inLanguage\":\"fr-FR\",\"@id\":\"https:\/\/footdavant.fr\/actualites\/#\/schema\/logo\/image\/\",\"url\":\"https:\/\/footdavant.fr\/actualites\/wp-content\/uploads\/2023\/09\/Copy-of-FootDavant-Logo.png\",\"contentUrl\":\"https:\/\/footdavant.fr\/actualites\/wp-content\/uploads\/2023\/09\/Copy-of-FootDavant-Logo.png\",\"width\":936,\"height\":549,\"caption\":\"Foot d'avant\"},\"image\":{\"@id\":\"https:\/\/footdavant.fr\/actualites\/#\/schema\/logo\/image\/\"},\"sameAs\":[\"https:\/\/www.facebook.com\/Footdavant\/\",\"https:\/\/twitter.com\/FootdavantFr\",\"https:\/\/www.instagram.com\/footdavant.fr\/\"]},{\"@type\":\"Person\",\"@id\":\"https:\/\/footdavant.fr\/actualites\/#\/schema\/person\/bc222566d95871b37e597b3ed3ba5e1d\",\"name\":\"Cl\u00e9ment\",\"image\":{\"@type\":\"ImageObject\",\"inLanguage\":\"fr-FR\",\"@id\":\"https:\/\/footdavant.fr\/actualites\/#\/schema\/person\/image\/\",\"url\":\"https:\/\/secure.gravatar.com\/avatar\/7728b29aac2719421e1a9159b2254c44?s=96&d=mm&r=g\",\"contentUrl\":\"https:\/\/secure.gravatar.com\/avatar\/7728b29aac2719421e1a9159b2254c44?s=96&d=mm&r=g\",\"caption\":\"Cl\u00e9ment\"},\"sameAs\":[\"https:\/\/footdavant.fr\/\"]}]}<\/script>\n<!-- \/ Yoast SEO plugin. -->","yoast_head_json":{"title":"Tommy DeVito a une fiche de 3-1 en tant que QB partant des Giants de New York","robots":{"index":"index","follow":"follow","max-snippet":"max-snippet:-1","max-image-preview":"max-image-preview:large","max-video-preview":"max-video-preview:-1"},"canonical":"https:\/\/footdavant.fr\/actualites\/tommy-devito-a-une-fiche-de-3-1-en-tant-que-qb-partant-des-giants-de-new-york\/","og_locale":"fr_FR","og_type":"article","og_title":"Tommy DeVito a une fiche de 3-1 en tant que QB partant des Giants de New York","og_description":"Les Giants ont d\u00fb se tourner vers Tommy DeVito et il a profit\u00e9 au maximum de ses opportunit\u00e9s jusqu&rsquo;\u00e0 pr\u00e9sent. Il a une fiche de","og_url":"https:\/\/footdavant.fr\/actualites\/tommy-devito-a-une-fiche-de-3-1-en-tant-que-qb-partant-des-giants-de-new-york\/","og_site_name":"Foot d&#039;avant","article_publisher":"https:\/\/www.facebook.com\/Footdavant\/","article_published_time":"2023-12-13T16:49:13+00:00","og_image":[{"width":696,"height":389,"url":"https:\/\/footdavant.fr\/actualites\/wp-content\/uploads\/2023\/12\/Tommy-DeVito-a-une-fiche-de-3-1-en-tant-que.jpg","type":"image\/jpeg"}],"author":"Cl\u00e9ment","twitter_card":"summary_large_image","twitter_creator":"@FootdavantFr","twitter_site":"@FootdavantFr","twitter_misc":{"\u00c9crit par":"Cl\u00e9ment","Dur\u00e9e de lecture estim\u00e9e":"2 minutes"},"schema":{"@context":"https:\/\/schema.org","@graph":[{"@type":"Article","@id":"https:\/\/footdavant.fr\/actualites\/tommy-devito-a-une-fiche-de-3-1-en-tant-que-qb-partant-des-giants-de-new-york\/#article","isPartOf":{"@id":"https:\/\/footdavant.fr\/actualites\/tommy-devito-a-une-fiche-de-3-1-en-tant-que-qb-partant-des-giants-de-new-york\/"},"author":{"name":"Cl\u00e9ment","@id":"https:\/\/footdavant.fr\/actualites\/#\/schema\/person\/bc222566d95871b37e597b3ed3ba5e1d"},"headline":"Tommy DeVito a une fiche de 3-1 en tant que QB partant des Giants de New York","datePublished":"2023-12-13T16:49:13+00:00","dateModified":"2023-12-13T16:49:13+00:00","mainEntityOfPage":{"@id":"https:\/\/footdavant.fr\/actualites\/tommy-devito-a-une-fiche-de-3-1-en-tant-que-qb-partant-des-giants-de-new-york\/"},"wordCount":457,"publisher":{"@id":"https:\/\/footdavant.fr\/actualites\/#organization"},"keywords":["des","DeVito","fiche","Giants","partant","tant","Tommy","une","York"],"articleSection":["Football"],"inLanguage":"fr-FR"},{"@type":"WebPage","@id":"https:\/\/footdavant.fr\/actualites\/tommy-devito-a-une-fiche-de-3-1-en-tant-que-qb-partant-des-giants-de-new-york\/","url":"https:\/\/footdavant.fr\/actualites\/tommy-devito-a-une-fiche-de-3-1-en-tant-que-qb-partant-des-giants-de-new-york\/","name":"Tommy DeVito a une fiche de 3-1 en tant que QB partant des Giants de New York","isPartOf":{"@id":"https:\/\/footdavant.fr\/actualites\/#website"},"datePublished":"2023-12-13T16:49:13+00:00","dateModified":"2023-12-13T16:49:13+00:00","breadcrumb":{"@id":"https:\/\/footdavant.fr\/actualites\/tommy-devito-a-une-fiche-de-3-1-en-tant-que-qb-partant-des-giants-de-new-york\/#breadcrumb"},"inLanguage":"fr-FR","potentialAction":[{"@type":"ReadAction","target":["https:\/\/footdavant.fr\/actualites\/tommy-devito-a-une-fiche-de-3-1-en-tant-que-qb-partant-des-giants-de-new-york\/"]}]},{"@type":"BreadcrumbList","@id":"https:\/\/footdavant.fr\/actualites\/tommy-devito-a-une-fiche-de-3-1-en-tant-que-qb-partant-des-giants-de-new-york\/#breadcrumb","itemListElement":[{"@type":"ListItem","position":1,"name":"Accueil","item":"https:\/\/footdavant.fr\/actualites\/"},{"@type":"ListItem","position":2,"name":"Tommy DeVito a une fiche de 3-1 en tant que QB partant des Giants de New York"}]},{"@type":"WebSite","@id":"https:\/\/footdavant.fr\/actualites\/#website","url":"https:\/\/footdavant.fr\/actualites\/","name":"Foot d'avant","description":"","publisher":{"@id":"https:\/\/footdavant.fr\/actualites\/#organization"},"potentialAction":[{"@type":"SearchAction","target":{"@type":"EntryPoint","urlTemplate":"https:\/\/footdavant.fr\/actualites\/?s={search_term_string}"},"query-input":"required name=search_term_string"}],"inLanguage":"fr-FR"},{"@type":"Organization","@id":"https:\/\/footdavant.fr\/actualites\/#organization","name":"Foot d'avant","url":"https:\/\/footdavant.fr\/actualites\/","logo":{"@type":"ImageObject","inLanguage":"fr-FR","@id":"https:\/\/footdavant.fr\/actualites\/#\/schema\/logo\/image\/","url":"https:\/\/footdavant.fr\/actualites\/wp-content\/uploads\/2023\/09\/Copy-of-FootDavant-Logo.png","contentUrl":"https:\/\/footdavant.fr\/actualites\/wp-content\/uploads\/2023\/09\/Copy-of-FootDavant-Logo.png","width":936,"height":549,"caption":"Foot d'avant"},"image":{"@id":"https:\/\/footdavant.fr\/actualites\/#\/schema\/logo\/image\/"},"sameAs":["https:\/\/www.facebook.com\/Footdavant\/","https:\/\/twitter.com\/FootdavantFr","https:\/\/www.instagram.com\/footdavant.fr\/"]},{"@type":"Person","@id":"https:\/\/footdavant.fr\/actualites\/#\/schema\/person\/bc222566d95871b37e597b3ed3ba5e1d","name":"Cl\u00e9ment","image":{"@type":"ImageObject","inLanguage":"fr-FR","@id":"https:\/\/footdavant.fr\/actualites\/#\/schema\/person\/image\/","url":"https:\/\/secure.gravatar.com\/avatar\/7728b29aac2719421e1a9159b2254c44?s=96&d=mm&r=g","contentUrl":"https:\/\/secure.gravatar.com\/avatar\/7728b29aac2719421e1a9159b2254c44?s=96&d=mm&r=g","caption":"Cl\u00e9ment"},"sameAs":["https:\/\/footdavant.fr\/"]}]}},"_links":{"self":[{"href":"https:\/\/footdavant.fr\/actualites\/wp-json\/wp\/v2\/posts\/2419"}],"collection":[{"href":"https:\/\/footdavant.fr\/actualites\/wp-json\/wp\/v2\/posts"}],"about":[{"href":"https:\/\/footdavant.fr\/actualites\/wp-json\/wp\/v2\/types\/post"}],"author":[{"embeddable":true,"href":"https:\/\/footdavant.fr\/actualites\/wp-json\/wp\/v2\/users\/1"}],"replies":[{"embeddable":true,"href":"https:\/\/footdavant.fr\/actualites\/wp-json\/wp\/v2\/comments?post=2419"}],"version-history":[{"count":1,"href":"https:\/\/footdavant.fr\/actualites\/wp-json\/wp\/v2\/posts\/2419\/revisions"}],"predecessor-version":[{"id":2421,"href":"https:\/\/footdavant.fr\/actualites\/wp-json\/wp\/v2\/posts\/2419\/revisions\/2421"}],"wp:featuredmedia":[{"embeddable":true,"href":"https:\/\/footdavant.fr\/actualites\/wp-json\/wp\/v2\/media\/2420"}],"wp:attachment":[{"href":"https:\/\/footdavant.fr\/actualites\/wp-json\/wp\/v2\/media?parent=2419"}],"wp:term":[{"taxonomy":"category","embeddable":true,"href":"https:\/\/footdavant.fr\/actualites\/wp-json\/wp\/v2\/categories?post=2419"},{"taxonomy":"post_tag","embeddable":true,"href":"https:\/\/footdavant.fr\/actualites\/wp-json\/wp\/v2\/tags?post=2419"}],"curies":[{"name":"wp","href":"https:\/\/api.w.org\/{rel}","templated":true}]}}