{"id":24226,"date":"2025-05-23T07:51:47","date_gmt":"2025-05-23T05:51:47","guid":{"rendered":"https:\/\/footdavant.fr\/actualites\/viktor-gyokerres-a-arsenal-transfert-fear-emerge-alors-quandrea-berta-reflechit-a-75-millions-de-livres-sterling-de-la-decision-de-benjamin-sesko\/"},"modified":"2025-05-23T07:51:48","modified_gmt":"2025-05-23T05:51:48","slug":"viktor-gyokerres-a-arsenal-transfert-fear-emerge-alors-quandrea-berta-reflechit-a-75-millions-de-livres-sterling-de-la-decision-de-benjamin-sesko","status":"publish","type":"post","link":"https:\/\/footdavant.fr\/actualites\/viktor-gyokerres-a-arsenal-transfert-fear-emerge-alors-quandrea-berta-reflechit-a-75-millions-de-livres-sterling-de-la-decision-de-benjamin-sesko\/","title":{"rendered":"Viktor Gyokerres \u00e0 Arsenal Transfert \u00ab\u00a0Fear\u00a0\u00bb \u00e9merge alors qu&#39;Andrea Berta r\u00e9fl\u00e9chit \u00e0 75 millions de livres sterling de la d\u00e9cision de Benjamin Sesko"},"content":{"rendered":"<p>Le journaliste d&#39;Arsenal, Charles Watts, aurait une \u00ab\u00a0grande peur\u00a0\u00bb si les Gunners se d\u00e9pla\u00e7aient pour le Viktor Gyoker de Sporting Lisbonne au sujet de Benjamin Sesko de RB Leipzig cet \u00e9t\u00e9.<\/p>\n<div id=\"article_body\" itemprop=\"articleBody\">\n<h3 class=\"firstPara\">\n<strong class=\"autotag\">Arsenal<\/strong> journaliste <strong class=\"autotag\">Charles Watts<\/strong> aurait une \u00ab\u00a0grande peur\u00a0\u00bb si les artilleurs bougent pour <strong class=\"autotag\">Lisbonne sportive<\/strong> avant-centre <strong class=\"autotag\">Viktor Gyokerres<\/strong> sur <strong class=\"autotag\">RB Leipzig<\/strong>&#39;s <strong class=\"autotag\">Benjamin Sesko<\/strong> cet \u00e9t\u00e9.<\/h3>\n<p>Les internationaux de Su\u00e8de et de Slov\u00e9nie semblent \u00eatre <strong class=\"autotag\">Mikel Arteta<\/strong> et <strong class=\"autotag\">Andrea Berta<\/strong>Les deux cibles de l&#39;attaquant principal pour la fen\u00eatre \u00e0 venir, car Arsenal a apparemment accept\u00e9 qu&#39;un mouvement pour Newcastle United <strong class=\"autotag\">Alexander Isak<\/strong> est un non-starter.<\/p>\n<p>Arsenal serait <strong>Fermer un accord avec Gyokerres \u00e0 des conditions personnelles<\/strong>et l&#39;ex-homme de la ville de l&#39;ancien pourrait \u00eatre disponible pour une raison raisonnable de 60 millions de livres sterling cet \u00e9t\u00e9, un peu moins que la clause de lib\u00e9ration de 75 millions de livres sterling de Sesko.<\/p>\n<p>Cependant, comme ce dernier est consid\u00e9rablement plus jeune, Watts est l\u00e9g\u00e8rement pr\u00e9occup\u00e9 par la perspective d&#39;Alexander Isak 2.0 avec Sesko si Arsenal a mis tous leurs \u0153ufs attaquants dans le panier Gyokerres cet \u00e9t\u00e9.<\/p>\n<p>Demand\u00e9 par <strong>Taupe de sport<\/strong> Qu&#39;il pr\u00e9f\u00e9rerait Gyokerres ou Sesko, Watts a dit: \u00ab\u00a0C&#39;est la question \u00e0 un million de dollars! Je ne sais honn\u00eatement pas. En termes de qui je veux qu&#39;ils optent, c&#39;est comme un tour de m\u00e9daille. Je suis tellement sur la cl\u00f4ture.<\/p>\n<h2 class=\"k3\">Arsenal pourrait risquer la \u00ab\u00a0situation de type isak\u00a0\u00bb en signant Gyokerres<\/h2>\n<p><a href=\"https:\/\/www.youtube.com\/watch?v=b2kdh4cyhhs\">https:\/\/www.youtube.com\/watch?v=b2kdh4cyhhs<\/a><\/p>\n<p>\u00ab\u00a0Je serai satisfait de l&#39;un ou l&#39;autre. Ils sont tous les deux tr\u00e8s, tr\u00e8s bons. Sesko a le potentiel de devenir une superstar absolue. C&#39;est ma seule peur si c&#39;est Gyokerres, qui, je pense, serait g\u00e9nial &#8211; je ne re\u00e7ois pas beaucoup de critiques n\u00e9gatives &#8211; mais ma grande peur est qu&#39;il arrive, quelqu&#39;un d&#39;autre obtient Sesko, puis deux ans. <\/p>\n<p>\u00ab\u00a0Mais c&#39;est \u00e0 Arsenal de d\u00e9cider. L&#39;un ou l&#39;autre est de qualit\u00e9, ils apporteront diff\u00e9rents attributs et am\u00e9lioreront l&#39;\u00e9quipe. Je n&#39;ai absolument aucun doute \u00e0 ce sujet. La derni\u00e8re chose qu&#39;ils veulent faire, c&#39;est se faire de la sieste et se retrouver soudainement avec ni l&#39;un ni l&#39;autre, ce qui serait une chose tr\u00e8s r\u00e9aliste parce que le march\u00e9 des attaquants sera si comp\u00e9titif cet \u00e9t\u00e9. <\/p>\n<p>\u00ab\u00a0Tant de clubs recherchent un num\u00e9ro neuf. Arsenal doit s&#39;assurer qu&#39;ils sont \u00e0 l&#39;avant de la file d&#39;attente et ils peuvent l&#39;ex\u00e9cuter vraiment, tr\u00e8s rapidement. C&#39;est pourquoi Andrea Berta a \u00e9t\u00e9 amen\u00e9e.\u00a0\u00bb<\/p>\n<p>Alors que Gyokerres devrait \u00eatre l&#39;une des propri\u00e9t\u00e9s les plus en vogue sur le march\u00e9 des attaques, apr\u00e8s avoir marqu\u00e9 53 buts sensationnels en 51 matchs cette saison, Arsenal n&#39;a \u00e9t\u00e9 que l&#39;un des trois clubs s\u00e9rieusement li\u00e9s \u00e0 un d\u00e9m\u00e9nagement.<\/p>\n<p>Barcelone et <strong class=\"autotag\">Manchester United<\/strong> ont \u00e9t\u00e9 pour combattre les Gunners pour l&#39;international su\u00e9dois, mais La Blaugrana semble avoir refroidi leur int\u00e9r\u00eat, tandis que Man United pourrait perdurer un an sans football europ\u00e9en en 2025-26.<\/p>\n<p>Cependant, les Red Devils gagneront un billet d&#39;or pour la Ligue des champions &#8211; qui sera probablement un facteur cl\u00e9 pour d\u00e9terminer l&#39;avenir de Gyokerres &#8211; et la relation solide de 26 ans avec <strong class=\"autotag\">Ruben Amorim<\/strong> est bien document\u00e9.<\/p>\n<h2 class=\"k3\">Arsenal craint Man United Gyokerres.<\/h2>\n<p class=\"imgI\">\n<p>Apr\u00e8s un sort r\u00e9ussi \u00e0 Coventry dans le championnat, Gyokerres s&#39;est imm\u00e9diatement \u00e9pous\u00e9 dans l&#39;un des attaquants les plus redout\u00e9s d&#39;Europe sous les Portugais, qui devrait rester \u00e0 Old Trafford pour la saison prochaine, ind\u00e9pendamment de ce qui se passe lors de la finale de mercredi contre Tottenham Hotspur.<\/p>\n<p>Lorsqu&#39;on lui a demand\u00e9 si Man United remportant la Ligue Europa l&#39;avait peur d&#39;un \u00e9ventuel d\u00e9tournement, Watts a r\u00e9pondu: \u00ab\u00a0Cela aurait du sens, n&#39;est-ce pas? \u00c7a va \u00eatre si comp\u00e9titif et ils (Man United) en ont besoin. Sans doute. Gyokerres et Amorim ont tr\u00e8s bien fonctionn\u00e9 ensemble. <\/p>\n<p>\u00ab\u00a0Nous savons qu&#39;ils aiment <strong class=\"autotag\">Liam Delap<\/strong>. Cela pourrait \u00eatre celui qui pourrait bien arriver, mais peut-\u00eatre qu&#39;ils iront pour deux. Je suis s\u00fbr qu&#39;ils (Arsenal) ont pris une d\u00e9cision. Mais Mikel l&#39;a dit, le plan se d\u00e9roule maintenant. <\/p>\n<p>\u00ab\u00a0Je suis s\u00fbr que dans ces limites de ces chambres des Emirats, dans la salle de conf\u00e9rence, ils savent que le gars qu&#39;ils recherchent. Ne vous laissez pas dans une position o\u00f9 quelque chose comme \u00e7a pourrait arriver l\u00e0 o\u00f9 United vient soudainement frapper et le joueur que vous attendez de signer va ailleurs. <\/p>\n<p>\u00ab\u00a0Et puis il vous reste:\u00a0\u00bb Eh bien, que faisons-nous maintenant? \u00a0\u00bb Vous ne pouvez pas vous le permettre, ils doivent obtenir cet \u00e9t\u00e9 correctement.<\/p>\n<p>Des rapports r\u00e9cents ont en effet affirm\u00e9 que <strong>Man United pourrait essayer de \u00abgazump\u00bb arsenal<\/strong> Dans la course \u00e0 Gyokerres, mais les Red Devils devront presque certainement vendre avant qu&#39;ils ne puissent acheter cet \u00e9t\u00e9, tandis que les Gunners ne marchent pas sur une telle cornemin\u00e9e financi\u00e8re.<\/p>\n<hr>\n<p><\/p>\n<h2>Votez dans les prix des lecteurs de Mole Sports 2024-25!<\/h2>\n<p>Le vote est d\u00e9sormais ouvert pour le <strong>Taupe de sport<\/strong> R\u00e9compenses des lecteurs, o\u00f9 vous pouvez choisir votre joueur de la saison, le manager de la saison, la signature de la saison et bien plus encore.<\/p>\n<p><strong>Cliquez ici pour faire vos s\u00e9lections<\/strong>et les gagnants seront annonc\u00e9s le lundi 26 mai!<\/p>\n<hr>\n<div class=\"author_box\">\n<div class=\"author_box_banner\">\n<img decoding=\"async\" class=\"author_img\" src=\"https:\/\/footdavant.fr\/actualites\/wp-content\/uploads\/2025\/05\/1747979507_369_Viktor-Gyokerres-a-Arsenal-Transfert-Fear-emerge-alors-qu39Andrea-Berta.jpg\"><\/p>\n<\/div>\n<\/div>\n<\/div>\n","protected":false},"excerpt":{"rendered":"<p>Le journaliste d&#39;Arsenal, Charles Watts, aurait une \u00ab\u00a0grande peur\u00a0\u00bb si les Gunners se d\u00e9pla\u00e7aient pour le Viktor Gyoker de Sporting Lisbonne au sujet de Benjamin<\/p>\n","protected":false},"author":1,"featured_media":24227,"comment_status":"closed","ping_status":"","sticky":false,"template":"","format":"standard","meta":{"footnotes":""},"categories":[5],"tags":[318,67,4643,8405,497,5267,9301,8694,115,114,8482,5653,4644,116,700,2303],"yoast_head":"<!-- This site is optimized with the Yoast SEO plugin v21.0 - https:\/\/yoast.com\/wordpress\/plugins\/seo\/ -->\n<title>Viktor Gyokerres \u00e0 Arsenal Transfert &quot;Fear&quot; \u00e9merge alors qu&#039;Andrea Berta r\u00e9fl\u00e9chit \u00e0 75 millions de livres sterling de la d\u00e9cision de Benjamin Sesko<\/title>\n<meta name=\"robots\" content=\"index, follow, max-snippet:-1, max-image-preview:large, max-video-preview:-1\" \/>\n<link rel=\"canonical\" href=\"https:\/\/footdavant.fr\/actualites\/viktor-gyokerres-a-arsenal-transfert-fear-emerge-alors-quandrea-berta-reflechit-a-75-millions-de-livres-sterling-de-la-decision-de-benjamin-sesko\/\" \/>\n<meta property=\"og:locale\" content=\"fr_FR\" \/>\n<meta property=\"og:type\" content=\"article\" \/>\n<meta property=\"og:title\" content=\"Viktor Gyokerres \u00e0 Arsenal Transfert &quot;Fear&quot; \u00e9merge alors qu&#039;Andrea Berta r\u00e9fl\u00e9chit \u00e0 75 millions de livres sterling de la d\u00e9cision de Benjamin Sesko\" \/>\n<meta property=\"og:description\" content=\"Le journaliste d&#039;Arsenal, Charles Watts, aurait une \u00ab\u00a0grande peur\u00a0\u00bb si les Gunners se d\u00e9pla\u00e7aient pour le Viktor Gyoker de Sporting Lisbonne au sujet de Benjamin\" \/>\n<meta property=\"og:url\" content=\"https:\/\/footdavant.fr\/actualites\/viktor-gyokerres-a-arsenal-transfert-fear-emerge-alors-quandrea-berta-reflechit-a-75-millions-de-livres-sterling-de-la-decision-de-benjamin-sesko\/\" \/>\n<meta property=\"og:site_name\" content=\"Foot d&#039;avant\" \/>\n<meta property=\"article:publisher\" content=\"https:\/\/www.facebook.com\/Footdavant\/\" \/>\n<meta property=\"article:published_time\" content=\"2025-05-23T05:51:47+00:00\" \/>\n<meta property=\"article:modified_time\" content=\"2025-05-23T05:51:48+00:00\" \/>\n<meta property=\"og:image\" content=\"https:\/\/footdavant.fr\/actualites\/wp-content\/uploads\/2025\/05\/Viktor-Gyokerres-a-Arsenal-Transfert-Fear-emerge-alors-qu39Andrea-Berta.jpg\" \/>\n\t<meta property=\"og:image:width\" content=\"640\" \/>\n\t<meta property=\"og:image:height\" content=\"480\" \/>\n\t<meta property=\"og:image:type\" content=\"image\/jpeg\" \/>\n<meta name=\"author\" content=\"Cl\u00e9ment\" \/>\n<meta name=\"twitter:card\" content=\"summary_large_image\" \/>\n<meta name=\"twitter:creator\" content=\"@FootdavantFr\" \/>\n<meta name=\"twitter:site\" content=\"@FootdavantFr\" \/>\n<meta name=\"twitter:label1\" content=\"\u00c9crit par\" \/>\n\t<meta name=\"twitter:data1\" content=\"Cl\u00e9ment\" \/>\n\t<meta name=\"twitter:label2\" content=\"Dur\u00e9e de lecture estim\u00e9e\" \/>\n\t<meta name=\"twitter:data2\" content=\"5 minutes\" \/>\n<script type=\"application\/ld+json\" class=\"yoast-schema-graph\">{\"@context\":\"https:\/\/schema.org\",\"@graph\":[{\"@type\":\"Article\",\"@id\":\"https:\/\/footdavant.fr\/actualites\/viktor-gyokerres-a-arsenal-transfert-fear-emerge-alors-quandrea-berta-reflechit-a-75-millions-de-livres-sterling-de-la-decision-de-benjamin-sesko\/#article\",\"isPartOf\":{\"@id\":\"https:\/\/footdavant.fr\/actualites\/viktor-gyokerres-a-arsenal-transfert-fear-emerge-alors-quandrea-berta-reflechit-a-75-millions-de-livres-sterling-de-la-decision-de-benjamin-sesko\/\"},\"author\":{\"name\":\"Cl\u00e9ment\",\"@id\":\"https:\/\/footdavant.fr\/actualites\/#\/schema\/person\/bc222566d95871b37e597b3ed3ba5e1d\"},\"headline\":\"Viktor Gyokerres \u00e0 Arsenal Transfert \u00ab\u00a0Fear\u00a0\u00bb \u00e9merge alors qu&#39;Andrea Berta r\u00e9fl\u00e9chit \u00e0 75 millions de livres sterling de la d\u00e9cision de Benjamin Sesko\",\"datePublished\":\"2025-05-23T05:51:47+00:00\",\"dateModified\":\"2025-05-23T05:51:48+00:00\",\"mainEntityOfPage\":{\"@id\":\"https:\/\/footdavant.fr\/actualites\/viktor-gyokerres-a-arsenal-transfert-fear-emerge-alors-quandrea-berta-reflechit-a-75-millions-de-livres-sterling-de-la-decision-de-benjamin-sesko\/\"},\"wordCount\":964,\"publisher\":{\"@id\":\"https:\/\/footdavant.fr\/actualites\/#organization\"},\"keywords\":[\"alors\",\"Arsenal\",\"Benjamin\",\"Berta\",\"d\u00e9cision\",\"\u00e9merge\",\"Fear\",\"Gyokerres\",\"livres\",\"millions\",\"qu39Andrea\",\"r\u00e9fl\u00e9chit\",\"Sesko\",\"sterling\",\"transfert\",\"Viktor\"],\"articleSection\":[\"Premier League\"],\"inLanguage\":\"fr-FR\"},{\"@type\":\"WebPage\",\"@id\":\"https:\/\/footdavant.fr\/actualites\/viktor-gyokerres-a-arsenal-transfert-fear-emerge-alors-quandrea-berta-reflechit-a-75-millions-de-livres-sterling-de-la-decision-de-benjamin-sesko\/\",\"url\":\"https:\/\/footdavant.fr\/actualites\/viktor-gyokerres-a-arsenal-transfert-fear-emerge-alors-quandrea-berta-reflechit-a-75-millions-de-livres-sterling-de-la-decision-de-benjamin-sesko\/\",\"name\":\"Viktor Gyokerres \u00e0 Arsenal Transfert \\\"Fear\\\" \u00e9merge alors qu&#39;Andrea Berta r\u00e9fl\u00e9chit \u00e0 75 millions de livres sterling de la d\u00e9cision de Benjamin Sesko\",\"isPartOf\":{\"@id\":\"https:\/\/footdavant.fr\/actualites\/#website\"},\"datePublished\":\"2025-05-23T05:51:47+00:00\",\"dateModified\":\"2025-05-23T05:51:48+00:00\",\"breadcrumb\":{\"@id\":\"https:\/\/footdavant.fr\/actualites\/viktor-gyokerres-a-arsenal-transfert-fear-emerge-alors-quandrea-berta-reflechit-a-75-millions-de-livres-sterling-de-la-decision-de-benjamin-sesko\/#breadcrumb\"},\"inLanguage\":\"fr-FR\",\"potentialAction\":[{\"@type\":\"ReadAction\",\"target\":[\"https:\/\/footdavant.fr\/actualites\/viktor-gyokerres-a-arsenal-transfert-fear-emerge-alors-quandrea-berta-reflechit-a-75-millions-de-livres-sterling-de-la-decision-de-benjamin-sesko\/\"]}]},{\"@type\":\"BreadcrumbList\",\"@id\":\"https:\/\/footdavant.fr\/actualites\/viktor-gyokerres-a-arsenal-transfert-fear-emerge-alors-quandrea-berta-reflechit-a-75-millions-de-livres-sterling-de-la-decision-de-benjamin-sesko\/#breadcrumb\",\"itemListElement\":[{\"@type\":\"ListItem\",\"position\":1,\"name\":\"Accueil\",\"item\":\"https:\/\/footdavant.fr\/actualites\/\"},{\"@type\":\"ListItem\",\"position\":2,\"name\":\"Viktor Gyokerres \u00e0 Arsenal Transfert \u00ab\u00a0Fear\u00a0\u00bb \u00e9merge alors qu&#39;Andrea Berta r\u00e9fl\u00e9chit \u00e0 75 millions de livres sterling de la d\u00e9cision de Benjamin Sesko\"}]},{\"@type\":\"WebSite\",\"@id\":\"https:\/\/footdavant.fr\/actualites\/#website\",\"url\":\"https:\/\/footdavant.fr\/actualites\/\",\"name\":\"Foot d'avant\",\"description\":\"\",\"publisher\":{\"@id\":\"https:\/\/footdavant.fr\/actualites\/#organization\"},\"potentialAction\":[{\"@type\":\"SearchAction\",\"target\":{\"@type\":\"EntryPoint\",\"urlTemplate\":\"https:\/\/footdavant.fr\/actualites\/?s={search_term_string}\"},\"query-input\":\"required name=search_term_string\"}],\"inLanguage\":\"fr-FR\"},{\"@type\":\"Organization\",\"@id\":\"https:\/\/footdavant.fr\/actualites\/#organization\",\"name\":\"Foot d'avant\",\"url\":\"https:\/\/footdavant.fr\/actualites\/\",\"logo\":{\"@type\":\"ImageObject\",\"inLanguage\":\"fr-FR\",\"@id\":\"https:\/\/footdavant.fr\/actualites\/#\/schema\/logo\/image\/\",\"url\":\"https:\/\/footdavant.fr\/actualites\/wp-content\/uploads\/2023\/09\/Copy-of-FootDavant-Logo.png\",\"contentUrl\":\"https:\/\/footdavant.fr\/actualites\/wp-content\/uploads\/2023\/09\/Copy-of-FootDavant-Logo.png\",\"width\":936,\"height\":549,\"caption\":\"Foot d'avant\"},\"image\":{\"@id\":\"https:\/\/footdavant.fr\/actualites\/#\/schema\/logo\/image\/\"},\"sameAs\":[\"https:\/\/www.facebook.com\/Footdavant\/\",\"https:\/\/twitter.com\/FootdavantFr\",\"https:\/\/www.instagram.com\/footdavant.fr\/\"]},{\"@type\":\"Person\",\"@id\":\"https:\/\/footdavant.fr\/actualites\/#\/schema\/person\/bc222566d95871b37e597b3ed3ba5e1d\",\"name\":\"Cl\u00e9ment\",\"image\":{\"@type\":\"ImageObject\",\"inLanguage\":\"fr-FR\",\"@id\":\"https:\/\/footdavant.fr\/actualites\/#\/schema\/person\/image\/\",\"url\":\"https:\/\/secure.gravatar.com\/avatar\/7728b29aac2719421e1a9159b2254c44?s=96&d=mm&r=g\",\"contentUrl\":\"https:\/\/secure.gravatar.com\/avatar\/7728b29aac2719421e1a9159b2254c44?s=96&d=mm&r=g\",\"caption\":\"Cl\u00e9ment\"},\"sameAs\":[\"https:\/\/footdavant.fr\/\"]}]}<\/script>\n<!-- \/ Yoast SEO plugin. -->","yoast_head_json":{"title":"Viktor Gyokerres \u00e0 Arsenal Transfert \"Fear\" \u00e9merge alors qu&#39;Andrea Berta r\u00e9fl\u00e9chit \u00e0 75 millions de livres sterling de la d\u00e9cision de Benjamin Sesko","robots":{"index":"index","follow":"follow","max-snippet":"max-snippet:-1","max-image-preview":"max-image-preview:large","max-video-preview":"max-video-preview:-1"},"canonical":"https:\/\/footdavant.fr\/actualites\/viktor-gyokerres-a-arsenal-transfert-fear-emerge-alors-quandrea-berta-reflechit-a-75-millions-de-livres-sterling-de-la-decision-de-benjamin-sesko\/","og_locale":"fr_FR","og_type":"article","og_title":"Viktor Gyokerres \u00e0 Arsenal Transfert \"Fear\" \u00e9merge alors qu&#39;Andrea Berta r\u00e9fl\u00e9chit \u00e0 75 millions de livres sterling de la d\u00e9cision de Benjamin Sesko","og_description":"Le journaliste d&#39;Arsenal, Charles Watts, aurait une \u00ab\u00a0grande peur\u00a0\u00bb si les Gunners se d\u00e9pla\u00e7aient pour le Viktor Gyoker de Sporting Lisbonne au sujet de Benjamin","og_url":"https:\/\/footdavant.fr\/actualites\/viktor-gyokerres-a-arsenal-transfert-fear-emerge-alors-quandrea-berta-reflechit-a-75-millions-de-livres-sterling-de-la-decision-de-benjamin-sesko\/","og_site_name":"Foot d&#039;avant","article_publisher":"https:\/\/www.facebook.com\/Footdavant\/","article_published_time":"2025-05-23T05:51:47+00:00","article_modified_time":"2025-05-23T05:51:48+00:00","og_image":[{"width":640,"height":480,"url":"https:\/\/footdavant.fr\/actualites\/wp-content\/uploads\/2025\/05\/Viktor-Gyokerres-a-Arsenal-Transfert-Fear-emerge-alors-qu39Andrea-Berta.jpg","type":"image\/jpeg"}],"author":"Cl\u00e9ment","twitter_card":"summary_large_image","twitter_creator":"@FootdavantFr","twitter_site":"@FootdavantFr","twitter_misc":{"\u00c9crit par":"Cl\u00e9ment","Dur\u00e9e de lecture estim\u00e9e":"5 minutes"},"schema":{"@context":"https:\/\/schema.org","@graph":[{"@type":"Article","@id":"https:\/\/footdavant.fr\/actualites\/viktor-gyokerres-a-arsenal-transfert-fear-emerge-alors-quandrea-berta-reflechit-a-75-millions-de-livres-sterling-de-la-decision-de-benjamin-sesko\/#article","isPartOf":{"@id":"https:\/\/footdavant.fr\/actualites\/viktor-gyokerres-a-arsenal-transfert-fear-emerge-alors-quandrea-berta-reflechit-a-75-millions-de-livres-sterling-de-la-decision-de-benjamin-sesko\/"},"author":{"name":"Cl\u00e9ment","@id":"https:\/\/footdavant.fr\/actualites\/#\/schema\/person\/bc222566d95871b37e597b3ed3ba5e1d"},"headline":"Viktor Gyokerres \u00e0 Arsenal Transfert \u00ab\u00a0Fear\u00a0\u00bb \u00e9merge alors qu&#39;Andrea Berta r\u00e9fl\u00e9chit \u00e0 75 millions de livres sterling de la d\u00e9cision de Benjamin Sesko","datePublished":"2025-05-23T05:51:47+00:00","dateModified":"2025-05-23T05:51:48+00:00","mainEntityOfPage":{"@id":"https:\/\/footdavant.fr\/actualites\/viktor-gyokerres-a-arsenal-transfert-fear-emerge-alors-quandrea-berta-reflechit-a-75-millions-de-livres-sterling-de-la-decision-de-benjamin-sesko\/"},"wordCount":964,"publisher":{"@id":"https:\/\/footdavant.fr\/actualites\/#organization"},"keywords":["alors","Arsenal","Benjamin","Berta","d\u00e9cision","\u00e9merge","Fear","Gyokerres","livres","millions","qu39Andrea","r\u00e9fl\u00e9chit","Sesko","sterling","transfert","Viktor"],"articleSection":["Premier League"],"inLanguage":"fr-FR"},{"@type":"WebPage","@id":"https:\/\/footdavant.fr\/actualites\/viktor-gyokerres-a-arsenal-transfert-fear-emerge-alors-quandrea-berta-reflechit-a-75-millions-de-livres-sterling-de-la-decision-de-benjamin-sesko\/","url":"https:\/\/footdavant.fr\/actualites\/viktor-gyokerres-a-arsenal-transfert-fear-emerge-alors-quandrea-berta-reflechit-a-75-millions-de-livres-sterling-de-la-decision-de-benjamin-sesko\/","name":"Viktor Gyokerres \u00e0 Arsenal Transfert \"Fear\" \u00e9merge alors qu&#39;Andrea Berta r\u00e9fl\u00e9chit \u00e0 75 millions de livres sterling de la d\u00e9cision de Benjamin Sesko","isPartOf":{"@id":"https:\/\/footdavant.fr\/actualites\/#website"},"datePublished":"2025-05-23T05:51:47+00:00","dateModified":"2025-05-23T05:51:48+00:00","breadcrumb":{"@id":"https:\/\/footdavant.fr\/actualites\/viktor-gyokerres-a-arsenal-transfert-fear-emerge-alors-quandrea-berta-reflechit-a-75-millions-de-livres-sterling-de-la-decision-de-benjamin-sesko\/#breadcrumb"},"inLanguage":"fr-FR","potentialAction":[{"@type":"ReadAction","target":["https:\/\/footdavant.fr\/actualites\/viktor-gyokerres-a-arsenal-transfert-fear-emerge-alors-quandrea-berta-reflechit-a-75-millions-de-livres-sterling-de-la-decision-de-benjamin-sesko\/"]}]},{"@type":"BreadcrumbList","@id":"https:\/\/footdavant.fr\/actualites\/viktor-gyokerres-a-arsenal-transfert-fear-emerge-alors-quandrea-berta-reflechit-a-75-millions-de-livres-sterling-de-la-decision-de-benjamin-sesko\/#breadcrumb","itemListElement":[{"@type":"ListItem","position":1,"name":"Accueil","item":"https:\/\/footdavant.fr\/actualites\/"},{"@type":"ListItem","position":2,"name":"Viktor Gyokerres \u00e0 Arsenal Transfert \u00ab\u00a0Fear\u00a0\u00bb \u00e9merge alors qu&#39;Andrea Berta r\u00e9fl\u00e9chit \u00e0 75 millions de livres sterling de la d\u00e9cision de Benjamin Sesko"}]},{"@type":"WebSite","@id":"https:\/\/footdavant.fr\/actualites\/#website","url":"https:\/\/footdavant.fr\/actualites\/","name":"Foot d'avant","description":"","publisher":{"@id":"https:\/\/footdavant.fr\/actualites\/#organization"},"potentialAction":[{"@type":"SearchAction","target":{"@type":"EntryPoint","urlTemplate":"https:\/\/footdavant.fr\/actualites\/?s={search_term_string}"},"query-input":"required name=search_term_string"}],"inLanguage":"fr-FR"},{"@type":"Organization","@id":"https:\/\/footdavant.fr\/actualites\/#organization","name":"Foot d'avant","url":"https:\/\/footdavant.fr\/actualites\/","logo":{"@type":"ImageObject","inLanguage":"fr-FR","@id":"https:\/\/footdavant.fr\/actualites\/#\/schema\/logo\/image\/","url":"https:\/\/footdavant.fr\/actualites\/wp-content\/uploads\/2023\/09\/Copy-of-FootDavant-Logo.png","contentUrl":"https:\/\/footdavant.fr\/actualites\/wp-content\/uploads\/2023\/09\/Copy-of-FootDavant-Logo.png","width":936,"height":549,"caption":"Foot d'avant"},"image":{"@id":"https:\/\/footdavant.fr\/actualites\/#\/schema\/logo\/image\/"},"sameAs":["https:\/\/www.facebook.com\/Footdavant\/","https:\/\/twitter.com\/FootdavantFr","https:\/\/www.instagram.com\/footdavant.fr\/"]},{"@type":"Person","@id":"https:\/\/footdavant.fr\/actualites\/#\/schema\/person\/bc222566d95871b37e597b3ed3ba5e1d","name":"Cl\u00e9ment","image":{"@type":"ImageObject","inLanguage":"fr-FR","@id":"https:\/\/footdavant.fr\/actualites\/#\/schema\/person\/image\/","url":"https:\/\/secure.gravatar.com\/avatar\/7728b29aac2719421e1a9159b2254c44?s=96&d=mm&r=g","contentUrl":"https:\/\/secure.gravatar.com\/avatar\/7728b29aac2719421e1a9159b2254c44?s=96&d=mm&r=g","caption":"Cl\u00e9ment"},"sameAs":["https:\/\/footdavant.fr\/"]}]}},"_links":{"self":[{"href":"https:\/\/footdavant.fr\/actualites\/wp-json\/wp\/v2\/posts\/24226"}],"collection":[{"href":"https:\/\/footdavant.fr\/actualites\/wp-json\/wp\/v2\/posts"}],"about":[{"href":"https:\/\/footdavant.fr\/actualites\/wp-json\/wp\/v2\/types\/post"}],"author":[{"embeddable":true,"href":"https:\/\/footdavant.fr\/actualites\/wp-json\/wp\/v2\/users\/1"}],"replies":[{"embeddable":true,"href":"https:\/\/footdavant.fr\/actualites\/wp-json\/wp\/v2\/comments?post=24226"}],"version-history":[{"count":1,"href":"https:\/\/footdavant.fr\/actualites\/wp-json\/wp\/v2\/posts\/24226\/revisions"}],"predecessor-version":[{"id":24228,"href":"https:\/\/footdavant.fr\/actualites\/wp-json\/wp\/v2\/posts\/24226\/revisions\/24228"}],"wp:featuredmedia":[{"embeddable":true,"href":"https:\/\/footdavant.fr\/actualites\/wp-json\/wp\/v2\/media\/24227"}],"wp:attachment":[{"href":"https:\/\/footdavant.fr\/actualites\/wp-json\/wp\/v2\/media?parent=24226"}],"wp:term":[{"taxonomy":"category","embeddable":true,"href":"https:\/\/footdavant.fr\/actualites\/wp-json\/wp\/v2\/categories?post=24226"},{"taxonomy":"post_tag","embeddable":true,"href":"https:\/\/footdavant.fr\/actualites\/wp-json\/wp\/v2\/tags?post=24226"}],"curies":[{"name":"wp","href":"https:\/\/api.w.org\/{rel}","templated":true}]}}