{"id":24229,"date":"2025-05-23T09:49:41","date_gmt":"2025-05-23T07:49:41","guid":{"rendered":"https:\/\/footdavant.fr\/actualites\/les-eliminatoires-du-football-universitaire-se-deplacent-vers-un-modele-de-semis-droit\/"},"modified":"2025-05-23T09:49:42","modified_gmt":"2025-05-23T07:49:42","slug":"les-eliminatoires-du-football-universitaire-se-deplacent-vers-un-modele-de-semis-droit","status":"publish","type":"post","link":"https:\/\/footdavant.fr\/actualites\/les-eliminatoires-du-football-universitaire-se-deplacent-vers-un-modele-de-semis-droit\/","title":{"rendered":"Les \u00e9liminatoires du football universitaire se d\u00e9placent vers un mod\u00e8le de semis droit,"},"content":{"rendered":"<div>\n<p data-start=\"442\" data-end=\"1055\">Le changement dans le football universitaire vient rarement tranquillement. Mais celui-ci n&#39;arrivera pas avec un rugissement, mais avec un remaniement. Les \u00e9liminatoires du football universitaire devraient passer \u00e0 un mod\u00e8le de semis direct \u00e0 partir de 2025. C&#39;est un changement subtil \u00e0 la surface, mais un sismique en dessous. Fini la garantie qu&#39;un titre de conf\u00e9rence \u00e0 lui seul accordera un chemin pour se reposer, r\u00e9compenser, au premier tour. Maintenant, le classement seul d\u00e9cidera qui attend et qui joue. C&#39;est la derni\u00e8re \u00e9volution d&#39;un sport qui apprend \u00e0 vivre sans tradition &#8211; et un pas de plus vers un s\u00e9ries \u00e9liminatoires qui favorise la perception de Pedigree.<\/p>\n<h2 data-start=\"1062\" data-end=\"1112\"><strong data-start=\"1066\" data-end=\"1112\">Des rois de la conf\u00e9rence aux classements r\u00e9alis\u00e9s<\/strong><\/h2>\n<p data-start=\"1114\" data-end=\"1337\">Pendant des d\u00e9cennies, un championnat de conf\u00e9rence \u00e9tait plus qu&#39;un troph\u00e9e. C&#39;\u00e9tait la validation. Un passeport \u00e0 la consid\u00e9ration des s\u00e9ries \u00e9liminatoires. Mais dans la nouvelle \u00e8re des s\u00e9ries \u00e9liminatoires du football universitaire \u00e0 12 \u00e9quipes, ce statut ne garantit plus la position de grande entier.<\/p>\n<p data-start=\"1339\" data-end=\"1746\">Sous l&#39;ancienne r\u00e8gle &#8211; utilis\u00e9e la saison derni\u00e8re &#8211; les quatre meilleurs champions de la conf\u00e9rence les mieux class\u00e9s ont obtenu des byes au premier tour. C&#39;\u00e9tait un syst\u00e8me construit pour honorer l&#39;h\u00e9ritage, pour prot\u00e9ger la domination r\u00e9gionale. Mais cela a \u00e9galement produit la controverse. Boise State, class\u00e9e neuvi\u00e8me, a obtenu une t\u00eate de s\u00e9rie \u00e0 3 graines. L&#39;Arizona State, s&#39;est class\u00e9 11e, a \u00e9t\u00e9 inscrit au n \u00b0 4. Ils ont gagn\u00e9 les byes, mais ont laiss\u00e9 les fans et les experts se demandant: \u00e9taient-ils vraiment les quatre meilleures \u00e9quipes?<\/p>\n<blockquote class=\"twitter-tweet\">\n<p dir=\"ltr\" lang=\"en\">Breaking: Les \u00e9liminatoires de football universitaire \u00e0 12 \u00e9quipes passeront \u00e0 un mod\u00e8le de semis h\u00e9t\u00e9ro cet automne, r\u00e9compensant les quatre meilleures \u00e9quipes du comit\u00e9 de s\u00e9lection avec les quatre premi\u00e8res t\u00eates de s\u00e9rie et un bye au premier tour, ont d\u00e9clar\u00e9 des sources ont d\u00e9clar\u00e9es <a rel=\"nofollow\" href=\"https:\/\/twitter.com\/CFBHeather?ref_src=twsrc%5Etfw\">@Cfbheather<\/a>.<\/p>\n<p>Obtenez des alertes Breaking News de Heather Dinich \u00e0 travers le\u2026 <a rel=\"nofollow\" href=\"https:\/\/t.co\/cYzTPsW6CK\">pic.twitter.com\/cyztpsw6ck<\/a><\/p>\n<p>&#8211; ESPN (@espn) <a rel=\"nofollow\" href=\"https:\/\/twitter.com\/espn\/status\/1925622653504634960?ref_src=twsrc%5Etfw\">22 mai 2025<\/a><\/p>\n<\/blockquote>\n<p data-start=\"1748\" data-end=\"2030\">Le mod\u00e8le 2025 r\u00e9pond \u00e0 cette question avec la finalit\u00e9. Les quatre meilleures \u00e9quipes class\u00e9es &#8211; sans cesse de savoir s&#39;ils hissent un troph\u00e9e de conf\u00e9rence &#8211; gagneront le bye. Les champions de la conf\u00e9rence entrent toujours. Mais une fois arriv\u00e9s, ils s&#39;aligneront en fonction de la fa\u00e7on dont le comit\u00e9 les voit, pas de ce qu&#39;ils ont gagn\u00e9.<\/p>\n<p data-start=\"2032\" data-end=\"2290\">C&#39;est une m\u00e9ritocratie maintenant. Ou du moins, la version d\u00e9finie par la vision de la force du comit\u00e9. Pour les programmes \u00e0 l&#39;ext\u00e9rieur en regardant &#8211; comme Notre Dame &#8211; c&#39;est une porte nouvellement ouverte. Mais pour d&#39;autres, cela peut avoir l&#39;impression que quelque chose dont il est cher a \u00e9t\u00e9 tranquillement enlev\u00e9.<\/p>\n<h2 data-start=\"2297\" data-end=\"2354\"><strong data-start=\"2301\" data-end=\"2354\">Les implications: prestige remplac\u00e9 par la perception<\/strong><\/h2>\n<p data-start=\"2356\" data-end=\"2554\">L&#39;\u00e9volution vers l&#39;ensemencement droit refl\u00e8te une tendance plus importante dans le football universitaire &#8211; un passage de la domination r\u00e9gionale au capital national de marque. Dans une s\u00e9ries \u00e9liminatoires en cours de classement, la valeur de la perception augmente.<\/p>\n<p data-start=\"2556\" data-end=\"2913\">Le Texas et Penn State, par exemple, n&#39;ont pas remport\u00e9 leurs conf\u00e9rences la saison derni\u00e8re. Mais si le nouveau format avait \u00e9t\u00e9 en place, les deux auraient gagn\u00e9 un bye. Leurs curriculum vitae, leurs horaires et leur r\u00e9putation ont parl\u00e9 assez fort au comit\u00e9. Boise State et Arizona State &#8211; champions de conf\u00e9rence avec moins de r\u00e9f\u00e9rences &#8211; aurait \u00e9t\u00e9 invit\u00e9 \u00e0 jouer un tour plus t\u00f4t.<\/p>\n<blockquote class=\"twitter-tweet\">\n<p dir=\"ltr\" lang=\"en\">NOUVELLES: Les dirigeants du CFP devraient adopter un mod\u00e8le de s\u00e9rie de graines pour les \u00e9liminatoires de football universitaire de cette saison, <a rel=\"nofollow\" href=\"https:\/\/twitter.com\/RossDellenger?ref_src=twsrc%5Etfw\">@Rossdellenger<\/a> rapports<\/p>\n<p>Voici \u00e0 quoi servirait la saison derni\u00e8re <a rel=\"nofollow\" href=\"https:\/\/t.co\/OJ398uEGSK\">pic.twitter.com\/oj398uegsk<\/a><\/p>\n<p>&#8211; on3 (@ on3sports) <a rel=\"nofollow\" href=\"https:\/\/twitter.com\/On3sports\/status\/1925531083505795238?ref_src=twsrc%5Etfw\">22 mai 2025<\/a><\/p>\n<\/blockquote>\n<p data-start=\"2915\" data-end=\"2977\">Ce n&#39;est pas n\u00e9cessairement injuste. Mais c&#39;est incontestablement diff\u00e9rent.<\/p>\n<p data-start=\"2979\" data-end=\"3272\">Ce mod\u00e8le reconna\u00eet \u00e9galement la v\u00e9rit\u00e9 que les fans et les analystes ont longtemps d\u00e9battu: tous les titres de conf\u00e9rence ne sont pas cr\u00e9\u00e9s \u00e9gaux. Une Crown Power Five a plus de poids qu&#39;un groupe de cinq banni\u00e8res. Mais maintenant, cette distinction est rendue explicite. Les championnats peuvent encore inspirer, mais les classements r\u00e9compensent d\u00e9sormais.<\/p>\n<p data-start=\"3274\" data-end=\"3497\">Et pour les ind\u00e9pendants, le timing ne pourrait pas \u00eatre meilleur. Notre Dame, tenue depuis longtemps en dehors de la structure, peut d\u00e9sormais gagner un bye avec un classement suffisamment \u00e9lev\u00e9. Leur chemin est devenu plus fluide. Leur statut, une fois interrog\u00e9, maintenant codifi\u00e9.<\/p>\n<h2 data-start=\"3504\" data-end=\"3558\"><strong data-start=\"3508\" data-end=\"3558\">Il reste un an avant que les \u00e9liminatoires ne se d\u00e9veloppent \u00e0 nouveau<\/strong><\/h2>\n<p data-start=\"3560\" data-end=\"3707\">La saison 2025 sera \u00e0 la fois un d\u00e9but et une fin. Il marquera les d\u00e9buts du mod\u00e8le d&#39;ensemencement droit et la derni\u00e8re ann\u00e9e du format \u00e0 12 \u00e9quipes.<\/p>\n<p data-start=\"3709\" data-end=\"3909\">En 2026, les \u00e9liminatoires du football universitaire se d\u00e9veloppent \u00e0 nouveau, probablement \u00e0 14 ou m\u00eame 16 \u00e9quipes. Plus d&#39;opportunit\u00e9s. Plus de jeux. Plus de d\u00e9bat. Mais aussi, peut-\u00eatre, plus de distance de ce que les s\u00e9ries \u00e9liminatoires \u00e9taient.<\/p>\n<p data-start=\"3911\" data-end=\"4168\">Pour l&#39;instant, ce changement est une r\u00e9volution tranquille. Aucune banni\u00e8re ne sera d\u00e9molie. Aucune tradition effac\u00e9e en c\u00e9r\u00e9monie. Mais quelque chose a chang\u00e9. Et pour les joueurs, les entra\u00eeneurs et les fans, le nouveau message est clair: gagner votre conf\u00e9rence est toujours important, mais seulement jusqu&#39;\u00e0 pr\u00e9sent.<\/p>\n<p data-start=\"4170\" data-end=\"4245\">Parce que maintenant, lorsque d\u00e9cembre arrivera, ce qui compte le plus, c&#39;est l&#39;endroit o\u00f9 vous \u00eates class\u00e9.<\/p>\n<p data-start=\"4247\" data-end=\"4266\">Et qui regarde.<\/p>\n<\/p><\/div>\n<p><script async src=\"https:\/\/platform.twitter.com\/widgets.js\" charset=\"utf-8\"><\/script><\/p>\n","protected":false},"excerpt":{"rendered":"<p>Le changement dans le football universitaire vient rarement tranquillement. Mais celui-ci n&#39;arrivera pas avec un rugissement, mais avec un remaniement. Les \u00e9liminatoires du football universitaire<\/p>\n","protected":false},"author":1,"featured_media":24230,"comment_status":"closed","ping_status":"","sticky":false,"template":"","format":"standard","meta":{"footnotes":""},"categories":[3],"tags":[9302,1199,2477,474,93,736,9303,1546,297],"yoast_head":"<!-- This site is optimized with the Yoast SEO plugin v21.0 - https:\/\/yoast.com\/wordpress\/plugins\/seo\/ -->\n<title>Les \u00e9liminatoires du football universitaire se d\u00e9placent vers un mod\u00e8le de semis droit,<\/title>\n<meta name=\"robots\" content=\"index, follow, max-snippet:-1, max-image-preview:large, max-video-preview:-1\" \/>\n<link rel=\"canonical\" href=\"https:\/\/footdavant.fr\/actualites\/les-eliminatoires-du-football-universitaire-se-deplacent-vers-un-modele-de-semis-droit\/\" \/>\n<meta property=\"og:locale\" content=\"fr_FR\" \/>\n<meta property=\"og:type\" content=\"article\" \/>\n<meta property=\"og:title\" content=\"Les \u00e9liminatoires du football universitaire se d\u00e9placent vers un mod\u00e8le de semis droit,\" \/>\n<meta property=\"og:description\" content=\"Le changement dans le football universitaire vient rarement tranquillement. Mais celui-ci n&#039;arrivera pas avec un rugissement, mais avec un remaniement. Les \u00e9liminatoires du football universitaire\" \/>\n<meta property=\"og:url\" content=\"https:\/\/footdavant.fr\/actualites\/les-eliminatoires-du-football-universitaire-se-deplacent-vers-un-modele-de-semis-droit\/\" \/>\n<meta property=\"og:site_name\" content=\"Foot d&#039;avant\" \/>\n<meta property=\"article:publisher\" content=\"https:\/\/www.facebook.com\/Footdavant\/\" \/>\n<meta property=\"article:published_time\" content=\"2025-05-23T07:49:41+00:00\" \/>\n<meta property=\"article:modified_time\" content=\"2025-05-23T07:49:42+00:00\" \/>\n<meta property=\"og:image\" content=\"https:\/\/footdavant.fr\/actualites\/wp-content\/uploads\/2025\/05\/Les-eliminatoires-du-football-universitaire-se-deplacent-vers-un-modele.jpg\" \/>\n\t<meta property=\"og:image:width\" content=\"696\" \/>\n\t<meta property=\"og:image:height\" content=\"492\" \/>\n\t<meta property=\"og:image:type\" content=\"image\/jpeg\" \/>\n<meta name=\"author\" content=\"Cl\u00e9ment\" \/>\n<meta name=\"twitter:card\" content=\"summary_large_image\" \/>\n<meta name=\"twitter:creator\" content=\"@FootdavantFr\" \/>\n<meta name=\"twitter:site\" content=\"@FootdavantFr\" \/>\n<meta name=\"twitter:label1\" content=\"\u00c9crit par\" \/>\n\t<meta name=\"twitter:data1\" content=\"Cl\u00e9ment\" \/>\n\t<meta name=\"twitter:label2\" content=\"Dur\u00e9e de lecture estim\u00e9e\" \/>\n\t<meta name=\"twitter:data2\" content=\"5 minutes\" \/>\n<script type=\"application\/ld+json\" class=\"yoast-schema-graph\">{\"@context\":\"https:\/\/schema.org\",\"@graph\":[{\"@type\":\"Article\",\"@id\":\"https:\/\/footdavant.fr\/actualites\/les-eliminatoires-du-football-universitaire-se-deplacent-vers-un-modele-de-semis-droit\/#article\",\"isPartOf\":{\"@id\":\"https:\/\/footdavant.fr\/actualites\/les-eliminatoires-du-football-universitaire-se-deplacent-vers-un-modele-de-semis-droit\/\"},\"author\":{\"name\":\"Cl\u00e9ment\",\"@id\":\"https:\/\/footdavant.fr\/actualites\/#\/schema\/person\/bc222566d95871b37e597b3ed3ba5e1d\"},\"headline\":\"Les \u00e9liminatoires du football universitaire se d\u00e9placent vers un mod\u00e8le de semis droit,\",\"datePublished\":\"2025-05-23T07:49:41+00:00\",\"dateModified\":\"2025-05-23T07:49:42+00:00\",\"mainEntityOfPage\":{\"@id\":\"https:\/\/footdavant.fr\/actualites\/les-eliminatoires-du-football-universitaire-se-deplacent-vers-un-modele-de-semis-droit\/\"},\"wordCount\":953,\"publisher\":{\"@id\":\"https:\/\/footdavant.fr\/actualites\/#organization\"},\"keywords\":[\"d\u00e9placent\",\"droit\",\"\u00e9liminatoires\",\"Football\",\"les\",\"mod\u00e8le\",\"semis\",\"universitaire\",\"vers\"],\"articleSection\":[\"Football\"],\"inLanguage\":\"fr-FR\"},{\"@type\":\"WebPage\",\"@id\":\"https:\/\/footdavant.fr\/actualites\/les-eliminatoires-du-football-universitaire-se-deplacent-vers-un-modele-de-semis-droit\/\",\"url\":\"https:\/\/footdavant.fr\/actualites\/les-eliminatoires-du-football-universitaire-se-deplacent-vers-un-modele-de-semis-droit\/\",\"name\":\"Les \u00e9liminatoires du football universitaire se d\u00e9placent vers un mod\u00e8le de semis droit,\",\"isPartOf\":{\"@id\":\"https:\/\/footdavant.fr\/actualites\/#website\"},\"datePublished\":\"2025-05-23T07:49:41+00:00\",\"dateModified\":\"2025-05-23T07:49:42+00:00\",\"breadcrumb\":{\"@id\":\"https:\/\/footdavant.fr\/actualites\/les-eliminatoires-du-football-universitaire-se-deplacent-vers-un-modele-de-semis-droit\/#breadcrumb\"},\"inLanguage\":\"fr-FR\",\"potentialAction\":[{\"@type\":\"ReadAction\",\"target\":[\"https:\/\/footdavant.fr\/actualites\/les-eliminatoires-du-football-universitaire-se-deplacent-vers-un-modele-de-semis-droit\/\"]}]},{\"@type\":\"BreadcrumbList\",\"@id\":\"https:\/\/footdavant.fr\/actualites\/les-eliminatoires-du-football-universitaire-se-deplacent-vers-un-modele-de-semis-droit\/#breadcrumb\",\"itemListElement\":[{\"@type\":\"ListItem\",\"position\":1,\"name\":\"Accueil\",\"item\":\"https:\/\/footdavant.fr\/actualites\/\"},{\"@type\":\"ListItem\",\"position\":2,\"name\":\"Les \u00e9liminatoires du football universitaire se d\u00e9placent vers un mod\u00e8le de semis droit,\"}]},{\"@type\":\"WebSite\",\"@id\":\"https:\/\/footdavant.fr\/actualites\/#website\",\"url\":\"https:\/\/footdavant.fr\/actualites\/\",\"name\":\"Foot d'avant\",\"description\":\"\",\"publisher\":{\"@id\":\"https:\/\/footdavant.fr\/actualites\/#organization\"},\"potentialAction\":[{\"@type\":\"SearchAction\",\"target\":{\"@type\":\"EntryPoint\",\"urlTemplate\":\"https:\/\/footdavant.fr\/actualites\/?s={search_term_string}\"},\"query-input\":\"required name=search_term_string\"}],\"inLanguage\":\"fr-FR\"},{\"@type\":\"Organization\",\"@id\":\"https:\/\/footdavant.fr\/actualites\/#organization\",\"name\":\"Foot d'avant\",\"url\":\"https:\/\/footdavant.fr\/actualites\/\",\"logo\":{\"@type\":\"ImageObject\",\"inLanguage\":\"fr-FR\",\"@id\":\"https:\/\/footdavant.fr\/actualites\/#\/schema\/logo\/image\/\",\"url\":\"https:\/\/footdavant.fr\/actualites\/wp-content\/uploads\/2023\/09\/Copy-of-FootDavant-Logo.png\",\"contentUrl\":\"https:\/\/footdavant.fr\/actualites\/wp-content\/uploads\/2023\/09\/Copy-of-FootDavant-Logo.png\",\"width\":936,\"height\":549,\"caption\":\"Foot d'avant\"},\"image\":{\"@id\":\"https:\/\/footdavant.fr\/actualites\/#\/schema\/logo\/image\/\"},\"sameAs\":[\"https:\/\/www.facebook.com\/Footdavant\/\",\"https:\/\/twitter.com\/FootdavantFr\",\"https:\/\/www.instagram.com\/footdavant.fr\/\"]},{\"@type\":\"Person\",\"@id\":\"https:\/\/footdavant.fr\/actualites\/#\/schema\/person\/bc222566d95871b37e597b3ed3ba5e1d\",\"name\":\"Cl\u00e9ment\",\"image\":{\"@type\":\"ImageObject\",\"inLanguage\":\"fr-FR\",\"@id\":\"https:\/\/footdavant.fr\/actualites\/#\/schema\/person\/image\/\",\"url\":\"https:\/\/secure.gravatar.com\/avatar\/7728b29aac2719421e1a9159b2254c44?s=96&d=mm&r=g\",\"contentUrl\":\"https:\/\/secure.gravatar.com\/avatar\/7728b29aac2719421e1a9159b2254c44?s=96&d=mm&r=g\",\"caption\":\"Cl\u00e9ment\"},\"sameAs\":[\"https:\/\/footdavant.fr\/\"]}]}<\/script>\n<!-- \/ Yoast SEO plugin. -->","yoast_head_json":{"title":"Les \u00e9liminatoires du football universitaire se d\u00e9placent vers un mod\u00e8le de semis droit,","robots":{"index":"index","follow":"follow","max-snippet":"max-snippet:-1","max-image-preview":"max-image-preview:large","max-video-preview":"max-video-preview:-1"},"canonical":"https:\/\/footdavant.fr\/actualites\/les-eliminatoires-du-football-universitaire-se-deplacent-vers-un-modele-de-semis-droit\/","og_locale":"fr_FR","og_type":"article","og_title":"Les \u00e9liminatoires du football universitaire se d\u00e9placent vers un mod\u00e8le de semis droit,","og_description":"Le changement dans le football universitaire vient rarement tranquillement. Mais celui-ci n&#39;arrivera pas avec un rugissement, mais avec un remaniement. Les \u00e9liminatoires du football universitaire","og_url":"https:\/\/footdavant.fr\/actualites\/les-eliminatoires-du-football-universitaire-se-deplacent-vers-un-modele-de-semis-droit\/","og_site_name":"Foot d&#039;avant","article_publisher":"https:\/\/www.facebook.com\/Footdavant\/","article_published_time":"2025-05-23T07:49:41+00:00","article_modified_time":"2025-05-23T07:49:42+00:00","og_image":[{"width":696,"height":492,"url":"https:\/\/footdavant.fr\/actualites\/wp-content\/uploads\/2025\/05\/Les-eliminatoires-du-football-universitaire-se-deplacent-vers-un-modele.jpg","type":"image\/jpeg"}],"author":"Cl\u00e9ment","twitter_card":"summary_large_image","twitter_creator":"@FootdavantFr","twitter_site":"@FootdavantFr","twitter_misc":{"\u00c9crit par":"Cl\u00e9ment","Dur\u00e9e de lecture estim\u00e9e":"5 minutes"},"schema":{"@context":"https:\/\/schema.org","@graph":[{"@type":"Article","@id":"https:\/\/footdavant.fr\/actualites\/les-eliminatoires-du-football-universitaire-se-deplacent-vers-un-modele-de-semis-droit\/#article","isPartOf":{"@id":"https:\/\/footdavant.fr\/actualites\/les-eliminatoires-du-football-universitaire-se-deplacent-vers-un-modele-de-semis-droit\/"},"author":{"name":"Cl\u00e9ment","@id":"https:\/\/footdavant.fr\/actualites\/#\/schema\/person\/bc222566d95871b37e597b3ed3ba5e1d"},"headline":"Les \u00e9liminatoires du football universitaire se d\u00e9placent vers un mod\u00e8le de semis droit,","datePublished":"2025-05-23T07:49:41+00:00","dateModified":"2025-05-23T07:49:42+00:00","mainEntityOfPage":{"@id":"https:\/\/footdavant.fr\/actualites\/les-eliminatoires-du-football-universitaire-se-deplacent-vers-un-modele-de-semis-droit\/"},"wordCount":953,"publisher":{"@id":"https:\/\/footdavant.fr\/actualites\/#organization"},"keywords":["d\u00e9placent","droit","\u00e9liminatoires","Football","les","mod\u00e8le","semis","universitaire","vers"],"articleSection":["Football"],"inLanguage":"fr-FR"},{"@type":"WebPage","@id":"https:\/\/footdavant.fr\/actualites\/les-eliminatoires-du-football-universitaire-se-deplacent-vers-un-modele-de-semis-droit\/","url":"https:\/\/footdavant.fr\/actualites\/les-eliminatoires-du-football-universitaire-se-deplacent-vers-un-modele-de-semis-droit\/","name":"Les \u00e9liminatoires du football universitaire se d\u00e9placent vers un mod\u00e8le de semis droit,","isPartOf":{"@id":"https:\/\/footdavant.fr\/actualites\/#website"},"datePublished":"2025-05-23T07:49:41+00:00","dateModified":"2025-05-23T07:49:42+00:00","breadcrumb":{"@id":"https:\/\/footdavant.fr\/actualites\/les-eliminatoires-du-football-universitaire-se-deplacent-vers-un-modele-de-semis-droit\/#breadcrumb"},"inLanguage":"fr-FR","potentialAction":[{"@type":"ReadAction","target":["https:\/\/footdavant.fr\/actualites\/les-eliminatoires-du-football-universitaire-se-deplacent-vers-un-modele-de-semis-droit\/"]}]},{"@type":"BreadcrumbList","@id":"https:\/\/footdavant.fr\/actualites\/les-eliminatoires-du-football-universitaire-se-deplacent-vers-un-modele-de-semis-droit\/#breadcrumb","itemListElement":[{"@type":"ListItem","position":1,"name":"Accueil","item":"https:\/\/footdavant.fr\/actualites\/"},{"@type":"ListItem","position":2,"name":"Les \u00e9liminatoires du football universitaire se d\u00e9placent vers un mod\u00e8le de semis droit,"}]},{"@type":"WebSite","@id":"https:\/\/footdavant.fr\/actualites\/#website","url":"https:\/\/footdavant.fr\/actualites\/","name":"Foot d'avant","description":"","publisher":{"@id":"https:\/\/footdavant.fr\/actualites\/#organization"},"potentialAction":[{"@type":"SearchAction","target":{"@type":"EntryPoint","urlTemplate":"https:\/\/footdavant.fr\/actualites\/?s={search_term_string}"},"query-input":"required name=search_term_string"}],"inLanguage":"fr-FR"},{"@type":"Organization","@id":"https:\/\/footdavant.fr\/actualites\/#organization","name":"Foot d'avant","url":"https:\/\/footdavant.fr\/actualites\/","logo":{"@type":"ImageObject","inLanguage":"fr-FR","@id":"https:\/\/footdavant.fr\/actualites\/#\/schema\/logo\/image\/","url":"https:\/\/footdavant.fr\/actualites\/wp-content\/uploads\/2023\/09\/Copy-of-FootDavant-Logo.png","contentUrl":"https:\/\/footdavant.fr\/actualites\/wp-content\/uploads\/2023\/09\/Copy-of-FootDavant-Logo.png","width":936,"height":549,"caption":"Foot d'avant"},"image":{"@id":"https:\/\/footdavant.fr\/actualites\/#\/schema\/logo\/image\/"},"sameAs":["https:\/\/www.facebook.com\/Footdavant\/","https:\/\/twitter.com\/FootdavantFr","https:\/\/www.instagram.com\/footdavant.fr\/"]},{"@type":"Person","@id":"https:\/\/footdavant.fr\/actualites\/#\/schema\/person\/bc222566d95871b37e597b3ed3ba5e1d","name":"Cl\u00e9ment","image":{"@type":"ImageObject","inLanguage":"fr-FR","@id":"https:\/\/footdavant.fr\/actualites\/#\/schema\/person\/image\/","url":"https:\/\/secure.gravatar.com\/avatar\/7728b29aac2719421e1a9159b2254c44?s=96&d=mm&r=g","contentUrl":"https:\/\/secure.gravatar.com\/avatar\/7728b29aac2719421e1a9159b2254c44?s=96&d=mm&r=g","caption":"Cl\u00e9ment"},"sameAs":["https:\/\/footdavant.fr\/"]}]}},"_links":{"self":[{"href":"https:\/\/footdavant.fr\/actualites\/wp-json\/wp\/v2\/posts\/24229"}],"collection":[{"href":"https:\/\/footdavant.fr\/actualites\/wp-json\/wp\/v2\/posts"}],"about":[{"href":"https:\/\/footdavant.fr\/actualites\/wp-json\/wp\/v2\/types\/post"}],"author":[{"embeddable":true,"href":"https:\/\/footdavant.fr\/actualites\/wp-json\/wp\/v2\/users\/1"}],"replies":[{"embeddable":true,"href":"https:\/\/footdavant.fr\/actualites\/wp-json\/wp\/v2\/comments?post=24229"}],"version-history":[{"count":1,"href":"https:\/\/footdavant.fr\/actualites\/wp-json\/wp\/v2\/posts\/24229\/revisions"}],"predecessor-version":[{"id":24231,"href":"https:\/\/footdavant.fr\/actualites\/wp-json\/wp\/v2\/posts\/24229\/revisions\/24231"}],"wp:featuredmedia":[{"embeddable":true,"href":"https:\/\/footdavant.fr\/actualites\/wp-json\/wp\/v2\/media\/24230"}],"wp:attachment":[{"href":"https:\/\/footdavant.fr\/actualites\/wp-json\/wp\/v2\/media?parent=24229"}],"wp:term":[{"taxonomy":"category","embeddable":true,"href":"https:\/\/footdavant.fr\/actualites\/wp-json\/wp\/v2\/categories?post=24229"},{"taxonomy":"post_tag","embeddable":true,"href":"https:\/\/footdavant.fr\/actualites\/wp-json\/wp\/v2\/tags?post=24229"}],"curies":[{"name":"wp","href":"https:\/\/api.w.org\/{rel}","templated":true}]}}