{"id":24232,"date":"2025-05-23T11:48:41","date_gmt":"2025-05-23T09:48:41","guid":{"rendered":"https:\/\/footdavant.fr\/actualites\/chelsea-transfer-news-blues-entrer-dans-le-combat-pour-le-gardien-bresilien-anciennement-de-linter-milan\/"},"modified":"2025-05-23T11:48:42","modified_gmt":"2025-05-23T09:48:42","slug":"chelsea-transfer-news-blues-entrer-dans-le-combat-pour-le-gardien-bresilien-anciennement-de-linter-milan","status":"publish","type":"post","link":"https:\/\/footdavant.fr\/actualites\/chelsea-transfer-news-blues-entrer-dans-le-combat-pour-le-gardien-bresilien-anciennement-de-linter-milan\/","title":{"rendered":"Chelsea Transfer News: Blues \u00ab\u00a0 Entrer dans le combat &#39;&#39; pour le gardien br\u00e9silien anciennement de l&#39;Inter Milan"},"content":{"rendered":"<p>Chelsea se serait pr\u00e9par\u00e9 \u00e0 \u00abparticiper au combat\u00bb pour signer un autre gardien de but, cette fois du club br\u00e9silien Santos.<\/p>\n<div id=\"article_body\" itemprop=\"articleBody\">\n<h3 class=\"firstPara\">\n<strong class=\"autotag\">Ch\u00e9lat<\/strong> seraient ouverts \u00e0 l&#39;esprit pour signer un autre gardien de but pendant la fen\u00eatre de transfert d&#39;\u00e9t\u00e9.<\/h3>\n<p>Les Blues sont actuellement ax\u00e9s sur leurs deux derniers matchs de la saison, leur plus important <strong class=\"autotag\">Enzo Maresca<\/strong> Avec une confrontation charni\u00e8re de Premier League \u00e0 Nottingham Forest, suivie de la finale de la ligue de conf\u00e9rence contre Real Betis trois jours plus tard.<\/p>\n<p>Cependant, dans les coulisses, les responsables du club comploteront comment renforcer leur \u00e9quipe avant 2025-26, m\u00eame si le copropri\u00e9taire <strong class=\"autotag\">Todd Boehly<\/strong> a insist\u00e9 sur le fait que les niveaux d&#39;investissement \u00e9lev\u00e9s de Chelsea approchent une fin.<\/p>\n<p>Compte tenu du nombre de gardiens de but que Chelsea a d\u00e9j\u00e0 dans leurs livres, il semblait peu probable qu&#39;ils poursuivent un autre bouchon une fois que le march\u00e9 rouvrira en juin.<\/p>\n<p>N\u00e9anmoins, selon <em>Uol<\/em>Chelsea est pr\u00eat \u00e0 \u00abentrer dans le combat\u00bb pour un gardien de but exer\u00e7ant son m\u00e9tier au Br\u00e9sil.<\/p>\n<p class=\"imgI\">\n<h2 class=\"k3\">D\u00e9placement du choc pour le gardien br\u00e9silien en Offing?<\/h2>\n<p>Le rapport all\u00e8gue que les Londoniens de l&#39;Ouest ont \u00e9t\u00e9 impressionn\u00e9s par les performances de <strong class=\"autotag\">Santos<\/strong> gardien de but <strong class=\"autotag\">Gabriel Brazao<\/strong>.<\/p>\n<p>En 15 mois \u00e0 Estadio Urbano Caldeira, le joueur de 24 ans a gard\u00e9 19 feuilles propres et n&#39;a conc\u00e9d\u00e9 que 56 buts de ses 54 apparitions.<\/p>\n<p>Avant d&#39;arriver en f\u00e9vrier 2024, Brazao n&#39;avait jamais fait que 11 sorties en premi\u00e8re \u00e9quipe \u00e0 travers les s\u00e9jours avec Albacete, Real Oviedo et Spal, dont aucun n&#39;\u00e9tait des clubs de haut niveau \u00e0 l&#39;\u00e9poque.<\/p>\n<p>Santos a \u00e9galement \u00e9t\u00e9 une \u00e9quipe de deuxi\u00e8me niveau en 2024, Brazao les aidant \u00e0 promouvoir, et seulement 11 buts ont \u00e9t\u00e9 exp\u00e9di\u00e9s lors de ses neuf premiers apparitions de Brasileiro.<\/p>\n<p>Bien que Brazao ait \u00e9galement pass\u00e9 du temps \u00e0 Parme et \u00e0 l&#39;Inter Milan, il n&#39;a jamais fait de sortie senior pour ces deux clubs italiens.<\/p>\n<p>Chelsea aurait d\u00e9j\u00e0 pris contact avec Santos &#8211; avec qui ils ont n\u00e9goci\u00e9 des accords dans le pass\u00e9 &#8211; \u00e0 un moment o\u00f9 <strong class=\"autotag\">Porto<\/strong> et <strong class=\"autotag\">Galatasaray<\/strong> sont parmi les \u00e9quipes qui surveillent sa progression.<\/p>\n<p class=\"imgI\"><img decoding=\"async\" loading=\"lazy\" class=\"l\" src=\"https:\/\/footdavant.fr\/actualites\/wp-content\/uploads\/2025\/05\/1747993721_141_Chelsea-Transfer-News-Blues-Entrer-dans-le-combat-3939.jpg\" title=\"L&#39;entra\u00eeneur-chef de Chelsea Enzo Maresca le 20 avril 2025\" alt=\"L&#39;entra\u00eeneur-chef de Chelsea Enzo Maresca le 20 avril 2025\" width=\"640\" height=\"480\"><\/p>\n<h2 class=\"k3\">Maresca donnerait-il un feu vert pour bouger?<\/h2>\n<p>Maresca a toujours donn\u00e9 son soutien aux go\u00fbts <strong class=\"autotag\">Robert Sanchez<\/strong> et <strong class=\"autotag\">Filip Jorgensen<\/strong> Cette saison, malgr\u00e9 leurs performances incoh\u00e9rentes.<\/p>\n<p>Chelsea signant Brazao se sentirait comme une d\u00e9cision de club plut\u00f4t que celle de Maresca, et ce serait quelque peu bizarre \u00e9tant donn\u00e9 les gardiens de but qui sont d\u00e9j\u00e0 li\u00e9s au club.<\/p>\n<p><strong class=\"autotag\">Djordje Petrovic<\/strong> vient de recouvrer le prix du joueur de la saison au club de Bluecoco-colore Strasbourg, tandis que 19 ans <strong class=\"autotag\">Mike Penders<\/strong> a accumul\u00e9 25 apparitions pour Genk cette campagne et est consid\u00e9r\u00e9e comme une future num\u00e9ro un.<\/p>\n<hr>\n<p><\/p>\n<h2>Votez dans les prix des lecteurs de Mole Sports 2024-25!<\/h2>\n<p>Le vote est d\u00e9sormais ouvert pour le <strong>Taupe de sport<\/strong> R\u00e9compenses des lecteurs, o\u00f9 vous pouvez choisir votre joueur de la saison, le manager de la saison, la signature de la saison et bien plus encore.<\/p>\n<p><strong>Cliquez ici pour faire vos s\u00e9lections<\/strong>et les gagnants seront annonc\u00e9s le lundi 26 mai!<\/p>\n<hr>\n<div class=\"author_box\">\n<div class=\"author_box_banner\">\n<img decoding=\"async\" class=\"author_img\" src=\"https:\/\/footdavant.fr\/actualites\/wp-content\/uploads\/2025\/05\/1747993721_551_Chelsea-Transfer-News-Blues-Entrer-dans-le-combat-3939.jpg\"><\/p>\n<\/div>\n<\/div>\n<\/div>\n","protected":false},"excerpt":{"rendered":"<p>Chelsea se serait pr\u00e9par\u00e9 \u00e0 \u00abparticiper au combat\u00bb pour signer un autre gardien de but, cette fois du club br\u00e9silien Santos. Ch\u00e9lat seraient ouverts \u00e0<\/p>\n","protected":false},"author":1,"featured_media":24233,"comment_status":"closed","ping_status":"","sticky":false,"template":"","format":"standard","meta":{"footnotes":""},"categories":[5],"tags":[9304,4717,3419,171,1357,19,8388,1488,5414,250,409,51,2732],"yoast_head":"<!-- This site is optimized with the Yoast SEO plugin v21.0 - https:\/\/yoast.com\/wordpress\/plugins\/seo\/ -->\n<title>Chelsea Transfer News: Blues `` Entrer dans le combat &#039;&#039; pour le gardien br\u00e9silien anciennement de l&#039;Inter Milan<\/title>\n<meta name=\"robots\" content=\"index, follow, max-snippet:-1, max-image-preview:large, max-video-preview:-1\" \/>\n<link rel=\"canonical\" href=\"https:\/\/footdavant.fr\/actualites\/chelsea-transfer-news-blues-entrer-dans-le-combat-pour-le-gardien-bresilien-anciennement-de-linter-milan\/\" \/>\n<meta property=\"og:locale\" content=\"fr_FR\" \/>\n<meta property=\"og:type\" content=\"article\" \/>\n<meta property=\"og:title\" content=\"Chelsea Transfer News: Blues `` Entrer dans le combat &#039;&#039; pour le gardien br\u00e9silien anciennement de l&#039;Inter Milan\" \/>\n<meta property=\"og:description\" content=\"Chelsea se serait pr\u00e9par\u00e9 \u00e0 \u00abparticiper au combat\u00bb pour signer un autre gardien de but, cette fois du club br\u00e9silien Santos. Ch\u00e9lat seraient ouverts \u00e0\" \/>\n<meta property=\"og:url\" content=\"https:\/\/footdavant.fr\/actualites\/chelsea-transfer-news-blues-entrer-dans-le-combat-pour-le-gardien-bresilien-anciennement-de-linter-milan\/\" \/>\n<meta property=\"og:site_name\" content=\"Foot d&#039;avant\" \/>\n<meta property=\"article:publisher\" content=\"https:\/\/www.facebook.com\/Footdavant\/\" \/>\n<meta property=\"article:published_time\" content=\"2025-05-23T09:48:41+00:00\" \/>\n<meta property=\"article:modified_time\" content=\"2025-05-23T09:48:42+00:00\" \/>\n<meta property=\"og:image\" content=\"https:\/\/footdavant.fr\/actualites\/wp-content\/uploads\/2025\/05\/Chelsea-Transfer-News-Blues-Entrer-dans-le-combat-3939.jpg\" \/>\n\t<meta property=\"og:image:width\" content=\"640\" \/>\n\t<meta property=\"og:image:height\" content=\"480\" \/>\n\t<meta property=\"og:image:type\" content=\"image\/jpeg\" \/>\n<meta name=\"author\" content=\"Cl\u00e9ment\" \/>\n<meta name=\"twitter:card\" content=\"summary_large_image\" \/>\n<meta name=\"twitter:creator\" content=\"@FootdavantFr\" \/>\n<meta name=\"twitter:site\" content=\"@FootdavantFr\" \/>\n<meta name=\"twitter:label1\" content=\"\u00c9crit par\" \/>\n\t<meta name=\"twitter:data1\" content=\"Cl\u00e9ment\" \/>\n\t<meta name=\"twitter:label2\" content=\"Dur\u00e9e de lecture estim\u00e9e\" \/>\n\t<meta name=\"twitter:data2\" content=\"3 minutes\" \/>\n<script type=\"application\/ld+json\" class=\"yoast-schema-graph\">{\"@context\":\"https:\/\/schema.org\",\"@graph\":[{\"@type\":\"Article\",\"@id\":\"https:\/\/footdavant.fr\/actualites\/chelsea-transfer-news-blues-entrer-dans-le-combat-pour-le-gardien-bresilien-anciennement-de-linter-milan\/#article\",\"isPartOf\":{\"@id\":\"https:\/\/footdavant.fr\/actualites\/chelsea-transfer-news-blues-entrer-dans-le-combat-pour-le-gardien-bresilien-anciennement-de-linter-milan\/\"},\"author\":{\"name\":\"Cl\u00e9ment\",\"@id\":\"https:\/\/footdavant.fr\/actualites\/#\/schema\/person\/bc222566d95871b37e597b3ed3ba5e1d\"},\"headline\":\"Chelsea Transfer News: Blues \u00ab\u00a0 Entrer dans le combat &#39;&#39; pour le gardien br\u00e9silien anciennement de l&#39;Inter Milan\",\"datePublished\":\"2025-05-23T09:48:41+00:00\",\"dateModified\":\"2025-05-23T09:48:42+00:00\",\"mainEntityOfPage\":{\"@id\":\"https:\/\/footdavant.fr\/actualites\/chelsea-transfer-news-blues-entrer-dans-le-combat-pour-le-gardien-bresilien-anciennement-de-linter-milan\/\"},\"wordCount\":561,\"publisher\":{\"@id\":\"https:\/\/footdavant.fr\/actualites\/#organization\"},\"keywords\":[\"anciennement\",\"blues\",\"br\u00e9silien\",\"Chelsea\",\"combat\",\"dans\",\"Entrer\",\"gardien\",\"l39Inter\",\"Milan\",\"News\",\"pour\",\"Transfer\"],\"articleSection\":[\"Premier League\"],\"inLanguage\":\"fr-FR\"},{\"@type\":\"WebPage\",\"@id\":\"https:\/\/footdavant.fr\/actualites\/chelsea-transfer-news-blues-entrer-dans-le-combat-pour-le-gardien-bresilien-anciennement-de-linter-milan\/\",\"url\":\"https:\/\/footdavant.fr\/actualites\/chelsea-transfer-news-blues-entrer-dans-le-combat-pour-le-gardien-bresilien-anciennement-de-linter-milan\/\",\"name\":\"Chelsea Transfer News: Blues `` Entrer dans le combat &#39;&#39; pour le gardien br\u00e9silien anciennement de l&#39;Inter Milan\",\"isPartOf\":{\"@id\":\"https:\/\/footdavant.fr\/actualites\/#website\"},\"datePublished\":\"2025-05-23T09:48:41+00:00\",\"dateModified\":\"2025-05-23T09:48:42+00:00\",\"breadcrumb\":{\"@id\":\"https:\/\/footdavant.fr\/actualites\/chelsea-transfer-news-blues-entrer-dans-le-combat-pour-le-gardien-bresilien-anciennement-de-linter-milan\/#breadcrumb\"},\"inLanguage\":\"fr-FR\",\"potentialAction\":[{\"@type\":\"ReadAction\",\"target\":[\"https:\/\/footdavant.fr\/actualites\/chelsea-transfer-news-blues-entrer-dans-le-combat-pour-le-gardien-bresilien-anciennement-de-linter-milan\/\"]}]},{\"@type\":\"BreadcrumbList\",\"@id\":\"https:\/\/footdavant.fr\/actualites\/chelsea-transfer-news-blues-entrer-dans-le-combat-pour-le-gardien-bresilien-anciennement-de-linter-milan\/#breadcrumb\",\"itemListElement\":[{\"@type\":\"ListItem\",\"position\":1,\"name\":\"Accueil\",\"item\":\"https:\/\/footdavant.fr\/actualites\/\"},{\"@type\":\"ListItem\",\"position\":2,\"name\":\"Chelsea Transfer News: Blues \u00ab\u00a0 Entrer dans le combat &#39;&#39; pour le gardien br\u00e9silien anciennement de l&#39;Inter Milan\"}]},{\"@type\":\"WebSite\",\"@id\":\"https:\/\/footdavant.fr\/actualites\/#website\",\"url\":\"https:\/\/footdavant.fr\/actualites\/\",\"name\":\"Foot d'avant\",\"description\":\"\",\"publisher\":{\"@id\":\"https:\/\/footdavant.fr\/actualites\/#organization\"},\"potentialAction\":[{\"@type\":\"SearchAction\",\"target\":{\"@type\":\"EntryPoint\",\"urlTemplate\":\"https:\/\/footdavant.fr\/actualites\/?s={search_term_string}\"},\"query-input\":\"required name=search_term_string\"}],\"inLanguage\":\"fr-FR\"},{\"@type\":\"Organization\",\"@id\":\"https:\/\/footdavant.fr\/actualites\/#organization\",\"name\":\"Foot d'avant\",\"url\":\"https:\/\/footdavant.fr\/actualites\/\",\"logo\":{\"@type\":\"ImageObject\",\"inLanguage\":\"fr-FR\",\"@id\":\"https:\/\/footdavant.fr\/actualites\/#\/schema\/logo\/image\/\",\"url\":\"https:\/\/footdavant.fr\/actualites\/wp-content\/uploads\/2023\/09\/Copy-of-FootDavant-Logo.png\",\"contentUrl\":\"https:\/\/footdavant.fr\/actualites\/wp-content\/uploads\/2023\/09\/Copy-of-FootDavant-Logo.png\",\"width\":936,\"height\":549,\"caption\":\"Foot d'avant\"},\"image\":{\"@id\":\"https:\/\/footdavant.fr\/actualites\/#\/schema\/logo\/image\/\"},\"sameAs\":[\"https:\/\/www.facebook.com\/Footdavant\/\",\"https:\/\/twitter.com\/FootdavantFr\",\"https:\/\/www.instagram.com\/footdavant.fr\/\"]},{\"@type\":\"Person\",\"@id\":\"https:\/\/footdavant.fr\/actualites\/#\/schema\/person\/bc222566d95871b37e597b3ed3ba5e1d\",\"name\":\"Cl\u00e9ment\",\"image\":{\"@type\":\"ImageObject\",\"inLanguage\":\"fr-FR\",\"@id\":\"https:\/\/footdavant.fr\/actualites\/#\/schema\/person\/image\/\",\"url\":\"https:\/\/secure.gravatar.com\/avatar\/7728b29aac2719421e1a9159b2254c44?s=96&d=mm&r=g\",\"contentUrl\":\"https:\/\/secure.gravatar.com\/avatar\/7728b29aac2719421e1a9159b2254c44?s=96&d=mm&r=g\",\"caption\":\"Cl\u00e9ment\"},\"sameAs\":[\"https:\/\/footdavant.fr\/\"]}]}<\/script>\n<!-- \/ Yoast SEO plugin. -->","yoast_head_json":{"title":"Chelsea Transfer News: Blues `` Entrer dans le combat &#39;&#39; pour le gardien br\u00e9silien anciennement de l&#39;Inter Milan","robots":{"index":"index","follow":"follow","max-snippet":"max-snippet:-1","max-image-preview":"max-image-preview:large","max-video-preview":"max-video-preview:-1"},"canonical":"https:\/\/footdavant.fr\/actualites\/chelsea-transfer-news-blues-entrer-dans-le-combat-pour-le-gardien-bresilien-anciennement-de-linter-milan\/","og_locale":"fr_FR","og_type":"article","og_title":"Chelsea Transfer News: Blues `` Entrer dans le combat &#39;&#39; pour le gardien br\u00e9silien anciennement de l&#39;Inter Milan","og_description":"Chelsea se serait pr\u00e9par\u00e9 \u00e0 \u00abparticiper au combat\u00bb pour signer un autre gardien de but, cette fois du club br\u00e9silien Santos. Ch\u00e9lat seraient ouverts \u00e0","og_url":"https:\/\/footdavant.fr\/actualites\/chelsea-transfer-news-blues-entrer-dans-le-combat-pour-le-gardien-bresilien-anciennement-de-linter-milan\/","og_site_name":"Foot d&#039;avant","article_publisher":"https:\/\/www.facebook.com\/Footdavant\/","article_published_time":"2025-05-23T09:48:41+00:00","article_modified_time":"2025-05-23T09:48:42+00:00","og_image":[{"width":640,"height":480,"url":"https:\/\/footdavant.fr\/actualites\/wp-content\/uploads\/2025\/05\/Chelsea-Transfer-News-Blues-Entrer-dans-le-combat-3939.jpg","type":"image\/jpeg"}],"author":"Cl\u00e9ment","twitter_card":"summary_large_image","twitter_creator":"@FootdavantFr","twitter_site":"@FootdavantFr","twitter_misc":{"\u00c9crit par":"Cl\u00e9ment","Dur\u00e9e de lecture estim\u00e9e":"3 minutes"},"schema":{"@context":"https:\/\/schema.org","@graph":[{"@type":"Article","@id":"https:\/\/footdavant.fr\/actualites\/chelsea-transfer-news-blues-entrer-dans-le-combat-pour-le-gardien-bresilien-anciennement-de-linter-milan\/#article","isPartOf":{"@id":"https:\/\/footdavant.fr\/actualites\/chelsea-transfer-news-blues-entrer-dans-le-combat-pour-le-gardien-bresilien-anciennement-de-linter-milan\/"},"author":{"name":"Cl\u00e9ment","@id":"https:\/\/footdavant.fr\/actualites\/#\/schema\/person\/bc222566d95871b37e597b3ed3ba5e1d"},"headline":"Chelsea Transfer News: Blues \u00ab\u00a0 Entrer dans le combat &#39;&#39; pour le gardien br\u00e9silien anciennement de l&#39;Inter Milan","datePublished":"2025-05-23T09:48:41+00:00","dateModified":"2025-05-23T09:48:42+00:00","mainEntityOfPage":{"@id":"https:\/\/footdavant.fr\/actualites\/chelsea-transfer-news-blues-entrer-dans-le-combat-pour-le-gardien-bresilien-anciennement-de-linter-milan\/"},"wordCount":561,"publisher":{"@id":"https:\/\/footdavant.fr\/actualites\/#organization"},"keywords":["anciennement","blues","br\u00e9silien","Chelsea","combat","dans","Entrer","gardien","l39Inter","Milan","News","pour","Transfer"],"articleSection":["Premier League"],"inLanguage":"fr-FR"},{"@type":"WebPage","@id":"https:\/\/footdavant.fr\/actualites\/chelsea-transfer-news-blues-entrer-dans-le-combat-pour-le-gardien-bresilien-anciennement-de-linter-milan\/","url":"https:\/\/footdavant.fr\/actualites\/chelsea-transfer-news-blues-entrer-dans-le-combat-pour-le-gardien-bresilien-anciennement-de-linter-milan\/","name":"Chelsea Transfer News: Blues `` Entrer dans le combat &#39;&#39; pour le gardien br\u00e9silien anciennement de l&#39;Inter Milan","isPartOf":{"@id":"https:\/\/footdavant.fr\/actualites\/#website"},"datePublished":"2025-05-23T09:48:41+00:00","dateModified":"2025-05-23T09:48:42+00:00","breadcrumb":{"@id":"https:\/\/footdavant.fr\/actualites\/chelsea-transfer-news-blues-entrer-dans-le-combat-pour-le-gardien-bresilien-anciennement-de-linter-milan\/#breadcrumb"},"inLanguage":"fr-FR","potentialAction":[{"@type":"ReadAction","target":["https:\/\/footdavant.fr\/actualites\/chelsea-transfer-news-blues-entrer-dans-le-combat-pour-le-gardien-bresilien-anciennement-de-linter-milan\/"]}]},{"@type":"BreadcrumbList","@id":"https:\/\/footdavant.fr\/actualites\/chelsea-transfer-news-blues-entrer-dans-le-combat-pour-le-gardien-bresilien-anciennement-de-linter-milan\/#breadcrumb","itemListElement":[{"@type":"ListItem","position":1,"name":"Accueil","item":"https:\/\/footdavant.fr\/actualites\/"},{"@type":"ListItem","position":2,"name":"Chelsea Transfer News: Blues \u00ab\u00a0 Entrer dans le combat &#39;&#39; pour le gardien br\u00e9silien anciennement de l&#39;Inter Milan"}]},{"@type":"WebSite","@id":"https:\/\/footdavant.fr\/actualites\/#website","url":"https:\/\/footdavant.fr\/actualites\/","name":"Foot d'avant","description":"","publisher":{"@id":"https:\/\/footdavant.fr\/actualites\/#organization"},"potentialAction":[{"@type":"SearchAction","target":{"@type":"EntryPoint","urlTemplate":"https:\/\/footdavant.fr\/actualites\/?s={search_term_string}"},"query-input":"required name=search_term_string"}],"inLanguage":"fr-FR"},{"@type":"Organization","@id":"https:\/\/footdavant.fr\/actualites\/#organization","name":"Foot d'avant","url":"https:\/\/footdavant.fr\/actualites\/","logo":{"@type":"ImageObject","inLanguage":"fr-FR","@id":"https:\/\/footdavant.fr\/actualites\/#\/schema\/logo\/image\/","url":"https:\/\/footdavant.fr\/actualites\/wp-content\/uploads\/2023\/09\/Copy-of-FootDavant-Logo.png","contentUrl":"https:\/\/footdavant.fr\/actualites\/wp-content\/uploads\/2023\/09\/Copy-of-FootDavant-Logo.png","width":936,"height":549,"caption":"Foot d'avant"},"image":{"@id":"https:\/\/footdavant.fr\/actualites\/#\/schema\/logo\/image\/"},"sameAs":["https:\/\/www.facebook.com\/Footdavant\/","https:\/\/twitter.com\/FootdavantFr","https:\/\/www.instagram.com\/footdavant.fr\/"]},{"@type":"Person","@id":"https:\/\/footdavant.fr\/actualites\/#\/schema\/person\/bc222566d95871b37e597b3ed3ba5e1d","name":"Cl\u00e9ment","image":{"@type":"ImageObject","inLanguage":"fr-FR","@id":"https:\/\/footdavant.fr\/actualites\/#\/schema\/person\/image\/","url":"https:\/\/secure.gravatar.com\/avatar\/7728b29aac2719421e1a9159b2254c44?s=96&d=mm&r=g","contentUrl":"https:\/\/secure.gravatar.com\/avatar\/7728b29aac2719421e1a9159b2254c44?s=96&d=mm&r=g","caption":"Cl\u00e9ment"},"sameAs":["https:\/\/footdavant.fr\/"]}]}},"_links":{"self":[{"href":"https:\/\/footdavant.fr\/actualites\/wp-json\/wp\/v2\/posts\/24232"}],"collection":[{"href":"https:\/\/footdavant.fr\/actualites\/wp-json\/wp\/v2\/posts"}],"about":[{"href":"https:\/\/footdavant.fr\/actualites\/wp-json\/wp\/v2\/types\/post"}],"author":[{"embeddable":true,"href":"https:\/\/footdavant.fr\/actualites\/wp-json\/wp\/v2\/users\/1"}],"replies":[{"embeddable":true,"href":"https:\/\/footdavant.fr\/actualites\/wp-json\/wp\/v2\/comments?post=24232"}],"version-history":[{"count":1,"href":"https:\/\/footdavant.fr\/actualites\/wp-json\/wp\/v2\/posts\/24232\/revisions"}],"predecessor-version":[{"id":24234,"href":"https:\/\/footdavant.fr\/actualites\/wp-json\/wp\/v2\/posts\/24232\/revisions\/24234"}],"wp:featuredmedia":[{"embeddable":true,"href":"https:\/\/footdavant.fr\/actualites\/wp-json\/wp\/v2\/media\/24233"}],"wp:attachment":[{"href":"https:\/\/footdavant.fr\/actualites\/wp-json\/wp\/v2\/media?parent=24232"}],"wp:term":[{"taxonomy":"category","embeddable":true,"href":"https:\/\/footdavant.fr\/actualites\/wp-json\/wp\/v2\/categories?post=24232"},{"taxonomy":"post_tag","embeddable":true,"href":"https:\/\/footdavant.fr\/actualites\/wp-json\/wp\/v2\/tags?post=24232"}],"curies":[{"name":"wp","href":"https:\/\/api.w.org\/{rel}","templated":true}]}}