{"id":24235,"date":"2025-05-23T13:48:00","date_gmt":"2025-05-23T11:48:00","guid":{"rendered":"https:\/\/footdavant.fr\/actualites\/le-blanc-non-choisi-pour-des-raisons-familiales-dit-tuchel\/"},"modified":"2025-05-23T13:48:01","modified_gmt":"2025-05-23T11:48:01","slug":"le-blanc-non-choisi-pour-des-raisons-familiales-dit-tuchel","status":"publish","type":"post","link":"https:\/\/footdavant.fr\/actualites\/le-blanc-non-choisi-pour-des-raisons-familiales-dit-tuchel\/","title":{"rendered":"Le blanc non choisi pour des raisons familiales, dit Tuchel"},"content":{"rendered":"<div>\n<p>Le manager de l&#39;Angleterre Thomas Tuchel dit qu&#39;il n&#39;a pas choisi le d\u00e9fenseur d&#39;Arsenal Ben White pour sa derni\u00e8re \u00e9quipe parce que l&#39;arri\u00e8re droit est sur le point de devenir p\u00e8re pour la premi\u00e8re fois.<\/p>\n<p>Tuchel a \u00e9galement confirm\u00e9 que le d\u00e9fenseur de Crystal Palace, Marc Guehi, avait une blessure, apr\u00e8s avoir nomm\u00e9 son \u00e9quipe pour affronter l&#39;Andorre et le S\u00e9n\u00e9gal.<\/p>\n<blockquote class=\"twitter-tweet\" data-width=\"550\" data-dnt=\"true\">\n<p lang=\"en\" dir=\"ltr\">Thomas Tuchel <a rel=\"nofollow\" href=\"https:\/\/twitter.com\/hashtag\/ThreeLions?src=hash&amp;ref_src=twsrc%5Etfw\" rel=\"nofollow noopener\">#Threelions<\/a> L&#39;\u00e9quipe pour juin est l\u00e0! \ud83d\udc40\ud83c\udff4\udb40\udc67\udb40\udc62\udb40\udc65\udb40\udc6e\udb40\udc67\udb40\udc7f<\/p>\n<p>&#8211; Angleterre (@england) <a rel=\"nofollow\" href=\"https:\/\/twitter.com\/England\/status\/1925838649267990671?ref_src=twsrc%5Etfw\" rel=\"nofollow noopener\">23 mai 2025<\/a><\/p>\n<\/blockquote>\n<p class=\"ssrcss-1q0x1qg-Paragraph e1jhz7w10\">White a remport\u00e9 le dernier de ses quatre casquettes en Angleterre en 2022 et est rentr\u00e9e t\u00f4t de la Coupe du monde de cette ann\u00e9e-l\u00e0 avant de se rendre indisponible pour la s\u00e9lection.<\/p>\n<p>Mais Tuchel a confirm\u00e9 qu&#39;il \u00e9tait maintenant disponible pour \u00eatre choisi.<\/p>\n<p>Il a d\u00e9clar\u00e9: \u00abBen a \u00e9t\u00e9 impliqu\u00e9 dans les derniers matchs d&#39;Arsenal, mais nous avons eu une conf\u00e9rence et avons d\u00e9cid\u00e9 maintenant que ce n&#39;\u00e9tait pas le moment car il deviendra un p\u00e8re tr\u00e8s bient\u00f4t, le b\u00e9b\u00e9 est d\u00fb \u00e0 la date exacte du camp. C&#39;est son premier enfant et nous lui souhaitons ainsi que sa femme.<\/p>\n<p class=\"ssrcss-1q0x1qg-Paragraph e1jhz7w10\">\u00abNous pensions que s&#39;il revient, cela devrait \u00eatre avec un esprit clair et une concentration pleine sur le football qui n&#39;est plus le cas. Nous avons d\u00e9cid\u00e9 ensemble, ce n&#39;est pas le camp pour lui.<\/p>\n<p class=\"ssrcss-1q0x1qg-Paragraph e1jhz7w10\">\u00abLa deuxi\u00e8me raison est que bien qu&#39;il ait jou\u00e9 r\u00e9cemment, je pense qu&#39;il peut encore avoir une augmentation de 10 \u00e0 15% de la capacit\u00e9 physique. Compte tenu de toutes les circonstances, nous avons d\u00e9cid\u00e9 qu&#39;il n&#39;\u00e9tait pas avec nous.<\/p>\n<p class=\"ssrcss-1q0x1qg-Paragraph e1jhz7w10\">\u00ab100% il \u00e9tait pr\u00eat \u00e0 \u00eatre s\u00e9lectionn\u00e9 maintenant, mais le principal \u00e9tait \u00e0 cause de la famille.\u00bb<\/p>\n<p>Les trois lions de Tuchel sont confront\u00e9s \u00e0 Andorre en qualification en Coupe du monde le 7 juin et jouent au S\u00e9n\u00e9gal dans un match amical \u00e0 Nottingham Forest City Ground trois jours plus tard.<\/p>\n<p>La NOUVELLEUR COUPE du monde des clubs commence le 14 juin et Tuchel a d\u00e9clar\u00e9 qu&#39;il avait d\u00e9cid\u00e9 de ne pas donner aux joueurs de concurrence dans ce tournoi une coupe anticip\u00e9e.<\/p>\n<p>Il a d\u00e9clar\u00e9: \u00abNous allons commencer le camp avec 26 joueurs et terminer avec les m\u00eames 26 \u00e9galement.<\/p>\n<blockquote class=\"twitter-tweet\" data-width=\"550\" data-dnt=\"true\">\n<p lang=\"en\" dir=\"ltr\">\u00ab\u00a0Il m\u00e9rite l&#39;appel et peut-\u00eatre qu&#39;il obtient sa premi\u00e8re casquette.\u00a0\u00bb \ud83d\udcaa<\/p>\n<p>La louange de TT pour <a rel=\"nofollow\" href=\"https:\/\/twitter.com\/TrevohChalobah?ref_src=twsrc%5Etfw\" rel=\"nofollow noopener\">@Trevohchalobah<\/a> \ud83d\udcab <a rel=\"nofollow\" href=\"https:\/\/t.co\/6GORaLg3qM\" rel=\"nofollow\">pic.twitter.com\/6goralg3qm<\/a><\/p>\n<p>&#8211; Angleterre (@england) <a rel=\"nofollow\" href=\"https:\/\/twitter.com\/England\/status\/1925846572597682326?ref_src=twsrc%5Etfw\" rel=\"nofollow noopener\">23 mai 2025<\/a><\/p>\n<\/blockquote>\n<p class=\"ssrcss-1q0x1qg-Paragraph e1jhz7w10\">\u00abJ&#39;\u00e9tais un d\u00e9fenseur et je pouvais voir la raison des joueurs qui se rendent \u00e0 la Coupe du monde du club pour peut-\u00eatre partir un peu plus t\u00f4t, pour peut-\u00eatre changer l&#39;\u00e9quipe. Nous avons eu des discussions si peut-\u00eatre que nous choisissons une \u00e9quipe sans les joueurs de la Coupe du monde de club.<\/p>\n<p class=\"ssrcss-1q0x1qg-Paragraph e1jhz7w10\">\u00abLa discussion a \u00e9t\u00e9 tr\u00e8s ouverte. Tr\u00e8s rapidement, nous avons \u00e9galement compris qu&#39;il s&#39;agit d&#39;un camp tr\u00e8s important pour nous avec un an jusqu&#39;\u00e0 la tasse de mots. Pourquoi envoyer des joueurs si nous voulons ch\u00e9rir chaque jour que nous avons ensemble. Quel signal enverrait-il au groupe pour renvoyer des joueurs?<\/p>\n<p class=\"ssrcss-1q0x1qg-Paragraph e1jhz7w10\">\u00abJe peux comprendre l&#39;argument des clubs qui aimeraient voir les joueurs se reposer, mais nous avons un argument fort pour nous-m\u00eames et nos objectifs que nous voulons atteindre. Nous construisons un groupe et une convivialit\u00e9. Nous voulons d\u00e9velopper une camaraderie et ce n&#39;est possible que si nous prenons chaque jour au s\u00e9rieux.<\/p>\n<p class=\"ssrcss-1q0x1qg-Paragraph e1jhz7w10\">\u00ab\u00a0Nous allons essayer de g\u00e9rer les minutes des joueurs bien s\u00fbr.\u00a0\u00bb<\/p>\n<\/div>\n<p><script async src=\"https:\/\/platform.twitter.com\/widgets.js\" charset=\"utf-8\"><\/script><\/p>\n","protected":false},"excerpt":{"rendered":"<p>Le manager de l&#39;Angleterre Thomas Tuchel dit qu&#39;il n&#39;a pas choisi le d\u00e9fenseur d&#39;Arsenal Ben White pour sa derni\u00e8re \u00e9quipe parce que l&#39;arri\u00e8re droit est<\/p>\n","protected":false},"author":1,"featured_media":24236,"comment_status":"closed","ping_status":"","sticky":false,"template":"","format":"standard","meta":{"footnotes":""},"categories":[3],"tags":[9305,988,12,125,9306,51,2171,2298],"yoast_head":"<!-- This site is optimized with the Yoast SEO plugin v21.0 - https:\/\/yoast.com\/wordpress\/plugins\/seo\/ -->\n<title>Le blanc non choisi pour des raisons familiales, dit Tuchel<\/title>\n<meta name=\"robots\" content=\"index, follow, max-snippet:-1, max-image-preview:large, max-video-preview:-1\" \/>\n<link rel=\"canonical\" href=\"https:\/\/footdavant.fr\/actualites\/le-blanc-non-choisi-pour-des-raisons-familiales-dit-tuchel\/\" \/>\n<meta property=\"og:locale\" content=\"fr_FR\" \/>\n<meta property=\"og:type\" content=\"article\" \/>\n<meta property=\"og:title\" content=\"Le blanc non choisi pour des raisons familiales, dit Tuchel\" \/>\n<meta property=\"og:description\" content=\"Le manager de l&#039;Angleterre Thomas Tuchel dit qu&#039;il n&#039;a pas choisi le d\u00e9fenseur d&#039;Arsenal Ben White pour sa derni\u00e8re \u00e9quipe parce que l&#039;arri\u00e8re droit est\" \/>\n<meta property=\"og:url\" content=\"https:\/\/footdavant.fr\/actualites\/le-blanc-non-choisi-pour-des-raisons-familiales-dit-tuchel\/\" \/>\n<meta property=\"og:site_name\" content=\"Foot d&#039;avant\" \/>\n<meta property=\"article:publisher\" content=\"https:\/\/www.facebook.com\/Footdavant\/\" \/>\n<meta property=\"article:published_time\" content=\"2025-05-23T11:48:00+00:00\" \/>\n<meta property=\"article:modified_time\" content=\"2025-05-23T11:48:01+00:00\" \/>\n<meta property=\"og:image\" content=\"https:\/\/footdavant.fr\/actualites\/wp-content\/uploads\/2025\/05\/Le-blanc-non-choisi-pour-des-raisons-familiales-dit-Tuchel.jpg\" \/>\n\t<meta property=\"og:image:width\" content=\"1200\" \/>\n\t<meta property=\"og:image:height\" content=\"675\" \/>\n\t<meta property=\"og:image:type\" content=\"image\/jpeg\" \/>\n<meta name=\"author\" content=\"Cl\u00e9ment\" \/>\n<meta name=\"twitter:card\" content=\"summary_large_image\" \/>\n<meta name=\"twitter:creator\" content=\"@FootdavantFr\" \/>\n<meta name=\"twitter:site\" content=\"@FootdavantFr\" \/>\n<meta name=\"twitter:label1\" content=\"\u00c9crit par\" \/>\n\t<meta name=\"twitter:data1\" content=\"Cl\u00e9ment\" \/>\n\t<meta name=\"twitter:label2\" content=\"Dur\u00e9e de lecture estim\u00e9e\" \/>\n\t<meta name=\"twitter:data2\" content=\"3 minutes\" \/>\n<script type=\"application\/ld+json\" class=\"yoast-schema-graph\">{\"@context\":\"https:\/\/schema.org\",\"@graph\":[{\"@type\":\"Article\",\"@id\":\"https:\/\/footdavant.fr\/actualites\/le-blanc-non-choisi-pour-des-raisons-familiales-dit-tuchel\/#article\",\"isPartOf\":{\"@id\":\"https:\/\/footdavant.fr\/actualites\/le-blanc-non-choisi-pour-des-raisons-familiales-dit-tuchel\/\"},\"author\":{\"name\":\"Cl\u00e9ment\",\"@id\":\"https:\/\/footdavant.fr\/actualites\/#\/schema\/person\/bc222566d95871b37e597b3ed3ba5e1d\"},\"headline\":\"Le blanc non choisi pour des raisons familiales, dit Tuchel\",\"datePublished\":\"2025-05-23T11:48:00+00:00\",\"dateModified\":\"2025-05-23T11:48:01+00:00\",\"mainEntityOfPage\":{\"@id\":\"https:\/\/footdavant.fr\/actualites\/le-blanc-non-choisi-pour-des-raisons-familiales-dit-tuchel\/\"},\"wordCount\":618,\"publisher\":{\"@id\":\"https:\/\/footdavant.fr\/actualites\/#organization\"},\"keywords\":[\"blanc\",\"choisi\",\"des\",\"dit\",\"familiales\",\"pour\",\"raisons\",\"Tuchel\"],\"articleSection\":[\"Football\"],\"inLanguage\":\"fr-FR\"},{\"@type\":\"WebPage\",\"@id\":\"https:\/\/footdavant.fr\/actualites\/le-blanc-non-choisi-pour-des-raisons-familiales-dit-tuchel\/\",\"url\":\"https:\/\/footdavant.fr\/actualites\/le-blanc-non-choisi-pour-des-raisons-familiales-dit-tuchel\/\",\"name\":\"Le blanc non choisi pour des raisons familiales, dit Tuchel\",\"isPartOf\":{\"@id\":\"https:\/\/footdavant.fr\/actualites\/#website\"},\"datePublished\":\"2025-05-23T11:48:00+00:00\",\"dateModified\":\"2025-05-23T11:48:01+00:00\",\"breadcrumb\":{\"@id\":\"https:\/\/footdavant.fr\/actualites\/le-blanc-non-choisi-pour-des-raisons-familiales-dit-tuchel\/#breadcrumb\"},\"inLanguage\":\"fr-FR\",\"potentialAction\":[{\"@type\":\"ReadAction\",\"target\":[\"https:\/\/footdavant.fr\/actualites\/le-blanc-non-choisi-pour-des-raisons-familiales-dit-tuchel\/\"]}]},{\"@type\":\"BreadcrumbList\",\"@id\":\"https:\/\/footdavant.fr\/actualites\/le-blanc-non-choisi-pour-des-raisons-familiales-dit-tuchel\/#breadcrumb\",\"itemListElement\":[{\"@type\":\"ListItem\",\"position\":1,\"name\":\"Accueil\",\"item\":\"https:\/\/footdavant.fr\/actualites\/\"},{\"@type\":\"ListItem\",\"position\":2,\"name\":\"Le blanc non choisi pour des raisons familiales, dit Tuchel\"}]},{\"@type\":\"WebSite\",\"@id\":\"https:\/\/footdavant.fr\/actualites\/#website\",\"url\":\"https:\/\/footdavant.fr\/actualites\/\",\"name\":\"Foot d'avant\",\"description\":\"\",\"publisher\":{\"@id\":\"https:\/\/footdavant.fr\/actualites\/#organization\"},\"potentialAction\":[{\"@type\":\"SearchAction\",\"target\":{\"@type\":\"EntryPoint\",\"urlTemplate\":\"https:\/\/footdavant.fr\/actualites\/?s={search_term_string}\"},\"query-input\":\"required name=search_term_string\"}],\"inLanguage\":\"fr-FR\"},{\"@type\":\"Organization\",\"@id\":\"https:\/\/footdavant.fr\/actualites\/#organization\",\"name\":\"Foot d'avant\",\"url\":\"https:\/\/footdavant.fr\/actualites\/\",\"logo\":{\"@type\":\"ImageObject\",\"inLanguage\":\"fr-FR\",\"@id\":\"https:\/\/footdavant.fr\/actualites\/#\/schema\/logo\/image\/\",\"url\":\"https:\/\/footdavant.fr\/actualites\/wp-content\/uploads\/2023\/09\/Copy-of-FootDavant-Logo.png\",\"contentUrl\":\"https:\/\/footdavant.fr\/actualites\/wp-content\/uploads\/2023\/09\/Copy-of-FootDavant-Logo.png\",\"width\":936,\"height\":549,\"caption\":\"Foot d'avant\"},\"image\":{\"@id\":\"https:\/\/footdavant.fr\/actualites\/#\/schema\/logo\/image\/\"},\"sameAs\":[\"https:\/\/www.facebook.com\/Footdavant\/\",\"https:\/\/twitter.com\/FootdavantFr\",\"https:\/\/www.instagram.com\/footdavant.fr\/\"]},{\"@type\":\"Person\",\"@id\":\"https:\/\/footdavant.fr\/actualites\/#\/schema\/person\/bc222566d95871b37e597b3ed3ba5e1d\",\"name\":\"Cl\u00e9ment\",\"image\":{\"@type\":\"ImageObject\",\"inLanguage\":\"fr-FR\",\"@id\":\"https:\/\/footdavant.fr\/actualites\/#\/schema\/person\/image\/\",\"url\":\"https:\/\/secure.gravatar.com\/avatar\/7728b29aac2719421e1a9159b2254c44?s=96&d=mm&r=g\",\"contentUrl\":\"https:\/\/secure.gravatar.com\/avatar\/7728b29aac2719421e1a9159b2254c44?s=96&d=mm&r=g\",\"caption\":\"Cl\u00e9ment\"},\"sameAs\":[\"https:\/\/footdavant.fr\/\"]}]}<\/script>\n<!-- \/ Yoast SEO plugin. -->","yoast_head_json":{"title":"Le blanc non choisi pour des raisons familiales, dit Tuchel","robots":{"index":"index","follow":"follow","max-snippet":"max-snippet:-1","max-image-preview":"max-image-preview:large","max-video-preview":"max-video-preview:-1"},"canonical":"https:\/\/footdavant.fr\/actualites\/le-blanc-non-choisi-pour-des-raisons-familiales-dit-tuchel\/","og_locale":"fr_FR","og_type":"article","og_title":"Le blanc non choisi pour des raisons familiales, dit Tuchel","og_description":"Le manager de l&#39;Angleterre Thomas Tuchel dit qu&#39;il n&#39;a pas choisi le d\u00e9fenseur d&#39;Arsenal Ben White pour sa derni\u00e8re \u00e9quipe parce que l&#39;arri\u00e8re droit est","og_url":"https:\/\/footdavant.fr\/actualites\/le-blanc-non-choisi-pour-des-raisons-familiales-dit-tuchel\/","og_site_name":"Foot d&#039;avant","article_publisher":"https:\/\/www.facebook.com\/Footdavant\/","article_published_time":"2025-05-23T11:48:00+00:00","article_modified_time":"2025-05-23T11:48:01+00:00","og_image":[{"width":1200,"height":675,"url":"https:\/\/footdavant.fr\/actualites\/wp-content\/uploads\/2025\/05\/Le-blanc-non-choisi-pour-des-raisons-familiales-dit-Tuchel.jpg","type":"image\/jpeg"}],"author":"Cl\u00e9ment","twitter_card":"summary_large_image","twitter_creator":"@FootdavantFr","twitter_site":"@FootdavantFr","twitter_misc":{"\u00c9crit par":"Cl\u00e9ment","Dur\u00e9e de lecture estim\u00e9e":"3 minutes"},"schema":{"@context":"https:\/\/schema.org","@graph":[{"@type":"Article","@id":"https:\/\/footdavant.fr\/actualites\/le-blanc-non-choisi-pour-des-raisons-familiales-dit-tuchel\/#article","isPartOf":{"@id":"https:\/\/footdavant.fr\/actualites\/le-blanc-non-choisi-pour-des-raisons-familiales-dit-tuchel\/"},"author":{"name":"Cl\u00e9ment","@id":"https:\/\/footdavant.fr\/actualites\/#\/schema\/person\/bc222566d95871b37e597b3ed3ba5e1d"},"headline":"Le blanc non choisi pour des raisons familiales, dit Tuchel","datePublished":"2025-05-23T11:48:00+00:00","dateModified":"2025-05-23T11:48:01+00:00","mainEntityOfPage":{"@id":"https:\/\/footdavant.fr\/actualites\/le-blanc-non-choisi-pour-des-raisons-familiales-dit-tuchel\/"},"wordCount":618,"publisher":{"@id":"https:\/\/footdavant.fr\/actualites\/#organization"},"keywords":["blanc","choisi","des","dit","familiales","pour","raisons","Tuchel"],"articleSection":["Football"],"inLanguage":"fr-FR"},{"@type":"WebPage","@id":"https:\/\/footdavant.fr\/actualites\/le-blanc-non-choisi-pour-des-raisons-familiales-dit-tuchel\/","url":"https:\/\/footdavant.fr\/actualites\/le-blanc-non-choisi-pour-des-raisons-familiales-dit-tuchel\/","name":"Le blanc non choisi pour des raisons familiales, dit Tuchel","isPartOf":{"@id":"https:\/\/footdavant.fr\/actualites\/#website"},"datePublished":"2025-05-23T11:48:00+00:00","dateModified":"2025-05-23T11:48:01+00:00","breadcrumb":{"@id":"https:\/\/footdavant.fr\/actualites\/le-blanc-non-choisi-pour-des-raisons-familiales-dit-tuchel\/#breadcrumb"},"inLanguage":"fr-FR","potentialAction":[{"@type":"ReadAction","target":["https:\/\/footdavant.fr\/actualites\/le-blanc-non-choisi-pour-des-raisons-familiales-dit-tuchel\/"]}]},{"@type":"BreadcrumbList","@id":"https:\/\/footdavant.fr\/actualites\/le-blanc-non-choisi-pour-des-raisons-familiales-dit-tuchel\/#breadcrumb","itemListElement":[{"@type":"ListItem","position":1,"name":"Accueil","item":"https:\/\/footdavant.fr\/actualites\/"},{"@type":"ListItem","position":2,"name":"Le blanc non choisi pour des raisons familiales, dit Tuchel"}]},{"@type":"WebSite","@id":"https:\/\/footdavant.fr\/actualites\/#website","url":"https:\/\/footdavant.fr\/actualites\/","name":"Foot d'avant","description":"","publisher":{"@id":"https:\/\/footdavant.fr\/actualites\/#organization"},"potentialAction":[{"@type":"SearchAction","target":{"@type":"EntryPoint","urlTemplate":"https:\/\/footdavant.fr\/actualites\/?s={search_term_string}"},"query-input":"required name=search_term_string"}],"inLanguage":"fr-FR"},{"@type":"Organization","@id":"https:\/\/footdavant.fr\/actualites\/#organization","name":"Foot d'avant","url":"https:\/\/footdavant.fr\/actualites\/","logo":{"@type":"ImageObject","inLanguage":"fr-FR","@id":"https:\/\/footdavant.fr\/actualites\/#\/schema\/logo\/image\/","url":"https:\/\/footdavant.fr\/actualites\/wp-content\/uploads\/2023\/09\/Copy-of-FootDavant-Logo.png","contentUrl":"https:\/\/footdavant.fr\/actualites\/wp-content\/uploads\/2023\/09\/Copy-of-FootDavant-Logo.png","width":936,"height":549,"caption":"Foot d'avant"},"image":{"@id":"https:\/\/footdavant.fr\/actualites\/#\/schema\/logo\/image\/"},"sameAs":["https:\/\/www.facebook.com\/Footdavant\/","https:\/\/twitter.com\/FootdavantFr","https:\/\/www.instagram.com\/footdavant.fr\/"]},{"@type":"Person","@id":"https:\/\/footdavant.fr\/actualites\/#\/schema\/person\/bc222566d95871b37e597b3ed3ba5e1d","name":"Cl\u00e9ment","image":{"@type":"ImageObject","inLanguage":"fr-FR","@id":"https:\/\/footdavant.fr\/actualites\/#\/schema\/person\/image\/","url":"https:\/\/secure.gravatar.com\/avatar\/7728b29aac2719421e1a9159b2254c44?s=96&d=mm&r=g","contentUrl":"https:\/\/secure.gravatar.com\/avatar\/7728b29aac2719421e1a9159b2254c44?s=96&d=mm&r=g","caption":"Cl\u00e9ment"},"sameAs":["https:\/\/footdavant.fr\/"]}]}},"_links":{"self":[{"href":"https:\/\/footdavant.fr\/actualites\/wp-json\/wp\/v2\/posts\/24235"}],"collection":[{"href":"https:\/\/footdavant.fr\/actualites\/wp-json\/wp\/v2\/posts"}],"about":[{"href":"https:\/\/footdavant.fr\/actualites\/wp-json\/wp\/v2\/types\/post"}],"author":[{"embeddable":true,"href":"https:\/\/footdavant.fr\/actualites\/wp-json\/wp\/v2\/users\/1"}],"replies":[{"embeddable":true,"href":"https:\/\/footdavant.fr\/actualites\/wp-json\/wp\/v2\/comments?post=24235"}],"version-history":[{"count":1,"href":"https:\/\/footdavant.fr\/actualites\/wp-json\/wp\/v2\/posts\/24235\/revisions"}],"predecessor-version":[{"id":24237,"href":"https:\/\/footdavant.fr\/actualites\/wp-json\/wp\/v2\/posts\/24235\/revisions\/24237"}],"wp:featuredmedia":[{"embeddable":true,"href":"https:\/\/footdavant.fr\/actualites\/wp-json\/wp\/v2\/media\/24236"}],"wp:attachment":[{"href":"https:\/\/footdavant.fr\/actualites\/wp-json\/wp\/v2\/media?parent=24235"}],"wp:term":[{"taxonomy":"category","embeddable":true,"href":"https:\/\/footdavant.fr\/actualites\/wp-json\/wp\/v2\/categories?post=24235"},{"taxonomy":"post_tag","embeddable":true,"href":"https:\/\/footdavant.fr\/actualites\/wp-json\/wp\/v2\/tags?post=24235"}],"curies":[{"name":"wp","href":"https:\/\/api.w.org\/{rel}","templated":true}]}}