{"id":24238,"date":"2025-05-23T15:48:33","date_gmt":"2025-05-23T13:48:33","guid":{"rendered":"https:\/\/footdavant.fr\/actualites\/arsenal-transfer-news-today-gunners-en-considerant-serieusement-swoop-pour-lattaquant-du-real-madrid\/"},"modified":"2025-05-23T15:48:34","modified_gmt":"2025-05-23T13:48:34","slug":"arsenal-transfer-news-today-gunners-en-considerant-serieusement-swoop-pour-lattaquant-du-real-madrid","status":"publish","type":"post","link":"https:\/\/footdavant.fr\/actualites\/arsenal-transfer-news-today-gunners-en-considerant-serieusement-swoop-pour-lattaquant-du-real-madrid\/","title":{"rendered":"Arsenal Transfer News Today: Gunners \u00ab\u00a0 En consid\u00e9rant s\u00e9rieusement &#39;Swoop pour l&#39;attaquant du Real Madrid"},"content":{"rendered":"<p>Arsenal aurait s\u00e9rieusement envisag\u00e9 une d\u00e9cision de signer un attaquant du Real Madrid dans la prochaine fen\u00eatre de transfert. <\/p>\n<div id=\"article_body\" itemprop=\"articleBody\">\n<h3 class=\"firstPara\">\n<strong class=\"autotag\">Arsenal<\/strong> seraient \u00abs\u00e9rieusement envisag\u00e9s\u00ab une d\u00e9cision potentielle pour <strong class=\"autotag\">Real Madrid<\/strong> attaquant <strong class=\"autotag\">Rodgrygo<\/strong> cet \u00e9t\u00e9.<\/h3>\n<p>Le Br\u00e9silien a amass\u00e9 267 apparitions comp\u00e9titives depuis qu&#39;il a rejoint le Real Madrid de Santos en 2019, accumulant 69 buts et 50 passes d\u00e9cisives pour les g\u00e9ants espagnols.<\/p>\n<p>Rodrygo a connu un succ\u00e8s significatif pendant son s\u00e9jour au Santiago Bernabeu, aidant le club \u00e0 gagner 13 troph\u00e9es, dont trois titres de la Liga et deux couronnes de la Ligue des champions. <\/p>\n<p>Cependant, il y a eu une suggestion que Roddrygo est devenu malheureux apr\u00e8s avoir vu son importance diminuer au Real Madrid en raison de la puissance des \u00e9toiles de <strong class=\"autotag\">Kylian mbappe<\/strong>, <strong class=\"autotag\">Vinicius junior<\/strong> et <strong class=\"autotag\">Jude Bellingham<\/strong>.<\/p>\n<p>En cons\u00e9quence, l&#39;avenir de Roddrygo est devenu l&#39;objet de nombreuses sp\u00e9culations au cours des derni\u00e8res semaines, malgr\u00e9 le fait qu&#39;il lui reste encore trois ans pour courir sur son contrat.<\/p>\n<p class=\"imgI\">\n<h2 class=\"k3\">Arsenal explorant le transfert de Rodrygo<\/h2>\n<p>Les champions de la Premier League Liverpool seraient <strong>parmi ses pr\u00e9tendants<\/strong>tandis que Chelsea a \u00e9galement \u00e9t\u00e9 li\u00e9 \u00e0 un mouvement possible. <\/p>\n<p>Arsenal est un autre club qui serait dans le m\u00e9lange, avec journaliste <em>Florian Plettenburg<\/em> signalant que les Gunners \u00abenvisagent s\u00e9rieusement\u00bb un swoop d&#39;\u00e9t\u00e9 pour Rodrygo. <\/p>\n<p>Le North London Club envisage le Br\u00e9sil International comme une cible de transfert apr\u00e8s avoir tenu des discussions internes sur une d\u00e9cision potentielle. <\/p>\n<p>Arsenal \u00abexplore toutes les options\u00bb pour d\u00e9terminer si ce sera une perspective r\u00e9aliste de signer Rodrygo cet \u00e9t\u00e9.<\/p>\n<p class=\"imgI\"><img decoding=\"async\" loading=\"lazy\" class=\"l\" src=\"https:\/\/footdavant.fr\/actualites\/wp-content\/uploads\/2025\/05\/1748008113_790_Arsenal-Transfer-News-Today-Gunners-En-considerant-serieusement-39Swoop.jpg\" title=\"Mikel Arteta d&#39;Arsenal apr\u00e8s le match de son \u00e9quipe contre Leicester City, le 15 f\u00e9vrier 2025\" alt=\"Mikel Arteta d&#39;Arsenal apr\u00e8s le match de son \u00e9quipe contre Leicester City, le 15 f\u00e9vrier 2025\" width=\"640\" height=\"480\"><\/p>\n<h2 class=\"k3\">Pourquoi Arsenal envisage-t-il un mouvement pour Rodrygo?<\/h2>\n<p>Arsenal Boss <strong class=\"autotag\">Mikel Arteta<\/strong> a d\u00e9j\u00e0 <strong class=\"autotag\">Bukayo Saka<\/strong> En tant que premi\u00e8re option de choix sur l&#39;aile droite, mais il y a une incertitude sur qui jouera sur le flanc gauche la saison prochaine. <\/p>\n<p>Les artilleurs sont assur\u00e9s de perdre un ailier cet \u00e9t\u00e9, avec <strong class=\"autotag\">Raheem Sterling<\/strong> Pr\u00e9senter pour retourner \u00e0 Chelsea apr\u00e8s son pr\u00eat.<\/p>\n<p>Il y a aussi une possibilit\u00e9 que <strong class=\"autotag\">Leandro Trossard<\/strong> pourrait partir, avec l&#39;attaquant qui devrait entrer dans les 12 derniers mois de son contrat d&#39;Arsenal.<\/p>\n<p>Avec les d\u00e9parts en vue, Arsenal cherche \u00e0 recruter une option de haute qualit\u00e9 pour rivaliser <strong class=\"autotag\">Gabriel Martinelli<\/strong> pour une place de d\u00e9part sur le flanc gauche.<\/p>\n<p>Rodrygo a eu tendance \u00e0 jouer comme un ailier droit au Real Madrid, mais il serait \u00e0 l&#39;aise de jouer sur le flanc gauche. <\/p>\n<p>Le joueur de 24 ans apporterait \u00e9galement une exp\u00e9rience significative pour gagner de l&#39;argenterie et jouer au plus haut niveau pour l&#39;un des plus grands clubs du monde. <\/p>\n<hr>\n<p><\/p>\n<h2>Votez dans les prix des lecteurs de Mole Sports 2024-25!<\/h2>\n<p>Le vote est d\u00e9sormais ouvert pour le <strong>Taupe de sport<\/strong> R\u00e9compenses des lecteurs, o\u00f9 vous pouvez choisir votre joueur de la saison, le manager de la saison, la signature de la saison et bien plus encore.<\/p>\n<p><strong>Cliquez ici pour faire vos s\u00e9lections<\/strong>et les gagnants seront annonc\u00e9s le lundi 26 mai!<\/p>\n<hr>\n<\/div>\n","protected":false},"excerpt":{"rendered":"<p>Arsenal aurait s\u00e9rieusement envisag\u00e9 une d\u00e9cision de signer un attaquant du Real Madrid dans la prochaine fen\u00eatre de transfert. Arsenal seraient \u00abs\u00e9rieusement envisag\u00e9s\u00ab une d\u00e9cision<\/p>\n","protected":false},"author":1,"featured_media":24239,"comment_status":"closed","ping_status":"","sticky":false,"template":"","format":"standard","meta":{"footnotes":""},"categories":[5],"tags":[9307,67,8536,997,4304,303,409,51,302,2705,2747,2732],"yoast_head":"<!-- This site is optimized with the Yoast SEO plugin v21.0 - https:\/\/yoast.com\/wordpress\/plugins\/seo\/ -->\n<title>Arsenal Transfer News Today: Gunners `` En consid\u00e9rant s\u00e9rieusement &#039;Swoop pour l&#039;attaquant du Real Madrid<\/title>\n<meta name=\"robots\" content=\"index, follow, max-snippet:-1, max-image-preview:large, max-video-preview:-1\" \/>\n<link rel=\"canonical\" href=\"https:\/\/footdavant.fr\/actualites\/arsenal-transfer-news-today-gunners-en-considerant-serieusement-swoop-pour-lattaquant-du-real-madrid\/\" \/>\n<meta property=\"og:locale\" content=\"fr_FR\" \/>\n<meta property=\"og:type\" content=\"article\" \/>\n<meta property=\"og:title\" content=\"Arsenal Transfer News Today: Gunners `` En consid\u00e9rant s\u00e9rieusement &#039;Swoop pour l&#039;attaquant du Real Madrid\" \/>\n<meta property=\"og:description\" content=\"Arsenal aurait s\u00e9rieusement envisag\u00e9 une d\u00e9cision de signer un attaquant du Real Madrid dans la prochaine fen\u00eatre de transfert. Arsenal seraient \u00abs\u00e9rieusement envisag\u00e9s\u00ab une d\u00e9cision\" \/>\n<meta property=\"og:url\" content=\"https:\/\/footdavant.fr\/actualites\/arsenal-transfer-news-today-gunners-en-considerant-serieusement-swoop-pour-lattaquant-du-real-madrid\/\" \/>\n<meta property=\"og:site_name\" content=\"Foot d&#039;avant\" \/>\n<meta property=\"article:publisher\" content=\"https:\/\/www.facebook.com\/Footdavant\/\" \/>\n<meta property=\"article:published_time\" content=\"2025-05-23T13:48:33+00:00\" \/>\n<meta property=\"article:modified_time\" content=\"2025-05-23T13:48:34+00:00\" \/>\n<meta property=\"og:image\" content=\"https:\/\/footdavant.fr\/actualites\/wp-content\/uploads\/2025\/05\/Arsenal-Transfer-News-Today-Gunners-En-considerant-serieusement-39Swoop.jpg\" \/>\n\t<meta property=\"og:image:width\" content=\"640\" \/>\n\t<meta property=\"og:image:height\" content=\"480\" \/>\n\t<meta property=\"og:image:type\" content=\"image\/jpeg\" \/>\n<meta name=\"author\" content=\"Cl\u00e9ment\" \/>\n<meta name=\"twitter:card\" content=\"summary_large_image\" \/>\n<meta name=\"twitter:creator\" content=\"@FootdavantFr\" \/>\n<meta name=\"twitter:site\" content=\"@FootdavantFr\" \/>\n<meta name=\"twitter:label1\" content=\"\u00c9crit par\" \/>\n\t<meta name=\"twitter:data1\" content=\"Cl\u00e9ment\" \/>\n\t<meta name=\"twitter:label2\" content=\"Dur\u00e9e de lecture estim\u00e9e\" \/>\n\t<meta name=\"twitter:data2\" content=\"3 minutes\" \/>\n<script type=\"application\/ld+json\" class=\"yoast-schema-graph\">{\"@context\":\"https:\/\/schema.org\",\"@graph\":[{\"@type\":\"Article\",\"@id\":\"https:\/\/footdavant.fr\/actualites\/arsenal-transfer-news-today-gunners-en-considerant-serieusement-swoop-pour-lattaquant-du-real-madrid\/#article\",\"isPartOf\":{\"@id\":\"https:\/\/footdavant.fr\/actualites\/arsenal-transfer-news-today-gunners-en-considerant-serieusement-swoop-pour-lattaquant-du-real-madrid\/\"},\"author\":{\"name\":\"Cl\u00e9ment\",\"@id\":\"https:\/\/footdavant.fr\/actualites\/#\/schema\/person\/bc222566d95871b37e597b3ed3ba5e1d\"},\"headline\":\"Arsenal Transfer News Today: Gunners \u00ab\u00a0 En consid\u00e9rant s\u00e9rieusement &#39;Swoop pour l&#39;attaquant du Real Madrid\",\"datePublished\":\"2025-05-23T13:48:33+00:00\",\"dateModified\":\"2025-05-23T13:48:34+00:00\",\"mainEntityOfPage\":{\"@id\":\"https:\/\/footdavant.fr\/actualites\/arsenal-transfer-news-today-gunners-en-considerant-serieusement-swoop-pour-lattaquant-du-real-madrid\/\"},\"wordCount\":532,\"publisher\":{\"@id\":\"https:\/\/footdavant.fr\/actualites\/#organization\"},\"keywords\":[\"39Swoop\",\"Arsenal\",\"consid\u00e9rant\",\"Gunners\",\"l39attaquant\",\"Madrid\",\"News\",\"pour\",\"Real\",\"s\u00e9rieusement\",\"Today\",\"Transfer\"],\"articleSection\":[\"Premier League\"],\"inLanguage\":\"fr-FR\"},{\"@type\":\"WebPage\",\"@id\":\"https:\/\/footdavant.fr\/actualites\/arsenal-transfer-news-today-gunners-en-considerant-serieusement-swoop-pour-lattaquant-du-real-madrid\/\",\"url\":\"https:\/\/footdavant.fr\/actualites\/arsenal-transfer-news-today-gunners-en-considerant-serieusement-swoop-pour-lattaquant-du-real-madrid\/\",\"name\":\"Arsenal Transfer News Today: Gunners `` En consid\u00e9rant s\u00e9rieusement &#39;Swoop pour l&#39;attaquant du Real Madrid\",\"isPartOf\":{\"@id\":\"https:\/\/footdavant.fr\/actualites\/#website\"},\"datePublished\":\"2025-05-23T13:48:33+00:00\",\"dateModified\":\"2025-05-23T13:48:34+00:00\",\"breadcrumb\":{\"@id\":\"https:\/\/footdavant.fr\/actualites\/arsenal-transfer-news-today-gunners-en-considerant-serieusement-swoop-pour-lattaquant-du-real-madrid\/#breadcrumb\"},\"inLanguage\":\"fr-FR\",\"potentialAction\":[{\"@type\":\"ReadAction\",\"target\":[\"https:\/\/footdavant.fr\/actualites\/arsenal-transfer-news-today-gunners-en-considerant-serieusement-swoop-pour-lattaquant-du-real-madrid\/\"]}]},{\"@type\":\"BreadcrumbList\",\"@id\":\"https:\/\/footdavant.fr\/actualites\/arsenal-transfer-news-today-gunners-en-considerant-serieusement-swoop-pour-lattaquant-du-real-madrid\/#breadcrumb\",\"itemListElement\":[{\"@type\":\"ListItem\",\"position\":1,\"name\":\"Accueil\",\"item\":\"https:\/\/footdavant.fr\/actualites\/\"},{\"@type\":\"ListItem\",\"position\":2,\"name\":\"Arsenal Transfer News Today: Gunners \u00ab\u00a0 En consid\u00e9rant s\u00e9rieusement &#39;Swoop pour l&#39;attaquant du Real Madrid\"}]},{\"@type\":\"WebSite\",\"@id\":\"https:\/\/footdavant.fr\/actualites\/#website\",\"url\":\"https:\/\/footdavant.fr\/actualites\/\",\"name\":\"Foot d'avant\",\"description\":\"\",\"publisher\":{\"@id\":\"https:\/\/footdavant.fr\/actualites\/#organization\"},\"potentialAction\":[{\"@type\":\"SearchAction\",\"target\":{\"@type\":\"EntryPoint\",\"urlTemplate\":\"https:\/\/footdavant.fr\/actualites\/?s={search_term_string}\"},\"query-input\":\"required name=search_term_string\"}],\"inLanguage\":\"fr-FR\"},{\"@type\":\"Organization\",\"@id\":\"https:\/\/footdavant.fr\/actualites\/#organization\",\"name\":\"Foot d'avant\",\"url\":\"https:\/\/footdavant.fr\/actualites\/\",\"logo\":{\"@type\":\"ImageObject\",\"inLanguage\":\"fr-FR\",\"@id\":\"https:\/\/footdavant.fr\/actualites\/#\/schema\/logo\/image\/\",\"url\":\"https:\/\/footdavant.fr\/actualites\/wp-content\/uploads\/2023\/09\/Copy-of-FootDavant-Logo.png\",\"contentUrl\":\"https:\/\/footdavant.fr\/actualites\/wp-content\/uploads\/2023\/09\/Copy-of-FootDavant-Logo.png\",\"width\":936,\"height\":549,\"caption\":\"Foot d'avant\"},\"image\":{\"@id\":\"https:\/\/footdavant.fr\/actualites\/#\/schema\/logo\/image\/\"},\"sameAs\":[\"https:\/\/www.facebook.com\/Footdavant\/\",\"https:\/\/twitter.com\/FootdavantFr\",\"https:\/\/www.instagram.com\/footdavant.fr\/\"]},{\"@type\":\"Person\",\"@id\":\"https:\/\/footdavant.fr\/actualites\/#\/schema\/person\/bc222566d95871b37e597b3ed3ba5e1d\",\"name\":\"Cl\u00e9ment\",\"image\":{\"@type\":\"ImageObject\",\"inLanguage\":\"fr-FR\",\"@id\":\"https:\/\/footdavant.fr\/actualites\/#\/schema\/person\/image\/\",\"url\":\"https:\/\/secure.gravatar.com\/avatar\/7728b29aac2719421e1a9159b2254c44?s=96&d=mm&r=g\",\"contentUrl\":\"https:\/\/secure.gravatar.com\/avatar\/7728b29aac2719421e1a9159b2254c44?s=96&d=mm&r=g\",\"caption\":\"Cl\u00e9ment\"},\"sameAs\":[\"https:\/\/footdavant.fr\/\"]}]}<\/script>\n<!-- \/ Yoast SEO plugin. -->","yoast_head_json":{"title":"Arsenal Transfer News Today: Gunners `` En consid\u00e9rant s\u00e9rieusement &#39;Swoop pour l&#39;attaquant du Real Madrid","robots":{"index":"index","follow":"follow","max-snippet":"max-snippet:-1","max-image-preview":"max-image-preview:large","max-video-preview":"max-video-preview:-1"},"canonical":"https:\/\/footdavant.fr\/actualites\/arsenal-transfer-news-today-gunners-en-considerant-serieusement-swoop-pour-lattaquant-du-real-madrid\/","og_locale":"fr_FR","og_type":"article","og_title":"Arsenal Transfer News Today: Gunners `` En consid\u00e9rant s\u00e9rieusement &#39;Swoop pour l&#39;attaquant du Real Madrid","og_description":"Arsenal aurait s\u00e9rieusement envisag\u00e9 une d\u00e9cision de signer un attaquant du Real Madrid dans la prochaine fen\u00eatre de transfert. Arsenal seraient \u00abs\u00e9rieusement envisag\u00e9s\u00ab une d\u00e9cision","og_url":"https:\/\/footdavant.fr\/actualites\/arsenal-transfer-news-today-gunners-en-considerant-serieusement-swoop-pour-lattaquant-du-real-madrid\/","og_site_name":"Foot d&#039;avant","article_publisher":"https:\/\/www.facebook.com\/Footdavant\/","article_published_time":"2025-05-23T13:48:33+00:00","article_modified_time":"2025-05-23T13:48:34+00:00","og_image":[{"width":640,"height":480,"url":"https:\/\/footdavant.fr\/actualites\/wp-content\/uploads\/2025\/05\/Arsenal-Transfer-News-Today-Gunners-En-considerant-serieusement-39Swoop.jpg","type":"image\/jpeg"}],"author":"Cl\u00e9ment","twitter_card":"summary_large_image","twitter_creator":"@FootdavantFr","twitter_site":"@FootdavantFr","twitter_misc":{"\u00c9crit par":"Cl\u00e9ment","Dur\u00e9e de lecture estim\u00e9e":"3 minutes"},"schema":{"@context":"https:\/\/schema.org","@graph":[{"@type":"Article","@id":"https:\/\/footdavant.fr\/actualites\/arsenal-transfer-news-today-gunners-en-considerant-serieusement-swoop-pour-lattaquant-du-real-madrid\/#article","isPartOf":{"@id":"https:\/\/footdavant.fr\/actualites\/arsenal-transfer-news-today-gunners-en-considerant-serieusement-swoop-pour-lattaquant-du-real-madrid\/"},"author":{"name":"Cl\u00e9ment","@id":"https:\/\/footdavant.fr\/actualites\/#\/schema\/person\/bc222566d95871b37e597b3ed3ba5e1d"},"headline":"Arsenal Transfer News Today: Gunners \u00ab\u00a0 En consid\u00e9rant s\u00e9rieusement &#39;Swoop pour l&#39;attaquant du Real Madrid","datePublished":"2025-05-23T13:48:33+00:00","dateModified":"2025-05-23T13:48:34+00:00","mainEntityOfPage":{"@id":"https:\/\/footdavant.fr\/actualites\/arsenal-transfer-news-today-gunners-en-considerant-serieusement-swoop-pour-lattaquant-du-real-madrid\/"},"wordCount":532,"publisher":{"@id":"https:\/\/footdavant.fr\/actualites\/#organization"},"keywords":["39Swoop","Arsenal","consid\u00e9rant","Gunners","l39attaquant","Madrid","News","pour","Real","s\u00e9rieusement","Today","Transfer"],"articleSection":["Premier League"],"inLanguage":"fr-FR"},{"@type":"WebPage","@id":"https:\/\/footdavant.fr\/actualites\/arsenal-transfer-news-today-gunners-en-considerant-serieusement-swoop-pour-lattaquant-du-real-madrid\/","url":"https:\/\/footdavant.fr\/actualites\/arsenal-transfer-news-today-gunners-en-considerant-serieusement-swoop-pour-lattaquant-du-real-madrid\/","name":"Arsenal Transfer News Today: Gunners `` En consid\u00e9rant s\u00e9rieusement &#39;Swoop pour l&#39;attaquant du Real Madrid","isPartOf":{"@id":"https:\/\/footdavant.fr\/actualites\/#website"},"datePublished":"2025-05-23T13:48:33+00:00","dateModified":"2025-05-23T13:48:34+00:00","breadcrumb":{"@id":"https:\/\/footdavant.fr\/actualites\/arsenal-transfer-news-today-gunners-en-considerant-serieusement-swoop-pour-lattaquant-du-real-madrid\/#breadcrumb"},"inLanguage":"fr-FR","potentialAction":[{"@type":"ReadAction","target":["https:\/\/footdavant.fr\/actualites\/arsenal-transfer-news-today-gunners-en-considerant-serieusement-swoop-pour-lattaquant-du-real-madrid\/"]}]},{"@type":"BreadcrumbList","@id":"https:\/\/footdavant.fr\/actualites\/arsenal-transfer-news-today-gunners-en-considerant-serieusement-swoop-pour-lattaquant-du-real-madrid\/#breadcrumb","itemListElement":[{"@type":"ListItem","position":1,"name":"Accueil","item":"https:\/\/footdavant.fr\/actualites\/"},{"@type":"ListItem","position":2,"name":"Arsenal Transfer News Today: Gunners \u00ab\u00a0 En consid\u00e9rant s\u00e9rieusement &#39;Swoop pour l&#39;attaquant du Real Madrid"}]},{"@type":"WebSite","@id":"https:\/\/footdavant.fr\/actualites\/#website","url":"https:\/\/footdavant.fr\/actualites\/","name":"Foot d'avant","description":"","publisher":{"@id":"https:\/\/footdavant.fr\/actualites\/#organization"},"potentialAction":[{"@type":"SearchAction","target":{"@type":"EntryPoint","urlTemplate":"https:\/\/footdavant.fr\/actualites\/?s={search_term_string}"},"query-input":"required name=search_term_string"}],"inLanguage":"fr-FR"},{"@type":"Organization","@id":"https:\/\/footdavant.fr\/actualites\/#organization","name":"Foot d'avant","url":"https:\/\/footdavant.fr\/actualites\/","logo":{"@type":"ImageObject","inLanguage":"fr-FR","@id":"https:\/\/footdavant.fr\/actualites\/#\/schema\/logo\/image\/","url":"https:\/\/footdavant.fr\/actualites\/wp-content\/uploads\/2023\/09\/Copy-of-FootDavant-Logo.png","contentUrl":"https:\/\/footdavant.fr\/actualites\/wp-content\/uploads\/2023\/09\/Copy-of-FootDavant-Logo.png","width":936,"height":549,"caption":"Foot d'avant"},"image":{"@id":"https:\/\/footdavant.fr\/actualites\/#\/schema\/logo\/image\/"},"sameAs":["https:\/\/www.facebook.com\/Footdavant\/","https:\/\/twitter.com\/FootdavantFr","https:\/\/www.instagram.com\/footdavant.fr\/"]},{"@type":"Person","@id":"https:\/\/footdavant.fr\/actualites\/#\/schema\/person\/bc222566d95871b37e597b3ed3ba5e1d","name":"Cl\u00e9ment","image":{"@type":"ImageObject","inLanguage":"fr-FR","@id":"https:\/\/footdavant.fr\/actualites\/#\/schema\/person\/image\/","url":"https:\/\/secure.gravatar.com\/avatar\/7728b29aac2719421e1a9159b2254c44?s=96&d=mm&r=g","contentUrl":"https:\/\/secure.gravatar.com\/avatar\/7728b29aac2719421e1a9159b2254c44?s=96&d=mm&r=g","caption":"Cl\u00e9ment"},"sameAs":["https:\/\/footdavant.fr\/"]}]}},"_links":{"self":[{"href":"https:\/\/footdavant.fr\/actualites\/wp-json\/wp\/v2\/posts\/24238"}],"collection":[{"href":"https:\/\/footdavant.fr\/actualites\/wp-json\/wp\/v2\/posts"}],"about":[{"href":"https:\/\/footdavant.fr\/actualites\/wp-json\/wp\/v2\/types\/post"}],"author":[{"embeddable":true,"href":"https:\/\/footdavant.fr\/actualites\/wp-json\/wp\/v2\/users\/1"}],"replies":[{"embeddable":true,"href":"https:\/\/footdavant.fr\/actualites\/wp-json\/wp\/v2\/comments?post=24238"}],"version-history":[{"count":1,"href":"https:\/\/footdavant.fr\/actualites\/wp-json\/wp\/v2\/posts\/24238\/revisions"}],"predecessor-version":[{"id":24240,"href":"https:\/\/footdavant.fr\/actualites\/wp-json\/wp\/v2\/posts\/24238\/revisions\/24240"}],"wp:featuredmedia":[{"embeddable":true,"href":"https:\/\/footdavant.fr\/actualites\/wp-json\/wp\/v2\/media\/24239"}],"wp:attachment":[{"href":"https:\/\/footdavant.fr\/actualites\/wp-json\/wp\/v2\/media?parent=24238"}],"wp:term":[{"taxonomy":"category","embeddable":true,"href":"https:\/\/footdavant.fr\/actualites\/wp-json\/wp\/v2\/categories?post=24238"},{"taxonomy":"post_tag","embeddable":true,"href":"https:\/\/footdavant.fr\/actualites\/wp-json\/wp\/v2\/tags?post=24238"}],"curies":[{"name":"wp","href":"https:\/\/api.w.org\/{rel}","templated":true}]}}