{"id":24241,"date":"2025-05-23T17:48:17","date_gmt":"2025-05-23T15:48:17","guid":{"rendered":"https:\/\/footdavant.fr\/actualites\/le-camp-dalejandro-garnacho-sattend-a-linteret-de-larabie-saoudite-cet-ete-man-united-news-and-transfer-news\/"},"modified":"2025-05-23T17:48:17","modified_gmt":"2025-05-23T15:48:17","slug":"le-camp-dalejandro-garnacho-sattend-a-linteret-de-larabie-saoudite-cet-ete-man-united-news-and-transfer-news","status":"publish","type":"post","link":"https:\/\/footdavant.fr\/actualites\/le-camp-dalejandro-garnacho-sattend-a-linteret-de-larabie-saoudite-cet-ete-man-united-news-and-transfer-news\/","title":{"rendered":"Le camp d&#39;Alejandro Garnacho s&#39;attend \u00e0 l&#39;int\u00e9r\u00eat de l&#39;Arabie saoudite cet \u00e9t\u00e9 &#8211; Man United News and Transfer News"},"content":{"rendered":"<div id=\"penci-post-entry-inner\">\n<p>\t\t\t<i class=\"penci-post-countview-number-check\" style=\"display:none\">2<\/i><\/p>\n<p>Les repr\u00e9sentants d&#39;Alejandro Garnacho attendent l&#39;int\u00e9r\u00eat de la Saudi Pro League pour signer la starlette de Manchester United cet \u00e9t\u00e9, selon un rapport.<\/p>\n<p>Garnacho devrait s&#39;asseoir pour des entretiens avec les dirigeants d&#39;Old Trafford \u00abdans les prochains jours\u00bb apr\u00e8s une \u00e9change avec Ruben Amorim pour la d\u00e9cision de laisser tomber l&#39;ailier de 20 ans pour la finale de la Ligue Europa.<\/p>\n<p>Les Red Devils sont tomb\u00e9s \u00e0 une sombre d\u00e9faite 1-0 aux mains du rival de la Premier League Tottenham Hotspur \u00e0 Bilbao, aggravant l&#39;une des pires saison de l&#39;histoire du club.<\/p>\n<p>Dans son interview d&#39;apr\u00e8s-match, Amorim a \u00e9t\u00e9 interrog\u00e9 sur la d\u00e9cision de commencer Mason Mount au-dessus de Garnacho, malgr\u00e9 l&#39;international argentin ayant jou\u00e9 un r\u00f4le central en aidant United \u00e0 atteindre la finale en Espagne.<\/p>\n<p>L&#39;entra\u00eeneur portugais a livr\u00e9 une r\u00e9ponse \u00e9pineuse, sans aucun doute conduite par la d\u00e9ception d&#39;avoir perdu une finale europ\u00e9enne, faisant r\u00e9f\u00e9rence \u00e0 Garnacho dans la demi-finale contre le club d&#39;athl\u00e9tisme dans son explication.<\/p>\n<p>Garnacho et son camp ont r\u00e9pondu furieusement \u00e0 cette interview, le fr\u00e8re de l&#39;ailier accusant Amorim de \u00ab\u00a0le jeter sous un bus\u00a0\u00bb tandis que le joueur de 20 ans a livr\u00e9 une interview brutale \u00e0 lui dans le stade de San Mames.<\/p>\n<p>En cons\u00e9quence, il y a des conf\u00e9rences pr\u00e9vues entre les repr\u00e9sentants de Garnacho et le club pour une sortie potentielle avec United \u00abouvert \u00e0 faciliter un d\u00e9m\u00e9nagement\u00bb cet \u00e9t\u00e9, selon.<\/p>\n<p>L&#39;ailier a d\u00e9j\u00e0 \u00e9t\u00e9 li\u00e9 \u00e0 Chelsea et Napoli, le blues conservant toujours un int\u00e9r\u00eat, mais le rapport indique que la liste des pr\u00e9tendants augmente apr\u00e8s ce diff\u00e9rend avec Amorim. \u00ab\u00a0Des sources ont d\u00e9clar\u00e9 \u00e0 ESPN que les repr\u00e9sentants de Garnacho s&#39;attendent \u00e9galement \u00e0 l&#39;int\u00e9r\u00eat d&#39;autres clubs de Premier League et de l&#39;Arabie saoudite.\u00a0\u00bb<\/p>\n<p>Un d\u00e9m\u00e9nagement au Moyen-Orient fournirait probablement \u00e0 United le prix le plus \u00e9lev\u00e9 pour Garnacho, ainsi que la meilleure proposition de contrat au jeune.<\/p>\n<p>Bu La Saudi Pro League a d\u00e9j\u00e0 vu une poursuite d&#39;un \u00e9chec du diable rouge ce mois-ci apr\u00e8s que Al-Hilal a lanc\u00e9 une approche ambitieuse pour signer Bruno Fernandes.<\/p>\n<p>Une offre all\u00e9chante a \u00e9t\u00e9 d\u00e9pos\u00e9e \u00e0 l&#39;international portugais, mais il n&#39;y a eu aucune suggestion que le capitaine du club serait ouvert au d\u00e9m\u00e9nagement, ni aucune volont\u00e9 de United pour le faciliter.<\/p>\n<p>En fait, un rapport de r\u00e9v\u00e8le que le joueur et le club \u00abchantent \u00e0 partir de la m\u00eame feuille d&#39;hymnes\u00bb dans leur rejet de l&#39;offre &#8211; une position dont la partie saoudienne est consciente.<\/p>\n<p>Mais lorsqu&#39;une poursuite \u00e0 succ\u00e8s de Fernandes a \u00e9chou\u00e9 pour la Saudi Pro League, une approche similaire pour Garnacho serait presque certainement accueillie par United alors qu&#39;Ineos cherche \u00e0 renforcer le budget de transfert d&#39;Amorim cet \u00e9t\u00e9.<\/p>\n<\/p>\n<hr>\n<p>Suivez-nous sur bluesky: @ PeopleSerson.bsky.social<br \/><!--Article End--><\/p>\n<p><!-- CONTENT END 3 --><\/p><\/div>\n","protected":false},"excerpt":{"rendered":"<p>2 Les repr\u00e9sentants d&#39;Alejandro Garnacho attendent l&#39;int\u00e9r\u00eat de la Saudi Pro League pour signer la starlette de Manchester United cet \u00e9t\u00e9, selon un rapport. Garnacho<\/p>\n","protected":false},"author":1,"featured_media":22932,"comment_status":"closed","ping_status":"","sticky":false,"template":"","format":"standard","meta":{"footnotes":""},"categories":[3],"tags":[1185,775,4850,776,791,4652,4310,24,409,4864,1042,2732,13],"yoast_head":"<!-- This site is optimized with the Yoast SEO plugin v21.0 - https:\/\/yoast.com\/wordpress\/plugins\/seo\/ -->\n<title>Le camp d&#039;Alejandro Garnacho s&#039;attend \u00e0 l&#039;int\u00e9r\u00eat de l&#039;Arabie saoudite cet \u00e9t\u00e9 - Man United News and Transfer News<\/title>\n<meta name=\"robots\" content=\"index, follow, max-snippet:-1, max-image-preview:large, max-video-preview:-1\" \/>\n<link rel=\"canonical\" href=\"https:\/\/footdavant.fr\/actualites\/le-camp-dalejandro-garnacho-sattend-a-linteret-de-larabie-saoudite-cet-ete-man-united-news-and-transfer-news\/\" \/>\n<meta property=\"og:locale\" content=\"fr_FR\" \/>\n<meta property=\"og:type\" content=\"article\" \/>\n<meta property=\"og:title\" content=\"Le camp d&#039;Alejandro Garnacho s&#039;attend \u00e0 l&#039;int\u00e9r\u00eat de l&#039;Arabie saoudite cet \u00e9t\u00e9 - Man United News and Transfer News\" \/>\n<meta property=\"og:description\" content=\"2 Les repr\u00e9sentants d&#039;Alejandro Garnacho attendent l&#039;int\u00e9r\u00eat de la Saudi Pro League pour signer la starlette de Manchester United cet \u00e9t\u00e9, selon un rapport. Garnacho\" \/>\n<meta property=\"og:url\" content=\"https:\/\/footdavant.fr\/actualites\/le-camp-dalejandro-garnacho-sattend-a-linteret-de-larabie-saoudite-cet-ete-man-united-news-and-transfer-news\/\" \/>\n<meta property=\"og:site_name\" content=\"Foot d&#039;avant\" \/>\n<meta property=\"article:publisher\" content=\"https:\/\/www.facebook.com\/Footdavant\/\" \/>\n<meta property=\"article:published_time\" content=\"2025-05-23T15:48:17+00:00\" \/>\n<meta property=\"og:image\" content=\"https:\/\/footdavant.fr\/actualites\/wp-content\/uploads\/2025\/04\/Napoli-pret-a-payer-tout-ce-qu39il-faut-pour-atterrir.jpg\" \/>\n\t<meta property=\"og:image:width\" content=\"1600\" \/>\n\t<meta property=\"og:image:height\" content=\"717\" \/>\n\t<meta property=\"og:image:type\" content=\"image\/jpeg\" \/>\n<meta name=\"author\" content=\"Cl\u00e9ment\" \/>\n<meta name=\"twitter:card\" content=\"summary_large_image\" \/>\n<meta name=\"twitter:creator\" content=\"@FootdavantFr\" \/>\n<meta name=\"twitter:site\" content=\"@FootdavantFr\" \/>\n<meta name=\"twitter:label1\" content=\"\u00c9crit par\" \/>\n\t<meta name=\"twitter:data1\" content=\"Cl\u00e9ment\" \/>\n\t<meta name=\"twitter:label2\" content=\"Dur\u00e9e de lecture estim\u00e9e\" \/>\n\t<meta name=\"twitter:data2\" content=\"3 minutes\" \/>\n<script type=\"application\/ld+json\" class=\"yoast-schema-graph\">{\"@context\":\"https:\/\/schema.org\",\"@graph\":[{\"@type\":\"Article\",\"@id\":\"https:\/\/footdavant.fr\/actualites\/le-camp-dalejandro-garnacho-sattend-a-linteret-de-larabie-saoudite-cet-ete-man-united-news-and-transfer-news\/#article\",\"isPartOf\":{\"@id\":\"https:\/\/footdavant.fr\/actualites\/le-camp-dalejandro-garnacho-sattend-a-linteret-de-larabie-saoudite-cet-ete-man-united-news-and-transfer-news\/\"},\"author\":{\"name\":\"Cl\u00e9ment\",\"@id\":\"https:\/\/footdavant.fr\/actualites\/#\/schema\/person\/bc222566d95871b37e597b3ed3ba5e1d\"},\"headline\":\"Le camp d&#39;Alejandro Garnacho s&#39;attend \u00e0 l&#39;int\u00e9r\u00eat de l&#39;Arabie saoudite cet \u00e9t\u00e9 &#8211; Man United News and Transfer News\",\"datePublished\":\"2025-05-23T15:48:17+00:00\",\"dateModified\":\"2025-05-23T15:48:17+00:00\",\"mainEntityOfPage\":{\"@id\":\"https:\/\/footdavant.fr\/actualites\/le-camp-dalejandro-garnacho-sattend-a-linteret-de-larabie-saoudite-cet-ete-man-united-news-and-transfer-news\/\"},\"wordCount\":530,\"publisher\":{\"@id\":\"https:\/\/footdavant.fr\/actualites\/#organization\"},\"keywords\":[\"camp\",\"cet\",\"d39Alejandro\",\"\u00e9t\u00e9\",\"Garnacho\",\"l39Arabie\",\"l39int\u00e9r\u00eat\",\"Man\",\"News\",\"s39attend\",\"Saoudite\",\"Transfer\",\"United\"],\"articleSection\":[\"Football\"],\"inLanguage\":\"fr-FR\"},{\"@type\":\"WebPage\",\"@id\":\"https:\/\/footdavant.fr\/actualites\/le-camp-dalejandro-garnacho-sattend-a-linteret-de-larabie-saoudite-cet-ete-man-united-news-and-transfer-news\/\",\"url\":\"https:\/\/footdavant.fr\/actualites\/le-camp-dalejandro-garnacho-sattend-a-linteret-de-larabie-saoudite-cet-ete-man-united-news-and-transfer-news\/\",\"name\":\"Le camp d&#39;Alejandro Garnacho s&#39;attend \u00e0 l&#39;int\u00e9r\u00eat de l&#39;Arabie saoudite cet \u00e9t\u00e9 - Man United News and Transfer News\",\"isPartOf\":{\"@id\":\"https:\/\/footdavant.fr\/actualites\/#website\"},\"datePublished\":\"2025-05-23T15:48:17+00:00\",\"dateModified\":\"2025-05-23T15:48:17+00:00\",\"breadcrumb\":{\"@id\":\"https:\/\/footdavant.fr\/actualites\/le-camp-dalejandro-garnacho-sattend-a-linteret-de-larabie-saoudite-cet-ete-man-united-news-and-transfer-news\/#breadcrumb\"},\"inLanguage\":\"fr-FR\",\"potentialAction\":[{\"@type\":\"ReadAction\",\"target\":[\"https:\/\/footdavant.fr\/actualites\/le-camp-dalejandro-garnacho-sattend-a-linteret-de-larabie-saoudite-cet-ete-man-united-news-and-transfer-news\/\"]}]},{\"@type\":\"BreadcrumbList\",\"@id\":\"https:\/\/footdavant.fr\/actualites\/le-camp-dalejandro-garnacho-sattend-a-linteret-de-larabie-saoudite-cet-ete-man-united-news-and-transfer-news\/#breadcrumb\",\"itemListElement\":[{\"@type\":\"ListItem\",\"position\":1,\"name\":\"Accueil\",\"item\":\"https:\/\/footdavant.fr\/actualites\/\"},{\"@type\":\"ListItem\",\"position\":2,\"name\":\"Le camp d&#39;Alejandro Garnacho s&#39;attend \u00e0 l&#39;int\u00e9r\u00eat de l&#39;Arabie saoudite cet \u00e9t\u00e9 &#8211; Man United News and Transfer News\"}]},{\"@type\":\"WebSite\",\"@id\":\"https:\/\/footdavant.fr\/actualites\/#website\",\"url\":\"https:\/\/footdavant.fr\/actualites\/\",\"name\":\"Foot d'avant\",\"description\":\"\",\"publisher\":{\"@id\":\"https:\/\/footdavant.fr\/actualites\/#organization\"},\"potentialAction\":[{\"@type\":\"SearchAction\",\"target\":{\"@type\":\"EntryPoint\",\"urlTemplate\":\"https:\/\/footdavant.fr\/actualites\/?s={search_term_string}\"},\"query-input\":\"required name=search_term_string\"}],\"inLanguage\":\"fr-FR\"},{\"@type\":\"Organization\",\"@id\":\"https:\/\/footdavant.fr\/actualites\/#organization\",\"name\":\"Foot d'avant\",\"url\":\"https:\/\/footdavant.fr\/actualites\/\",\"logo\":{\"@type\":\"ImageObject\",\"inLanguage\":\"fr-FR\",\"@id\":\"https:\/\/footdavant.fr\/actualites\/#\/schema\/logo\/image\/\",\"url\":\"https:\/\/footdavant.fr\/actualites\/wp-content\/uploads\/2023\/09\/Copy-of-FootDavant-Logo.png\",\"contentUrl\":\"https:\/\/footdavant.fr\/actualites\/wp-content\/uploads\/2023\/09\/Copy-of-FootDavant-Logo.png\",\"width\":936,\"height\":549,\"caption\":\"Foot d'avant\"},\"image\":{\"@id\":\"https:\/\/footdavant.fr\/actualites\/#\/schema\/logo\/image\/\"},\"sameAs\":[\"https:\/\/www.facebook.com\/Footdavant\/\",\"https:\/\/twitter.com\/FootdavantFr\",\"https:\/\/www.instagram.com\/footdavant.fr\/\"]},{\"@type\":\"Person\",\"@id\":\"https:\/\/footdavant.fr\/actualites\/#\/schema\/person\/bc222566d95871b37e597b3ed3ba5e1d\",\"name\":\"Cl\u00e9ment\",\"image\":{\"@type\":\"ImageObject\",\"inLanguage\":\"fr-FR\",\"@id\":\"https:\/\/footdavant.fr\/actualites\/#\/schema\/person\/image\/\",\"url\":\"https:\/\/secure.gravatar.com\/avatar\/7728b29aac2719421e1a9159b2254c44?s=96&d=mm&r=g\",\"contentUrl\":\"https:\/\/secure.gravatar.com\/avatar\/7728b29aac2719421e1a9159b2254c44?s=96&d=mm&r=g\",\"caption\":\"Cl\u00e9ment\"},\"sameAs\":[\"https:\/\/footdavant.fr\/\"]}]}<\/script>\n<!-- \/ Yoast SEO plugin. -->","yoast_head_json":{"title":"Le camp d&#39;Alejandro Garnacho s&#39;attend \u00e0 l&#39;int\u00e9r\u00eat de l&#39;Arabie saoudite cet \u00e9t\u00e9 - Man United News and Transfer News","robots":{"index":"index","follow":"follow","max-snippet":"max-snippet:-1","max-image-preview":"max-image-preview:large","max-video-preview":"max-video-preview:-1"},"canonical":"https:\/\/footdavant.fr\/actualites\/le-camp-dalejandro-garnacho-sattend-a-linteret-de-larabie-saoudite-cet-ete-man-united-news-and-transfer-news\/","og_locale":"fr_FR","og_type":"article","og_title":"Le camp d&#39;Alejandro Garnacho s&#39;attend \u00e0 l&#39;int\u00e9r\u00eat de l&#39;Arabie saoudite cet \u00e9t\u00e9 - Man United News and Transfer News","og_description":"2 Les repr\u00e9sentants d&#39;Alejandro Garnacho attendent l&#39;int\u00e9r\u00eat de la Saudi Pro League pour signer la starlette de Manchester United cet \u00e9t\u00e9, selon un rapport. Garnacho","og_url":"https:\/\/footdavant.fr\/actualites\/le-camp-dalejandro-garnacho-sattend-a-linteret-de-larabie-saoudite-cet-ete-man-united-news-and-transfer-news\/","og_site_name":"Foot d&#039;avant","article_publisher":"https:\/\/www.facebook.com\/Footdavant\/","article_published_time":"2025-05-23T15:48:17+00:00","og_image":[{"width":1600,"height":717,"url":"https:\/\/footdavant.fr\/actualites\/wp-content\/uploads\/2025\/04\/Napoli-pret-a-payer-tout-ce-qu39il-faut-pour-atterrir.jpg","type":"image\/jpeg"}],"author":"Cl\u00e9ment","twitter_card":"summary_large_image","twitter_creator":"@FootdavantFr","twitter_site":"@FootdavantFr","twitter_misc":{"\u00c9crit par":"Cl\u00e9ment","Dur\u00e9e de lecture estim\u00e9e":"3 minutes"},"schema":{"@context":"https:\/\/schema.org","@graph":[{"@type":"Article","@id":"https:\/\/footdavant.fr\/actualites\/le-camp-dalejandro-garnacho-sattend-a-linteret-de-larabie-saoudite-cet-ete-man-united-news-and-transfer-news\/#article","isPartOf":{"@id":"https:\/\/footdavant.fr\/actualites\/le-camp-dalejandro-garnacho-sattend-a-linteret-de-larabie-saoudite-cet-ete-man-united-news-and-transfer-news\/"},"author":{"name":"Cl\u00e9ment","@id":"https:\/\/footdavant.fr\/actualites\/#\/schema\/person\/bc222566d95871b37e597b3ed3ba5e1d"},"headline":"Le camp d&#39;Alejandro Garnacho s&#39;attend \u00e0 l&#39;int\u00e9r\u00eat de l&#39;Arabie saoudite cet \u00e9t\u00e9 &#8211; Man United News and Transfer News","datePublished":"2025-05-23T15:48:17+00:00","dateModified":"2025-05-23T15:48:17+00:00","mainEntityOfPage":{"@id":"https:\/\/footdavant.fr\/actualites\/le-camp-dalejandro-garnacho-sattend-a-linteret-de-larabie-saoudite-cet-ete-man-united-news-and-transfer-news\/"},"wordCount":530,"publisher":{"@id":"https:\/\/footdavant.fr\/actualites\/#organization"},"keywords":["camp","cet","d39Alejandro","\u00e9t\u00e9","Garnacho","l39Arabie","l39int\u00e9r\u00eat","Man","News","s39attend","Saoudite","Transfer","United"],"articleSection":["Football"],"inLanguage":"fr-FR"},{"@type":"WebPage","@id":"https:\/\/footdavant.fr\/actualites\/le-camp-dalejandro-garnacho-sattend-a-linteret-de-larabie-saoudite-cet-ete-man-united-news-and-transfer-news\/","url":"https:\/\/footdavant.fr\/actualites\/le-camp-dalejandro-garnacho-sattend-a-linteret-de-larabie-saoudite-cet-ete-man-united-news-and-transfer-news\/","name":"Le camp d&#39;Alejandro Garnacho s&#39;attend \u00e0 l&#39;int\u00e9r\u00eat de l&#39;Arabie saoudite cet \u00e9t\u00e9 - Man United News and Transfer News","isPartOf":{"@id":"https:\/\/footdavant.fr\/actualites\/#website"},"datePublished":"2025-05-23T15:48:17+00:00","dateModified":"2025-05-23T15:48:17+00:00","breadcrumb":{"@id":"https:\/\/footdavant.fr\/actualites\/le-camp-dalejandro-garnacho-sattend-a-linteret-de-larabie-saoudite-cet-ete-man-united-news-and-transfer-news\/#breadcrumb"},"inLanguage":"fr-FR","potentialAction":[{"@type":"ReadAction","target":["https:\/\/footdavant.fr\/actualites\/le-camp-dalejandro-garnacho-sattend-a-linteret-de-larabie-saoudite-cet-ete-man-united-news-and-transfer-news\/"]}]},{"@type":"BreadcrumbList","@id":"https:\/\/footdavant.fr\/actualites\/le-camp-dalejandro-garnacho-sattend-a-linteret-de-larabie-saoudite-cet-ete-man-united-news-and-transfer-news\/#breadcrumb","itemListElement":[{"@type":"ListItem","position":1,"name":"Accueil","item":"https:\/\/footdavant.fr\/actualites\/"},{"@type":"ListItem","position":2,"name":"Le camp d&#39;Alejandro Garnacho s&#39;attend \u00e0 l&#39;int\u00e9r\u00eat de l&#39;Arabie saoudite cet \u00e9t\u00e9 &#8211; Man United News and Transfer News"}]},{"@type":"WebSite","@id":"https:\/\/footdavant.fr\/actualites\/#website","url":"https:\/\/footdavant.fr\/actualites\/","name":"Foot d'avant","description":"","publisher":{"@id":"https:\/\/footdavant.fr\/actualites\/#organization"},"potentialAction":[{"@type":"SearchAction","target":{"@type":"EntryPoint","urlTemplate":"https:\/\/footdavant.fr\/actualites\/?s={search_term_string}"},"query-input":"required name=search_term_string"}],"inLanguage":"fr-FR"},{"@type":"Organization","@id":"https:\/\/footdavant.fr\/actualites\/#organization","name":"Foot d'avant","url":"https:\/\/footdavant.fr\/actualites\/","logo":{"@type":"ImageObject","inLanguage":"fr-FR","@id":"https:\/\/footdavant.fr\/actualites\/#\/schema\/logo\/image\/","url":"https:\/\/footdavant.fr\/actualites\/wp-content\/uploads\/2023\/09\/Copy-of-FootDavant-Logo.png","contentUrl":"https:\/\/footdavant.fr\/actualites\/wp-content\/uploads\/2023\/09\/Copy-of-FootDavant-Logo.png","width":936,"height":549,"caption":"Foot d'avant"},"image":{"@id":"https:\/\/footdavant.fr\/actualites\/#\/schema\/logo\/image\/"},"sameAs":["https:\/\/www.facebook.com\/Footdavant\/","https:\/\/twitter.com\/FootdavantFr","https:\/\/www.instagram.com\/footdavant.fr\/"]},{"@type":"Person","@id":"https:\/\/footdavant.fr\/actualites\/#\/schema\/person\/bc222566d95871b37e597b3ed3ba5e1d","name":"Cl\u00e9ment","image":{"@type":"ImageObject","inLanguage":"fr-FR","@id":"https:\/\/footdavant.fr\/actualites\/#\/schema\/person\/image\/","url":"https:\/\/secure.gravatar.com\/avatar\/7728b29aac2719421e1a9159b2254c44?s=96&d=mm&r=g","contentUrl":"https:\/\/secure.gravatar.com\/avatar\/7728b29aac2719421e1a9159b2254c44?s=96&d=mm&r=g","caption":"Cl\u00e9ment"},"sameAs":["https:\/\/footdavant.fr\/"]}]}},"_links":{"self":[{"href":"https:\/\/footdavant.fr\/actualites\/wp-json\/wp\/v2\/posts\/24241"}],"collection":[{"href":"https:\/\/footdavant.fr\/actualites\/wp-json\/wp\/v2\/posts"}],"about":[{"href":"https:\/\/footdavant.fr\/actualites\/wp-json\/wp\/v2\/types\/post"}],"author":[{"embeddable":true,"href":"https:\/\/footdavant.fr\/actualites\/wp-json\/wp\/v2\/users\/1"}],"replies":[{"embeddable":true,"href":"https:\/\/footdavant.fr\/actualites\/wp-json\/wp\/v2\/comments?post=24241"}],"version-history":[{"count":1,"href":"https:\/\/footdavant.fr\/actualites\/wp-json\/wp\/v2\/posts\/24241\/revisions"}],"predecessor-version":[{"id":24242,"href":"https:\/\/footdavant.fr\/actualites\/wp-json\/wp\/v2\/posts\/24241\/revisions\/24242"}],"wp:featuredmedia":[{"embeddable":true,"href":"https:\/\/footdavant.fr\/actualites\/wp-json\/wp\/v2\/media\/22932"}],"wp:attachment":[{"href":"https:\/\/footdavant.fr\/actualites\/wp-json\/wp\/v2\/media?parent=24241"}],"wp:term":[{"taxonomy":"category","embeddable":true,"href":"https:\/\/footdavant.fr\/actualites\/wp-json\/wp\/v2\/categories?post=24241"},{"taxonomy":"post_tag","embeddable":true,"href":"https:\/\/footdavant.fr\/actualites\/wp-json\/wp\/v2\/tags?post=24241"}],"curies":[{"name":"wp","href":"https:\/\/api.w.org\/{rel}","templated":true}]}}