{"id":24298,"date":"2025-05-25T09:48:05","date_gmt":"2025-05-25T07:48:05","guid":{"rendered":"https:\/\/footdavant.fr\/actualites\/jacque-vaughn-revient-au-kansas-en-tant-quentraineur-adjoint\/"},"modified":"2025-05-25T09:48:06","modified_gmt":"2025-05-25T07:48:06","slug":"jacque-vaughn-revient-au-kansas-en-tant-quentraineur-adjoint","status":"publish","type":"post","link":"https:\/\/footdavant.fr\/actualites\/jacque-vaughn-revient-au-kansas-en-tant-quentraineur-adjoint\/","title":{"rendered":"Jacque Vaughn revient au Kansas en tant qu&#39;entra\u00eeneur adjoint"},"content":{"rendered":"<div>\n<p data-start=\"395\" data-end=\"1019\">Il y a des retraits de retour, puis il y a des appels. Pour Jacque Vaughn, ce n&#39;est pas seulement un retour &#8211; c&#39;est une reconnexion. L&#39;ancienne star du Kansas, dont les empreintes digitales restent sur la fi\u00e8re tradition du programme, est retourn\u00e9e \u00e0 Lawrence, cette fois en tant qu&#39;entra\u00eeneur adjoint.<\/p>\n<p data-start=\"395\" data-end=\"1019\">Cette d\u00e9cision arrive \u00e0 un moment de r\u00e9flexion pour les Jayhawks, un sang bleu \u00e0 la recherche de l&#39;\u00e9tincelle qui se sentait autrefois si automatique. Pour Bill Self, il ne s&#39;agit pas seulement d&#39;ajouter de l&#39;exp\u00e9rience &#8211; il s&#39;agit d&#39;ajouter du c\u0153ur. Et pour Vaughn, apr\u00e8s des ann\u00e9es sur les plus grandes sc\u00e8nes de la NBA, c&#39;est un retour \u00e0 ce que son voyage de basket-ball commen\u00e7ait autrefois.<\/p>\n<blockquote class=\"twitter-tweet\">\n<p dir=\"ltr\" lang=\"en\">Kansas Great Jacque Vaughn revient \u00e0 Lawrence \ud83d\ude4c<\/p>\n<p>L&#39;ancien gardien du Kansas servira d&#39;assistant de Bill Self la saison prochaine \ud83d\udc4f <a rel=\"nofollow\" href=\"https:\/\/t.co\/0DDMymYxwn\">pic.twitter.com\/0ddmymyxwn<\/a><\/p>\n<p>&#8211; NCAA March Madness (@MarchMadnessMBB) <a rel=\"nofollow\" href=\"https:\/\/twitter.com\/MarchMadnessMBB\/status\/1925292442544140524?ref_src=twsrc%5Etfw\">21 mai 2025<\/a><\/p>\n<\/blockquote>\n<h2 data-start=\"1026\" data-end=\"1063\"><strong data-start=\"1030\" data-end=\"1063\">Le joueur devient le mentor<\/strong><\/h2>\n<p data-start=\"1065\" data-end=\"1489\">Le nom de Jacque Vaughn r\u00e9sonne encore dans les chevrons d&#39;Allen Fieldhouse &#8211; pas juste pour ce qu&#39;il a fait, mais comment il l&#39;a fait. De 1993 \u00e0 1997, il n&#39;\u00e9tait pas seulement le moteur des \u00e9quipes du Kansas de Roy Williams; Il \u00e9tait leur conscience. Un All-American \u00e0 deux reprises. Un grand joueur de 8 de l&#39;ann\u00e9e. Un meneur qui a d\u00e9fini l&#39;\u00e9quilibre et la pr\u00e9paration. Il a conduit le Kansas \u00e0 trois sweet 16S et un Elite Eight, et en cours de route, est devenu une figure bien-aim\u00e9e sur le campus.<\/p>\n<p data-start=\"1491\" data-end=\"1565\">Maintenant, il revient avec le poids de l&#39;exp\u00e9rience et le calme de la perspective.<\/p>\n<blockquote class=\"twitter-tweet\">\n<p dir=\"ltr\" lang=\"en\">Bienvenue \u00e0 la maison, Jacque Vaughn \ud83d\udd34\ud83d\udd35<\/p>\n<p>Le Great Kansas revient \u00e0 Lawrence en tant qu&#39;entra\u00eeneur adjoint<\/p>\n<p>\ud83d\udd17 \u2192 https:\/\/t.co\/gzenbglgyq <a rel=\"nofollow\" href=\"https:\/\/t.co\/r0ub4eIXwj\">pic.twitter.com\/r0ub4eixwj<\/a><\/p>\n<p>&#8211; Basketball masculin du Kansas (@kuhoops) <a rel=\"nofollow\" href=\"https:\/\/twitter.com\/KUHoops\/status\/1925269326011007239?ref_src=twsrc%5Etfw\">21 mai 2025<\/a><\/p>\n<\/blockquote>\n<p data-start=\"1567\" data-end=\"1829\">Le curriculum vitae post-jeu de Vaughn est riche. Un champion de la NBA avec les Spurs. Un disciple d&#39;entra\u00eeneur de Gregg Popovich. Un entra\u00eeneur-chef \u00e0 Orlando et \u00e0 Brooklyn. Les victoires et les pertes racontent une partie de l&#39;histoire. Les mentors dont il ont appris &#8211; et ceux qu&#39;il encadrent maintenant &#8211; vont plus.<\/p>\n<p data-start=\"1831\" data-end=\"1901\">Bill Self n&#39;a pas simplement embauch\u00e9 un entra\u00eeneur. Il a ramen\u00e9 \u00e0 la maison un porteur standard.<\/p>\n<p data-start=\"1903\" data-end=\"2196\">Alors que le Kansas s&#39;efforce de red\u00e9couvrir son identit\u00e9, la pr\u00e9sence de Vaughn se fera sentir dans les salles de cin\u00e9ma, les tribunaux d&#39;entra\u00eenement et les pourparlers de fin de soir\u00e9e. Et si son pass\u00e9 est une indication, il rappellera \u00e0 la prochaine g\u00e9n\u00e9ration que la grandeur n&#39;est pas seulement r\u00e9alis\u00e9e le soir du match, mais dans la fa\u00e7on dont vous vous portez chaque jour.<\/p>\n<h2 data-start=\"2203\" data-end=\"2244\"><strong data-start=\"2207\" data-end=\"2244\">Un programme \u00e0 la recherche de son impulsion<\/strong><\/h2>\n<p data-start=\"2246\" data-end=\"2525\">Depuis que les confettis sont tomb\u00e9s en 2022, le Kansas a poursuivi le rythme qu&#39;il savait autrefois. Des saisons cons\u00e9cutives avec les classements de pr\u00e9-saison sup\u00e9rieurs se sont termin\u00e9s avec les premi\u00e8res sorties et les vestiaires silencieux. L&#39;ann\u00e9e derni\u00e8re, une campagne de 21-13 s&#39;est termin\u00e9e par le chagrin &#8211; un tr\u00e9buchement au premier tour \u00e0 l&#39;Arkansas qui a coup\u00e9 profond\u00e9ment.<\/p>\n<p data-start=\"2527\" data-end=\"2581\">Ce n&#39;est pas seulement une question de pertes. Il s&#39;agit d&#39;attentes.<\/p>\n<p data-start=\"2583\" data-end=\"2765\">Le Kansas les a toujours port\u00e9s comme une couronne et un fardeau. Les banni\u00e8res ci-dessus ne permettent pas la m\u00e9diocrit\u00e9. Et pourtant, quelque chose s&#39;est l\u00e9g\u00e8rement senti. La chimie. Le bord. La croyance.<\/p>\n<p data-start=\"2767\" data-end=\"2989\">Jacque Vaughn ne r\u00e9parera pas cela seul. Mais il le comprend d&#39;une mani\u00e8re que peu peuvent. Il a \u00e9t\u00e9 le sous-classe et le leader senior. Il a \u00e9t\u00e9 le pro et l&#39;entra\u00eeneur. Il a port\u00e9 la pression et le privil\u00e8ge d&#39;\u00eatre un Jayhawk.<\/p>\n<p data-start=\"2991\" data-end=\"3218\">Son ajout au personnel de Self vient avec l&#39;espoir que la culture peut \u00eatre recalibr\u00e9e &#8211; pas \u00e0 travers des slogans ou des sch\u00e9mas, mais par pr\u00e9sence. Le genre qui entre dans une pi\u00e8ce et vous rappelle \u00e0 quoi ressemble le basket-ball du Kansas.<\/p>\n<h2 data-start=\"3225\" data-end=\"3263\"><strong data-start=\"3229\" data-end=\"3263\">Un retour \u00e0 la maison grav\u00e9 dans un but<\/strong><\/h2>\n<p data-start=\"3265\" data-end=\"3452\">Lorsque Jacque Vaughn reviendra dans Allen Fieldhouse, ce ne sera pas une recrue aux yeux \u00e9toil\u00e9e ou une opportunit\u00e9 d&#39;entra\u00eeneur \u00e0 la chasse. Ce sera en tant qu&#39;homme qui reviendra pour servir l&#39;endroit qui l&#39;a fa\u00e7onn\u00e9.<\/p>\n<p data-start=\"3454\" data-end=\"3502\">Ce n&#39;est pas une location de nostalgie. C&#39;est une location de valeurs.<\/p>\n<p data-start=\"3504\" data-end=\"3771\">Bill Self a qualifi\u00e9 Vaughn de \u00abmentor, entra\u00eeneur et repr\u00e9sentant du basket-ball du Kansas\u00bb. Cet ordre semble intentionnel. Parce qu&#39;\u00e0 une \u00e9poque o\u00f9 le sport se d\u00e9place souvent avec les tendances et les transactions, le Kansas parie sur quelque chose de plus profond: la connexion, la continuit\u00e9 et l&#39;engagement.<\/p>\n<blockquote class=\"twitter-tweet\">\n<p dir=\"ltr\" lang=\"en\">Jacque Vaughn<\/p>\n<p>22\/02\/1997<a rel=\"nofollow\" href=\"https:\/\/twitter.com\/hashtag\/RockChalk?src=hash&amp;ref_src=twsrc%5Etfw\">#Rockchalk<\/a><\/p>\n<p><a rel=\"nofollow\" href=\"https:\/\/t.co\/4gFvhmCl7Z\">pic.twitter.com\/4gfvhmcl7z<\/a><\/p>\n<p>&#8211; Jayhawks nostalgiques (@nostalgic_ku) <a rel=\"nofollow\" href=\"https:\/\/twitter.com\/nostalgic_ku\/status\/1925330301443530864?ref_src=twsrc%5Etfw\">21 mai 2025<\/a><\/p>\n<\/blockquote>\n<p data-start=\"3773\" data-end=\"3991\">Le voyage d&#39;entra\u00eeneur de Vaughn l&#39;a conduit \u00e0 travers les franchises, les vestiaires et les c\u00f4tes. Mais c&#39;est ici, \u00e0 Lawrence, o\u00f9 il revient maintenant pour redonner ce qu&#39;il a re\u00e7u: croyance, structure et sens d&#39;appartenance.<\/p>\n<p data-start=\"3993\" data-end=\"4102\">Les attentes restent \u00e9lev\u00e9s. Mais maintenant, la ligne de touche semble un peu plus famili\u00e8re. Un peu plus ancr\u00e9.<\/p>\n<p data-start=\"4104\" data-end=\"4241\">Et pour un programme qui cherche un renouvellement, le retour de Jacque Vaughn pourrait bien ressembler \u00e0 quelque chose de perdu &#8211; et maintenant red\u00e9couvert.<\/p>\n<\/p><\/div>\n<p><script async src=\"https:\/\/platform.twitter.com\/widgets.js\" charset=\"utf-8\"><\/script><\/p>\n","protected":false},"excerpt":{"rendered":"<p>Il y a des retraits de retour, puis il y a des appels. Pour Jacque Vaughn, ce n&#39;est pas seulement un retour &#8211; c&#39;est une<\/p>\n","protected":false},"author":1,"featured_media":24299,"comment_status":"closed","ping_status":"","sticky":false,"template":"","format":"standard","meta":{"footnotes":""},"categories":[3],"tags":[9320,9318,2709,6711,518,1124,9319],"yoast_head":"<!-- This site is optimized with the Yoast SEO plugin v21.0 - https:\/\/yoast.com\/wordpress\/plugins\/seo\/ -->\n<title>Jacque Vaughn revient au Kansas en tant qu&#039;entra\u00eeneur adjoint<\/title>\n<meta name=\"robots\" content=\"index, follow, max-snippet:-1, max-image-preview:large, max-video-preview:-1\" \/>\n<link rel=\"canonical\" href=\"https:\/\/footdavant.fr\/actualites\/jacque-vaughn-revient-au-kansas-en-tant-quentraineur-adjoint\/\" \/>\n<meta property=\"og:locale\" content=\"fr_FR\" \/>\n<meta property=\"og:type\" content=\"article\" \/>\n<meta property=\"og:title\" content=\"Jacque Vaughn revient au Kansas en tant qu&#039;entra\u00eeneur adjoint\" \/>\n<meta property=\"og:description\" content=\"Il y a des retraits de retour, puis il y a des appels. Pour Jacque Vaughn, ce n&#039;est pas seulement un retour &#8211; c&#039;est une\" \/>\n<meta property=\"og:url\" content=\"https:\/\/footdavant.fr\/actualites\/jacque-vaughn-revient-au-kansas-en-tant-quentraineur-adjoint\/\" \/>\n<meta property=\"og:site_name\" content=\"Foot d&#039;avant\" \/>\n<meta property=\"article:publisher\" content=\"https:\/\/www.facebook.com\/Footdavant\/\" \/>\n<meta property=\"article:published_time\" content=\"2025-05-25T07:48:05+00:00\" \/>\n<meta property=\"article:modified_time\" content=\"2025-05-25T07:48:06+00:00\" \/>\n<meta property=\"og:image\" content=\"https:\/\/footdavant.fr\/actualites\/wp-content\/uploads\/2025\/05\/Jacque-Vaughn-revient-au-Kansas-en-tant-qu39entraineur-adjoint.jpg\" \/>\n\t<meta property=\"og:image:width\" content=\"696\" \/>\n\t<meta property=\"og:image:height\" content=\"392\" \/>\n\t<meta property=\"og:image:type\" content=\"image\/jpeg\" \/>\n<meta name=\"author\" content=\"Cl\u00e9ment\" \/>\n<meta name=\"twitter:card\" content=\"summary_large_image\" \/>\n<meta name=\"twitter:creator\" content=\"@FootdavantFr\" \/>\n<meta name=\"twitter:site\" content=\"@FootdavantFr\" \/>\n<meta name=\"twitter:label1\" content=\"\u00c9crit par\" \/>\n\t<meta name=\"twitter:data1\" content=\"Cl\u00e9ment\" \/>\n\t<meta name=\"twitter:label2\" content=\"Dur\u00e9e de lecture estim\u00e9e\" \/>\n\t<meta name=\"twitter:data2\" content=\"5 minutes\" \/>\n<script type=\"application\/ld+json\" class=\"yoast-schema-graph\">{\"@context\":\"https:\/\/schema.org\",\"@graph\":[{\"@type\":\"Article\",\"@id\":\"https:\/\/footdavant.fr\/actualites\/jacque-vaughn-revient-au-kansas-en-tant-quentraineur-adjoint\/#article\",\"isPartOf\":{\"@id\":\"https:\/\/footdavant.fr\/actualites\/jacque-vaughn-revient-au-kansas-en-tant-quentraineur-adjoint\/\"},\"author\":{\"name\":\"Cl\u00e9ment\",\"@id\":\"https:\/\/footdavant.fr\/actualites\/#\/schema\/person\/bc222566d95871b37e597b3ed3ba5e1d\"},\"headline\":\"Jacque Vaughn revient au Kansas en tant qu&#39;entra\u00eeneur adjoint\",\"datePublished\":\"2025-05-25T07:48:05+00:00\",\"dateModified\":\"2025-05-25T07:48:06+00:00\",\"mainEntityOfPage\":{\"@id\":\"https:\/\/footdavant.fr\/actualites\/jacque-vaughn-revient-au-kansas-en-tant-quentraineur-adjoint\/\"},\"wordCount\":931,\"publisher\":{\"@id\":\"https:\/\/footdavant.fr\/actualites\/#organization\"},\"keywords\":[\"adjoint\",\"Jacque\",\"Kansas\",\"qu39entra\u00eeneur\",\"revient\",\"tant\",\"Vaughn\"],\"articleSection\":[\"Football\"],\"inLanguage\":\"fr-FR\"},{\"@type\":\"WebPage\",\"@id\":\"https:\/\/footdavant.fr\/actualites\/jacque-vaughn-revient-au-kansas-en-tant-quentraineur-adjoint\/\",\"url\":\"https:\/\/footdavant.fr\/actualites\/jacque-vaughn-revient-au-kansas-en-tant-quentraineur-adjoint\/\",\"name\":\"Jacque Vaughn revient au Kansas en tant qu&#39;entra\u00eeneur adjoint\",\"isPartOf\":{\"@id\":\"https:\/\/footdavant.fr\/actualites\/#website\"},\"datePublished\":\"2025-05-25T07:48:05+00:00\",\"dateModified\":\"2025-05-25T07:48:06+00:00\",\"breadcrumb\":{\"@id\":\"https:\/\/footdavant.fr\/actualites\/jacque-vaughn-revient-au-kansas-en-tant-quentraineur-adjoint\/#breadcrumb\"},\"inLanguage\":\"fr-FR\",\"potentialAction\":[{\"@type\":\"ReadAction\",\"target\":[\"https:\/\/footdavant.fr\/actualites\/jacque-vaughn-revient-au-kansas-en-tant-quentraineur-adjoint\/\"]}]},{\"@type\":\"BreadcrumbList\",\"@id\":\"https:\/\/footdavant.fr\/actualites\/jacque-vaughn-revient-au-kansas-en-tant-quentraineur-adjoint\/#breadcrumb\",\"itemListElement\":[{\"@type\":\"ListItem\",\"position\":1,\"name\":\"Accueil\",\"item\":\"https:\/\/footdavant.fr\/actualites\/\"},{\"@type\":\"ListItem\",\"position\":2,\"name\":\"Jacque Vaughn revient au Kansas en tant qu&#39;entra\u00eeneur adjoint\"}]},{\"@type\":\"WebSite\",\"@id\":\"https:\/\/footdavant.fr\/actualites\/#website\",\"url\":\"https:\/\/footdavant.fr\/actualites\/\",\"name\":\"Foot d'avant\",\"description\":\"\",\"publisher\":{\"@id\":\"https:\/\/footdavant.fr\/actualites\/#organization\"},\"potentialAction\":[{\"@type\":\"SearchAction\",\"target\":{\"@type\":\"EntryPoint\",\"urlTemplate\":\"https:\/\/footdavant.fr\/actualites\/?s={search_term_string}\"},\"query-input\":\"required name=search_term_string\"}],\"inLanguage\":\"fr-FR\"},{\"@type\":\"Organization\",\"@id\":\"https:\/\/footdavant.fr\/actualites\/#organization\",\"name\":\"Foot d'avant\",\"url\":\"https:\/\/footdavant.fr\/actualites\/\",\"logo\":{\"@type\":\"ImageObject\",\"inLanguage\":\"fr-FR\",\"@id\":\"https:\/\/footdavant.fr\/actualites\/#\/schema\/logo\/image\/\",\"url\":\"https:\/\/footdavant.fr\/actualites\/wp-content\/uploads\/2023\/09\/Copy-of-FootDavant-Logo.png\",\"contentUrl\":\"https:\/\/footdavant.fr\/actualites\/wp-content\/uploads\/2023\/09\/Copy-of-FootDavant-Logo.png\",\"width\":936,\"height\":549,\"caption\":\"Foot d'avant\"},\"image\":{\"@id\":\"https:\/\/footdavant.fr\/actualites\/#\/schema\/logo\/image\/\"},\"sameAs\":[\"https:\/\/www.facebook.com\/Footdavant\/\",\"https:\/\/twitter.com\/FootdavantFr\",\"https:\/\/www.instagram.com\/footdavant.fr\/\"]},{\"@type\":\"Person\",\"@id\":\"https:\/\/footdavant.fr\/actualites\/#\/schema\/person\/bc222566d95871b37e597b3ed3ba5e1d\",\"name\":\"Cl\u00e9ment\",\"image\":{\"@type\":\"ImageObject\",\"inLanguage\":\"fr-FR\",\"@id\":\"https:\/\/footdavant.fr\/actualites\/#\/schema\/person\/image\/\",\"url\":\"https:\/\/secure.gravatar.com\/avatar\/7728b29aac2719421e1a9159b2254c44?s=96&d=mm&r=g\",\"contentUrl\":\"https:\/\/secure.gravatar.com\/avatar\/7728b29aac2719421e1a9159b2254c44?s=96&d=mm&r=g\",\"caption\":\"Cl\u00e9ment\"},\"sameAs\":[\"https:\/\/footdavant.fr\/\"]}]}<\/script>\n<!-- \/ Yoast SEO plugin. -->","yoast_head_json":{"title":"Jacque Vaughn revient au Kansas en tant qu&#39;entra\u00eeneur adjoint","robots":{"index":"index","follow":"follow","max-snippet":"max-snippet:-1","max-image-preview":"max-image-preview:large","max-video-preview":"max-video-preview:-1"},"canonical":"https:\/\/footdavant.fr\/actualites\/jacque-vaughn-revient-au-kansas-en-tant-quentraineur-adjoint\/","og_locale":"fr_FR","og_type":"article","og_title":"Jacque Vaughn revient au Kansas en tant qu&#39;entra\u00eeneur adjoint","og_description":"Il y a des retraits de retour, puis il y a des appels. Pour Jacque Vaughn, ce n&#39;est pas seulement un retour &#8211; c&#39;est une","og_url":"https:\/\/footdavant.fr\/actualites\/jacque-vaughn-revient-au-kansas-en-tant-quentraineur-adjoint\/","og_site_name":"Foot d&#039;avant","article_publisher":"https:\/\/www.facebook.com\/Footdavant\/","article_published_time":"2025-05-25T07:48:05+00:00","article_modified_time":"2025-05-25T07:48:06+00:00","og_image":[{"width":696,"height":392,"url":"https:\/\/footdavant.fr\/actualites\/wp-content\/uploads\/2025\/05\/Jacque-Vaughn-revient-au-Kansas-en-tant-qu39entraineur-adjoint.jpg","type":"image\/jpeg"}],"author":"Cl\u00e9ment","twitter_card":"summary_large_image","twitter_creator":"@FootdavantFr","twitter_site":"@FootdavantFr","twitter_misc":{"\u00c9crit par":"Cl\u00e9ment","Dur\u00e9e de lecture estim\u00e9e":"5 minutes"},"schema":{"@context":"https:\/\/schema.org","@graph":[{"@type":"Article","@id":"https:\/\/footdavant.fr\/actualites\/jacque-vaughn-revient-au-kansas-en-tant-quentraineur-adjoint\/#article","isPartOf":{"@id":"https:\/\/footdavant.fr\/actualites\/jacque-vaughn-revient-au-kansas-en-tant-quentraineur-adjoint\/"},"author":{"name":"Cl\u00e9ment","@id":"https:\/\/footdavant.fr\/actualites\/#\/schema\/person\/bc222566d95871b37e597b3ed3ba5e1d"},"headline":"Jacque Vaughn revient au Kansas en tant qu&#39;entra\u00eeneur adjoint","datePublished":"2025-05-25T07:48:05+00:00","dateModified":"2025-05-25T07:48:06+00:00","mainEntityOfPage":{"@id":"https:\/\/footdavant.fr\/actualites\/jacque-vaughn-revient-au-kansas-en-tant-quentraineur-adjoint\/"},"wordCount":931,"publisher":{"@id":"https:\/\/footdavant.fr\/actualites\/#organization"},"keywords":["adjoint","Jacque","Kansas","qu39entra\u00eeneur","revient","tant","Vaughn"],"articleSection":["Football"],"inLanguage":"fr-FR"},{"@type":"WebPage","@id":"https:\/\/footdavant.fr\/actualites\/jacque-vaughn-revient-au-kansas-en-tant-quentraineur-adjoint\/","url":"https:\/\/footdavant.fr\/actualites\/jacque-vaughn-revient-au-kansas-en-tant-quentraineur-adjoint\/","name":"Jacque Vaughn revient au Kansas en tant qu&#39;entra\u00eeneur adjoint","isPartOf":{"@id":"https:\/\/footdavant.fr\/actualites\/#website"},"datePublished":"2025-05-25T07:48:05+00:00","dateModified":"2025-05-25T07:48:06+00:00","breadcrumb":{"@id":"https:\/\/footdavant.fr\/actualites\/jacque-vaughn-revient-au-kansas-en-tant-quentraineur-adjoint\/#breadcrumb"},"inLanguage":"fr-FR","potentialAction":[{"@type":"ReadAction","target":["https:\/\/footdavant.fr\/actualites\/jacque-vaughn-revient-au-kansas-en-tant-quentraineur-adjoint\/"]}]},{"@type":"BreadcrumbList","@id":"https:\/\/footdavant.fr\/actualites\/jacque-vaughn-revient-au-kansas-en-tant-quentraineur-adjoint\/#breadcrumb","itemListElement":[{"@type":"ListItem","position":1,"name":"Accueil","item":"https:\/\/footdavant.fr\/actualites\/"},{"@type":"ListItem","position":2,"name":"Jacque Vaughn revient au Kansas en tant qu&#39;entra\u00eeneur adjoint"}]},{"@type":"WebSite","@id":"https:\/\/footdavant.fr\/actualites\/#website","url":"https:\/\/footdavant.fr\/actualites\/","name":"Foot d'avant","description":"","publisher":{"@id":"https:\/\/footdavant.fr\/actualites\/#organization"},"potentialAction":[{"@type":"SearchAction","target":{"@type":"EntryPoint","urlTemplate":"https:\/\/footdavant.fr\/actualites\/?s={search_term_string}"},"query-input":"required name=search_term_string"}],"inLanguage":"fr-FR"},{"@type":"Organization","@id":"https:\/\/footdavant.fr\/actualites\/#organization","name":"Foot d'avant","url":"https:\/\/footdavant.fr\/actualites\/","logo":{"@type":"ImageObject","inLanguage":"fr-FR","@id":"https:\/\/footdavant.fr\/actualites\/#\/schema\/logo\/image\/","url":"https:\/\/footdavant.fr\/actualites\/wp-content\/uploads\/2023\/09\/Copy-of-FootDavant-Logo.png","contentUrl":"https:\/\/footdavant.fr\/actualites\/wp-content\/uploads\/2023\/09\/Copy-of-FootDavant-Logo.png","width":936,"height":549,"caption":"Foot d'avant"},"image":{"@id":"https:\/\/footdavant.fr\/actualites\/#\/schema\/logo\/image\/"},"sameAs":["https:\/\/www.facebook.com\/Footdavant\/","https:\/\/twitter.com\/FootdavantFr","https:\/\/www.instagram.com\/footdavant.fr\/"]},{"@type":"Person","@id":"https:\/\/footdavant.fr\/actualites\/#\/schema\/person\/bc222566d95871b37e597b3ed3ba5e1d","name":"Cl\u00e9ment","image":{"@type":"ImageObject","inLanguage":"fr-FR","@id":"https:\/\/footdavant.fr\/actualites\/#\/schema\/person\/image\/","url":"https:\/\/secure.gravatar.com\/avatar\/7728b29aac2719421e1a9159b2254c44?s=96&d=mm&r=g","contentUrl":"https:\/\/secure.gravatar.com\/avatar\/7728b29aac2719421e1a9159b2254c44?s=96&d=mm&r=g","caption":"Cl\u00e9ment"},"sameAs":["https:\/\/footdavant.fr\/"]}]}},"_links":{"self":[{"href":"https:\/\/footdavant.fr\/actualites\/wp-json\/wp\/v2\/posts\/24298"}],"collection":[{"href":"https:\/\/footdavant.fr\/actualites\/wp-json\/wp\/v2\/posts"}],"about":[{"href":"https:\/\/footdavant.fr\/actualites\/wp-json\/wp\/v2\/types\/post"}],"author":[{"embeddable":true,"href":"https:\/\/footdavant.fr\/actualites\/wp-json\/wp\/v2\/users\/1"}],"replies":[{"embeddable":true,"href":"https:\/\/footdavant.fr\/actualites\/wp-json\/wp\/v2\/comments?post=24298"}],"version-history":[{"count":1,"href":"https:\/\/footdavant.fr\/actualites\/wp-json\/wp\/v2\/posts\/24298\/revisions"}],"predecessor-version":[{"id":24300,"href":"https:\/\/footdavant.fr\/actualites\/wp-json\/wp\/v2\/posts\/24298\/revisions\/24300"}],"wp:featuredmedia":[{"embeddable":true,"href":"https:\/\/footdavant.fr\/actualites\/wp-json\/wp\/v2\/media\/24299"}],"wp:attachment":[{"href":"https:\/\/footdavant.fr\/actualites\/wp-json\/wp\/v2\/media?parent=24298"}],"wp:term":[{"taxonomy":"category","embeddable":true,"href":"https:\/\/footdavant.fr\/actualites\/wp-json\/wp\/v2\/categories?post=24298"},{"taxonomy":"post_tag","embeddable":true,"href":"https:\/\/footdavant.fr\/actualites\/wp-json\/wp\/v2\/tags?post=24298"}],"curies":[{"name":"wp","href":"https:\/\/api.w.org\/{rel}","templated":true}]}}