{"id":24461,"date":"2025-05-29T19:48:03","date_gmt":"2025-05-29T17:48:03","guid":{"rendered":"https:\/\/footdavant.fr\/actualites\/les-objectifs-de-lhomme-les-plus-memorables-de-kevin-de-bruyne-bernabeu-beauty-emblematique-arsenal-strike-stamford-bridge-stunner\/"},"modified":"2025-05-29T19:48:05","modified_gmt":"2025-05-29T17:48:05","slug":"les-objectifs-de-lhomme-les-plus-memorables-de-kevin-de-bruyne-bernabeu-beauty-emblematique-arsenal-strike-stamford-bridge-stunner","status":"publish","type":"post","link":"https:\/\/footdavant.fr\/actualites\/les-objectifs-de-lhomme-les-plus-memorables-de-kevin-de-bruyne-bernabeu-beauty-emblematique-arsenal-strike-stamford-bridge-stunner\/","title":{"rendered":"Les objectifs de l&#39;homme les plus m\u00e9morables de Kevin De Bruyne: Bernabeu Beauty, embl\u00e9matique Arsenal Strike, Stamford Bridge Stunner"},"content":{"rendered":"<p>Sports Mole jette un coup d&#39;\u0153il \u00e0 cinq buts m\u00e9morables marqu\u00e9s par Kevin de Bruyne pendant son s\u00e9jour \u00e0 Man City.<\/p>\n<div id=\"article_body\" itemprop=\"articleBody\">\n<p class=\"firstPara\"><strong class=\"autotag\">Kevin de Bruyne<\/strong> devrait faire sa 422e et derni\u00e8re apparition pour <strong class=\"autotag\">MANCHESTER CITY<\/strong> Quand ils affronteront Fulham \u00e0 Craven Cottage en Premier League dimanche apr\u00e8s-midi.<\/p>\n<p>L&#39;homme de 33 ans a annonc\u00e9 le mois dernier qu&#39;il ferait tomber le rideau dans une carri\u00e8re \u00e9tincelante de 10 ans en tant que joueur de citoyens lorsque son contrat expire \u00e0 la fin de la saison.<\/p>\n<p>De Bruyne a fait ses adieux \u00e9motionnels aux partisans de Man City apr\u00e8s avoir fait son apparition finale Etihad dans un <strong>3-1 Victoire sur Bournemouth<\/strong> mardi soir.<\/p>\n<p>L&#39;international belge a \u00e9tonnamment rat\u00e9 une gardienne en premi\u00e8re mi-temps et n&#39;a pas pu ajouter aux 108 buts qu&#39;il a marqu\u00e9s pour Man City depuis qu&#39;il a rejoint le club \u00e0 l&#39;\u00e9t\u00e9 2015, mais il aura une derni\u00e8re occasion pour faire le filet contre Fulham ce week-end.<\/p>\n<p>De Bruyne a b\u00e2ti la r\u00e9putation d&#39;\u00eatre l&#39;un des meilleurs meneurs de jeu du football mondial, mais il a \u00e9galement marqu\u00e9 une pl\u00e9thore d&#39;objectifs impressionnants et importants en tant que star des citoyens au fil des ans.<\/p>\n<p>Ici, <strong>Taupe de sport<\/strong> Jet un coup d&#39;\u0153il \u00e0 cinq buts m\u00e9morables marqu\u00e9s par De Bruyne pendant son s\u00e9jour \u00e0 Man City.<\/p>\n<hr>\n<h2 class=\"k3\">Man City 1-0 <strong class=\"autotag\">Paris Saint-Germain<\/strong> | Ligue des champions | Avril 2016<\/h2>\n<p><a href=\"https:\/\/www.youtube.com\/watch?v=bov45ao9jea\">https:\/\/www.youtube.com\/watch?v=bov45ao9jea<\/a><br \/>Sous la tutelle de <strong class=\"autotag\">Manuel Pellegrini<\/strong>Man City a sign\u00e9 De Bruyne pour 54 millions de livres sterling de Wolfsburg apr\u00e8s avoir \u00e9t\u00e9 couronn\u00e9 joueur de l&#39;ann\u00e9e Bundesliga.<\/p>\n<p>Il n&#39;a pas fallu longtemps \u00e0 De Bruyne pour s&#39;\u00e9tablir comme un habitu\u00e9 de la premi\u00e8re \u00e9quipe et il a fait sentir sa pr\u00e9sence \u00e0 travers un quart de finale de la Ligue des champions \u00e0 deux pattes avec les g\u00e9ants fran\u00e7ais Paris Saint-Germain.<\/p>\n<p>Apr\u00e8s avoir ouvert le score dans un match nul \u00e0 2-2 \u00e0 la premi\u00e8re jambe au Parc des Princes, de Bruyne s&#39;est intensifi\u00e9 pour faire la diff\u00e9rence dans une affaire de deuxi\u00e8me \u00e9tape serr\u00e9e \u00e0 l&#39;Etihad, curling une belle frappe priv\u00e9e de matchs de l&#39;ext\u00e9rieur de la surface de p\u00e9nalit\u00e9 dans le coin inf\u00e9rieur 14 minutes \u00e0 partir du temps &#8211; une superbe frappe qui a scell\u00e9 un agr\u00e9gat 3-2 Gagnant et a tir\u00e9 l&#39;homme de l&#39;homme dans le champion de la Ligue des champions Semi-Finals pour la premi\u00e8re fois pour le premier temps.<\/p>\n<p>\u00c0 ce stade de la saison 2015-2016, De Bruyne a r\u00e9ussi \u00e0 27 buts toutes les comp\u00e9titions pour les citoyens (15 buts, 12 passes d\u00e9cisives) qui \u00e9tait un sommet conjoint pour le club aux c\u00f4t\u00e9s <strong class=\"autotag\">Sergio Aguero<\/strong>.<\/p>\n<hr>\n<h2 class=\"k3\">\n<strong class=\"autotag\">Ch\u00e9lat<\/strong> 0-1 MAN CITY | Premier League | Septembre 2017<\/h2>\n<p><a href=\"https:\/\/www.youtube.com\/watch?v=p6k_3iab2zc\">https:\/\/www.youtube.com\/watch?v=p6k_3iab2zc<\/a><\/p>\n<p>De Bruyne estime que \u00ab\u00a0l&#39;un des objectifs les plus importants\u00a0\u00bb qu&#39;il a marqu\u00e9s pour Man City \u00e9tait contre son ancien club Chelsea au d\u00e9but de la saison 2017-18 au cours de laquelle il a remport\u00e9 son premier titre de Premier League avec le manager <strong class=\"autotag\">Pep guodiola<\/strong>.<\/p>\n<p>Chelsea a \u00e9t\u00e9 les champions en titre, mais ils ont laiss\u00e9 tomber des points dans deux de leurs trois premiers matches de la Ligue \u00e0 domicile, tandis que Man City s&#39;est rendu \u00e0 Stamford Bridge en humeur dynamique apr\u00e8s avoir remport\u00e9 cinq et a tir\u00e9 l&#39;un de ses six premiers matchs.<\/p>\n<p>De Bruyne, une figure centrale de l&#39;\u00e9quipe de Guardiola, n&#39;a pas pu obtenir son nom sur la feuille de match pendant cette course, mais il a ouvert son compte pour la campagne de mani\u00e8re prolifique contre Chelsea, frappant un doux tour gauche au-del\u00e0 du compatriote belge <strong class=\"autotag\">Thibaut Courtois<\/strong> Pour sceller une mince victoire 1-0, qui a donn\u00e9 aux citoyens la croyance de soulever le titre cette saison-l\u00e0.<\/p>\n<hr>\n<h2 class=\"k3\">\n<strong class=\"autotag\">Newcastle United<\/strong> 2-2 MAN CITY | Premier League | Novembre 2019<\/h2>\n<p><a href=\"https:\/\/www.youtube.com\/watch?v=v5p6ty3oe48\">https:\/\/www.youtube.com\/watch?v=v5p6ty3oe48<\/a><\/p>\n<p>Man City n&#39;a peut-\u00eatre pas remport\u00e9 le titre de Premier League en 2019-2020, mais c&#39;\u00e9tait toujours une saison m\u00e9morable pour de Bruyne \u00e0 plus d&#39;un titre.<\/p>\n<p>Non seulement il a enregistr\u00e9 un record conjoint de tous les temps 20 passes d\u00e9cisives de Premier League pour remporter le prix du meneur de jeu de l&#39;ann\u00e9e, mais il a \u00e9galement remport\u00e9 l&#39;objectif en PL du mois et le but de Man City des prix de la saison pour une gr\u00e8ve tonitruante contre Newcastle.<\/p>\n<p>Il n&#39;y a pas beaucoup mieux dans le football qu&#39;une demi-vol\u00e9e doucement frapp\u00e9e de l&#39;ext\u00e9rieur de la zone qui tire hors de la barre transversale; De Bruyne a fait exactement cela pour renforcer son statut de l&#39;un des joueurs les plus dou\u00e9s de la division.<\/p>\n<p>Malheureusement pour De Bruyne et City, cette gr\u00e8ve de la 82e minute a \u00e9t\u00e9 annul\u00e9e six minutes plus tard par un effort \u00e0 longue port\u00e9e du milieu de terrain de Magpies <strong class=\"autotag\">Jonjo Shelvey<\/strong>.<\/p>\n<hr>\n<h2 class=\"k3\">Man City 4-1 <strong class=\"autotag\">Arsenal<\/strong> | Premier League | Avril 2023<\/h2>\n<p><a href=\"https:\/\/www.youtube.com\/watch?v=csohibfekb4\">https:\/\/www.youtube.com\/watch?v=csohibfekb4<\/a><\/p>\n<p>Apr\u00e8s avoir r\u00e9guli\u00e8rement lutt\u00e9 contre Liverpool pour la premi\u00e8re place en Premier League, Man City a \u00e9t\u00e9 pouss\u00e9 tout au long <strong class=\"autotag\">Mikel Arteta<\/strong>a Arsenal \u00e0 la chasse pour un troisi\u00e8me titre successif en 2022-2010.<\/p>\n<p>De Bruyne a prouv\u00e9 une fois de plus qu&#39;il savoure l&#39;intensification de la grande occasion lorsqu&#39;il a jou\u00e9 dans les rencontres \u00e0 domicile et \u00e0 l&#39;ext\u00e9rieur contre les Gunners, marquant un superbe lob dans une victoire 3-1 au stade Emirates une nuit o\u00f9 l&#39;\u00e9lan du titre a chang\u00e9 en faveur de la ville.<\/p>\n<p>Quelques mois plus tard, De Bruyne a produit un affichage de l&#39;homme du match dans le match invers\u00e9, marquant deux fois alors que l&#39;\u00e9quipe de Guardiola a livr\u00e9 une masterclass pour submerger les Gunners avec une victoire \u00e0 domicile 4-1. <\/p>\n<p>L&#39;Etihad a \u00e9clat\u00e9 lorsque De Bruyne a inscrit un ouvreur soyeux m\u00e9morable en sept minutes, conduisant puissamment \u00e0 la ligne de fond d&#39;Arsenal avant de glisser un tir de 20 verges dans le coin inf\u00e9rieur &#8211; un moment qui a depuis \u00e9t\u00e9 r\u00e9guli\u00e8rement surveill\u00e9 par des partisans des citoyens.<\/p>\n<p>Le deuxi\u00e8me de Man City est venu sur le coup de la mi-temps d&#39;un coup franc de Bruyne amorti qui a fait la t\u00eate \u00e0 la maison par <strong class=\"autotag\">John Stones<\/strong>avant que le n \u00b0 17 de la ville ne ajoute un troisi\u00e8me apr\u00e8s la pause avec une finition lat\u00e9rale compos\u00e9e pour mettre les citoyens fermement en contr\u00f4le. <\/p>\n<hr>\n<h2 class=\"k3\">\n<strong class=\"autotag\">Real Madrid<\/strong> 1-1 MAN CITY | Ligue des champions | Mai 2023<\/h2>\n<p><a href=\"https:\/\/www.youtube.com\/watch?v=gnfxd8cgycc\">https:\/\/www.youtube.com\/watch?v=gnfxd8cgycc<\/a><\/p>\n<p>De Bruyne s&#39;est de nouveau intensifi\u00e9e un mois plus tard, cette fois en demi-finale de la Ligue des champions contre les vainqueurs europ\u00e9ens du Real Madrid au Santiago Bernabeu. <\/p>\n<p>Cette bataille \u00e9troitement contest\u00e9e \u00e9tait l&#39;une des deux roquettes; <strong class=\"autotag\">Vinicius junior<\/strong> a tir\u00e9 Los Blancos devant avec un coup de foudre de 25 verges vers la fin de la premi\u00e8re mi-temps, et il semble que City aurait du mal \u00e0 supprimer les h\u00f4tes espagnols.<\/p>\n<p>Cependant, tout comme le Real Madrid a commenc\u00e9 \u00e0 dominer les proc\u00e9dures en seconde p\u00e9riode, City a r\u00e9tabli la parit\u00e9 \u00e0 travers De Bruyne, qui a \u00e9chou\u00e9 un premier tir \u00e0 pied de l&#39;ext\u00e9rieur de la zone dans le coin inf\u00e9rieur &#8211; la c\u00e9l\u00e9bration de la Belge \u00e9tait \u00e9motionnelle alors qu&#39;il tombait \u00e0 genoux devant le soutien jubilais \u00e0 l&#39;ext\u00e9rieur de la ville. <\/p>\n<p>Le butin a \u00e9t\u00e9 partag\u00e9 en Espagne avant que Man City ne ma\u00eetrise le Real Madrid avec une magnifique victoire de 4-0 \u00e0 la deuxi\u00e8me \u00e9tape en route pour remporter son tout premier troph\u00e9e de la Ligue des champions, battant l&#39;Inter Milan en finale et terminant un triple historique.<\/p>\n<hr>\n<div class=\"author_box\">\n<div class=\"author_box_banner\">\n<\/div>\n<\/div>\n<\/div>\n","protected":false},"excerpt":{"rendered":"<p>Sports Mole jette un coup d&#39;\u0153il \u00e0 cinq buts m\u00e9morables marqu\u00e9s par Kevin de Bruyne pendant son s\u00e9jour \u00e0 Man City. Kevin de Bruyne devrait<\/p>\n","protected":false},"author":1,"featured_media":24462,"comment_status":"closed","ping_status":"","sticky":false,"template":"","format":"standard","meta":{"footnotes":""},"categories":[5],"tags":[67,9362,7384,3881,1732,9363,1731,4674,93,9113,3274,3880,8863,8247],"yoast_head":"<!-- This site is optimized with the Yoast SEO plugin v21.0 - https:\/\/yoast.com\/wordpress\/plugins\/seo\/ -->\n<title>Les objectifs de l&#039;homme les plus m\u00e9morables de Kevin De Bruyne: Bernabeu Beauty, embl\u00e9matique Arsenal Strike, Stamford Bridge Stunner<\/title>\n<meta name=\"robots\" content=\"index, follow, max-snippet:-1, max-image-preview:large, max-video-preview:-1\" \/>\n<link rel=\"canonical\" href=\"https:\/\/footdavant.fr\/actualites\/les-objectifs-de-lhomme-les-plus-memorables-de-kevin-de-bruyne-bernabeu-beauty-emblematique-arsenal-strike-stamford-bridge-stunner\/\" \/>\n<meta property=\"og:locale\" content=\"fr_FR\" \/>\n<meta property=\"og:type\" content=\"article\" \/>\n<meta property=\"og:title\" content=\"Les objectifs de l&#039;homme les plus m\u00e9morables de Kevin De Bruyne: Bernabeu Beauty, embl\u00e9matique Arsenal Strike, Stamford Bridge Stunner\" \/>\n<meta property=\"og:description\" content=\"Sports Mole jette un coup d&#039;\u0153il \u00e0 cinq buts m\u00e9morables marqu\u00e9s par Kevin de Bruyne pendant son s\u00e9jour \u00e0 Man City. Kevin de Bruyne devrait\" \/>\n<meta property=\"og:url\" content=\"https:\/\/footdavant.fr\/actualites\/les-objectifs-de-lhomme-les-plus-memorables-de-kevin-de-bruyne-bernabeu-beauty-emblematique-arsenal-strike-stamford-bridge-stunner\/\" \/>\n<meta property=\"og:site_name\" content=\"Foot d&#039;avant\" \/>\n<meta property=\"article:publisher\" content=\"https:\/\/www.facebook.com\/Footdavant\/\" \/>\n<meta property=\"article:published_time\" content=\"2025-05-29T17:48:03+00:00\" \/>\n<meta property=\"article:modified_time\" content=\"2025-05-29T17:48:05+00:00\" \/>\n<meta property=\"og:image\" content=\"https:\/\/footdavant.fr\/actualites\/wp-content\/uploads\/2025\/05\/Les-objectifs-de-l39homme-les-plus-memorables-de-Kevin-De.jpg\" \/>\n\t<meta property=\"og:image:width\" content=\"100\" \/>\n\t<meta property=\"og:image:height\" content=\"120\" \/>\n\t<meta property=\"og:image:type\" content=\"image\/jpeg\" \/>\n<meta name=\"author\" content=\"Cl\u00e9ment\" \/>\n<meta name=\"twitter:card\" content=\"summary_large_image\" \/>\n<meta name=\"twitter:creator\" content=\"@FootdavantFr\" \/>\n<meta name=\"twitter:site\" content=\"@FootdavantFr\" \/>\n<meta name=\"twitter:label1\" content=\"\u00c9crit par\" \/>\n\t<meta name=\"twitter:data1\" content=\"Cl\u00e9ment\" \/>\n\t<meta name=\"twitter:label2\" content=\"Dur\u00e9e de lecture estim\u00e9e\" \/>\n\t<meta name=\"twitter:data2\" content=\"7 minutes\" \/>\n<script type=\"application\/ld+json\" class=\"yoast-schema-graph\">{\"@context\":\"https:\/\/schema.org\",\"@graph\":[{\"@type\":\"Article\",\"@id\":\"https:\/\/footdavant.fr\/actualites\/les-objectifs-de-lhomme-les-plus-memorables-de-kevin-de-bruyne-bernabeu-beauty-emblematique-arsenal-strike-stamford-bridge-stunner\/#article\",\"isPartOf\":{\"@id\":\"https:\/\/footdavant.fr\/actualites\/les-objectifs-de-lhomme-les-plus-memorables-de-kevin-de-bruyne-bernabeu-beauty-emblematique-arsenal-strike-stamford-bridge-stunner\/\"},\"author\":{\"name\":\"Cl\u00e9ment\",\"@id\":\"https:\/\/footdavant.fr\/actualites\/#\/schema\/person\/bc222566d95871b37e597b3ed3ba5e1d\"},\"headline\":\"Les objectifs de l&#39;homme les plus m\u00e9morables de Kevin De Bruyne: Bernabeu Beauty, embl\u00e9matique Arsenal Strike, Stamford Bridge Stunner\",\"datePublished\":\"2025-05-29T17:48:03+00:00\",\"dateModified\":\"2025-05-29T17:48:05+00:00\",\"mainEntityOfPage\":{\"@id\":\"https:\/\/footdavant.fr\/actualites\/les-objectifs-de-lhomme-les-plus-memorables-de-kevin-de-bruyne-bernabeu-beauty-emblematique-arsenal-strike-stamford-bridge-stunner\/\"},\"wordCount\":1367,\"publisher\":{\"@id\":\"https:\/\/footdavant.fr\/actualites\/#organization\"},\"keywords\":[\"Arsenal\",\"Beauty\",\"Bernabeu\",\"Bridge\",\"Bruyne\",\"embl\u00e9matique\",\"Kevin\",\"L39homme\",\"les\",\"m\u00e9morables\",\"objectifs\",\"Stamford\",\"Strike\",\"Stunner\"],\"articleSection\":[\"Premier League\"],\"inLanguage\":\"fr-FR\"},{\"@type\":\"WebPage\",\"@id\":\"https:\/\/footdavant.fr\/actualites\/les-objectifs-de-lhomme-les-plus-memorables-de-kevin-de-bruyne-bernabeu-beauty-emblematique-arsenal-strike-stamford-bridge-stunner\/\",\"url\":\"https:\/\/footdavant.fr\/actualites\/les-objectifs-de-lhomme-les-plus-memorables-de-kevin-de-bruyne-bernabeu-beauty-emblematique-arsenal-strike-stamford-bridge-stunner\/\",\"name\":\"Les objectifs de l&#39;homme les plus m\u00e9morables de Kevin De Bruyne: Bernabeu Beauty, embl\u00e9matique Arsenal Strike, Stamford Bridge Stunner\",\"isPartOf\":{\"@id\":\"https:\/\/footdavant.fr\/actualites\/#website\"},\"datePublished\":\"2025-05-29T17:48:03+00:00\",\"dateModified\":\"2025-05-29T17:48:05+00:00\",\"breadcrumb\":{\"@id\":\"https:\/\/footdavant.fr\/actualites\/les-objectifs-de-lhomme-les-plus-memorables-de-kevin-de-bruyne-bernabeu-beauty-emblematique-arsenal-strike-stamford-bridge-stunner\/#breadcrumb\"},\"inLanguage\":\"fr-FR\",\"potentialAction\":[{\"@type\":\"ReadAction\",\"target\":[\"https:\/\/footdavant.fr\/actualites\/les-objectifs-de-lhomme-les-plus-memorables-de-kevin-de-bruyne-bernabeu-beauty-emblematique-arsenal-strike-stamford-bridge-stunner\/\"]}]},{\"@type\":\"BreadcrumbList\",\"@id\":\"https:\/\/footdavant.fr\/actualites\/les-objectifs-de-lhomme-les-plus-memorables-de-kevin-de-bruyne-bernabeu-beauty-emblematique-arsenal-strike-stamford-bridge-stunner\/#breadcrumb\",\"itemListElement\":[{\"@type\":\"ListItem\",\"position\":1,\"name\":\"Accueil\",\"item\":\"https:\/\/footdavant.fr\/actualites\/\"},{\"@type\":\"ListItem\",\"position\":2,\"name\":\"Les objectifs de l&#39;homme les plus m\u00e9morables de Kevin De Bruyne: Bernabeu Beauty, embl\u00e9matique Arsenal Strike, Stamford Bridge Stunner\"}]},{\"@type\":\"WebSite\",\"@id\":\"https:\/\/footdavant.fr\/actualites\/#website\",\"url\":\"https:\/\/footdavant.fr\/actualites\/\",\"name\":\"Foot d'avant\",\"description\":\"\",\"publisher\":{\"@id\":\"https:\/\/footdavant.fr\/actualites\/#organization\"},\"potentialAction\":[{\"@type\":\"SearchAction\",\"target\":{\"@type\":\"EntryPoint\",\"urlTemplate\":\"https:\/\/footdavant.fr\/actualites\/?s={search_term_string}\"},\"query-input\":\"required name=search_term_string\"}],\"inLanguage\":\"fr-FR\"},{\"@type\":\"Organization\",\"@id\":\"https:\/\/footdavant.fr\/actualites\/#organization\",\"name\":\"Foot d'avant\",\"url\":\"https:\/\/footdavant.fr\/actualites\/\",\"logo\":{\"@type\":\"ImageObject\",\"inLanguage\":\"fr-FR\",\"@id\":\"https:\/\/footdavant.fr\/actualites\/#\/schema\/logo\/image\/\",\"url\":\"https:\/\/footdavant.fr\/actualites\/wp-content\/uploads\/2023\/09\/Copy-of-FootDavant-Logo.png\",\"contentUrl\":\"https:\/\/footdavant.fr\/actualites\/wp-content\/uploads\/2023\/09\/Copy-of-FootDavant-Logo.png\",\"width\":936,\"height\":549,\"caption\":\"Foot d'avant\"},\"image\":{\"@id\":\"https:\/\/footdavant.fr\/actualites\/#\/schema\/logo\/image\/\"},\"sameAs\":[\"https:\/\/www.facebook.com\/Footdavant\/\",\"https:\/\/twitter.com\/FootdavantFr\",\"https:\/\/www.instagram.com\/footdavant.fr\/\"]},{\"@type\":\"Person\",\"@id\":\"https:\/\/footdavant.fr\/actualites\/#\/schema\/person\/bc222566d95871b37e597b3ed3ba5e1d\",\"name\":\"Cl\u00e9ment\",\"image\":{\"@type\":\"ImageObject\",\"inLanguage\":\"fr-FR\",\"@id\":\"https:\/\/footdavant.fr\/actualites\/#\/schema\/person\/image\/\",\"url\":\"https:\/\/secure.gravatar.com\/avatar\/7728b29aac2719421e1a9159b2254c44?s=96&d=mm&r=g\",\"contentUrl\":\"https:\/\/secure.gravatar.com\/avatar\/7728b29aac2719421e1a9159b2254c44?s=96&d=mm&r=g\",\"caption\":\"Cl\u00e9ment\"},\"sameAs\":[\"https:\/\/footdavant.fr\/\"]}]}<\/script>\n<!-- \/ Yoast SEO plugin. -->","yoast_head_json":{"title":"Les objectifs de l&#39;homme les plus m\u00e9morables de Kevin De Bruyne: Bernabeu Beauty, embl\u00e9matique Arsenal Strike, Stamford Bridge Stunner","robots":{"index":"index","follow":"follow","max-snippet":"max-snippet:-1","max-image-preview":"max-image-preview:large","max-video-preview":"max-video-preview:-1"},"canonical":"https:\/\/footdavant.fr\/actualites\/les-objectifs-de-lhomme-les-plus-memorables-de-kevin-de-bruyne-bernabeu-beauty-emblematique-arsenal-strike-stamford-bridge-stunner\/","og_locale":"fr_FR","og_type":"article","og_title":"Les objectifs de l&#39;homme les plus m\u00e9morables de Kevin De Bruyne: Bernabeu Beauty, embl\u00e9matique Arsenal Strike, Stamford Bridge Stunner","og_description":"Sports Mole jette un coup d&#39;\u0153il \u00e0 cinq buts m\u00e9morables marqu\u00e9s par Kevin de Bruyne pendant son s\u00e9jour \u00e0 Man City. Kevin de Bruyne devrait","og_url":"https:\/\/footdavant.fr\/actualites\/les-objectifs-de-lhomme-les-plus-memorables-de-kevin-de-bruyne-bernabeu-beauty-emblematique-arsenal-strike-stamford-bridge-stunner\/","og_site_name":"Foot d&#039;avant","article_publisher":"https:\/\/www.facebook.com\/Footdavant\/","article_published_time":"2025-05-29T17:48:03+00:00","article_modified_time":"2025-05-29T17:48:05+00:00","og_image":[{"width":100,"height":120,"url":"https:\/\/footdavant.fr\/actualites\/wp-content\/uploads\/2025\/05\/Les-objectifs-de-l39homme-les-plus-memorables-de-Kevin-De.jpg","type":"image\/jpeg"}],"author":"Cl\u00e9ment","twitter_card":"summary_large_image","twitter_creator":"@FootdavantFr","twitter_site":"@FootdavantFr","twitter_misc":{"\u00c9crit par":"Cl\u00e9ment","Dur\u00e9e de lecture estim\u00e9e":"7 minutes"},"schema":{"@context":"https:\/\/schema.org","@graph":[{"@type":"Article","@id":"https:\/\/footdavant.fr\/actualites\/les-objectifs-de-lhomme-les-plus-memorables-de-kevin-de-bruyne-bernabeu-beauty-emblematique-arsenal-strike-stamford-bridge-stunner\/#article","isPartOf":{"@id":"https:\/\/footdavant.fr\/actualites\/les-objectifs-de-lhomme-les-plus-memorables-de-kevin-de-bruyne-bernabeu-beauty-emblematique-arsenal-strike-stamford-bridge-stunner\/"},"author":{"name":"Cl\u00e9ment","@id":"https:\/\/footdavant.fr\/actualites\/#\/schema\/person\/bc222566d95871b37e597b3ed3ba5e1d"},"headline":"Les objectifs de l&#39;homme les plus m\u00e9morables de Kevin De Bruyne: Bernabeu Beauty, embl\u00e9matique Arsenal Strike, Stamford Bridge Stunner","datePublished":"2025-05-29T17:48:03+00:00","dateModified":"2025-05-29T17:48:05+00:00","mainEntityOfPage":{"@id":"https:\/\/footdavant.fr\/actualites\/les-objectifs-de-lhomme-les-plus-memorables-de-kevin-de-bruyne-bernabeu-beauty-emblematique-arsenal-strike-stamford-bridge-stunner\/"},"wordCount":1367,"publisher":{"@id":"https:\/\/footdavant.fr\/actualites\/#organization"},"keywords":["Arsenal","Beauty","Bernabeu","Bridge","Bruyne","embl\u00e9matique","Kevin","L39homme","les","m\u00e9morables","objectifs","Stamford","Strike","Stunner"],"articleSection":["Premier League"],"inLanguage":"fr-FR"},{"@type":"WebPage","@id":"https:\/\/footdavant.fr\/actualites\/les-objectifs-de-lhomme-les-plus-memorables-de-kevin-de-bruyne-bernabeu-beauty-emblematique-arsenal-strike-stamford-bridge-stunner\/","url":"https:\/\/footdavant.fr\/actualites\/les-objectifs-de-lhomme-les-plus-memorables-de-kevin-de-bruyne-bernabeu-beauty-emblematique-arsenal-strike-stamford-bridge-stunner\/","name":"Les objectifs de l&#39;homme les plus m\u00e9morables de Kevin De Bruyne: Bernabeu Beauty, embl\u00e9matique Arsenal Strike, Stamford Bridge Stunner","isPartOf":{"@id":"https:\/\/footdavant.fr\/actualites\/#website"},"datePublished":"2025-05-29T17:48:03+00:00","dateModified":"2025-05-29T17:48:05+00:00","breadcrumb":{"@id":"https:\/\/footdavant.fr\/actualites\/les-objectifs-de-lhomme-les-plus-memorables-de-kevin-de-bruyne-bernabeu-beauty-emblematique-arsenal-strike-stamford-bridge-stunner\/#breadcrumb"},"inLanguage":"fr-FR","potentialAction":[{"@type":"ReadAction","target":["https:\/\/footdavant.fr\/actualites\/les-objectifs-de-lhomme-les-plus-memorables-de-kevin-de-bruyne-bernabeu-beauty-emblematique-arsenal-strike-stamford-bridge-stunner\/"]}]},{"@type":"BreadcrumbList","@id":"https:\/\/footdavant.fr\/actualites\/les-objectifs-de-lhomme-les-plus-memorables-de-kevin-de-bruyne-bernabeu-beauty-emblematique-arsenal-strike-stamford-bridge-stunner\/#breadcrumb","itemListElement":[{"@type":"ListItem","position":1,"name":"Accueil","item":"https:\/\/footdavant.fr\/actualites\/"},{"@type":"ListItem","position":2,"name":"Les objectifs de l&#39;homme les plus m\u00e9morables de Kevin De Bruyne: Bernabeu Beauty, embl\u00e9matique Arsenal Strike, Stamford Bridge Stunner"}]},{"@type":"WebSite","@id":"https:\/\/footdavant.fr\/actualites\/#website","url":"https:\/\/footdavant.fr\/actualites\/","name":"Foot d'avant","description":"","publisher":{"@id":"https:\/\/footdavant.fr\/actualites\/#organization"},"potentialAction":[{"@type":"SearchAction","target":{"@type":"EntryPoint","urlTemplate":"https:\/\/footdavant.fr\/actualites\/?s={search_term_string}"},"query-input":"required name=search_term_string"}],"inLanguage":"fr-FR"},{"@type":"Organization","@id":"https:\/\/footdavant.fr\/actualites\/#organization","name":"Foot d'avant","url":"https:\/\/footdavant.fr\/actualites\/","logo":{"@type":"ImageObject","inLanguage":"fr-FR","@id":"https:\/\/footdavant.fr\/actualites\/#\/schema\/logo\/image\/","url":"https:\/\/footdavant.fr\/actualites\/wp-content\/uploads\/2023\/09\/Copy-of-FootDavant-Logo.png","contentUrl":"https:\/\/footdavant.fr\/actualites\/wp-content\/uploads\/2023\/09\/Copy-of-FootDavant-Logo.png","width":936,"height":549,"caption":"Foot d'avant"},"image":{"@id":"https:\/\/footdavant.fr\/actualites\/#\/schema\/logo\/image\/"},"sameAs":["https:\/\/www.facebook.com\/Footdavant\/","https:\/\/twitter.com\/FootdavantFr","https:\/\/www.instagram.com\/footdavant.fr\/"]},{"@type":"Person","@id":"https:\/\/footdavant.fr\/actualites\/#\/schema\/person\/bc222566d95871b37e597b3ed3ba5e1d","name":"Cl\u00e9ment","image":{"@type":"ImageObject","inLanguage":"fr-FR","@id":"https:\/\/footdavant.fr\/actualites\/#\/schema\/person\/image\/","url":"https:\/\/secure.gravatar.com\/avatar\/7728b29aac2719421e1a9159b2254c44?s=96&d=mm&r=g","contentUrl":"https:\/\/secure.gravatar.com\/avatar\/7728b29aac2719421e1a9159b2254c44?s=96&d=mm&r=g","caption":"Cl\u00e9ment"},"sameAs":["https:\/\/footdavant.fr\/"]}]}},"_links":{"self":[{"href":"https:\/\/footdavant.fr\/actualites\/wp-json\/wp\/v2\/posts\/24461"}],"collection":[{"href":"https:\/\/footdavant.fr\/actualites\/wp-json\/wp\/v2\/posts"}],"about":[{"href":"https:\/\/footdavant.fr\/actualites\/wp-json\/wp\/v2\/types\/post"}],"author":[{"embeddable":true,"href":"https:\/\/footdavant.fr\/actualites\/wp-json\/wp\/v2\/users\/1"}],"replies":[{"embeddable":true,"href":"https:\/\/footdavant.fr\/actualites\/wp-json\/wp\/v2\/comments?post=24461"}],"version-history":[{"count":1,"href":"https:\/\/footdavant.fr\/actualites\/wp-json\/wp\/v2\/posts\/24461\/revisions"}],"predecessor-version":[{"id":24463,"href":"https:\/\/footdavant.fr\/actualites\/wp-json\/wp\/v2\/posts\/24461\/revisions\/24463"}],"wp:featuredmedia":[{"embeddable":true,"href":"https:\/\/footdavant.fr\/actualites\/wp-json\/wp\/v2\/media\/24462"}],"wp:attachment":[{"href":"https:\/\/footdavant.fr\/actualites\/wp-json\/wp\/v2\/media?parent=24461"}],"wp:term":[{"taxonomy":"category","embeddable":true,"href":"https:\/\/footdavant.fr\/actualites\/wp-json\/wp\/v2\/categories?post=24461"},{"taxonomy":"post_tag","embeddable":true,"href":"https:\/\/footdavant.fr\/actualites\/wp-json\/wp\/v2\/tags?post=24461"}],"curies":[{"name":"wp","href":"https:\/\/api.w.org\/{rel}","templated":true}]}}