{"id":24466,"date":"2025-05-29T22:48:03","date_gmt":"2025-05-29T20:48:03","guid":{"rendered":"https:\/\/footdavant.fr\/actualites\/lignage-psg-vs-5\/"},"modified":"2025-05-29T22:48:05","modified_gmt":"2025-05-29T20:48:05","slug":"lignage-psg-vs-5","status":"publish","type":"post","link":"https:\/\/footdavant.fr\/actualites\/lignage-psg-vs-5\/","title":{"rendered":"LIGNAGE PSG VS"},"content":{"rendered":"<p>Sports Mole examine comment le Paris Saint-Germain pourrait s&#39;aligner lors de la finale de la Ligue des champions contre l&#39;Inter Milan \u00e0 Munich samedi soir.<\/p>\n<div id=\"article_body\" itemprop=\"articleBody\">\n<p class=\"firstPara\"><strong class=\"autotag\">Luis Enrique<\/strong> a une \u00e9quipe PSG enti\u00e8rement en forme \u00e0 sa disposition avant le <strong class=\"autotag\">Ligue des champions<\/strong> final avec <strong class=\"autotag\">Inter Milan<\/strong> \u00e0 Munich samedi soir.<\/p>\n<p>Les Parisiens ont eu une relativement chance <strong class=\"autotag\">Ousmane Dembele<\/strong>Le fitness est pass\u00e9 rapidement, apr\u00e8s qu&#39;il n&#39;\u00e9tait qu&#39;un substitut \u00e0 la deuxi\u00e8me \u00e9tape de leur demi-finale contre Arsenal.<\/p>\n<p>Dembele commencera ici, plus que probablement en tant que false \u00e0 la d\u00e9rive, et <strong class=\"autotag\">Khvicha kvaratskhelia<\/strong> a \u00e9galement r\u00e9cup\u00e9r\u00e9 d&#39;un revers mineur et devrait prendre une couchette de d\u00e9part sur l&#39;aile gauche.<\/p>\n<p>Qui pourrait voir <strong class=\"autotag\">D\u00e9sir Doue<\/strong> pr\u00e9f\u00e9r\u00e9 \u00e0 <strong class=\"autotag\">Bradley Barcola<\/strong> Pour compl\u00e9ter les trois avant, \u00e9tant donn\u00e9 sa pertinence sur l&#39;aile droite, mais c&#39;est la seule position \u00e0 propos de question avant la finale.<\/p>\n<p><strong class=\"autotag\">Presnel Kimpembe<\/strong>qui a pratiquement \u00e9t\u00e9 banni de l&#39;\u00e9quipe du PSG cette saison, est le seul membre qui se bat actuellement contre les blessures et n&#39;aurait pas \u00e9t\u00e9 impliqu\u00e9 de toute fa\u00e7on, il devrait donc y avoir un aper\u00e7u familier de Xi d&#39;Enrique samedi.<\/p>\n<p>Le milieu de terrain trois se choisit, avec <strong class=\"autotag\">Joao Neves<\/strong>, <strong class=\"autotag\">Vitinha<\/strong> et <strong class=\"autotag\">Fabian Ruiz<\/strong> recevant fr\u00e9quemment des critiques \u00e9logieuses pour leurs performances sensationnelles tout au long de la phase \u00e0 \u00e9limination directe, tandis que l&#39;appariement arri\u00e8re <strong class=\"autotag\">Achraf Hakimi<\/strong> et <strong class=\"autotag\">Nuno Mendes<\/strong> aura un impact \u00e9norme aux deux extr\u00e9mit\u00e9s du terrain.<\/p>\n<p>Malgr\u00e9 les critiques souvent sur certaines r\u00e9gions de son jeu, le PSG ne serait pas dans cette finale si ce n&#39;\u00e9tait pas pour le gardien de but <strong class=\"autotag\">Gianluigi Donnarumma<\/strong>qui \u00e9tait le h\u00e9ros qui sauve le p\u00e9nalit\u00e9 contre Liverpool, et un colosse entre les b\u00e2tons \u00e0 Arsenal.<\/p>\n<p>Le bouchon g\u00e9ant italien a re\u00e7u autant de repos que la plupart de l&#39;\u00e9quipe ext\u00e9rieure au cours des derni\u00e8res semaines, y compris la semaine derni\u00e8re dans la finale du coup\u00e9 de France, lorsque <strong class=\"autotag\">Matvey Safonov<\/strong> commenc\u00e9, mais il ne fait aucun doute sur qui commencera dans le but ici.<\/p>\n<p>Si le jeu montre des signes de s&#39;\u00e9loigner du PSG, ils ont une force en profondeur, en particulier en attaque, o\u00f9 <strong class=\"autotag\">Goncalo Ramos<\/strong> sera disponible sur le banc, et il livre souvent une chance dans l&#39;\u00e9quipe, alors que ses deux commencent en mai l&#39;ont vu aider leur seul but contre Strasbourg, avant de marquer un tour du chapeau contre Montpellier.<\/p>\n<p><strong>Paris Saint-Germain Possible LIGNAGE POSSIBLE:<\/strong><br \/>Donnarumma; Hakimi, Marquinhos, Pacho, Nuno Mendes; Joao Neves, Vititinha, Fabian Ruiz; Doue, Dembele, Kvaratskhelia<\/p>\n<p><strong>Cliquez ici pour voir comment l&#39;Inter pourrait s&#39;aligner dans la finale de samedi.<\/strong><\/p>\n<div class=\"author_box\">\n<div class=\"author_box_banner\">\n<\/div>\n<\/div>\n<\/div>\n","protected":false},"excerpt":{"rendered":"<p>Sports Mole examine comment le Paris Saint-Germain pourrait s&#39;aligner lors de la finale de la Ligue des champions contre l&#39;Inter Milan \u00e0 Munich samedi soir.<\/p>\n","protected":false},"author":1,"featured_media":24467,"comment_status":"closed","ping_status":"","sticky":false,"template":"","format":"standard","meta":{"footnotes":""},"categories":[4],"tags":[7814,1656],"yoast_head":"<!-- This site is optimized with the Yoast SEO plugin v21.0 - https:\/\/yoast.com\/wordpress\/plugins\/seo\/ -->\n<title>LIGNAGE PSG VS<\/title>\n<meta name=\"robots\" content=\"index, follow, max-snippet:-1, max-image-preview:large, max-video-preview:-1\" \/>\n<link rel=\"canonical\" href=\"https:\/\/footdavant.fr\/actualites\/lignage-psg-vs-5\/\" \/>\n<meta property=\"og:locale\" content=\"fr_FR\" \/>\n<meta property=\"og:type\" content=\"article\" \/>\n<meta property=\"og:title\" content=\"LIGNAGE PSG VS\" \/>\n<meta property=\"og:description\" content=\"Sports Mole examine comment le Paris Saint-Germain pourrait s&#039;aligner lors de la finale de la Ligue des champions contre l&#039;Inter Milan \u00e0 Munich samedi soir.\" \/>\n<meta property=\"og:url\" content=\"https:\/\/footdavant.fr\/actualites\/lignage-psg-vs-5\/\" \/>\n<meta property=\"og:site_name\" content=\"Foot d&#039;avant\" \/>\n<meta property=\"article:publisher\" content=\"https:\/\/www.facebook.com\/Footdavant\/\" \/>\n<meta property=\"article:published_time\" content=\"2025-05-29T20:48:03+00:00\" \/>\n<meta property=\"article:modified_time\" content=\"2025-05-29T20:48:05+00:00\" \/>\n<meta property=\"og:image\" content=\"https:\/\/footdavant.fr\/actualites\/wp-content\/uploads\/2025\/05\/1748551684_LIGNAGE-PSG-VS.jpg\" \/>\n\t<meta property=\"og:image:width\" content=\"1279\" \/>\n\t<meta property=\"og:image:height\" content=\"960\" \/>\n\t<meta property=\"og:image:type\" content=\"image\/jpeg\" \/>\n<meta name=\"author\" content=\"Cl\u00e9ment\" \/>\n<meta name=\"twitter:card\" content=\"summary_large_image\" \/>\n<meta name=\"twitter:creator\" content=\"@FootdavantFr\" \/>\n<meta name=\"twitter:site\" content=\"@FootdavantFr\" \/>\n<meta name=\"twitter:label1\" content=\"\u00c9crit par\" \/>\n\t<meta name=\"twitter:data1\" content=\"Cl\u00e9ment\" \/>\n\t<meta name=\"twitter:label2\" content=\"Dur\u00e9e de lecture estim\u00e9e\" \/>\n\t<meta name=\"twitter:data2\" content=\"2 minutes\" \/>\n<script type=\"application\/ld+json\" class=\"yoast-schema-graph\">{\"@context\":\"https:\/\/schema.org\",\"@graph\":[{\"@type\":\"Article\",\"@id\":\"https:\/\/footdavant.fr\/actualites\/lignage-psg-vs-5\/#article\",\"isPartOf\":{\"@id\":\"https:\/\/footdavant.fr\/actualites\/lignage-psg-vs-5\/\"},\"author\":{\"name\":\"Cl\u00e9ment\",\"@id\":\"https:\/\/footdavant.fr\/actualites\/#\/schema\/person\/bc222566d95871b37e597b3ed3ba5e1d\"},\"headline\":\"LIGNAGE PSG VS\",\"datePublished\":\"2025-05-29T20:48:03+00:00\",\"dateModified\":\"2025-05-29T20:48:05+00:00\",\"mainEntityOfPage\":{\"@id\":\"https:\/\/footdavant.fr\/actualites\/lignage-psg-vs-5\/\"},\"wordCount\":462,\"publisher\":{\"@id\":\"https:\/\/footdavant.fr\/actualites\/#organization\"},\"keywords\":[\"LIGNAGE\",\"PSG\"],\"articleSection\":[\"Champions League\"],\"inLanguage\":\"fr-FR\"},{\"@type\":\"WebPage\",\"@id\":\"https:\/\/footdavant.fr\/actualites\/lignage-psg-vs-5\/\",\"url\":\"https:\/\/footdavant.fr\/actualites\/lignage-psg-vs-5\/\",\"name\":\"LIGNAGE PSG VS\",\"isPartOf\":{\"@id\":\"https:\/\/footdavant.fr\/actualites\/#website\"},\"datePublished\":\"2025-05-29T20:48:03+00:00\",\"dateModified\":\"2025-05-29T20:48:05+00:00\",\"breadcrumb\":{\"@id\":\"https:\/\/footdavant.fr\/actualites\/lignage-psg-vs-5\/#breadcrumb\"},\"inLanguage\":\"fr-FR\",\"potentialAction\":[{\"@type\":\"ReadAction\",\"target\":[\"https:\/\/footdavant.fr\/actualites\/lignage-psg-vs-5\/\"]}]},{\"@type\":\"BreadcrumbList\",\"@id\":\"https:\/\/footdavant.fr\/actualites\/lignage-psg-vs-5\/#breadcrumb\",\"itemListElement\":[{\"@type\":\"ListItem\",\"position\":1,\"name\":\"Accueil\",\"item\":\"https:\/\/footdavant.fr\/actualites\/\"},{\"@type\":\"ListItem\",\"position\":2,\"name\":\"LIGNAGE PSG VS\"}]},{\"@type\":\"WebSite\",\"@id\":\"https:\/\/footdavant.fr\/actualites\/#website\",\"url\":\"https:\/\/footdavant.fr\/actualites\/\",\"name\":\"Foot d'avant\",\"description\":\"\",\"publisher\":{\"@id\":\"https:\/\/footdavant.fr\/actualites\/#organization\"},\"potentialAction\":[{\"@type\":\"SearchAction\",\"target\":{\"@type\":\"EntryPoint\",\"urlTemplate\":\"https:\/\/footdavant.fr\/actualites\/?s={search_term_string}\"},\"query-input\":\"required name=search_term_string\"}],\"inLanguage\":\"fr-FR\"},{\"@type\":\"Organization\",\"@id\":\"https:\/\/footdavant.fr\/actualites\/#organization\",\"name\":\"Foot d'avant\",\"url\":\"https:\/\/footdavant.fr\/actualites\/\",\"logo\":{\"@type\":\"ImageObject\",\"inLanguage\":\"fr-FR\",\"@id\":\"https:\/\/footdavant.fr\/actualites\/#\/schema\/logo\/image\/\",\"url\":\"https:\/\/footdavant.fr\/actualites\/wp-content\/uploads\/2023\/09\/Copy-of-FootDavant-Logo.png\",\"contentUrl\":\"https:\/\/footdavant.fr\/actualites\/wp-content\/uploads\/2023\/09\/Copy-of-FootDavant-Logo.png\",\"width\":936,\"height\":549,\"caption\":\"Foot d'avant\"},\"image\":{\"@id\":\"https:\/\/footdavant.fr\/actualites\/#\/schema\/logo\/image\/\"},\"sameAs\":[\"https:\/\/www.facebook.com\/Footdavant\/\",\"https:\/\/twitter.com\/FootdavantFr\",\"https:\/\/www.instagram.com\/footdavant.fr\/\"]},{\"@type\":\"Person\",\"@id\":\"https:\/\/footdavant.fr\/actualites\/#\/schema\/person\/bc222566d95871b37e597b3ed3ba5e1d\",\"name\":\"Cl\u00e9ment\",\"image\":{\"@type\":\"ImageObject\",\"inLanguage\":\"fr-FR\",\"@id\":\"https:\/\/footdavant.fr\/actualites\/#\/schema\/person\/image\/\",\"url\":\"https:\/\/secure.gravatar.com\/avatar\/7728b29aac2719421e1a9159b2254c44?s=96&d=mm&r=g\",\"contentUrl\":\"https:\/\/secure.gravatar.com\/avatar\/7728b29aac2719421e1a9159b2254c44?s=96&d=mm&r=g\",\"caption\":\"Cl\u00e9ment\"},\"sameAs\":[\"https:\/\/footdavant.fr\/\"]}]}<\/script>\n<!-- \/ Yoast SEO plugin. -->","yoast_head_json":{"title":"LIGNAGE PSG VS","robots":{"index":"index","follow":"follow","max-snippet":"max-snippet:-1","max-image-preview":"max-image-preview:large","max-video-preview":"max-video-preview:-1"},"canonical":"https:\/\/footdavant.fr\/actualites\/lignage-psg-vs-5\/","og_locale":"fr_FR","og_type":"article","og_title":"LIGNAGE PSG VS","og_description":"Sports Mole examine comment le Paris Saint-Germain pourrait s&#39;aligner lors de la finale de la Ligue des champions contre l&#39;Inter Milan \u00e0 Munich samedi soir.","og_url":"https:\/\/footdavant.fr\/actualites\/lignage-psg-vs-5\/","og_site_name":"Foot d&#039;avant","article_publisher":"https:\/\/www.facebook.com\/Footdavant\/","article_published_time":"2025-05-29T20:48:03+00:00","article_modified_time":"2025-05-29T20:48:05+00:00","og_image":[{"width":1279,"height":960,"url":"https:\/\/footdavant.fr\/actualites\/wp-content\/uploads\/2025\/05\/1748551684_LIGNAGE-PSG-VS.jpg","type":"image\/jpeg"}],"author":"Cl\u00e9ment","twitter_card":"summary_large_image","twitter_creator":"@FootdavantFr","twitter_site":"@FootdavantFr","twitter_misc":{"\u00c9crit par":"Cl\u00e9ment","Dur\u00e9e de lecture estim\u00e9e":"2 minutes"},"schema":{"@context":"https:\/\/schema.org","@graph":[{"@type":"Article","@id":"https:\/\/footdavant.fr\/actualites\/lignage-psg-vs-5\/#article","isPartOf":{"@id":"https:\/\/footdavant.fr\/actualites\/lignage-psg-vs-5\/"},"author":{"name":"Cl\u00e9ment","@id":"https:\/\/footdavant.fr\/actualites\/#\/schema\/person\/bc222566d95871b37e597b3ed3ba5e1d"},"headline":"LIGNAGE PSG VS","datePublished":"2025-05-29T20:48:03+00:00","dateModified":"2025-05-29T20:48:05+00:00","mainEntityOfPage":{"@id":"https:\/\/footdavant.fr\/actualites\/lignage-psg-vs-5\/"},"wordCount":462,"publisher":{"@id":"https:\/\/footdavant.fr\/actualites\/#organization"},"keywords":["LIGNAGE","PSG"],"articleSection":["Champions League"],"inLanguage":"fr-FR"},{"@type":"WebPage","@id":"https:\/\/footdavant.fr\/actualites\/lignage-psg-vs-5\/","url":"https:\/\/footdavant.fr\/actualites\/lignage-psg-vs-5\/","name":"LIGNAGE PSG VS","isPartOf":{"@id":"https:\/\/footdavant.fr\/actualites\/#website"},"datePublished":"2025-05-29T20:48:03+00:00","dateModified":"2025-05-29T20:48:05+00:00","breadcrumb":{"@id":"https:\/\/footdavant.fr\/actualites\/lignage-psg-vs-5\/#breadcrumb"},"inLanguage":"fr-FR","potentialAction":[{"@type":"ReadAction","target":["https:\/\/footdavant.fr\/actualites\/lignage-psg-vs-5\/"]}]},{"@type":"BreadcrumbList","@id":"https:\/\/footdavant.fr\/actualites\/lignage-psg-vs-5\/#breadcrumb","itemListElement":[{"@type":"ListItem","position":1,"name":"Accueil","item":"https:\/\/footdavant.fr\/actualites\/"},{"@type":"ListItem","position":2,"name":"LIGNAGE PSG VS"}]},{"@type":"WebSite","@id":"https:\/\/footdavant.fr\/actualites\/#website","url":"https:\/\/footdavant.fr\/actualites\/","name":"Foot d'avant","description":"","publisher":{"@id":"https:\/\/footdavant.fr\/actualites\/#organization"},"potentialAction":[{"@type":"SearchAction","target":{"@type":"EntryPoint","urlTemplate":"https:\/\/footdavant.fr\/actualites\/?s={search_term_string}"},"query-input":"required name=search_term_string"}],"inLanguage":"fr-FR"},{"@type":"Organization","@id":"https:\/\/footdavant.fr\/actualites\/#organization","name":"Foot d'avant","url":"https:\/\/footdavant.fr\/actualites\/","logo":{"@type":"ImageObject","inLanguage":"fr-FR","@id":"https:\/\/footdavant.fr\/actualites\/#\/schema\/logo\/image\/","url":"https:\/\/footdavant.fr\/actualites\/wp-content\/uploads\/2023\/09\/Copy-of-FootDavant-Logo.png","contentUrl":"https:\/\/footdavant.fr\/actualites\/wp-content\/uploads\/2023\/09\/Copy-of-FootDavant-Logo.png","width":936,"height":549,"caption":"Foot d'avant"},"image":{"@id":"https:\/\/footdavant.fr\/actualites\/#\/schema\/logo\/image\/"},"sameAs":["https:\/\/www.facebook.com\/Footdavant\/","https:\/\/twitter.com\/FootdavantFr","https:\/\/www.instagram.com\/footdavant.fr\/"]},{"@type":"Person","@id":"https:\/\/footdavant.fr\/actualites\/#\/schema\/person\/bc222566d95871b37e597b3ed3ba5e1d","name":"Cl\u00e9ment","image":{"@type":"ImageObject","inLanguage":"fr-FR","@id":"https:\/\/footdavant.fr\/actualites\/#\/schema\/person\/image\/","url":"https:\/\/secure.gravatar.com\/avatar\/7728b29aac2719421e1a9159b2254c44?s=96&d=mm&r=g","contentUrl":"https:\/\/secure.gravatar.com\/avatar\/7728b29aac2719421e1a9159b2254c44?s=96&d=mm&r=g","caption":"Cl\u00e9ment"},"sameAs":["https:\/\/footdavant.fr\/"]}]}},"_links":{"self":[{"href":"https:\/\/footdavant.fr\/actualites\/wp-json\/wp\/v2\/posts\/24466"}],"collection":[{"href":"https:\/\/footdavant.fr\/actualites\/wp-json\/wp\/v2\/posts"}],"about":[{"href":"https:\/\/footdavant.fr\/actualites\/wp-json\/wp\/v2\/types\/post"}],"author":[{"embeddable":true,"href":"https:\/\/footdavant.fr\/actualites\/wp-json\/wp\/v2\/users\/1"}],"replies":[{"embeddable":true,"href":"https:\/\/footdavant.fr\/actualites\/wp-json\/wp\/v2\/comments?post=24466"}],"version-history":[{"count":1,"href":"https:\/\/footdavant.fr\/actualites\/wp-json\/wp\/v2\/posts\/24466\/revisions"}],"predecessor-version":[{"id":24468,"href":"https:\/\/footdavant.fr\/actualites\/wp-json\/wp\/v2\/posts\/24466\/revisions\/24468"}],"wp:featuredmedia":[{"embeddable":true,"href":"https:\/\/footdavant.fr\/actualites\/wp-json\/wp\/v2\/media\/24467"}],"wp:attachment":[{"href":"https:\/\/footdavant.fr\/actualites\/wp-json\/wp\/v2\/media?parent=24466"}],"wp:term":[{"taxonomy":"category","embeddable":true,"href":"https:\/\/footdavant.fr\/actualites\/wp-json\/wp\/v2\/categories?post=24466"},{"taxonomy":"post_tag","embeddable":true,"href":"https:\/\/footdavant.fr\/actualites\/wp-json\/wp\/v2\/tags?post=24466"}],"curies":[{"name":"wp","href":"https:\/\/api.w.org\/{rel}","templated":true}]}}