{"id":24475,"date":"2025-05-30T02:48:05","date_gmt":"2025-05-30T00:48:05","guid":{"rendered":"https:\/\/footdavant.fr\/actualites\/inter-milan-lineup-vs-psg-predit-xi-pour-la-finale-de-la-ligue-des-champions-du-samedi-soir-a-munich\/"},"modified":"2025-05-30T02:48:06","modified_gmt":"2025-05-30T00:48:06","slug":"inter-milan-lineup-vs-psg-predit-xi-pour-la-finale-de-la-ligue-des-champions-du-samedi-soir-a-munich","status":"publish","type":"post","link":"https:\/\/footdavant.fr\/actualites\/inter-milan-lineup-vs-psg-predit-xi-pour-la-finale-de-la-ligue-des-champions-du-samedi-soir-a-munich\/","title":{"rendered":"Inter Milan Lineup vs PSG: Pr\u00e9dit XI pour la finale de la Ligue des champions du samedi soir \u00e0 Munich"},"content":{"rendered":"<p>Sports Mole examine comment l&#39;Inter Milan pourrait s&#39;aligner lors de la finale de la Ligue des champions contre le Paris Saint-Germain \u00e0 Munich samedi soir.<\/p>\n<div id=\"article_body\" itemprop=\"articleBody\">\n<p class=\"firstPara\"><strong class=\"autotag\">Inter Milan<\/strong> devraient \u00eatre \u00e0 pleine force lorsqu&#39;ils font face <strong class=\"autotag\">Paris Saint-Germain<\/strong> dans le <strong class=\"autotag\">Ligue des champions<\/strong> Finale \u00e0 Munich samedi soir.<\/p>\n<p>Il y a eu des inqui\u00e9tudes concernant la forme physique du capitaine <strong class=\"autotag\">Lautaro Martinez<\/strong>ainsi que <strong class=\"autotag\">Pavard Benjamin<\/strong>, <strong class=\"autotag\">Yann Bisseck<\/strong> et <strong class=\"autotag\">Piotr Zielinski<\/strong>mais les quatre joueurs sont revenus \u00e0 une formation compl\u00e8te avant l&#39;\u00e9v\u00e9nement ma\u00eetresse \u00e0 l&#39;Allianz Arena ce week-end.<\/p>\n<p>Pavard a \u00e9t\u00e9 le plus grand doute, car il n&#39;a pas jou\u00e9 depuis pr\u00e8s de deux mois, et apr\u00e8s avoir \u00e9t\u00e9 sur le banc contre Lazio, il a \u00e9t\u00e9 exclu de l&#39;\u00e9quipe qui a fait le court voyage en COMO vendredi dernier.<\/p>\n<p>Le milieu de terrain Zielinski a \u00e9galement rat\u00e9 son dernier match de Serie A de la saison, mais les deux semblent maintenant avoir \u00e9t\u00e9 simplement pr\u00e9caution, les deux \u00e9tant illustr\u00e9s \u00e0 l&#39;entra\u00eenement cette semaine avec leurs co\u00e9quipiers.<\/p>\n<p>Le retour de Martinez sera un \u00e9norme coup de pouce pour les Nerazzurri, en tant que manager <strong class=\"autotag\">Simone Inzaghi<\/strong> a permis au temps du capitaine de se reposer et de r\u00e9cup\u00e9rer apr\u00e8s avoir lutt\u00e9 contre la barri\u00e8re de la douleur pendant plus de 70 minutes lors du match retour de leur demi-finale contre Barcelone plus t\u00f4t ce mois-ci, apr\u00e8s une blessure subie la semaine auparavant lors du match aller.<\/p>\n<p>L&#39;Argentin a eu l&#39;occasion de devenir le premier joueur de l&#39;Inter \u00e0 marquer 10 buts en une seule saison de Ligue des champions, et il pourrait \u00eatre juste le sixi\u00e8me joueur de l&#39;histoire de la comp\u00e9tition \u00e0 marquer dans les quatre tours \u00e0 \u00e9limination directe.<\/p>\n<p>M\u00eame si l&#39;Inter a \u00e9t\u00e9 dans une course de titre tendue, il est clair que l&#39;attention d&#39;Inzaghi a \u00e9t\u00e9 sur cette comp\u00e9tition, et une grande partie du XI qui commencera ici s&#39;est repos\u00e9e depuis la victoire en demi-finale, y compris <strong class=\"autotag\">Marcus Thuram<\/strong> et <strong class=\"autotag\">Henrikh Mkhitaryan<\/strong>.<\/p>\n<p>Mkhitaryan fera l&#39;histoire si l&#39;Inter est victorieux ici, car cela terminera le balayage propre des troph\u00e9es europ\u00e9ens pour lui, ce qui le faisait dans trois clubs diff\u00e9rents, apr\u00e8s avoir remport\u00e9 la Ligue Europa avec Manchester United et la ligue de conf\u00e9rence avec Roma.<\/p>\n<p>Les priorit\u00e9s d&#39;Inzaghi ont \u00e9t\u00e9 pr\u00e9sent\u00e9es \u00e0 tout le monde par sa s\u00e9lection d&#39;\u00e9quipe \u00e0 Como la semaine derni\u00e8re, m\u00eame s&#39;ils savaient qu&#39;il y avait encore une chance qu&#39;ils auraient pu remporter le titre avec une victoire, car seulement <strong class=\"autotag\">Yann Sommer<\/strong>, <strong class=\"autotag\">Federico DiMarco<\/strong> et <strong class=\"autotag\">Hakan Calhanoglu<\/strong> D\u00e9marr\u00e9 du XI qui devrait figurer \u00e0 Munich.<\/p>\n<p><strong>Inter Milan Possible LIGNAGE DE D\u00c9MARRAGE:<\/strong><br \/>Sommer; Bisseck, Acerbi, Bastoni; Dumfries, Barella, Calhanoglu, Mkhitaryan, DiMarco; Thuram, Martinez<\/p>\n<p><strong>Cliquez ici pour voir comment le PSG pourrait s&#39;aligner dans la finale de samedi.<\/strong><\/p>\n<div class=\"author_box\">\n<div class=\"author_box_banner\">\n<\/div>\n<\/div>\n<\/div>\n","protected":false},"excerpt":{"rendered":"<p>Sports Mole examine comment l&#39;Inter Milan pourrait s&#39;aligner lors de la finale de la Ligue des champions contre le Paris Saint-Germain \u00e0 Munich samedi soir.<\/p>\n","protected":false},"author":1,"featured_media":21006,"comment_status":"closed","ping_status":"","sticky":false,"template":"","format":"standard","meta":{"footnotes":""},"categories":[4],"tags":[31,12,897,535,30,7770,250,341,51,3581,1656,2135,671],"yoast_head":"<!-- This site is optimized with the Yoast SEO plugin v21.0 - https:\/\/yoast.com\/wordpress\/plugins\/seo\/ -->\n<title>Inter Milan Lineup vs PSG: Pr\u00e9dit XI pour la finale de la Ligue des champions du samedi soir \u00e0 Munich<\/title>\n<meta name=\"robots\" content=\"index, follow, max-snippet:-1, max-image-preview:large, max-video-preview:-1\" \/>\n<link rel=\"canonical\" href=\"https:\/\/footdavant.fr\/actualites\/inter-milan-lineup-vs-psg-predit-xi-pour-la-finale-de-la-ligue-des-champions-du-samedi-soir-a-munich\/\" \/>\n<meta property=\"og:locale\" content=\"fr_FR\" \/>\n<meta property=\"og:type\" content=\"article\" \/>\n<meta property=\"og:title\" content=\"Inter Milan Lineup vs PSG: Pr\u00e9dit XI pour la finale de la Ligue des champions du samedi soir \u00e0 Munich\" \/>\n<meta property=\"og:description\" content=\"Sports Mole examine comment l&#039;Inter Milan pourrait s&#039;aligner lors de la finale de la Ligue des champions contre le Paris Saint-Germain \u00e0 Munich samedi soir.\" \/>\n<meta property=\"og:url\" content=\"https:\/\/footdavant.fr\/actualites\/inter-milan-lineup-vs-psg-predit-xi-pour-la-finale-de-la-ligue-des-champions-du-samedi-soir-a-munich\/\" \/>\n<meta property=\"og:site_name\" content=\"Foot d&#039;avant\" \/>\n<meta property=\"article:publisher\" content=\"https:\/\/www.facebook.com\/Footdavant\/\" \/>\n<meta property=\"article:published_time\" content=\"2025-05-30T00:48:05+00:00\" \/>\n<meta property=\"article:modified_time\" content=\"2025-05-30T00:48:06+00:00\" \/>\n<meta property=\"og:image\" content=\"https:\/\/footdavant.fr\/actualites\/wp-content\/uploads\/2025\/03\/Feyenoord-0-2-Inter-Milan-Faits-saillants-homme-du-match-statistiques.jpg\" \/>\n\t<meta property=\"og:image:width\" content=\"1280\" \/>\n\t<meta property=\"og:image:height\" content=\"960\" \/>\n\t<meta property=\"og:image:type\" content=\"image\/jpeg\" \/>\n<meta name=\"author\" content=\"Cl\u00e9ment\" \/>\n<meta name=\"twitter:card\" content=\"summary_large_image\" \/>\n<meta name=\"twitter:creator\" content=\"@FootdavantFr\" \/>\n<meta name=\"twitter:site\" content=\"@FootdavantFr\" \/>\n<meta name=\"twitter:label1\" content=\"\u00c9crit par\" \/>\n\t<meta name=\"twitter:data1\" content=\"Cl\u00e9ment\" \/>\n\t<meta name=\"twitter:label2\" content=\"Dur\u00e9e de lecture estim\u00e9e\" \/>\n\t<meta name=\"twitter:data2\" content=\"2 minutes\" \/>\n<script type=\"application\/ld+json\" class=\"yoast-schema-graph\">{\"@context\":\"https:\/\/schema.org\",\"@graph\":[{\"@type\":\"Article\",\"@id\":\"https:\/\/footdavant.fr\/actualites\/inter-milan-lineup-vs-psg-predit-xi-pour-la-finale-de-la-ligue-des-champions-du-samedi-soir-a-munich\/#article\",\"isPartOf\":{\"@id\":\"https:\/\/footdavant.fr\/actualites\/inter-milan-lineup-vs-psg-predit-xi-pour-la-finale-de-la-ligue-des-champions-du-samedi-soir-a-munich\/\"},\"author\":{\"name\":\"Cl\u00e9ment\",\"@id\":\"https:\/\/footdavant.fr\/actualites\/#\/schema\/person\/bc222566d95871b37e597b3ed3ba5e1d\"},\"headline\":\"Inter Milan Lineup vs PSG: Pr\u00e9dit XI pour la finale de la Ligue des champions du samedi soir \u00e0 Munich\",\"datePublished\":\"2025-05-30T00:48:05+00:00\",\"dateModified\":\"2025-05-30T00:48:06+00:00\",\"mainEntityOfPage\":{\"@id\":\"https:\/\/footdavant.fr\/actualites\/inter-milan-lineup-vs-psg-predit-xi-pour-la-finale-de-la-ligue-des-champions-du-samedi-soir-a-munich\/\"},\"wordCount\":516,\"publisher\":{\"@id\":\"https:\/\/footdavant.fr\/actualites\/#organization\"},\"keywords\":[\"champions\",\"des\",\"finale\",\"Inter\",\"Ligue\",\"Lineup\",\"Milan\",\"Munich\",\"pour\",\"pr\u00e9dit\",\"PSG\",\"samedi\",\"soir\"],\"articleSection\":[\"Champions League\"],\"inLanguage\":\"fr-FR\"},{\"@type\":\"WebPage\",\"@id\":\"https:\/\/footdavant.fr\/actualites\/inter-milan-lineup-vs-psg-predit-xi-pour-la-finale-de-la-ligue-des-champions-du-samedi-soir-a-munich\/\",\"url\":\"https:\/\/footdavant.fr\/actualites\/inter-milan-lineup-vs-psg-predit-xi-pour-la-finale-de-la-ligue-des-champions-du-samedi-soir-a-munich\/\",\"name\":\"Inter Milan Lineup vs PSG: Pr\u00e9dit XI pour la finale de la Ligue des champions du samedi soir \u00e0 Munich\",\"isPartOf\":{\"@id\":\"https:\/\/footdavant.fr\/actualites\/#website\"},\"datePublished\":\"2025-05-30T00:48:05+00:00\",\"dateModified\":\"2025-05-30T00:48:06+00:00\",\"breadcrumb\":{\"@id\":\"https:\/\/footdavant.fr\/actualites\/inter-milan-lineup-vs-psg-predit-xi-pour-la-finale-de-la-ligue-des-champions-du-samedi-soir-a-munich\/#breadcrumb\"},\"inLanguage\":\"fr-FR\",\"potentialAction\":[{\"@type\":\"ReadAction\",\"target\":[\"https:\/\/footdavant.fr\/actualites\/inter-milan-lineup-vs-psg-predit-xi-pour-la-finale-de-la-ligue-des-champions-du-samedi-soir-a-munich\/\"]}]},{\"@type\":\"BreadcrumbList\",\"@id\":\"https:\/\/footdavant.fr\/actualites\/inter-milan-lineup-vs-psg-predit-xi-pour-la-finale-de-la-ligue-des-champions-du-samedi-soir-a-munich\/#breadcrumb\",\"itemListElement\":[{\"@type\":\"ListItem\",\"position\":1,\"name\":\"Accueil\",\"item\":\"https:\/\/footdavant.fr\/actualites\/\"},{\"@type\":\"ListItem\",\"position\":2,\"name\":\"Inter Milan Lineup vs PSG: Pr\u00e9dit XI pour la finale de la Ligue des champions du samedi soir \u00e0 Munich\"}]},{\"@type\":\"WebSite\",\"@id\":\"https:\/\/footdavant.fr\/actualites\/#website\",\"url\":\"https:\/\/footdavant.fr\/actualites\/\",\"name\":\"Foot d'avant\",\"description\":\"\",\"publisher\":{\"@id\":\"https:\/\/footdavant.fr\/actualites\/#organization\"},\"potentialAction\":[{\"@type\":\"SearchAction\",\"target\":{\"@type\":\"EntryPoint\",\"urlTemplate\":\"https:\/\/footdavant.fr\/actualites\/?s={search_term_string}\"},\"query-input\":\"required name=search_term_string\"}],\"inLanguage\":\"fr-FR\"},{\"@type\":\"Organization\",\"@id\":\"https:\/\/footdavant.fr\/actualites\/#organization\",\"name\":\"Foot d'avant\",\"url\":\"https:\/\/footdavant.fr\/actualites\/\",\"logo\":{\"@type\":\"ImageObject\",\"inLanguage\":\"fr-FR\",\"@id\":\"https:\/\/footdavant.fr\/actualites\/#\/schema\/logo\/image\/\",\"url\":\"https:\/\/footdavant.fr\/actualites\/wp-content\/uploads\/2023\/09\/Copy-of-FootDavant-Logo.png\",\"contentUrl\":\"https:\/\/footdavant.fr\/actualites\/wp-content\/uploads\/2023\/09\/Copy-of-FootDavant-Logo.png\",\"width\":936,\"height\":549,\"caption\":\"Foot d'avant\"},\"image\":{\"@id\":\"https:\/\/footdavant.fr\/actualites\/#\/schema\/logo\/image\/\"},\"sameAs\":[\"https:\/\/www.facebook.com\/Footdavant\/\",\"https:\/\/twitter.com\/FootdavantFr\",\"https:\/\/www.instagram.com\/footdavant.fr\/\"]},{\"@type\":\"Person\",\"@id\":\"https:\/\/footdavant.fr\/actualites\/#\/schema\/person\/bc222566d95871b37e597b3ed3ba5e1d\",\"name\":\"Cl\u00e9ment\",\"image\":{\"@type\":\"ImageObject\",\"inLanguage\":\"fr-FR\",\"@id\":\"https:\/\/footdavant.fr\/actualites\/#\/schema\/person\/image\/\",\"url\":\"https:\/\/secure.gravatar.com\/avatar\/7728b29aac2719421e1a9159b2254c44?s=96&d=mm&r=g\",\"contentUrl\":\"https:\/\/secure.gravatar.com\/avatar\/7728b29aac2719421e1a9159b2254c44?s=96&d=mm&r=g\",\"caption\":\"Cl\u00e9ment\"},\"sameAs\":[\"https:\/\/footdavant.fr\/\"]}]}<\/script>\n<!-- \/ Yoast SEO plugin. -->","yoast_head_json":{"title":"Inter Milan Lineup vs PSG: Pr\u00e9dit XI pour la finale de la Ligue des champions du samedi soir \u00e0 Munich","robots":{"index":"index","follow":"follow","max-snippet":"max-snippet:-1","max-image-preview":"max-image-preview:large","max-video-preview":"max-video-preview:-1"},"canonical":"https:\/\/footdavant.fr\/actualites\/inter-milan-lineup-vs-psg-predit-xi-pour-la-finale-de-la-ligue-des-champions-du-samedi-soir-a-munich\/","og_locale":"fr_FR","og_type":"article","og_title":"Inter Milan Lineup vs PSG: Pr\u00e9dit XI pour la finale de la Ligue des champions du samedi soir \u00e0 Munich","og_description":"Sports Mole examine comment l&#39;Inter Milan pourrait s&#39;aligner lors de la finale de la Ligue des champions contre le Paris Saint-Germain \u00e0 Munich samedi soir.","og_url":"https:\/\/footdavant.fr\/actualites\/inter-milan-lineup-vs-psg-predit-xi-pour-la-finale-de-la-ligue-des-champions-du-samedi-soir-a-munich\/","og_site_name":"Foot d&#039;avant","article_publisher":"https:\/\/www.facebook.com\/Footdavant\/","article_published_time":"2025-05-30T00:48:05+00:00","article_modified_time":"2025-05-30T00:48:06+00:00","og_image":[{"width":1280,"height":960,"url":"https:\/\/footdavant.fr\/actualites\/wp-content\/uploads\/2025\/03\/Feyenoord-0-2-Inter-Milan-Faits-saillants-homme-du-match-statistiques.jpg","type":"image\/jpeg"}],"author":"Cl\u00e9ment","twitter_card":"summary_large_image","twitter_creator":"@FootdavantFr","twitter_site":"@FootdavantFr","twitter_misc":{"\u00c9crit par":"Cl\u00e9ment","Dur\u00e9e de lecture estim\u00e9e":"2 minutes"},"schema":{"@context":"https:\/\/schema.org","@graph":[{"@type":"Article","@id":"https:\/\/footdavant.fr\/actualites\/inter-milan-lineup-vs-psg-predit-xi-pour-la-finale-de-la-ligue-des-champions-du-samedi-soir-a-munich\/#article","isPartOf":{"@id":"https:\/\/footdavant.fr\/actualites\/inter-milan-lineup-vs-psg-predit-xi-pour-la-finale-de-la-ligue-des-champions-du-samedi-soir-a-munich\/"},"author":{"name":"Cl\u00e9ment","@id":"https:\/\/footdavant.fr\/actualites\/#\/schema\/person\/bc222566d95871b37e597b3ed3ba5e1d"},"headline":"Inter Milan Lineup vs PSG: Pr\u00e9dit XI pour la finale de la Ligue des champions du samedi soir \u00e0 Munich","datePublished":"2025-05-30T00:48:05+00:00","dateModified":"2025-05-30T00:48:06+00:00","mainEntityOfPage":{"@id":"https:\/\/footdavant.fr\/actualites\/inter-milan-lineup-vs-psg-predit-xi-pour-la-finale-de-la-ligue-des-champions-du-samedi-soir-a-munich\/"},"wordCount":516,"publisher":{"@id":"https:\/\/footdavant.fr\/actualites\/#organization"},"keywords":["champions","des","finale","Inter","Ligue","Lineup","Milan","Munich","pour","pr\u00e9dit","PSG","samedi","soir"],"articleSection":["Champions League"],"inLanguage":"fr-FR"},{"@type":"WebPage","@id":"https:\/\/footdavant.fr\/actualites\/inter-milan-lineup-vs-psg-predit-xi-pour-la-finale-de-la-ligue-des-champions-du-samedi-soir-a-munich\/","url":"https:\/\/footdavant.fr\/actualites\/inter-milan-lineup-vs-psg-predit-xi-pour-la-finale-de-la-ligue-des-champions-du-samedi-soir-a-munich\/","name":"Inter Milan Lineup vs PSG: Pr\u00e9dit XI pour la finale de la Ligue des champions du samedi soir \u00e0 Munich","isPartOf":{"@id":"https:\/\/footdavant.fr\/actualites\/#website"},"datePublished":"2025-05-30T00:48:05+00:00","dateModified":"2025-05-30T00:48:06+00:00","breadcrumb":{"@id":"https:\/\/footdavant.fr\/actualites\/inter-milan-lineup-vs-psg-predit-xi-pour-la-finale-de-la-ligue-des-champions-du-samedi-soir-a-munich\/#breadcrumb"},"inLanguage":"fr-FR","potentialAction":[{"@type":"ReadAction","target":["https:\/\/footdavant.fr\/actualites\/inter-milan-lineup-vs-psg-predit-xi-pour-la-finale-de-la-ligue-des-champions-du-samedi-soir-a-munich\/"]}]},{"@type":"BreadcrumbList","@id":"https:\/\/footdavant.fr\/actualites\/inter-milan-lineup-vs-psg-predit-xi-pour-la-finale-de-la-ligue-des-champions-du-samedi-soir-a-munich\/#breadcrumb","itemListElement":[{"@type":"ListItem","position":1,"name":"Accueil","item":"https:\/\/footdavant.fr\/actualites\/"},{"@type":"ListItem","position":2,"name":"Inter Milan Lineup vs PSG: Pr\u00e9dit XI pour la finale de la Ligue des champions du samedi soir \u00e0 Munich"}]},{"@type":"WebSite","@id":"https:\/\/footdavant.fr\/actualites\/#website","url":"https:\/\/footdavant.fr\/actualites\/","name":"Foot d'avant","description":"","publisher":{"@id":"https:\/\/footdavant.fr\/actualites\/#organization"},"potentialAction":[{"@type":"SearchAction","target":{"@type":"EntryPoint","urlTemplate":"https:\/\/footdavant.fr\/actualites\/?s={search_term_string}"},"query-input":"required name=search_term_string"}],"inLanguage":"fr-FR"},{"@type":"Organization","@id":"https:\/\/footdavant.fr\/actualites\/#organization","name":"Foot d'avant","url":"https:\/\/footdavant.fr\/actualites\/","logo":{"@type":"ImageObject","inLanguage":"fr-FR","@id":"https:\/\/footdavant.fr\/actualites\/#\/schema\/logo\/image\/","url":"https:\/\/footdavant.fr\/actualites\/wp-content\/uploads\/2023\/09\/Copy-of-FootDavant-Logo.png","contentUrl":"https:\/\/footdavant.fr\/actualites\/wp-content\/uploads\/2023\/09\/Copy-of-FootDavant-Logo.png","width":936,"height":549,"caption":"Foot d'avant"},"image":{"@id":"https:\/\/footdavant.fr\/actualites\/#\/schema\/logo\/image\/"},"sameAs":["https:\/\/www.facebook.com\/Footdavant\/","https:\/\/twitter.com\/FootdavantFr","https:\/\/www.instagram.com\/footdavant.fr\/"]},{"@type":"Person","@id":"https:\/\/footdavant.fr\/actualites\/#\/schema\/person\/bc222566d95871b37e597b3ed3ba5e1d","name":"Cl\u00e9ment","image":{"@type":"ImageObject","inLanguage":"fr-FR","@id":"https:\/\/footdavant.fr\/actualites\/#\/schema\/person\/image\/","url":"https:\/\/secure.gravatar.com\/avatar\/7728b29aac2719421e1a9159b2254c44?s=96&d=mm&r=g","contentUrl":"https:\/\/secure.gravatar.com\/avatar\/7728b29aac2719421e1a9159b2254c44?s=96&d=mm&r=g","caption":"Cl\u00e9ment"},"sameAs":["https:\/\/footdavant.fr\/"]}]}},"_links":{"self":[{"href":"https:\/\/footdavant.fr\/actualites\/wp-json\/wp\/v2\/posts\/24475"}],"collection":[{"href":"https:\/\/footdavant.fr\/actualites\/wp-json\/wp\/v2\/posts"}],"about":[{"href":"https:\/\/footdavant.fr\/actualites\/wp-json\/wp\/v2\/types\/post"}],"author":[{"embeddable":true,"href":"https:\/\/footdavant.fr\/actualites\/wp-json\/wp\/v2\/users\/1"}],"replies":[{"embeddable":true,"href":"https:\/\/footdavant.fr\/actualites\/wp-json\/wp\/v2\/comments?post=24475"}],"version-history":[{"count":1,"href":"https:\/\/footdavant.fr\/actualites\/wp-json\/wp\/v2\/posts\/24475\/revisions"}],"predecessor-version":[{"id":24476,"href":"https:\/\/footdavant.fr\/actualites\/wp-json\/wp\/v2\/posts\/24475\/revisions\/24476"}],"wp:featuredmedia":[{"embeddable":true,"href":"https:\/\/footdavant.fr\/actualites\/wp-json\/wp\/v2\/media\/21006"}],"wp:attachment":[{"href":"https:\/\/footdavant.fr\/actualites\/wp-json\/wp\/v2\/media?parent=24475"}],"wp:term":[{"taxonomy":"category","embeddable":true,"href":"https:\/\/footdavant.fr\/actualites\/wp-json\/wp\/v2\/categories?post=24475"},{"taxonomy":"post_tag","embeddable":true,"href":"https:\/\/footdavant.fr\/actualites\/wp-json\/wp\/v2\/tags?post=24475"}],"curies":[{"name":"wp","href":"https:\/\/api.w.org\/{rel}","templated":true}]}}