{"id":24483,"date":"2025-05-30T06:48:40","date_gmt":"2025-05-30T04:48:40","guid":{"rendered":"https:\/\/footdavant.fr\/actualites\/apercu-paris-saint-germain-vs-inter-milan-prediction-nouvelles-dequipe-alignements\/"},"modified":"2025-05-30T06:48:41","modified_gmt":"2025-05-30T04:48:41","slug":"apercu-paris-saint-germain-vs-inter-milan-prediction-nouvelles-dequipe-alignements","status":"publish","type":"post","link":"https:\/\/footdavant.fr\/actualites\/apercu-paris-saint-germain-vs-inter-milan-prediction-nouvelles-dequipe-alignements\/","title":{"rendered":"Aper\u00e7u: Paris Saint-Germain vs Inter Milan &#8211; Pr\u00e9diction, nouvelles d&#39;\u00e9quipe, alignements"},"content":{"rendered":"<p>Sports Mole pr\u00e9visualise le conflit de la Ligue des champions de samedi entre le Paris Saint-Germain et l&#39;Inter Milan, y compris les pr\u00e9dictions, les nouvelles de l&#39;\u00e9quipe et les alignements possibles.<\/p>\n<div id=\"article_body\" itemprop=\"articleBody\">\n<p class=\"firstPara\">La conclusion de la saison de football europ\u00e9enne des clubs est \u00e0 nos portes, comme <strong class=\"autotag\">Paris Saint-Germain<\/strong> et <strong class=\"autotag\">Inter Milan<\/strong> se fera face \u00e0 face dans le <strong class=\"autotag\">Ligue des champions<\/strong> Finale \u00e0 Munich samedi soir.<\/p>\n<p>Le PSG a \u00e9t\u00e9 la comp\u00e9tition de pr\u00e8s des hommes au cours de la derni\u00e8re d\u00e9cennie et recherche un tout premier titre, tandis que l&#39;Inter est des v\u00e9t\u00e9rans chevronn\u00e9s, dans l&#39;espoir d&#39;ajouter une quatri\u00e8me couronne de la Ligue des champions \u00e0 leur cabinet troph\u00e9e scintillant \u00e0 l&#39;Allianz Arena.<\/p>\n<h2>Aper\u00e7u de correspondance<\/h2>\n<p class=\"imgI\">\n<p>Ce n&#39;est peut-\u00eatre pas la derni\u00e8re que certains neutres voulaient, mais c&#39;est l&#39;un des plus fascinants depuis de nombreuses ann\u00e9es, simplement parce qu&#39;il est si difficile d&#39;appeler quel style de jeu r\u00e9gnera en supr\u00eame en Bavi\u00e8re samedi soir.<\/p>\n<p>Les deux clubs valent bien leur place en finale, et ils sont all\u00e9s aussi loin par des moyens tr\u00e8s diff\u00e9rents, le football fluide et expansif de PSG attirant l&#39;attention de beaucoup, tandis que les masterclasses tactiques \u00e9l\u00e9gantes et obstin\u00e9es d&#39;Inter ont frustr\u00e9 le Bayern Munich et Barcelone.<\/p>\n<p>Il y a tellement de choses sur la ligne pour les deux, car le PSG cherche \u00e0 terminer les triples et \u00e0 devenir le premier club fran\u00e7ais \u00e0 le faire, tandis que l&#39;Inter esp\u00e8re ne pas terminer le troph\u00e9e de saison, apr\u00e8s avoir toujours \u00e9t\u00e9 \u00e0 la recherche des triples il y a un mois.<\/p>\n<p>En novembre, ce n&#39;est pas au-del\u00e0 du domaine de la possibilit\u00e9 que le PSG aurait enti\u00e8rement rat\u00e9 la stade des KO en terminant en dehors du top 24 de la phase de la ligue, avec le manager <strong class=\"autotag\">Luis Enrique<\/strong>le travail en danger.<\/p>\n<p>Cependant, la transformation du club en 2025 a \u00e9t\u00e9 \u00e0 peine cr\u00e9dible, et ils ont \u00e9t\u00e9 de loin l&#39;\u00e9quipe la plus impressionnante d&#39;Europe depuis le d\u00e9but de l&#39;ann\u00e9e.<\/p>\n<p>Les Parisiens <strong>a gagn\u00e9 la Ligue 1 \u00e0 nouveau<\/strong> \u00e0 un galop, et a balay\u00e9 des reims de c\u00f4t\u00e9 dans le <strong>Coup\u00e9 de France finale<\/strong> La semaine derni\u00e8re, ils ne sont plus \u00e0 un match de terminer la saison parfaite, et celle que leurs propri\u00e9taires qatariens ont attendu plus de 14 ans.<\/p>\n<p class=\"imgI\">\n<p>Les hommes d&#39;Enrique m\u00e9riteraient \u00e9galement la Couronne, apr\u00e8s tout le bruit qui a \u00e9t\u00e9 fait sur leur pedigree \u00e0 ce niveau, et les d\u00e9ceptions qu&#39;ils ont subies ces derni\u00e8res ann\u00e9es, car ils sont all\u00e9s \u00e0 Anfield et aux Emirats et ont gagn\u00e9 dans leur voyage \u00e0 travers les KO, tout en montrant la r\u00e9silience pour retenir Aston Villa dans les quarts de finale.<\/p>\n<p>Le football fran\u00e7ais a \u00e9t\u00e9 affam\u00e9 de succ\u00e8s continental, car Marseille est le seul club auparavant \u00e0 avoir remport\u00e9 cette comp\u00e9tition, mais le pr\u00e9sage effrayant qui pourrait travailler en faveur du PSG est que le succ\u00e8s est venu \u00e0 Munich contre un club de Milan, alors que Om a battu l&#39;AC Milan au stade olympique en 1993.<\/p>\n<p>En plus de cela, \u00e0 quatre reprises, la finale a eu lieu \u00e0 Munich, un premier vainqueur a \u00e9t\u00e9 couronn\u00e9, donc le PSG cherchera \u00e0 rejoindre Nottingham Forest, Marseille, Borussia Dortmund et Chelsea dans cette liste.<\/p>\n<p>Le PSG a \u00e9t\u00e9 la derni\u00e8re \u00e9quipe fran\u00e7aise \u00e0 remporter un titre continental, mais cela est venu dans une comp\u00e9tition qui est disparue depuis pr\u00e8s de trois d\u00e9cennies, avec ce succ\u00e8s \u00e0 la Coupe des vainqueurs de la Coupe 1995-96.<\/p>\n<p>Le club fran\u00e7ais a perdu sa seule finale de la Ligue des champions, \u00e0 huis clos en 2020 contre le Bayern Munich, mais le m\u00eame sort assailli en 2023, car ils ont \u00e9t\u00e9 battus \u00e0 Istanbul par Manchester City.<\/p>\n<p>Cette d\u00e9faite signifie qu&#39;\u00e0 trois occasions, Inter a perdu une finale de l&#39;UCL, elle a \u00e9t\u00e9 contre un club qui a remport\u00e9 les triples, ce que le PSG g\u00e8re avec une victoire ici, cependant, les g\u00e9ants italiens ont beaucoup d&#39;histoire sur lesquels se replier, avec trois triomphes de la Ligue des champions d\u00e9j\u00e0 stock\u00e9s.<\/p>\n<p class=\"imgI\">\n<p>Apr\u00e8s <strong>\u00e9chapper \u00e0 la s\u00e9rie A<\/strong> et le Coppa Italia, <strong class=\"autotag\">Simone Inzaghi<\/strong>Les hommes seront d\u00e9sesp\u00e9r\u00e9s de faire amende honorable pour ne pas avoir d\u00e9pass\u00e9 la ligne dans les deux comp\u00e9titions, ainsi que dans les deux derni\u00e8res ann\u00e9es.<\/p>\n<p>Talk of the Treble a \u00e9t\u00e9 r\u00e9pandu apr\u00e8s leur incroyable victoire globale de 7-6 contre le Bar\u00e7a en demi-finale, mais m\u00eame ramener \u00e0 la maison, la Ligue des champions marquerait l&#39;une des plus grandes saisons de l&#39;histoire du club, \u00e9tant donn\u00e9 le peu de gens qui les ont imagin\u00e9s au d\u00e9but de la saison.<\/p>\n<p>L&#39;Inter a \u00e9t\u00e9 loin d&#39;\u00eatre aussi convaincante au cours des derniers mois, ne d\u00e9passant que le Bayern apr\u00e8s avoir gagn\u00e9 loin de chez lui, perdant en Serie A \u00e0 Bologne et Roma, laissant tomber des points mortellement au Lazio qui leur a co\u00fbt\u00e9 le titre, ainsi que de s&#39;\u00e9craser du Coppa \u00e0 ses concurrents Milan apr\u00e8s une forte d\u00e9faite \u00e0 domicile.<\/p>\n<p>Les Nerazzurri sont une meilleure \u00e9quipe qu&#39;en 2023 lorsque Man City les a battus \u00e0 Istanbul, et capitaine <strong class=\"autotag\">Lautaro Martinez<\/strong> a clairement indiqu\u00e9 que l&#39;\u00e9quipe a \u00e9t\u00e9 d\u00e9termin\u00e9e \u00e0 mettre ce r\u00e9sultat depuis la d\u00e9faite.<\/p>\n<p>Inter&#39;s strength is that they so often find themselves in control of games, having taken the lead in 11 of their 14 Champions League games this season, while they have only trailed for a combined seven minutes &#8211; in injury time versus Bayer Leverkusen in the league phase, and late on against Barcelona in the second leg of their semi-final before <strong class=\"autotag\">Francesco Acerbi<\/strong>niveleur.<\/p>\n<p>Les hommes d&#39;Inzaghi entrent en finale en tant que l\u00e9gers outsiders, mais ils ont \u00e9galement \u00e9t\u00e9 d\u00e9connect\u00e9s sur les march\u00e9s contre le Bayern et le Bar\u00e7a, alors sous-estimez l&#39;Inter \u00e0 vos risques et p\u00e9rils.<\/p>\n<p>Paris Saint-Germain Champions League Form:<\/p>\n<p>Paris Saint-Germain Form (toutes les comp\u00e9titions):<\/p>\n<p>Formulaire de la Ligue des champions de l&#39;Inter Milan:<\/p>\n<p>Forme inter Milan (toutes les comp\u00e9titions):<\/p>\n<h2>Nouvelles de l&#39;\u00e9quipe<\/h2>\n<p class=\"imgI\">\n<p>Dans une tournure des \u00e9v\u00e9nements assez remarquable, les deux \u00e9quipes devraient \u00eatre une pleine force sans aucune pr\u00e9occupation des blessures dans les deux camps.<\/p>\n<p>\u00c0 part le banni <strong class=\"autotag\">Presnel Kimpembe<\/strong>qui a \u00e0 peine pr\u00e9sent\u00e9 toute la saison et qui se d\u00e9bat avec une blessure \u00e0 la jambe, Enrique a toute l&#39;\u00e9quipe du PSG \u00e0 sa disposition, afin qu&#39;ils puissent ressembler tr\u00e8s \u00e0 l&#39;\u00e9quipe qui faisait face \u00e0 Arsenal en demi-finale.<\/p>\n<p><strong class=\"autotag\">Ousmane Dembele<\/strong> n&#39;\u00e9tait qu&#39;un substitut \u00e0 cette deuxi\u00e8me \u00e9tape, mais commencera ici, donc Enrique a une d\u00e9cision \u00e0 prendre entre la s\u00e9lection <strong class=\"autotag\">D\u00e9sir Doue<\/strong> ou <strong class=\"autotag\">Bradley Barcola<\/strong>avec <strong class=\"autotag\">Khvicha kvaratskhelia<\/strong> susceptible d&#39;\u00eatre clou\u00e9 pour une couchette de d\u00e9part.<\/p>\n<p>Les deux doutes de blessures d&#39;Inter sont tous deux revenus \u00e0 l&#39;entra\u00eenement cette semaine et devraient \u00eatre impliqu\u00e9s dans l&#39;\u00e9quipe samedi, comme <strong class=\"autotag\">Pavard Benjamin<\/strong> et <strong class=\"autotag\">Piotr Zielinski<\/strong> \u00e9taient tous deux repr\u00e9sent\u00e9s avec leurs co\u00e9quipiers de bonne humeur.<\/p>\n<p>Le capitaine Martinez n&#39;a pas jou\u00e9 depuis la victoire \u00e0 la deuxi\u00e8me \u00e9tape sur le Bar\u00e7a, lorsqu&#39;il a jou\u00e9 \u00e0 travers la barri\u00e8re de la douleur pendant 70 minutes, et ce temps de repos et de r\u00e9cup\u00e9ration a signifi\u00e9 qu&#39;il sera apte \u00e0 celui-ci.<\/p>\n<p>Inzaghi a repos\u00e9 presque tout le premier choix du premier choix pour le voyage \u00e0 Como vendredi dernier, avec le gardien de but <strong class=\"autotag\">Yann Sommer<\/strong>aile <strong class=\"autotag\">Federico DiMarco<\/strong>et meneur de jeu <strong class=\"autotag\">Hakan Calhanoglu<\/strong> Les seuls membres de ce Xi sont susceptibles de rester dans le c\u00f4t\u00e9 ici.<\/p>\n<p><strong>Paris Saint-Germain Possible LIGNAGE POSSIBLE:<\/strong><br \/>Donnarumma; Hakimi, Marquinhos, Pacho, Nuno Mendes; Joao Neves, Vititinha, Fabian Ruiz; Doue, Dembele, Kvaratskhelia<\/p>\n<p><strong>Inter Milan Possible LIGNAGE DE D\u00c9MARRAGE:<\/strong><br \/>Sommer; Bisseck, Acerbi, Bastoni; Dumfries, Barella, Calhanoglu, Mkhitaryan, DiMarco; Thuram, Martinez<\/p>\n<p class=\"sm_center\">\n<h2 class=\"sm_center\">Nous disons: Paris Saint-Germain 1-1 Inter Milan (victoire de Paris Saint-Germain aux sanctions)<\/h2>\n<p>Cette finale est l&#39;une des plus difficiles \u00e0 appeler depuis de nombreuses ann\u00e9es, et m\u00eame si le PSG est r\u00e9pertori\u00e9 comme les favoris, une victoire pour l&#39;Inter ne surprendrait personne.<\/p>\n<p>Les deux clubs ont \u00e9t\u00e9 impliqu\u00e9s dans des rencontres tendues et serr\u00e9es tout au long de la comp\u00e9tition, et la finale ne devrait pas s&#39;av\u00e9rer diff\u00e9rente, les p\u00e9nalit\u00e9s une possibilit\u00e9 r\u00e9elle, et le bord impitoyable du PSG \u00e0 Liverpool sur les coups de pied dans les 16 derniers pourrait leur donner le l\u00e9ger avantage \u00e0 cet \u00e9gard.<\/p>\n<p>Pour l&#39;analyse des donn\u00e9es des r\u00e9sultats les plus probables, les scores et plus encore pour cette correspondance <strong>Veuillez cliquer ici<\/strong>.<\/p>\n<div class=\"author_box\">\n<div class=\"author_box_banner\">\n<\/div>\n<\/div>\n<h2>Aper\u00e7u par e-mail<\/h2>\n<div>Cliquez ici pour obtenir <strong>Taupe de sport<\/strong>Email quotidien des aper\u00e7us et des pr\u00e9dictions pour chaque jeu majeur!<\/div>\n<p><\/div>\n","protected":false},"excerpt":{"rendered":"<p>Sports Mole pr\u00e9visualise le conflit de la Ligue des champions de samedi entre le Paris Saint-Germain et l&#39;Inter Milan, y compris les pr\u00e9dictions, les nouvelles<\/p>\n","protected":false},"author":1,"featured_media":23731,"comment_status":"closed","ping_status":"","sticky":false,"template":"","format":"standard","meta":{"footnotes":""},"categories":[4],"tags":[7750,284,4628,535,250,461,100,3917,249],"yoast_head":"<!-- This site is optimized with the Yoast SEO plugin v21.0 - https:\/\/yoast.com\/wordpress\/plugins\/seo\/ -->\n<title>Aper\u00e7u: Paris Saint-Germain vs Inter Milan - Pr\u00e9diction, nouvelles d&#039;\u00e9quipe, alignements<\/title>\n<meta name=\"robots\" content=\"index, follow, max-snippet:-1, max-image-preview:large, max-video-preview:-1\" \/>\n<link rel=\"canonical\" href=\"https:\/\/footdavant.fr\/actualites\/apercu-paris-saint-germain-vs-inter-milan-prediction-nouvelles-dequipe-alignements\/\" \/>\n<meta property=\"og:locale\" content=\"fr_FR\" \/>\n<meta property=\"og:type\" content=\"article\" \/>\n<meta property=\"og:title\" content=\"Aper\u00e7u: Paris Saint-Germain vs Inter Milan - Pr\u00e9diction, nouvelles d&#039;\u00e9quipe, alignements\" \/>\n<meta property=\"og:description\" content=\"Sports Mole pr\u00e9visualise le conflit de la Ligue des champions de samedi entre le Paris Saint-Germain et l&#039;Inter Milan, y compris les pr\u00e9dictions, les nouvelles\" \/>\n<meta property=\"og:url\" content=\"https:\/\/footdavant.fr\/actualites\/apercu-paris-saint-germain-vs-inter-milan-prediction-nouvelles-dequipe-alignements\/\" \/>\n<meta property=\"og:site_name\" content=\"Foot d&#039;avant\" \/>\n<meta property=\"article:publisher\" content=\"https:\/\/www.facebook.com\/Footdavant\/\" \/>\n<meta property=\"article:published_time\" content=\"2025-05-30T04:48:40+00:00\" \/>\n<meta property=\"article:modified_time\" content=\"2025-05-30T04:48:41+00:00\" \/>\n<meta property=\"og:image\" content=\"https:\/\/footdavant.fr\/actualites\/wp-content\/uploads\/2025\/05\/PSG-3-2-1-1-Arsenal-Faits-saillants-homme-du-match.jpg\" \/>\n\t<meta property=\"og:image:width\" content=\"1279\" \/>\n\t<meta property=\"og:image:height\" content=\"959\" \/>\n\t<meta property=\"og:image:type\" content=\"image\/jpeg\" \/>\n<meta name=\"author\" content=\"Cl\u00e9ment\" \/>\n<meta name=\"twitter:card\" content=\"summary_large_image\" \/>\n<meta name=\"twitter:creator\" content=\"@FootdavantFr\" \/>\n<meta name=\"twitter:site\" content=\"@FootdavantFr\" \/>\n<meta name=\"twitter:label1\" content=\"\u00c9crit par\" \/>\n\t<meta name=\"twitter:data1\" content=\"Cl\u00e9ment\" \/>\n\t<meta name=\"twitter:label2\" content=\"Dur\u00e9e de lecture estim\u00e9e\" \/>\n\t<meta name=\"twitter:data2\" content=\"8 minutes\" \/>\n<script type=\"application\/ld+json\" class=\"yoast-schema-graph\">{\"@context\":\"https:\/\/schema.org\",\"@graph\":[{\"@type\":\"Article\",\"@id\":\"https:\/\/footdavant.fr\/actualites\/apercu-paris-saint-germain-vs-inter-milan-prediction-nouvelles-dequipe-alignements\/#article\",\"isPartOf\":{\"@id\":\"https:\/\/footdavant.fr\/actualites\/apercu-paris-saint-germain-vs-inter-milan-prediction-nouvelles-dequipe-alignements\/\"},\"author\":{\"name\":\"Cl\u00e9ment\",\"@id\":\"https:\/\/footdavant.fr\/actualites\/#\/schema\/person\/bc222566d95871b37e597b3ed3ba5e1d\"},\"headline\":\"Aper\u00e7u: Paris Saint-Germain vs Inter Milan &#8211; Pr\u00e9diction, nouvelles d&#39;\u00e9quipe, alignements\",\"datePublished\":\"2025-05-30T04:48:40+00:00\",\"dateModified\":\"2025-05-30T04:48:41+00:00\",\"mainEntityOfPage\":{\"@id\":\"https:\/\/footdavant.fr\/actualites\/apercu-paris-saint-germain-vs-inter-milan-prediction-nouvelles-dequipe-alignements\/\"},\"wordCount\":1526,\"publisher\":{\"@id\":\"https:\/\/footdavant.fr\/actualites\/#organization\"},\"keywords\":[\"alignements\",\"Aper\u00e7u\",\"d39\u00e9quipe\",\"Inter\",\"Milan\",\"Nouvelles\",\"paris\",\"pr\u00e9diction\",\"SaintGermain\"],\"articleSection\":[\"Champions League\"],\"inLanguage\":\"fr-FR\"},{\"@type\":\"WebPage\",\"@id\":\"https:\/\/footdavant.fr\/actualites\/apercu-paris-saint-germain-vs-inter-milan-prediction-nouvelles-dequipe-alignements\/\",\"url\":\"https:\/\/footdavant.fr\/actualites\/apercu-paris-saint-germain-vs-inter-milan-prediction-nouvelles-dequipe-alignements\/\",\"name\":\"Aper\u00e7u: Paris Saint-Germain vs Inter Milan - Pr\u00e9diction, nouvelles d&#39;\u00e9quipe, alignements\",\"isPartOf\":{\"@id\":\"https:\/\/footdavant.fr\/actualites\/#website\"},\"datePublished\":\"2025-05-30T04:48:40+00:00\",\"dateModified\":\"2025-05-30T04:48:41+00:00\",\"breadcrumb\":{\"@id\":\"https:\/\/footdavant.fr\/actualites\/apercu-paris-saint-germain-vs-inter-milan-prediction-nouvelles-dequipe-alignements\/#breadcrumb\"},\"inLanguage\":\"fr-FR\",\"potentialAction\":[{\"@type\":\"ReadAction\",\"target\":[\"https:\/\/footdavant.fr\/actualites\/apercu-paris-saint-germain-vs-inter-milan-prediction-nouvelles-dequipe-alignements\/\"]}]},{\"@type\":\"BreadcrumbList\",\"@id\":\"https:\/\/footdavant.fr\/actualites\/apercu-paris-saint-germain-vs-inter-milan-prediction-nouvelles-dequipe-alignements\/#breadcrumb\",\"itemListElement\":[{\"@type\":\"ListItem\",\"position\":1,\"name\":\"Accueil\",\"item\":\"https:\/\/footdavant.fr\/actualites\/\"},{\"@type\":\"ListItem\",\"position\":2,\"name\":\"Aper\u00e7u: Paris Saint-Germain vs Inter Milan &#8211; Pr\u00e9diction, nouvelles d&#39;\u00e9quipe, alignements\"}]},{\"@type\":\"WebSite\",\"@id\":\"https:\/\/footdavant.fr\/actualites\/#website\",\"url\":\"https:\/\/footdavant.fr\/actualites\/\",\"name\":\"Foot d'avant\",\"description\":\"\",\"publisher\":{\"@id\":\"https:\/\/footdavant.fr\/actualites\/#organization\"},\"potentialAction\":[{\"@type\":\"SearchAction\",\"target\":{\"@type\":\"EntryPoint\",\"urlTemplate\":\"https:\/\/footdavant.fr\/actualites\/?s={search_term_string}\"},\"query-input\":\"required name=search_term_string\"}],\"inLanguage\":\"fr-FR\"},{\"@type\":\"Organization\",\"@id\":\"https:\/\/footdavant.fr\/actualites\/#organization\",\"name\":\"Foot d'avant\",\"url\":\"https:\/\/footdavant.fr\/actualites\/\",\"logo\":{\"@type\":\"ImageObject\",\"inLanguage\":\"fr-FR\",\"@id\":\"https:\/\/footdavant.fr\/actualites\/#\/schema\/logo\/image\/\",\"url\":\"https:\/\/footdavant.fr\/actualites\/wp-content\/uploads\/2023\/09\/Copy-of-FootDavant-Logo.png\",\"contentUrl\":\"https:\/\/footdavant.fr\/actualites\/wp-content\/uploads\/2023\/09\/Copy-of-FootDavant-Logo.png\",\"width\":936,\"height\":549,\"caption\":\"Foot d'avant\"},\"image\":{\"@id\":\"https:\/\/footdavant.fr\/actualites\/#\/schema\/logo\/image\/\"},\"sameAs\":[\"https:\/\/www.facebook.com\/Footdavant\/\",\"https:\/\/twitter.com\/FootdavantFr\",\"https:\/\/www.instagram.com\/footdavant.fr\/\"]},{\"@type\":\"Person\",\"@id\":\"https:\/\/footdavant.fr\/actualites\/#\/schema\/person\/bc222566d95871b37e597b3ed3ba5e1d\",\"name\":\"Cl\u00e9ment\",\"image\":{\"@type\":\"ImageObject\",\"inLanguage\":\"fr-FR\",\"@id\":\"https:\/\/footdavant.fr\/actualites\/#\/schema\/person\/image\/\",\"url\":\"https:\/\/secure.gravatar.com\/avatar\/7728b29aac2719421e1a9159b2254c44?s=96&d=mm&r=g\",\"contentUrl\":\"https:\/\/secure.gravatar.com\/avatar\/7728b29aac2719421e1a9159b2254c44?s=96&d=mm&r=g\",\"caption\":\"Cl\u00e9ment\"},\"sameAs\":[\"https:\/\/footdavant.fr\/\"]}]}<\/script>\n<!-- \/ Yoast SEO plugin. -->","yoast_head_json":{"title":"Aper\u00e7u: Paris Saint-Germain vs Inter Milan - Pr\u00e9diction, nouvelles d&#39;\u00e9quipe, alignements","robots":{"index":"index","follow":"follow","max-snippet":"max-snippet:-1","max-image-preview":"max-image-preview:large","max-video-preview":"max-video-preview:-1"},"canonical":"https:\/\/footdavant.fr\/actualites\/apercu-paris-saint-germain-vs-inter-milan-prediction-nouvelles-dequipe-alignements\/","og_locale":"fr_FR","og_type":"article","og_title":"Aper\u00e7u: Paris Saint-Germain vs Inter Milan - Pr\u00e9diction, nouvelles d&#39;\u00e9quipe, alignements","og_description":"Sports Mole pr\u00e9visualise le conflit de la Ligue des champions de samedi entre le Paris Saint-Germain et l&#39;Inter Milan, y compris les pr\u00e9dictions, les nouvelles","og_url":"https:\/\/footdavant.fr\/actualites\/apercu-paris-saint-germain-vs-inter-milan-prediction-nouvelles-dequipe-alignements\/","og_site_name":"Foot d&#039;avant","article_publisher":"https:\/\/www.facebook.com\/Footdavant\/","article_published_time":"2025-05-30T04:48:40+00:00","article_modified_time":"2025-05-30T04:48:41+00:00","og_image":[{"width":1279,"height":959,"url":"https:\/\/footdavant.fr\/actualites\/wp-content\/uploads\/2025\/05\/PSG-3-2-1-1-Arsenal-Faits-saillants-homme-du-match.jpg","type":"image\/jpeg"}],"author":"Cl\u00e9ment","twitter_card":"summary_large_image","twitter_creator":"@FootdavantFr","twitter_site":"@FootdavantFr","twitter_misc":{"\u00c9crit par":"Cl\u00e9ment","Dur\u00e9e de lecture estim\u00e9e":"8 minutes"},"schema":{"@context":"https:\/\/schema.org","@graph":[{"@type":"Article","@id":"https:\/\/footdavant.fr\/actualites\/apercu-paris-saint-germain-vs-inter-milan-prediction-nouvelles-dequipe-alignements\/#article","isPartOf":{"@id":"https:\/\/footdavant.fr\/actualites\/apercu-paris-saint-germain-vs-inter-milan-prediction-nouvelles-dequipe-alignements\/"},"author":{"name":"Cl\u00e9ment","@id":"https:\/\/footdavant.fr\/actualites\/#\/schema\/person\/bc222566d95871b37e597b3ed3ba5e1d"},"headline":"Aper\u00e7u: Paris Saint-Germain vs Inter Milan &#8211; Pr\u00e9diction, nouvelles d&#39;\u00e9quipe, alignements","datePublished":"2025-05-30T04:48:40+00:00","dateModified":"2025-05-30T04:48:41+00:00","mainEntityOfPage":{"@id":"https:\/\/footdavant.fr\/actualites\/apercu-paris-saint-germain-vs-inter-milan-prediction-nouvelles-dequipe-alignements\/"},"wordCount":1526,"publisher":{"@id":"https:\/\/footdavant.fr\/actualites\/#organization"},"keywords":["alignements","Aper\u00e7u","d39\u00e9quipe","Inter","Milan","Nouvelles","paris","pr\u00e9diction","SaintGermain"],"articleSection":["Champions League"],"inLanguage":"fr-FR"},{"@type":"WebPage","@id":"https:\/\/footdavant.fr\/actualites\/apercu-paris-saint-germain-vs-inter-milan-prediction-nouvelles-dequipe-alignements\/","url":"https:\/\/footdavant.fr\/actualites\/apercu-paris-saint-germain-vs-inter-milan-prediction-nouvelles-dequipe-alignements\/","name":"Aper\u00e7u: Paris Saint-Germain vs Inter Milan - Pr\u00e9diction, nouvelles d&#39;\u00e9quipe, alignements","isPartOf":{"@id":"https:\/\/footdavant.fr\/actualites\/#website"},"datePublished":"2025-05-30T04:48:40+00:00","dateModified":"2025-05-30T04:48:41+00:00","breadcrumb":{"@id":"https:\/\/footdavant.fr\/actualites\/apercu-paris-saint-germain-vs-inter-milan-prediction-nouvelles-dequipe-alignements\/#breadcrumb"},"inLanguage":"fr-FR","potentialAction":[{"@type":"ReadAction","target":["https:\/\/footdavant.fr\/actualites\/apercu-paris-saint-germain-vs-inter-milan-prediction-nouvelles-dequipe-alignements\/"]}]},{"@type":"BreadcrumbList","@id":"https:\/\/footdavant.fr\/actualites\/apercu-paris-saint-germain-vs-inter-milan-prediction-nouvelles-dequipe-alignements\/#breadcrumb","itemListElement":[{"@type":"ListItem","position":1,"name":"Accueil","item":"https:\/\/footdavant.fr\/actualites\/"},{"@type":"ListItem","position":2,"name":"Aper\u00e7u: Paris Saint-Germain vs Inter Milan &#8211; Pr\u00e9diction, nouvelles d&#39;\u00e9quipe, alignements"}]},{"@type":"WebSite","@id":"https:\/\/footdavant.fr\/actualites\/#website","url":"https:\/\/footdavant.fr\/actualites\/","name":"Foot d'avant","description":"","publisher":{"@id":"https:\/\/footdavant.fr\/actualites\/#organization"},"potentialAction":[{"@type":"SearchAction","target":{"@type":"EntryPoint","urlTemplate":"https:\/\/footdavant.fr\/actualites\/?s={search_term_string}"},"query-input":"required name=search_term_string"}],"inLanguage":"fr-FR"},{"@type":"Organization","@id":"https:\/\/footdavant.fr\/actualites\/#organization","name":"Foot d'avant","url":"https:\/\/footdavant.fr\/actualites\/","logo":{"@type":"ImageObject","inLanguage":"fr-FR","@id":"https:\/\/footdavant.fr\/actualites\/#\/schema\/logo\/image\/","url":"https:\/\/footdavant.fr\/actualites\/wp-content\/uploads\/2023\/09\/Copy-of-FootDavant-Logo.png","contentUrl":"https:\/\/footdavant.fr\/actualites\/wp-content\/uploads\/2023\/09\/Copy-of-FootDavant-Logo.png","width":936,"height":549,"caption":"Foot d'avant"},"image":{"@id":"https:\/\/footdavant.fr\/actualites\/#\/schema\/logo\/image\/"},"sameAs":["https:\/\/www.facebook.com\/Footdavant\/","https:\/\/twitter.com\/FootdavantFr","https:\/\/www.instagram.com\/footdavant.fr\/"]},{"@type":"Person","@id":"https:\/\/footdavant.fr\/actualites\/#\/schema\/person\/bc222566d95871b37e597b3ed3ba5e1d","name":"Cl\u00e9ment","image":{"@type":"ImageObject","inLanguage":"fr-FR","@id":"https:\/\/footdavant.fr\/actualites\/#\/schema\/person\/image\/","url":"https:\/\/secure.gravatar.com\/avatar\/7728b29aac2719421e1a9159b2254c44?s=96&d=mm&r=g","contentUrl":"https:\/\/secure.gravatar.com\/avatar\/7728b29aac2719421e1a9159b2254c44?s=96&d=mm&r=g","caption":"Cl\u00e9ment"},"sameAs":["https:\/\/footdavant.fr\/"]}]}},"_links":{"self":[{"href":"https:\/\/footdavant.fr\/actualites\/wp-json\/wp\/v2\/posts\/24483"}],"collection":[{"href":"https:\/\/footdavant.fr\/actualites\/wp-json\/wp\/v2\/posts"}],"about":[{"href":"https:\/\/footdavant.fr\/actualites\/wp-json\/wp\/v2\/types\/post"}],"author":[{"embeddable":true,"href":"https:\/\/footdavant.fr\/actualites\/wp-json\/wp\/v2\/users\/1"}],"replies":[{"embeddable":true,"href":"https:\/\/footdavant.fr\/actualites\/wp-json\/wp\/v2\/comments?post=24483"}],"version-history":[{"count":1,"href":"https:\/\/footdavant.fr\/actualites\/wp-json\/wp\/v2\/posts\/24483\/revisions"}],"predecessor-version":[{"id":24484,"href":"https:\/\/footdavant.fr\/actualites\/wp-json\/wp\/v2\/posts\/24483\/revisions\/24484"}],"wp:featuredmedia":[{"embeddable":true,"href":"https:\/\/footdavant.fr\/actualites\/wp-json\/wp\/v2\/media\/23731"}],"wp:attachment":[{"href":"https:\/\/footdavant.fr\/actualites\/wp-json\/wp\/v2\/media?parent=24483"}],"wp:term":[{"taxonomy":"category","embeddable":true,"href":"https:\/\/footdavant.fr\/actualites\/wp-json\/wp\/v2\/categories?post=24483"},{"taxonomy":"post_tag","embeddable":true,"href":"https:\/\/footdavant.fr\/actualites\/wp-json\/wp\/v2\/tags?post=24483"}],"curies":[{"name":"wp","href":"https:\/\/api.w.org\/{rel}","templated":true}]}}