{"id":24488,"date":"2025-05-30T09:48:07","date_gmt":"2025-05-30T07:48:07","guid":{"rendered":"https:\/\/footdavant.fr\/actualites\/al-nassr-espere-que-le-legendaire\/"},"modified":"2025-05-30T09:48:09","modified_gmt":"2025-05-30T07:48:09","slug":"al-nassr-espere-que-le-legendaire","status":"publish","type":"post","link":"https:\/\/footdavant.fr\/actualites\/al-nassr-espere-que-le-legendaire\/","title":{"rendered":"Al-nassr esp\u00e8re que le l\u00e9gendaire"},"content":{"rendered":"<div>\n<p>Cristiano Ronaldo pourrait rester en Arabie saoudite avec le Club al-Nassr dans l&#39;espoir de le persuader de prolonger son contrat.<\/p>\n<p>Le directeur sportif et coll\u00e8gue de la l\u00e9gende du Real Madrid, Fernando Hierro, a f\u00e9licit\u00e9 Ronaldo pour son impact sur le jeu au milieu facile, mais admet que de nombreux clubs souhaitent prendre l&#39;homme de 40 ans.<\/p>\n<p>Ronaldo a compos\u00e9 les sp\u00e9culations sur son avenir apr\u00e8s le match de fin de saison d&#39;Al-Nassr \u00e0 Al-Fateh lundi, publiant sur les r\u00e9seaux sociaux: \u00abCe chapitre est termin\u00e9. L&#39;histoire? Toujours en cours d&#39;\u00e9criture.\u00bb<\/p>\n<p>\u00ab\u00a0Le contrat de Ronaldo avec Al-Nassr se d\u00e9roule jusqu&#39;au 30 juin. Nous travaillerons pour renouveler son contrat afin qu&#39;il puisse continuer avec nous, et il y a de nombreux clubs int\u00e9ress\u00e9s \u00e0 le signer\u00a0\u00bb, a d\u00e9clar\u00e9 Hierro lors d&#39;une conf\u00e9rence de presse.<\/p>\n<p>Bien que Al-Nassr n&#39;ait pas pu se qualifier pour la Coupe du monde du club, le pr\u00e9sident de la FIFA, Gianni Infantino, a d\u00e9clar\u00e9 la semaine derni\u00e8re que des discussions \u00e9taient en cours \u00e0 propos de Ronaldo dans le tournoi aux \u00c9tats-Unis.<\/p>\n<blockquote class=\"twitter-tweet\" data-width=\"550\" data-dnt=\"true\">\n<p lang=\"en\" dir=\"ltr\">Pr\u00e9paration \u2705<a rel=\"nofollow\" href=\"https:\/\/twitter.com\/hashtag\/AlFateh?src=hash&amp;ref_src=twsrc%5Etfw\" rel=\"nofollow noopener\">#Alfateh<\/a> \ud83d\udd1a<a rel=\"nofollow\" href=\"https:\/\/t.co\/t1JbWIylzn\" rel=\"nofollow\">pic.twitter.com\/t1jbwiylzn<\/a><\/p>\n<p>&#8211; Alnassr FC (@alnassrfc_en) <a rel=\"nofollow\" href=\"https:\/\/twitter.com\/AlNassrFC_EN\/status\/1926711751996846333?ref_src=twsrc%5Etfw\" rel=\"nofollow noopener\">25 mai 2025<\/a><\/p>\n<\/blockquote>\n<p>Ronaldo a termin\u00e9 en tant que meilleur buteur dans les saisons cons\u00e9cutives de la Saudi Pro League et Hierro l&#39;a d\u00e9crit comme un pionnier pour la Ligue saoudienne.<\/p>\n<p>\u00ab\u00a0La pr\u00e9sence de Ronaldo depuis le d\u00e9but est un projet national\u00a0\u00bb, a d\u00e9clar\u00e9 Hierro.<\/p>\n<p>\u00abCristiano a ouvert le football dans ce pays dans le monde. Il est ph\u00e9nom\u00e9nal qu&#39;il a eu le courage de venir ici, de rester ici et d&#39;ouvrir la Ligue saoudienne au monde.\u00bb<\/p>\n<\/div>\n<p><script async src=\"https:\/\/platform.twitter.com\/widgets.js\" charset=\"utf-8\"><\/script><\/p>\n","protected":false},"excerpt":{"rendered":"<p>Cristiano Ronaldo pourrait rester en Arabie saoudite avec le Club al-Nassr dans l&#39;espoir de le persuader de prolonger son contrat. Le directeur sportif et coll\u00e8gue<\/p>\n","protected":false},"author":1,"featured_media":24489,"comment_status":"closed","ping_status":"","sticky":false,"template":"","format":"standard","meta":{"footnotes":""},"categories":[3],"tags":[5428,445,7783],"yoast_head":"<!-- This site is optimized with the Yoast SEO plugin v21.0 - https:\/\/yoast.com\/wordpress\/plugins\/seo\/ -->\n<title>Al-nassr esp\u00e8re que le l\u00e9gendaire<\/title>\n<meta name=\"robots\" content=\"index, follow, max-snippet:-1, max-image-preview:large, max-video-preview:-1\" \/>\n<link rel=\"canonical\" href=\"https:\/\/footdavant.fr\/actualites\/al-nassr-espere-que-le-legendaire\/\" \/>\n<meta property=\"og:locale\" content=\"fr_FR\" \/>\n<meta property=\"og:type\" content=\"article\" \/>\n<meta property=\"og:title\" content=\"Al-nassr esp\u00e8re que le l\u00e9gendaire\" \/>\n<meta property=\"og:description\" content=\"Cristiano Ronaldo pourrait rester en Arabie saoudite avec le Club al-Nassr dans l&#039;espoir de le persuader de prolonger son contrat. Le directeur sportif et coll\u00e8gue\" \/>\n<meta property=\"og:url\" content=\"https:\/\/footdavant.fr\/actualites\/al-nassr-espere-que-le-legendaire\/\" \/>\n<meta property=\"og:site_name\" content=\"Foot d&#039;avant\" \/>\n<meta property=\"article:publisher\" content=\"https:\/\/www.facebook.com\/Footdavant\/\" \/>\n<meta property=\"article:published_time\" content=\"2025-05-30T07:48:07+00:00\" \/>\n<meta property=\"article:modified_time\" content=\"2025-05-30T07:48:09+00:00\" \/>\n<meta property=\"og:image\" content=\"https:\/\/footdavant.fr\/actualites\/wp-content\/uploads\/2025\/05\/Al-nassr-espere-que-le-legendaire.jpg\" \/>\n\t<meta property=\"og:image:width\" content=\"1200\" \/>\n\t<meta property=\"og:image:height\" content=\"675\" \/>\n\t<meta property=\"og:image:type\" content=\"image\/jpeg\" \/>\n<meta name=\"author\" content=\"Cl\u00e9ment\" \/>\n<meta name=\"twitter:card\" content=\"summary_large_image\" \/>\n<meta name=\"twitter:creator\" content=\"@FootdavantFr\" \/>\n<meta name=\"twitter:site\" content=\"@FootdavantFr\" \/>\n<meta name=\"twitter:label1\" content=\"\u00c9crit par\" \/>\n\t<meta name=\"twitter:data1\" content=\"Cl\u00e9ment\" \/>\n\t<meta name=\"twitter:label2\" content=\"Dur\u00e9e de lecture estim\u00e9e\" \/>\n\t<meta name=\"twitter:data2\" content=\"1 minute\" \/>\n<script type=\"application\/ld+json\" class=\"yoast-schema-graph\">{\"@context\":\"https:\/\/schema.org\",\"@graph\":[{\"@type\":\"Article\",\"@id\":\"https:\/\/footdavant.fr\/actualites\/al-nassr-espere-que-le-legendaire\/#article\",\"isPartOf\":{\"@id\":\"https:\/\/footdavant.fr\/actualites\/al-nassr-espere-que-le-legendaire\/\"},\"author\":{\"name\":\"Cl\u00e9ment\",\"@id\":\"https:\/\/footdavant.fr\/actualites\/#\/schema\/person\/bc222566d95871b37e597b3ed3ba5e1d\"},\"headline\":\"Al-nassr esp\u00e8re que le l\u00e9gendaire\",\"datePublished\":\"2025-05-30T07:48:07+00:00\",\"dateModified\":\"2025-05-30T07:48:09+00:00\",\"mainEntityOfPage\":{\"@id\":\"https:\/\/footdavant.fr\/actualites\/al-nassr-espere-que-le-legendaire\/\"},\"wordCount\":297,\"publisher\":{\"@id\":\"https:\/\/footdavant.fr\/actualites\/#organization\"},\"keywords\":[\"AlNassr\",\"esp\u00e8re\",\"l\u00e9gendaire\"],\"articleSection\":[\"Football\"],\"inLanguage\":\"fr-FR\"},{\"@type\":\"WebPage\",\"@id\":\"https:\/\/footdavant.fr\/actualites\/al-nassr-espere-que-le-legendaire\/\",\"url\":\"https:\/\/footdavant.fr\/actualites\/al-nassr-espere-que-le-legendaire\/\",\"name\":\"Al-nassr esp\u00e8re que le l\u00e9gendaire\",\"isPartOf\":{\"@id\":\"https:\/\/footdavant.fr\/actualites\/#website\"},\"datePublished\":\"2025-05-30T07:48:07+00:00\",\"dateModified\":\"2025-05-30T07:48:09+00:00\",\"breadcrumb\":{\"@id\":\"https:\/\/footdavant.fr\/actualites\/al-nassr-espere-que-le-legendaire\/#breadcrumb\"},\"inLanguage\":\"fr-FR\",\"potentialAction\":[{\"@type\":\"ReadAction\",\"target\":[\"https:\/\/footdavant.fr\/actualites\/al-nassr-espere-que-le-legendaire\/\"]}]},{\"@type\":\"BreadcrumbList\",\"@id\":\"https:\/\/footdavant.fr\/actualites\/al-nassr-espere-que-le-legendaire\/#breadcrumb\",\"itemListElement\":[{\"@type\":\"ListItem\",\"position\":1,\"name\":\"Accueil\",\"item\":\"https:\/\/footdavant.fr\/actualites\/\"},{\"@type\":\"ListItem\",\"position\":2,\"name\":\"Al-nassr esp\u00e8re que le l\u00e9gendaire\"}]},{\"@type\":\"WebSite\",\"@id\":\"https:\/\/footdavant.fr\/actualites\/#website\",\"url\":\"https:\/\/footdavant.fr\/actualites\/\",\"name\":\"Foot d'avant\",\"description\":\"\",\"publisher\":{\"@id\":\"https:\/\/footdavant.fr\/actualites\/#organization\"},\"potentialAction\":[{\"@type\":\"SearchAction\",\"target\":{\"@type\":\"EntryPoint\",\"urlTemplate\":\"https:\/\/footdavant.fr\/actualites\/?s={search_term_string}\"},\"query-input\":\"required name=search_term_string\"}],\"inLanguage\":\"fr-FR\"},{\"@type\":\"Organization\",\"@id\":\"https:\/\/footdavant.fr\/actualites\/#organization\",\"name\":\"Foot d'avant\",\"url\":\"https:\/\/footdavant.fr\/actualites\/\",\"logo\":{\"@type\":\"ImageObject\",\"inLanguage\":\"fr-FR\",\"@id\":\"https:\/\/footdavant.fr\/actualites\/#\/schema\/logo\/image\/\",\"url\":\"https:\/\/footdavant.fr\/actualites\/wp-content\/uploads\/2023\/09\/Copy-of-FootDavant-Logo.png\",\"contentUrl\":\"https:\/\/footdavant.fr\/actualites\/wp-content\/uploads\/2023\/09\/Copy-of-FootDavant-Logo.png\",\"width\":936,\"height\":549,\"caption\":\"Foot d'avant\"},\"image\":{\"@id\":\"https:\/\/footdavant.fr\/actualites\/#\/schema\/logo\/image\/\"},\"sameAs\":[\"https:\/\/www.facebook.com\/Footdavant\/\",\"https:\/\/twitter.com\/FootdavantFr\",\"https:\/\/www.instagram.com\/footdavant.fr\/\"]},{\"@type\":\"Person\",\"@id\":\"https:\/\/footdavant.fr\/actualites\/#\/schema\/person\/bc222566d95871b37e597b3ed3ba5e1d\",\"name\":\"Cl\u00e9ment\",\"image\":{\"@type\":\"ImageObject\",\"inLanguage\":\"fr-FR\",\"@id\":\"https:\/\/footdavant.fr\/actualites\/#\/schema\/person\/image\/\",\"url\":\"https:\/\/secure.gravatar.com\/avatar\/7728b29aac2719421e1a9159b2254c44?s=96&d=mm&r=g\",\"contentUrl\":\"https:\/\/secure.gravatar.com\/avatar\/7728b29aac2719421e1a9159b2254c44?s=96&d=mm&r=g\",\"caption\":\"Cl\u00e9ment\"},\"sameAs\":[\"https:\/\/footdavant.fr\/\"]}]}<\/script>\n<!-- \/ Yoast SEO plugin. -->","yoast_head_json":{"title":"Al-nassr esp\u00e8re que le l\u00e9gendaire","robots":{"index":"index","follow":"follow","max-snippet":"max-snippet:-1","max-image-preview":"max-image-preview:large","max-video-preview":"max-video-preview:-1"},"canonical":"https:\/\/footdavant.fr\/actualites\/al-nassr-espere-que-le-legendaire\/","og_locale":"fr_FR","og_type":"article","og_title":"Al-nassr esp\u00e8re que le l\u00e9gendaire","og_description":"Cristiano Ronaldo pourrait rester en Arabie saoudite avec le Club al-Nassr dans l&#39;espoir de le persuader de prolonger son contrat. Le directeur sportif et coll\u00e8gue","og_url":"https:\/\/footdavant.fr\/actualites\/al-nassr-espere-que-le-legendaire\/","og_site_name":"Foot d&#039;avant","article_publisher":"https:\/\/www.facebook.com\/Footdavant\/","article_published_time":"2025-05-30T07:48:07+00:00","article_modified_time":"2025-05-30T07:48:09+00:00","og_image":[{"width":1200,"height":675,"url":"https:\/\/footdavant.fr\/actualites\/wp-content\/uploads\/2025\/05\/Al-nassr-espere-que-le-legendaire.jpg","type":"image\/jpeg"}],"author":"Cl\u00e9ment","twitter_card":"summary_large_image","twitter_creator":"@FootdavantFr","twitter_site":"@FootdavantFr","twitter_misc":{"\u00c9crit par":"Cl\u00e9ment","Dur\u00e9e de lecture estim\u00e9e":"1 minute"},"schema":{"@context":"https:\/\/schema.org","@graph":[{"@type":"Article","@id":"https:\/\/footdavant.fr\/actualites\/al-nassr-espere-que-le-legendaire\/#article","isPartOf":{"@id":"https:\/\/footdavant.fr\/actualites\/al-nassr-espere-que-le-legendaire\/"},"author":{"name":"Cl\u00e9ment","@id":"https:\/\/footdavant.fr\/actualites\/#\/schema\/person\/bc222566d95871b37e597b3ed3ba5e1d"},"headline":"Al-nassr esp\u00e8re que le l\u00e9gendaire","datePublished":"2025-05-30T07:48:07+00:00","dateModified":"2025-05-30T07:48:09+00:00","mainEntityOfPage":{"@id":"https:\/\/footdavant.fr\/actualites\/al-nassr-espere-que-le-legendaire\/"},"wordCount":297,"publisher":{"@id":"https:\/\/footdavant.fr\/actualites\/#organization"},"keywords":["AlNassr","esp\u00e8re","l\u00e9gendaire"],"articleSection":["Football"],"inLanguage":"fr-FR"},{"@type":"WebPage","@id":"https:\/\/footdavant.fr\/actualites\/al-nassr-espere-que-le-legendaire\/","url":"https:\/\/footdavant.fr\/actualites\/al-nassr-espere-que-le-legendaire\/","name":"Al-nassr esp\u00e8re que le l\u00e9gendaire","isPartOf":{"@id":"https:\/\/footdavant.fr\/actualites\/#website"},"datePublished":"2025-05-30T07:48:07+00:00","dateModified":"2025-05-30T07:48:09+00:00","breadcrumb":{"@id":"https:\/\/footdavant.fr\/actualites\/al-nassr-espere-que-le-legendaire\/#breadcrumb"},"inLanguage":"fr-FR","potentialAction":[{"@type":"ReadAction","target":["https:\/\/footdavant.fr\/actualites\/al-nassr-espere-que-le-legendaire\/"]}]},{"@type":"BreadcrumbList","@id":"https:\/\/footdavant.fr\/actualites\/al-nassr-espere-que-le-legendaire\/#breadcrumb","itemListElement":[{"@type":"ListItem","position":1,"name":"Accueil","item":"https:\/\/footdavant.fr\/actualites\/"},{"@type":"ListItem","position":2,"name":"Al-nassr esp\u00e8re que le l\u00e9gendaire"}]},{"@type":"WebSite","@id":"https:\/\/footdavant.fr\/actualites\/#website","url":"https:\/\/footdavant.fr\/actualites\/","name":"Foot d'avant","description":"","publisher":{"@id":"https:\/\/footdavant.fr\/actualites\/#organization"},"potentialAction":[{"@type":"SearchAction","target":{"@type":"EntryPoint","urlTemplate":"https:\/\/footdavant.fr\/actualites\/?s={search_term_string}"},"query-input":"required name=search_term_string"}],"inLanguage":"fr-FR"},{"@type":"Organization","@id":"https:\/\/footdavant.fr\/actualites\/#organization","name":"Foot d'avant","url":"https:\/\/footdavant.fr\/actualites\/","logo":{"@type":"ImageObject","inLanguage":"fr-FR","@id":"https:\/\/footdavant.fr\/actualites\/#\/schema\/logo\/image\/","url":"https:\/\/footdavant.fr\/actualites\/wp-content\/uploads\/2023\/09\/Copy-of-FootDavant-Logo.png","contentUrl":"https:\/\/footdavant.fr\/actualites\/wp-content\/uploads\/2023\/09\/Copy-of-FootDavant-Logo.png","width":936,"height":549,"caption":"Foot d'avant"},"image":{"@id":"https:\/\/footdavant.fr\/actualites\/#\/schema\/logo\/image\/"},"sameAs":["https:\/\/www.facebook.com\/Footdavant\/","https:\/\/twitter.com\/FootdavantFr","https:\/\/www.instagram.com\/footdavant.fr\/"]},{"@type":"Person","@id":"https:\/\/footdavant.fr\/actualites\/#\/schema\/person\/bc222566d95871b37e597b3ed3ba5e1d","name":"Cl\u00e9ment","image":{"@type":"ImageObject","inLanguage":"fr-FR","@id":"https:\/\/footdavant.fr\/actualites\/#\/schema\/person\/image\/","url":"https:\/\/secure.gravatar.com\/avatar\/7728b29aac2719421e1a9159b2254c44?s=96&d=mm&r=g","contentUrl":"https:\/\/secure.gravatar.com\/avatar\/7728b29aac2719421e1a9159b2254c44?s=96&d=mm&r=g","caption":"Cl\u00e9ment"},"sameAs":["https:\/\/footdavant.fr\/"]}]}},"_links":{"self":[{"href":"https:\/\/footdavant.fr\/actualites\/wp-json\/wp\/v2\/posts\/24488"}],"collection":[{"href":"https:\/\/footdavant.fr\/actualites\/wp-json\/wp\/v2\/posts"}],"about":[{"href":"https:\/\/footdavant.fr\/actualites\/wp-json\/wp\/v2\/types\/post"}],"author":[{"embeddable":true,"href":"https:\/\/footdavant.fr\/actualites\/wp-json\/wp\/v2\/users\/1"}],"replies":[{"embeddable":true,"href":"https:\/\/footdavant.fr\/actualites\/wp-json\/wp\/v2\/comments?post=24488"}],"version-history":[{"count":1,"href":"https:\/\/footdavant.fr\/actualites\/wp-json\/wp\/v2\/posts\/24488\/revisions"}],"predecessor-version":[{"id":24490,"href":"https:\/\/footdavant.fr\/actualites\/wp-json\/wp\/v2\/posts\/24488\/revisions\/24490"}],"wp:featuredmedia":[{"embeddable":true,"href":"https:\/\/footdavant.fr\/actualites\/wp-json\/wp\/v2\/media\/24489"}],"wp:attachment":[{"href":"https:\/\/footdavant.fr\/actualites\/wp-json\/wp\/v2\/media?parent=24488"}],"wp:term":[{"taxonomy":"category","embeddable":true,"href":"https:\/\/footdavant.fr\/actualites\/wp-json\/wp\/v2\/categories?post=24488"},{"taxonomy":"post_tag","embeddable":true,"href":"https:\/\/footdavant.fr\/actualites\/wp-json\/wp\/v2\/tags?post=24488"}],"curies":[{"name":"wp","href":"https:\/\/api.w.org\/{rel}","templated":true}]}}