{"id":24499,"date":"2025-05-30T15:48:19","date_gmt":"2025-05-30T13:48:19","guid":{"rendered":"https:\/\/footdavant.fr\/actualites\/barcelone-transfer-news-deco-admet-linteret-de-marcus-rashford-avec-liverpool-forward\/"},"modified":"2025-05-30T15:48:21","modified_gmt":"2025-05-30T13:48:21","slug":"barcelone-transfer-news-deco-admet-linteret-de-marcus-rashford-avec-liverpool-forward","status":"publish","type":"post","link":"https:\/\/footdavant.fr\/actualites\/barcelone-transfer-news-deco-admet-linteret-de-marcus-rashford-avec-liverpool-forward\/","title":{"rendered":"Barcelone Transfer News: Deco admet l&#39;int\u00e9r\u00eat de Marcus Rashford avec Liverpool Forward"},"content":{"rendered":"<p>La directrice de Barcelone Sporting Deco admet que les g\u00e9ants catalans sont soucieux de Marcus Rashford de Manchester United et d&#39;un attaquant de Liverpool. <\/p>\n<div id=\"article_body\" itemprop=\"articleBody\">\n<h3 class=\"firstPara\">\n<strong class=\"autotag\">Barcelone<\/strong> directeur sportif <strong class=\"autotag\">D\u00e9co<\/strong> a admis que les g\u00e9ants catalans \u00ab\u00a0aiment\u00a0\u00bb <strong class=\"autotag\">Manchester United<\/strong> avant <strong class=\"autotag\">Marcus Rashford<\/strong> et <strong class=\"autotag\">Liverpool<\/strong> attaquant <strong class=\"autotag\">Luis Diaz<\/strong>.<\/h3>\n<p>Rashford a pass\u00e9 la deuxi\u00e8me moiti\u00e9 de la saison en pr\u00eat \u00e0 Aston Villa apr\u00e8s avoir \u00e9t\u00e9 gel\u00e9 par l&#39;entra\u00eeneur-chef de Man United <strong class=\"autotag\">Ruben Amorim<\/strong>.<\/p>\n<p>Le joueur de 27 ans a contribu\u00e9 quatre buts et six passes d\u00e9cisives en 17 apparitions pour les Villans avant qu&#39;une blessure aux ischio-jambiers ne r\u00e9duise efficacement son pr\u00eat.<\/p>\n<p>Rashford a rat\u00e9 les quatre derniers matchs par blessure et ne sera pas \u00e9ligible \u00e0 Man United dimanche, m\u00eame s&#39;il a pu prouver sa forme physique.<\/p>\n<p>Aston Villa a une option de 40 millions de livres sterling pour acheter Rashford \u00e0 la fin de la saison, mais Man United pourrait <strong>Vendez toujours \u00e0 un autre club<\/strong> pour le m\u00eame montant. <\/p>\n<p class=\"imgI\">\n<h2 class=\"k3\">D\u00e9co admet Rashford, Diaz Int\u00e9r\u00eat<\/h2>\n<p>Bien qu&#39;il reste \u00e0 voir si Villa fait un effort pour effectuer un transfert permanent, le joueur serait <strong>Pousser pour un mouvement de r\u00eave<\/strong> \u00e0 La Liga champions Barcelone avant la campagne 2025-26. <\/p>\n<p>Le directeur de Barcelone Sporting Deco a maintenant admis que le club souhaitait que Rashford, avec Diaz de Liverpool. <\/p>\n<p>Parler \u00e0 <em>Rac1<\/em>Deco a d\u00e9clar\u00e9: \u00ab\u00a0Parler des joueurs qui ont des contrats avec d&#39;autres clubs est compliqu\u00e9 par respect. Nous aimons Luis (Diaz), nous aimons (Marcus) Rashford, et nous aimons les autres joueurs. <\/p>\n<p>\u00ab\u00a0Lorsque nous allons sur le march\u00e9, il y a des noms que nous connaissons et qui pourraient am\u00e9liorer l&#39;\u00e9quipe.\u00a0\u00bb<\/p>\n<p>Diaz a appr\u00e9ci\u00e9 un temps de jeu r\u00e9gulier sous <strong class=\"autotag\">Slot arne<\/strong> Cette saison, marquant 17 buts et fournissant huit passes d\u00e9cisives en 49 apparitions comp\u00e9titives.<\/p>\n<p>L&#39;international colombien a jou\u00e9 son r\u00f4le dans Liverpool en remplissant son 20e titre de haut vol, mais il y a une certaine incertitude quant \u00e0 savoir s&#39;il sera toujours au club pour les aider \u00e0 d\u00e9fendre leur couronne de Premier League la saison prochaine alors qu&#39;il se pr\u00e9pare \u00e0 entrer dans les deux derni\u00e8res ann\u00e9es de son contrat.<\/p>\n<p class=\"imgI\"><img decoding=\"async\" loading=\"lazy\" class=\"l\" src=\"https:\/\/footdavant.fr\/actualites\/wp-content\/uploads\/2025\/05\/1748612899_116_Barcelone-Transfer-News-Deco-admet-l39interet-de-Marcus-Rashford-avec.jpg\" title=\"Luis Diaz de Liverpool repr\u00e9sent\u00e9 le 11 mars 2025\" alt=\"Luis Diaz de Liverpool repr\u00e9sent\u00e9 le 11 mars 2025\" width=\"640\" height=\"480\"><\/p>\n<h2 class=\"k3\">Barcelone a-t-elle besoin d&#39;un nouvel ailier?<\/h2>\n<p>\u00c0 premi\u00e8re vue, Barcelone n&#39;a pas d\u00e9sesp\u00e9r\u00e9ment besoin d&#39;un nouvel ailier suivant la forme impressionnante de <strong class=\"autotag\">Lamine Yamal<\/strong> et <strong class=\"autotag\">Raphinha<\/strong> Cette saison.<\/p>\n<p>Yamal a marqu\u00e9 18 buts et fourni 25 passes d\u00e9cisives en 54 apparitions du flanc droit, tandis que Raphinha a jou\u00e9 de gauche pour la majorit\u00e9 de ses 56 matchs, accumulant 34 buts et 25 passes d\u00e9cisives pour aider Barcelone \u00e0 terminer un tripl\u00e9.<\/p>\n<p>Cependant, le Blaugrana sera conscient qu&#39;ils ont eu la chance que ni Yamal ni Raphinha n&#39;aient pass\u00e9 un temps consid\u00e9rable dans la salle de traitement car il y a un manque de profondeur dans de larges zones.<\/p>\n<p>En cons\u00e9quence, ils recruteront probablement un ailier pour renforcer <strong class=\"autotag\">Film hansi<\/strong>Le c\u00f4t\u00e9 est, d&#39;autant plus qu&#39;ils auront des aspirations \u00e0 ajouter de la qualit\u00e9 suppl\u00e9mentaire \u00e0 leur \u00e9quipe pour leur donner les meilleures chances possibles de contester pour la Ligue des champions.<\/p>\n<hr>\n<p><\/p>\n<h2>Votez dans les prix des lecteurs de Mole Sports 2024-25!<\/h2>\n<p>Le vote est d\u00e9sormais ouvert pour le <strong>Taupe de sport<\/strong> R\u00e9compenses des lecteurs, o\u00f9 vous pouvez choisir votre joueur de la saison, le manager de la saison, la signature de la saison et bien plus encore.<\/p>\n<p><strong>Cliquez ici pour faire vos s\u00e9lections<\/strong>et les gagnants seront annonc\u00e9s le lundi 26 mai!<\/p>\n<hr>\n<\/div>\n","protected":false},"excerpt":{"rendered":"<p>La directrice de Barcelone Sporting Deco admet que les g\u00e9ants catalans sont soucieux de Marcus Rashford de Manchester United et d&#39;un attaquant de Liverpool. Barcelone<\/p>\n","protected":false},"author":1,"featured_media":24500,"comment_status":"closed","ping_status":"","sticky":false,"template":"","format":"standard","meta":{"footnotes":""},"categories":[5],"tags":[1266,91,130,3682,4310,53,422,409,423,2732],"yoast_head":"<!-- This site is optimized with the Yoast SEO plugin v21.0 - https:\/\/yoast.com\/wordpress\/plugins\/seo\/ -->\n<title>Barcelone Transfer News: Deco admet l&#039;int\u00e9r\u00eat de Marcus Rashford avec Liverpool Forward<\/title>\n<meta name=\"robots\" content=\"index, follow, max-snippet:-1, max-image-preview:large, max-video-preview:-1\" \/>\n<link rel=\"canonical\" href=\"https:\/\/footdavant.fr\/actualites\/barcelone-transfer-news-deco-admet-linteret-de-marcus-rashford-avec-liverpool-forward\/\" \/>\n<meta property=\"og:locale\" content=\"fr_FR\" \/>\n<meta property=\"og:type\" content=\"article\" \/>\n<meta property=\"og:title\" content=\"Barcelone Transfer News: Deco admet l&#039;int\u00e9r\u00eat de Marcus Rashford avec Liverpool Forward\" \/>\n<meta property=\"og:description\" content=\"La directrice de Barcelone Sporting Deco admet que les g\u00e9ants catalans sont soucieux de Marcus Rashford de Manchester United et d&#039;un attaquant de Liverpool. Barcelone\" \/>\n<meta property=\"og:url\" content=\"https:\/\/footdavant.fr\/actualites\/barcelone-transfer-news-deco-admet-linteret-de-marcus-rashford-avec-liverpool-forward\/\" \/>\n<meta property=\"og:site_name\" content=\"Foot d&#039;avant\" \/>\n<meta property=\"article:publisher\" content=\"https:\/\/www.facebook.com\/Footdavant\/\" \/>\n<meta property=\"article:published_time\" content=\"2025-05-30T13:48:19+00:00\" \/>\n<meta property=\"article:modified_time\" content=\"2025-05-30T13:48:21+00:00\" \/>\n<meta property=\"og:image\" content=\"https:\/\/footdavant.fr\/actualites\/wp-content\/uploads\/2025\/05\/Barcelone-Transfer-News-Deco-admet-l39interet-de-Marcus-Rashford-avec.jpg\" \/>\n\t<meta property=\"og:image:width\" content=\"640\" \/>\n\t<meta property=\"og:image:height\" content=\"480\" \/>\n\t<meta property=\"og:image:type\" content=\"image\/jpeg\" \/>\n<meta name=\"author\" content=\"Cl\u00e9ment\" \/>\n<meta name=\"twitter:card\" content=\"summary_large_image\" \/>\n<meta name=\"twitter:creator\" content=\"@FootdavantFr\" \/>\n<meta name=\"twitter:site\" content=\"@FootdavantFr\" \/>\n<meta name=\"twitter:label1\" content=\"\u00c9crit par\" \/>\n\t<meta name=\"twitter:data1\" content=\"Cl\u00e9ment\" \/>\n\t<meta name=\"twitter:label2\" content=\"Dur\u00e9e de lecture estim\u00e9e\" \/>\n\t<meta name=\"twitter:data2\" content=\"3 minutes\" \/>\n<script type=\"application\/ld+json\" class=\"yoast-schema-graph\">{\"@context\":\"https:\/\/schema.org\",\"@graph\":[{\"@type\":\"Article\",\"@id\":\"https:\/\/footdavant.fr\/actualites\/barcelone-transfer-news-deco-admet-linteret-de-marcus-rashford-avec-liverpool-forward\/#article\",\"isPartOf\":{\"@id\":\"https:\/\/footdavant.fr\/actualites\/barcelone-transfer-news-deco-admet-linteret-de-marcus-rashford-avec-liverpool-forward\/\"},\"author\":{\"name\":\"Cl\u00e9ment\",\"@id\":\"https:\/\/footdavant.fr\/actualites\/#\/schema\/person\/bc222566d95871b37e597b3ed3ba5e1d\"},\"headline\":\"Barcelone Transfer News: Deco admet l&#39;int\u00e9r\u00eat de Marcus Rashford avec Liverpool Forward\",\"datePublished\":\"2025-05-30T13:48:19+00:00\",\"dateModified\":\"2025-05-30T13:48:21+00:00\",\"mainEntityOfPage\":{\"@id\":\"https:\/\/footdavant.fr\/actualites\/barcelone-transfer-news-deco-admet-linteret-de-marcus-rashford-avec-liverpool-forward\/\"},\"wordCount\":610,\"publisher\":{\"@id\":\"https:\/\/footdavant.fr\/actualites\/#organization\"},\"keywords\":[\"admet\",\"avec\",\"Barcelone\",\"Deco\",\"l39int\u00e9r\u00eat\",\"Liverpool\",\"Marcus\",\"News\",\"Rashford\",\"Transfer\"],\"articleSection\":[\"Premier League\"],\"inLanguage\":\"fr-FR\"},{\"@type\":\"WebPage\",\"@id\":\"https:\/\/footdavant.fr\/actualites\/barcelone-transfer-news-deco-admet-linteret-de-marcus-rashford-avec-liverpool-forward\/\",\"url\":\"https:\/\/footdavant.fr\/actualites\/barcelone-transfer-news-deco-admet-linteret-de-marcus-rashford-avec-liverpool-forward\/\",\"name\":\"Barcelone Transfer News: Deco admet l&#39;int\u00e9r\u00eat de Marcus Rashford avec Liverpool Forward\",\"isPartOf\":{\"@id\":\"https:\/\/footdavant.fr\/actualites\/#website\"},\"datePublished\":\"2025-05-30T13:48:19+00:00\",\"dateModified\":\"2025-05-30T13:48:21+00:00\",\"breadcrumb\":{\"@id\":\"https:\/\/footdavant.fr\/actualites\/barcelone-transfer-news-deco-admet-linteret-de-marcus-rashford-avec-liverpool-forward\/#breadcrumb\"},\"inLanguage\":\"fr-FR\",\"potentialAction\":[{\"@type\":\"ReadAction\",\"target\":[\"https:\/\/footdavant.fr\/actualites\/barcelone-transfer-news-deco-admet-linteret-de-marcus-rashford-avec-liverpool-forward\/\"]}]},{\"@type\":\"BreadcrumbList\",\"@id\":\"https:\/\/footdavant.fr\/actualites\/barcelone-transfer-news-deco-admet-linteret-de-marcus-rashford-avec-liverpool-forward\/#breadcrumb\",\"itemListElement\":[{\"@type\":\"ListItem\",\"position\":1,\"name\":\"Accueil\",\"item\":\"https:\/\/footdavant.fr\/actualites\/\"},{\"@type\":\"ListItem\",\"position\":2,\"name\":\"Barcelone Transfer News: Deco admet l&#39;int\u00e9r\u00eat de Marcus Rashford avec Liverpool Forward\"}]},{\"@type\":\"WebSite\",\"@id\":\"https:\/\/footdavant.fr\/actualites\/#website\",\"url\":\"https:\/\/footdavant.fr\/actualites\/\",\"name\":\"Foot d'avant\",\"description\":\"\",\"publisher\":{\"@id\":\"https:\/\/footdavant.fr\/actualites\/#organization\"},\"potentialAction\":[{\"@type\":\"SearchAction\",\"target\":{\"@type\":\"EntryPoint\",\"urlTemplate\":\"https:\/\/footdavant.fr\/actualites\/?s={search_term_string}\"},\"query-input\":\"required name=search_term_string\"}],\"inLanguage\":\"fr-FR\"},{\"@type\":\"Organization\",\"@id\":\"https:\/\/footdavant.fr\/actualites\/#organization\",\"name\":\"Foot d'avant\",\"url\":\"https:\/\/footdavant.fr\/actualites\/\",\"logo\":{\"@type\":\"ImageObject\",\"inLanguage\":\"fr-FR\",\"@id\":\"https:\/\/footdavant.fr\/actualites\/#\/schema\/logo\/image\/\",\"url\":\"https:\/\/footdavant.fr\/actualites\/wp-content\/uploads\/2023\/09\/Copy-of-FootDavant-Logo.png\",\"contentUrl\":\"https:\/\/footdavant.fr\/actualites\/wp-content\/uploads\/2023\/09\/Copy-of-FootDavant-Logo.png\",\"width\":936,\"height\":549,\"caption\":\"Foot d'avant\"},\"image\":{\"@id\":\"https:\/\/footdavant.fr\/actualites\/#\/schema\/logo\/image\/\"},\"sameAs\":[\"https:\/\/www.facebook.com\/Footdavant\/\",\"https:\/\/twitter.com\/FootdavantFr\",\"https:\/\/www.instagram.com\/footdavant.fr\/\"]},{\"@type\":\"Person\",\"@id\":\"https:\/\/footdavant.fr\/actualites\/#\/schema\/person\/bc222566d95871b37e597b3ed3ba5e1d\",\"name\":\"Cl\u00e9ment\",\"image\":{\"@type\":\"ImageObject\",\"inLanguage\":\"fr-FR\",\"@id\":\"https:\/\/footdavant.fr\/actualites\/#\/schema\/person\/image\/\",\"url\":\"https:\/\/secure.gravatar.com\/avatar\/7728b29aac2719421e1a9159b2254c44?s=96&d=mm&r=g\",\"contentUrl\":\"https:\/\/secure.gravatar.com\/avatar\/7728b29aac2719421e1a9159b2254c44?s=96&d=mm&r=g\",\"caption\":\"Cl\u00e9ment\"},\"sameAs\":[\"https:\/\/footdavant.fr\/\"]}]}<\/script>\n<!-- \/ Yoast SEO plugin. -->","yoast_head_json":{"title":"Barcelone Transfer News: Deco admet l&#39;int\u00e9r\u00eat de Marcus Rashford avec Liverpool Forward","robots":{"index":"index","follow":"follow","max-snippet":"max-snippet:-1","max-image-preview":"max-image-preview:large","max-video-preview":"max-video-preview:-1"},"canonical":"https:\/\/footdavant.fr\/actualites\/barcelone-transfer-news-deco-admet-linteret-de-marcus-rashford-avec-liverpool-forward\/","og_locale":"fr_FR","og_type":"article","og_title":"Barcelone Transfer News: Deco admet l&#39;int\u00e9r\u00eat de Marcus Rashford avec Liverpool Forward","og_description":"La directrice de Barcelone Sporting Deco admet que les g\u00e9ants catalans sont soucieux de Marcus Rashford de Manchester United et d&#39;un attaquant de Liverpool. Barcelone","og_url":"https:\/\/footdavant.fr\/actualites\/barcelone-transfer-news-deco-admet-linteret-de-marcus-rashford-avec-liverpool-forward\/","og_site_name":"Foot d&#039;avant","article_publisher":"https:\/\/www.facebook.com\/Footdavant\/","article_published_time":"2025-05-30T13:48:19+00:00","article_modified_time":"2025-05-30T13:48:21+00:00","og_image":[{"width":640,"height":480,"url":"https:\/\/footdavant.fr\/actualites\/wp-content\/uploads\/2025\/05\/Barcelone-Transfer-News-Deco-admet-l39interet-de-Marcus-Rashford-avec.jpg","type":"image\/jpeg"}],"author":"Cl\u00e9ment","twitter_card":"summary_large_image","twitter_creator":"@FootdavantFr","twitter_site":"@FootdavantFr","twitter_misc":{"\u00c9crit par":"Cl\u00e9ment","Dur\u00e9e de lecture estim\u00e9e":"3 minutes"},"schema":{"@context":"https:\/\/schema.org","@graph":[{"@type":"Article","@id":"https:\/\/footdavant.fr\/actualites\/barcelone-transfer-news-deco-admet-linteret-de-marcus-rashford-avec-liverpool-forward\/#article","isPartOf":{"@id":"https:\/\/footdavant.fr\/actualites\/barcelone-transfer-news-deco-admet-linteret-de-marcus-rashford-avec-liverpool-forward\/"},"author":{"name":"Cl\u00e9ment","@id":"https:\/\/footdavant.fr\/actualites\/#\/schema\/person\/bc222566d95871b37e597b3ed3ba5e1d"},"headline":"Barcelone Transfer News: Deco admet l&#39;int\u00e9r\u00eat de Marcus Rashford avec Liverpool Forward","datePublished":"2025-05-30T13:48:19+00:00","dateModified":"2025-05-30T13:48:21+00:00","mainEntityOfPage":{"@id":"https:\/\/footdavant.fr\/actualites\/barcelone-transfer-news-deco-admet-linteret-de-marcus-rashford-avec-liverpool-forward\/"},"wordCount":610,"publisher":{"@id":"https:\/\/footdavant.fr\/actualites\/#organization"},"keywords":["admet","avec","Barcelone","Deco","l39int\u00e9r\u00eat","Liverpool","Marcus","News","Rashford","Transfer"],"articleSection":["Premier League"],"inLanguage":"fr-FR"},{"@type":"WebPage","@id":"https:\/\/footdavant.fr\/actualites\/barcelone-transfer-news-deco-admet-linteret-de-marcus-rashford-avec-liverpool-forward\/","url":"https:\/\/footdavant.fr\/actualites\/barcelone-transfer-news-deco-admet-linteret-de-marcus-rashford-avec-liverpool-forward\/","name":"Barcelone Transfer News: Deco admet l&#39;int\u00e9r\u00eat de Marcus Rashford avec Liverpool Forward","isPartOf":{"@id":"https:\/\/footdavant.fr\/actualites\/#website"},"datePublished":"2025-05-30T13:48:19+00:00","dateModified":"2025-05-30T13:48:21+00:00","breadcrumb":{"@id":"https:\/\/footdavant.fr\/actualites\/barcelone-transfer-news-deco-admet-linteret-de-marcus-rashford-avec-liverpool-forward\/#breadcrumb"},"inLanguage":"fr-FR","potentialAction":[{"@type":"ReadAction","target":["https:\/\/footdavant.fr\/actualites\/barcelone-transfer-news-deco-admet-linteret-de-marcus-rashford-avec-liverpool-forward\/"]}]},{"@type":"BreadcrumbList","@id":"https:\/\/footdavant.fr\/actualites\/barcelone-transfer-news-deco-admet-linteret-de-marcus-rashford-avec-liverpool-forward\/#breadcrumb","itemListElement":[{"@type":"ListItem","position":1,"name":"Accueil","item":"https:\/\/footdavant.fr\/actualites\/"},{"@type":"ListItem","position":2,"name":"Barcelone Transfer News: Deco admet l&#39;int\u00e9r\u00eat de Marcus Rashford avec Liverpool Forward"}]},{"@type":"WebSite","@id":"https:\/\/footdavant.fr\/actualites\/#website","url":"https:\/\/footdavant.fr\/actualites\/","name":"Foot d'avant","description":"","publisher":{"@id":"https:\/\/footdavant.fr\/actualites\/#organization"},"potentialAction":[{"@type":"SearchAction","target":{"@type":"EntryPoint","urlTemplate":"https:\/\/footdavant.fr\/actualites\/?s={search_term_string}"},"query-input":"required name=search_term_string"}],"inLanguage":"fr-FR"},{"@type":"Organization","@id":"https:\/\/footdavant.fr\/actualites\/#organization","name":"Foot d'avant","url":"https:\/\/footdavant.fr\/actualites\/","logo":{"@type":"ImageObject","inLanguage":"fr-FR","@id":"https:\/\/footdavant.fr\/actualites\/#\/schema\/logo\/image\/","url":"https:\/\/footdavant.fr\/actualites\/wp-content\/uploads\/2023\/09\/Copy-of-FootDavant-Logo.png","contentUrl":"https:\/\/footdavant.fr\/actualites\/wp-content\/uploads\/2023\/09\/Copy-of-FootDavant-Logo.png","width":936,"height":549,"caption":"Foot d'avant"},"image":{"@id":"https:\/\/footdavant.fr\/actualites\/#\/schema\/logo\/image\/"},"sameAs":["https:\/\/www.facebook.com\/Footdavant\/","https:\/\/twitter.com\/FootdavantFr","https:\/\/www.instagram.com\/footdavant.fr\/"]},{"@type":"Person","@id":"https:\/\/footdavant.fr\/actualites\/#\/schema\/person\/bc222566d95871b37e597b3ed3ba5e1d","name":"Cl\u00e9ment","image":{"@type":"ImageObject","inLanguage":"fr-FR","@id":"https:\/\/footdavant.fr\/actualites\/#\/schema\/person\/image\/","url":"https:\/\/secure.gravatar.com\/avatar\/7728b29aac2719421e1a9159b2254c44?s=96&d=mm&r=g","contentUrl":"https:\/\/secure.gravatar.com\/avatar\/7728b29aac2719421e1a9159b2254c44?s=96&d=mm&r=g","caption":"Cl\u00e9ment"},"sameAs":["https:\/\/footdavant.fr\/"]}]}},"_links":{"self":[{"href":"https:\/\/footdavant.fr\/actualites\/wp-json\/wp\/v2\/posts\/24499"}],"collection":[{"href":"https:\/\/footdavant.fr\/actualites\/wp-json\/wp\/v2\/posts"}],"about":[{"href":"https:\/\/footdavant.fr\/actualites\/wp-json\/wp\/v2\/types\/post"}],"author":[{"embeddable":true,"href":"https:\/\/footdavant.fr\/actualites\/wp-json\/wp\/v2\/users\/1"}],"replies":[{"embeddable":true,"href":"https:\/\/footdavant.fr\/actualites\/wp-json\/wp\/v2\/comments?post=24499"}],"version-history":[{"count":1,"href":"https:\/\/footdavant.fr\/actualites\/wp-json\/wp\/v2\/posts\/24499\/revisions"}],"predecessor-version":[{"id":24501,"href":"https:\/\/footdavant.fr\/actualites\/wp-json\/wp\/v2\/posts\/24499\/revisions\/24501"}],"wp:featuredmedia":[{"embeddable":true,"href":"https:\/\/footdavant.fr\/actualites\/wp-json\/wp\/v2\/media\/24500"}],"wp:attachment":[{"href":"https:\/\/footdavant.fr\/actualites\/wp-json\/wp\/v2\/media?parent=24499"}],"wp:term":[{"taxonomy":"category","embeddable":true,"href":"https:\/\/footdavant.fr\/actualites\/wp-json\/wp\/v2\/categories?post=24499"},{"taxonomy":"post_tag","embeddable":true,"href":"https:\/\/footdavant.fr\/actualites\/wp-json\/wp\/v2\/tags?post=24499"}],"curies":[{"name":"wp","href":"https:\/\/api.w.org\/{rel}","templated":true}]}}