{"id":24503,"date":"2025-05-30T18:48:06","date_gmt":"2025-05-30T16:48:06","guid":{"rendered":"https:\/\/footdavant.fr\/actualites\/apercu-final-de-la-ligue-des-champions-le-record-passe-de-linter-milan-en-finale-de-lucl-avant-lepreuve-de-force-avec-le-psg\/"},"modified":"2025-05-30T18:48:08","modified_gmt":"2025-05-30T16:48:08","slug":"apercu-final-de-la-ligue-des-champions-le-record-passe-de-linter-milan-en-finale-de-lucl-avant-lepreuve-de-force-avec-le-psg","status":"publish","type":"post","link":"https:\/\/footdavant.fr\/actualites\/apercu-final-de-la-ligue-des-champions-le-record-passe-de-linter-milan-en-finale-de-lucl-avant-lepreuve-de-force-avec-le-psg\/","title":{"rendered":"Aper\u00e7u final de la Ligue des champions: le record pass\u00e9 de l&#39;Inter Milan en finale de l&#39;UCL, avant l&#39;\u00e9preuve de force avec le PSG"},"content":{"rendered":"<p>Avant le tir de l&#39;Inter Milan \u00e0 la gloire de la Ligue des champions lors de la finale contre le PSG samedi, Sports Mole revient sur le record de Nerazzurri lors de la finale pr\u00e9c\u00e9dente dans la comp\u00e9tition<\/p>\n<div id=\"article_body\" itemprop=\"articleBody\">\n<p class=\"firstPara\"><strong class=\"autotag\">Inter Milan<\/strong> cherchera \u00e0 ajouter plus d&#39;argent <strong class=\"autotag\">Ligue des champions<\/strong> Finale \u00e0 Munich samedi soir.<\/p>\n<p>Les Nerazzurri ont certainement l&#39;avantage en ce qui concerne le pedigree europ\u00e9en, ayant remport\u00e9 neuf troph\u00e9es continentaux et internationaux \u00e0 travers leur illustre histoire, et ils chercheront \u00e0 ajouter \u00abilcimo\u00bb \u00e0 l&#39;Allianz Arena ce week-end.<\/p>\n<p>L&#39;Inter a connu le succ\u00e8s dans toutes les comp\u00e9titions de l&#39;UEFA, et c&#39;est en Ligue des champions o\u00f9 ils ont souvent pass\u00e9 leurs plus grandes nuits, mais aussi parmi les pires.<\/p>\n<p>Avant l&#39;occasion de la pi\u00e8ce ma\u00eetresse samedi, <strong>Taupe de sport<\/strong> Reculez le record d&#39;Inter en finale de la Ligue des champions tout au long de leur histoire.<\/p>\n<hr>\n<p class=\"imgI\">\n<p>\u00c0 l&#39;\u00e9poque o\u00f9 le Real Madrid a appr\u00e9ci\u00e9 leur domination en Europe pour la premi\u00e8re fois, ils ont particip\u00e9 \u00e0 leur septi\u00e8me finale en 1964, apr\u00e8s avoir remport\u00e9 cinq des six pr\u00e9c\u00e9dents, tandis que Inter participait \u00e0 leur premier.<\/p>\n<p>C&#39;\u00e9tait la premi\u00e8re saison d&#39;Inter en Europe, et en battant Everton, Monaco, Partizan Belgrade et Borussia Dortmund, ils ont rencontr\u00e9 le Real Madrid en finale, qui s&#39;est tenue \u00e0 Vienne.<\/p>\n<p>Los Blancos n&#39;\u00e9tait pas un match pour les Nerazzurri, alors que l&#39;\u00e9quipe italienne est sortie en t\u00eate, remportant 3-1 au Praterstadion, gr\u00e2ce \u00e0 une attelle de <strong class=\"autotag\">Sandro Mazzola<\/strong>et un autre de <strong class=\"autotag\">Aurelio Milani<\/strong>comme le l\u00e9gendaire <strong class=\"autotag\">Helenio Herrera<\/strong> vu ses hommes prendre le dessus sur une vraie \u00e9quipe qui comprenait <strong class=\"autotag\">Ferenc Puskas<\/strong>, <strong class=\"autotag\">Alfredo di Stefano<\/strong>, <strong class=\"autotag\">Paco gento<\/strong>et <strong class=\"autotag\">Amancio<\/strong>.<\/p>\n<hr>\n<h2 class=\"k3\">1965: Inter 1-0 <strong class=\"autotag\">Benfica<\/strong><br \/>\n<\/h2>\n<p>Non content d&#39;une seule coupe d&#39;Europe dans leur cabinet troph\u00e9e, Inter est all\u00e9 en enfer pour le cuir pour le gagner \u00e0 nouveau l&#39;ann\u00e9e suivante.<\/p>\n<p>Battre un autre club de Merseyside sur le chemin \u00e0 Liverpool, ainsi que Dinamo Bucarest et Rangers, dans le dernier Inter ont \u00e9t\u00e9 jumel\u00e9s avec Benfica, qui \u00e9tait d\u00e9j\u00e0 deux fois vainqueurs de la comp\u00e9tition eux-m\u00eames, et avait eux-m\u00eames <strong class=\"autotag\">Eusebio<\/strong> dans leurs rangs.<\/p>\n<p>L&#39;Inter avait cependant un avantage \u00e0 domicile, car la finale a \u00e9t\u00e9 jou\u00e9e \u00e0 San Siro devant 89 000 spectateurs, et ils ont fait compter le confort \u00e0 domicile, avec un homme large br\u00e9silien <strong class=\"autotag\">Jair<\/strong> marquant le seul but peu avant la mi-temps, les Italiens, les Italiens ont conserv\u00e9 le titre qu&#39;ils avaient remport\u00e9 l&#39;ann\u00e9e pr\u00e9c\u00e9dente.<\/p>\n<hr>\n<h2 class=\"k3\">1967: Inter 1-2 <strong class=\"autotag\">celtique<\/strong><br \/>\n<\/h2>\n<p class=\"imgI\">\n<p>Inter n&#39;a pas r\u00e9ussi \u00e0 atteindre la finale en 1966, tombant au Real Madrid en demi-finale, mais ils ont fait amende honorable en s&#39;assurant qu&#39;ils sont revenus en 1967, exigeant la vengeance de Los Blancos, avant de battre CSKA Sofia en demi-finale pour installer une confrontation avec le Celtic \u00e0 Lisbonne.<\/p>\n<p>Cependant, pour la premi\u00e8re fois, l&#39;Inter a \u00e9chou\u00e9 dans une finale europ\u00e9enne, en descendant 2-1 \u00e0 l&#39;\u00e9quipe maintenant connue sous le nom de \u00abLisbonnes de Lisbonne\u00bb, \u00e9tant donn\u00e9 le courage qu&#39;ils ont montr\u00e9 pour riposter d&#39;aller derri\u00e8re.<\/p>\n<p>Le Celtic \u00e9tait des d\u00e9butants dans la comp\u00e9tition, et aucun club britannique ne l&#39;avait jamais gagn\u00e9, ce qui signifie qu&#39;ils \u00e9taient les outsiders, et cela semblait justifi\u00e9 lorsque Mazzola a mis Inter devant une p\u00e9nalit\u00e9 pr\u00e9coce, mais apr\u00e8s l&#39;intervalle, les \u00c9cossais ont rugi, avec <strong class=\"autotag\">Tommy Gemmell<\/strong> et <strong class=\"autotag\">Stevie Chalmers<\/strong> marquer les buts qui ont tourn\u00e9 le jeu sur sa t\u00eate, remettant de la gloire <strong class=\"autotag\">Jock Stein<\/strong>les hommes.<\/p>\n<hr>\n<h2 class=\"k3\">1972: Inter 0-2 <strong class=\"autotag\">Ajax<\/strong><br \/>\n<\/h2>\n<p class=\"imgI\">\n<p>Apr\u00e8s une absence de cinq ans de la comp\u00e9tition apr\u00e8s la d\u00e9faite contre le Celtic, Inter est revenu dans la saison 1971-1972, et a de nouveau pris la Coupe d&#39;Europe d&#39;assaut, en prenant le dessus sur Aek Ath\u00e8nes, le Borussia Monchengladbach, Standard Lige et leurs ennemis de 1967 pour atteindre la finale, o\u00f9 Ajax a attendu.<\/p>\n<p>C&#39;\u00e9tait l&#39;\u00e9quipe l\u00e9gendaire de l&#39;Ajax qui comprenait <strong class=\"autotag\">Johan Cruyff<\/strong> et <strong class=\"autotag\">Johan Neeskens<\/strong> Entre autres, et a constitu\u00e9 l&#39;\u00e9pine dorsale de l&#39;\u00e9quipe des Pays-Bas qui a r\u00e9volutionn\u00e9 le football dans les ann\u00e9es 1970.<\/p>\n<p>Avec un tel talent expos\u00e9, il n&#39;est pas surprenant que l&#39;Ajax ait eu le dessus sur Inter dans la finale de De Kuip \u00e0 Rotterdam, conservant le titre qu&#39;ils avaient remport\u00e9 un an plus t\u00f4t, car l&#39;Inter Side, qui comprenait certains de leurs Winners des ann\u00e9es 1960 tels que Jair et Mazzola, n&#39;\u00e9taient pas \u00e0 la hauteur de Cruyff, qui a marqu\u00e9 les deux buts en finale.<\/p>\n<hr>\n<p class=\"imgI\">\n<p>Il a fallu pr\u00e8s de quatre d\u00e9cennies \u00e0 l&#39;Inter pour revenir au sommet du football europ\u00e9en du club, malgr\u00e9 l&#39;explosion de la qualit\u00e9 en Serie A dans les ann\u00e9es 1990, car la comp\u00e9tition dans le jeu italien \u00e9tait tout simplement trop grande pour qu&#39;ils usurpent les go\u00fbts de la Juventus et de l&#39;AC Milan pendant une grande partie de cette \u00e9poque.<\/p>\n<p>Cependant, sous <strong class=\"autotag\">Jose Mourinho<\/strong> Tout cela a chang\u00e9, et apr\u00e8s avoir d\u00e9j\u00e0 pris le titre de Serie A et le Coppa Italia, ils ont eu l&#39;occasion de devenir le premier club italien \u00e0 remporter les triples lorsqu&#39;ils ont affront\u00e9 le Bayern Munich au Bernabeu en 2010.<\/p>\n<p>La finale qui n&#39;\u00e9tait pas la finale avait d\u00e9j\u00e0 eu lieu en demi-finale, lorsque Mourinho a d\u00e9pass\u00e9 <strong class=\"autotag\">Pep guodiola<\/strong> et son c\u00f4t\u00e9 de Barcelone contre les cotes, remportant 3-2 sur Aggregate, et le Nerazzurri est entr\u00e9 dans la finale de 2010 en tant que l\u00e9gers favoris, et cela a \u00e9t\u00e9 justifi\u00e9, comme <strong class=\"autotag\">Diego Milito<\/strong>qui avait d\u00e9j\u00e0 marqu\u00e9 les buts qui leur ont valu le Scudetto et le Coppa, ont marqu\u00e9 deux fois en finale pour apporter la gloire europ\u00e9enne \u00e0 la moiti\u00e9 noire et bleue de Milan pour la troisi\u00e8me fois.<\/p>\n<hr>\n<p class=\"imgI\">\n<p>Apr\u00e8s avoir plong\u00e9 dans le marasme apr\u00e8s la sortie de Mourinho, la r\u00e9surgence d&#39;Inter a \u00e9t\u00e9 illustr\u00e9e le plus par leur course \u00e0 la finale de la Ligue des champions en 2022-20 <strong class=\"autotag\">Simone Inzaghi<\/strong>progressant \u00e0 travers un groupe qui comprenait le Bar\u00e7a et le Bayern, avant de battre les rivaux de la ville Milan en demi-finale.<\/p>\n<p>Cet a \u00e9tabli Inter sur une rencontre contre Man City \u00e0 Istanbul, avec Guardiola cherchant \u00e0 venger une vendetta personnelle datant de 2010, ainsi que de remporter les triples avec le club, et leur tout premier titre de Ligue des champions.<\/p>\n<p>Malheureusement pour Inzaghi et Inter, Guardiola a r\u00e9ussi dans ces ambitions, comme <strong class=\"autotag\">Rodri<\/strong>La gr\u00e8ve du deuxi\u00e8me mi-temps a d\u00e9cid\u00e9 de la finale, bien que Inter \u00e9tait sans doute la meilleure \u00e9quipe pendant de grandes p\u00e9riodes, frappant la barre \u00e0 travers <strong class=\"autotag\">Federico DiMarco<\/strong> et voir <strong class=\"autotag\">Romelu Lukaku<\/strong> Gardez une opportunit\u00e9 en or dans les \u00e9tapes mourantes.<\/p>\n<div class=\"author_box\">\n<div class=\"author_box_banner\">\n<\/div>\n<\/div>\n<\/div>\n","protected":false},"excerpt":{"rendered":"<p>Avant le tir de l&#39;Inter Milan \u00e0 la gloire de la Ligue des champions lors de la finale contre le PSG samedi, Sports Mole revient<\/p>\n","protected":false},"author":1,"featured_media":24504,"comment_status":"closed","ping_status":"","sticky":false,"template":"","format":"standard","meta":{"footnotes":""},"categories":[4],"tags":[284,491,91,31,12,3454,897,2773,9376,5414,4537,30,250,2015,1656,61],"yoast_head":"<!-- This site is optimized with the Yoast SEO plugin v21.0 - https:\/\/yoast.com\/wordpress\/plugins\/seo\/ -->\n<title>Aper\u00e7u final de la Ligue des champions: le record pass\u00e9 de l&#039;Inter Milan en finale de l&#039;UCL, avant l&#039;\u00e9preuve de force avec le PSG<\/title>\n<meta name=\"robots\" content=\"index, follow, max-snippet:-1, max-image-preview:large, max-video-preview:-1\" \/>\n<link rel=\"canonical\" href=\"https:\/\/footdavant.fr\/actualites\/apercu-final-de-la-ligue-des-champions-le-record-passe-de-linter-milan-en-finale-de-lucl-avant-lepreuve-de-force-avec-le-psg\/\" \/>\n<meta property=\"og:locale\" content=\"fr_FR\" \/>\n<meta property=\"og:type\" content=\"article\" \/>\n<meta property=\"og:title\" content=\"Aper\u00e7u final de la Ligue des champions: le record pass\u00e9 de l&#039;Inter Milan en finale de l&#039;UCL, avant l&#039;\u00e9preuve de force avec le PSG\" \/>\n<meta property=\"og:description\" content=\"Avant le tir de l&#039;Inter Milan \u00e0 la gloire de la Ligue des champions lors de la finale contre le PSG samedi, Sports Mole revient\" \/>\n<meta property=\"og:url\" content=\"https:\/\/footdavant.fr\/actualites\/apercu-final-de-la-ligue-des-champions-le-record-passe-de-linter-milan-en-finale-de-lucl-avant-lepreuve-de-force-avec-le-psg\/\" \/>\n<meta property=\"og:site_name\" content=\"Foot d&#039;avant\" \/>\n<meta property=\"article:publisher\" content=\"https:\/\/www.facebook.com\/Footdavant\/\" \/>\n<meta property=\"article:published_time\" content=\"2025-05-30T16:48:06+00:00\" \/>\n<meta property=\"article:modified_time\" content=\"2025-05-30T16:48:08+00:00\" \/>\n<meta property=\"og:image\" content=\"https:\/\/footdavant.fr\/actualites\/wp-content\/uploads\/2025\/05\/Apercu-final-de-la-Ligue-des-champions-le-record-passe.jpg\" \/>\n\t<meta property=\"og:image:width\" content=\"1280\" \/>\n\t<meta property=\"og:image:height\" content=\"959\" \/>\n\t<meta property=\"og:image:type\" content=\"image\/jpeg\" \/>\n<meta name=\"author\" content=\"Cl\u00e9ment\" \/>\n<meta name=\"twitter:card\" content=\"summary_large_image\" \/>\n<meta name=\"twitter:creator\" content=\"@FootdavantFr\" \/>\n<meta name=\"twitter:site\" content=\"@FootdavantFr\" \/>\n<meta name=\"twitter:label1\" content=\"\u00c9crit par\" \/>\n\t<meta name=\"twitter:data1\" content=\"Cl\u00e9ment\" \/>\n\t<meta name=\"twitter:label2\" content=\"Dur\u00e9e de lecture estim\u00e9e\" \/>\n\t<meta name=\"twitter:data2\" content=\"6 minutes\" \/>\n<script type=\"application\/ld+json\" class=\"yoast-schema-graph\">{\"@context\":\"https:\/\/schema.org\",\"@graph\":[{\"@type\":\"Article\",\"@id\":\"https:\/\/footdavant.fr\/actualites\/apercu-final-de-la-ligue-des-champions-le-record-passe-de-linter-milan-en-finale-de-lucl-avant-lepreuve-de-force-avec-le-psg\/#article\",\"isPartOf\":{\"@id\":\"https:\/\/footdavant.fr\/actualites\/apercu-final-de-la-ligue-des-champions-le-record-passe-de-linter-milan-en-finale-de-lucl-avant-lepreuve-de-force-avec-le-psg\/\"},\"author\":{\"name\":\"Cl\u00e9ment\",\"@id\":\"https:\/\/footdavant.fr\/actualites\/#\/schema\/person\/bc222566d95871b37e597b3ed3ba5e1d\"},\"headline\":\"Aper\u00e7u final de la Ligue des champions: le record pass\u00e9 de l&#39;Inter Milan en finale de l&#39;UCL, avant l&#39;\u00e9preuve de force avec le PSG\",\"datePublished\":\"2025-05-30T16:48:06+00:00\",\"dateModified\":\"2025-05-30T16:48:08+00:00\",\"mainEntityOfPage\":{\"@id\":\"https:\/\/footdavant.fr\/actualites\/apercu-final-de-la-ligue-des-champions-le-record-passe-de-linter-milan-en-finale-de-lucl-avant-lepreuve-de-force-avec-le-psg\/\"},\"wordCount\":1179,\"publisher\":{\"@id\":\"https:\/\/footdavant.fr\/actualites\/#organization\"},\"keywords\":[\"Aper\u00e7u\",\"avant\",\"avec\",\"champions\",\"des\",\"final\",\"finale\",\"force\",\"l39\u00e9preuve\",\"l39Inter\",\"l39UCL\",\"Ligue\",\"Milan\",\"pass\u00e9\",\"PSG\",\"record\"],\"articleSection\":[\"Champions League\"],\"inLanguage\":\"fr-FR\"},{\"@type\":\"WebPage\",\"@id\":\"https:\/\/footdavant.fr\/actualites\/apercu-final-de-la-ligue-des-champions-le-record-passe-de-linter-milan-en-finale-de-lucl-avant-lepreuve-de-force-avec-le-psg\/\",\"url\":\"https:\/\/footdavant.fr\/actualites\/apercu-final-de-la-ligue-des-champions-le-record-passe-de-linter-milan-en-finale-de-lucl-avant-lepreuve-de-force-avec-le-psg\/\",\"name\":\"Aper\u00e7u final de la Ligue des champions: le record pass\u00e9 de l&#39;Inter Milan en finale de l&#39;UCL, avant l&#39;\u00e9preuve de force avec le PSG\",\"isPartOf\":{\"@id\":\"https:\/\/footdavant.fr\/actualites\/#website\"},\"datePublished\":\"2025-05-30T16:48:06+00:00\",\"dateModified\":\"2025-05-30T16:48:08+00:00\",\"breadcrumb\":{\"@id\":\"https:\/\/footdavant.fr\/actualites\/apercu-final-de-la-ligue-des-champions-le-record-passe-de-linter-milan-en-finale-de-lucl-avant-lepreuve-de-force-avec-le-psg\/#breadcrumb\"},\"inLanguage\":\"fr-FR\",\"potentialAction\":[{\"@type\":\"ReadAction\",\"target\":[\"https:\/\/footdavant.fr\/actualites\/apercu-final-de-la-ligue-des-champions-le-record-passe-de-linter-milan-en-finale-de-lucl-avant-lepreuve-de-force-avec-le-psg\/\"]}]},{\"@type\":\"BreadcrumbList\",\"@id\":\"https:\/\/footdavant.fr\/actualites\/apercu-final-de-la-ligue-des-champions-le-record-passe-de-linter-milan-en-finale-de-lucl-avant-lepreuve-de-force-avec-le-psg\/#breadcrumb\",\"itemListElement\":[{\"@type\":\"ListItem\",\"position\":1,\"name\":\"Accueil\",\"item\":\"https:\/\/footdavant.fr\/actualites\/\"},{\"@type\":\"ListItem\",\"position\":2,\"name\":\"Aper\u00e7u final de la Ligue des champions: le record pass\u00e9 de l&#39;Inter Milan en finale de l&#39;UCL, avant l&#39;\u00e9preuve de force avec le PSG\"}]},{\"@type\":\"WebSite\",\"@id\":\"https:\/\/footdavant.fr\/actualites\/#website\",\"url\":\"https:\/\/footdavant.fr\/actualites\/\",\"name\":\"Foot d'avant\",\"description\":\"\",\"publisher\":{\"@id\":\"https:\/\/footdavant.fr\/actualites\/#organization\"},\"potentialAction\":[{\"@type\":\"SearchAction\",\"target\":{\"@type\":\"EntryPoint\",\"urlTemplate\":\"https:\/\/footdavant.fr\/actualites\/?s={search_term_string}\"},\"query-input\":\"required name=search_term_string\"}],\"inLanguage\":\"fr-FR\"},{\"@type\":\"Organization\",\"@id\":\"https:\/\/footdavant.fr\/actualites\/#organization\",\"name\":\"Foot d'avant\",\"url\":\"https:\/\/footdavant.fr\/actualites\/\",\"logo\":{\"@type\":\"ImageObject\",\"inLanguage\":\"fr-FR\",\"@id\":\"https:\/\/footdavant.fr\/actualites\/#\/schema\/logo\/image\/\",\"url\":\"https:\/\/footdavant.fr\/actualites\/wp-content\/uploads\/2023\/09\/Copy-of-FootDavant-Logo.png\",\"contentUrl\":\"https:\/\/footdavant.fr\/actualites\/wp-content\/uploads\/2023\/09\/Copy-of-FootDavant-Logo.png\",\"width\":936,\"height\":549,\"caption\":\"Foot d'avant\"},\"image\":{\"@id\":\"https:\/\/footdavant.fr\/actualites\/#\/schema\/logo\/image\/\"},\"sameAs\":[\"https:\/\/www.facebook.com\/Footdavant\/\",\"https:\/\/twitter.com\/FootdavantFr\",\"https:\/\/www.instagram.com\/footdavant.fr\/\"]},{\"@type\":\"Person\",\"@id\":\"https:\/\/footdavant.fr\/actualites\/#\/schema\/person\/bc222566d95871b37e597b3ed3ba5e1d\",\"name\":\"Cl\u00e9ment\",\"image\":{\"@type\":\"ImageObject\",\"inLanguage\":\"fr-FR\",\"@id\":\"https:\/\/footdavant.fr\/actualites\/#\/schema\/person\/image\/\",\"url\":\"https:\/\/secure.gravatar.com\/avatar\/7728b29aac2719421e1a9159b2254c44?s=96&d=mm&r=g\",\"contentUrl\":\"https:\/\/secure.gravatar.com\/avatar\/7728b29aac2719421e1a9159b2254c44?s=96&d=mm&r=g\",\"caption\":\"Cl\u00e9ment\"},\"sameAs\":[\"https:\/\/footdavant.fr\/\"]}]}<\/script>\n<!-- \/ Yoast SEO plugin. -->","yoast_head_json":{"title":"Aper\u00e7u final de la Ligue des champions: le record pass\u00e9 de l&#39;Inter Milan en finale de l&#39;UCL, avant l&#39;\u00e9preuve de force avec le PSG","robots":{"index":"index","follow":"follow","max-snippet":"max-snippet:-1","max-image-preview":"max-image-preview:large","max-video-preview":"max-video-preview:-1"},"canonical":"https:\/\/footdavant.fr\/actualites\/apercu-final-de-la-ligue-des-champions-le-record-passe-de-linter-milan-en-finale-de-lucl-avant-lepreuve-de-force-avec-le-psg\/","og_locale":"fr_FR","og_type":"article","og_title":"Aper\u00e7u final de la Ligue des champions: le record pass\u00e9 de l&#39;Inter Milan en finale de l&#39;UCL, avant l&#39;\u00e9preuve de force avec le PSG","og_description":"Avant le tir de l&#39;Inter Milan \u00e0 la gloire de la Ligue des champions lors de la finale contre le PSG samedi, Sports Mole revient","og_url":"https:\/\/footdavant.fr\/actualites\/apercu-final-de-la-ligue-des-champions-le-record-passe-de-linter-milan-en-finale-de-lucl-avant-lepreuve-de-force-avec-le-psg\/","og_site_name":"Foot d&#039;avant","article_publisher":"https:\/\/www.facebook.com\/Footdavant\/","article_published_time":"2025-05-30T16:48:06+00:00","article_modified_time":"2025-05-30T16:48:08+00:00","og_image":[{"width":1280,"height":959,"url":"https:\/\/footdavant.fr\/actualites\/wp-content\/uploads\/2025\/05\/Apercu-final-de-la-Ligue-des-champions-le-record-passe.jpg","type":"image\/jpeg"}],"author":"Cl\u00e9ment","twitter_card":"summary_large_image","twitter_creator":"@FootdavantFr","twitter_site":"@FootdavantFr","twitter_misc":{"\u00c9crit par":"Cl\u00e9ment","Dur\u00e9e de lecture estim\u00e9e":"6 minutes"},"schema":{"@context":"https:\/\/schema.org","@graph":[{"@type":"Article","@id":"https:\/\/footdavant.fr\/actualites\/apercu-final-de-la-ligue-des-champions-le-record-passe-de-linter-milan-en-finale-de-lucl-avant-lepreuve-de-force-avec-le-psg\/#article","isPartOf":{"@id":"https:\/\/footdavant.fr\/actualites\/apercu-final-de-la-ligue-des-champions-le-record-passe-de-linter-milan-en-finale-de-lucl-avant-lepreuve-de-force-avec-le-psg\/"},"author":{"name":"Cl\u00e9ment","@id":"https:\/\/footdavant.fr\/actualites\/#\/schema\/person\/bc222566d95871b37e597b3ed3ba5e1d"},"headline":"Aper\u00e7u final de la Ligue des champions: le record pass\u00e9 de l&#39;Inter Milan en finale de l&#39;UCL, avant l&#39;\u00e9preuve de force avec le PSG","datePublished":"2025-05-30T16:48:06+00:00","dateModified":"2025-05-30T16:48:08+00:00","mainEntityOfPage":{"@id":"https:\/\/footdavant.fr\/actualites\/apercu-final-de-la-ligue-des-champions-le-record-passe-de-linter-milan-en-finale-de-lucl-avant-lepreuve-de-force-avec-le-psg\/"},"wordCount":1179,"publisher":{"@id":"https:\/\/footdavant.fr\/actualites\/#organization"},"keywords":["Aper\u00e7u","avant","avec","champions","des","final","finale","force","l39\u00e9preuve","l39Inter","l39UCL","Ligue","Milan","pass\u00e9","PSG","record"],"articleSection":["Champions League"],"inLanguage":"fr-FR"},{"@type":"WebPage","@id":"https:\/\/footdavant.fr\/actualites\/apercu-final-de-la-ligue-des-champions-le-record-passe-de-linter-milan-en-finale-de-lucl-avant-lepreuve-de-force-avec-le-psg\/","url":"https:\/\/footdavant.fr\/actualites\/apercu-final-de-la-ligue-des-champions-le-record-passe-de-linter-milan-en-finale-de-lucl-avant-lepreuve-de-force-avec-le-psg\/","name":"Aper\u00e7u final de la Ligue des champions: le record pass\u00e9 de l&#39;Inter Milan en finale de l&#39;UCL, avant l&#39;\u00e9preuve de force avec le PSG","isPartOf":{"@id":"https:\/\/footdavant.fr\/actualites\/#website"},"datePublished":"2025-05-30T16:48:06+00:00","dateModified":"2025-05-30T16:48:08+00:00","breadcrumb":{"@id":"https:\/\/footdavant.fr\/actualites\/apercu-final-de-la-ligue-des-champions-le-record-passe-de-linter-milan-en-finale-de-lucl-avant-lepreuve-de-force-avec-le-psg\/#breadcrumb"},"inLanguage":"fr-FR","potentialAction":[{"@type":"ReadAction","target":["https:\/\/footdavant.fr\/actualites\/apercu-final-de-la-ligue-des-champions-le-record-passe-de-linter-milan-en-finale-de-lucl-avant-lepreuve-de-force-avec-le-psg\/"]}]},{"@type":"BreadcrumbList","@id":"https:\/\/footdavant.fr\/actualites\/apercu-final-de-la-ligue-des-champions-le-record-passe-de-linter-milan-en-finale-de-lucl-avant-lepreuve-de-force-avec-le-psg\/#breadcrumb","itemListElement":[{"@type":"ListItem","position":1,"name":"Accueil","item":"https:\/\/footdavant.fr\/actualites\/"},{"@type":"ListItem","position":2,"name":"Aper\u00e7u final de la Ligue des champions: le record pass\u00e9 de l&#39;Inter Milan en finale de l&#39;UCL, avant l&#39;\u00e9preuve de force avec le PSG"}]},{"@type":"WebSite","@id":"https:\/\/footdavant.fr\/actualites\/#website","url":"https:\/\/footdavant.fr\/actualites\/","name":"Foot d'avant","description":"","publisher":{"@id":"https:\/\/footdavant.fr\/actualites\/#organization"},"potentialAction":[{"@type":"SearchAction","target":{"@type":"EntryPoint","urlTemplate":"https:\/\/footdavant.fr\/actualites\/?s={search_term_string}"},"query-input":"required name=search_term_string"}],"inLanguage":"fr-FR"},{"@type":"Organization","@id":"https:\/\/footdavant.fr\/actualites\/#organization","name":"Foot d'avant","url":"https:\/\/footdavant.fr\/actualites\/","logo":{"@type":"ImageObject","inLanguage":"fr-FR","@id":"https:\/\/footdavant.fr\/actualites\/#\/schema\/logo\/image\/","url":"https:\/\/footdavant.fr\/actualites\/wp-content\/uploads\/2023\/09\/Copy-of-FootDavant-Logo.png","contentUrl":"https:\/\/footdavant.fr\/actualites\/wp-content\/uploads\/2023\/09\/Copy-of-FootDavant-Logo.png","width":936,"height":549,"caption":"Foot d'avant"},"image":{"@id":"https:\/\/footdavant.fr\/actualites\/#\/schema\/logo\/image\/"},"sameAs":["https:\/\/www.facebook.com\/Footdavant\/","https:\/\/twitter.com\/FootdavantFr","https:\/\/www.instagram.com\/footdavant.fr\/"]},{"@type":"Person","@id":"https:\/\/footdavant.fr\/actualites\/#\/schema\/person\/bc222566d95871b37e597b3ed3ba5e1d","name":"Cl\u00e9ment","image":{"@type":"ImageObject","inLanguage":"fr-FR","@id":"https:\/\/footdavant.fr\/actualites\/#\/schema\/person\/image\/","url":"https:\/\/secure.gravatar.com\/avatar\/7728b29aac2719421e1a9159b2254c44?s=96&d=mm&r=g","contentUrl":"https:\/\/secure.gravatar.com\/avatar\/7728b29aac2719421e1a9159b2254c44?s=96&d=mm&r=g","caption":"Cl\u00e9ment"},"sameAs":["https:\/\/footdavant.fr\/"]}]}},"_links":{"self":[{"href":"https:\/\/footdavant.fr\/actualites\/wp-json\/wp\/v2\/posts\/24503"}],"collection":[{"href":"https:\/\/footdavant.fr\/actualites\/wp-json\/wp\/v2\/posts"}],"about":[{"href":"https:\/\/footdavant.fr\/actualites\/wp-json\/wp\/v2\/types\/post"}],"author":[{"embeddable":true,"href":"https:\/\/footdavant.fr\/actualites\/wp-json\/wp\/v2\/users\/1"}],"replies":[{"embeddable":true,"href":"https:\/\/footdavant.fr\/actualites\/wp-json\/wp\/v2\/comments?post=24503"}],"version-history":[{"count":1,"href":"https:\/\/footdavant.fr\/actualites\/wp-json\/wp\/v2\/posts\/24503\/revisions"}],"predecessor-version":[{"id":24505,"href":"https:\/\/footdavant.fr\/actualites\/wp-json\/wp\/v2\/posts\/24503\/revisions\/24505"}],"wp:featuredmedia":[{"embeddable":true,"href":"https:\/\/footdavant.fr\/actualites\/wp-json\/wp\/v2\/media\/24504"}],"wp:attachment":[{"href":"https:\/\/footdavant.fr\/actualites\/wp-json\/wp\/v2\/media?parent=24503"}],"wp:term":[{"taxonomy":"category","embeddable":true,"href":"https:\/\/footdavant.fr\/actualites\/wp-json\/wp\/v2\/categories?post=24503"},{"taxonomy":"post_tag","embeddable":true,"href":"https:\/\/footdavant.fr\/actualites\/wp-json\/wp\/v2\/tags?post=24503"}],"curies":[{"name":"wp","href":"https:\/\/api.w.org\/{rel}","templated":true}]}}