{"id":24509,"date":"2025-05-30T21:50:04","date_gmt":"2025-05-30T19:50:04","guid":{"rendered":"https:\/\/footdavant.fr\/actualites\/gabriel-new-deal-est-sesko-celui-la\/"},"modified":"2025-05-30T21:50:06","modified_gmt":"2025-05-30T19:50:06","slug":"gabriel-new-deal-est-sesko-celui-la","status":"publish","type":"post","link":"https:\/\/footdavant.fr\/actualites\/gabriel-new-deal-est-sesko-celui-la\/","title":{"rendered":"Gabriel New Deal + est Sesko celui-l\u00e0?"},"content":{"rendered":"<div>\n<p>Matin.<\/p>\n<p>Commen\u00e7ons ce vendredi avec de bonnes nouvelles, et c&#39;est Gabriel \u00abproche\u00bb de signer un nouvel accord avec le club. Ce qui, dans le langage signalant, signifie essentiellement que c&#39;est fait mais ce n&#39;est pas encore officiel. Je comprends que ce n&#39;est qu&#39;une question d&#39;annonce \u00e0 ce stade, et je dois dire que c&#39;est une excellente nouvelle pour aller dans le week-end.<\/p>\n<p>Il y a eu des int\u00e9r\u00eats de la Saudi Arabie dans le pass\u00e9, mais il semble maintenant qu&#39;il va passer ses ann\u00e9es de pointe dans le nord de Londres, et j&#39;esp\u00e8re vraiment qu&#39;il a obtenu le genre de contrat et de r\u00e9f\u00e9rence qu&#39;il m\u00e9rite. \u00c0 l&#39;\u00e9poque o\u00f9 nous avons subi le dernier cycle de renouvellement des contrats, il a \u00e9t\u00e9 l&#39;un des premiers \u00e0 s&#39;engager, et peut-\u00eatre que nous avons \u00e9t\u00e9 un peu en termes de salaire comme Bukayo Saka et William Saliba avaient un peu plus de levier dans leurs n\u00e9gociations.<\/p>\n<p>Les nouvelles offres pour ces deux joueurs font, esp\u00e9rons-le, une partie du grand travail qu&#39;Andrea Berta affronte cet \u00e9t\u00e9, mais si vous \u00eates l&#39;agent de Gabriel, vous auriez voulu assurer que vous seriez dans le m\u00eame parc \u00e0 balle que les meilleurs joueurs du club. Peut-\u00eatre pas tout \u00e0 fait \u00ab\u00a0 si cela, alors \u00e7a &#39;&#39;, mais il ne fait aucun doute qu&#39;il devrait \u00eatre l\u00e0-haut avec ces deux-l\u00e0, et d&#39;autres, comme l&#39;un des meilleurs revenus d&#39;Arsenal.<\/p>\n<p>C&#39;est parce que, tout simplement, il est l&#39;un de nos meilleurs joueurs. Dans nos votes tr\u00e8s peu scientifiques des joueurs (li\u00e9s \u00e0 Arsecast d&#39;hier), il est en troisi\u00e8me place pour la saison derni\u00e8re avec une moyenne de 8,53 contre plus de 3000 voix, avec seulement Myles Lewis-Skelly (8,55) et Declan Rice (8,64) devant lui. C&#39;est un gars qui a mis son corps en jeu en tant que d\u00e9fenseur, a \u00e9galement contribu\u00e9 massivement dans la bo\u00eete d&#39;opposition, et est un joueur, je pense que tout club de haut niveau au monde prendrait un battement de c\u0153ur. \u00c0 moins que vous ne deviez encaisser ou que le d\u00e9sir du joueur soit d&#39;aller ailleurs, c&#39;est un atout que vous attachez absolument.<\/p>\n<p>Je pense que c&#39;est aussi un d\u00e9but solide pour un \u00e9t\u00e9 o\u00f9 vous voulez convaincre les gens de rejoindre, et \u00e9galement en convaincre d&#39;autres de signer de nouvelles offres. En particulier, je pense \u00e0 Saliba ici, parce que nous savons que sur et hors du terrain, il a une excellente relation avec Gabriel, donc si son grand compagnon va rester, cela ne peut pas faire de mal lorsque vous arriverez \u00e0 la table de n\u00e9gociation avec le Fran\u00e7ais et son agent. Alors, voyons quand cela est annonc\u00e9, et esp\u00e9rons que c&#39;est le premier de quelques-uns (au moins) cet \u00e9t\u00e9.<\/p>\n<p>Ensuite, la recherche d&#39;attaquants semble avoir pris un tour d\u00e9finitif avec un rapport de gourou de transfert ennuyeux mais g\u00e9n\u00e9ralement bien plac\u00e9 Fabrizio Romano. Il dit qu&#39;Arsenal a commenc\u00e9 \u00e0 \u00ab\u00a0 d\u00e9placer les discussions initiales en b\u00e9ton &#39;&#39; pour Benjamin Sesko, et bien que le jargon de transfert devienne de plus en plus grand -iloquente, je pense que nous savons ce qu&#39;il arrive l\u00e0-bas. Que cela signifie que nous avons d\u00e9cid\u00e9 \u00e0 100% qu&#39;il \u00e9tait celui-l\u00e0, il est difficile de dire, car il y a toutes les chances que ces informations ne vous racontent pas toute l&#39;histoire de ce que font Arsenal en ce moment, mais ce qui est clair &#8211; et a \u00e9t\u00e9 pendant un certain temps &#8211; l&#39;int\u00e9r\u00eat pour les 21 ans (il a 22 ans demain mais jusque-l\u00e0 en 21 ans parce que c&#39;est ainsi que cela fonctionne), est r\u00e9el.<\/p>\n<p>Je dois dire que c&#39;est une si grande d\u00e9cision pour le club cet \u00e9t\u00e9. Il y a des avantages et des inconv\u00e9nients pour chacun de Sesko et Viktor Gyokerres qui pourraient vous convaincre de toute fa\u00e7on. Le premier a une charge de potentiel inexploit\u00e9 et des ann\u00e9es \u00e0 d\u00e9velopper. Je ne dis pas qu&#39;il est le m\u00eame ou qu&#39;il va \u00eatre aussi bon qu&#39;Alexander Isak, mais cela rappelle ce moment o\u00f9 nous le pouvions, et aurait probablement d\u00fb signer l&#39;international su\u00e9dois de la Real Sociedad. Ensuite, quelqu&#39;un d&#39;autre est venu et maintenant il est hors de port\u00e9e \u00e0 moins que vous ne payiez une somme d&#39;argent absurde, ce que je ne pense pas que nous (ou devrions).<\/p>\n<p>Pourrait-il y avoir des douleurs croissantes \u00e0 cause de son \u00e2ge et \u00e0 quel point les aspects bruts de son jeu sont-ils? Je pense que c&#39;est une possibilit\u00e9 tr\u00e8s r\u00e9elle, mais lorsque vous avez aussi Kai Havertz comme option exp\u00e9riment\u00e9e \u00e0 ses c\u00f4t\u00e9s, cela en fait un risque tr\u00e8s tentant \u00e0 prendre en raison de la hausse \u00e0 plus long terme.<\/p>\n<p>Sur le plan inverse, Gyokerres est plus exp\u00e9riment\u00e9 et son record de buts est ridicule. Ne seriez-vous pas fou de ne pas opter pour le gars qui a d\u00e9montr\u00e9 une capacit\u00e9 \u00e0 rester \u00e0 l&#39;arri\u00e8re du filet avec une fr\u00e9quence presque sans \u00e9gal en comparaison avec les autres attaquants disponibles sur le march\u00e9 en ce moment? La mise en garde, bien s\u00fbr, est le niveau de la ligue dans laquelle il joue. Je ne pense pas que ce soit tout \u00e0 fait comme des joueurs qui ont marqu\u00e9 pour s&#39;amuser dans l&#39;Eredivisie et qui n&#39;ont pas r\u00e9ussi en Angleterre, mais il y a un pas en place du Portugal \u00e0 la Premier League. Sans aucun doute \u00e0 ce sujet. La seule chose dont je pourrais \u00eatre absolument d\u00e9finitif, c&#39;est que les clubs de Premier League devraient courir un mile de tous les d\u00e9fenseurs portugais, mais dans un l\u00e9ger att\u00e9nuation, Gyokerres l&#39;a \u00e9galement fait en Ligue des champions (11 buts \u00e0 partir de 17 apparitions au cours des deux derni\u00e8res saisons).<\/p>\n<p>D\u00e9cisions d\u00e9cisions. Ce n&#39;est vraiment pas facile, mais qu&#39;Arsenal, Arteta et Berta doivent bien faire. C&#39;est potentiellement le transfert le plus important du mandat du gestionnaire, notamment parce que nous avons investi si peu dans notre attaquant par rapport \u00e0 d&#39;autres domaines du terrain. Il n&#39;y a pas le choix cet \u00e9t\u00e9, cela doit \u00eatre fait, et nous avons besoin du joueur qu&#39;il est &#8211; ou peut-\u00eatre m\u00eame de quelqu&#39;un d&#39;autre &#8211; pour r\u00e9ussir. Il n&#39;y a pas de garanties absolues dans le football, mais c&#39;est l\u00e0 que nous devons nous rapprocher le plus possible.<\/p>\n<p>Ce qui est s\u00fbr \u00e0 100%, c&#39;est que qui que nous allions, les opinions seront divis\u00e9es, et chaque fois que l&#39;autre gars marque un objectif pour le club pour lequel il finira par signer, le discours sera inond\u00e9 de \u00ab\u00a0 Oooh, nous aurions d\u00fb le signer \u00e0 la place! &#39;&#39;. Dans l&#39;attente de cela. Je suppose que cela n&#39;aura pas trop d&#39;importance si notre gar\u00e7on les frappe aussi, mais en ce qui concerne la d\u00e9cision finale, je souhaite aux gar\u00e7ons de la meilleure des chances.<\/p>\n<p>D&#39;accord, je vais le laisser l\u00e0 pour ce matin. Le joueur des \u00e9valuations arscast est ci-dessous si vous n&#39;avez pas encore eu la chance d&#39;\u00e9couter. Avoir un bon peuple.<\/p>\n<p><iframe loading=\"lazy\" src=\"https:\/\/embed.acast.com\/a1a58121-6fb4-43cf-8156-8d6df6fc312f\/683839256e5b65d787a5f00e\" width=\"100%\" height=\"300px\" frameborder=\"0\"><span style=\"display: inline-block; width: 0px; overflow: hidden; line-height: 0;\" data-mce-type=\"bookmark\" class=\"mce_SELRES_start\">\ufeff<\/span><\/iframe><\/p>\n<\/div>\n","protected":false},"excerpt":{"rendered":"<p>Matin. Commen\u00e7ons ce vendredi avec de bonnes nouvelles, et c&#39;est Gabriel \u00abproche\u00bb de signer un nouvel accord avec le club. Ce qui, dans le langage<\/p>\n","protected":false},"author":1,"featured_media":24510,"comment_status":"closed","ping_status":"","sticky":false,"template":"","format":"standard","meta":{"footnotes":""},"categories":[3],"tags":[9377,7849,217,233,4644],"yoast_head":"<!-- This site is optimized with the Yoast SEO plugin v21.0 - https:\/\/yoast.com\/wordpress\/plugins\/seo\/ -->\n<title>Gabriel New Deal + est Sesko celui-l\u00e0?<\/title>\n<meta name=\"robots\" content=\"index, follow, max-snippet:-1, max-image-preview:large, max-video-preview:-1\" \/>\n<link rel=\"canonical\" href=\"https:\/\/footdavant.fr\/actualites\/gabriel-new-deal-est-sesko-celui-la\/\" \/>\n<meta property=\"og:locale\" content=\"fr_FR\" \/>\n<meta property=\"og:type\" content=\"article\" \/>\n<meta property=\"og:title\" content=\"Gabriel New Deal + est Sesko celui-l\u00e0?\" \/>\n<meta property=\"og:description\" content=\"Matin. Commen\u00e7ons ce vendredi avec de bonnes nouvelles, et c&#039;est Gabriel \u00abproche\u00bb de signer un nouvel accord avec le club. Ce qui, dans le langage\" \/>\n<meta property=\"og:url\" content=\"https:\/\/footdavant.fr\/actualites\/gabriel-new-deal-est-sesko-celui-la\/\" \/>\n<meta property=\"og:site_name\" content=\"Foot d&#039;avant\" \/>\n<meta property=\"article:publisher\" content=\"https:\/\/www.facebook.com\/Footdavant\/\" \/>\n<meta property=\"article:published_time\" content=\"2025-05-30T19:50:04+00:00\" \/>\n<meta property=\"article:modified_time\" content=\"2025-05-30T19:50:06+00:00\" \/>\n<meta property=\"og:image\" content=\"https:\/\/footdavant.fr\/actualites\/wp-content\/uploads\/2025\/05\/Gabriel-New-Deal-est-Sesko-celui-la.jpg\" \/>\n\t<meta property=\"og:image:width\" content=\"1500\" \/>\n\t<meta property=\"og:image:height\" content=\"750\" \/>\n\t<meta property=\"og:image:type\" content=\"image\/jpeg\" \/>\n<meta name=\"author\" content=\"Cl\u00e9ment\" \/>\n<meta name=\"twitter:card\" content=\"summary_large_image\" \/>\n<meta name=\"twitter:creator\" content=\"@FootdavantFr\" \/>\n<meta name=\"twitter:site\" content=\"@FootdavantFr\" \/>\n<meta name=\"twitter:label1\" content=\"\u00c9crit par\" \/>\n\t<meta name=\"twitter:data1\" content=\"Cl\u00e9ment\" \/>\n\t<meta name=\"twitter:label2\" content=\"Dur\u00e9e de lecture estim\u00e9e\" \/>\n\t<meta name=\"twitter:data2\" content=\"6 minutes\" \/>\n<script type=\"application\/ld+json\" class=\"yoast-schema-graph\">{\"@context\":\"https:\/\/schema.org\",\"@graph\":[{\"@type\":\"Article\",\"@id\":\"https:\/\/footdavant.fr\/actualites\/gabriel-new-deal-est-sesko-celui-la\/#article\",\"isPartOf\":{\"@id\":\"https:\/\/footdavant.fr\/actualites\/gabriel-new-deal-est-sesko-celui-la\/\"},\"author\":{\"name\":\"Cl\u00e9ment\",\"@id\":\"https:\/\/footdavant.fr\/actualites\/#\/schema\/person\/bc222566d95871b37e597b3ed3ba5e1d\"},\"headline\":\"Gabriel New Deal + est Sesko celui-l\u00e0?\",\"datePublished\":\"2025-05-30T19:50:04+00:00\",\"dateModified\":\"2025-05-30T19:50:06+00:00\",\"mainEntityOfPage\":{\"@id\":\"https:\/\/footdavant.fr\/actualites\/gabriel-new-deal-est-sesko-celui-la\/\"},\"wordCount\":1252,\"publisher\":{\"@id\":\"https:\/\/footdavant.fr\/actualites\/#organization\"},\"keywords\":[\"celuil\u00e0\",\"Deal\",\"est\",\"Gabriel\",\"Sesko\"],\"articleSection\":[\"Football\"],\"inLanguage\":\"fr-FR\"},{\"@type\":\"WebPage\",\"@id\":\"https:\/\/footdavant.fr\/actualites\/gabriel-new-deal-est-sesko-celui-la\/\",\"url\":\"https:\/\/footdavant.fr\/actualites\/gabriel-new-deal-est-sesko-celui-la\/\",\"name\":\"Gabriel New Deal + est Sesko celui-l\u00e0?\",\"isPartOf\":{\"@id\":\"https:\/\/footdavant.fr\/actualites\/#website\"},\"datePublished\":\"2025-05-30T19:50:04+00:00\",\"dateModified\":\"2025-05-30T19:50:06+00:00\",\"breadcrumb\":{\"@id\":\"https:\/\/footdavant.fr\/actualites\/gabriel-new-deal-est-sesko-celui-la\/#breadcrumb\"},\"inLanguage\":\"fr-FR\",\"potentialAction\":[{\"@type\":\"ReadAction\",\"target\":[\"https:\/\/footdavant.fr\/actualites\/gabriel-new-deal-est-sesko-celui-la\/\"]}]},{\"@type\":\"BreadcrumbList\",\"@id\":\"https:\/\/footdavant.fr\/actualites\/gabriel-new-deal-est-sesko-celui-la\/#breadcrumb\",\"itemListElement\":[{\"@type\":\"ListItem\",\"position\":1,\"name\":\"Accueil\",\"item\":\"https:\/\/footdavant.fr\/actualites\/\"},{\"@type\":\"ListItem\",\"position\":2,\"name\":\"Gabriel New Deal + est Sesko celui-l\u00e0?\"}]},{\"@type\":\"WebSite\",\"@id\":\"https:\/\/footdavant.fr\/actualites\/#website\",\"url\":\"https:\/\/footdavant.fr\/actualites\/\",\"name\":\"Foot d'avant\",\"description\":\"\",\"publisher\":{\"@id\":\"https:\/\/footdavant.fr\/actualites\/#organization\"},\"potentialAction\":[{\"@type\":\"SearchAction\",\"target\":{\"@type\":\"EntryPoint\",\"urlTemplate\":\"https:\/\/footdavant.fr\/actualites\/?s={search_term_string}\"},\"query-input\":\"required name=search_term_string\"}],\"inLanguage\":\"fr-FR\"},{\"@type\":\"Organization\",\"@id\":\"https:\/\/footdavant.fr\/actualites\/#organization\",\"name\":\"Foot d'avant\",\"url\":\"https:\/\/footdavant.fr\/actualites\/\",\"logo\":{\"@type\":\"ImageObject\",\"inLanguage\":\"fr-FR\",\"@id\":\"https:\/\/footdavant.fr\/actualites\/#\/schema\/logo\/image\/\",\"url\":\"https:\/\/footdavant.fr\/actualites\/wp-content\/uploads\/2023\/09\/Copy-of-FootDavant-Logo.png\",\"contentUrl\":\"https:\/\/footdavant.fr\/actualites\/wp-content\/uploads\/2023\/09\/Copy-of-FootDavant-Logo.png\",\"width\":936,\"height\":549,\"caption\":\"Foot d'avant\"},\"image\":{\"@id\":\"https:\/\/footdavant.fr\/actualites\/#\/schema\/logo\/image\/\"},\"sameAs\":[\"https:\/\/www.facebook.com\/Footdavant\/\",\"https:\/\/twitter.com\/FootdavantFr\",\"https:\/\/www.instagram.com\/footdavant.fr\/\"]},{\"@type\":\"Person\",\"@id\":\"https:\/\/footdavant.fr\/actualites\/#\/schema\/person\/bc222566d95871b37e597b3ed3ba5e1d\",\"name\":\"Cl\u00e9ment\",\"image\":{\"@type\":\"ImageObject\",\"inLanguage\":\"fr-FR\",\"@id\":\"https:\/\/footdavant.fr\/actualites\/#\/schema\/person\/image\/\",\"url\":\"https:\/\/secure.gravatar.com\/avatar\/7728b29aac2719421e1a9159b2254c44?s=96&d=mm&r=g\",\"contentUrl\":\"https:\/\/secure.gravatar.com\/avatar\/7728b29aac2719421e1a9159b2254c44?s=96&d=mm&r=g\",\"caption\":\"Cl\u00e9ment\"},\"sameAs\":[\"https:\/\/footdavant.fr\/\"]}]}<\/script>\n<!-- \/ Yoast SEO plugin. -->","yoast_head_json":{"title":"Gabriel New Deal + est Sesko celui-l\u00e0?","robots":{"index":"index","follow":"follow","max-snippet":"max-snippet:-1","max-image-preview":"max-image-preview:large","max-video-preview":"max-video-preview:-1"},"canonical":"https:\/\/footdavant.fr\/actualites\/gabriel-new-deal-est-sesko-celui-la\/","og_locale":"fr_FR","og_type":"article","og_title":"Gabriel New Deal + est Sesko celui-l\u00e0?","og_description":"Matin. Commen\u00e7ons ce vendredi avec de bonnes nouvelles, et c&#39;est Gabriel \u00abproche\u00bb de signer un nouvel accord avec le club. Ce qui, dans le langage","og_url":"https:\/\/footdavant.fr\/actualites\/gabriel-new-deal-est-sesko-celui-la\/","og_site_name":"Foot d&#039;avant","article_publisher":"https:\/\/www.facebook.com\/Footdavant\/","article_published_time":"2025-05-30T19:50:04+00:00","article_modified_time":"2025-05-30T19:50:06+00:00","og_image":[{"width":1500,"height":750,"url":"https:\/\/footdavant.fr\/actualites\/wp-content\/uploads\/2025\/05\/Gabriel-New-Deal-est-Sesko-celui-la.jpg","type":"image\/jpeg"}],"author":"Cl\u00e9ment","twitter_card":"summary_large_image","twitter_creator":"@FootdavantFr","twitter_site":"@FootdavantFr","twitter_misc":{"\u00c9crit par":"Cl\u00e9ment","Dur\u00e9e de lecture estim\u00e9e":"6 minutes"},"schema":{"@context":"https:\/\/schema.org","@graph":[{"@type":"Article","@id":"https:\/\/footdavant.fr\/actualites\/gabriel-new-deal-est-sesko-celui-la\/#article","isPartOf":{"@id":"https:\/\/footdavant.fr\/actualites\/gabriel-new-deal-est-sesko-celui-la\/"},"author":{"name":"Cl\u00e9ment","@id":"https:\/\/footdavant.fr\/actualites\/#\/schema\/person\/bc222566d95871b37e597b3ed3ba5e1d"},"headline":"Gabriel New Deal + est Sesko celui-l\u00e0?","datePublished":"2025-05-30T19:50:04+00:00","dateModified":"2025-05-30T19:50:06+00:00","mainEntityOfPage":{"@id":"https:\/\/footdavant.fr\/actualites\/gabriel-new-deal-est-sesko-celui-la\/"},"wordCount":1252,"publisher":{"@id":"https:\/\/footdavant.fr\/actualites\/#organization"},"keywords":["celuil\u00e0","Deal","est","Gabriel","Sesko"],"articleSection":["Football"],"inLanguage":"fr-FR"},{"@type":"WebPage","@id":"https:\/\/footdavant.fr\/actualites\/gabriel-new-deal-est-sesko-celui-la\/","url":"https:\/\/footdavant.fr\/actualites\/gabriel-new-deal-est-sesko-celui-la\/","name":"Gabriel New Deal + est Sesko celui-l\u00e0?","isPartOf":{"@id":"https:\/\/footdavant.fr\/actualites\/#website"},"datePublished":"2025-05-30T19:50:04+00:00","dateModified":"2025-05-30T19:50:06+00:00","breadcrumb":{"@id":"https:\/\/footdavant.fr\/actualites\/gabriel-new-deal-est-sesko-celui-la\/#breadcrumb"},"inLanguage":"fr-FR","potentialAction":[{"@type":"ReadAction","target":["https:\/\/footdavant.fr\/actualites\/gabriel-new-deal-est-sesko-celui-la\/"]}]},{"@type":"BreadcrumbList","@id":"https:\/\/footdavant.fr\/actualites\/gabriel-new-deal-est-sesko-celui-la\/#breadcrumb","itemListElement":[{"@type":"ListItem","position":1,"name":"Accueil","item":"https:\/\/footdavant.fr\/actualites\/"},{"@type":"ListItem","position":2,"name":"Gabriel New Deal + est Sesko celui-l\u00e0?"}]},{"@type":"WebSite","@id":"https:\/\/footdavant.fr\/actualites\/#website","url":"https:\/\/footdavant.fr\/actualites\/","name":"Foot d'avant","description":"","publisher":{"@id":"https:\/\/footdavant.fr\/actualites\/#organization"},"potentialAction":[{"@type":"SearchAction","target":{"@type":"EntryPoint","urlTemplate":"https:\/\/footdavant.fr\/actualites\/?s={search_term_string}"},"query-input":"required name=search_term_string"}],"inLanguage":"fr-FR"},{"@type":"Organization","@id":"https:\/\/footdavant.fr\/actualites\/#organization","name":"Foot d'avant","url":"https:\/\/footdavant.fr\/actualites\/","logo":{"@type":"ImageObject","inLanguage":"fr-FR","@id":"https:\/\/footdavant.fr\/actualites\/#\/schema\/logo\/image\/","url":"https:\/\/footdavant.fr\/actualites\/wp-content\/uploads\/2023\/09\/Copy-of-FootDavant-Logo.png","contentUrl":"https:\/\/footdavant.fr\/actualites\/wp-content\/uploads\/2023\/09\/Copy-of-FootDavant-Logo.png","width":936,"height":549,"caption":"Foot d'avant"},"image":{"@id":"https:\/\/footdavant.fr\/actualites\/#\/schema\/logo\/image\/"},"sameAs":["https:\/\/www.facebook.com\/Footdavant\/","https:\/\/twitter.com\/FootdavantFr","https:\/\/www.instagram.com\/footdavant.fr\/"]},{"@type":"Person","@id":"https:\/\/footdavant.fr\/actualites\/#\/schema\/person\/bc222566d95871b37e597b3ed3ba5e1d","name":"Cl\u00e9ment","image":{"@type":"ImageObject","inLanguage":"fr-FR","@id":"https:\/\/footdavant.fr\/actualites\/#\/schema\/person\/image\/","url":"https:\/\/secure.gravatar.com\/avatar\/7728b29aac2719421e1a9159b2254c44?s=96&d=mm&r=g","contentUrl":"https:\/\/secure.gravatar.com\/avatar\/7728b29aac2719421e1a9159b2254c44?s=96&d=mm&r=g","caption":"Cl\u00e9ment"},"sameAs":["https:\/\/footdavant.fr\/"]}]}},"_links":{"self":[{"href":"https:\/\/footdavant.fr\/actualites\/wp-json\/wp\/v2\/posts\/24509"}],"collection":[{"href":"https:\/\/footdavant.fr\/actualites\/wp-json\/wp\/v2\/posts"}],"about":[{"href":"https:\/\/footdavant.fr\/actualites\/wp-json\/wp\/v2\/types\/post"}],"author":[{"embeddable":true,"href":"https:\/\/footdavant.fr\/actualites\/wp-json\/wp\/v2\/users\/1"}],"replies":[{"embeddable":true,"href":"https:\/\/footdavant.fr\/actualites\/wp-json\/wp\/v2\/comments?post=24509"}],"version-history":[{"count":1,"href":"https:\/\/footdavant.fr\/actualites\/wp-json\/wp\/v2\/posts\/24509\/revisions"}],"predecessor-version":[{"id":24511,"href":"https:\/\/footdavant.fr\/actualites\/wp-json\/wp\/v2\/posts\/24509\/revisions\/24511"}],"wp:featuredmedia":[{"embeddable":true,"href":"https:\/\/footdavant.fr\/actualites\/wp-json\/wp\/v2\/media\/24510"}],"wp:attachment":[{"href":"https:\/\/footdavant.fr\/actualites\/wp-json\/wp\/v2\/media?parent=24509"}],"wp:term":[{"taxonomy":"category","embeddable":true,"href":"https:\/\/footdavant.fr\/actualites\/wp-json\/wp\/v2\/categories?post=24509"},{"taxonomy":"post_tag","embeddable":true,"href":"https:\/\/footdavant.fr\/actualites\/wp-json\/wp\/v2\/tags?post=24509"}],"curies":[{"name":"wp","href":"https:\/\/api.w.org\/{rel}","templated":true}]}}