{"id":24512,"date":"2025-05-30T22:48:06","date_gmt":"2025-05-30T20:48:06","guid":{"rendered":"https:\/\/footdavant.fr\/actualites\/opinions-finales-de-la-ligue-des-champions-ou-le-psg-contre-linter-sera-t-il-gagne-et-perdu-et-decidera-t-il-du-ballon-dor\/"},"modified":"2025-05-30T22:48:07","modified_gmt":"2025-05-30T20:48:07","slug":"opinions-finales-de-la-ligue-des-champions-ou-le-psg-contre-linter-sera-t-il-gagne-et-perdu-et-decidera-t-il-du-ballon-dor","status":"publish","type":"post","link":"https:\/\/footdavant.fr\/actualites\/opinions-finales-de-la-ligue-des-champions-ou-le-psg-contre-linter-sera-t-il-gagne-et-perdu-et-decidera-t-il-du-ballon-dor\/","title":{"rendered":"Opinions finales de la Ligue des champions: o\u00f9 le PSG contre l&#39;Inter sera-t-il gagn\u00e9 et perdu, et d\u00e9cidera-t-il du Ballon d&#39;Or?"},"content":{"rendered":"<p>Avant la finale de la Ligue des champions entre PSG et Inter samedi, Sports Mole regarde o\u00f9 le pourrait \u00eatre gagn\u00e9 et perdu, et ce que cela pourrait signifier pour la course Ballon d&#39;Or.<\/p>\n<div id=\"article_body\" itemprop=\"articleBody\">\n<p class=\"firstPara\"><strong class=\"autotag\">Paris Saint-Germain<\/strong> et <strong class=\"autotag\">Inter Milan<\/strong> Verrouiller les cornes dans le 70e <strong class=\"autotag\">Ligue des champions<\/strong> Finale \u00e0 Munich samedi soir.<\/p>\n<p>Toujours le match le plus attendu le plus impatient du calendrier europ\u00e9en du club, l&#39;\u00e9dition de cette ann\u00e9e n&#39;est pas diff\u00e9rente, d&#39;autant plus qu&#39;elle sera contest\u00e9e par deux clubs que peu de spectateurs basaient au d\u00e9but de la saison.<\/p>\n<p>Cela fait un moment qu&#39;il n&#39;y avait pas si peu de deux clubs avant une finale, avec la r\u00e9cente domination du Real Madrid, faisant toujours d&#39;eux les favoris hors concours, tandis que Manchester City \u00e9tait fortement imagin\u00e9 lors de leurs deux finales.<\/p>\n<p>Avant l&#39;occasion de la pi\u00e8ce ma\u00eetresse \u00e0 l&#39;Allianz Arena samedi, je donne mes r\u00e9flexions sur la course Ballon d&#39;Or, o\u00f9 le jeu pourrait \u00eatre gagn\u00e9 et perdu, comment les deux \u00e9quipes pourraient \u00eatre exploit\u00e9es et ce que cela signifierait pour les deux clubs \u00e0 l&#39;avenir.<\/p>\n<hr>\n<h2 class=\"k3\">Le vainqueur de Ballon d&#39;Or 2025 sera-t-il sur le terrain samedi?<\/h2>\n<p class=\"imgI\">\n<p>La finale de la Ligue des champions est presque devenue le pr\u00e9curseur de la c\u00e9r\u00e9monie du Ballon d&#39;Or au cours des derni\u00e8res ann\u00e9es, en particulier au cours des ann\u00e9es impaires o\u00f9 il n&#39;y a pas de comp\u00e9titions internationales majeures.<\/p>\n<p><strong class=\"autotag\">Rodri<\/strong>L&#39;incapacit\u00e9 \u00e0 remporter la Ligue des champions l&#39;ann\u00e9e derni\u00e8re n&#39;a pas mis ses chances, principalement parce qu&#39;il a pu aider l&#39;Espagne \u00e0 la gloire du championnat d&#39;Europe, mais <strong class=\"autotag\">Vinicius junior<\/strong>Les exploits de la Ligue des champions ont fait de lui le gros favori au pr\u00e9alable.<\/p>\n<p><strong class=\"autotag\">Lionel Messi<\/strong>Les r\u00e9alisations internationales ont \u00e9galement emp\u00each\u00e9 les vainqueurs de la Ligue des champions <strong class=\"autotag\">Erling Haaland<\/strong> et <strong class=\"autotag\">Jorginho<\/strong> de prendre le gong, tandis que 2020 Victor <strong class=\"autotag\">Robert Lewandowski<\/strong> On a refus\u00e9 le prix en raison de la pand\u00e9mie.<\/p>\n<p>Cependant, pendant cinq ann\u00e9es cons\u00e9cutives entre 2013 et 2018 et quand <strong class=\"autotag\">Karim Benzema<\/strong> A gagn\u00e9 en 2022, le vainqueur du Ballon d&#39;Or a ajout\u00e9 une m\u00e9daille des gagnants de la Ligue des champions \u00e0 sa collection cette ann\u00e9e-l\u00e0, et le vainqueur de 2025 pourrait suivre cette tendance.<\/p>\n<p><strong class=\"autotag\">Lamine Yamal<\/strong> est le favori actuel du prix, mais le PSG devrait gagner samedi soir, <strong class=\"autotag\">Ousmane Dembele<\/strong>Les chances d&#39;\u00e9clipseront s\u00fbrement l&#39;adolescent de Barcelone, en particulier compte tenu des chiffres que le Fran\u00e7ais a mis en 2025.<\/p>\n<p>En 2024-25, Dembele a marqu\u00e9 33 buts et enregistr\u00e9 11 passes d\u00e9cisives, et s&#39;il peut s&#39;\u00e9loigner de la campagne avec un triple, il serait difficile de le regarder.<\/p>\n<p>Cependant, si l&#39;Inter devait r\u00e9ussir, <strong class=\"autotag\">Lautaro Martinez<\/strong> Ce serait le candidat hors concours, surtout s&#39;il devait marquer en finale, car cela l&#39;emm\u00e8nerait \u00e0 10 buts en Ligue des champions cette saison, mais il est tr\u00e8s probable que Yamal resterait le favori si le Nerazzurri gagnait \u00e0 Munich.<\/p>\n<hr>\n<h2 class=\"k3\">O\u00f9 la finale pourrait-elle \u00eatre gagn\u00e9e et perdue?<\/h2>\n<p>Le football est souvent gagn\u00e9 dans les deux zones de p\u00e9nalit\u00e9, mais avant cet affrontement, il est difficile d&#39;ignorer deux zones du terrain qui joueront un r\u00f4le central dans l&#39;endroit o\u00f9 le troph\u00e9e se dirige samedi soir.<\/p>\n<h3 class=\"m4\">Quel trio de milieu de terrain sortira en haut?<\/h3>\n<p class=\"imgI\">\n<p>Tandis que Dembele et <strong class=\"autotag\">Khvicha kvaratskhelia<\/strong> ont fait la majeure partie des titres pendant les \u00e9tapes \u00e0 \u00e9limination directe, le milieu de terrain du PSG trois de <strong class=\"autotag\">Joao Neves<\/strong>, <strong class=\"autotag\">Vitinha<\/strong> et <strong class=\"autotag\">Fabian Ruiz<\/strong> ont \u00e9t\u00e9 rien de moins que des proc\u00e9dures sensationnelles et dominantes contre Manchester City, Liverpool, Aston Villa et Arsenal.<\/p>\n<p>L&#39;Inter permettra probablement \u00e0 la PSG d&#39;avoir la possession, mais avec la fa\u00e7on dont le milieu de terrain des Parisiens est \u00e0 l&#39;aise sur le ballon, et la capacit\u00e9 qu&#39;ils ont de cr\u00e9er des chances, pourrait en faire une soir\u00e9e fatigante pour les Nerazzurri, et cela peut \u00e9galement laisser leur d\u00e9fense expos\u00e9e \u00e0 <strong class=\"autotag\">Luis Enrique<\/strong>Attaque de pacy.<\/p>\n<p><strong class=\"autotag\">Nicolo Barella<\/strong>, <strong class=\"autotag\">Hakan Calhanoglu<\/strong> et <strong class=\"autotag\">Henrikh Mkhitaryan<\/strong> fonctionnera sans rel\u00e2che cependant, malgr\u00e9 un \u00e2ge moyen de 31,7, et ils ne manquent certainement pas non plus de capacit\u00e9s, apr\u00e8s \u00eatre all\u00e9 de c\u00f4t\u00e9 avec les maestros du Bar\u00e7a <strong class=\"autotag\">Frenkie de Jong<\/strong>, <strong class=\"autotag\">Peintre<\/strong> et <strong class=\"autotag\">Dani Olmo<\/strong> en demi-finale et en t\u00eate.<\/p>\n<hr>\n<h3 class=\"m4\">Wizardry de retour en magasin?<\/h3>\n<p class=\"imgI\">\n<p>Les matchs les plus fascinants viendront sur les flancs, et en particulier entre les larges d\u00e9fenseurs des deux c\u00f4t\u00e9s, comme <strong class=\"autotag\">Achraf Hakimi<\/strong> et <strong class=\"autotag\">Nuno Mendes<\/strong> ira t\u00eate \u00e0 t\u00eate avec <strong class=\"autotag\">Denzel Dumfries<\/strong> et <strong class=\"autotag\">Federico DiMarco<\/strong>.<\/p>\n<p>L&#39;arri\u00e8re droit du PSG et l&#39;ancien homme de l&#39;Inter Hakimi en a marqu\u00e9 trois et a \u00e9tabli cinq autres buts en Ligue des champions cette saison, ce qui est le plus grand nombre pour un d\u00e9fenseur depuis Marcelo du Real Madrid en 2017-2018, tandis que Mendes a \u00e9galement \u00e9t\u00e9 excellent, marquant quatre et aidant deux, trouvant le filet dans les deux jambes de leur quart de finale.<\/p>\n<p>Cependant, Dumfries a fait la plus grande \u00e9claboussure en demi-finale contre le Bar\u00e7a, en conservant <strong class=\"autotag\">Raphinha<\/strong> En grande partie silencieux dans leur victoire agr\u00e9gatoire de 7-6, qui a vu le N\u00e9erlandais jouer un r\u00f4le dans les trois buts en premi\u00e8re \u00e9tape, notamment en score deux fois, avant d&#39;aider deux autres au deuxi\u00e8me \u00e9tage \u00e0 San Siro, notamment <strong class=\"autotag\">Francesco Acerbi<\/strong>\u00c9galiseur tardif dramatique.<\/p>\n<p>Sur le flanc oppos\u00e9, DiMarco a fait la une des journaux pour les mauvaises raisons, car il avait la t\u00e2che peu enviable de traiter avec Yamal, et il a \u00e9t\u00e9 enlev\u00e9 \u00e0 55 minutes des deux jambes, mais le juger sur ces performances constituerait le dos de l&#39;aile gauche au cours des trois derni\u00e8res saisons.<\/p>\n<p>DiMarco a accumul\u00e9 cinq passes d\u00e9cisives sur le voyage d&#39;Inter vers la finale en 2023, et il a ajout\u00e9 deux autres cette saison en beaucoup moins de minutes, en plus des sept qu&#39;il a r\u00e9ussi en Serie A, et sa baguette d&#39;un pied gauche pourrait jouer un grand r\u00f4le dans les proc\u00e9dures samedi.<\/p>\n<hr>\n<h2 class=\"k3\">O\u00f9 peut-on \u00eatre exploit\u00e9 de chaque c\u00f4t\u00e9 samedi?<\/h2>\n<p>Pour toutes leurs forces, aucune des \u00e9quipes n&#39;est parfaite cependant, si enrique et <strong class=\"autotag\">Simone Inzaghi<\/strong> Je travaillera sans rel\u00e2che pour essayer de localiser et d&#39;exploiter ces faiblesses avant le match.<\/p>\n<h3 class=\"m4\">Les lacunes potentielles du PSG<\/h3>\n<p class=\"imgI\">\n<p>Bien qu&#39;il ait \u00e9t\u00e9 le facteur cl\u00e9 de l&#39;atteinte du PSG en raison de ses arr\u00eats de p\u00e9nalit\u00e9 contre Liverpool et de la performance h\u00e9ro\u00efque \u00e0 Arsenal, il y a encore d&#39;\u00e9normes points d&#39;interdiction <strong class=\"autotag\">Gianluigi Donnarumma<\/strong>le commandement de sa r\u00e9gion.<\/p>\n<p>Un gardien de but avec des probl\u00e8mes dans les airs sera de la musique aux oreilles d&#39;Inzaghi, dont l&#39;\u00e9quipe a connu un grand succ\u00e8s des croix et des pi\u00e8ces contre le Bayern Munich et Barcelone sur le chemin de la finale, et ils sont susceptibles de profiter de ces opportunit\u00e9s, en particulier avec tant de joueurs qui ont une telle pr\u00e9cision dans des situations mortes.<\/p>\n<p>L&#39;Inter avait \u00e9galement beaucoup de joie \u00e0 contre-attaquer le Bar\u00e7a pendant la demi-finale, et le PSG s&#39;installera de mani\u00e8re tr\u00e8s similaire afin de jouer leur football attaquant \u00e0 couler gratuitement, mais cela offrira de nombreuses opportunit\u00e9s \u00e0 Dumfries, Martinez et <strong class=\"autotag\">Marcus Thuram<\/strong> faire des courses derri\u00e8re et exposer l&#39;arri\u00e8re-garde parisien, et \u00e0 Dimarco, Barella, Calhanoglu et <strong class=\"autotag\">Alessandro Bastoni<\/strong>les Nerazzurri ont beaucoup de joueurs capables de livrer ces passes \u00e0 la d\u00e9fense.<\/p>\n<hr>\n<h3 class=\"m4\">Les lacunes potentielles d&#39;Inter<\/h3>\n<p class=\"imgI\">\n<p>Cependant, l&#39;Inter devra \u00e9galement se m\u00e9fier de s&#39;asseoir trop profond\u00e9ment, car ils \u00e9taient coupables de celles parfois dans les quartiers et les demi-finales, permettant au Bayern et au Bar\u00e7a de revenir dans le match malgr\u00e9 des pistes de deux buts \u00e0 plusieurs reprises.<\/p>\n<p>Surtout dans les deux jambes contre le Bar\u00e7a, les hommes d&#39;Inzaghi ont men\u00e9 2-0 \u00e0 la maison et \u00e0 l&#39;ext\u00e9rieur, mais se sont retrouv\u00e9s \u00e0 2-2 en un rien de temps, et leur tactique de laisser un peu plus profond\u00e9ment \u00e9tait la cause de cela, car le Bar\u00e7a avait les joueurs pour d\u00e9verrouiller leur d\u00e9fense robuste, et le PSG a \u00e9galement cela en abondance.<\/p>\n<p>Il y aura \u00e9galement \u00e0 nouveau des points d&#39;interrogation sur les capacit\u00e9s d\u00e9fensives de DiMarco \u00e0 l&#39;arri\u00e8re gauche, et si ce n&#39;\u00e9tait pas pour son pied gauche de classe mondiale et ses instincts attaquants, Inzaghi commencerait presque certainement <strong class=\"autotag\">Carlos Augusto<\/strong> Pour celui-ci, \u00e9tant donn\u00e9 ses forces pour arr\u00eater les ailiers.<\/p>\n<p>Augusto a eu beaucoup plus de joie \u00e0 garder Yamal silencieux apr\u00e8s avoir \u00e9t\u00e9 amen\u00e9 dans les deux jambes contre le Bar\u00e7a, mais si Dimarco commence, cela mettra plus de pression sur le d\u00e9fenseur central gauche Bastoni, qui devra assumer une grande partie de la responsabilit\u00e9 de garder Dembele, Hakimi et peut-\u00eatre <strong class=\"autotag\">D\u00e9sir Doue<\/strong> calme.<\/p>\n<hr>\n<h2 class=\"k3\">Une victoire signifierait-elle plus pour le PSG?<\/h2>\n<p class=\"imgI\">\n<p>Bien qu&#39;il puisse sembler assez ridicule pour beaucoup de pr\u00e9tendre que gagner une finale pourrait \u00eatre plus grand pour un club qu&#39;un autre, il y a un soup\u00e7on de v\u00e9rit\u00e9 \u00e0 ce sujet.<\/p>\n<p>Le PSG est ridiculis\u00e9 depuis de nombreuses ann\u00e9es au sujet de leur bilan en Europe depuis la prise de contr\u00f4le du Qatari, en particulier en raison des implosions contre Barcelone en 2017, de Manchester City en 2021 et du Real Madrid en 2022, qui ont conduit beaucoup \u00e0 croire qu&#39;ils ne l&#39;avaient tout simplement pas en tant que club pour aller tout le long de la Ligue championnat.<\/p>\n<p>Cependant, apr\u00e8s tout l&#39;argent qui a \u00e9t\u00e9 d\u00e9pens\u00e9, le fait que le club n&#39;a jamais remport\u00e9 la comp\u00e9tition auparavant, et ce que les fans du PSG ont endur\u00e9, en particulier d&#39;\u00eatre contraints de les regarder perdre la finale de 2020 contre le Bayern Munich de chez eux en raison de la pand\u00e9mie covide, signifie qu&#39;elle pourrait \u00eatre r\u00e9volutionnaire pour l&#39;embrassement des jeunes.<\/p>\n<p class=\"imgI\">\n<p>Au contraire, les fans de l&#39;Inter feront valoir le contraire, m\u00eame s&#39;ils ont remport\u00e9 ce concours \u00e0 plusieurs reprises dans le pass\u00e9, surtout apr\u00e8s le chagrin qu&#39;ils ont souffert en 2023, perdant de fa\u00e7on agonisante \u00e0 Man City, malgr\u00e9 suffisamment de chances de gagner le jeu.<\/p>\n<p>Apr\u00e8s avoir remport\u00e9 les aigus avec <strong class=\"autotag\">Jose Mourinho<\/strong> En 2010, l&#39;effondrement soudain d&#39;Inter \u00e9tait \u00e9tonnant, et les Nerazzurri ont pass\u00e9 de nombreuses ann\u00e9es dans le maras <strong class=\"autotag\">Antonio Conte<\/strong>les laur\u00e9ats du titre, et maintenant par Inzaghi.<\/p>\n<p>La grande majorit\u00e9 des fans de l&#39;Inter se souviendront du succ\u00e8s en 2010, et rien ne pourrait jamais \u00eatre aussi bon que de gagner les triples, mais c&#39;\u00e9tait il y a 15 ans, et ils sont un club qui m\u00e9rite un honneur europ\u00e9en majeur bas\u00e9 sur leurs performances dans la comp\u00e9tition au cours de la derni\u00e8re demi-d\u00e9cennie.<\/p>\n<hr>\n<h2 title=\"Read more on Paris Saint-Germain vs Inter Milan\">En savoir plus sur Paris Saint-Germain vs Inter Milan<\/h2>\n<hr>\n<div class=\"author_box\">\n<div class=\"author_box_banner\">\n<\/div>\n<\/div>\n<\/div>\n","protected":false},"excerpt":{"rendered":"<p>Avant la finale de la Ligue des champions entre PSG et Inter samedi, Sports Mole regarde o\u00f9 le pourrait \u00eatre gagn\u00e9 et perdu, et ce<\/p>\n","protected":false},"author":1,"featured_media":23748,"comment_status":"closed","ping_status":"","sticky":false,"template":"","format":"standard","meta":{"footnotes":""},"categories":[4],"tags":[148,31,20,5019,9378,12,5258,2677,5414,30,432,1342,1576,1656,3356],"yoast_head":"<!-- This site is optimized with the Yoast SEO plugin v21.0 - https:\/\/yoast.com\/wordpress\/plugins\/seo\/ -->\n<title>Opinions finales de la Ligue des champions: o\u00f9 le PSG contre l&#039;Inter sera-t-il gagn\u00e9 et perdu, et d\u00e9cidera-t-il du Ballon d&#039;Or?<\/title>\n<meta name=\"robots\" content=\"index, follow, max-snippet:-1, max-image-preview:large, max-video-preview:-1\" \/>\n<link rel=\"canonical\" href=\"https:\/\/footdavant.fr\/actualites\/opinions-finales-de-la-ligue-des-champions-ou-le-psg-contre-linter-sera-t-il-gagne-et-perdu-et-decidera-t-il-du-ballon-dor\/\" \/>\n<meta property=\"og:locale\" content=\"fr_FR\" \/>\n<meta property=\"og:type\" content=\"article\" \/>\n<meta property=\"og:title\" content=\"Opinions finales de la Ligue des champions: o\u00f9 le PSG contre l&#039;Inter sera-t-il gagn\u00e9 et perdu, et d\u00e9cidera-t-il du Ballon d&#039;Or?\" \/>\n<meta property=\"og:description\" content=\"Avant la finale de la Ligue des champions entre PSG et Inter samedi, Sports Mole regarde o\u00f9 le pourrait \u00eatre gagn\u00e9 et perdu, et ce\" \/>\n<meta property=\"og:url\" content=\"https:\/\/footdavant.fr\/actualites\/opinions-finales-de-la-ligue-des-champions-ou-le-psg-contre-linter-sera-t-il-gagne-et-perdu-et-decidera-t-il-du-ballon-dor\/\" \/>\n<meta property=\"og:site_name\" content=\"Foot d&#039;avant\" \/>\n<meta property=\"article:publisher\" content=\"https:\/\/www.facebook.com\/Footdavant\/\" \/>\n<meta property=\"article:published_time\" content=\"2025-05-30T20:48:06+00:00\" \/>\n<meta property=\"article:modified_time\" content=\"2025-05-30T20:48:07+00:00\" \/>\n<meta property=\"og:image\" content=\"https:\/\/footdavant.fr\/actualites\/wp-content\/uploads\/2025\/05\/Inter-7-4-3-6-Barcelone-\u200b\u200bmeilleures-statistiques-de-la-demi-finale.jpg\" \/>\n\t<meta property=\"og:image:width\" content=\"1279\" \/>\n\t<meta property=\"og:image:height\" content=\"960\" \/>\n\t<meta property=\"og:image:type\" content=\"image\/jpeg\" \/>\n<meta name=\"author\" content=\"Cl\u00e9ment\" \/>\n<meta name=\"twitter:card\" content=\"summary_large_image\" \/>\n<meta name=\"twitter:creator\" content=\"@FootdavantFr\" \/>\n<meta name=\"twitter:site\" content=\"@FootdavantFr\" \/>\n<meta name=\"twitter:label1\" content=\"\u00c9crit par\" \/>\n\t<meta name=\"twitter:data1\" content=\"Cl\u00e9ment\" \/>\n\t<meta name=\"twitter:label2\" content=\"Dur\u00e9e de lecture estim\u00e9e\" \/>\n\t<meta name=\"twitter:data2\" content=\"9 minutes\" \/>\n<script type=\"application\/ld+json\" class=\"yoast-schema-graph\">{\"@context\":\"https:\/\/schema.org\",\"@graph\":[{\"@type\":\"Article\",\"@id\":\"https:\/\/footdavant.fr\/actualites\/opinions-finales-de-la-ligue-des-champions-ou-le-psg-contre-linter-sera-t-il-gagne-et-perdu-et-decidera-t-il-du-ballon-dor\/#article\",\"isPartOf\":{\"@id\":\"https:\/\/footdavant.fr\/actualites\/opinions-finales-de-la-ligue-des-champions-ou-le-psg-contre-linter-sera-t-il-gagne-et-perdu-et-decidera-t-il-du-ballon-dor\/\"},\"author\":{\"name\":\"Cl\u00e9ment\",\"@id\":\"https:\/\/footdavant.fr\/actualites\/#\/schema\/person\/bc222566d95871b37e597b3ed3ba5e1d\"},\"headline\":\"Opinions finales de la Ligue des champions: o\u00f9 le PSG contre l&#39;Inter sera-t-il gagn\u00e9 et perdu, et d\u00e9cidera-t-il du Ballon d&#39;Or?\",\"datePublished\":\"2025-05-30T20:48:06+00:00\",\"dateModified\":\"2025-05-30T20:48:07+00:00\",\"mainEntityOfPage\":{\"@id\":\"https:\/\/footdavant.fr\/actualites\/opinions-finales-de-la-ligue-des-champions-ou-le-psg-contre-linter-sera-t-il-gagne-et-perdu-et-decidera-t-il-du-ballon-dor\/\"},\"wordCount\":1888,\"publisher\":{\"@id\":\"https:\/\/footdavant.fr\/actualites\/#organization\"},\"keywords\":[\"Ballon\",\"champions\",\"contre\",\"d39Or\",\"d\u00e9cideratil\",\"des\",\"finales\",\"gagn\u00e9\",\"l39Inter\",\"Ligue\",\"opinions\",\"o\u00f9\",\"perdu\",\"PSG\",\"seratil\"],\"articleSection\":[\"Champions League\"],\"inLanguage\":\"fr-FR\"},{\"@type\":\"WebPage\",\"@id\":\"https:\/\/footdavant.fr\/actualites\/opinions-finales-de-la-ligue-des-champions-ou-le-psg-contre-linter-sera-t-il-gagne-et-perdu-et-decidera-t-il-du-ballon-dor\/\",\"url\":\"https:\/\/footdavant.fr\/actualites\/opinions-finales-de-la-ligue-des-champions-ou-le-psg-contre-linter-sera-t-il-gagne-et-perdu-et-decidera-t-il-du-ballon-dor\/\",\"name\":\"Opinions finales de la Ligue des champions: o\u00f9 le PSG contre l&#39;Inter sera-t-il gagn\u00e9 et perdu, et d\u00e9cidera-t-il du Ballon d&#39;Or?\",\"isPartOf\":{\"@id\":\"https:\/\/footdavant.fr\/actualites\/#website\"},\"datePublished\":\"2025-05-30T20:48:06+00:00\",\"dateModified\":\"2025-05-30T20:48:07+00:00\",\"breadcrumb\":{\"@id\":\"https:\/\/footdavant.fr\/actualites\/opinions-finales-de-la-ligue-des-champions-ou-le-psg-contre-linter-sera-t-il-gagne-et-perdu-et-decidera-t-il-du-ballon-dor\/#breadcrumb\"},\"inLanguage\":\"fr-FR\",\"potentialAction\":[{\"@type\":\"ReadAction\",\"target\":[\"https:\/\/footdavant.fr\/actualites\/opinions-finales-de-la-ligue-des-champions-ou-le-psg-contre-linter-sera-t-il-gagne-et-perdu-et-decidera-t-il-du-ballon-dor\/\"]}]},{\"@type\":\"BreadcrumbList\",\"@id\":\"https:\/\/footdavant.fr\/actualites\/opinions-finales-de-la-ligue-des-champions-ou-le-psg-contre-linter-sera-t-il-gagne-et-perdu-et-decidera-t-il-du-ballon-dor\/#breadcrumb\",\"itemListElement\":[{\"@type\":\"ListItem\",\"position\":1,\"name\":\"Accueil\",\"item\":\"https:\/\/footdavant.fr\/actualites\/\"},{\"@type\":\"ListItem\",\"position\":2,\"name\":\"Opinions finales de la Ligue des champions: o\u00f9 le PSG contre l&#39;Inter sera-t-il gagn\u00e9 et perdu, et d\u00e9cidera-t-il du Ballon d&#39;Or?\"}]},{\"@type\":\"WebSite\",\"@id\":\"https:\/\/footdavant.fr\/actualites\/#website\",\"url\":\"https:\/\/footdavant.fr\/actualites\/\",\"name\":\"Foot d'avant\",\"description\":\"\",\"publisher\":{\"@id\":\"https:\/\/footdavant.fr\/actualites\/#organization\"},\"potentialAction\":[{\"@type\":\"SearchAction\",\"target\":{\"@type\":\"EntryPoint\",\"urlTemplate\":\"https:\/\/footdavant.fr\/actualites\/?s={search_term_string}\"},\"query-input\":\"required name=search_term_string\"}],\"inLanguage\":\"fr-FR\"},{\"@type\":\"Organization\",\"@id\":\"https:\/\/footdavant.fr\/actualites\/#organization\",\"name\":\"Foot d'avant\",\"url\":\"https:\/\/footdavant.fr\/actualites\/\",\"logo\":{\"@type\":\"ImageObject\",\"inLanguage\":\"fr-FR\",\"@id\":\"https:\/\/footdavant.fr\/actualites\/#\/schema\/logo\/image\/\",\"url\":\"https:\/\/footdavant.fr\/actualites\/wp-content\/uploads\/2023\/09\/Copy-of-FootDavant-Logo.png\",\"contentUrl\":\"https:\/\/footdavant.fr\/actualites\/wp-content\/uploads\/2023\/09\/Copy-of-FootDavant-Logo.png\",\"width\":936,\"height\":549,\"caption\":\"Foot d'avant\"},\"image\":{\"@id\":\"https:\/\/footdavant.fr\/actualites\/#\/schema\/logo\/image\/\"},\"sameAs\":[\"https:\/\/www.facebook.com\/Footdavant\/\",\"https:\/\/twitter.com\/FootdavantFr\",\"https:\/\/www.instagram.com\/footdavant.fr\/\"]},{\"@type\":\"Person\",\"@id\":\"https:\/\/footdavant.fr\/actualites\/#\/schema\/person\/bc222566d95871b37e597b3ed3ba5e1d\",\"name\":\"Cl\u00e9ment\",\"image\":{\"@type\":\"ImageObject\",\"inLanguage\":\"fr-FR\",\"@id\":\"https:\/\/footdavant.fr\/actualites\/#\/schema\/person\/image\/\",\"url\":\"https:\/\/secure.gravatar.com\/avatar\/7728b29aac2719421e1a9159b2254c44?s=96&d=mm&r=g\",\"contentUrl\":\"https:\/\/secure.gravatar.com\/avatar\/7728b29aac2719421e1a9159b2254c44?s=96&d=mm&r=g\",\"caption\":\"Cl\u00e9ment\"},\"sameAs\":[\"https:\/\/footdavant.fr\/\"]}]}<\/script>\n<!-- \/ Yoast SEO plugin. -->","yoast_head_json":{"title":"Opinions finales de la Ligue des champions: o\u00f9 le PSG contre l&#39;Inter sera-t-il gagn\u00e9 et perdu, et d\u00e9cidera-t-il du Ballon d&#39;Or?","robots":{"index":"index","follow":"follow","max-snippet":"max-snippet:-1","max-image-preview":"max-image-preview:large","max-video-preview":"max-video-preview:-1"},"canonical":"https:\/\/footdavant.fr\/actualites\/opinions-finales-de-la-ligue-des-champions-ou-le-psg-contre-linter-sera-t-il-gagne-et-perdu-et-decidera-t-il-du-ballon-dor\/","og_locale":"fr_FR","og_type":"article","og_title":"Opinions finales de la Ligue des champions: o\u00f9 le PSG contre l&#39;Inter sera-t-il gagn\u00e9 et perdu, et d\u00e9cidera-t-il du Ballon d&#39;Or?","og_description":"Avant la finale de la Ligue des champions entre PSG et Inter samedi, Sports Mole regarde o\u00f9 le pourrait \u00eatre gagn\u00e9 et perdu, et ce","og_url":"https:\/\/footdavant.fr\/actualites\/opinions-finales-de-la-ligue-des-champions-ou-le-psg-contre-linter-sera-t-il-gagne-et-perdu-et-decidera-t-il-du-ballon-dor\/","og_site_name":"Foot d&#039;avant","article_publisher":"https:\/\/www.facebook.com\/Footdavant\/","article_published_time":"2025-05-30T20:48:06+00:00","article_modified_time":"2025-05-30T20:48:07+00:00","og_image":[{"width":1279,"height":960,"url":"https:\/\/footdavant.fr\/actualites\/wp-content\/uploads\/2025\/05\/Inter-7-4-3-6-Barcelone-\u200b\u200bmeilleures-statistiques-de-la-demi-finale.jpg","type":"image\/jpeg"}],"author":"Cl\u00e9ment","twitter_card":"summary_large_image","twitter_creator":"@FootdavantFr","twitter_site":"@FootdavantFr","twitter_misc":{"\u00c9crit par":"Cl\u00e9ment","Dur\u00e9e de lecture estim\u00e9e":"9 minutes"},"schema":{"@context":"https:\/\/schema.org","@graph":[{"@type":"Article","@id":"https:\/\/footdavant.fr\/actualites\/opinions-finales-de-la-ligue-des-champions-ou-le-psg-contre-linter-sera-t-il-gagne-et-perdu-et-decidera-t-il-du-ballon-dor\/#article","isPartOf":{"@id":"https:\/\/footdavant.fr\/actualites\/opinions-finales-de-la-ligue-des-champions-ou-le-psg-contre-linter-sera-t-il-gagne-et-perdu-et-decidera-t-il-du-ballon-dor\/"},"author":{"name":"Cl\u00e9ment","@id":"https:\/\/footdavant.fr\/actualites\/#\/schema\/person\/bc222566d95871b37e597b3ed3ba5e1d"},"headline":"Opinions finales de la Ligue des champions: o\u00f9 le PSG contre l&#39;Inter sera-t-il gagn\u00e9 et perdu, et d\u00e9cidera-t-il du Ballon d&#39;Or?","datePublished":"2025-05-30T20:48:06+00:00","dateModified":"2025-05-30T20:48:07+00:00","mainEntityOfPage":{"@id":"https:\/\/footdavant.fr\/actualites\/opinions-finales-de-la-ligue-des-champions-ou-le-psg-contre-linter-sera-t-il-gagne-et-perdu-et-decidera-t-il-du-ballon-dor\/"},"wordCount":1888,"publisher":{"@id":"https:\/\/footdavant.fr\/actualites\/#organization"},"keywords":["Ballon","champions","contre","d39Or","d\u00e9cideratil","des","finales","gagn\u00e9","l39Inter","Ligue","opinions","o\u00f9","perdu","PSG","seratil"],"articleSection":["Champions League"],"inLanguage":"fr-FR"},{"@type":"WebPage","@id":"https:\/\/footdavant.fr\/actualites\/opinions-finales-de-la-ligue-des-champions-ou-le-psg-contre-linter-sera-t-il-gagne-et-perdu-et-decidera-t-il-du-ballon-dor\/","url":"https:\/\/footdavant.fr\/actualites\/opinions-finales-de-la-ligue-des-champions-ou-le-psg-contre-linter-sera-t-il-gagne-et-perdu-et-decidera-t-il-du-ballon-dor\/","name":"Opinions finales de la Ligue des champions: o\u00f9 le PSG contre l&#39;Inter sera-t-il gagn\u00e9 et perdu, et d\u00e9cidera-t-il du Ballon d&#39;Or?","isPartOf":{"@id":"https:\/\/footdavant.fr\/actualites\/#website"},"datePublished":"2025-05-30T20:48:06+00:00","dateModified":"2025-05-30T20:48:07+00:00","breadcrumb":{"@id":"https:\/\/footdavant.fr\/actualites\/opinions-finales-de-la-ligue-des-champions-ou-le-psg-contre-linter-sera-t-il-gagne-et-perdu-et-decidera-t-il-du-ballon-dor\/#breadcrumb"},"inLanguage":"fr-FR","potentialAction":[{"@type":"ReadAction","target":["https:\/\/footdavant.fr\/actualites\/opinions-finales-de-la-ligue-des-champions-ou-le-psg-contre-linter-sera-t-il-gagne-et-perdu-et-decidera-t-il-du-ballon-dor\/"]}]},{"@type":"BreadcrumbList","@id":"https:\/\/footdavant.fr\/actualites\/opinions-finales-de-la-ligue-des-champions-ou-le-psg-contre-linter-sera-t-il-gagne-et-perdu-et-decidera-t-il-du-ballon-dor\/#breadcrumb","itemListElement":[{"@type":"ListItem","position":1,"name":"Accueil","item":"https:\/\/footdavant.fr\/actualites\/"},{"@type":"ListItem","position":2,"name":"Opinions finales de la Ligue des champions: o\u00f9 le PSG contre l&#39;Inter sera-t-il gagn\u00e9 et perdu, et d\u00e9cidera-t-il du Ballon d&#39;Or?"}]},{"@type":"WebSite","@id":"https:\/\/footdavant.fr\/actualites\/#website","url":"https:\/\/footdavant.fr\/actualites\/","name":"Foot d'avant","description":"","publisher":{"@id":"https:\/\/footdavant.fr\/actualites\/#organization"},"potentialAction":[{"@type":"SearchAction","target":{"@type":"EntryPoint","urlTemplate":"https:\/\/footdavant.fr\/actualites\/?s={search_term_string}"},"query-input":"required name=search_term_string"}],"inLanguage":"fr-FR"},{"@type":"Organization","@id":"https:\/\/footdavant.fr\/actualites\/#organization","name":"Foot d'avant","url":"https:\/\/footdavant.fr\/actualites\/","logo":{"@type":"ImageObject","inLanguage":"fr-FR","@id":"https:\/\/footdavant.fr\/actualites\/#\/schema\/logo\/image\/","url":"https:\/\/footdavant.fr\/actualites\/wp-content\/uploads\/2023\/09\/Copy-of-FootDavant-Logo.png","contentUrl":"https:\/\/footdavant.fr\/actualites\/wp-content\/uploads\/2023\/09\/Copy-of-FootDavant-Logo.png","width":936,"height":549,"caption":"Foot d'avant"},"image":{"@id":"https:\/\/footdavant.fr\/actualites\/#\/schema\/logo\/image\/"},"sameAs":["https:\/\/www.facebook.com\/Footdavant\/","https:\/\/twitter.com\/FootdavantFr","https:\/\/www.instagram.com\/footdavant.fr\/"]},{"@type":"Person","@id":"https:\/\/footdavant.fr\/actualites\/#\/schema\/person\/bc222566d95871b37e597b3ed3ba5e1d","name":"Cl\u00e9ment","image":{"@type":"ImageObject","inLanguage":"fr-FR","@id":"https:\/\/footdavant.fr\/actualites\/#\/schema\/person\/image\/","url":"https:\/\/secure.gravatar.com\/avatar\/7728b29aac2719421e1a9159b2254c44?s=96&d=mm&r=g","contentUrl":"https:\/\/secure.gravatar.com\/avatar\/7728b29aac2719421e1a9159b2254c44?s=96&d=mm&r=g","caption":"Cl\u00e9ment"},"sameAs":["https:\/\/footdavant.fr\/"]}]}},"_links":{"self":[{"href":"https:\/\/footdavant.fr\/actualites\/wp-json\/wp\/v2\/posts\/24512"}],"collection":[{"href":"https:\/\/footdavant.fr\/actualites\/wp-json\/wp\/v2\/posts"}],"about":[{"href":"https:\/\/footdavant.fr\/actualites\/wp-json\/wp\/v2\/types\/post"}],"author":[{"embeddable":true,"href":"https:\/\/footdavant.fr\/actualites\/wp-json\/wp\/v2\/users\/1"}],"replies":[{"embeddable":true,"href":"https:\/\/footdavant.fr\/actualites\/wp-json\/wp\/v2\/comments?post=24512"}],"version-history":[{"count":1,"href":"https:\/\/footdavant.fr\/actualites\/wp-json\/wp\/v2\/posts\/24512\/revisions"}],"predecessor-version":[{"id":24513,"href":"https:\/\/footdavant.fr\/actualites\/wp-json\/wp\/v2\/posts\/24512\/revisions\/24513"}],"wp:featuredmedia":[{"embeddable":true,"href":"https:\/\/footdavant.fr\/actualites\/wp-json\/wp\/v2\/media\/23748"}],"wp:attachment":[{"href":"https:\/\/footdavant.fr\/actualites\/wp-json\/wp\/v2\/media?parent=24512"}],"wp:term":[{"taxonomy":"category","embeddable":true,"href":"https:\/\/footdavant.fr\/actualites\/wp-json\/wp\/v2\/categories?post=24512"},{"taxonomy":"post_tag","embeddable":true,"href":"https:\/\/footdavant.fr\/actualites\/wp-json\/wp\/v2\/tags?post=24512"}],"curies":[{"name":"wp","href":"https:\/\/api.w.org\/{rel}","templated":true}]}}