{"id":24520,"date":"2025-05-31T05:48:15","date_gmt":"2025-05-31T03:48:15","guid":{"rendered":"https:\/\/footdavant.fr\/actualites\/charles-barkley-interroge-karl-anthony-towns-pour-des-problemes\/"},"modified":"2025-05-31T05:48:16","modified_gmt":"2025-05-31T03:48:16","slug":"charles-barkley-interroge-karl-anthony-towns-pour-des-problemes","status":"publish","type":"post","link":"https:\/\/footdavant.fr\/actualites\/charles-barkley-interroge-karl-anthony-towns-pour-des-problemes\/","title":{"rendered":"Charles Barkley interroge Karl-Anthony Towns pour des probl\u00e8mes"},"content":{"rendered":"<div>\n<h2><\/h2>\n<p>Les Knicks ont ripost\u00e9 contre les Pacers au Maddison Square Garden dans le match 5 et une victoire confortable signifie que la s\u00e9rie est retourn\u00e9e en Indiana pour le match 6, avec New York toujours 3-2.<\/p>\n<p>Jalen Brunson a de nouveau brill\u00e9 dans la victoire avec 32 points et bien que Karl-Anthony Towns ait pu ajouter 24 points et 13 rebonds, le Big Man Knicks sera d\u00e9\u00e7u de sa performance.<\/p>\n<p>Le d\u00e9but du match s&#39;est bien pass\u00e9 pour Towns, qui avait 17 points \u00e0 la moiti\u00e9 dans les deux premiers trimestres impressionnants. Ce n&#39;est pas pour la premi\u00e8re fois cette saison, les villes se sont retrouv\u00e9es en plus de probl\u00e8mes et sa seconde moiti\u00e9 \u00e9tait beaucoup plus d\u00e9cevante.<\/p>\n<p>Dans les troisi\u00e8me villes, seulement deux buts sur le terrain, marquant deux points. Avec trois fautes personnelles en seulement six minutes, le joueur de 29 ans a retir\u00e9 le sol avec un regard frustr\u00e9 sur son visage \u00e0 nouveau.<\/p>\n<p>Malgr\u00e9 son gros probl\u00e8me, Kat a jou\u00e9 11 minutes dans la derni\u00e8re p\u00e9riode, mais sa fusillade lui a \u00e9chou\u00e9 avec seulement deux de sept coups de feu en baisse. Towns a termin\u00e9 le match avec cinq fautes pour accompagner son transport de 24 points.<\/p>\n<h3><\/h3>\n<p>S&#39;adressant \u00e0 l&#39;\u00e9quipage du TNT apr\u00e8s le match, Towns a \u00e9t\u00e9 imm\u00e9diatement interrog\u00e9 par le Straight Talking Charles Barkley de sa lutte contre l&#39;encrassement.<\/p>\n<p>\u00abPourquoi obtenez-vous ces fautes stupides?\u00bb Demanda directement Barkley.<\/p>\n<p>Bien que certains joueurs aient pu \u00eatre frustr\u00e9s par la question, Towns a r\u00e9pondu avec un sourire sur son visage disant: \u00ab\u00a0Dieu ne sait que.\u00a0\u00bb<\/p>\n<p>\u00ab\u00a0Quand vous avez obtenu votre quatri\u00e8me faute, ils vous ont sorti. L&#39;Indiana a fait une course\u00a0\u00bb, a poursuivi Barkley. \u00ab\u00a0Tu dois arr\u00eater de faire \u00e7a.\u00a0\u00bb<\/p>\n<blockquote class=\"twitter-tweet\">\n<p dir=\"ltr\" lang=\"en\">Chuck: \u00ab\u00a0Pourquoi vous obtenez-vous des fautes stupides?\u00a0\u00bb \ud83d\ude05\ud83d\ude02<\/p>\n<p>Kat: \u00ab\u00a0Dieu ne sait que.\u00a0\u00bb <a rel=\"nofollow\" href=\"https:\/\/t.co\/PMF2zq3SJK\">pic.twitter.com\/pmf2zq3sjk<\/a><\/p>\n<p>&#8211; NBA sur TNT (@nbaontnt) <a rel=\"nofollow\" href=\"https:\/\/twitter.com\/NBAonTNT\/status\/1928285620729753725?ref_src=twsrc%5Etfw\">30 mai 2025<\/a><\/p>\n<\/blockquote>\n<p>\u00ab\u00a0Vous ne vous trompez pas\u00a0\u00bb, a admis Towns en direct. \u00ab\u00c7a fait mal \u00e0 mon \u00e9quipe. Je dois faire un bien meilleur travail.\u00bb<\/p>\n<p>Le match 5 n&#39;\u00e9tait pas la premi\u00e8re fois dans cette s\u00e9rie que Towns a limit\u00e9 ses propres minutes sur le sol en raison de fautes.<\/p>\n<p>Bien qu&#39;il ait bien marqu\u00e9 tout au long de la s\u00e9rie avec une moyenne de 25,4 points par match, Towns a \u00e9galement enregistr\u00e9 des fautes personnelles de 5-4-5-3-4 pendant les cinq matchs.<\/p>\n<p>Si New York va terminer un retour improbable de 3-1, ils auront besoin de Kat \u00e0 son meilleur dans les deux derniers matchs, mais surtout, ils auront besoin de lui pour rester sur le sol aussi longtemps que possible.<\/p>\n<h3>Regarder: Interview compl\u00e8te de Karl-Anthony Towns TNT<\/h3>\n<p><noscript><a href=\"https:\/\/www.youtube.com\/watch?v=-nwarjkepmq\">https:\/\/www.youtube.com\/watch?v=-nwarjkepmq<\/a><\/noscript><\/p><\/div>\n<p><script async src=\"https:\/\/platform.twitter.com\/widgets.js\" charset=\"utf-8\"><\/script><\/p>\n","protected":false},"excerpt":{"rendered":"<p>Les Knicks ont ripost\u00e9 contre les Pacers au Maddison Square Garden dans le match 5 et une victoire confortable signifie que la s\u00e9rie est retourn\u00e9e<\/p>\n","protected":false},"author":1,"featured_media":24521,"comment_status":"closed","ping_status":"","sticky":false,"template":"","format":"standard","meta":{"footnotes":""},"categories":[3],"tags":[3919,7309,12,6894,9382,51,715,9383],"yoast_head":"<!-- This site is optimized with the Yoast SEO plugin v21.0 - https:\/\/yoast.com\/wordpress\/plugins\/seo\/ -->\n<title>Charles Barkley interroge Karl-Anthony Towns pour des probl\u00e8mes<\/title>\n<meta name=\"robots\" content=\"index, follow, max-snippet:-1, max-image-preview:large, max-video-preview:-1\" \/>\n<link rel=\"canonical\" href=\"https:\/\/footdavant.fr\/actualites\/charles-barkley-interroge-karl-anthony-towns-pour-des-problemes\/\" \/>\n<meta property=\"og:locale\" content=\"fr_FR\" \/>\n<meta property=\"og:type\" content=\"article\" \/>\n<meta property=\"og:title\" content=\"Charles Barkley interroge Karl-Anthony Towns pour des probl\u00e8mes\" \/>\n<meta property=\"og:description\" content=\"Les Knicks ont ripost\u00e9 contre les Pacers au Maddison Square Garden dans le match 5 et une victoire confortable signifie que la s\u00e9rie est retourn\u00e9e\" \/>\n<meta property=\"og:url\" content=\"https:\/\/footdavant.fr\/actualites\/charles-barkley-interroge-karl-anthony-towns-pour-des-problemes\/\" \/>\n<meta property=\"og:site_name\" content=\"Foot d&#039;avant\" \/>\n<meta property=\"article:publisher\" content=\"https:\/\/www.facebook.com\/Footdavant\/\" \/>\n<meta property=\"article:published_time\" content=\"2025-05-31T03:48:15+00:00\" \/>\n<meta property=\"article:modified_time\" content=\"2025-05-31T03:48:16+00:00\" \/>\n<meta property=\"og:image\" content=\"https:\/\/footdavant.fr\/actualites\/wp-content\/uploads\/2025\/05\/Charles-Barkley-interroge-Karl-Anthony-Towns-pour-des-problemes.jpg\" \/>\n\t<meta property=\"og:image:width\" content=\"686\" \/>\n\t<meta property=\"og:image:height\" content=\"386\" \/>\n\t<meta property=\"og:image:type\" content=\"image\/jpeg\" \/>\n<meta name=\"author\" content=\"Cl\u00e9ment\" \/>\n<meta name=\"twitter:card\" content=\"summary_large_image\" \/>\n<meta name=\"twitter:creator\" content=\"@FootdavantFr\" \/>\n<meta name=\"twitter:site\" content=\"@FootdavantFr\" \/>\n<meta name=\"twitter:label1\" content=\"\u00c9crit par\" \/>\n\t<meta name=\"twitter:data1\" content=\"Cl\u00e9ment\" \/>\n\t<meta name=\"twitter:label2\" content=\"Dur\u00e9e de lecture estim\u00e9e\" \/>\n\t<meta name=\"twitter:data2\" content=\"2 minutes\" \/>\n<script type=\"application\/ld+json\" class=\"yoast-schema-graph\">{\"@context\":\"https:\/\/schema.org\",\"@graph\":[{\"@type\":\"Article\",\"@id\":\"https:\/\/footdavant.fr\/actualites\/charles-barkley-interroge-karl-anthony-towns-pour-des-problemes\/#article\",\"isPartOf\":{\"@id\":\"https:\/\/footdavant.fr\/actualites\/charles-barkley-interroge-karl-anthony-towns-pour-des-problemes\/\"},\"author\":{\"name\":\"Cl\u00e9ment\",\"@id\":\"https:\/\/footdavant.fr\/actualites\/#\/schema\/person\/bc222566d95871b37e597b3ed3ba5e1d\"},\"headline\":\"Charles Barkley interroge Karl-Anthony Towns pour des probl\u00e8mes\",\"datePublished\":\"2025-05-31T03:48:15+00:00\",\"dateModified\":\"2025-05-31T03:48:16+00:00\",\"mainEntityOfPage\":{\"@id\":\"https:\/\/footdavant.fr\/actualites\/charles-barkley-interroge-karl-anthony-towns-pour-des-problemes\/\"},\"wordCount\":468,\"publisher\":{\"@id\":\"https:\/\/footdavant.fr\/actualites\/#organization\"},\"keywords\":[\"Barkley\",\"Charles\",\"des\",\"interroge\",\"KarlAnthony\",\"pour\",\"Probl\u00e8mes\",\"Towns\"],\"articleSection\":[\"Football\"],\"inLanguage\":\"fr-FR\"},{\"@type\":\"WebPage\",\"@id\":\"https:\/\/footdavant.fr\/actualites\/charles-barkley-interroge-karl-anthony-towns-pour-des-problemes\/\",\"url\":\"https:\/\/footdavant.fr\/actualites\/charles-barkley-interroge-karl-anthony-towns-pour-des-problemes\/\",\"name\":\"Charles Barkley interroge Karl-Anthony Towns pour des probl\u00e8mes\",\"isPartOf\":{\"@id\":\"https:\/\/footdavant.fr\/actualites\/#website\"},\"datePublished\":\"2025-05-31T03:48:15+00:00\",\"dateModified\":\"2025-05-31T03:48:16+00:00\",\"breadcrumb\":{\"@id\":\"https:\/\/footdavant.fr\/actualites\/charles-barkley-interroge-karl-anthony-towns-pour-des-problemes\/#breadcrumb\"},\"inLanguage\":\"fr-FR\",\"potentialAction\":[{\"@type\":\"ReadAction\",\"target\":[\"https:\/\/footdavant.fr\/actualites\/charles-barkley-interroge-karl-anthony-towns-pour-des-problemes\/\"]}]},{\"@type\":\"BreadcrumbList\",\"@id\":\"https:\/\/footdavant.fr\/actualites\/charles-barkley-interroge-karl-anthony-towns-pour-des-problemes\/#breadcrumb\",\"itemListElement\":[{\"@type\":\"ListItem\",\"position\":1,\"name\":\"Accueil\",\"item\":\"https:\/\/footdavant.fr\/actualites\/\"},{\"@type\":\"ListItem\",\"position\":2,\"name\":\"Charles Barkley interroge Karl-Anthony Towns pour des probl\u00e8mes\"}]},{\"@type\":\"WebSite\",\"@id\":\"https:\/\/footdavant.fr\/actualites\/#website\",\"url\":\"https:\/\/footdavant.fr\/actualites\/\",\"name\":\"Foot d'avant\",\"description\":\"\",\"publisher\":{\"@id\":\"https:\/\/footdavant.fr\/actualites\/#organization\"},\"potentialAction\":[{\"@type\":\"SearchAction\",\"target\":{\"@type\":\"EntryPoint\",\"urlTemplate\":\"https:\/\/footdavant.fr\/actualites\/?s={search_term_string}\"},\"query-input\":\"required name=search_term_string\"}],\"inLanguage\":\"fr-FR\"},{\"@type\":\"Organization\",\"@id\":\"https:\/\/footdavant.fr\/actualites\/#organization\",\"name\":\"Foot d'avant\",\"url\":\"https:\/\/footdavant.fr\/actualites\/\",\"logo\":{\"@type\":\"ImageObject\",\"inLanguage\":\"fr-FR\",\"@id\":\"https:\/\/footdavant.fr\/actualites\/#\/schema\/logo\/image\/\",\"url\":\"https:\/\/footdavant.fr\/actualites\/wp-content\/uploads\/2023\/09\/Copy-of-FootDavant-Logo.png\",\"contentUrl\":\"https:\/\/footdavant.fr\/actualites\/wp-content\/uploads\/2023\/09\/Copy-of-FootDavant-Logo.png\",\"width\":936,\"height\":549,\"caption\":\"Foot d'avant\"},\"image\":{\"@id\":\"https:\/\/footdavant.fr\/actualites\/#\/schema\/logo\/image\/\"},\"sameAs\":[\"https:\/\/www.facebook.com\/Footdavant\/\",\"https:\/\/twitter.com\/FootdavantFr\",\"https:\/\/www.instagram.com\/footdavant.fr\/\"]},{\"@type\":\"Person\",\"@id\":\"https:\/\/footdavant.fr\/actualites\/#\/schema\/person\/bc222566d95871b37e597b3ed3ba5e1d\",\"name\":\"Cl\u00e9ment\",\"image\":{\"@type\":\"ImageObject\",\"inLanguage\":\"fr-FR\",\"@id\":\"https:\/\/footdavant.fr\/actualites\/#\/schema\/person\/image\/\",\"url\":\"https:\/\/secure.gravatar.com\/avatar\/7728b29aac2719421e1a9159b2254c44?s=96&d=mm&r=g\",\"contentUrl\":\"https:\/\/secure.gravatar.com\/avatar\/7728b29aac2719421e1a9159b2254c44?s=96&d=mm&r=g\",\"caption\":\"Cl\u00e9ment\"},\"sameAs\":[\"https:\/\/footdavant.fr\/\"]}]}<\/script>\n<!-- \/ Yoast SEO plugin. -->","yoast_head_json":{"title":"Charles Barkley interroge Karl-Anthony Towns pour des probl\u00e8mes","robots":{"index":"index","follow":"follow","max-snippet":"max-snippet:-1","max-image-preview":"max-image-preview:large","max-video-preview":"max-video-preview:-1"},"canonical":"https:\/\/footdavant.fr\/actualites\/charles-barkley-interroge-karl-anthony-towns-pour-des-problemes\/","og_locale":"fr_FR","og_type":"article","og_title":"Charles Barkley interroge Karl-Anthony Towns pour des probl\u00e8mes","og_description":"Les Knicks ont ripost\u00e9 contre les Pacers au Maddison Square Garden dans le match 5 et une victoire confortable signifie que la s\u00e9rie est retourn\u00e9e","og_url":"https:\/\/footdavant.fr\/actualites\/charles-barkley-interroge-karl-anthony-towns-pour-des-problemes\/","og_site_name":"Foot d&#039;avant","article_publisher":"https:\/\/www.facebook.com\/Footdavant\/","article_published_time":"2025-05-31T03:48:15+00:00","article_modified_time":"2025-05-31T03:48:16+00:00","og_image":[{"width":686,"height":386,"url":"https:\/\/footdavant.fr\/actualites\/wp-content\/uploads\/2025\/05\/Charles-Barkley-interroge-Karl-Anthony-Towns-pour-des-problemes.jpg","type":"image\/jpeg"}],"author":"Cl\u00e9ment","twitter_card":"summary_large_image","twitter_creator":"@FootdavantFr","twitter_site":"@FootdavantFr","twitter_misc":{"\u00c9crit par":"Cl\u00e9ment","Dur\u00e9e de lecture estim\u00e9e":"2 minutes"},"schema":{"@context":"https:\/\/schema.org","@graph":[{"@type":"Article","@id":"https:\/\/footdavant.fr\/actualites\/charles-barkley-interroge-karl-anthony-towns-pour-des-problemes\/#article","isPartOf":{"@id":"https:\/\/footdavant.fr\/actualites\/charles-barkley-interroge-karl-anthony-towns-pour-des-problemes\/"},"author":{"name":"Cl\u00e9ment","@id":"https:\/\/footdavant.fr\/actualites\/#\/schema\/person\/bc222566d95871b37e597b3ed3ba5e1d"},"headline":"Charles Barkley interroge Karl-Anthony Towns pour des probl\u00e8mes","datePublished":"2025-05-31T03:48:15+00:00","dateModified":"2025-05-31T03:48:16+00:00","mainEntityOfPage":{"@id":"https:\/\/footdavant.fr\/actualites\/charles-barkley-interroge-karl-anthony-towns-pour-des-problemes\/"},"wordCount":468,"publisher":{"@id":"https:\/\/footdavant.fr\/actualites\/#organization"},"keywords":["Barkley","Charles","des","interroge","KarlAnthony","pour","Probl\u00e8mes","Towns"],"articleSection":["Football"],"inLanguage":"fr-FR"},{"@type":"WebPage","@id":"https:\/\/footdavant.fr\/actualites\/charles-barkley-interroge-karl-anthony-towns-pour-des-problemes\/","url":"https:\/\/footdavant.fr\/actualites\/charles-barkley-interroge-karl-anthony-towns-pour-des-problemes\/","name":"Charles Barkley interroge Karl-Anthony Towns pour des probl\u00e8mes","isPartOf":{"@id":"https:\/\/footdavant.fr\/actualites\/#website"},"datePublished":"2025-05-31T03:48:15+00:00","dateModified":"2025-05-31T03:48:16+00:00","breadcrumb":{"@id":"https:\/\/footdavant.fr\/actualites\/charles-barkley-interroge-karl-anthony-towns-pour-des-problemes\/#breadcrumb"},"inLanguage":"fr-FR","potentialAction":[{"@type":"ReadAction","target":["https:\/\/footdavant.fr\/actualites\/charles-barkley-interroge-karl-anthony-towns-pour-des-problemes\/"]}]},{"@type":"BreadcrumbList","@id":"https:\/\/footdavant.fr\/actualites\/charles-barkley-interroge-karl-anthony-towns-pour-des-problemes\/#breadcrumb","itemListElement":[{"@type":"ListItem","position":1,"name":"Accueil","item":"https:\/\/footdavant.fr\/actualites\/"},{"@type":"ListItem","position":2,"name":"Charles Barkley interroge Karl-Anthony Towns pour des probl\u00e8mes"}]},{"@type":"WebSite","@id":"https:\/\/footdavant.fr\/actualites\/#website","url":"https:\/\/footdavant.fr\/actualites\/","name":"Foot d'avant","description":"","publisher":{"@id":"https:\/\/footdavant.fr\/actualites\/#organization"},"potentialAction":[{"@type":"SearchAction","target":{"@type":"EntryPoint","urlTemplate":"https:\/\/footdavant.fr\/actualites\/?s={search_term_string}"},"query-input":"required name=search_term_string"}],"inLanguage":"fr-FR"},{"@type":"Organization","@id":"https:\/\/footdavant.fr\/actualites\/#organization","name":"Foot d'avant","url":"https:\/\/footdavant.fr\/actualites\/","logo":{"@type":"ImageObject","inLanguage":"fr-FR","@id":"https:\/\/footdavant.fr\/actualites\/#\/schema\/logo\/image\/","url":"https:\/\/footdavant.fr\/actualites\/wp-content\/uploads\/2023\/09\/Copy-of-FootDavant-Logo.png","contentUrl":"https:\/\/footdavant.fr\/actualites\/wp-content\/uploads\/2023\/09\/Copy-of-FootDavant-Logo.png","width":936,"height":549,"caption":"Foot d'avant"},"image":{"@id":"https:\/\/footdavant.fr\/actualites\/#\/schema\/logo\/image\/"},"sameAs":["https:\/\/www.facebook.com\/Footdavant\/","https:\/\/twitter.com\/FootdavantFr","https:\/\/www.instagram.com\/footdavant.fr\/"]},{"@type":"Person","@id":"https:\/\/footdavant.fr\/actualites\/#\/schema\/person\/bc222566d95871b37e597b3ed3ba5e1d","name":"Cl\u00e9ment","image":{"@type":"ImageObject","inLanguage":"fr-FR","@id":"https:\/\/footdavant.fr\/actualites\/#\/schema\/person\/image\/","url":"https:\/\/secure.gravatar.com\/avatar\/7728b29aac2719421e1a9159b2254c44?s=96&d=mm&r=g","contentUrl":"https:\/\/secure.gravatar.com\/avatar\/7728b29aac2719421e1a9159b2254c44?s=96&d=mm&r=g","caption":"Cl\u00e9ment"},"sameAs":["https:\/\/footdavant.fr\/"]}]}},"_links":{"self":[{"href":"https:\/\/footdavant.fr\/actualites\/wp-json\/wp\/v2\/posts\/24520"}],"collection":[{"href":"https:\/\/footdavant.fr\/actualites\/wp-json\/wp\/v2\/posts"}],"about":[{"href":"https:\/\/footdavant.fr\/actualites\/wp-json\/wp\/v2\/types\/post"}],"author":[{"embeddable":true,"href":"https:\/\/footdavant.fr\/actualites\/wp-json\/wp\/v2\/users\/1"}],"replies":[{"embeddable":true,"href":"https:\/\/footdavant.fr\/actualites\/wp-json\/wp\/v2\/comments?post=24520"}],"version-history":[{"count":1,"href":"https:\/\/footdavant.fr\/actualites\/wp-json\/wp\/v2\/posts\/24520\/revisions"}],"predecessor-version":[{"id":24522,"href":"https:\/\/footdavant.fr\/actualites\/wp-json\/wp\/v2\/posts\/24520\/revisions\/24522"}],"wp:featuredmedia":[{"embeddable":true,"href":"https:\/\/footdavant.fr\/actualites\/wp-json\/wp\/v2\/media\/24521"}],"wp:attachment":[{"href":"https:\/\/footdavant.fr\/actualites\/wp-json\/wp\/v2\/media?parent=24520"}],"wp:term":[{"taxonomy":"category","embeddable":true,"href":"https:\/\/footdavant.fr\/actualites\/wp-json\/wp\/v2\/categories?post=24520"},{"taxonomy":"post_tag","embeddable":true,"href":"https:\/\/footdavant.fr\/actualites\/wp-json\/wp\/v2\/tags?post=24520"}],"curies":[{"name":"wp","href":"https:\/\/api.w.org\/{rel}","templated":true}]}}