{"id":24523,"date":"2025-05-31T06:48:02","date_gmt":"2025-05-31T04:48:02","guid":{"rendered":"https:\/\/footdavant.fr\/actualites\/actualites-de-lequipe-paris-saint-germain-contre-inter-milan-buthury-list-de-suspension-predit-xis\/"},"modified":"2025-05-31T06:48:04","modified_gmt":"2025-05-31T04:48:04","slug":"actualites-de-lequipe-paris-saint-germain-contre-inter-milan-buthury-list-de-suspension-predit-xis","status":"publish","type":"post","link":"https:\/\/footdavant.fr\/actualites\/actualites-de-lequipe-paris-saint-germain-contre-inter-milan-buthury-list-de-suspension-predit-xis\/","title":{"rendered":"Actualit\u00e9s de l&#39;\u00e9quipe: Paris Saint-Germain contre Inter Milan Buthury, List de suspension, Pr\u00e9dit XIS"},"content":{"rendered":"<p>Sports Mole rassemble toutes les derni\u00e8res nouvelles des blessures et des suspensions avant le conflit de la Ligue des champions de samedi entre le Paris Saint-Germain et l&#39;Inter Milan.<\/p>\n<div id=\"article_body\" itemprop=\"articleBody\">\n<p class=\"firstPara\"><strong class=\"autotag\">Paris Saint-Germain<\/strong> et <strong class=\"autotag\">Inter Milan<\/strong> s&#39;affrontera dans le plus grand club de club de football europ\u00e9en samedi soir \u00e0 Munich, lorsqu&#39;ils se mettent en t\u00eate-\u00e0-t\u00eate dans le <strong class=\"autotag\">Ligue des champions<\/strong> Finale \u00e0 l&#39;Allianz Arena.<\/p>\n<p><strong class=\"autotag\">Luis Enrique<\/strong>Les hommes poursuivent les triples apr\u00e8s avoir d\u00e9j\u00e0 remport\u00e9 la Ligue 1 et le Coupe de France, ainsi qu&#39;une toute premi\u00e8re couronne de la Ligue des champions, tandis que l&#39;Inter cherche \u00e0 reproduire leurs r\u00e9alisations \u00e0 partir de 2010, lorsqu&#39;ils ont remport\u00e9 cette comp\u00e9tition pour la troisi\u00e8me fois.<\/p>\n<hr>\n<p class=\"imgI\">\n<h2>Paris Saint-Germain<\/h2>\n<p><strong>Dehors:<\/strong> <strong class=\"autotag\">Presnel Kimpembe<\/strong> (jambe)<br \/><strong>Douteux:<\/strong> Aucun<\/p>\n<p><strong>XI pr\u00e9dit de Sports Mole:<\/strong> Donnarumma; Hakimi, Marquinhos, Pacho, Nuno Mendes; Joao Neves, Vititinha, Fabian Ruiz; Doue, Dembele, Kvaratskhelia<\/p>\n<h2>Inter Milan<\/h2>\n<p><strong>Dehors:<\/strong> <strong class=\"autotag\">Joaquin Correa<\/strong> (non enregistr\u00e9)<br \/><strong>Douteux:<\/strong> <strong class=\"autotag\">Pavard Benjamin<\/strong> (cheville), <strong class=\"autotag\">Piotr Zielinski<\/strong> (tendon)<\/p>\n<p><strong>Xi pr\u00e9vu de Sports Mole:<\/strong> Sommer; Bisseck, Acerbi, Bastoni; Dumfries, Barella, Calhanoglu, Mkhitaryan, DiMarco; Thuram, Martinez<\/p>\n<hr>\n<p>Pour l&#39;analyse des donn\u00e9es des r\u00e9sultats les plus probables, les scores et plus encore pour cette correspondance <strong>Veuillez cliquer ici<\/strong>.<\/p>\n<div class=\"author_box\">\n<div class=\"author_box_banner\">\n<\/div>\n<\/div>\n<\/div>\n","protected":false},"excerpt":{"rendered":"<p>Sports Mole rassemble toutes les derni\u00e8res nouvelles des blessures et des suspensions avant le conflit de la Ligue des champions de samedi entre le Paris<\/p>\n","protected":false},"author":1,"featured_media":24524,"comment_status":"closed","ping_status":"","sticky":false,"template":"","format":"standard","meta":{"footnotes":""},"categories":[4],"tags":[7,7888,20,535,4219,8262,250,100,3581,249,18,7813],"yoast_head":"<!-- This site is optimized with the Yoast SEO plugin v21.0 - https:\/\/yoast.com\/wordpress\/plugins\/seo\/ -->\n<title>Actualit\u00e9s de l&#039;\u00e9quipe: Paris Saint-Germain contre Inter Milan Buthury, List de suspension, Pr\u00e9dit XIS<\/title>\n<meta name=\"robots\" content=\"index, follow, max-snippet:-1, max-image-preview:large, max-video-preview:-1\" \/>\n<link rel=\"canonical\" href=\"https:\/\/footdavant.fr\/actualites\/actualites-de-lequipe-paris-saint-germain-contre-inter-milan-buthury-list-de-suspension-predit-xis\/\" \/>\n<meta property=\"og:locale\" content=\"fr_FR\" \/>\n<meta property=\"og:type\" content=\"article\" \/>\n<meta property=\"og:title\" content=\"Actualit\u00e9s de l&#039;\u00e9quipe: Paris Saint-Germain contre Inter Milan Buthury, List de suspension, Pr\u00e9dit XIS\" \/>\n<meta property=\"og:description\" content=\"Sports Mole rassemble toutes les derni\u00e8res nouvelles des blessures et des suspensions avant le conflit de la Ligue des champions de samedi entre le Paris\" \/>\n<meta property=\"og:url\" content=\"https:\/\/footdavant.fr\/actualites\/actualites-de-lequipe-paris-saint-germain-contre-inter-milan-buthury-list-de-suspension-predit-xis\/\" \/>\n<meta property=\"og:site_name\" content=\"Foot d&#039;avant\" \/>\n<meta property=\"article:publisher\" content=\"https:\/\/www.facebook.com\/Footdavant\/\" \/>\n<meta property=\"article:published_time\" content=\"2025-05-31T04:48:02+00:00\" \/>\n<meta property=\"article:modified_time\" content=\"2025-05-31T04:48:04+00:00\" \/>\n<meta property=\"og:image\" content=\"https:\/\/footdavant.fr\/actualites\/wp-content\/uploads\/2025\/05\/Actualites-de-l39equipe-Paris-Saint-Germain-contre-Inter-Milan-Buthury-List.jpg\" \/>\n\t<meta property=\"og:image:width\" content=\"1280\" \/>\n\t<meta property=\"og:image:height\" content=\"959\" \/>\n\t<meta property=\"og:image:type\" content=\"image\/jpeg\" \/>\n<meta name=\"author\" content=\"Cl\u00e9ment\" \/>\n<meta name=\"twitter:card\" content=\"summary_large_image\" \/>\n<meta name=\"twitter:creator\" content=\"@FootdavantFr\" \/>\n<meta name=\"twitter:site\" content=\"@FootdavantFr\" \/>\n<meta name=\"twitter:label1\" content=\"\u00c9crit par\" \/>\n\t<meta name=\"twitter:data1\" content=\"Cl\u00e9ment\" \/>\n\t<meta name=\"twitter:label2\" content=\"Dur\u00e9e de lecture estim\u00e9e\" \/>\n\t<meta name=\"twitter:data2\" content=\"1 minute\" \/>\n<script type=\"application\/ld+json\" class=\"yoast-schema-graph\">{\"@context\":\"https:\/\/schema.org\",\"@graph\":[{\"@type\":\"Article\",\"@id\":\"https:\/\/footdavant.fr\/actualites\/actualites-de-lequipe-paris-saint-germain-contre-inter-milan-buthury-list-de-suspension-predit-xis\/#article\",\"isPartOf\":{\"@id\":\"https:\/\/footdavant.fr\/actualites\/actualites-de-lequipe-paris-saint-germain-contre-inter-milan-buthury-list-de-suspension-predit-xis\/\"},\"author\":{\"name\":\"Cl\u00e9ment\",\"@id\":\"https:\/\/footdavant.fr\/actualites\/#\/schema\/person\/bc222566d95871b37e597b3ed3ba5e1d\"},\"headline\":\"Actualit\u00e9s de l&#39;\u00e9quipe: Paris Saint-Germain contre Inter Milan Buthury, List de suspension, Pr\u00e9dit XIS\",\"datePublished\":\"2025-05-31T04:48:02+00:00\",\"dateModified\":\"2025-05-31T04:48:04+00:00\",\"mainEntityOfPage\":{\"@id\":\"https:\/\/footdavant.fr\/actualites\/actualites-de-lequipe-paris-saint-germain-contre-inter-milan-buthury-list-de-suspension-predit-xis\/\"},\"wordCount\":223,\"publisher\":{\"@id\":\"https:\/\/footdavant.fr\/actualites\/#organization\"},\"keywords\":[\"Actualit\u00e9s\",\"Buthury\",\"contre\",\"Inter\",\"l39\u00e9quipe\",\"List\",\"Milan\",\"paris\",\"pr\u00e9dit\",\"SaintGermain\",\"suspension\",\"XIS\"],\"articleSection\":[\"Champions League\"],\"inLanguage\":\"fr-FR\"},{\"@type\":\"WebPage\",\"@id\":\"https:\/\/footdavant.fr\/actualites\/actualites-de-lequipe-paris-saint-germain-contre-inter-milan-buthury-list-de-suspension-predit-xis\/\",\"url\":\"https:\/\/footdavant.fr\/actualites\/actualites-de-lequipe-paris-saint-germain-contre-inter-milan-buthury-list-de-suspension-predit-xis\/\",\"name\":\"Actualit\u00e9s de l&#39;\u00e9quipe: Paris Saint-Germain contre Inter Milan Buthury, List de suspension, Pr\u00e9dit XIS\",\"isPartOf\":{\"@id\":\"https:\/\/footdavant.fr\/actualites\/#website\"},\"datePublished\":\"2025-05-31T04:48:02+00:00\",\"dateModified\":\"2025-05-31T04:48:04+00:00\",\"breadcrumb\":{\"@id\":\"https:\/\/footdavant.fr\/actualites\/actualites-de-lequipe-paris-saint-germain-contre-inter-milan-buthury-list-de-suspension-predit-xis\/#breadcrumb\"},\"inLanguage\":\"fr-FR\",\"potentialAction\":[{\"@type\":\"ReadAction\",\"target\":[\"https:\/\/footdavant.fr\/actualites\/actualites-de-lequipe-paris-saint-germain-contre-inter-milan-buthury-list-de-suspension-predit-xis\/\"]}]},{\"@type\":\"BreadcrumbList\",\"@id\":\"https:\/\/footdavant.fr\/actualites\/actualites-de-lequipe-paris-saint-germain-contre-inter-milan-buthury-list-de-suspension-predit-xis\/#breadcrumb\",\"itemListElement\":[{\"@type\":\"ListItem\",\"position\":1,\"name\":\"Accueil\",\"item\":\"https:\/\/footdavant.fr\/actualites\/\"},{\"@type\":\"ListItem\",\"position\":2,\"name\":\"Actualit\u00e9s de l&#39;\u00e9quipe: Paris Saint-Germain contre Inter Milan Buthury, List de suspension, Pr\u00e9dit XIS\"}]},{\"@type\":\"WebSite\",\"@id\":\"https:\/\/footdavant.fr\/actualites\/#website\",\"url\":\"https:\/\/footdavant.fr\/actualites\/\",\"name\":\"Foot d'avant\",\"description\":\"\",\"publisher\":{\"@id\":\"https:\/\/footdavant.fr\/actualites\/#organization\"},\"potentialAction\":[{\"@type\":\"SearchAction\",\"target\":{\"@type\":\"EntryPoint\",\"urlTemplate\":\"https:\/\/footdavant.fr\/actualites\/?s={search_term_string}\"},\"query-input\":\"required name=search_term_string\"}],\"inLanguage\":\"fr-FR\"},{\"@type\":\"Organization\",\"@id\":\"https:\/\/footdavant.fr\/actualites\/#organization\",\"name\":\"Foot d'avant\",\"url\":\"https:\/\/footdavant.fr\/actualites\/\",\"logo\":{\"@type\":\"ImageObject\",\"inLanguage\":\"fr-FR\",\"@id\":\"https:\/\/footdavant.fr\/actualites\/#\/schema\/logo\/image\/\",\"url\":\"https:\/\/footdavant.fr\/actualites\/wp-content\/uploads\/2023\/09\/Copy-of-FootDavant-Logo.png\",\"contentUrl\":\"https:\/\/footdavant.fr\/actualites\/wp-content\/uploads\/2023\/09\/Copy-of-FootDavant-Logo.png\",\"width\":936,\"height\":549,\"caption\":\"Foot d'avant\"},\"image\":{\"@id\":\"https:\/\/footdavant.fr\/actualites\/#\/schema\/logo\/image\/\"},\"sameAs\":[\"https:\/\/www.facebook.com\/Footdavant\/\",\"https:\/\/twitter.com\/FootdavantFr\",\"https:\/\/www.instagram.com\/footdavant.fr\/\"]},{\"@type\":\"Person\",\"@id\":\"https:\/\/footdavant.fr\/actualites\/#\/schema\/person\/bc222566d95871b37e597b3ed3ba5e1d\",\"name\":\"Cl\u00e9ment\",\"image\":{\"@type\":\"ImageObject\",\"inLanguage\":\"fr-FR\",\"@id\":\"https:\/\/footdavant.fr\/actualites\/#\/schema\/person\/image\/\",\"url\":\"https:\/\/secure.gravatar.com\/avatar\/7728b29aac2719421e1a9159b2254c44?s=96&d=mm&r=g\",\"contentUrl\":\"https:\/\/secure.gravatar.com\/avatar\/7728b29aac2719421e1a9159b2254c44?s=96&d=mm&r=g\",\"caption\":\"Cl\u00e9ment\"},\"sameAs\":[\"https:\/\/footdavant.fr\/\"]}]}<\/script>\n<!-- \/ Yoast SEO plugin. -->","yoast_head_json":{"title":"Actualit\u00e9s de l&#39;\u00e9quipe: Paris Saint-Germain contre Inter Milan Buthury, List de suspension, Pr\u00e9dit XIS","robots":{"index":"index","follow":"follow","max-snippet":"max-snippet:-1","max-image-preview":"max-image-preview:large","max-video-preview":"max-video-preview:-1"},"canonical":"https:\/\/footdavant.fr\/actualites\/actualites-de-lequipe-paris-saint-germain-contre-inter-milan-buthury-list-de-suspension-predit-xis\/","og_locale":"fr_FR","og_type":"article","og_title":"Actualit\u00e9s de l&#39;\u00e9quipe: Paris Saint-Germain contre Inter Milan Buthury, List de suspension, Pr\u00e9dit XIS","og_description":"Sports Mole rassemble toutes les derni\u00e8res nouvelles des blessures et des suspensions avant le conflit de la Ligue des champions de samedi entre le Paris","og_url":"https:\/\/footdavant.fr\/actualites\/actualites-de-lequipe-paris-saint-germain-contre-inter-milan-buthury-list-de-suspension-predit-xis\/","og_site_name":"Foot d&#039;avant","article_publisher":"https:\/\/www.facebook.com\/Footdavant\/","article_published_time":"2025-05-31T04:48:02+00:00","article_modified_time":"2025-05-31T04:48:04+00:00","og_image":[{"width":1280,"height":959,"url":"https:\/\/footdavant.fr\/actualites\/wp-content\/uploads\/2025\/05\/Actualites-de-l39equipe-Paris-Saint-Germain-contre-Inter-Milan-Buthury-List.jpg","type":"image\/jpeg"}],"author":"Cl\u00e9ment","twitter_card":"summary_large_image","twitter_creator":"@FootdavantFr","twitter_site":"@FootdavantFr","twitter_misc":{"\u00c9crit par":"Cl\u00e9ment","Dur\u00e9e de lecture estim\u00e9e":"1 minute"},"schema":{"@context":"https:\/\/schema.org","@graph":[{"@type":"Article","@id":"https:\/\/footdavant.fr\/actualites\/actualites-de-lequipe-paris-saint-germain-contre-inter-milan-buthury-list-de-suspension-predit-xis\/#article","isPartOf":{"@id":"https:\/\/footdavant.fr\/actualites\/actualites-de-lequipe-paris-saint-germain-contre-inter-milan-buthury-list-de-suspension-predit-xis\/"},"author":{"name":"Cl\u00e9ment","@id":"https:\/\/footdavant.fr\/actualites\/#\/schema\/person\/bc222566d95871b37e597b3ed3ba5e1d"},"headline":"Actualit\u00e9s de l&#39;\u00e9quipe: Paris Saint-Germain contre Inter Milan Buthury, List de suspension, Pr\u00e9dit XIS","datePublished":"2025-05-31T04:48:02+00:00","dateModified":"2025-05-31T04:48:04+00:00","mainEntityOfPage":{"@id":"https:\/\/footdavant.fr\/actualites\/actualites-de-lequipe-paris-saint-germain-contre-inter-milan-buthury-list-de-suspension-predit-xis\/"},"wordCount":223,"publisher":{"@id":"https:\/\/footdavant.fr\/actualites\/#organization"},"keywords":["Actualit\u00e9s","Buthury","contre","Inter","l39\u00e9quipe","List","Milan","paris","pr\u00e9dit","SaintGermain","suspension","XIS"],"articleSection":["Champions League"],"inLanguage":"fr-FR"},{"@type":"WebPage","@id":"https:\/\/footdavant.fr\/actualites\/actualites-de-lequipe-paris-saint-germain-contre-inter-milan-buthury-list-de-suspension-predit-xis\/","url":"https:\/\/footdavant.fr\/actualites\/actualites-de-lequipe-paris-saint-germain-contre-inter-milan-buthury-list-de-suspension-predit-xis\/","name":"Actualit\u00e9s de l&#39;\u00e9quipe: Paris Saint-Germain contre Inter Milan Buthury, List de suspension, Pr\u00e9dit XIS","isPartOf":{"@id":"https:\/\/footdavant.fr\/actualites\/#website"},"datePublished":"2025-05-31T04:48:02+00:00","dateModified":"2025-05-31T04:48:04+00:00","breadcrumb":{"@id":"https:\/\/footdavant.fr\/actualites\/actualites-de-lequipe-paris-saint-germain-contre-inter-milan-buthury-list-de-suspension-predit-xis\/#breadcrumb"},"inLanguage":"fr-FR","potentialAction":[{"@type":"ReadAction","target":["https:\/\/footdavant.fr\/actualites\/actualites-de-lequipe-paris-saint-germain-contre-inter-milan-buthury-list-de-suspension-predit-xis\/"]}]},{"@type":"BreadcrumbList","@id":"https:\/\/footdavant.fr\/actualites\/actualites-de-lequipe-paris-saint-germain-contre-inter-milan-buthury-list-de-suspension-predit-xis\/#breadcrumb","itemListElement":[{"@type":"ListItem","position":1,"name":"Accueil","item":"https:\/\/footdavant.fr\/actualites\/"},{"@type":"ListItem","position":2,"name":"Actualit\u00e9s de l&#39;\u00e9quipe: Paris Saint-Germain contre Inter Milan Buthury, List de suspension, Pr\u00e9dit XIS"}]},{"@type":"WebSite","@id":"https:\/\/footdavant.fr\/actualites\/#website","url":"https:\/\/footdavant.fr\/actualites\/","name":"Foot d'avant","description":"","publisher":{"@id":"https:\/\/footdavant.fr\/actualites\/#organization"},"potentialAction":[{"@type":"SearchAction","target":{"@type":"EntryPoint","urlTemplate":"https:\/\/footdavant.fr\/actualites\/?s={search_term_string}"},"query-input":"required name=search_term_string"}],"inLanguage":"fr-FR"},{"@type":"Organization","@id":"https:\/\/footdavant.fr\/actualites\/#organization","name":"Foot d'avant","url":"https:\/\/footdavant.fr\/actualites\/","logo":{"@type":"ImageObject","inLanguage":"fr-FR","@id":"https:\/\/footdavant.fr\/actualites\/#\/schema\/logo\/image\/","url":"https:\/\/footdavant.fr\/actualites\/wp-content\/uploads\/2023\/09\/Copy-of-FootDavant-Logo.png","contentUrl":"https:\/\/footdavant.fr\/actualites\/wp-content\/uploads\/2023\/09\/Copy-of-FootDavant-Logo.png","width":936,"height":549,"caption":"Foot d'avant"},"image":{"@id":"https:\/\/footdavant.fr\/actualites\/#\/schema\/logo\/image\/"},"sameAs":["https:\/\/www.facebook.com\/Footdavant\/","https:\/\/twitter.com\/FootdavantFr","https:\/\/www.instagram.com\/footdavant.fr\/"]},{"@type":"Person","@id":"https:\/\/footdavant.fr\/actualites\/#\/schema\/person\/bc222566d95871b37e597b3ed3ba5e1d","name":"Cl\u00e9ment","image":{"@type":"ImageObject","inLanguage":"fr-FR","@id":"https:\/\/footdavant.fr\/actualites\/#\/schema\/person\/image\/","url":"https:\/\/secure.gravatar.com\/avatar\/7728b29aac2719421e1a9159b2254c44?s=96&d=mm&r=g","contentUrl":"https:\/\/secure.gravatar.com\/avatar\/7728b29aac2719421e1a9159b2254c44?s=96&d=mm&r=g","caption":"Cl\u00e9ment"},"sameAs":["https:\/\/footdavant.fr\/"]}]}},"_links":{"self":[{"href":"https:\/\/footdavant.fr\/actualites\/wp-json\/wp\/v2\/posts\/24523"}],"collection":[{"href":"https:\/\/footdavant.fr\/actualites\/wp-json\/wp\/v2\/posts"}],"about":[{"href":"https:\/\/footdavant.fr\/actualites\/wp-json\/wp\/v2\/types\/post"}],"author":[{"embeddable":true,"href":"https:\/\/footdavant.fr\/actualites\/wp-json\/wp\/v2\/users\/1"}],"replies":[{"embeddable":true,"href":"https:\/\/footdavant.fr\/actualites\/wp-json\/wp\/v2\/comments?post=24523"}],"version-history":[{"count":1,"href":"https:\/\/footdavant.fr\/actualites\/wp-json\/wp\/v2\/posts\/24523\/revisions"}],"predecessor-version":[{"id":24525,"href":"https:\/\/footdavant.fr\/actualites\/wp-json\/wp\/v2\/posts\/24523\/revisions\/24525"}],"wp:featuredmedia":[{"embeddable":true,"href":"https:\/\/footdavant.fr\/actualites\/wp-json\/wp\/v2\/media\/24524"}],"wp:attachment":[{"href":"https:\/\/footdavant.fr\/actualites\/wp-json\/wp\/v2\/media?parent=24523"}],"wp:term":[{"taxonomy":"category","embeddable":true,"href":"https:\/\/footdavant.fr\/actualites\/wp-json\/wp\/v2\/categories?post=24523"},{"taxonomy":"post_tag","embeddable":true,"href":"https:\/\/footdavant.fr\/actualites\/wp-json\/wp\/v2\/tags?post=24523"}],"curies":[{"name":"wp","href":"https:\/\/api.w.org\/{rel}","templated":true}]}}