{"id":24529,"date":"2025-05-31T09:48:13","date_gmt":"2025-05-31T07:48:13","guid":{"rendered":"https:\/\/footdavant.fr\/actualites\/dembele-ne-se-concentrant-pas-sur-ballon-dor-talk-alors-que-le-psg-star-se-prepare-a-realiser-le-reve-final-de-la-ligue-des-champions\/"},"modified":"2025-05-31T09:48:15","modified_gmt":"2025-05-31T07:48:15","slug":"dembele-ne-se-concentrant-pas-sur-ballon-dor-talk-alors-que-le-psg-star-se-prepare-a-realiser-le-reve-final-de-la-ligue-des-champions","status":"publish","type":"post","link":"https:\/\/footdavant.fr\/actualites\/dembele-ne-se-concentrant-pas-sur-ballon-dor-talk-alors-que-le-psg-star-se-prepare-a-realiser-le-reve-final-de-la-ligue-des-champions\/","title":{"rendered":"Dembele ne se concentrant pas sur Ballon d&#39;Or talk alors que le PSG Star se pr\u00e9pare \u00e0 r\u00e9aliser le r\u00eave final de la Ligue des champions"},"content":{"rendered":"<div>\n<p>Ousmane Dembele fait parler de lui en remportant le Ballon d&#39;Or \u00e0 l&#39;arri\u00e8re de son esprit alors qu&#39;il cherche \u00e0 aider le Paris Saint-Germain \u00e0 s\u00e9curiser la gloire de la Ligue des champions avec la victoire contre l&#39;Inter Milan.<\/p>\n<p>Dembele a connu une saison exceptionnelle pour les hommes de Luis Enrique, marquant 33 buts et fournissant 11 passes d\u00e9cisives pour aider le PSG \u00e0 une deuxi\u00e8me Ligue 1 successive et Coup\u00e9 de France double, et au bord d&#39;un titre tant attendu de la Ligue des champions tant attendue.<\/p>\n<p>Sa forme prolifique l&#39;a mis au c\u0153ur de la conversation pour l&#39;honneur individuel le plus prestigieux du football mondial.<\/p>\n<p>Mais l&#39;ancien attaquant de Barcelone a montr\u00e9 peu d&#39;int\u00e9r\u00eat pour les questions entourant comment un titre de Ligue des champions aiderait sa cause.<\/p>\n<p>\u00ab\u00a0Lorsque vous \u00eates un joueur du PSG, ce qui est important est de ramener l&#39;argenterie comme la Ligue des champions\u00a0\u00bb, a d\u00e9clar\u00e9 Dembele lors d&#39;une conf\u00e9rence de presse d&#39;avant-match.<\/p>\n<p>\u00abJe me concentre sur l&#39;\u00e9quipe, pas sur des troph\u00e9es individuels. [Ballon d\u2019Or] est \u00e0 l&#39;arri\u00e8re d&#39;esprit, mais je veux me concentrer sur l&#39;\u00e9quipe. \u00bb<\/p>\n<p>Le PSG a \u00e9vit\u00e9 de justesse l&#39;humiliation de quitter le tournoi remani\u00e9 en phase de la ligue, mais a \u00e9limin\u00e9 les clubs de Premier League Liverpool, Aston Villa et Arsenal en route vers la finale.<\/p>\n<p>Mais la pi\u00e8ce ma\u00eetresse d&#39;Allianz Arena les verra prendre un c\u00f4t\u00e9 inter-c\u00f4t\u00e9 qui a battu le Bayern Munich en quart de finale avant de remporter une \u00e9pop\u00e9e en demi-finale avec le Bar\u00e7a.<\/p>\n<p>\u00ab\u00a0Depuis janvier, nous avons vraiment un changement de mentalit\u00e9 et nous voulons continuer maintenant et remporter la victoire et nous sommes tr\u00e8s enthousiasm\u00e9s par le jeu\u00a0\u00bb, a ajout\u00e9 Dembele.<\/p>\n<p>\u00abL&#39;Inter est une merveilleuse \u00e9quipe qui m\u00e9rite d&#39;\u00eatre en finale. Ils sont physiques, savent d\u00e9fendre, comment monter \u00e0 l&#39;avance, donc nous avons un fort adversaire.<\/p>\n<p>\u00abJe me suis bien pr\u00e9par\u00e9 pour cette finale. Depuis que je suis enfant, je r\u00eave de jouer dans ce jeu.<\/p>\n<p>\u00abNous devons rester concentr\u00e9s sur le jeu, sur l&#39;\u00e9quipe, sur moi-m\u00eame. J&#39;esp\u00e8re que nous pourrons produire une performance fantastique.\u00bb<\/p>\n<\/div>\n","protected":false},"excerpt":{"rendered":"<p>Ousmane Dembele fait parler de lui en remportant le Ballon d&#39;Or \u00e0 l&#39;arri\u00e8re de son esprit alors qu&#39;il cherche \u00e0 aider le Paris Saint-Germain \u00e0<\/p>\n","protected":false},"author":1,"featured_media":24530,"comment_status":"closed","ping_status":"","sticky":false,"template":"","format":"standard","meta":{"footnotes":""},"categories":[3],"tags":[318,148,31,9384,5019,7923,12,3454,30,71,1098,1656,5752,163,1621,103,2738],"yoast_head":"<!-- This site is optimized with the Yoast SEO plugin v21.0 - https:\/\/yoast.com\/wordpress\/plugins\/seo\/ -->\n<title>Dembele ne se concentrant pas sur Ballon d&#039;Or talk alors que le PSG Star se pr\u00e9pare \u00e0 r\u00e9aliser le r\u00eave final de la Ligue des champions<\/title>\n<meta name=\"robots\" content=\"index, follow, max-snippet:-1, max-image-preview:large, max-video-preview:-1\" \/>\n<link rel=\"canonical\" href=\"https:\/\/footdavant.fr\/actualites\/dembele-ne-se-concentrant-pas-sur-ballon-dor-talk-alors-que-le-psg-star-se-prepare-a-realiser-le-reve-final-de-la-ligue-des-champions\/\" \/>\n<meta property=\"og:locale\" content=\"fr_FR\" \/>\n<meta property=\"og:type\" content=\"article\" \/>\n<meta property=\"og:title\" content=\"Dembele ne se concentrant pas sur Ballon d&#039;Or talk alors que le PSG Star se pr\u00e9pare \u00e0 r\u00e9aliser le r\u00eave final de la Ligue des champions\" \/>\n<meta property=\"og:description\" content=\"Ousmane Dembele fait parler de lui en remportant le Ballon d&#039;Or \u00e0 l&#039;arri\u00e8re de son esprit alors qu&#039;il cherche \u00e0 aider le Paris Saint-Germain \u00e0\" \/>\n<meta property=\"og:url\" content=\"https:\/\/footdavant.fr\/actualites\/dembele-ne-se-concentrant-pas-sur-ballon-dor-talk-alors-que-le-psg-star-se-prepare-a-realiser-le-reve-final-de-la-ligue-des-champions\/\" \/>\n<meta property=\"og:site_name\" content=\"Foot d&#039;avant\" \/>\n<meta property=\"article:publisher\" content=\"https:\/\/www.facebook.com\/Footdavant\/\" \/>\n<meta property=\"article:published_time\" content=\"2025-05-31T07:48:13+00:00\" \/>\n<meta property=\"article:modified_time\" content=\"2025-05-31T07:48:15+00:00\" \/>\n<meta property=\"og:image\" content=\"https:\/\/footdavant.fr\/actualites\/wp-content\/uploads\/2025\/05\/Dembele-ne-se-concentrant-pas-sur-Ballon-d39Or-talk-alors.jpg\" \/>\n\t<meta property=\"og:image:width\" content=\"1200\" \/>\n\t<meta property=\"og:image:height\" content=\"675\" \/>\n\t<meta property=\"og:image:type\" content=\"image\/jpeg\" \/>\n<meta name=\"author\" content=\"Cl\u00e9ment\" \/>\n<meta name=\"twitter:card\" content=\"summary_large_image\" \/>\n<meta name=\"twitter:creator\" content=\"@FootdavantFr\" \/>\n<meta name=\"twitter:site\" content=\"@FootdavantFr\" \/>\n<meta name=\"twitter:label1\" content=\"\u00c9crit par\" \/>\n\t<meta name=\"twitter:data1\" content=\"Cl\u00e9ment\" \/>\n\t<meta name=\"twitter:label2\" content=\"Dur\u00e9e de lecture estim\u00e9e\" \/>\n\t<meta name=\"twitter:data2\" content=\"2 minutes\" \/>\n<script type=\"application\/ld+json\" class=\"yoast-schema-graph\">{\"@context\":\"https:\/\/schema.org\",\"@graph\":[{\"@type\":\"Article\",\"@id\":\"https:\/\/footdavant.fr\/actualites\/dembele-ne-se-concentrant-pas-sur-ballon-dor-talk-alors-que-le-psg-star-se-prepare-a-realiser-le-reve-final-de-la-ligue-des-champions\/#article\",\"isPartOf\":{\"@id\":\"https:\/\/footdavant.fr\/actualites\/dembele-ne-se-concentrant-pas-sur-ballon-dor-talk-alors-que-le-psg-star-se-prepare-a-realiser-le-reve-final-de-la-ligue-des-champions\/\"},\"author\":{\"name\":\"Cl\u00e9ment\",\"@id\":\"https:\/\/footdavant.fr\/actualites\/#\/schema\/person\/bc222566d95871b37e597b3ed3ba5e1d\"},\"headline\":\"Dembele ne se concentrant pas sur Ballon d&#39;Or talk alors que le PSG Star se pr\u00e9pare \u00e0 r\u00e9aliser le r\u00eave final de la Ligue des champions\",\"datePublished\":\"2025-05-31T07:48:13+00:00\",\"dateModified\":\"2025-05-31T07:48:15+00:00\",\"mainEntityOfPage\":{\"@id\":\"https:\/\/footdavant.fr\/actualites\/dembele-ne-se-concentrant-pas-sur-ballon-dor-talk-alors-que-le-psg-star-se-prepare-a-realiser-le-reve-final-de-la-ligue-des-champions\/\"},\"wordCount\":412,\"publisher\":{\"@id\":\"https:\/\/footdavant.fr\/actualites\/#organization\"},\"keywords\":[\"alors\",\"Ballon\",\"champions\",\"concentrant\",\"d39Or\",\"Dembele\",\"des\",\"final\",\"Ligue\",\"pas\",\"pr\u00e9pare\",\"PSG\",\"r\u00e9aliser\",\"r\u00eave\",\"Star\",\"sur\",\"Talk\"],\"articleSection\":[\"Football\"],\"inLanguage\":\"fr-FR\"},{\"@type\":\"WebPage\",\"@id\":\"https:\/\/footdavant.fr\/actualites\/dembele-ne-se-concentrant-pas-sur-ballon-dor-talk-alors-que-le-psg-star-se-prepare-a-realiser-le-reve-final-de-la-ligue-des-champions\/\",\"url\":\"https:\/\/footdavant.fr\/actualites\/dembele-ne-se-concentrant-pas-sur-ballon-dor-talk-alors-que-le-psg-star-se-prepare-a-realiser-le-reve-final-de-la-ligue-des-champions\/\",\"name\":\"Dembele ne se concentrant pas sur Ballon d&#39;Or talk alors que le PSG Star se pr\u00e9pare \u00e0 r\u00e9aliser le r\u00eave final de la Ligue des champions\",\"isPartOf\":{\"@id\":\"https:\/\/footdavant.fr\/actualites\/#website\"},\"datePublished\":\"2025-05-31T07:48:13+00:00\",\"dateModified\":\"2025-05-31T07:48:15+00:00\",\"breadcrumb\":{\"@id\":\"https:\/\/footdavant.fr\/actualites\/dembele-ne-se-concentrant-pas-sur-ballon-dor-talk-alors-que-le-psg-star-se-prepare-a-realiser-le-reve-final-de-la-ligue-des-champions\/#breadcrumb\"},\"inLanguage\":\"fr-FR\",\"potentialAction\":[{\"@type\":\"ReadAction\",\"target\":[\"https:\/\/footdavant.fr\/actualites\/dembele-ne-se-concentrant-pas-sur-ballon-dor-talk-alors-que-le-psg-star-se-prepare-a-realiser-le-reve-final-de-la-ligue-des-champions\/\"]}]},{\"@type\":\"BreadcrumbList\",\"@id\":\"https:\/\/footdavant.fr\/actualites\/dembele-ne-se-concentrant-pas-sur-ballon-dor-talk-alors-que-le-psg-star-se-prepare-a-realiser-le-reve-final-de-la-ligue-des-champions\/#breadcrumb\",\"itemListElement\":[{\"@type\":\"ListItem\",\"position\":1,\"name\":\"Accueil\",\"item\":\"https:\/\/footdavant.fr\/actualites\/\"},{\"@type\":\"ListItem\",\"position\":2,\"name\":\"Dembele ne se concentrant pas sur Ballon d&#39;Or talk alors que le PSG Star se pr\u00e9pare \u00e0 r\u00e9aliser le r\u00eave final de la Ligue des champions\"}]},{\"@type\":\"WebSite\",\"@id\":\"https:\/\/footdavant.fr\/actualites\/#website\",\"url\":\"https:\/\/footdavant.fr\/actualites\/\",\"name\":\"Foot d'avant\",\"description\":\"\",\"publisher\":{\"@id\":\"https:\/\/footdavant.fr\/actualites\/#organization\"},\"potentialAction\":[{\"@type\":\"SearchAction\",\"target\":{\"@type\":\"EntryPoint\",\"urlTemplate\":\"https:\/\/footdavant.fr\/actualites\/?s={search_term_string}\"},\"query-input\":\"required name=search_term_string\"}],\"inLanguage\":\"fr-FR\"},{\"@type\":\"Organization\",\"@id\":\"https:\/\/footdavant.fr\/actualites\/#organization\",\"name\":\"Foot d'avant\",\"url\":\"https:\/\/footdavant.fr\/actualites\/\",\"logo\":{\"@type\":\"ImageObject\",\"inLanguage\":\"fr-FR\",\"@id\":\"https:\/\/footdavant.fr\/actualites\/#\/schema\/logo\/image\/\",\"url\":\"https:\/\/footdavant.fr\/actualites\/wp-content\/uploads\/2023\/09\/Copy-of-FootDavant-Logo.png\",\"contentUrl\":\"https:\/\/footdavant.fr\/actualites\/wp-content\/uploads\/2023\/09\/Copy-of-FootDavant-Logo.png\",\"width\":936,\"height\":549,\"caption\":\"Foot d'avant\"},\"image\":{\"@id\":\"https:\/\/footdavant.fr\/actualites\/#\/schema\/logo\/image\/\"},\"sameAs\":[\"https:\/\/www.facebook.com\/Footdavant\/\",\"https:\/\/twitter.com\/FootdavantFr\",\"https:\/\/www.instagram.com\/footdavant.fr\/\"]},{\"@type\":\"Person\",\"@id\":\"https:\/\/footdavant.fr\/actualites\/#\/schema\/person\/bc222566d95871b37e597b3ed3ba5e1d\",\"name\":\"Cl\u00e9ment\",\"image\":{\"@type\":\"ImageObject\",\"inLanguage\":\"fr-FR\",\"@id\":\"https:\/\/footdavant.fr\/actualites\/#\/schema\/person\/image\/\",\"url\":\"https:\/\/secure.gravatar.com\/avatar\/7728b29aac2719421e1a9159b2254c44?s=96&d=mm&r=g\",\"contentUrl\":\"https:\/\/secure.gravatar.com\/avatar\/7728b29aac2719421e1a9159b2254c44?s=96&d=mm&r=g\",\"caption\":\"Cl\u00e9ment\"},\"sameAs\":[\"https:\/\/footdavant.fr\/\"]}]}<\/script>\n<!-- \/ Yoast SEO plugin. -->","yoast_head_json":{"title":"Dembele ne se concentrant pas sur Ballon d&#39;Or talk alors que le PSG Star se pr\u00e9pare \u00e0 r\u00e9aliser le r\u00eave final de la Ligue des champions","robots":{"index":"index","follow":"follow","max-snippet":"max-snippet:-1","max-image-preview":"max-image-preview:large","max-video-preview":"max-video-preview:-1"},"canonical":"https:\/\/footdavant.fr\/actualites\/dembele-ne-se-concentrant-pas-sur-ballon-dor-talk-alors-que-le-psg-star-se-prepare-a-realiser-le-reve-final-de-la-ligue-des-champions\/","og_locale":"fr_FR","og_type":"article","og_title":"Dembele ne se concentrant pas sur Ballon d&#39;Or talk alors que le PSG Star se pr\u00e9pare \u00e0 r\u00e9aliser le r\u00eave final de la Ligue des champions","og_description":"Ousmane Dembele fait parler de lui en remportant le Ballon d&#39;Or \u00e0 l&#39;arri\u00e8re de son esprit alors qu&#39;il cherche \u00e0 aider le Paris Saint-Germain \u00e0","og_url":"https:\/\/footdavant.fr\/actualites\/dembele-ne-se-concentrant-pas-sur-ballon-dor-talk-alors-que-le-psg-star-se-prepare-a-realiser-le-reve-final-de-la-ligue-des-champions\/","og_site_name":"Foot d&#039;avant","article_publisher":"https:\/\/www.facebook.com\/Footdavant\/","article_published_time":"2025-05-31T07:48:13+00:00","article_modified_time":"2025-05-31T07:48:15+00:00","og_image":[{"width":1200,"height":675,"url":"https:\/\/footdavant.fr\/actualites\/wp-content\/uploads\/2025\/05\/Dembele-ne-se-concentrant-pas-sur-Ballon-d39Or-talk-alors.jpg","type":"image\/jpeg"}],"author":"Cl\u00e9ment","twitter_card":"summary_large_image","twitter_creator":"@FootdavantFr","twitter_site":"@FootdavantFr","twitter_misc":{"\u00c9crit par":"Cl\u00e9ment","Dur\u00e9e de lecture estim\u00e9e":"2 minutes"},"schema":{"@context":"https:\/\/schema.org","@graph":[{"@type":"Article","@id":"https:\/\/footdavant.fr\/actualites\/dembele-ne-se-concentrant-pas-sur-ballon-dor-talk-alors-que-le-psg-star-se-prepare-a-realiser-le-reve-final-de-la-ligue-des-champions\/#article","isPartOf":{"@id":"https:\/\/footdavant.fr\/actualites\/dembele-ne-se-concentrant-pas-sur-ballon-dor-talk-alors-que-le-psg-star-se-prepare-a-realiser-le-reve-final-de-la-ligue-des-champions\/"},"author":{"name":"Cl\u00e9ment","@id":"https:\/\/footdavant.fr\/actualites\/#\/schema\/person\/bc222566d95871b37e597b3ed3ba5e1d"},"headline":"Dembele ne se concentrant pas sur Ballon d&#39;Or talk alors que le PSG Star se pr\u00e9pare \u00e0 r\u00e9aliser le r\u00eave final de la Ligue des champions","datePublished":"2025-05-31T07:48:13+00:00","dateModified":"2025-05-31T07:48:15+00:00","mainEntityOfPage":{"@id":"https:\/\/footdavant.fr\/actualites\/dembele-ne-se-concentrant-pas-sur-ballon-dor-talk-alors-que-le-psg-star-se-prepare-a-realiser-le-reve-final-de-la-ligue-des-champions\/"},"wordCount":412,"publisher":{"@id":"https:\/\/footdavant.fr\/actualites\/#organization"},"keywords":["alors","Ballon","champions","concentrant","d39Or","Dembele","des","final","Ligue","pas","pr\u00e9pare","PSG","r\u00e9aliser","r\u00eave","Star","sur","Talk"],"articleSection":["Football"],"inLanguage":"fr-FR"},{"@type":"WebPage","@id":"https:\/\/footdavant.fr\/actualites\/dembele-ne-se-concentrant-pas-sur-ballon-dor-talk-alors-que-le-psg-star-se-prepare-a-realiser-le-reve-final-de-la-ligue-des-champions\/","url":"https:\/\/footdavant.fr\/actualites\/dembele-ne-se-concentrant-pas-sur-ballon-dor-talk-alors-que-le-psg-star-se-prepare-a-realiser-le-reve-final-de-la-ligue-des-champions\/","name":"Dembele ne se concentrant pas sur Ballon d&#39;Or talk alors que le PSG Star se pr\u00e9pare \u00e0 r\u00e9aliser le r\u00eave final de la Ligue des champions","isPartOf":{"@id":"https:\/\/footdavant.fr\/actualites\/#website"},"datePublished":"2025-05-31T07:48:13+00:00","dateModified":"2025-05-31T07:48:15+00:00","breadcrumb":{"@id":"https:\/\/footdavant.fr\/actualites\/dembele-ne-se-concentrant-pas-sur-ballon-dor-talk-alors-que-le-psg-star-se-prepare-a-realiser-le-reve-final-de-la-ligue-des-champions\/#breadcrumb"},"inLanguage":"fr-FR","potentialAction":[{"@type":"ReadAction","target":["https:\/\/footdavant.fr\/actualites\/dembele-ne-se-concentrant-pas-sur-ballon-dor-talk-alors-que-le-psg-star-se-prepare-a-realiser-le-reve-final-de-la-ligue-des-champions\/"]}]},{"@type":"BreadcrumbList","@id":"https:\/\/footdavant.fr\/actualites\/dembele-ne-se-concentrant-pas-sur-ballon-dor-talk-alors-que-le-psg-star-se-prepare-a-realiser-le-reve-final-de-la-ligue-des-champions\/#breadcrumb","itemListElement":[{"@type":"ListItem","position":1,"name":"Accueil","item":"https:\/\/footdavant.fr\/actualites\/"},{"@type":"ListItem","position":2,"name":"Dembele ne se concentrant pas sur Ballon d&#39;Or talk alors que le PSG Star se pr\u00e9pare \u00e0 r\u00e9aliser le r\u00eave final de la Ligue des champions"}]},{"@type":"WebSite","@id":"https:\/\/footdavant.fr\/actualites\/#website","url":"https:\/\/footdavant.fr\/actualites\/","name":"Foot d'avant","description":"","publisher":{"@id":"https:\/\/footdavant.fr\/actualites\/#organization"},"potentialAction":[{"@type":"SearchAction","target":{"@type":"EntryPoint","urlTemplate":"https:\/\/footdavant.fr\/actualites\/?s={search_term_string}"},"query-input":"required name=search_term_string"}],"inLanguage":"fr-FR"},{"@type":"Organization","@id":"https:\/\/footdavant.fr\/actualites\/#organization","name":"Foot d'avant","url":"https:\/\/footdavant.fr\/actualites\/","logo":{"@type":"ImageObject","inLanguage":"fr-FR","@id":"https:\/\/footdavant.fr\/actualites\/#\/schema\/logo\/image\/","url":"https:\/\/footdavant.fr\/actualites\/wp-content\/uploads\/2023\/09\/Copy-of-FootDavant-Logo.png","contentUrl":"https:\/\/footdavant.fr\/actualites\/wp-content\/uploads\/2023\/09\/Copy-of-FootDavant-Logo.png","width":936,"height":549,"caption":"Foot d'avant"},"image":{"@id":"https:\/\/footdavant.fr\/actualites\/#\/schema\/logo\/image\/"},"sameAs":["https:\/\/www.facebook.com\/Footdavant\/","https:\/\/twitter.com\/FootdavantFr","https:\/\/www.instagram.com\/footdavant.fr\/"]},{"@type":"Person","@id":"https:\/\/footdavant.fr\/actualites\/#\/schema\/person\/bc222566d95871b37e597b3ed3ba5e1d","name":"Cl\u00e9ment","image":{"@type":"ImageObject","inLanguage":"fr-FR","@id":"https:\/\/footdavant.fr\/actualites\/#\/schema\/person\/image\/","url":"https:\/\/secure.gravatar.com\/avatar\/7728b29aac2719421e1a9159b2254c44?s=96&d=mm&r=g","contentUrl":"https:\/\/secure.gravatar.com\/avatar\/7728b29aac2719421e1a9159b2254c44?s=96&d=mm&r=g","caption":"Cl\u00e9ment"},"sameAs":["https:\/\/footdavant.fr\/"]}]}},"_links":{"self":[{"href":"https:\/\/footdavant.fr\/actualites\/wp-json\/wp\/v2\/posts\/24529"}],"collection":[{"href":"https:\/\/footdavant.fr\/actualites\/wp-json\/wp\/v2\/posts"}],"about":[{"href":"https:\/\/footdavant.fr\/actualites\/wp-json\/wp\/v2\/types\/post"}],"author":[{"embeddable":true,"href":"https:\/\/footdavant.fr\/actualites\/wp-json\/wp\/v2\/users\/1"}],"replies":[{"embeddable":true,"href":"https:\/\/footdavant.fr\/actualites\/wp-json\/wp\/v2\/comments?post=24529"}],"version-history":[{"count":1,"href":"https:\/\/footdavant.fr\/actualites\/wp-json\/wp\/v2\/posts\/24529\/revisions"}],"predecessor-version":[{"id":24531,"href":"https:\/\/footdavant.fr\/actualites\/wp-json\/wp\/v2\/posts\/24529\/revisions\/24531"}],"wp:featuredmedia":[{"embeddable":true,"href":"https:\/\/footdavant.fr\/actualites\/wp-json\/wp\/v2\/media\/24530"}],"wp:attachment":[{"href":"https:\/\/footdavant.fr\/actualites\/wp-json\/wp\/v2\/media?parent=24529"}],"wp:term":[{"taxonomy":"category","embeddable":true,"href":"https:\/\/footdavant.fr\/actualites\/wp-json\/wp\/v2\/categories?post=24529"},{"taxonomy":"post_tag","embeddable":true,"href":"https:\/\/footdavant.fr\/actualites\/wp-json\/wp\/v2\/tags?post=24529"}],"curies":[{"name":"wp","href":"https:\/\/api.w.org\/{rel}","templated":true}]}}