{"id":24532,"date":"2025-05-31T10:48:36","date_gmt":"2025-05-31T08:48:36","guid":{"rendered":"https:\/\/footdavant.fr\/actualites\/sports-moles-de-tous-les-temps-ligue-des-champions-xi-avant-la-finale-de-samedi-contre-psg-et-inter-qui-fait-la-coupe\/"},"modified":"2025-05-31T10:48:38","modified_gmt":"2025-05-31T08:48:38","slug":"sports-moles-de-tous-les-temps-ligue-des-champions-xi-avant-la-finale-de-samedi-contre-psg-et-inter-qui-fait-la-coupe","status":"publish","type":"post","link":"https:\/\/footdavant.fr\/actualites\/sports-moles-de-tous-les-temps-ligue-des-champions-xi-avant-la-finale-de-samedi-contre-psg-et-inter-qui-fait-la-coupe\/","title":{"rendered":"Sports Mole&#39;s de tous les temps Ligue des champions XI: avant la finale de samedi contre PSG et Inter, qui fait la coupe?"},"content":{"rendered":"<p>Avant le d\u00e9but de la nouvelle saison de la Ligue des champions, Sports Mole compile un plus grand XI depuis que la comp\u00e9tition a \u00e9t\u00e9 r\u00e9organis\u00e9e en 1992.<\/p>\n<div id=\"article_body\" itemprop=\"articleBody\">\n<p class=\"firstPara\">L&#39;Inter Milan et le Paris Saint-Germain seront en t\u00eate-\u00e0-t\u00eate dans la 33e it\u00e9ration de la <strong class=\"autotag\">Ligue des champions<\/strong> La derni\u00e8re, depuis que le format a \u00e9t\u00e9 modifi\u00e9 en 1992, \u00e0 Munich samedi.<\/p>\n<p>Dans une saison o\u00f9 un tout autre format a \u00e9t\u00e9 introduit, la phase de groupes \u00e9tant abandonn\u00e9e en faveur d&#39;une nouvelle phase de ligue passionnante, dans le but de plus de clubs plus grands affront\u00e9s dans les premiers stades, nous pourrions avoir un premier vainqueur dans le PSG, ou un premier vainqueur italien depuis 15 ans, depuis l&#39;Inter en 2010.<\/p>\n<p>Les gagnants graveront \u00e9galement leurs noms dans l&#39;histoire aux c\u00f4t\u00e9s de certains des plus grands joueurs \u00e0 avoir jou\u00e9 au jeu, qui ont \u00e9galement \u00e9t\u00e9 vainqueurs de cette illustre comp\u00e9tition.<\/p>\n<p>Ici, <strong>Taupe de sport<\/strong> Compile le plus grand champion de la Ligue XI depuis que la comp\u00e9tition a \u00e9t\u00e9 r\u00e9organis\u00e9e en 1992.<\/p>\n<hr>\n<p class=\"imgI\">\n<p>L&#39;un des domaines les plus comp\u00e9titifs de cette \u00e9quipe \u00e9tait dans le but, mais <strong class=\"autotag\">Ch\u00e9lat<\/strong> La l\u00e9gende Petr Cech le bordait au motif qu&#39;il a pratiquement remport\u00e9 \u00e0 lui seul le Blues sa premi\u00e8re couronne de la Ligue des champions en 2012.<\/p>\n<p>Face au Bayern Munich dans leur propre arri\u00e8re-cour \u00e0 l&#39;Allianz Arena, Cech a sauv\u00e9 <strong class=\"autotag\">Arjen Robben<\/strong>la p\u00e9nalit\u00e9 du temps de blessure, avant de nier \u00e9galement <strong class=\"autotag\">Ivica olic<\/strong> et <strong class=\"autotag\">Bastian Schweinsteiger<\/strong> dans la fusillade, remettre <strong class=\"autotag\">Didier Drogba<\/strong> la chance de gagner la coupe dans laquelle il a d\u00fbment oblig\u00e9.<\/p>\n<p>Tandis que les go\u00fbts <strong class=\"autotag\">Manuel Neuer<\/strong> et <strong class=\"autotag\">Iker Casillas<\/strong> ont eu des carri\u00e8res exceptionnelles en Ligue des champions, le moment d\u00e9terminant de Cech a combin\u00e9 \u00e0 une autre finale en 2008, o\u00f9 il a sauv\u00e9 un <strong class=\"autotag\">Cristiano Ronaldo<\/strong> p\u00e9nalit\u00e9, l&#39;emporte sur l&#39;une de leurs performances individuelles, tandis que l&#39;embl\u00e9matique <strong class=\"autotag\">Gianluigi Buffon<\/strong>Le fait de ne pas gagner la comp\u00e9tition le voit \u00e9galement manquer.<\/p>\n<p><em>(Mentions honorables: Manuel Neuer, Iker Casillas, Gianluigi Buffon)<\/em><\/p>\n<hr>\n<p class=\"imgI\">\n<p>Tandis que la Ligue des champions a assist\u00e9 \u00e0 de nombreux dossiers de classe mondiale tels que <strong class=\"autotag\">Caf\u00e9<\/strong>, <strong class=\"autotag\">Dani Alves<\/strong> et <strong class=\"autotag\">Roberto Carlos<\/strong>un arri\u00e8re trois sera utilis\u00e9 pour ce xi, en commen\u00e7ant par l&#39;un des <strong class=\"autotag\">AC Milan<\/strong>Les hommes \u00e0 un club Franco Baresi.<\/p>\n<p>Baresi a d\u00e9j\u00e0 connu le succ\u00e8s avant que la Ligue des champions ne passe \u00e0 son nouveau nom, remportant la Coupe d&#39;Europe en 1989 et 1990, mais il a \u00e9galement \u00e9t\u00e9 un rouage crucial dans l&#39;\u00e9quipe de Milan qui a atteint trois finales cons\u00e9cutives \u00e0 ses d\u00e9buts.<\/p>\n<p>M\u00eame si une seule de ces finales s&#39;est termin\u00e9e par un succ\u00e8s, il n&#39;y a pas de contestation de la place de Barei de ce c\u00f4t\u00e9, car il est toujours \u00e0 juste titre consid\u00e9r\u00e9 comme l&#39;un des plus grands d\u00e9fenseurs de tous les temps.<\/p>\n<hr>\n<p class=\"imgI\">\n<p>Peu de joueurs incarnent le moderne <strong class=\"autotag\">Real Madrid<\/strong> Plus que leur ex-capitaine Sergio Ramos, qui a \u00e9t\u00e9 essentiel dans le succ\u00e8s sans pr\u00e9c\u00e9dent du club tout au long des ann\u00e9es 2010.<\/p>\n<p>Le d\u00e9fenseur espagnol a remport\u00e9 le troph\u00e9e quatre fois en cinq saisons entre 2013-2014 et 2017-2018, capitaine de Los Blancos \u00e0 la gloire \u00e0 trois reprises, tout en jouant un \u00e9norme r\u00f4le individuel dans bon nombre de ces succ\u00e8s.<\/p>\n<p>C&#39;est l&#39;\u00e9galiseur de la 93e minute de Ramos dans la finale de 2014 qui a forc\u00e9 le temps suppl\u00e9mentaire contre l&#39;Atletico Madrid, et il a \u00e9galement marqu\u00e9 en finale 2016 contre les m\u00eames adversaires, remportant le prix de l&#39;homme du match dans les deux matchs, devenant seulement le cinqui\u00e8me joueur \u00e0 marquer en deux finales distinctes et le premier non-attaque.<\/p>\n<hr>\n<p class=\"imgI\">\n<p>Le grand Paolo Maldini de Milan \u00e9tait de la fra\u00eecheur personnifi\u00e9e, car le leader polyvalent \u00e9tait un autre homme \u00e0 un club extr\u00eamement r\u00e9ussi comme le baresi susmentionn\u00e9.<\/p>\n<p>Maldini s&#39;est associ\u00e9 \u00e0 Baresi au succ\u00e8s de la Coupe d&#39;Europe en 1989 et 1990 et \u00e0 l&#39;UCL Glory en 1994, mais il remporterait d&#39;autres honneurs longtemps apr\u00e8s le changement de marque, jusque dans la fin de la trentaine, capitaine de Rosseneri \u00e0 la Couronne en 2003 et 2007.<\/p>\n<p>Malgr\u00e9 l&#39;effondrement d\u00e9sastreux de la finale de 2005 contre Liverpool, Maldini est \u00e9galement devenu le plus ancien buteur final \u00e0 l&#39;\u00e2ge de 36 ans, lorsqu&#39;il a marqu\u00e9 le but final le plus rapide \u00e0 la premi\u00e8re minute d&#39;Istanbul.<\/p>\n<p><em>(Mentions honorables: Carles Puyol, Alessandro Nesta)<\/em><\/p>\n<hr>\n<p class=\"imgI\">\n<p>Compte tenu du quasi-monopole du Real Madrid sur la Ligue des champions au cours des 10 derni\u00e8res ann\u00e9es, il n&#39;est pas surprenant que tant de cette \u00e9quipe figure ici, et Gareth Bale a \u00e9t\u00e9 l&#39;un des joueurs amen\u00e9 juste au moment o\u00f9 Los Blancos a commenc\u00e9 leur domination.<\/p>\n<p>Apr\u00e8s avoir fait de l&#39;avance r\u00e9el dans le temps suppl\u00e9mentaire de la finale de 2014, Bale convertirait \u00e9galement sa p\u00e9nalit\u00e9 lors de la fusillade sur le chemin de la r\u00e9clamation du troph\u00e9e en 2016, avant de la gagner dans sa ville natale de Cardiff 12 mois plus tard.<\/p>\n<p>La soir\u00e9e d\u00e9terminante de Bale est venue \u00e0 Kiev en 2018, cependant, en tant que performance de l&#39;homme du match, le gallois a sans doute le plus grand but de l&#39;histoire de la comp\u00e9tition avec un coup de t\u00eate audacieux pour battre Liverpool <strong class=\"autotag\">Loris Karius<\/strong>avant d&#39;ajouter un autre tard pour s&#39;assurer de la victoire.<\/p>\n<p><em>(Mentions honorables: Zamir Boban, Luis Figo)<\/em><\/p>\n<hr>\n<p class=\"imgI\">\n<p>Comme ils l&#39;avaient fait depuis pr\u00e8s d&#39;une d\u00e9cennie au milieu de terrain du Real Madrid, Luka Modric et Toni Kroos se pr\u00e9sentent ensemble dans cette \u00e9quipe comme le plus grand partenariat que la comp\u00e9tition ait jamais vu.<\/p>\n<p>On ne peut pas parler d&#39;un joueur sans mentionner l&#39;autre, et m\u00eame si xavi, <strong class=\"autotag\">Sergio Busquets<\/strong> et <strong class=\"autotag\">Andres Iniesta<\/strong> faisaient partie de la plus belle \u00e9quipe de club de tous les temps, la long\u00e9vit\u00e9 de cette paire leur donne l&#39;avantage.<\/p>\n<p>Kroos a remport\u00e9 la Ligue des champions avec le Bayern en 2013, et n&#39;\u00e9tait pas r\u00e9el pour son succ\u00e8s en 2014, mais une fois que l&#39;allemand est arriv\u00e9 au Bernabeu, lui et Modric ont commenc\u00e9 \u00e0 terminer le football dans une d\u00e9cennie vertigineuse de succ\u00e8s sans pr\u00e9c\u00e9dent.<\/p>\n<p>Le triomphe 2018 a contribu\u00e9 \u00e0 la victoire \u00e0 Modric du Ballon d&#39;Or, et m\u00eame avec un \u00e2ge combin\u00e9 de 72 ans, la paire de milieu de terrain a ajout\u00e9 un sixi\u00e8me titre de Ligue des champions chacun \u00e0 leurs collections respectives lors de la bataille du Borussia Dortmund en juin 2024.<\/p>\n<p><em>(Mentions honorables: Xavi, Sergio Busquets, Andrea Pirlo, Paul Scholes, Steven Gerrard, Zinedine Zidane, Kaka)<\/em><\/p>\n<hr>\n<p><strong><\/p>\n<h2>LM: Andres Iniesta<\/h2>\n<p><\/strong><\/p>\n<p class=\"imgI\">\n<p>Au moins un des milieux de terrain de cette \u00e9preuve \u00e0 couper le souffle <strong class=\"autotag\">Barcelone<\/strong> associe <strong class=\"autotag\">Pep guodiola<\/strong> J&#39;ai d\u00fb faire la note ici, et Andres Iniesta obtient juste le signe de t\u00eate, gr\u00e2ce principalement \u00e0 sa performance ph\u00e9nom\u00e9nale l&#39;homme du match lors de la finale de 2015.<\/p>\n<p>Le footballeur espagnol le plus d\u00e9cor\u00e9 de tous les temps a vraiment pris de l&#39;importance apr\u00e8s avoir pris la mi-temps en finale de 2006 lorsque Barcelone est venue de derri\u00e8re pour battre Arsenal, mais ce sont ses performances sous Guardiola qui persistent en m\u00e9moire.<\/p>\n<p>Le Barca a fascin\u00e9 le public avec son football Tiki-Taka qui a conduit \u00e0 la gloire de la Ligue des champions en 2009 et 2011, battant Manchester United \u00e0 deux reprises, avec ce dernier succ\u00e8s souvent appel\u00e9 la meilleure performance d&#39;\u00e9quipe jamais vue depuis un club, et Xavi a approch\u00e9 la fin de son temps \u00e0 la finale du club.<\/p>\n<p><em>(Mentions honorables: Clarence Seedorf, Ryan Giggs, Roberto Carlos)<\/em><\/p>\n<hr>\n<p class=\"imgI\">\n<p>Le d\u00e9bat se poursuivra pour toujours entre Lionel Messi et Cristiano Ronaldo, mais tous deux ont \u00e0 juste titre leur place dans ce Xi, et la l\u00e9gende de Barcelone \u00e9tait la star du spectacle dans cette c\u00e9l\u00e8bre \u00e9quipe Guardiola.<\/p>\n<p>Vainqueur quadruple et six fois meilleur buteur, Messi a marqu\u00e9 129 buts en 163 matchs de la Ligue des champions, dont l&#39;un est consid\u00e9r\u00e9 comme le meilleur but solo de tous les temps, pour le Real Madrid au Bernabeu en la demi-finale de 2011, lorsque le petit magicien a dribbl\u00e9 la moiti\u00e9 de la longueur du terrain, battant toute la d\u00e9fense oppos\u00e9e avant de rouler les casillas de balle.<\/p>\n<p>Messi \u00e9tait \u00e9galement l&#39;homme pour la grande occasion lors de l&#39;\u00e9v\u00e9nement ma\u00eetresse, marquant contre Man United lors des finales de 2009 et 2011, avant de lier avec <strong class=\"autotag\">Luis Suarez<\/strong> et <strong class=\"autotag\">Neymar<\/strong> Pour remporter \u00e0 nouveau le titre en 2015, dans le cadre de l&#39;un des trios d&#39;attaque les plus \u00e9loign\u00e9s de tous les temps.<\/p>\n<hr>\n<p><strong><\/p>\n<h2>FW: Cristiano Ronaldo<\/h2>\n<p><\/strong><\/p>\n<p class=\"imgI\">\n<p>Le grand rival de Messi sur le terrain Cristiano Ronaldo prend \u00e9galement sa place dans l&#39;\u00e9quipe, en tant que plus grand buteur de la Ligue des champions, et sans doute le football lui-m\u00eame, avec 140 buts en 183 matchs en comp\u00e9tition.<\/p>\n<p>Le ratio semble encore plus remarquable lorsqu&#39;il est r\u00e9tr\u00e9ci \u00e0 son s\u00e9jour au Real Madrid, alors que Ronaldo a r\u00e9ussi 105 buts en 101 apparitions, se terminant en tant que meilleur buteur de la comp\u00e9tition \u00e0 sept occasions distinctes, notamment en battant le record de la plupart des buts en une saison &#8211; 17 en 2013-14.<\/p>\n<p>Le quintuple vainqueur a dirig\u00e9 les succ\u00e8s de la Ligue des champions de Real, marquant en finale 2013 et 2017, tout en convertissant la p\u00e9nalit\u00e9 gagnante lors du succ\u00e8s de la fusillade 2016 sur l&#39;Atletico, mais la l\u00e9gende portugaise a remport\u00e9 sa premi\u00e8re voie en 2008, lorsqu&#39;il a \u00e9galement marqu\u00e9 en finale pour Manchester United, avant que les Red Devils ne remportent les p\u00e9nalit\u00e9s \u00e0 Moscow.<\/p>\n<hr>\n<p class=\"imgI\">\n<p>Sans Karim Benzema, il n&#39;y a aucune chance que Ronaldo aurait accumul\u00e9 le nombre de buts qu&#39;il a fait en Ligue des champions pour le Real Madrid, c&#39;est ainsi que le Fran\u00e7ais \u00e9tait altruiste lorsque les deux ont li\u00e9 pendant de nombreuses ann\u00e9es dans la capitale espagnole.<\/p>\n<p>Benzema a 29 passes d\u00e9cisives en Ligue des champions, dont beaucoup pour Ronaldo, et ce jeu de combinaison a eu un impact \u00e9norme dans l&#39;attaquant remportant ses quatre premiers honneurs de la Ligue des champions, ce dernier l&#39;a vu ouvrir le score avec l&#39;un des buts finaux les plus farfelus jamais assist\u00e9s contre Liverpool en 2018.<\/p>\n<p>M\u00eame en jouant souvent au deuxi\u00e8me-fiddle, Benzema est toujours le quatri\u00e8me meilleur buteur de l&#39;histoire de la comp\u00e9tition avec 90, alors que la saison 2021-22 l&#39;a vu passer d&#39;un faux neuf \u00e0 un attaquant central pour tirer r\u00e9el \u00e0 Glory sans Ronaldo, marquant 15 buts \u00e0 travers la campagne &#8211; menant \u00e0 un ballon d&#39;Or.<\/p>\n<p><em>(Mentions honorables: Robert Lewandowski, Raul, Thierry Henry, Luis Suarez, Neymar, Alessandro del Piero, Erling Haaland)<\/em><\/p>\n<hr>\n<p><strong><\/p>\n<h2>Greatest Champions League XI<\/h2>\n<p><\/strong><\/p>\n<p class=\"imgI\">\n<div class=\"author_box\">\n<div class=\"author_box_banner\">\n<\/div>\n<\/div>\n<\/div>\n","protected":false},"excerpt":{"rendered":"<p>Avant le d\u00e9but de la nouvelle saison de la Ligue des champions, Sports Mole compile un plus grand XI depuis que la comp\u00e9tition a \u00e9t\u00e9<\/p>\n","protected":false},"author":1,"featured_media":24533,"comment_status":"closed","ping_status":"","sticky":false,"template":"","format":"standard","meta":{"footnotes":""},"categories":[4],"tags":[491,31,20,1946,12,152,897,535,93,30,7766,1656,243,2135,1637,168,1338],"yoast_head":"<!-- This site is optimized with the Yoast SEO plugin v21.0 - https:\/\/yoast.com\/wordpress\/plugins\/seo\/ -->\n<title>Sports Mole&#039;s de tous les temps Ligue des champions XI: avant la finale de samedi contre PSG et Inter, qui fait la coupe?<\/title>\n<meta name=\"robots\" content=\"index, follow, max-snippet:-1, max-image-preview:large, max-video-preview:-1\" \/>\n<link rel=\"canonical\" href=\"https:\/\/footdavant.fr\/actualites\/sports-moles-de-tous-les-temps-ligue-des-champions-xi-avant-la-finale-de-samedi-contre-psg-et-inter-qui-fait-la-coupe\/\" \/>\n<meta property=\"og:locale\" content=\"fr_FR\" \/>\n<meta property=\"og:type\" content=\"article\" \/>\n<meta property=\"og:title\" content=\"Sports Mole&#039;s de tous les temps Ligue des champions XI: avant la finale de samedi contre PSG et Inter, qui fait la coupe?\" \/>\n<meta property=\"og:description\" content=\"Avant le d\u00e9but de la nouvelle saison de la Ligue des champions, Sports Mole compile un plus grand XI depuis que la comp\u00e9tition a \u00e9t\u00e9\" \/>\n<meta property=\"og:url\" content=\"https:\/\/footdavant.fr\/actualites\/sports-moles-de-tous-les-temps-ligue-des-champions-xi-avant-la-finale-de-samedi-contre-psg-et-inter-qui-fait-la-coupe\/\" \/>\n<meta property=\"og:site_name\" content=\"Foot d&#039;avant\" \/>\n<meta property=\"article:publisher\" content=\"https:\/\/www.facebook.com\/Footdavant\/\" \/>\n<meta property=\"article:published_time\" content=\"2025-05-31T08:48:36+00:00\" \/>\n<meta property=\"article:modified_time\" content=\"2025-05-31T08:48:38+00:00\" \/>\n<meta property=\"og:image\" content=\"https:\/\/footdavant.fr\/actualites\/wp-content\/uploads\/2025\/05\/Sports-Mole39s-de-tous-les-temps-Ligue-des-champions-XI.jpg\" \/>\n\t<meta property=\"og:image:width\" content=\"1279\" \/>\n\t<meta property=\"og:image:height\" content=\"960\" \/>\n\t<meta property=\"og:image:type\" content=\"image\/jpeg\" \/>\n<meta name=\"author\" content=\"Cl\u00e9ment\" \/>\n<meta name=\"twitter:card\" content=\"summary_large_image\" \/>\n<meta name=\"twitter:creator\" content=\"@FootdavantFr\" \/>\n<meta name=\"twitter:site\" content=\"@FootdavantFr\" \/>\n<meta name=\"twitter:label1\" content=\"\u00c9crit par\" \/>\n\t<meta name=\"twitter:data1\" content=\"Cl\u00e9ment\" \/>\n\t<meta name=\"twitter:label2\" content=\"Dur\u00e9e de lecture estim\u00e9e\" \/>\n\t<meta name=\"twitter:data2\" content=\"9 minutes\" \/>\n<script type=\"application\/ld+json\" class=\"yoast-schema-graph\">{\"@context\":\"https:\/\/schema.org\",\"@graph\":[{\"@type\":\"Article\",\"@id\":\"https:\/\/footdavant.fr\/actualites\/sports-moles-de-tous-les-temps-ligue-des-champions-xi-avant-la-finale-de-samedi-contre-psg-et-inter-qui-fait-la-coupe\/#article\",\"isPartOf\":{\"@id\":\"https:\/\/footdavant.fr\/actualites\/sports-moles-de-tous-les-temps-ligue-des-champions-xi-avant-la-finale-de-samedi-contre-psg-et-inter-qui-fait-la-coupe\/\"},\"author\":{\"name\":\"Cl\u00e9ment\",\"@id\":\"https:\/\/footdavant.fr\/actualites\/#\/schema\/person\/bc222566d95871b37e597b3ed3ba5e1d\"},\"headline\":\"Sports Mole&#39;s de tous les temps Ligue des champions XI: avant la finale de samedi contre PSG et Inter, qui fait la coupe?\",\"datePublished\":\"2025-05-31T08:48:36+00:00\",\"dateModified\":\"2025-05-31T08:48:38+00:00\",\"mainEntityOfPage\":{\"@id\":\"https:\/\/footdavant.fr\/actualites\/sports-moles-de-tous-les-temps-ligue-des-champions-xi-avant-la-finale-de-samedi-contre-psg-et-inter-qui-fait-la-coupe\/\"},\"wordCount\":1860,\"publisher\":{\"@id\":\"https:\/\/footdavant.fr\/actualites\/#organization\"},\"keywords\":[\"avant\",\"champions\",\"contre\",\"Coupe\",\"des\",\"fait\",\"finale\",\"Inter\",\"les\",\"Ligue\",\"Mole39s\",\"PSG\",\"qui\",\"samedi\",\"Sports\",\"temps\",\"Tous\"],\"articleSection\":[\"Champions League\"],\"inLanguage\":\"fr-FR\"},{\"@type\":\"WebPage\",\"@id\":\"https:\/\/footdavant.fr\/actualites\/sports-moles-de-tous-les-temps-ligue-des-champions-xi-avant-la-finale-de-samedi-contre-psg-et-inter-qui-fait-la-coupe\/\",\"url\":\"https:\/\/footdavant.fr\/actualites\/sports-moles-de-tous-les-temps-ligue-des-champions-xi-avant-la-finale-de-samedi-contre-psg-et-inter-qui-fait-la-coupe\/\",\"name\":\"Sports Mole&#39;s de tous les temps Ligue des champions XI: avant la finale de samedi contre PSG et Inter, qui fait la coupe?\",\"isPartOf\":{\"@id\":\"https:\/\/footdavant.fr\/actualites\/#website\"},\"datePublished\":\"2025-05-31T08:48:36+00:00\",\"dateModified\":\"2025-05-31T08:48:38+00:00\",\"breadcrumb\":{\"@id\":\"https:\/\/footdavant.fr\/actualites\/sports-moles-de-tous-les-temps-ligue-des-champions-xi-avant-la-finale-de-samedi-contre-psg-et-inter-qui-fait-la-coupe\/#breadcrumb\"},\"inLanguage\":\"fr-FR\",\"potentialAction\":[{\"@type\":\"ReadAction\",\"target\":[\"https:\/\/footdavant.fr\/actualites\/sports-moles-de-tous-les-temps-ligue-des-champions-xi-avant-la-finale-de-samedi-contre-psg-et-inter-qui-fait-la-coupe\/\"]}]},{\"@type\":\"BreadcrumbList\",\"@id\":\"https:\/\/footdavant.fr\/actualites\/sports-moles-de-tous-les-temps-ligue-des-champions-xi-avant-la-finale-de-samedi-contre-psg-et-inter-qui-fait-la-coupe\/#breadcrumb\",\"itemListElement\":[{\"@type\":\"ListItem\",\"position\":1,\"name\":\"Accueil\",\"item\":\"https:\/\/footdavant.fr\/actualites\/\"},{\"@type\":\"ListItem\",\"position\":2,\"name\":\"Sports Mole&#39;s de tous les temps Ligue des champions XI: avant la finale de samedi contre PSG et Inter, qui fait la coupe?\"}]},{\"@type\":\"WebSite\",\"@id\":\"https:\/\/footdavant.fr\/actualites\/#website\",\"url\":\"https:\/\/footdavant.fr\/actualites\/\",\"name\":\"Foot d'avant\",\"description\":\"\",\"publisher\":{\"@id\":\"https:\/\/footdavant.fr\/actualites\/#organization\"},\"potentialAction\":[{\"@type\":\"SearchAction\",\"target\":{\"@type\":\"EntryPoint\",\"urlTemplate\":\"https:\/\/footdavant.fr\/actualites\/?s={search_term_string}\"},\"query-input\":\"required name=search_term_string\"}],\"inLanguage\":\"fr-FR\"},{\"@type\":\"Organization\",\"@id\":\"https:\/\/footdavant.fr\/actualites\/#organization\",\"name\":\"Foot d'avant\",\"url\":\"https:\/\/footdavant.fr\/actualites\/\",\"logo\":{\"@type\":\"ImageObject\",\"inLanguage\":\"fr-FR\",\"@id\":\"https:\/\/footdavant.fr\/actualites\/#\/schema\/logo\/image\/\",\"url\":\"https:\/\/footdavant.fr\/actualites\/wp-content\/uploads\/2023\/09\/Copy-of-FootDavant-Logo.png\",\"contentUrl\":\"https:\/\/footdavant.fr\/actualites\/wp-content\/uploads\/2023\/09\/Copy-of-FootDavant-Logo.png\",\"width\":936,\"height\":549,\"caption\":\"Foot d'avant\"},\"image\":{\"@id\":\"https:\/\/footdavant.fr\/actualites\/#\/schema\/logo\/image\/\"},\"sameAs\":[\"https:\/\/www.facebook.com\/Footdavant\/\",\"https:\/\/twitter.com\/FootdavantFr\",\"https:\/\/www.instagram.com\/footdavant.fr\/\"]},{\"@type\":\"Person\",\"@id\":\"https:\/\/footdavant.fr\/actualites\/#\/schema\/person\/bc222566d95871b37e597b3ed3ba5e1d\",\"name\":\"Cl\u00e9ment\",\"image\":{\"@type\":\"ImageObject\",\"inLanguage\":\"fr-FR\",\"@id\":\"https:\/\/footdavant.fr\/actualites\/#\/schema\/person\/image\/\",\"url\":\"https:\/\/secure.gravatar.com\/avatar\/7728b29aac2719421e1a9159b2254c44?s=96&d=mm&r=g\",\"contentUrl\":\"https:\/\/secure.gravatar.com\/avatar\/7728b29aac2719421e1a9159b2254c44?s=96&d=mm&r=g\",\"caption\":\"Cl\u00e9ment\"},\"sameAs\":[\"https:\/\/footdavant.fr\/\"]}]}<\/script>\n<!-- \/ Yoast SEO plugin. -->","yoast_head_json":{"title":"Sports Mole&#39;s de tous les temps Ligue des champions XI: avant la finale de samedi contre PSG et Inter, qui fait la coupe?","robots":{"index":"index","follow":"follow","max-snippet":"max-snippet:-1","max-image-preview":"max-image-preview:large","max-video-preview":"max-video-preview:-1"},"canonical":"https:\/\/footdavant.fr\/actualites\/sports-moles-de-tous-les-temps-ligue-des-champions-xi-avant-la-finale-de-samedi-contre-psg-et-inter-qui-fait-la-coupe\/","og_locale":"fr_FR","og_type":"article","og_title":"Sports Mole&#39;s de tous les temps Ligue des champions XI: avant la finale de samedi contre PSG et Inter, qui fait la coupe?","og_description":"Avant le d\u00e9but de la nouvelle saison de la Ligue des champions, Sports Mole compile un plus grand XI depuis que la comp\u00e9tition a \u00e9t\u00e9","og_url":"https:\/\/footdavant.fr\/actualites\/sports-moles-de-tous-les-temps-ligue-des-champions-xi-avant-la-finale-de-samedi-contre-psg-et-inter-qui-fait-la-coupe\/","og_site_name":"Foot d&#039;avant","article_publisher":"https:\/\/www.facebook.com\/Footdavant\/","article_published_time":"2025-05-31T08:48:36+00:00","article_modified_time":"2025-05-31T08:48:38+00:00","og_image":[{"width":1279,"height":960,"url":"https:\/\/footdavant.fr\/actualites\/wp-content\/uploads\/2025\/05\/Sports-Mole39s-de-tous-les-temps-Ligue-des-champions-XI.jpg","type":"image\/jpeg"}],"author":"Cl\u00e9ment","twitter_card":"summary_large_image","twitter_creator":"@FootdavantFr","twitter_site":"@FootdavantFr","twitter_misc":{"\u00c9crit par":"Cl\u00e9ment","Dur\u00e9e de lecture estim\u00e9e":"9 minutes"},"schema":{"@context":"https:\/\/schema.org","@graph":[{"@type":"Article","@id":"https:\/\/footdavant.fr\/actualites\/sports-moles-de-tous-les-temps-ligue-des-champions-xi-avant-la-finale-de-samedi-contre-psg-et-inter-qui-fait-la-coupe\/#article","isPartOf":{"@id":"https:\/\/footdavant.fr\/actualites\/sports-moles-de-tous-les-temps-ligue-des-champions-xi-avant-la-finale-de-samedi-contre-psg-et-inter-qui-fait-la-coupe\/"},"author":{"name":"Cl\u00e9ment","@id":"https:\/\/footdavant.fr\/actualites\/#\/schema\/person\/bc222566d95871b37e597b3ed3ba5e1d"},"headline":"Sports Mole&#39;s de tous les temps Ligue des champions XI: avant la finale de samedi contre PSG et Inter, qui fait la coupe?","datePublished":"2025-05-31T08:48:36+00:00","dateModified":"2025-05-31T08:48:38+00:00","mainEntityOfPage":{"@id":"https:\/\/footdavant.fr\/actualites\/sports-moles-de-tous-les-temps-ligue-des-champions-xi-avant-la-finale-de-samedi-contre-psg-et-inter-qui-fait-la-coupe\/"},"wordCount":1860,"publisher":{"@id":"https:\/\/footdavant.fr\/actualites\/#organization"},"keywords":["avant","champions","contre","Coupe","des","fait","finale","Inter","les","Ligue","Mole39s","PSG","qui","samedi","Sports","temps","Tous"],"articleSection":["Champions League"],"inLanguage":"fr-FR"},{"@type":"WebPage","@id":"https:\/\/footdavant.fr\/actualites\/sports-moles-de-tous-les-temps-ligue-des-champions-xi-avant-la-finale-de-samedi-contre-psg-et-inter-qui-fait-la-coupe\/","url":"https:\/\/footdavant.fr\/actualites\/sports-moles-de-tous-les-temps-ligue-des-champions-xi-avant-la-finale-de-samedi-contre-psg-et-inter-qui-fait-la-coupe\/","name":"Sports Mole&#39;s de tous les temps Ligue des champions XI: avant la finale de samedi contre PSG et Inter, qui fait la coupe?","isPartOf":{"@id":"https:\/\/footdavant.fr\/actualites\/#website"},"datePublished":"2025-05-31T08:48:36+00:00","dateModified":"2025-05-31T08:48:38+00:00","breadcrumb":{"@id":"https:\/\/footdavant.fr\/actualites\/sports-moles-de-tous-les-temps-ligue-des-champions-xi-avant-la-finale-de-samedi-contre-psg-et-inter-qui-fait-la-coupe\/#breadcrumb"},"inLanguage":"fr-FR","potentialAction":[{"@type":"ReadAction","target":["https:\/\/footdavant.fr\/actualites\/sports-moles-de-tous-les-temps-ligue-des-champions-xi-avant-la-finale-de-samedi-contre-psg-et-inter-qui-fait-la-coupe\/"]}]},{"@type":"BreadcrumbList","@id":"https:\/\/footdavant.fr\/actualites\/sports-moles-de-tous-les-temps-ligue-des-champions-xi-avant-la-finale-de-samedi-contre-psg-et-inter-qui-fait-la-coupe\/#breadcrumb","itemListElement":[{"@type":"ListItem","position":1,"name":"Accueil","item":"https:\/\/footdavant.fr\/actualites\/"},{"@type":"ListItem","position":2,"name":"Sports Mole&#39;s de tous les temps Ligue des champions XI: avant la finale de samedi contre PSG et Inter, qui fait la coupe?"}]},{"@type":"WebSite","@id":"https:\/\/footdavant.fr\/actualites\/#website","url":"https:\/\/footdavant.fr\/actualites\/","name":"Foot d'avant","description":"","publisher":{"@id":"https:\/\/footdavant.fr\/actualites\/#organization"},"potentialAction":[{"@type":"SearchAction","target":{"@type":"EntryPoint","urlTemplate":"https:\/\/footdavant.fr\/actualites\/?s={search_term_string}"},"query-input":"required name=search_term_string"}],"inLanguage":"fr-FR"},{"@type":"Organization","@id":"https:\/\/footdavant.fr\/actualites\/#organization","name":"Foot d'avant","url":"https:\/\/footdavant.fr\/actualites\/","logo":{"@type":"ImageObject","inLanguage":"fr-FR","@id":"https:\/\/footdavant.fr\/actualites\/#\/schema\/logo\/image\/","url":"https:\/\/footdavant.fr\/actualites\/wp-content\/uploads\/2023\/09\/Copy-of-FootDavant-Logo.png","contentUrl":"https:\/\/footdavant.fr\/actualites\/wp-content\/uploads\/2023\/09\/Copy-of-FootDavant-Logo.png","width":936,"height":549,"caption":"Foot d'avant"},"image":{"@id":"https:\/\/footdavant.fr\/actualites\/#\/schema\/logo\/image\/"},"sameAs":["https:\/\/www.facebook.com\/Footdavant\/","https:\/\/twitter.com\/FootdavantFr","https:\/\/www.instagram.com\/footdavant.fr\/"]},{"@type":"Person","@id":"https:\/\/footdavant.fr\/actualites\/#\/schema\/person\/bc222566d95871b37e597b3ed3ba5e1d","name":"Cl\u00e9ment","image":{"@type":"ImageObject","inLanguage":"fr-FR","@id":"https:\/\/footdavant.fr\/actualites\/#\/schema\/person\/image\/","url":"https:\/\/secure.gravatar.com\/avatar\/7728b29aac2719421e1a9159b2254c44?s=96&d=mm&r=g","contentUrl":"https:\/\/secure.gravatar.com\/avatar\/7728b29aac2719421e1a9159b2254c44?s=96&d=mm&r=g","caption":"Cl\u00e9ment"},"sameAs":["https:\/\/footdavant.fr\/"]}]}},"_links":{"self":[{"href":"https:\/\/footdavant.fr\/actualites\/wp-json\/wp\/v2\/posts\/24532"}],"collection":[{"href":"https:\/\/footdavant.fr\/actualites\/wp-json\/wp\/v2\/posts"}],"about":[{"href":"https:\/\/footdavant.fr\/actualites\/wp-json\/wp\/v2\/types\/post"}],"author":[{"embeddable":true,"href":"https:\/\/footdavant.fr\/actualites\/wp-json\/wp\/v2\/users\/1"}],"replies":[{"embeddable":true,"href":"https:\/\/footdavant.fr\/actualites\/wp-json\/wp\/v2\/comments?post=24532"}],"version-history":[{"count":1,"href":"https:\/\/footdavant.fr\/actualites\/wp-json\/wp\/v2\/posts\/24532\/revisions"}],"predecessor-version":[{"id":24534,"href":"https:\/\/footdavant.fr\/actualites\/wp-json\/wp\/v2\/posts\/24532\/revisions\/24534"}],"wp:featuredmedia":[{"embeddable":true,"href":"https:\/\/footdavant.fr\/actualites\/wp-json\/wp\/v2\/media\/24533"}],"wp:attachment":[{"href":"https:\/\/footdavant.fr\/actualites\/wp-json\/wp\/v2\/media?parent=24532"}],"wp:term":[{"taxonomy":"category","embeddable":true,"href":"https:\/\/footdavant.fr\/actualites\/wp-json\/wp\/v2\/categories?post=24532"},{"taxonomy":"post_tag","embeddable":true,"href":"https:\/\/footdavant.fr\/actualites\/wp-json\/wp\/v2\/tags?post=24532"}],"curies":[{"name":"wp","href":"https:\/\/api.w.org\/{rel}","templated":true}]}}