{"id":24535,"date":"2025-05-31T11:48:39","date_gmt":"2025-05-31T09:48:39","guid":{"rendered":"https:\/\/footdavant.fr\/actualites\/man-city-transfer-news-les-discussions-initiales-commencent-pour-bargain-signer-comme-lequipe-de-pep-guardiola-volent-une-marche-sur-man-united\/"},"modified":"2025-05-31T11:48:40","modified_gmt":"2025-05-31T09:48:40","slug":"man-city-transfer-news-les-discussions-initiales-commencent-pour-bargain-signer-comme-lequipe-de-pep-guardiola-volent-une-marche-sur-man-united","status":"publish","type":"post","link":"https:\/\/footdavant.fr\/actualites\/man-city-transfer-news-les-discussions-initiales-commencent-pour-bargain-signer-comme-lequipe-de-pep-guardiola-volent-une-marche-sur-man-united\/","title":{"rendered":"Man City Transfer News: \u00ab\u00a0 Les discussions initiales &#39;commencent pour&#39; Bargain &#39;signer comme l&#39;\u00e9quipe de Pep Guardiola volent une marche sur Man United"},"content":{"rendered":"<p>Manchester City aurait intensifi\u00e9 leur int\u00e9r\u00eat pour l&#39;attaquant de Lyon, Rayan Cherki, avant la fen\u00eatre de transfert d&#39;\u00e9t\u00e9.<\/p>\n<div id=\"article_body\" itemprop=\"articleBody\">\n<h3 class=\"firstPara\">\n<strong class=\"autotag\">MANCHESTER CITY<\/strong> auraient suscit\u00e9 leur int\u00e9r\u00eat pour <strong class=\"autotag\">Lyon<\/strong> attaquant <strong class=\"autotag\">Rayan Cherki<\/strong> Avant la fen\u00eatre de transfert d&#39;\u00e9t\u00e9.<\/h3>\n<p>Avec un nouveau directeur sportif <strong class=\"autotag\">Hugo Viana<\/strong> travaillant maintenant aux c\u00f4t\u00e9s du chef sortant <strong class=\"autotag\">Txiki Begiristain<\/strong> Au cours d&#39;une p\u00e9riode de transition, la hi\u00e9rarchie des citoyens se concentre sur une reconstruction de l&#39;\u00e9quipe tr\u00e8s attendue qui pourrait inclure plusieurs cr\u00e9ations et d\u00e9penses.<\/p>\n<p>Les citoyens sont cens\u00e9s donner la priorit\u00e9 \u00e0 l&#39;ajout de <strong>Au moins quatre nouveaux joueurs<\/strong> avant la saison prochaine, avec des renforts de milieu de terrain attendus comme <strong class=\"autotag\">Kevin de Bruyne<\/strong> laisse \u00e0 l&#39;expiration de son contrat en \u00e9t\u00e9.<\/p>\n<p>Bayer Leverkusen <strong class=\"autotag\">Florian Wirtz<\/strong> avait \u00e9t\u00e9 identifi\u00e9 comme un \u00e9ventuel remplacement de De Bruyne et \u00e9tait fortement li\u00e9 \u00e0 un d\u00e9m\u00e9nagement au stade Etihad, mais il semble que les champions de la Premier League <strong class=\"autotag\">Liverpool<\/strong> sont maintenant <strong>mener la course<\/strong> pour sa signature.<\/p>\n<p>Man City a par la suite tourn\u00e9 leur attention vers d&#39;autres cibles et une alternative moins ch\u00e8re pourrait \u00eatre Cherki, 21 ans, qui <strong>serait une \u00abpossibilit\u00e9 en direct\u00bb<\/strong> pour <strong class=\"autotag\">Pep guodiola<\/strong>Le c\u00f4t\u00e9 des premiers stades de l&#39;\u00e9t\u00e9.<\/p>\n<p class=\"imgI\">\n<h2 class=\"k3\">Man City Open Talks pour signer Cherki<\/h2>\n<p>Selon le journaliste <strong class=\"autotag\">Fabrizio Romano<\/strong>Man City a pris contact pour commencer les premi\u00e8res discussions sur un accord pour signer Cherki, qui est consid\u00e9r\u00e9 comme l&#39;un de leurs principaux objectifs pour la position n \u00b0 10.<\/p>\n<p>Romano ajoute que Cherki est en fait \u00aben haut de la liste\u00bb avec Nottingham Forest <strong class=\"autotag\">Morgan Gibbs-blanc<\/strong>maintenant qu&#39;un swoop d&#39;\u00e9t\u00e9 \u00e0 gros argent pour Wirtz est \u00aboff\u00bb.<\/p>\n<p>Le Fran\u00e7ais serait conscient de l&#39;int\u00e9r\u00eat de Man City et il devrait quitter Lyon, o\u00f9 il ne lui reste plus qu&#39;un an sur son contrat qui inclut une clause de lib\u00e9ration d&#39;une valeur de 20 millions de livres sterling \u00e0 25 millions de livres sterling.<\/p>\n<p>Les citoyens qui ont lanc\u00e9 des discussions sur un accord pour Cherki semble les avoir d\u00e9plac\u00e9s avant d&#39;autres clubs, notamment <strong class=\"autotag\">Manchester United<\/strong>Liverpool, <strong class=\"autotag\">Ch\u00e9lat<\/strong> et <strong class=\"autotag\">Borussia Dortmund<\/strong>qui ont tous d\u00e9j\u00e0 \u00e9t\u00e9 cr\u00e9dit\u00e9s avec un int\u00e9r\u00eat.<\/p>\n<p class=\"imgI\"><img decoding=\"async\" loading=\"lazy\" class=\"l\" src=\"https:\/\/footdavant.fr\/actualites\/wp-content\/uploads\/2025\/05\/1748684919_293_Man-City-Transfer-News-Les-discussions-initiales-39commencent-pour39.jpg\" title=\"Rayan Cherki de Lyon c\u00e9l\u00e8bre le score le 26 septembre 2024\" alt=\"Rayan Cherki de Lyon c\u00e9l\u00e8bre le score le 26 septembre 2024\" width=\"640\" height=\"480\"><\/p>\n<h2 class=\"k3\">Cherki est-il destin\u00e9 \u00e0 un mouvement de haut niveau cet \u00e9t\u00e9?<\/h2>\n<p>Cherki est un produit de la Lyon&#39;s Youth Academy et est consid\u00e9r\u00e9 comme l&#39;une des perspectives les plus brillantes d&#39;Europe s&#39;\u00e9tant impos\u00e9e comme un joueur hors concours dans la Ligue 1.<\/p>\n<p>L&#39;attaquant polyvalent, qui peut op\u00e9rer au centre ou \u00e0 l&#39;ext\u00e9rieur, marquant 12 buts et a fourni 20 passes d\u00e9cisives pour Lyon en 44 apparitions dans tous les tournois de la saison 2024-25.<\/p>\n<p>Cherki a contribu\u00e9 \u00e0 12 buts (quatre buts, huit passes d\u00e9cisives) dans autant de matchs de la Ligue Europa, marquant deux fois plus de deux jambes lors de la d\u00e9faite en quart de finale de Lyon contre Man United.<\/p>\n<p>Capp\u00e9 23 fois au niveau des moins de 21 ans pour la France et est \u00e9galement un m\u00e9daill\u00e9 d&#39;argent des Jeux olympiques de Paris en 2024, la forme impressionnante de Cherki au niveau du club a \u00e9t\u00e9 r\u00e9compens\u00e9e par un premier appel senior \u00e0 l&#39;\u00e9quipe de France avant la pause internationale du mois prochain.<\/p>\n<p>Man City, qui sont <strong>Aussi en pourparlers pour signer<\/strong> Milieu de terrain de l&#39;AC Milan <strong class=\"autotag\">Tijjani reijnders<\/strong>pourrait se d\u00e9placer rapidement pour essayer de conclure un accord pour Cherki avant de commencer sa campagne de la Coupe du Monde du FIFA dans la mi-juin.<\/p>\n<div class=\"author_box\">\n<div class=\"author_box_banner\">\n<img decoding=\"async\" class=\"author_img\" src=\"https:\/\/footdavant.fr\/actualites\/wp-content\/uploads\/2025\/05\/1748684919_723_Man-City-Transfer-News-Les-discussions-initiales-39commencent-pour39.jpg\"><\/p>\n<\/div>\n<\/div>\n<\/div>\n","protected":false},"excerpt":{"rendered":"<p>Manchester City aurait intensifi\u00e9 leur int\u00e9r\u00eat pour l&#39;attaquant de Lyon, Rayan Cherki, avant la fen\u00eatre de transfert d&#39;\u00e9t\u00e9. MANCHESTER CITY auraient suscit\u00e9 leur int\u00e9r\u00eat pour<\/p>\n","protected":false},"author":1,"featured_media":24536,"comment_status":"closed","ping_status":"","sticky":false,"template":"","format":"standard","meta":{"footnotes":""},"categories":[5],"tags":[9385,9388,9387,27,990,713,8,7355,4219,93,24,924,409,6,9386,103,2732,92,13,1686],"yoast_head":"<!-- This site is optimized with the Yoast SEO plugin v21.0 - https:\/\/yoast.com\/wordpress\/plugins\/seo\/ -->\n<title>Man City Transfer News: `` Les discussions initiales &#039;commencent pour&#039; Bargain &#039;signer comme l&#039;\u00e9quipe de Pep Guardiola volent une marche sur Man United<\/title>\n<meta name=\"robots\" content=\"index, follow, max-snippet:-1, max-image-preview:large, max-video-preview:-1\" \/>\n<link rel=\"canonical\" href=\"https:\/\/footdavant.fr\/actualites\/man-city-transfer-news-les-discussions-initiales-commencent-pour-bargain-signer-comme-lequipe-de-pep-guardiola-volent-une-marche-sur-man-united\/\" \/>\n<meta property=\"og:locale\" content=\"fr_FR\" \/>\n<meta property=\"og:type\" content=\"article\" \/>\n<meta property=\"og:title\" content=\"Man City Transfer News: `` Les discussions initiales &#039;commencent pour&#039; Bargain &#039;signer comme l&#039;\u00e9quipe de Pep Guardiola volent une marche sur Man United\" \/>\n<meta property=\"og:description\" content=\"Manchester City aurait intensifi\u00e9 leur int\u00e9r\u00eat pour l&#039;attaquant de Lyon, Rayan Cherki, avant la fen\u00eatre de transfert d&#039;\u00e9t\u00e9. MANCHESTER CITY auraient suscit\u00e9 leur int\u00e9r\u00eat pour\" \/>\n<meta property=\"og:url\" content=\"https:\/\/footdavant.fr\/actualites\/man-city-transfer-news-les-discussions-initiales-commencent-pour-bargain-signer-comme-lequipe-de-pep-guardiola-volent-une-marche-sur-man-united\/\" \/>\n<meta property=\"og:site_name\" content=\"Foot d&#039;avant\" \/>\n<meta property=\"article:publisher\" content=\"https:\/\/www.facebook.com\/Footdavant\/\" \/>\n<meta property=\"article:published_time\" content=\"2025-05-31T09:48:39+00:00\" \/>\n<meta property=\"article:modified_time\" content=\"2025-05-31T09:48:40+00:00\" \/>\n<meta property=\"og:image\" content=\"https:\/\/footdavant.fr\/actualites\/wp-content\/uploads\/2025\/05\/Man-City-Transfer-News-Les-discussions-initiales-39commencent-pour39.jpg\" \/>\n\t<meta property=\"og:image:width\" content=\"640\" \/>\n\t<meta property=\"og:image:height\" content=\"480\" \/>\n\t<meta property=\"og:image:type\" content=\"image\/jpeg\" \/>\n<meta name=\"author\" content=\"Cl\u00e9ment\" \/>\n<meta name=\"twitter:card\" content=\"summary_large_image\" \/>\n<meta name=\"twitter:creator\" content=\"@FootdavantFr\" \/>\n<meta name=\"twitter:site\" content=\"@FootdavantFr\" \/>\n<meta name=\"twitter:label1\" content=\"\u00c9crit par\" \/>\n\t<meta name=\"twitter:data1\" content=\"Cl\u00e9ment\" \/>\n\t<meta name=\"twitter:label2\" content=\"Dur\u00e9e de lecture estim\u00e9e\" \/>\n\t<meta name=\"twitter:data2\" content=\"3 minutes\" \/>\n<script type=\"application\/ld+json\" class=\"yoast-schema-graph\">{\"@context\":\"https:\/\/schema.org\",\"@graph\":[{\"@type\":\"Article\",\"@id\":\"https:\/\/footdavant.fr\/actualites\/man-city-transfer-news-les-discussions-initiales-commencent-pour-bargain-signer-comme-lequipe-de-pep-guardiola-volent-une-marche-sur-man-united\/#article\",\"isPartOf\":{\"@id\":\"https:\/\/footdavant.fr\/actualites\/man-city-transfer-news-les-discussions-initiales-commencent-pour-bargain-signer-comme-lequipe-de-pep-guardiola-volent-une-marche-sur-man-united\/\"},\"author\":{\"name\":\"Cl\u00e9ment\",\"@id\":\"https:\/\/footdavant.fr\/actualites\/#\/schema\/person\/bc222566d95871b37e597b3ed3ba5e1d\"},\"headline\":\"Man City Transfer News: \u00ab\u00a0 Les discussions initiales &#39;commencent pour&#39; Bargain &#39;signer comme l&#39;\u00e9quipe de Pep Guardiola volent une marche sur Man United\",\"datePublished\":\"2025-05-31T09:48:39+00:00\",\"dateModified\":\"2025-05-31T09:48:40+00:00\",\"mainEntityOfPage\":{\"@id\":\"https:\/\/footdavant.fr\/actualites\/man-city-transfer-news-les-discussions-initiales-commencent-pour-bargain-signer-comme-lequipe-de-pep-guardiola-volent-une-marche-sur-man-united\/\"},\"wordCount\":623,\"publisher\":{\"@id\":\"https:\/\/footdavant.fr\/actualites\/#organization\"},\"keywords\":[\"39commencent\",\"39signer\",\"Bargain\",\"City\",\"comme\",\"discussions\",\"Guardiola\",\"initiales\",\"l39\u00e9quipe\",\"les\",\"Man\",\"march\u00e9\",\"News\",\"Pep\",\"pour39\",\"sur\",\"Transfer\",\"une\",\"United\",\"volent\"],\"articleSection\":[\"Premier League\"],\"inLanguage\":\"fr-FR\"},{\"@type\":\"WebPage\",\"@id\":\"https:\/\/footdavant.fr\/actualites\/man-city-transfer-news-les-discussions-initiales-commencent-pour-bargain-signer-comme-lequipe-de-pep-guardiola-volent-une-marche-sur-man-united\/\",\"url\":\"https:\/\/footdavant.fr\/actualites\/man-city-transfer-news-les-discussions-initiales-commencent-pour-bargain-signer-comme-lequipe-de-pep-guardiola-volent-une-marche-sur-man-united\/\",\"name\":\"Man City Transfer News: `` Les discussions initiales &#39;commencent pour&#39; Bargain &#39;signer comme l&#39;\u00e9quipe de Pep Guardiola volent une marche sur Man United\",\"isPartOf\":{\"@id\":\"https:\/\/footdavant.fr\/actualites\/#website\"},\"datePublished\":\"2025-05-31T09:48:39+00:00\",\"dateModified\":\"2025-05-31T09:48:40+00:00\",\"breadcrumb\":{\"@id\":\"https:\/\/footdavant.fr\/actualites\/man-city-transfer-news-les-discussions-initiales-commencent-pour-bargain-signer-comme-lequipe-de-pep-guardiola-volent-une-marche-sur-man-united\/#breadcrumb\"},\"inLanguage\":\"fr-FR\",\"potentialAction\":[{\"@type\":\"ReadAction\",\"target\":[\"https:\/\/footdavant.fr\/actualites\/man-city-transfer-news-les-discussions-initiales-commencent-pour-bargain-signer-comme-lequipe-de-pep-guardiola-volent-une-marche-sur-man-united\/\"]}]},{\"@type\":\"BreadcrumbList\",\"@id\":\"https:\/\/footdavant.fr\/actualites\/man-city-transfer-news-les-discussions-initiales-commencent-pour-bargain-signer-comme-lequipe-de-pep-guardiola-volent-une-marche-sur-man-united\/#breadcrumb\",\"itemListElement\":[{\"@type\":\"ListItem\",\"position\":1,\"name\":\"Accueil\",\"item\":\"https:\/\/footdavant.fr\/actualites\/\"},{\"@type\":\"ListItem\",\"position\":2,\"name\":\"Man City Transfer News: \u00ab\u00a0 Les discussions initiales &#39;commencent pour&#39; Bargain &#39;signer comme l&#39;\u00e9quipe de Pep Guardiola volent une marche sur Man United\"}]},{\"@type\":\"WebSite\",\"@id\":\"https:\/\/footdavant.fr\/actualites\/#website\",\"url\":\"https:\/\/footdavant.fr\/actualites\/\",\"name\":\"Foot d'avant\",\"description\":\"\",\"publisher\":{\"@id\":\"https:\/\/footdavant.fr\/actualites\/#organization\"},\"potentialAction\":[{\"@type\":\"SearchAction\",\"target\":{\"@type\":\"EntryPoint\",\"urlTemplate\":\"https:\/\/footdavant.fr\/actualites\/?s={search_term_string}\"},\"query-input\":\"required name=search_term_string\"}],\"inLanguage\":\"fr-FR\"},{\"@type\":\"Organization\",\"@id\":\"https:\/\/footdavant.fr\/actualites\/#organization\",\"name\":\"Foot d'avant\",\"url\":\"https:\/\/footdavant.fr\/actualites\/\",\"logo\":{\"@type\":\"ImageObject\",\"inLanguage\":\"fr-FR\",\"@id\":\"https:\/\/footdavant.fr\/actualites\/#\/schema\/logo\/image\/\",\"url\":\"https:\/\/footdavant.fr\/actualites\/wp-content\/uploads\/2023\/09\/Copy-of-FootDavant-Logo.png\",\"contentUrl\":\"https:\/\/footdavant.fr\/actualites\/wp-content\/uploads\/2023\/09\/Copy-of-FootDavant-Logo.png\",\"width\":936,\"height\":549,\"caption\":\"Foot d'avant\"},\"image\":{\"@id\":\"https:\/\/footdavant.fr\/actualites\/#\/schema\/logo\/image\/\"},\"sameAs\":[\"https:\/\/www.facebook.com\/Footdavant\/\",\"https:\/\/twitter.com\/FootdavantFr\",\"https:\/\/www.instagram.com\/footdavant.fr\/\"]},{\"@type\":\"Person\",\"@id\":\"https:\/\/footdavant.fr\/actualites\/#\/schema\/person\/bc222566d95871b37e597b3ed3ba5e1d\",\"name\":\"Cl\u00e9ment\",\"image\":{\"@type\":\"ImageObject\",\"inLanguage\":\"fr-FR\",\"@id\":\"https:\/\/footdavant.fr\/actualites\/#\/schema\/person\/image\/\",\"url\":\"https:\/\/secure.gravatar.com\/avatar\/7728b29aac2719421e1a9159b2254c44?s=96&d=mm&r=g\",\"contentUrl\":\"https:\/\/secure.gravatar.com\/avatar\/7728b29aac2719421e1a9159b2254c44?s=96&d=mm&r=g\",\"caption\":\"Cl\u00e9ment\"},\"sameAs\":[\"https:\/\/footdavant.fr\/\"]}]}<\/script>\n<!-- \/ Yoast SEO plugin. -->","yoast_head_json":{"title":"Man City Transfer News: `` Les discussions initiales &#39;commencent pour&#39; Bargain &#39;signer comme l&#39;\u00e9quipe de Pep Guardiola volent une marche sur Man United","robots":{"index":"index","follow":"follow","max-snippet":"max-snippet:-1","max-image-preview":"max-image-preview:large","max-video-preview":"max-video-preview:-1"},"canonical":"https:\/\/footdavant.fr\/actualites\/man-city-transfer-news-les-discussions-initiales-commencent-pour-bargain-signer-comme-lequipe-de-pep-guardiola-volent-une-marche-sur-man-united\/","og_locale":"fr_FR","og_type":"article","og_title":"Man City Transfer News: `` Les discussions initiales &#39;commencent pour&#39; Bargain &#39;signer comme l&#39;\u00e9quipe de Pep Guardiola volent une marche sur Man United","og_description":"Manchester City aurait intensifi\u00e9 leur int\u00e9r\u00eat pour l&#39;attaquant de Lyon, Rayan Cherki, avant la fen\u00eatre de transfert d&#39;\u00e9t\u00e9. MANCHESTER CITY auraient suscit\u00e9 leur int\u00e9r\u00eat pour","og_url":"https:\/\/footdavant.fr\/actualites\/man-city-transfer-news-les-discussions-initiales-commencent-pour-bargain-signer-comme-lequipe-de-pep-guardiola-volent-une-marche-sur-man-united\/","og_site_name":"Foot d&#039;avant","article_publisher":"https:\/\/www.facebook.com\/Footdavant\/","article_published_time":"2025-05-31T09:48:39+00:00","article_modified_time":"2025-05-31T09:48:40+00:00","og_image":[{"width":640,"height":480,"url":"https:\/\/footdavant.fr\/actualites\/wp-content\/uploads\/2025\/05\/Man-City-Transfer-News-Les-discussions-initiales-39commencent-pour39.jpg","type":"image\/jpeg"}],"author":"Cl\u00e9ment","twitter_card":"summary_large_image","twitter_creator":"@FootdavantFr","twitter_site":"@FootdavantFr","twitter_misc":{"\u00c9crit par":"Cl\u00e9ment","Dur\u00e9e de lecture estim\u00e9e":"3 minutes"},"schema":{"@context":"https:\/\/schema.org","@graph":[{"@type":"Article","@id":"https:\/\/footdavant.fr\/actualites\/man-city-transfer-news-les-discussions-initiales-commencent-pour-bargain-signer-comme-lequipe-de-pep-guardiola-volent-une-marche-sur-man-united\/#article","isPartOf":{"@id":"https:\/\/footdavant.fr\/actualites\/man-city-transfer-news-les-discussions-initiales-commencent-pour-bargain-signer-comme-lequipe-de-pep-guardiola-volent-une-marche-sur-man-united\/"},"author":{"name":"Cl\u00e9ment","@id":"https:\/\/footdavant.fr\/actualites\/#\/schema\/person\/bc222566d95871b37e597b3ed3ba5e1d"},"headline":"Man City Transfer News: \u00ab\u00a0 Les discussions initiales &#39;commencent pour&#39; Bargain &#39;signer comme l&#39;\u00e9quipe de Pep Guardiola volent une marche sur Man United","datePublished":"2025-05-31T09:48:39+00:00","dateModified":"2025-05-31T09:48:40+00:00","mainEntityOfPage":{"@id":"https:\/\/footdavant.fr\/actualites\/man-city-transfer-news-les-discussions-initiales-commencent-pour-bargain-signer-comme-lequipe-de-pep-guardiola-volent-une-marche-sur-man-united\/"},"wordCount":623,"publisher":{"@id":"https:\/\/footdavant.fr\/actualites\/#organization"},"keywords":["39commencent","39signer","Bargain","City","comme","discussions","Guardiola","initiales","l39\u00e9quipe","les","Man","march\u00e9","News","Pep","pour39","sur","Transfer","une","United","volent"],"articleSection":["Premier League"],"inLanguage":"fr-FR"},{"@type":"WebPage","@id":"https:\/\/footdavant.fr\/actualites\/man-city-transfer-news-les-discussions-initiales-commencent-pour-bargain-signer-comme-lequipe-de-pep-guardiola-volent-une-marche-sur-man-united\/","url":"https:\/\/footdavant.fr\/actualites\/man-city-transfer-news-les-discussions-initiales-commencent-pour-bargain-signer-comme-lequipe-de-pep-guardiola-volent-une-marche-sur-man-united\/","name":"Man City Transfer News: `` Les discussions initiales &#39;commencent pour&#39; Bargain &#39;signer comme l&#39;\u00e9quipe de Pep Guardiola volent une marche sur Man United","isPartOf":{"@id":"https:\/\/footdavant.fr\/actualites\/#website"},"datePublished":"2025-05-31T09:48:39+00:00","dateModified":"2025-05-31T09:48:40+00:00","breadcrumb":{"@id":"https:\/\/footdavant.fr\/actualites\/man-city-transfer-news-les-discussions-initiales-commencent-pour-bargain-signer-comme-lequipe-de-pep-guardiola-volent-une-marche-sur-man-united\/#breadcrumb"},"inLanguage":"fr-FR","potentialAction":[{"@type":"ReadAction","target":["https:\/\/footdavant.fr\/actualites\/man-city-transfer-news-les-discussions-initiales-commencent-pour-bargain-signer-comme-lequipe-de-pep-guardiola-volent-une-marche-sur-man-united\/"]}]},{"@type":"BreadcrumbList","@id":"https:\/\/footdavant.fr\/actualites\/man-city-transfer-news-les-discussions-initiales-commencent-pour-bargain-signer-comme-lequipe-de-pep-guardiola-volent-une-marche-sur-man-united\/#breadcrumb","itemListElement":[{"@type":"ListItem","position":1,"name":"Accueil","item":"https:\/\/footdavant.fr\/actualites\/"},{"@type":"ListItem","position":2,"name":"Man City Transfer News: \u00ab\u00a0 Les discussions initiales &#39;commencent pour&#39; Bargain &#39;signer comme l&#39;\u00e9quipe de Pep Guardiola volent une marche sur Man United"}]},{"@type":"WebSite","@id":"https:\/\/footdavant.fr\/actualites\/#website","url":"https:\/\/footdavant.fr\/actualites\/","name":"Foot d'avant","description":"","publisher":{"@id":"https:\/\/footdavant.fr\/actualites\/#organization"},"potentialAction":[{"@type":"SearchAction","target":{"@type":"EntryPoint","urlTemplate":"https:\/\/footdavant.fr\/actualites\/?s={search_term_string}"},"query-input":"required name=search_term_string"}],"inLanguage":"fr-FR"},{"@type":"Organization","@id":"https:\/\/footdavant.fr\/actualites\/#organization","name":"Foot d'avant","url":"https:\/\/footdavant.fr\/actualites\/","logo":{"@type":"ImageObject","inLanguage":"fr-FR","@id":"https:\/\/footdavant.fr\/actualites\/#\/schema\/logo\/image\/","url":"https:\/\/footdavant.fr\/actualites\/wp-content\/uploads\/2023\/09\/Copy-of-FootDavant-Logo.png","contentUrl":"https:\/\/footdavant.fr\/actualites\/wp-content\/uploads\/2023\/09\/Copy-of-FootDavant-Logo.png","width":936,"height":549,"caption":"Foot d'avant"},"image":{"@id":"https:\/\/footdavant.fr\/actualites\/#\/schema\/logo\/image\/"},"sameAs":["https:\/\/www.facebook.com\/Footdavant\/","https:\/\/twitter.com\/FootdavantFr","https:\/\/www.instagram.com\/footdavant.fr\/"]},{"@type":"Person","@id":"https:\/\/footdavant.fr\/actualites\/#\/schema\/person\/bc222566d95871b37e597b3ed3ba5e1d","name":"Cl\u00e9ment","image":{"@type":"ImageObject","inLanguage":"fr-FR","@id":"https:\/\/footdavant.fr\/actualites\/#\/schema\/person\/image\/","url":"https:\/\/secure.gravatar.com\/avatar\/7728b29aac2719421e1a9159b2254c44?s=96&d=mm&r=g","contentUrl":"https:\/\/secure.gravatar.com\/avatar\/7728b29aac2719421e1a9159b2254c44?s=96&d=mm&r=g","caption":"Cl\u00e9ment"},"sameAs":["https:\/\/footdavant.fr\/"]}]}},"_links":{"self":[{"href":"https:\/\/footdavant.fr\/actualites\/wp-json\/wp\/v2\/posts\/24535"}],"collection":[{"href":"https:\/\/footdavant.fr\/actualites\/wp-json\/wp\/v2\/posts"}],"about":[{"href":"https:\/\/footdavant.fr\/actualites\/wp-json\/wp\/v2\/types\/post"}],"author":[{"embeddable":true,"href":"https:\/\/footdavant.fr\/actualites\/wp-json\/wp\/v2\/users\/1"}],"replies":[{"embeddable":true,"href":"https:\/\/footdavant.fr\/actualites\/wp-json\/wp\/v2\/comments?post=24535"}],"version-history":[{"count":1,"href":"https:\/\/footdavant.fr\/actualites\/wp-json\/wp\/v2\/posts\/24535\/revisions"}],"predecessor-version":[{"id":24537,"href":"https:\/\/footdavant.fr\/actualites\/wp-json\/wp\/v2\/posts\/24535\/revisions\/24537"}],"wp:featuredmedia":[{"embeddable":true,"href":"https:\/\/footdavant.fr\/actualites\/wp-json\/wp\/v2\/media\/24536"}],"wp:attachment":[{"href":"https:\/\/footdavant.fr\/actualites\/wp-json\/wp\/v2\/media?parent=24535"}],"wp:term":[{"taxonomy":"category","embeddable":true,"href":"https:\/\/footdavant.fr\/actualites\/wp-json\/wp\/v2\/categories?post=24535"},{"taxonomy":"post_tag","embeddable":true,"href":"https:\/\/footdavant.fr\/actualites\/wp-json\/wp\/v2\/tags?post=24535"}],"curies":[{"name":"wp","href":"https:\/\/api.w.org\/{rel}","templated":true}]}}