{"id":24543,"date":"2025-05-31T15:48:04","date_gmt":"2025-05-31T13:48:04","guid":{"rendered":"https:\/\/footdavant.fr\/actualites\/real-madrid-transfer-news-los-blancos-speed-up-talks-pour-le-debut-de-la-signature-de-trent-alexander-arnold\/"},"modified":"2025-05-31T15:48:05","modified_gmt":"2025-05-31T13:48:05","slug":"real-madrid-transfer-news-los-blancos-speed-up-talks-pour-le-debut-de-la-signature-de-trent-alexander-arnold","status":"publish","type":"post","link":"https:\/\/footdavant.fr\/actualites\/real-madrid-transfer-news-los-blancos-speed-up-talks-pour-le-debut-de-la-signature-de-trent-alexander-arnold\/","title":{"rendered":"Real Madrid Transfer News: Los Blancos \u00ab\u00a0 Speed \u200b\u200bUp Talks &#39;&#39; pour le d\u00e9but de la signature de Trent Alexander-Arnold"},"content":{"rendered":"<p>Le Real Madrid se produirait dans leurs tentatives de signer Trent Alexander-Arnold de Liverpool, qui pourrait jouer dans la Coupe du monde du club pour Los Blancos en juin.<\/p>\n<div id=\"article_body\" itemprop=\"articleBody\">\n<h3 class=\"firstPara\">\n<strong class=\"autotag\">Real Madrid<\/strong> auraient acc\u00e9l\u00e9r\u00e9 des pourparlers avec <strong class=\"autotag\">Liverpool<\/strong> \u00e9toile <strong class=\"autotag\">Trent Alexander-Arnold<\/strong>.<\/h3>\n<p>Le dipl\u00f4m\u00e9 de la Reds Academy devrait quitter le club d&#39;Anfield apr\u00e8s deux d\u00e9cennies sur le syst\u00e8me de l&#39;\u00e9quipe et aider son \u00e9quipe \u00e0 deux couronnes de Premier League.<\/p>\n<p>Alexander-Arnold a lev\u00e9 le deuxi\u00e8me de ces titres anglais dimanche apr\u00e8s-midi, lorsque Liverpool a c\u00e9l\u00e9br\u00e9 devant leur soutien \u00e0 domicile apr\u00e8s un <strong>1-1 Draw avec Crystal Palace<\/strong>.<\/p>\n<p>Alors que l&#39;arri\u00e8re droit est pr\u00eat \u00e0 sortir cet \u00e9t\u00e9, son coll\u00e8gue d\u00e9fenseur <strong class=\"autotag\">Konate d&#39;Ibrahima<\/strong> a r\u00e9v\u00e9l\u00e9 que <strong>Il est heureux \u00e0 Anfield<\/strong>bien qu&#39;il n&#39;ait pas encore sign\u00e9 de nouveaux termes.<\/p>\n<p>Une foule de stars de la premi\u00e8re \u00e9quipe de Liverpool se liera d\u00e9sormais avec leurs \u00e9quipes nationales respectives avant de profiter d&#39;une rupture bien m\u00e9rit\u00e9e au cours de l&#39;\u00e9t\u00e9.<\/p>\n<p class=\"imgI\">\n<h2 class=\"k3\">Le Real Madrid acc\u00e9l\u00e8re Alexander-Arnold Talks?<\/h2>\n<p>Selon <em>Les temps<\/em>Le Real Madrid vise \u00e0 obtenir les services tr\u00e8s bien not\u00e9s de la ch\u00e9rie de Liverpool Alexander-Arnold le plus rapidement possible.<\/p>\n<p>Los Blancos a commenc\u00e9 sa campagne de la Coupe du monde de club contre les Giants de la Saudi Pro League Al-Hilal le 18 juin, et le c\u00f4t\u00e9 espagnol veut que l&#39;arri\u00e8re droit soit disponible pour ce match.<\/p>\n<p>Cependant, le contrat d&#39;Alexander-Arnold avec Liverpool expire le 30 juin, ce qui signifie que Los Blancos devra n\u00e9gocier le joueur de ses conditions t\u00f4t.<\/p>\n<p>Il y a la port\u00e9e de terminer un tel mouvement, la FIFA ouvrant une fen\u00eatre de transfert sp\u00e9ciale entre le 1er et le 10 juin en raison de la Coupe du monde du club.<\/p>\n<p>Alexander-Arnold aurait pu d\u00e9m\u00e9nager \u00e0 Bernabeu pendant la fen\u00eatre de transfert de janvier, bien que Liverpool ait rejet\u00e9 une offre de 20 millions de livres sterling pour le meneur de jeu.<\/p>\n<p class=\"imgI\"><img decoding=\"async\" loading=\"lazy\" class=\"l\" src=\"https:\/\/footdavant.fr\/actualites\/wp-content\/uploads\/2025\/05\/1748699283_462_Real-Madrid-Transfer-News-Los-Blancos-Speed-\u200b\u200bUp-Talks.jpg\" title=\"Trent Alexander-Arnold de Liverpool le 4 mai 2025\" alt=\"Trent Alexander-Arnold de Liverpool le 4 mai 2025\" width=\"640\" height=\"480\"><\/p>\n<h2 class=\"k3\">\u00c9t\u00e9 charg\u00e9 pour Alexander-Arnold<\/h2>\n<p>Quelques jours seulement apr\u00e8s avoir lev\u00e9 le troph\u00e9e de Premier League \u00e0 Anfield, Alexander-Arnold se concentre maintenant sur les t\u00e2ches internationales avec l&#39;Angleterre au cours de la quinzaine suivante.<\/p>\n<p><strong class=\"autotag\">Thomas Tuchel<\/strong>Les trois lions sont confront\u00e9s \u00e0 l&#39;Andorre dans un match de qualification en Coupe du monde le 7 juin, trois jours avant d&#39;accueillir les g\u00e9ants de l&#39;AFCON au S\u00e9n\u00e9gal sur le terrain de la ville \u00e0 Nottingham pour un ami.<\/p>\n<p>\u00c0 peine huit jours plus tard, le Real Madrid commence son club de club \u00e0 Miami, ce qui signifie qu&#39;Alexander-Arnold pourrait \u00eatre en ligne pour un d\u00e9but extr\u00eamement mouvement\u00e9 de l&#39;\u00e9t\u00e9.<\/p>\n<div class=\"author_box\">\n<div class=\"author_box_banner\">\n<img decoding=\"async\" class=\"author_img\" src=\"https:\/\/footdavant.fr\/actualites\/wp-content\/uploads\/2025\/05\/1748699283_448_Real-Madrid-Transfer-News-Los-Blancos-Speed-\u200b\u200bUp-Talks.jpg\"><\/p>\n<\/div>\n<\/div>\n<\/div>\n","protected":false},"excerpt":{"rendered":"<p>Le Real Madrid se produirait dans leurs tentatives de signer Trent Alexander-Arnold de Liverpool, qui pourrait jouer dans la Coupe du monde du club pour<\/p>\n","protected":false},"author":1,"featured_media":24544,"comment_status":"closed","ping_status":"","sticky":false,"template":"","format":"standard","meta":{"footnotes":""},"categories":[5],"tags":[1740,4499,481,2707,303,409,51,302,449,9394,7375,2732,1739],"yoast_head":"<!-- This site is optimized with the Yoast SEO plugin v21.0 - https:\/\/yoast.com\/wordpress\/plugins\/seo\/ -->\n<title>Real Madrid Transfer News: Los Blancos `` Speed \u200b\u200bUp Talks &#039;&#039; pour le d\u00e9but de la signature de Trent Alexander-Arnold<\/title>\n<meta name=\"robots\" content=\"index, follow, max-snippet:-1, max-image-preview:large, max-video-preview:-1\" \/>\n<link rel=\"canonical\" href=\"https:\/\/footdavant.fr\/actualites\/real-madrid-transfer-news-los-blancos-speed-up-talks-pour-le-debut-de-la-signature-de-trent-alexander-arnold\/\" \/>\n<meta property=\"og:locale\" content=\"fr_FR\" \/>\n<meta property=\"og:type\" content=\"article\" \/>\n<meta property=\"og:title\" content=\"Real Madrid Transfer News: Los Blancos `` Speed \u200b\u200bUp Talks &#039;&#039; pour le d\u00e9but de la signature de Trent Alexander-Arnold\" \/>\n<meta property=\"og:description\" content=\"Le Real Madrid se produirait dans leurs tentatives de signer Trent Alexander-Arnold de Liverpool, qui pourrait jouer dans la Coupe du monde du club pour\" \/>\n<meta property=\"og:url\" content=\"https:\/\/footdavant.fr\/actualites\/real-madrid-transfer-news-los-blancos-speed-up-talks-pour-le-debut-de-la-signature-de-trent-alexander-arnold\/\" \/>\n<meta property=\"og:site_name\" content=\"Foot d&#039;avant\" \/>\n<meta property=\"article:publisher\" content=\"https:\/\/www.facebook.com\/Footdavant\/\" \/>\n<meta property=\"article:published_time\" content=\"2025-05-31T13:48:04+00:00\" \/>\n<meta property=\"article:modified_time\" content=\"2025-05-31T13:48:05+00:00\" \/>\n<meta property=\"og:image\" content=\"https:\/\/footdavant.fr\/actualites\/wp-content\/uploads\/2025\/05\/Real-Madrid-Transfer-News-Los-Blancos-Speed-\u200b\u200bUp-Talks.jpg\" \/>\n\t<meta property=\"og:image:width\" content=\"640\" \/>\n\t<meta property=\"og:image:height\" content=\"480\" \/>\n\t<meta property=\"og:image:type\" content=\"image\/jpeg\" \/>\n<meta name=\"author\" content=\"Cl\u00e9ment\" \/>\n<meta name=\"twitter:card\" content=\"summary_large_image\" \/>\n<meta name=\"twitter:creator\" content=\"@FootdavantFr\" \/>\n<meta name=\"twitter:site\" content=\"@FootdavantFr\" \/>\n<meta name=\"twitter:label1\" content=\"\u00c9crit par\" \/>\n\t<meta name=\"twitter:data1\" content=\"Cl\u00e9ment\" \/>\n\t<meta name=\"twitter:label2\" content=\"Dur\u00e9e de lecture estim\u00e9e\" \/>\n\t<meta name=\"twitter:data2\" content=\"2 minutes\" \/>\n<script type=\"application\/ld+json\" class=\"yoast-schema-graph\">{\"@context\":\"https:\/\/schema.org\",\"@graph\":[{\"@type\":\"Article\",\"@id\":\"https:\/\/footdavant.fr\/actualites\/real-madrid-transfer-news-los-blancos-speed-up-talks-pour-le-debut-de-la-signature-de-trent-alexander-arnold\/#article\",\"isPartOf\":{\"@id\":\"https:\/\/footdavant.fr\/actualites\/real-madrid-transfer-news-los-blancos-speed-up-talks-pour-le-debut-de-la-signature-de-trent-alexander-arnold\/\"},\"author\":{\"name\":\"Cl\u00e9ment\",\"@id\":\"https:\/\/footdavant.fr\/actualites\/#\/schema\/person\/bc222566d95871b37e597b3ed3ba5e1d\"},\"headline\":\"Real Madrid Transfer News: Los Blancos \u00ab\u00a0 Speed \u200b\u200bUp Talks &#39;&#39; pour le d\u00e9but de la signature de Trent Alexander-Arnold\",\"datePublished\":\"2025-05-31T13:48:04+00:00\",\"dateModified\":\"2025-05-31T13:48:05+00:00\",\"mainEntityOfPage\":{\"@id\":\"https:\/\/footdavant.fr\/actualites\/real-madrid-transfer-news-los-blancos-speed-up-talks-pour-le-debut-de-la-signature-de-trent-alexander-arnold\/\"},\"wordCount\":481,\"publisher\":{\"@id\":\"https:\/\/footdavant.fr\/actualites\/#organization\"},\"keywords\":[\"AlexanderArnold\",\"Blancos\",\"d\u00e9but\",\"Los\",\"Madrid\",\"News\",\"pour\",\"Real\",\"signature\",\"Speed\",\"Talks\",\"Transfer\",\"Trent\"],\"articleSection\":[\"Premier League\"],\"inLanguage\":\"fr-FR\"},{\"@type\":\"WebPage\",\"@id\":\"https:\/\/footdavant.fr\/actualites\/real-madrid-transfer-news-los-blancos-speed-up-talks-pour-le-debut-de-la-signature-de-trent-alexander-arnold\/\",\"url\":\"https:\/\/footdavant.fr\/actualites\/real-madrid-transfer-news-los-blancos-speed-up-talks-pour-le-debut-de-la-signature-de-trent-alexander-arnold\/\",\"name\":\"Real Madrid Transfer News: Los Blancos `` Speed \u200b\u200bUp Talks &#39;&#39; pour le d\u00e9but de la signature de Trent Alexander-Arnold\",\"isPartOf\":{\"@id\":\"https:\/\/footdavant.fr\/actualites\/#website\"},\"datePublished\":\"2025-05-31T13:48:04+00:00\",\"dateModified\":\"2025-05-31T13:48:05+00:00\",\"breadcrumb\":{\"@id\":\"https:\/\/footdavant.fr\/actualites\/real-madrid-transfer-news-los-blancos-speed-up-talks-pour-le-debut-de-la-signature-de-trent-alexander-arnold\/#breadcrumb\"},\"inLanguage\":\"fr-FR\",\"potentialAction\":[{\"@type\":\"ReadAction\",\"target\":[\"https:\/\/footdavant.fr\/actualites\/real-madrid-transfer-news-los-blancos-speed-up-talks-pour-le-debut-de-la-signature-de-trent-alexander-arnold\/\"]}]},{\"@type\":\"BreadcrumbList\",\"@id\":\"https:\/\/footdavant.fr\/actualites\/real-madrid-transfer-news-los-blancos-speed-up-talks-pour-le-debut-de-la-signature-de-trent-alexander-arnold\/#breadcrumb\",\"itemListElement\":[{\"@type\":\"ListItem\",\"position\":1,\"name\":\"Accueil\",\"item\":\"https:\/\/footdavant.fr\/actualites\/\"},{\"@type\":\"ListItem\",\"position\":2,\"name\":\"Real Madrid Transfer News: Los Blancos \u00ab\u00a0 Speed \u200b\u200bUp Talks &#39;&#39; pour le d\u00e9but de la signature de Trent Alexander-Arnold\"}]},{\"@type\":\"WebSite\",\"@id\":\"https:\/\/footdavant.fr\/actualites\/#website\",\"url\":\"https:\/\/footdavant.fr\/actualites\/\",\"name\":\"Foot d'avant\",\"description\":\"\",\"publisher\":{\"@id\":\"https:\/\/footdavant.fr\/actualites\/#organization\"},\"potentialAction\":[{\"@type\":\"SearchAction\",\"target\":{\"@type\":\"EntryPoint\",\"urlTemplate\":\"https:\/\/footdavant.fr\/actualites\/?s={search_term_string}\"},\"query-input\":\"required name=search_term_string\"}],\"inLanguage\":\"fr-FR\"},{\"@type\":\"Organization\",\"@id\":\"https:\/\/footdavant.fr\/actualites\/#organization\",\"name\":\"Foot d'avant\",\"url\":\"https:\/\/footdavant.fr\/actualites\/\",\"logo\":{\"@type\":\"ImageObject\",\"inLanguage\":\"fr-FR\",\"@id\":\"https:\/\/footdavant.fr\/actualites\/#\/schema\/logo\/image\/\",\"url\":\"https:\/\/footdavant.fr\/actualites\/wp-content\/uploads\/2023\/09\/Copy-of-FootDavant-Logo.png\",\"contentUrl\":\"https:\/\/footdavant.fr\/actualites\/wp-content\/uploads\/2023\/09\/Copy-of-FootDavant-Logo.png\",\"width\":936,\"height\":549,\"caption\":\"Foot d'avant\"},\"image\":{\"@id\":\"https:\/\/footdavant.fr\/actualites\/#\/schema\/logo\/image\/\"},\"sameAs\":[\"https:\/\/www.facebook.com\/Footdavant\/\",\"https:\/\/twitter.com\/FootdavantFr\",\"https:\/\/www.instagram.com\/footdavant.fr\/\"]},{\"@type\":\"Person\",\"@id\":\"https:\/\/footdavant.fr\/actualites\/#\/schema\/person\/bc222566d95871b37e597b3ed3ba5e1d\",\"name\":\"Cl\u00e9ment\",\"image\":{\"@type\":\"ImageObject\",\"inLanguage\":\"fr-FR\",\"@id\":\"https:\/\/footdavant.fr\/actualites\/#\/schema\/person\/image\/\",\"url\":\"https:\/\/secure.gravatar.com\/avatar\/7728b29aac2719421e1a9159b2254c44?s=96&d=mm&r=g\",\"contentUrl\":\"https:\/\/secure.gravatar.com\/avatar\/7728b29aac2719421e1a9159b2254c44?s=96&d=mm&r=g\",\"caption\":\"Cl\u00e9ment\"},\"sameAs\":[\"https:\/\/footdavant.fr\/\"]}]}<\/script>\n<!-- \/ Yoast SEO plugin. -->","yoast_head_json":{"title":"Real Madrid Transfer News: Los Blancos `` Speed \u200b\u200bUp Talks &#39;&#39; pour le d\u00e9but de la signature de Trent Alexander-Arnold","robots":{"index":"index","follow":"follow","max-snippet":"max-snippet:-1","max-image-preview":"max-image-preview:large","max-video-preview":"max-video-preview:-1"},"canonical":"https:\/\/footdavant.fr\/actualites\/real-madrid-transfer-news-los-blancos-speed-up-talks-pour-le-debut-de-la-signature-de-trent-alexander-arnold\/","og_locale":"fr_FR","og_type":"article","og_title":"Real Madrid Transfer News: Los Blancos `` Speed \u200b\u200bUp Talks &#39;&#39; pour le d\u00e9but de la signature de Trent Alexander-Arnold","og_description":"Le Real Madrid se produirait dans leurs tentatives de signer Trent Alexander-Arnold de Liverpool, qui pourrait jouer dans la Coupe du monde du club pour","og_url":"https:\/\/footdavant.fr\/actualites\/real-madrid-transfer-news-los-blancos-speed-up-talks-pour-le-debut-de-la-signature-de-trent-alexander-arnold\/","og_site_name":"Foot d&#039;avant","article_publisher":"https:\/\/www.facebook.com\/Footdavant\/","article_published_time":"2025-05-31T13:48:04+00:00","article_modified_time":"2025-05-31T13:48:05+00:00","og_image":[{"width":640,"height":480,"url":"https:\/\/footdavant.fr\/actualites\/wp-content\/uploads\/2025\/05\/Real-Madrid-Transfer-News-Los-Blancos-Speed-\u200b\u200bUp-Talks.jpg","type":"image\/jpeg"}],"author":"Cl\u00e9ment","twitter_card":"summary_large_image","twitter_creator":"@FootdavantFr","twitter_site":"@FootdavantFr","twitter_misc":{"\u00c9crit par":"Cl\u00e9ment","Dur\u00e9e de lecture estim\u00e9e":"2 minutes"},"schema":{"@context":"https:\/\/schema.org","@graph":[{"@type":"Article","@id":"https:\/\/footdavant.fr\/actualites\/real-madrid-transfer-news-los-blancos-speed-up-talks-pour-le-debut-de-la-signature-de-trent-alexander-arnold\/#article","isPartOf":{"@id":"https:\/\/footdavant.fr\/actualites\/real-madrid-transfer-news-los-blancos-speed-up-talks-pour-le-debut-de-la-signature-de-trent-alexander-arnold\/"},"author":{"name":"Cl\u00e9ment","@id":"https:\/\/footdavant.fr\/actualites\/#\/schema\/person\/bc222566d95871b37e597b3ed3ba5e1d"},"headline":"Real Madrid Transfer News: Los Blancos \u00ab\u00a0 Speed \u200b\u200bUp Talks &#39;&#39; pour le d\u00e9but de la signature de Trent Alexander-Arnold","datePublished":"2025-05-31T13:48:04+00:00","dateModified":"2025-05-31T13:48:05+00:00","mainEntityOfPage":{"@id":"https:\/\/footdavant.fr\/actualites\/real-madrid-transfer-news-los-blancos-speed-up-talks-pour-le-debut-de-la-signature-de-trent-alexander-arnold\/"},"wordCount":481,"publisher":{"@id":"https:\/\/footdavant.fr\/actualites\/#organization"},"keywords":["AlexanderArnold","Blancos","d\u00e9but","Los","Madrid","News","pour","Real","signature","Speed","Talks","Transfer","Trent"],"articleSection":["Premier League"],"inLanguage":"fr-FR"},{"@type":"WebPage","@id":"https:\/\/footdavant.fr\/actualites\/real-madrid-transfer-news-los-blancos-speed-up-talks-pour-le-debut-de-la-signature-de-trent-alexander-arnold\/","url":"https:\/\/footdavant.fr\/actualites\/real-madrid-transfer-news-los-blancos-speed-up-talks-pour-le-debut-de-la-signature-de-trent-alexander-arnold\/","name":"Real Madrid Transfer News: Los Blancos `` Speed \u200b\u200bUp Talks &#39;&#39; pour le d\u00e9but de la signature de Trent Alexander-Arnold","isPartOf":{"@id":"https:\/\/footdavant.fr\/actualites\/#website"},"datePublished":"2025-05-31T13:48:04+00:00","dateModified":"2025-05-31T13:48:05+00:00","breadcrumb":{"@id":"https:\/\/footdavant.fr\/actualites\/real-madrid-transfer-news-los-blancos-speed-up-talks-pour-le-debut-de-la-signature-de-trent-alexander-arnold\/#breadcrumb"},"inLanguage":"fr-FR","potentialAction":[{"@type":"ReadAction","target":["https:\/\/footdavant.fr\/actualites\/real-madrid-transfer-news-los-blancos-speed-up-talks-pour-le-debut-de-la-signature-de-trent-alexander-arnold\/"]}]},{"@type":"BreadcrumbList","@id":"https:\/\/footdavant.fr\/actualites\/real-madrid-transfer-news-los-blancos-speed-up-talks-pour-le-debut-de-la-signature-de-trent-alexander-arnold\/#breadcrumb","itemListElement":[{"@type":"ListItem","position":1,"name":"Accueil","item":"https:\/\/footdavant.fr\/actualites\/"},{"@type":"ListItem","position":2,"name":"Real Madrid Transfer News: Los Blancos \u00ab\u00a0 Speed \u200b\u200bUp Talks &#39;&#39; pour le d\u00e9but de la signature de Trent Alexander-Arnold"}]},{"@type":"WebSite","@id":"https:\/\/footdavant.fr\/actualites\/#website","url":"https:\/\/footdavant.fr\/actualites\/","name":"Foot d'avant","description":"","publisher":{"@id":"https:\/\/footdavant.fr\/actualites\/#organization"},"potentialAction":[{"@type":"SearchAction","target":{"@type":"EntryPoint","urlTemplate":"https:\/\/footdavant.fr\/actualites\/?s={search_term_string}"},"query-input":"required name=search_term_string"}],"inLanguage":"fr-FR"},{"@type":"Organization","@id":"https:\/\/footdavant.fr\/actualites\/#organization","name":"Foot d'avant","url":"https:\/\/footdavant.fr\/actualites\/","logo":{"@type":"ImageObject","inLanguage":"fr-FR","@id":"https:\/\/footdavant.fr\/actualites\/#\/schema\/logo\/image\/","url":"https:\/\/footdavant.fr\/actualites\/wp-content\/uploads\/2023\/09\/Copy-of-FootDavant-Logo.png","contentUrl":"https:\/\/footdavant.fr\/actualites\/wp-content\/uploads\/2023\/09\/Copy-of-FootDavant-Logo.png","width":936,"height":549,"caption":"Foot d'avant"},"image":{"@id":"https:\/\/footdavant.fr\/actualites\/#\/schema\/logo\/image\/"},"sameAs":["https:\/\/www.facebook.com\/Footdavant\/","https:\/\/twitter.com\/FootdavantFr","https:\/\/www.instagram.com\/footdavant.fr\/"]},{"@type":"Person","@id":"https:\/\/footdavant.fr\/actualites\/#\/schema\/person\/bc222566d95871b37e597b3ed3ba5e1d","name":"Cl\u00e9ment","image":{"@type":"ImageObject","inLanguage":"fr-FR","@id":"https:\/\/footdavant.fr\/actualites\/#\/schema\/person\/image\/","url":"https:\/\/secure.gravatar.com\/avatar\/7728b29aac2719421e1a9159b2254c44?s=96&d=mm&r=g","contentUrl":"https:\/\/secure.gravatar.com\/avatar\/7728b29aac2719421e1a9159b2254c44?s=96&d=mm&r=g","caption":"Cl\u00e9ment"},"sameAs":["https:\/\/footdavant.fr\/"]}]}},"_links":{"self":[{"href":"https:\/\/footdavant.fr\/actualites\/wp-json\/wp\/v2\/posts\/24543"}],"collection":[{"href":"https:\/\/footdavant.fr\/actualites\/wp-json\/wp\/v2\/posts"}],"about":[{"href":"https:\/\/footdavant.fr\/actualites\/wp-json\/wp\/v2\/types\/post"}],"author":[{"embeddable":true,"href":"https:\/\/footdavant.fr\/actualites\/wp-json\/wp\/v2\/users\/1"}],"replies":[{"embeddable":true,"href":"https:\/\/footdavant.fr\/actualites\/wp-json\/wp\/v2\/comments?post=24543"}],"version-history":[{"count":1,"href":"https:\/\/footdavant.fr\/actualites\/wp-json\/wp\/v2\/posts\/24543\/revisions"}],"predecessor-version":[{"id":24545,"href":"https:\/\/footdavant.fr\/actualites\/wp-json\/wp\/v2\/posts\/24543\/revisions\/24545"}],"wp:featuredmedia":[{"embeddable":true,"href":"https:\/\/footdavant.fr\/actualites\/wp-json\/wp\/v2\/media\/24544"}],"wp:attachment":[{"href":"https:\/\/footdavant.fr\/actualites\/wp-json\/wp\/v2\/media?parent=24543"}],"wp:term":[{"taxonomy":"category","embeddable":true,"href":"https:\/\/footdavant.fr\/actualites\/wp-json\/wp\/v2\/categories?post=24543"},{"taxonomy":"post_tag","embeddable":true,"href":"https:\/\/footdavant.fr\/actualites\/wp-json\/wp\/v2\/tags?post=24543"}],"curies":[{"name":"wp","href":"https:\/\/api.w.org\/{rel}","templated":true}]}}